{"id":12991,"date":"2021-09-20T08:26:09","date_gmt":"2021-09-20T15:26:09","guid":{"rendered":"https:\/\/fuentesfidedignas.com.mx\/?p=12991"},"modified":"2021-09-20T08:26:10","modified_gmt":"2021-09-20T15:26:10","slug":"eu-exigira-vacunacion-completa-contra-covid-a-extranjeros-que-ingresen-al-pais","status":"publish","type":"post","link":"https:\/\/fuentesfidedignas.com.mx\/index.php\/2021\/09\/20\/eu-exigira-vacunacion-completa-contra-covid-a-extranjeros-que-ingresen-al-pais\/","title":{"rendered":"EU exigir\u00e1 vacunaci\u00f3n completa contra covid a extranjeros que ingresen al pa\u00eds"},"content":{"rendered":"\n<p><br><strong><em>Este nuevo aspecto en la pol\u00edtica contra la pandemia se aplicar\u00e1 en noviembre; no est\u00e1 contemplada a\u00fan para viajes terrestres en frontera con M\u00e9xico y Canad\u00e1<\/em><\/strong><\/p>\n\n\n\n<p>Estados Unidos. Estados Unidos solicitar\u00e1 a todos los extranjeros que visiten el pa\u00eds tener una vacunaci\u00f3n completa contra el covid-19 a partir de noviembre y presentar una prueba negativa antes de abordar el avi\u00f3n, anunci\u00f3 la Casa Blanca.<\/p>\n\n\n\n<p>Si bien la medida del gobierno de Joe Biden supone una mayor restricci\u00f3n para algunos pa\u00edses, como M\u00e9xico, tambi\u00e9n revoca una prohibici\u00f3n general de viajes para ciudadanos no estadunidenses impuesta por la administraci\u00f3n de Donald Trump, la cual afectaba a viajeros de la Uni\u00f3n Europea, Reino Unido, China, Ir\u00e1n, Brasil e India.<\/p>\n\n\n\n<p>En noviembre, todos los extranjeros que viajen a Estados Unidos deber\u00e1n mostrar un comprobante de vacunaci\u00f3n antes de abordar un vuelo y una prueba negativa realizada dentro de los tres d\u00edas previos al mismo, detall\u00f3 el coordinador de covid-19 de la Casa Blanca, Jeff Zients.<\/p>\n\n\n\n<p>&#8220;Esto sigue la ciencia. Al exigir que los pasajeros est\u00e9n completamente vacunados, protegeremos a los estadunidenses aqu\u00ed en casa&#8221;, dijo.<\/p>\n\n\n\n<p>El gobierno de Biden tambi\u00e9n endurecer\u00e1 las reglas para los estadunidenses que no se han vacunado, ya que deber\u00e1n examinarse un d\u00eda antes de salir de Estados Unidos, y lo mismo al regresar.<\/p>\n\n\n\n<p>No se requerir\u00e1 que los pasajeros completamente vacunados se pongan en cuarentena, dijo Zeints.<\/p>\n\n\n\n<p>Seg\u00fan revela la cadena CBS News, los nuevos requisitos no afectan los viajes por tierra desde Canad\u00e1 y M\u00e9xico, que a\u00fan est\u00e1n restringidos.<\/p>\n\n\n\n<p>&#8220;No tenemos ninguna actualizaci\u00f3n de las pol\u00edticas de fronteras terrestres en este momento&#8221;, dijo Zients.<br>El anuncio surge justo cuando se espera que Biden llegue a Nueva York para estar hoy en la Asamblea General de las Naciones Unidas, donde se prev\u00e9 que realice un discurso en la reuni\u00f3n internacional, el cual podr\u00eda destacar aspectos contra la pandemia del coronavirus.<\/p>\n","protected":false},"excerpt":{"rendered":"<p>Este nuevo aspecto en la pol\u00edtica contra la pandemia se aplicar\u00e1 en noviembre; no est\u00e1 contemplada a\u00fan para viajes terrestres en frontera con M\u00e9xico y Canad\u00e1 Estados Unidos. Estados Unidos solicitar\u00e1 a todos los extranjeros que visiten el pa\u00eds tener una vacunaci\u00f3n completa contra el covid-19 a partir de noviembre y presentar una prueba negativa [&hellip;]<\/p>\n","protected":false},"author":9,"featured_media":12992,"comment_status":"open","ping_status":"open","sticky":false,"template":"","format":"standard","meta":{"tdm_status":"","tdm_grid_status":"","footnotes":""},"categories":[39],"tags":[],"class_list":{"0":"post-12991","1":"post","2":"type-post","3":"status-publish","4":"format-standard","5":"has-post-thumbnail","7":"category-noticias-nacionales"},"yoast_head":"<!-- This site is optimized with the Yoast SEO plugin v27.5 - https:\/\/yoast.com\/product\/yoast-seo-wordpress\/ -->\n<title>EU exigir\u00e1 vacunaci\u00f3n completa contra covid a extranjeros que ingresen al pa\u00eds - Fuentes Fidedignas<\/title>\n<meta name=\"robots\" content=\"index, follow, max-snippet:-1, max-image-preview:large, max-video-preview:-1\" \/>\n<link rel=\"canonical\" href=\"https:\/\/fuentesfidedignas.com.mx\/index.php\/2021\/09\/20\/eu-exigira-vacunacion-completa-contra-covid-a-extranjeros-que-ingresen-al-pais\/\" \/>\n<meta property=\"og:locale\" content=\"es_MX\" \/>\n<meta property=\"og:type\" content=\"article\" \/>\n<meta property=\"og:title\" content=\"EU exigir\u00e1 vacunaci\u00f3n completa contra covid a extranjeros que ingresen al pa\u00eds - Fuentes Fidedignas\" \/>\n<meta property=\"og:description\" content=\"Este nuevo aspecto en la pol\u00edtica contra la pandemia se aplicar\u00e1 en noviembre; no est\u00e1 contemplada a\u00fan para viajes terrestres en frontera con M\u00e9xico y Canad\u00e1 Estados Unidos. Estados Unidos solicitar\u00e1 a todos los extranjeros que visiten el pa\u00eds tener una vacunaci\u00f3n completa contra el covid-19 a partir de noviembre y presentar una prueba negativa [&hellip;]\" \/>\n<meta property=\"og:url\" content=\"https:\/\/fuentesfidedignas.com.mx\/index.php\/2021\/09\/20\/eu-exigira-vacunacion-completa-contra-covid-a-extranjeros-que-ingresen-al-pais\/\" \/>\n<meta property=\"og:site_name\" content=\"Fuentes Fidedignas\" \/>\n<meta property=\"article:publisher\" content=\"https:\/\/www.facebook.com\/Fuentes-Fidedignas-368234489921644\" \/>\n<meta property=\"article:published_time\" content=\"2021-09-20T15:26:09+00:00\" \/>\n<meta property=\"article:modified_time\" content=\"2021-09-20T15:26:10+00:00\" \/>\n<meta property=\"og:image\" content=\"https:\/\/fuentesfidedignas.com.mx\/wp-content\/uploads\/2021\/09\/images-62.jpeg\" \/>\n\t<meta property=\"og:image:width\" content=\"734\" \/>\n\t<meta property=\"og:image:height\" content=\"418\" \/>\n\t<meta property=\"og:image:type\" content=\"image\/jpeg\" \/>\n<meta name=\"author\" content=\"Milenio\" \/>\n<meta name=\"twitter:card\" content=\"summary_large_image\" \/>\n<meta name=\"twitter:creator\" content=\"@fidedignas\" \/>\n<meta name=\"twitter:site\" content=\"@fidedignas\" \/>\n<meta name=\"twitter:label1\" content=\"Escrito por\" \/>\n\t<meta name=\"twitter:data1\" content=\"Milenio\" \/>\n\t<meta name=\"twitter:label2\" content=\"Tiempo de lectura\" \/>\n\t<meta name=\"twitter:data2\" content=\"2 minutos\" \/>\n<script type=\"application\/ld+json\" class=\"yoast-schema-graph\">{\"@context\":\"https:\\\/\\\/schema.org\",\"@graph\":[{\"@type\":\"Article\",\"@id\":\"https:\\\/\\\/fuentesfidedignas.com.mx\\\/index.php\\\/2021\\\/09\\\/20\\\/eu-exigira-vacunacion-completa-contra-covid-a-extranjeros-que-ingresen-al-pais\\\/#article\",\"isPartOf\":{\"@id\":\"https:\\\/\\\/fuentesfidedignas.com.mx\\\/index.php\\\/2021\\\/09\\\/20\\\/eu-exigira-vacunacion-completa-contra-covid-a-extranjeros-que-ingresen-al-pais\\\/\"},\"author\":{\"name\":\"Milenio\",\"@id\":\"https:\\\/\\\/fuentesfidedignas.com.mx\\\/#\\\/schema\\\/person\\\/47ec0135738f4b0c7495f06a77a2c976\"},\"headline\":\"EU exigir\u00e1 vacunaci\u00f3n completa contra covid a extranjeros que ingresen al pa\u00eds\",\"datePublished\":\"2021-09-20T15:26:09+00:00\",\"dateModified\":\"2021-09-20T15:26:10+00:00\",\"mainEntityOfPage\":{\"@id\":\"https:\\\/\\\/fuentesfidedignas.com.mx\\\/index.php\\\/2021\\\/09\\\/20\\\/eu-exigira-vacunacion-completa-contra-covid-a-extranjeros-que-ingresen-al-pais\\\/\"},\"wordCount\":354,\"commentCount\":0,\"publisher\":{\"@id\":\"https:\\\/\\\/fuentesfidedignas.com.mx\\\/#organization\"},\"image\":{\"@id\":\"https:\\\/\\\/fuentesfidedignas.com.mx\\\/index.php\\\/2021\\\/09\\\/20\\\/eu-exigira-vacunacion-completa-contra-covid-a-extranjeros-que-ingresen-al-pais\\\/#primaryimage\"},\"thumbnailUrl\":\"https:\\\/\\\/fuentesfidedignas.com.mx\\\/wp-content\\\/uploads\\\/2021\\\/09\\\/images-62.jpeg\",\"articleSection\":[\"NOTICIAS NACIONALES\"],\"inLanguage\":\"es\",\"potentialAction\":[{\"@type\":\"CommentAction\",\"name\":\"Comment\",\"target\":[\"https:\\\/\\\/fuentesfidedignas.com.mx\\\/index.php\\\/2021\\\/09\\\/20\\\/eu-exigira-vacunacion-completa-contra-covid-a-extranjeros-que-ingresen-al-pais\\\/#respond\"]}]},{\"@type\":\"WebPage\",\"@id\":\"https:\\\/\\\/fuentesfidedignas.com.mx\\\/index.php\\\/2021\\\/09\\\/20\\\/eu-exigira-vacunacion-completa-contra-covid-a-extranjeros-que-ingresen-al-pais\\\/\",\"url\":\"https:\\\/\\\/fuentesfidedignas.com.mx\\\/index.php\\\/2021\\\/09\\\/20\\\/eu-exigira-vacunacion-completa-contra-covid-a-extranjeros-que-ingresen-al-pais\\\/\",\"name\":\"EU exigir\u00e1 vacunaci\u00f3n completa contra covid a extranjeros que ingresen al pa\u00eds - Fuentes Fidedignas\",\"isPartOf\":{\"@id\":\"https:\\\/\\\/fuentesfidedignas.com.mx\\\/#website\"},\"primaryImageOfPage\":{\"@id\":\"https:\\\/\\\/fuentesfidedignas.com.mx\\\/index.php\\\/2021\\\/09\\\/20\\\/eu-exigira-vacunacion-completa-contra-covid-a-extranjeros-que-ingresen-al-pais\\\/#primaryimage\"},\"image\":{\"@id\":\"https:\\\/\\\/fuentesfidedignas.com.mx\\\/index.php\\\/2021\\\/09\\\/20\\\/eu-exigira-vacunacion-completa-contra-covid-a-extranjeros-que-ingresen-al-pais\\\/#primaryimage\"},\"thumbnailUrl\":\"https:\\\/\\\/fuentesfidedignas.com.mx\\\/wp-content\\\/uploads\\\/2021\\\/09\\\/images-62.jpeg\",\"datePublished\":\"2021-09-20T15:26:09+00:00\",\"dateModified\":\"2021-09-20T15:26:10+00:00\",\"breadcrumb\":{\"@id\":\"https:\\\/\\\/fuentesfidedignas.com.mx\\\/index.php\\\/2021\\\/09\\\/20\\\/eu-exigira-vacunacion-completa-contra-covid-a-extranjeros-que-ingresen-al-pais\\\/#breadcrumb\"},\"inLanguage\":\"es\",\"potentialAction\":[{\"@type\":\"ReadAction\",\"target\":[\"https:\\\/\\\/fuentesfidedignas.com.mx\\\/index.php\\\/2021\\\/09\\\/20\\\/eu-exigira-vacunacion-completa-contra-covid-a-extranjeros-que-ingresen-al-pais\\\/\"]}]},{\"@type\":\"ImageObject\",\"inLanguage\":\"es\",\"@id\":\"https:\\\/\\\/fuentesfidedignas.com.mx\\\/index.php\\\/2021\\\/09\\\/20\\\/eu-exigira-vacunacion-completa-contra-covid-a-extranjeros-que-ingresen-al-pais\\\/#primaryimage\",\"url\":\"https:\\\/\\\/fuentesfidedignas.com.mx\\\/wp-content\\\/uploads\\\/2021\\\/09\\\/images-62.jpeg\",\"contentUrl\":\"https:\\\/\\\/fuentesfidedignas.com.mx\\\/wp-content\\\/uploads\\\/2021\\\/09\\\/images-62.jpeg\",\"width\":734,\"height\":418},{\"@type\":\"BreadcrumbList\",\"@id\":\"https:\\\/\\\/fuentesfidedignas.com.mx\\\/index.php\\\/2021\\\/09\\\/20\\\/eu-exigira-vacunacion-completa-contra-covid-a-extranjeros-que-ingresen-al-pais\\\/#breadcrumb\",\"itemListElement\":[{\"@type\":\"ListItem\",\"position\":1,\"name\":\"Inicio\",\"item\":\"https:\\\/\\\/fuentesfidedignas.com.mx\\\/\"},{\"@type\":\"ListItem\",\"position\":2,\"name\":\"EU exigir\u00e1 vacunaci\u00f3n completa contra covid a extranjeros que ingresen al pa\u00eds\"}]},{\"@type\":\"WebSite\",\"@id\":\"https:\\\/\\\/fuentesfidedignas.com.mx\\\/#website\",\"url\":\"https:\\\/\\\/fuentesfidedignas.com.mx\\\/\",\"name\":\"Fuentes Fidedignas\",\"description\":\"Otro sitio realizado con WordPress\",\"publisher\":{\"@id\":\"https:\\\/\\\/fuentesfidedignas.com.mx\\\/#organization\"},\"potentialAction\":[{\"@type\":\"SearchAction\",\"target\":{\"@type\":\"EntryPoint\",\"urlTemplate\":\"https:\\\/\\\/fuentesfidedignas.com.mx\\\/?s={search_term_string}\"},\"query-input\":{\"@type\":\"PropertyValueSpecification\",\"valueRequired\":true,\"valueName\":\"search_term_string\"}}],\"inLanguage\":\"es\"},{\"@type\":\"Organization\",\"@id\":\"https:\\\/\\\/fuentesfidedignas.com.mx\\\/#organization\",\"name\":\"Fuentes Fidedignas\",\"url\":\"https:\\\/\\\/fuentesfidedignas.com.mx\\\/\",\"logo\":{\"@type\":\"ImageObject\",\"inLanguage\":\"es\",\"@id\":\"https:\\\/\\\/fuentesfidedignas.com.mx\\\/#\\\/schema\\\/logo\\\/image\\\/\",\"url\":\"https:\\\/\\\/fuentesfidedignas.com.mx\\\/wp-content\\\/uploads\\\/2021\\\/04\\\/logo-retina.png\",\"contentUrl\":\"https:\\\/\\\/fuentesfidedignas.com.mx\\\/wp-content\\\/uploads\\\/2021\\\/04\\\/logo-retina.png\",\"width\":280,\"height\":51,\"caption\":\"Fuentes Fidedignas\"},\"image\":{\"@id\":\"https:\\\/\\\/fuentesfidedignas.com.mx\\\/#\\\/schema\\\/logo\\\/image\\\/\"},\"sameAs\":[\"https:\\\/\\\/www.facebook.com\\\/Fuentes-Fidedignas-368234489921644\",\"https:\\\/\\\/x.com\\\/fidedignas\"]},{\"@type\":\"Person\",\"@id\":\"https:\\\/\\\/fuentesfidedignas.com.mx\\\/#\\\/schema\\\/person\\\/47ec0135738f4b0c7495f06a77a2c976\",\"name\":\"Milenio\",\"image\":{\"@type\":\"ImageObject\",\"inLanguage\":\"es\",\"@id\":\"https:\\\/\\\/secure.gravatar.com\\\/avatar\\\/acabf7b54753e51c2c76457954577c236b3b764789b19879565769739d1e4a75?s=96&d=mm&r=g\",\"url\":\"https:\\\/\\\/secure.gravatar.com\\\/avatar\\\/acabf7b54753e51c2c76457954577c236b3b764789b19879565769739d1e4a75?s=96&d=mm&r=g\",\"contentUrl\":\"https:\\\/\\\/secure.gravatar.com\\\/avatar\\\/acabf7b54753e51c2c76457954577c236b3b764789b19879565769739d1e4a75?s=96&d=mm&r=g\",\"caption\":\"Milenio\"},\"url\":\"https:\\\/\\\/fuentesfidedignas.com.mx\\\/index.php\\\/author\\\/milenio\\\/\"}]}<\/script>\n<!-- \/ Yoast SEO plugin. -->","yoast_head_json":{"title":"EU exigir\u00e1 vacunaci\u00f3n completa contra covid a extranjeros que ingresen al pa\u00eds - Fuentes Fidedignas","robots":{"index":"index","follow":"follow","max-snippet":"max-snippet:-1","max-image-preview":"max-image-preview:large","max-video-preview":"max-video-preview:-1"},"canonical":"https:\/\/fuentesfidedignas.com.mx\/index.php\/2021\/09\/20\/eu-exigira-vacunacion-completa-contra-covid-a-extranjeros-que-ingresen-al-pais\/","og_locale":"es_MX","og_type":"article","og_title":"EU exigir\u00e1 vacunaci\u00f3n completa contra covid a extranjeros que ingresen al pa\u00eds - Fuentes Fidedignas","og_description":"Este nuevo aspecto en la pol\u00edtica contra la pandemia se aplicar\u00e1 en noviembre; no est\u00e1 contemplada a\u00fan para viajes terrestres en frontera con M\u00e9xico y Canad\u00e1 Estados Unidos. Estados Unidos solicitar\u00e1 a todos los extranjeros que visiten el pa\u00eds tener una vacunaci\u00f3n completa contra el covid-19 a partir de noviembre y presentar una prueba negativa [&hellip;]","og_url":"https:\/\/fuentesfidedignas.com.mx\/index.php\/2021\/09\/20\/eu-exigira-vacunacion-completa-contra-covid-a-extranjeros-que-ingresen-al-pais\/","og_site_name":"Fuentes Fidedignas","article_publisher":"https:\/\/www.facebook.com\/Fuentes-Fidedignas-368234489921644","article_published_time":"2021-09-20T15:26:09+00:00","article_modified_time":"2021-09-20T15:26:10+00:00","og_image":[{"width":734,"height":418,"url":"https:\/\/fuentesfidedignas.com.mx\/wp-content\/uploads\/2021\/09\/images-62.jpeg","type":"image\/jpeg"}],"author":"Milenio","twitter_card":"summary_large_image","twitter_creator":"@fidedignas","twitter_site":"@fidedignas","twitter_misc":{"Escrito por":"Milenio","Tiempo de lectura":"2 minutos"},"schema":{"@context":"https:\/\/schema.org","@graph":[{"@type":"Article","@id":"https:\/\/fuentesfidedignas.com.mx\/index.php\/2021\/09\/20\/eu-exigira-vacunacion-completa-contra-covid-a-extranjeros-que-ingresen-al-pais\/#article","isPartOf":{"@id":"https:\/\/fuentesfidedignas.com.mx\/index.php\/2021\/09\/20\/eu-exigira-vacunacion-completa-contra-covid-a-extranjeros-que-ingresen-al-pais\/"},"author":{"name":"Milenio","@id":"https:\/\/fuentesfidedignas.com.mx\/#\/schema\/person\/47ec0135738f4b0c7495f06a77a2c976"},"headline":"EU exigir\u00e1 vacunaci\u00f3n completa contra covid a extranjeros que ingresen al pa\u00eds","datePublished":"2021-09-20T15:26:09+00:00","dateModified":"2021-09-20T15:26:10+00:00","mainEntityOfPage":{"@id":"https:\/\/fuentesfidedignas.com.mx\/index.php\/2021\/09\/20\/eu-exigira-vacunacion-completa-contra-covid-a-extranjeros-que-ingresen-al-pais\/"},"wordCount":354,"commentCount":0,"publisher":{"@id":"https:\/\/fuentesfidedignas.com.mx\/#organization"},"image":{"@id":"https:\/\/fuentesfidedignas.com.mx\/index.php\/2021\/09\/20\/eu-exigira-vacunacion-completa-contra-covid-a-extranjeros-que-ingresen-al-pais\/#primaryimage"},"thumbnailUrl":"https:\/\/fuentesfidedignas.com.mx\/wp-content\/uploads\/2021\/09\/images-62.jpeg","articleSection":["NOTICIAS NACIONALES"],"inLanguage":"es","potentialAction":[{"@type":"CommentAction","name":"Comment","target":["https:\/\/fuentesfidedignas.com.mx\/index.php\/2021\/09\/20\/eu-exigira-vacunacion-completa-contra-covid-a-extranjeros-que-ingresen-al-pais\/#respond"]}]},{"@type":"WebPage","@id":"https:\/\/fuentesfidedignas.com.mx\/index.php\/2021\/09\/20\/eu-exigira-vacunacion-completa-contra-covid-a-extranjeros-que-ingresen-al-pais\/","url":"https:\/\/fuentesfidedignas.com.mx\/index.php\/2021\/09\/20\/eu-exigira-vacunacion-completa-contra-covid-a-extranjeros-que-ingresen-al-pais\/","name":"EU exigir\u00e1 vacunaci\u00f3n completa contra covid a extranjeros que ingresen al pa\u00eds - Fuentes Fidedignas","isPartOf":{"@id":"https:\/\/fuentesfidedignas.com.mx\/#website"},"primaryImageOfPage":{"@id":"https:\/\/fuentesfidedignas.com.mx\/index.php\/2021\/09\/20\/eu-exigira-vacunacion-completa-contra-covid-a-extranjeros-que-ingresen-al-pais\/#primaryimage"},"image":{"@id":"https:\/\/fuentesfidedignas.com.mx\/index.php\/2021\/09\/20\/eu-exigira-vacunacion-completa-contra-covid-a-extranjeros-que-ingresen-al-pais\/#primaryimage"},"thumbnailUrl":"https:\/\/fuentesfidedignas.com.mx\/wp-content\/uploads\/2021\/09\/images-62.jpeg","datePublished":"2021-09-20T15:26:09+00:00","dateModified":"2021-09-20T15:26:10+00:00","breadcrumb":{"@id":"https:\/\/fuentesfidedignas.com.mx\/index.php\/2021\/09\/20\/eu-exigira-vacunacion-completa-contra-covid-a-extranjeros-que-ingresen-al-pais\/#breadcrumb"},"inLanguage":"es","potentialAction":[{"@type":"ReadAction","target":["https:\/\/fuentesfidedignas.com.mx\/index.php\/2021\/09\/20\/eu-exigira-vacunacion-completa-contra-covid-a-extranjeros-que-ingresen-al-pais\/"]}]},{"@type":"ImageObject","inLanguage":"es","@id":"https:\/\/fuentesfidedignas.com.mx\/index.php\/2021\/09\/20\/eu-exigira-vacunacion-completa-contra-covid-a-extranjeros-que-ingresen-al-pais\/#primaryimage","url":"https:\/\/fuentesfidedignas.com.mx\/wp-content\/uploads\/2021\/09\/images-62.jpeg","contentUrl":"https:\/\/fuentesfidedignas.com.mx\/wp-content\/uploads\/2021\/09\/images-62.jpeg","width":734,"height":418},{"@type":"BreadcrumbList","@id":"https:\/\/fuentesfidedignas.com.mx\/index.php\/2021\/09\/20\/eu-exigira-vacunacion-completa-contra-covid-a-extranjeros-que-ingresen-al-pais\/#breadcrumb","itemListElement":[{"@type":"ListItem","position":1,"name":"Inicio","item":"https:\/\/fuentesfidedignas.com.mx\/"},{"@type":"ListItem","position":2,"name":"EU exigir\u00e1 vacunaci\u00f3n completa contra covid a extranjeros que ingresen al pa\u00eds"}]},{"@type":"WebSite","@id":"https:\/\/fuentesfidedignas.com.mx\/#website","url":"https:\/\/fuentesfidedignas.com.mx\/","name":"Fuentes Fidedignas","description":"Otro sitio realizado con WordPress","publisher":{"@id":"https:\/\/fuentesfidedignas.com.mx\/#organization"},"potentialAction":[{"@type":"SearchAction","target":{"@type":"EntryPoint","urlTemplate":"https:\/\/fuentesfidedignas.com.mx\/?s={search_term_string}"},"query-input":{"@type":"PropertyValueSpecification","valueRequired":true,"valueName":"search_term_string"}}],"inLanguage":"es"},{"@type":"Organization","@id":"https:\/\/fuentesfidedignas.com.mx\/#organization","name":"Fuentes Fidedignas","url":"https:\/\/fuentesfidedignas.com.mx\/","logo":{"@type":"ImageObject","inLanguage":"es","@id":"https:\/\/fuentesfidedignas.com.mx\/#\/schema\/logo\/image\/","url":"https:\/\/fuentesfidedignas.com.mx\/wp-content\/uploads\/2021\/04\/logo-retina.png","contentUrl":"https:\/\/fuentesfidedignas.com.mx\/wp-content\/uploads\/2021\/04\/logo-retina.png","width":280,"height":51,"caption":"Fuentes Fidedignas"},"image":{"@id":"https:\/\/fuentesfidedignas.com.mx\/#\/schema\/logo\/image\/"},"sameAs":["https:\/\/www.facebook.com\/Fuentes-Fidedignas-368234489921644","https:\/\/x.com\/fidedignas"]},{"@type":"Person","@id":"https:\/\/fuentesfidedignas.com.mx\/#\/schema\/person\/47ec0135738f4b0c7495f06a77a2c976","name":"Milenio","image":{"@type":"ImageObject","inLanguage":"es","@id":"https:\/\/secure.gravatar.com\/avatar\/acabf7b54753e51c2c76457954577c236b3b764789b19879565769739d1e4a75?s=96&d=mm&r=g","url":"https:\/\/secure.gravatar.com\/avatar\/acabf7b54753e51c2c76457954577c236b3b764789b19879565769739d1e4a75?s=96&d=mm&r=g","contentUrl":"https:\/\/secure.gravatar.com\/avatar\/acabf7b54753e51c2c76457954577c236b3b764789b19879565769739d1e4a75?s=96&d=mm&r=g","caption":"Milenio"},"url":"https:\/\/fuentesfidedignas.com.mx\/index.php\/author\/milenio\/"}]}},"_links":{"self":[{"href":"https:\/\/fuentesfidedignas.com.mx\/index.php\/wp-json\/wp\/v2\/posts\/12991","targetHints":{"allow":["GET"]}}],"collection":[{"href":"https:\/\/fuentesfidedignas.com.mx\/index.php\/wp-json\/wp\/v2\/posts"}],"about":[{"href":"https:\/\/fuentesfidedignas.com.mx\/index.php\/wp-json\/wp\/v2\/types\/post"}],"author":[{"embeddable":true,"href":"https:\/\/fuentesfidedignas.com.mx\/index.php\/wp-json\/wp\/v2\/users\/9"}],"replies":[{"embeddable":true,"href":"https:\/\/fuentesfidedignas.com.mx\/index.php\/wp-json\/wp\/v2\/comments?post=12991"}],"version-history":[{"count":1,"href":"https:\/\/fuentesfidedignas.com.mx\/index.php\/wp-json\/wp\/v2\/posts\/12991\/revisions"}],"predecessor-version":[{"id":12993,"href":"https:\/\/fuentesfidedignas.com.mx\/index.php\/wp-json\/wp\/v2\/posts\/12991\/revisions\/12993"}],"wp:featuredmedia":[{"embeddable":true,"href":"https:\/\/fuentesfidedignas.com.mx\/index.php\/wp-json\/wp\/v2\/media\/12992"}],"wp:attachment":[{"href":"https:\/\/fuentesfidedignas.com.mx\/index.php\/wp-json\/wp\/v2\/media?parent=12991"}],"wp:term":[{"taxonomy":"category","embeddable":true,"href":"https:\/\/fuentesfidedignas.com.mx\/index.php\/wp-json\/wp\/v2\/categories?post=12991"},{"taxonomy":"post_tag","embeddable":true,"href":"https:\/\/fuentesfidedignas.com.mx\/index.php\/wp-json\/wp\/v2\/tags?post=12991"}],"curies":[{"name":"wp","href":"https:\/\/api.w.org\/{rel}","templated":true}]}}