{"id":12967,"date":"2021-09-20T05:55:00","date_gmt":"2021-09-20T12:55:00","guid":{"rendered":"https:\/\/fuentesfidedignas.com.mx\/?p=12967"},"modified":"2021-09-20T05:56:06","modified_gmt":"2021-09-20T12:56:06","slug":"recrea-inna-alvarez-el-paso-de-lo-analogo-a-lo-digital-en-la-fotografia-y-en-la-vida","status":"publish","type":"post","link":"https:\/\/fuentesfidedignas.com.mx\/index.php\/2021\/09\/20\/recrea-inna-alvarez-el-paso-de-lo-analogo-a-lo-digital-en-la-fotografia-y-en-la-vida\/","title":{"rendered":"Recrea Inna \u00c1lvarez el paso de lo an\u00e1logo a lo digital en la fotograf\u00eda y en la vida"},"content":{"rendered":"\n<p><strong><em>Con esta exposici\u00f3n, inician los festejos por el 30\u00ba Aniversario del MASIN y a la vez<\/em><\/strong> <strong><em>forman parte del 490\u00ba de la Fundaci\u00f3n de Culiac\u00e1n<\/em><\/strong><\/p>\n\n\n\n<p>Culiac\u00e1n, Sin.- \u201cDe la exposici\u00f3n \u2018Lo antiguo, lo nuevo, lo an\u00e1logo, lo digital\u2019, solo espero que les guste y les deje algo, sobre todo el amor a la fotograf\u00eda, que es la m\u00e1s joven de las artes, y ojal\u00e1 a ustedes les despierte el gusanito por hacer fotograf\u00eda y de conocer a la gente que la hace\u201d, expres\u00f3 Inna Teresa \u00c1lvarez, al abrir dicho evento en la Sala de Arte Emergente del Museo de Arte de Sinaloa.<\/p>\n\n\n\n<p>La serie ha comenzado a exhibirse en el marco de los festejos por el XXX Aniversario del MASIN y como parte del 490\u00ba Aniversario de la fundaci\u00f3n de Culiac\u00e1n, y con ella la artista celebra 25 a\u00f1os de trayectoria, que inici\u00f3 en 1992, y es organizada por el Instituto Sinaloense de Cultura, a trav\u00e9s del MASIN, en coordinaci\u00f3n con el Instituto Municipal de Cultura de Culiac\u00e1n.<\/p>\n\n\n\n<p>La serie fue inaugurada con la presencia de Papik Ram\u00edrez Bernal, Director General del ISIC, Alejandra Larrondo, Directora del MASIN, y Margarita V\u00e9lez, en representaci\u00f3n de la Sociedad de Amigos del Museo.<\/p>\n\n\n\n<p>Tras el acto formal de apertura, la autora hizo un recorrido por las series que integran la expo, entre ellas \u201cEl se\u00f1or tiempo\u201d, con trabajos en los que conjuga el antes con el ahora, lo an\u00e1logo con lo digital, a 25 a\u00f1os de distancia, recreando con t\u00e9cnicas digitales fotos de hace un cuarto de siglo, con los mismos elementos y en los mismos lugares, pero a veces sin los personajes, que ya no est\u00e1n.<\/p>\n\n\n\n<p>O de ni\u00f1as que ahora se han convertido en mujeres; otras en las que las personas sostienen fotos donde muestran c\u00f3mo eran antes cuando ni\u00f1os, en una muestra c\u00f3mo pasa el tiempo y nos damos cuenta que el mundo se nos va de las manos y es cuesti\u00f3n de sentirlo y de vivir ciertas experiencias.<\/p>\n\n\n\n<p>\u201cEs una serie m\u00e1s reciente, se muestra un ejercicio de aceptaci\u00f3n que tiene que ver con algo muy personal para m\u00ed fue muy dif\u00edcil aceptarme c\u00f3mo era y por eso hice estas tomas de registro, y me dije \u2018necesito hacer algo que me sirva de puente y me permita ver mi cuerpo de otra manera\u2019\u201d, relat\u00f3 la expositora.<\/p>\n\n\n\n<p>En otro punto del recorrido por la exposici\u00f3n, Inna \u00c1lvarez coment\u00f3 que \u201cla serie \u2018Cr\u00f3nica de una amenaza cumplida\u2019, tiene que ver con un conjunto de correos que me llegaron en 2017, de alguien que se meti\u00f3 a mi cuenta personal y obtuvo mi informaci\u00f3n para luego sacarla contexto y despu\u00e9s amenazarme con publicar, en un caso en que hasta intervino la polic\u00eda cibern\u00e9tica\u201d, dijo.<\/p>\n\n\n\n<p>Ya hacia el final del desplazamiento por la sala, platic\u00f3 es un muro con un collage de fotos an\u00e1logas titulado \u201cLo an\u00e1logo, an\u00e1logo\u201d, con parte de mi archivo personal desde que empec\u00e9 a tomar fotograf\u00eda en 1992, desde poner el rollo en la c\u00e1mara, tomar las fotos, revelar los negativos en un cuartoscuro, y que quise mostrar as\u00ed, en diferentes situaciones, con personajes de la cultura, con artistas, con familia y con trabajos de fotoperiodismo.<\/p>\n\n\n\n<p>Inna Teresa \u00c1lvarez Ot\u00e1\u00f1ez es egresada del Taller de Fotograf\u00eda de la Escuela de Artes Pl\u00e1sticas, y de las licenciaturas de Trabajo Social y Periodismo, todas en la Universidad Aut\u00f3noma de Sinaloa.<\/p>\n\n\n\n<p>Ha colaborado en suplementos, peri\u00f3dicos y revistas como Noroeste, Blanco M\u00f3vil, Voces Interiores y Opus 123. Particip\u00f3 como fot\u00f3grafa en cat\u00e1logos de exposiciones en el Museo de Arte de Sinaloa. Ha expuesto en forma individual en la Galer\u00eda de Arte Moderno y la Galer\u00eda del Corredor, del Instituto Sinaloense de Cultura; en el Museo de Arte de Sinaloa y en el Tecnol\u00f3gico de Monterrey.<\/p>\n","protected":false},"excerpt":{"rendered":"<p>Con esta exposici\u00f3n, inician los festejos por el 30\u00ba Aniversario del MASIN y a la vez forman parte del 490\u00ba de la Fundaci\u00f3n de Culiac\u00e1n Culiac\u00e1n, Sin.- \u201cDe la exposici\u00f3n \u2018Lo antiguo, lo nuevo, lo an\u00e1logo, lo digital\u2019, solo espero que les guste y les deje algo, sobre todo el amor a la fotograf\u00eda, que [&hellip;]<\/p>\n","protected":false},"author":4,"featured_media":12968,"comment_status":"open","ping_status":"open","sticky":false,"template":"","format":"standard","meta":{"tdm_status":"","tdm_grid_status":"","footnotes":""},"categories":[31],"tags":[],"class_list":{"0":"post-12967","1":"post","2":"type-post","3":"status-publish","4":"format-standard","5":"has-post-thumbnail","7":"category-sinaloa-positivo"},"yoast_head":"<!-- This site is optimized with the Yoast SEO plugin v27.5 - https:\/\/yoast.com\/product\/yoast-seo-wordpress\/ -->\n<title>Recrea Inna \u00c1lvarez el paso de lo an\u00e1logo a lo digital en la fotograf\u00eda y en la vida - Fuentes Fidedignas<\/title>\n<meta name=\"robots\" content=\"index, follow, max-snippet:-1, max-image-preview:large, max-video-preview:-1\" \/>\n<link rel=\"canonical\" href=\"https:\/\/fuentesfidedignas.com.mx\/index.php\/2021\/09\/20\/recrea-inna-alvarez-el-paso-de-lo-analogo-a-lo-digital-en-la-fotografia-y-en-la-vida\/\" \/>\n<meta property=\"og:locale\" content=\"es_MX\" \/>\n<meta property=\"og:type\" content=\"article\" \/>\n<meta property=\"og:title\" content=\"Recrea Inna \u00c1lvarez el paso de lo an\u00e1logo a lo digital en la fotograf\u00eda y en la vida - Fuentes Fidedignas\" \/>\n<meta property=\"og:description\" content=\"Con esta exposici\u00f3n, inician los festejos por el 30\u00ba Aniversario del MASIN y a la vez forman parte del 490\u00ba de la Fundaci\u00f3n de Culiac\u00e1n Culiac\u00e1n, Sin.- \u201cDe la exposici\u00f3n \u2018Lo antiguo, lo nuevo, lo an\u00e1logo, lo digital\u2019, solo espero que les guste y les deje algo, sobre todo el amor a la fotograf\u00eda, que [&hellip;]\" \/>\n<meta property=\"og:url\" content=\"https:\/\/fuentesfidedignas.com.mx\/index.php\/2021\/09\/20\/recrea-inna-alvarez-el-paso-de-lo-analogo-a-lo-digital-en-la-fotografia-y-en-la-vida\/\" \/>\n<meta property=\"og:site_name\" content=\"Fuentes Fidedignas\" \/>\n<meta property=\"article:publisher\" content=\"https:\/\/www.facebook.com\/Fuentes-Fidedignas-368234489921644\" \/>\n<meta property=\"article:published_time\" content=\"2021-09-20T12:55:00+00:00\" \/>\n<meta property=\"article:modified_time\" content=\"2021-09-20T12:56:06+00:00\" \/>\n<meta property=\"og:image\" content=\"https:\/\/fuentesfidedignas.com.mx\/wp-content\/uploads\/2021\/09\/Exposicion-Lo-antiguo-lo-nuevo-lo-analogo-lo-digital-MASIN-17Sept2021-8-scaled.jpg\" \/>\n\t<meta property=\"og:image:width\" content=\"2560\" \/>\n\t<meta property=\"og:image:height\" content=\"1657\" \/>\n\t<meta property=\"og:image:type\" content=\"image\/jpeg\" \/>\n<meta name=\"author\" content=\"Redacci\u00f3n\" \/>\n<meta name=\"twitter:card\" content=\"summary_large_image\" \/>\n<meta name=\"twitter:creator\" content=\"@fidedignas\" \/>\n<meta name=\"twitter:site\" content=\"@fidedignas\" \/>\n<meta name=\"twitter:label1\" content=\"Escrito por\" \/>\n\t<meta name=\"twitter:data1\" content=\"Redacci\u00f3n\" \/>\n\t<meta name=\"twitter:label2\" content=\"Tiempo de lectura\" \/>\n\t<meta name=\"twitter:data2\" content=\"3 minutos\" \/>\n<script type=\"application\/ld+json\" class=\"yoast-schema-graph\">{\"@context\":\"https:\\\/\\\/schema.org\",\"@graph\":[{\"@type\":\"Article\",\"@id\":\"https:\\\/\\\/fuentesfidedignas.com.mx\\\/index.php\\\/2021\\\/09\\\/20\\\/recrea-inna-alvarez-el-paso-de-lo-analogo-a-lo-digital-en-la-fotografia-y-en-la-vida\\\/#article\",\"isPartOf\":{\"@id\":\"https:\\\/\\\/fuentesfidedignas.com.mx\\\/index.php\\\/2021\\\/09\\\/20\\\/recrea-inna-alvarez-el-paso-de-lo-analogo-a-lo-digital-en-la-fotografia-y-en-la-vida\\\/\"},\"author\":{\"name\":\"Redacci\u00f3n\",\"@id\":\"https:\\\/\\\/fuentesfidedignas.com.mx\\\/#\\\/schema\\\/person\\\/331be9283d37198e2acd5750279085b0\"},\"headline\":\"Recrea Inna \u00c1lvarez el paso de lo an\u00e1logo a lo digital en la fotograf\u00eda y en la vida\",\"datePublished\":\"2021-09-20T12:55:00+00:00\",\"dateModified\":\"2021-09-20T12:56:06+00:00\",\"mainEntityOfPage\":{\"@id\":\"https:\\\/\\\/fuentesfidedignas.com.mx\\\/index.php\\\/2021\\\/09\\\/20\\\/recrea-inna-alvarez-el-paso-de-lo-analogo-a-lo-digital-en-la-fotografia-y-en-la-vida\\\/\"},\"wordCount\":689,\"commentCount\":0,\"publisher\":{\"@id\":\"https:\\\/\\\/fuentesfidedignas.com.mx\\\/#organization\"},\"image\":{\"@id\":\"https:\\\/\\\/fuentesfidedignas.com.mx\\\/index.php\\\/2021\\\/09\\\/20\\\/recrea-inna-alvarez-el-paso-de-lo-analogo-a-lo-digital-en-la-fotografia-y-en-la-vida\\\/#primaryimage\"},\"thumbnailUrl\":\"https:\\\/\\\/fuentesfidedignas.com.mx\\\/wp-content\\\/uploads\\\/2021\\\/09\\\/Exposicion-Lo-antiguo-lo-nuevo-lo-analogo-lo-digital-MASIN-17Sept2021-8-scaled.jpg\",\"articleSection\":[\"SINALOA POSITIVO\"],\"inLanguage\":\"es\",\"potentialAction\":[{\"@type\":\"CommentAction\",\"name\":\"Comment\",\"target\":[\"https:\\\/\\\/fuentesfidedignas.com.mx\\\/index.php\\\/2021\\\/09\\\/20\\\/recrea-inna-alvarez-el-paso-de-lo-analogo-a-lo-digital-en-la-fotografia-y-en-la-vida\\\/#respond\"]}]},{\"@type\":\"WebPage\",\"@id\":\"https:\\\/\\\/fuentesfidedignas.com.mx\\\/index.php\\\/2021\\\/09\\\/20\\\/recrea-inna-alvarez-el-paso-de-lo-analogo-a-lo-digital-en-la-fotografia-y-en-la-vida\\\/\",\"url\":\"https:\\\/\\\/fuentesfidedignas.com.mx\\\/index.php\\\/2021\\\/09\\\/20\\\/recrea-inna-alvarez-el-paso-de-lo-analogo-a-lo-digital-en-la-fotografia-y-en-la-vida\\\/\",\"name\":\"Recrea Inna \u00c1lvarez el paso de lo an\u00e1logo a lo digital en la fotograf\u00eda y en la vida - Fuentes Fidedignas\",\"isPartOf\":{\"@id\":\"https:\\\/\\\/fuentesfidedignas.com.mx\\\/#website\"},\"primaryImageOfPage\":{\"@id\":\"https:\\\/\\\/fuentesfidedignas.com.mx\\\/index.php\\\/2021\\\/09\\\/20\\\/recrea-inna-alvarez-el-paso-de-lo-analogo-a-lo-digital-en-la-fotografia-y-en-la-vida\\\/#primaryimage\"},\"image\":{\"@id\":\"https:\\\/\\\/fuentesfidedignas.com.mx\\\/index.php\\\/2021\\\/09\\\/20\\\/recrea-inna-alvarez-el-paso-de-lo-analogo-a-lo-digital-en-la-fotografia-y-en-la-vida\\\/#primaryimage\"},\"thumbnailUrl\":\"https:\\\/\\\/fuentesfidedignas.com.mx\\\/wp-content\\\/uploads\\\/2021\\\/09\\\/Exposicion-Lo-antiguo-lo-nuevo-lo-analogo-lo-digital-MASIN-17Sept2021-8-scaled.jpg\",\"datePublished\":\"2021-09-20T12:55:00+00:00\",\"dateModified\":\"2021-09-20T12:56:06+00:00\",\"breadcrumb\":{\"@id\":\"https:\\\/\\\/fuentesfidedignas.com.mx\\\/index.php\\\/2021\\\/09\\\/20\\\/recrea-inna-alvarez-el-paso-de-lo-analogo-a-lo-digital-en-la-fotografia-y-en-la-vida\\\/#breadcrumb\"},\"inLanguage\":\"es\",\"potentialAction\":[{\"@type\":\"ReadAction\",\"target\":[\"https:\\\/\\\/fuentesfidedignas.com.mx\\\/index.php\\\/2021\\\/09\\\/20\\\/recrea-inna-alvarez-el-paso-de-lo-analogo-a-lo-digital-en-la-fotografia-y-en-la-vida\\\/\"]}]},{\"@type\":\"ImageObject\",\"inLanguage\":\"es\",\"@id\":\"https:\\\/\\\/fuentesfidedignas.com.mx\\\/index.php\\\/2021\\\/09\\\/20\\\/recrea-inna-alvarez-el-paso-de-lo-analogo-a-lo-digital-en-la-fotografia-y-en-la-vida\\\/#primaryimage\",\"url\":\"https:\\\/\\\/fuentesfidedignas.com.mx\\\/wp-content\\\/uploads\\\/2021\\\/09\\\/Exposicion-Lo-antiguo-lo-nuevo-lo-analogo-lo-digital-MASIN-17Sept2021-8-scaled.jpg\",\"contentUrl\":\"https:\\\/\\\/fuentesfidedignas.com.mx\\\/wp-content\\\/uploads\\\/2021\\\/09\\\/Exposicion-Lo-antiguo-lo-nuevo-lo-analogo-lo-digital-MASIN-17Sept2021-8-scaled.jpg\",\"width\":2560,\"height\":1657},{\"@type\":\"BreadcrumbList\",\"@id\":\"https:\\\/\\\/fuentesfidedignas.com.mx\\\/index.php\\\/2021\\\/09\\\/20\\\/recrea-inna-alvarez-el-paso-de-lo-analogo-a-lo-digital-en-la-fotografia-y-en-la-vida\\\/#breadcrumb\",\"itemListElement\":[{\"@type\":\"ListItem\",\"position\":1,\"name\":\"Inicio\",\"item\":\"https:\\\/\\\/fuentesfidedignas.com.mx\\\/\"},{\"@type\":\"ListItem\",\"position\":2,\"name\":\"Recrea Inna \u00c1lvarez el paso de lo an\u00e1logo a lo digital en la fotograf\u00eda y en la vida\"}]},{\"@type\":\"WebSite\",\"@id\":\"https:\\\/\\\/fuentesfidedignas.com.mx\\\/#website\",\"url\":\"https:\\\/\\\/fuentesfidedignas.com.mx\\\/\",\"name\":\"Fuentes Fidedignas\",\"description\":\"Otro sitio realizado con WordPress\",\"publisher\":{\"@id\":\"https:\\\/\\\/fuentesfidedignas.com.mx\\\/#organization\"},\"potentialAction\":[{\"@type\":\"SearchAction\",\"target\":{\"@type\":\"EntryPoint\",\"urlTemplate\":\"https:\\\/\\\/fuentesfidedignas.com.mx\\\/?s={search_term_string}\"},\"query-input\":{\"@type\":\"PropertyValueSpecification\",\"valueRequired\":true,\"valueName\":\"search_term_string\"}}],\"inLanguage\":\"es\"},{\"@type\":\"Organization\",\"@id\":\"https:\\\/\\\/fuentesfidedignas.com.mx\\\/#organization\",\"name\":\"Fuentes Fidedignas\",\"url\":\"https:\\\/\\\/fuentesfidedignas.com.mx\\\/\",\"logo\":{\"@type\":\"ImageObject\",\"inLanguage\":\"es\",\"@id\":\"https:\\\/\\\/fuentesfidedignas.com.mx\\\/#\\\/schema\\\/logo\\\/image\\\/\",\"url\":\"https:\\\/\\\/fuentesfidedignas.com.mx\\\/wp-content\\\/uploads\\\/2021\\\/04\\\/logo-retina.png\",\"contentUrl\":\"https:\\\/\\\/fuentesfidedignas.com.mx\\\/wp-content\\\/uploads\\\/2021\\\/04\\\/logo-retina.png\",\"width\":280,\"height\":51,\"caption\":\"Fuentes Fidedignas\"},\"image\":{\"@id\":\"https:\\\/\\\/fuentesfidedignas.com.mx\\\/#\\\/schema\\\/logo\\\/image\\\/\"},\"sameAs\":[\"https:\\\/\\\/www.facebook.com\\\/Fuentes-Fidedignas-368234489921644\",\"https:\\\/\\\/x.com\\\/fidedignas\"]},{\"@type\":\"Person\",\"@id\":\"https:\\\/\\\/fuentesfidedignas.com.mx\\\/#\\\/schema\\\/person\\\/331be9283d37198e2acd5750279085b0\",\"name\":\"Redacci\u00f3n\",\"image\":{\"@type\":\"ImageObject\",\"inLanguage\":\"es\",\"@id\":\"https:\\\/\\\/secure.gravatar.com\\\/avatar\\\/f6d8782c11d12b2d4ad3fbb6931aeab5309937a4d6cd2fc9cfaa28a6396a5aec?s=96&d=mm&r=g\",\"url\":\"https:\\\/\\\/secure.gravatar.com\\\/avatar\\\/f6d8782c11d12b2d4ad3fbb6931aeab5309937a4d6cd2fc9cfaa28a6396a5aec?s=96&d=mm&r=g\",\"contentUrl\":\"https:\\\/\\\/secure.gravatar.com\\\/avatar\\\/f6d8782c11d12b2d4ad3fbb6931aeab5309937a4d6cd2fc9cfaa28a6396a5aec?s=96&d=mm&r=g\",\"caption\":\"Redacci\u00f3n\"},\"url\":\"https:\\\/\\\/fuentesfidedignas.com.mx\\\/index.php\\\/author\\\/redaccion\\\/\"}]}<\/script>\n<!-- \/ Yoast SEO plugin. -->","yoast_head_json":{"title":"Recrea Inna \u00c1lvarez el paso de lo an\u00e1logo a lo digital en la fotograf\u00eda y en la vida - Fuentes Fidedignas","robots":{"index":"index","follow":"follow","max-snippet":"max-snippet:-1","max-image-preview":"max-image-preview:large","max-video-preview":"max-video-preview:-1"},"canonical":"https:\/\/fuentesfidedignas.com.mx\/index.php\/2021\/09\/20\/recrea-inna-alvarez-el-paso-de-lo-analogo-a-lo-digital-en-la-fotografia-y-en-la-vida\/","og_locale":"es_MX","og_type":"article","og_title":"Recrea Inna \u00c1lvarez el paso de lo an\u00e1logo a lo digital en la fotograf\u00eda y en la vida - Fuentes Fidedignas","og_description":"Con esta exposici\u00f3n, inician los festejos por el 30\u00ba Aniversario del MASIN y a la vez forman parte del 490\u00ba de la Fundaci\u00f3n de Culiac\u00e1n Culiac\u00e1n, Sin.- \u201cDe la exposici\u00f3n \u2018Lo antiguo, lo nuevo, lo an\u00e1logo, lo digital\u2019, solo espero que les guste y les deje algo, sobre todo el amor a la fotograf\u00eda, que [&hellip;]","og_url":"https:\/\/fuentesfidedignas.com.mx\/index.php\/2021\/09\/20\/recrea-inna-alvarez-el-paso-de-lo-analogo-a-lo-digital-en-la-fotografia-y-en-la-vida\/","og_site_name":"Fuentes Fidedignas","article_publisher":"https:\/\/www.facebook.com\/Fuentes-Fidedignas-368234489921644","article_published_time":"2021-09-20T12:55:00+00:00","article_modified_time":"2021-09-20T12:56:06+00:00","og_image":[{"width":2560,"height":1657,"url":"https:\/\/fuentesfidedignas.com.mx\/wp-content\/uploads\/2021\/09\/Exposicion-Lo-antiguo-lo-nuevo-lo-analogo-lo-digital-MASIN-17Sept2021-8-scaled.jpg","type":"image\/jpeg"}],"author":"Redacci\u00f3n","twitter_card":"summary_large_image","twitter_creator":"@fidedignas","twitter_site":"@fidedignas","twitter_misc":{"Escrito por":"Redacci\u00f3n","Tiempo de lectura":"3 minutos"},"schema":{"@context":"https:\/\/schema.org","@graph":[{"@type":"Article","@id":"https:\/\/fuentesfidedignas.com.mx\/index.php\/2021\/09\/20\/recrea-inna-alvarez-el-paso-de-lo-analogo-a-lo-digital-en-la-fotografia-y-en-la-vida\/#article","isPartOf":{"@id":"https:\/\/fuentesfidedignas.com.mx\/index.php\/2021\/09\/20\/recrea-inna-alvarez-el-paso-de-lo-analogo-a-lo-digital-en-la-fotografia-y-en-la-vida\/"},"author":{"name":"Redacci\u00f3n","@id":"https:\/\/fuentesfidedignas.com.mx\/#\/schema\/person\/331be9283d37198e2acd5750279085b0"},"headline":"Recrea Inna \u00c1lvarez el paso de lo an\u00e1logo a lo digital en la fotograf\u00eda y en la vida","datePublished":"2021-09-20T12:55:00+00:00","dateModified":"2021-09-20T12:56:06+00:00","mainEntityOfPage":{"@id":"https:\/\/fuentesfidedignas.com.mx\/index.php\/2021\/09\/20\/recrea-inna-alvarez-el-paso-de-lo-analogo-a-lo-digital-en-la-fotografia-y-en-la-vida\/"},"wordCount":689,"commentCount":0,"publisher":{"@id":"https:\/\/fuentesfidedignas.com.mx\/#organization"},"image":{"@id":"https:\/\/fuentesfidedignas.com.mx\/index.php\/2021\/09\/20\/recrea-inna-alvarez-el-paso-de-lo-analogo-a-lo-digital-en-la-fotografia-y-en-la-vida\/#primaryimage"},"thumbnailUrl":"https:\/\/fuentesfidedignas.com.mx\/wp-content\/uploads\/2021\/09\/Exposicion-Lo-antiguo-lo-nuevo-lo-analogo-lo-digital-MASIN-17Sept2021-8-scaled.jpg","articleSection":["SINALOA POSITIVO"],"inLanguage":"es","potentialAction":[{"@type":"CommentAction","name":"Comment","target":["https:\/\/fuentesfidedignas.com.mx\/index.php\/2021\/09\/20\/recrea-inna-alvarez-el-paso-de-lo-analogo-a-lo-digital-en-la-fotografia-y-en-la-vida\/#respond"]}]},{"@type":"WebPage","@id":"https:\/\/fuentesfidedignas.com.mx\/index.php\/2021\/09\/20\/recrea-inna-alvarez-el-paso-de-lo-analogo-a-lo-digital-en-la-fotografia-y-en-la-vida\/","url":"https:\/\/fuentesfidedignas.com.mx\/index.php\/2021\/09\/20\/recrea-inna-alvarez-el-paso-de-lo-analogo-a-lo-digital-en-la-fotografia-y-en-la-vida\/","name":"Recrea Inna \u00c1lvarez el paso de lo an\u00e1logo a lo digital en la fotograf\u00eda y en la vida - Fuentes Fidedignas","isPartOf":{"@id":"https:\/\/fuentesfidedignas.com.mx\/#website"},"primaryImageOfPage":{"@id":"https:\/\/fuentesfidedignas.com.mx\/index.php\/2021\/09\/20\/recrea-inna-alvarez-el-paso-de-lo-analogo-a-lo-digital-en-la-fotografia-y-en-la-vida\/#primaryimage"},"image":{"@id":"https:\/\/fuentesfidedignas.com.mx\/index.php\/2021\/09\/20\/recrea-inna-alvarez-el-paso-de-lo-analogo-a-lo-digital-en-la-fotografia-y-en-la-vida\/#primaryimage"},"thumbnailUrl":"https:\/\/fuentesfidedignas.com.mx\/wp-content\/uploads\/2021\/09\/Exposicion-Lo-antiguo-lo-nuevo-lo-analogo-lo-digital-MASIN-17Sept2021-8-scaled.jpg","datePublished":"2021-09-20T12:55:00+00:00","dateModified":"2021-09-20T12:56:06+00:00","breadcrumb":{"@id":"https:\/\/fuentesfidedignas.com.mx\/index.php\/2021\/09\/20\/recrea-inna-alvarez-el-paso-de-lo-analogo-a-lo-digital-en-la-fotografia-y-en-la-vida\/#breadcrumb"},"inLanguage":"es","potentialAction":[{"@type":"ReadAction","target":["https:\/\/fuentesfidedignas.com.mx\/index.php\/2021\/09\/20\/recrea-inna-alvarez-el-paso-de-lo-analogo-a-lo-digital-en-la-fotografia-y-en-la-vida\/"]}]},{"@type":"ImageObject","inLanguage":"es","@id":"https:\/\/fuentesfidedignas.com.mx\/index.php\/2021\/09\/20\/recrea-inna-alvarez-el-paso-de-lo-analogo-a-lo-digital-en-la-fotografia-y-en-la-vida\/#primaryimage","url":"https:\/\/fuentesfidedignas.com.mx\/wp-content\/uploads\/2021\/09\/Exposicion-Lo-antiguo-lo-nuevo-lo-analogo-lo-digital-MASIN-17Sept2021-8-scaled.jpg","contentUrl":"https:\/\/fuentesfidedignas.com.mx\/wp-content\/uploads\/2021\/09\/Exposicion-Lo-antiguo-lo-nuevo-lo-analogo-lo-digital-MASIN-17Sept2021-8-scaled.jpg","width":2560,"height":1657},{"@type":"BreadcrumbList","@id":"https:\/\/fuentesfidedignas.com.mx\/index.php\/2021\/09\/20\/recrea-inna-alvarez-el-paso-de-lo-analogo-a-lo-digital-en-la-fotografia-y-en-la-vida\/#breadcrumb","itemListElement":[{"@type":"ListItem","position":1,"name":"Inicio","item":"https:\/\/fuentesfidedignas.com.mx\/"},{"@type":"ListItem","position":2,"name":"Recrea Inna \u00c1lvarez el paso de lo an\u00e1logo a lo digital en la fotograf\u00eda y en la vida"}]},{"@type":"WebSite","@id":"https:\/\/fuentesfidedignas.com.mx\/#website","url":"https:\/\/fuentesfidedignas.com.mx\/","name":"Fuentes Fidedignas","description":"Otro sitio realizado con WordPress","publisher":{"@id":"https:\/\/fuentesfidedignas.com.mx\/#organization"},"potentialAction":[{"@type":"SearchAction","target":{"@type":"EntryPoint","urlTemplate":"https:\/\/fuentesfidedignas.com.mx\/?s={search_term_string}"},"query-input":{"@type":"PropertyValueSpecification","valueRequired":true,"valueName":"search_term_string"}}],"inLanguage":"es"},{"@type":"Organization","@id":"https:\/\/fuentesfidedignas.com.mx\/#organization","name":"Fuentes Fidedignas","url":"https:\/\/fuentesfidedignas.com.mx\/","logo":{"@type":"ImageObject","inLanguage":"es","@id":"https:\/\/fuentesfidedignas.com.mx\/#\/schema\/logo\/image\/","url":"https:\/\/fuentesfidedignas.com.mx\/wp-content\/uploads\/2021\/04\/logo-retina.png","contentUrl":"https:\/\/fuentesfidedignas.com.mx\/wp-content\/uploads\/2021\/04\/logo-retina.png","width":280,"height":51,"caption":"Fuentes Fidedignas"},"image":{"@id":"https:\/\/fuentesfidedignas.com.mx\/#\/schema\/logo\/image\/"},"sameAs":["https:\/\/www.facebook.com\/Fuentes-Fidedignas-368234489921644","https:\/\/x.com\/fidedignas"]},{"@type":"Person","@id":"https:\/\/fuentesfidedignas.com.mx\/#\/schema\/person\/331be9283d37198e2acd5750279085b0","name":"Redacci\u00f3n","image":{"@type":"ImageObject","inLanguage":"es","@id":"https:\/\/secure.gravatar.com\/avatar\/f6d8782c11d12b2d4ad3fbb6931aeab5309937a4d6cd2fc9cfaa28a6396a5aec?s=96&d=mm&r=g","url":"https:\/\/secure.gravatar.com\/avatar\/f6d8782c11d12b2d4ad3fbb6931aeab5309937a4d6cd2fc9cfaa28a6396a5aec?s=96&d=mm&r=g","contentUrl":"https:\/\/secure.gravatar.com\/avatar\/f6d8782c11d12b2d4ad3fbb6931aeab5309937a4d6cd2fc9cfaa28a6396a5aec?s=96&d=mm&r=g","caption":"Redacci\u00f3n"},"url":"https:\/\/fuentesfidedignas.com.mx\/index.php\/author\/redaccion\/"}]}},"_links":{"self":[{"href":"https:\/\/fuentesfidedignas.com.mx\/index.php\/wp-json\/wp\/v2\/posts\/12967","targetHints":{"allow":["GET"]}}],"collection":[{"href":"https:\/\/fuentesfidedignas.com.mx\/index.php\/wp-json\/wp\/v2\/posts"}],"about":[{"href":"https:\/\/fuentesfidedignas.com.mx\/index.php\/wp-json\/wp\/v2\/types\/post"}],"author":[{"embeddable":true,"href":"https:\/\/fuentesfidedignas.com.mx\/index.php\/wp-json\/wp\/v2\/users\/4"}],"replies":[{"embeddable":true,"href":"https:\/\/fuentesfidedignas.com.mx\/index.php\/wp-json\/wp\/v2\/comments?post=12967"}],"version-history":[{"count":1,"href":"https:\/\/fuentesfidedignas.com.mx\/index.php\/wp-json\/wp\/v2\/posts\/12967\/revisions"}],"predecessor-version":[{"id":12969,"href":"https:\/\/fuentesfidedignas.com.mx\/index.php\/wp-json\/wp\/v2\/posts\/12967\/revisions\/12969"}],"wp:featuredmedia":[{"embeddable":true,"href":"https:\/\/fuentesfidedignas.com.mx\/index.php\/wp-json\/wp\/v2\/media\/12968"}],"wp:attachment":[{"href":"https:\/\/fuentesfidedignas.com.mx\/index.php\/wp-json\/wp\/v2\/media?parent=12967"}],"wp:term":[{"taxonomy":"category","embeddable":true,"href":"https:\/\/fuentesfidedignas.com.mx\/index.php\/wp-json\/wp\/v2\/categories?post=12967"},{"taxonomy":"post_tag","embeddable":true,"href":"https:\/\/fuentesfidedignas.com.mx\/index.php\/wp-json\/wp\/v2\/tags?post=12967"}],"curies":[{"name":"wp","href":"https:\/\/api.w.org\/{rel}","templated":true}]}}