{"id":129421,"date":"2026-03-16T14:00:19","date_gmt":"2026-03-16T21:00:19","guid":{"rendered":"https:\/\/fuentesfidedignas.com.mx\/?p=129421"},"modified":"2026-03-16T14:01:52","modified_gmt":"2026-03-16T21:01:52","slug":"fgr-reconoce-contaminacion-de-escena-en-ultimo-refugio-de-el-mencho","status":"publish","type":"post","link":"https:\/\/fuentesfidedignas.com.mx\/index.php\/2026\/03\/16\/fgr-reconoce-contaminacion-de-escena-en-ultimo-refugio-de-el-mencho\/","title":{"rendered":"FGR reconoce contaminaci\u00f3n de escena en \u00faltimo refugio de \u2018El Mencho\u2019"},"content":{"rendered":"\n<p><strong><em>La FGR advirti\u00f3 que esta situaci\u00f3n pudo alterar la escena y comprometer la integridad de posibles indicios.<\/em><\/strong><\/p>\n\n\n\n<p>La Fiscal\u00eda General de la Rep\u00fablica (FGR) inform\u00f3 que no fue posible asegurar de inmediato los inmuebles vinculados con Rub\u00e9n \u201cN\u201d, alias &#8220;El Mencho&#8221; tras el operativo realizado en un fraccionamiento del municipio de Tapalpa, en el estado de Jalisco, debido a las condiciones de riesgo y la complejidad t\u00e1ctica del enfrentamiento armado registrado en la zona.<\/p>\n\n\n\n<p>De acuerdo con el comunicado oficial de la dependencia federal, durante el despliegue de seguridad se produjeron enfrentamientos armados con presuntos integrantes de un grupo delictivo, lo que oblig\u00f3 a las autoridades a priorizar la seguridad de los agentes y la atenci\u00f3n m\u00e9dica del detenido, quien result\u00f3 herido durante la intervenci\u00f3n.<\/p>\n\n\n\n<p>El operativo deriv\u00f3 en la captura del presunto l\u00edder criminal identificado como Rub\u00e9n \u201cN\u201d, quien posteriormente falleci\u00f3 tras ser trasladado a un hospital.<\/p>\n\n\n\n<p><strong>Traslado del detenido y control de la zona<\/strong><\/p>\n\n\n\n<p>Seg\u00fan explic\u00f3 en un comunicado la FGR, una de las primeras decisiones operativas fue trasladar al detenido de manera inmediata a un hospital, debido a las lesiones que presentaba tras el enfrentamiento.<\/p>\n\n\n\n<p>Al mismo tiempo, los elementos de seguridad desplegados en el operativo tuvieron que reubicarse estrat\u00e9gicamente para reforzar la seguridad en distintos puntos del \u00e1rea, ante el riesgo de nuevas acciones por parte del grupo criminal.<\/p>\n\n\n\n<p>La dependencia se\u00f1al\u00f3 que estas circunstancias impidieron realizar el aseguramiento inmediato de las caba\u00f1as e inmuebles presuntamente utilizados por el grupo delictivo.<\/p>\n\n\n\n<p>La instituci\u00f3n sostuvo que la zona no contaba con condiciones m\u00ednimas de seguridad para que el personal ministerial y pericial pudiera iniciar los trabajos de investigaci\u00f3n y preservaci\u00f3n de la escena.<\/p>\n\n\n\n<p><strong>Aseguramiento diferido de los inmuebles<\/strong><\/p>\n\n\n\n<p>La Fiscal\u00eda explic\u00f3 que el aseguramiento de los inmuebles se realiz\u00f3 posteriormente, una vez que las fuerzas de seguridad lograron restablecer condiciones m\u00ednimas de control en el \u00e1rea.<\/p>\n\n\n\n<p>En su informe, la dependencia indic\u00f3 que la prioridad durante el operativo fue contener la situaci\u00f3n de riesgo, por lo que el procedimiento de aseguramiento tuvo que postergarse hasta que la zona fuera considerada segura para las autoridades.<\/p>\n\n\n\n<p>Esta decisi\u00f3n, se\u00f1al\u00f3 la instituci\u00f3n, se tom\u00f3 con base en criterios operativos y protocolos de seguridad aplicables en escenarios de enfrentamiento armado.<\/p>\n\n\n\n<figure class=\"wp-block-image size-large\"><img decoding=\"async\" width=\"300\" height=\"168\" src=\"https:\/\/fuentesfidedignas.com.mx\/wp-content\/uploads\/2026\/03\/img_5210-300x168.jpeg\" class=\"wp-image-129419\" srcset=\"https:\/\/fuentesfidedignas.com.mx\/wp-content\/uploads\/2026\/03\/img_5210-300x168.jpeg 300w, https:\/\/fuentesfidedignas.com.mx\/wp-content\/uploads\/2026\/03\/img_5210.jpeg 449w\" sizes=\"(max-width: 300px) 100vw, 300px\" \/><figcaption class=\"wp-element-caption\">En una de ellas se encontr\u00f3 un peque\u00f1o altar con im\u00e1genes de la Virgen de Guadalupe, San Judas Tadeo y San Ch\u00e1rbel, junto con una carta fechada en enero de 2026 que citaba el Salmo 9Especal \u00a9 2025 Imagen &#8211; Exc\u00e9lsior. Todos los derechos reservados. El contenido de este sitio y de la edici\u00f3n impresa est\u00e1 protegido por la Ley Federal del Derecho de Autor. Prohibida la reproducci\u00f3n total o parcial sin autorizaci\u00f3n previa y por escrito. El material de terceros conserva sus propios derechos.<\/figcaption><\/figure>\n\n\n\n<p><strong>Ingreso de personas no autorizadas alter\u00f3 la escena.<\/strong><\/p>\n\n\n\n<p>Uno de los puntos m\u00e1s delicados del caso, seg\u00fan reconoci\u00f3 la propia Fiscal\u00eda, fue que antes de que una autoridad judicial autorizara el cateo correspondiente, se tuvo conocimiento de que personas no autorizadas ingresaron a los inmuebles relacionados con la investigaci\u00f3n.<\/p>\n\n\n\n<p>La Fiscal\u00eda General de la Rep\u00fablica advirti\u00f3 que esta situaci\u00f3n pudo alterar la escena y comprometer la integridad de posibles indicios.<\/p>\n\n\n\n<p>Debido a esta circunstancia, la dependencia se\u00f1al\u00f3 que no es posible garantizar que los objetos o elementos encontrados en el lugar hayan sido preservados conforme a los protocolos legales y periciales establecidos.<\/p>\n\n\n\n<p>La Fiscal\u00eda tambi\u00e9n alert\u00f3 que la cadena de custodia de los objetos localizados podr\u00eda haberse visto comprometida debido a la contaminaci\u00f3n del sitio.<\/p>\n\n\n\n<p>Este aspecto ser\u00e1 evaluado por las autoridades para determinar el valor probatorio de los indicios encontrados en los inmuebles y definir si es necesario iniciar acciones legales adicionales.<\/p>\n\n\n\n<p>La instituci\u00f3n explic\u00f3 que la preservaci\u00f3n adecuada de la escena es fundamental para garantizar la validez jur\u00eddica de las pruebas dentro de un proceso penal.<\/p>\n\n\n\n<p><strong>Investigaci\u00f3n interna en curso<\/strong><\/p>\n\n\n\n<p>Ante los cuestionamientos generados por la actuaci\u00f3n de las autoridades durante el operativo, la Fiscal\u00eda inform\u00f3 que inici\u00f3 una investigaci\u00f3n interna con el objetivo de determinar si alg\u00fan servidor p\u00fablico incurri\u00f3 en irregularidades al no preservar de manera inmediata el lugar de los hechos.<\/p>\n\n\n\n<p>La dependencia federal asegur\u00f3 que continuar\u00e1 informando sobre el avance del caso conforme lo permita el debido proceso, y reiter\u00f3 que las investigaciones relacionadas con el operativo y los hechos ocurridos en Tapalpa siguen en desarrollo. \u00a9 2025 Imagen &#8211; Exc\u00e9lsior. Todos los derechos reservados. El contenido de este sitio y de la edici\u00f3n impresa est\u00e1 protegido por la Ley Federal del Derecho de Autor. Prohibida la reproducci\u00f3n total o parcial sin autorizaci\u00f3n previa y por escrito. El material de terceros conserva sus propios derechos.<\/p>\n","protected":false},"excerpt":{"rendered":"<p>La FGR advirti\u00f3 que esta situaci\u00f3n pudo alterar la escena y comprometer la integridad de posibles indicios. La Fiscal\u00eda General de la Rep\u00fablica (FGR) inform\u00f3 que no fue posible asegurar de inmediato los inmuebles vinculados con Rub\u00e9n \u201cN\u201d, alias &#8220;El Mencho&#8221; tras el operativo realizado en un fraccionamiento del municipio de Tapalpa, en el estado [&hellip;]<\/p>\n","protected":false},"author":7,"featured_media":129420,"comment_status":"closed","ping_status":"open","sticky":false,"template":"","format":"standard","meta":{"tdm_status":"","tdm_grid_status":"","footnotes":""},"categories":[39],"tags":[],"class_list":{"0":"post-129421","1":"post","2":"type-post","3":"status-publish","4":"format-standard","5":"has-post-thumbnail","7":"category-noticias-nacionales"},"yoast_head":"<!-- This site is optimized with the Yoast SEO plugin v27.5 - https:\/\/yoast.com\/product\/yoast-seo-wordpress\/ -->\n<title>FGR reconoce contaminaci\u00f3n de escena en \u00faltimo refugio de \u2018El Mencho\u2019 - Fuentes Fidedignas<\/title>\n<meta name=\"robots\" content=\"index, follow, max-snippet:-1, max-image-preview:large, max-video-preview:-1\" \/>\n<link rel=\"canonical\" href=\"https:\/\/fuentesfidedignas.com.mx\/index.php\/2026\/03\/16\/fgr-reconoce-contaminacion-de-escena-en-ultimo-refugio-de-el-mencho\/\" \/>\n<meta property=\"og:locale\" content=\"es_MX\" \/>\n<meta property=\"og:type\" content=\"article\" \/>\n<meta property=\"og:title\" content=\"FGR reconoce contaminaci\u00f3n de escena en \u00faltimo refugio de \u2018El Mencho\u2019 - Fuentes Fidedignas\" \/>\n<meta property=\"og:description\" content=\"La FGR advirti\u00f3 que esta situaci\u00f3n pudo alterar la escena y comprometer la integridad de posibles indicios. La Fiscal\u00eda General de la Rep\u00fablica (FGR) inform\u00f3 que no fue posible asegurar de inmediato los inmuebles vinculados con Rub\u00e9n \u201cN\u201d, alias &#8220;El Mencho&#8221; tras el operativo realizado en un fraccionamiento del municipio de Tapalpa, en el estado [&hellip;]\" \/>\n<meta property=\"og:url\" content=\"https:\/\/fuentesfidedignas.com.mx\/index.php\/2026\/03\/16\/fgr-reconoce-contaminacion-de-escena-en-ultimo-refugio-de-el-mencho\/\" \/>\n<meta property=\"og:site_name\" content=\"Fuentes Fidedignas\" \/>\n<meta property=\"article:publisher\" content=\"https:\/\/www.facebook.com\/Fuentes-Fidedignas-368234489921644\" \/>\n<meta property=\"article:published_time\" content=\"2026-03-16T21:00:19+00:00\" \/>\n<meta property=\"article:modified_time\" content=\"2026-03-16T21:01:52+00:00\" \/>\n<meta property=\"og:image\" content=\"https:\/\/fuentesfidedignas.com.mx\/wp-content\/uploads\/2026\/03\/img_5209.png\" \/>\n\t<meta property=\"og:image:width\" content=\"375\" \/>\n\t<meta property=\"og:image:height\" content=\"249\" \/>\n\t<meta property=\"og:image:type\" content=\"image\/png\" \/>\n<meta name=\"author\" content=\"Exc\u00e9lsior\" \/>\n<meta name=\"twitter:card\" content=\"summary_large_image\" \/>\n<meta name=\"twitter:creator\" content=\"@fidedignas\" \/>\n<meta name=\"twitter:site\" content=\"@fidedignas\" \/>\n<meta name=\"twitter:label1\" content=\"Escrito por\" \/>\n\t<meta name=\"twitter:data1\" content=\"Exc\u00e9lsior\" \/>\n\t<meta name=\"twitter:label2\" content=\"Tiempo de lectura\" \/>\n\t<meta name=\"twitter:data2\" content=\"4 minutos\" \/>\n<script type=\"application\/ld+json\" class=\"yoast-schema-graph\">{\"@context\":\"https:\\\/\\\/schema.org\",\"@graph\":[{\"@type\":\"Article\",\"@id\":\"https:\\\/\\\/fuentesfidedignas.com.mx\\\/index.php\\\/2026\\\/03\\\/16\\\/fgr-reconoce-contaminacion-de-escena-en-ultimo-refugio-de-el-mencho\\\/#article\",\"isPartOf\":{\"@id\":\"https:\\\/\\\/fuentesfidedignas.com.mx\\\/index.php\\\/2026\\\/03\\\/16\\\/fgr-reconoce-contaminacion-de-escena-en-ultimo-refugio-de-el-mencho\\\/\"},\"author\":{\"name\":\"Exc\u00e9lsior\",\"@id\":\"https:\\\/\\\/fuentesfidedignas.com.mx\\\/#\\\/schema\\\/person\\\/ec4edd1fbf5efa3e44fce34fe2787780\"},\"headline\":\"FGR reconoce contaminaci\u00f3n de escena en \u00faltimo refugio de \u2018El Mencho\u2019\",\"datePublished\":\"2026-03-16T21:00:19+00:00\",\"dateModified\":\"2026-03-16T21:01:52+00:00\",\"mainEntityOfPage\":{\"@id\":\"https:\\\/\\\/fuentesfidedignas.com.mx\\\/index.php\\\/2026\\\/03\\\/16\\\/fgr-reconoce-contaminacion-de-escena-en-ultimo-refugio-de-el-mencho\\\/\"},\"wordCount\":828,\"publisher\":{\"@id\":\"https:\\\/\\\/fuentesfidedignas.com.mx\\\/#organization\"},\"image\":{\"@id\":\"https:\\\/\\\/fuentesfidedignas.com.mx\\\/index.php\\\/2026\\\/03\\\/16\\\/fgr-reconoce-contaminacion-de-escena-en-ultimo-refugio-de-el-mencho\\\/#primaryimage\"},\"thumbnailUrl\":\"https:\\\/\\\/fuentesfidedignas.com.mx\\\/wp-content\\\/uploads\\\/2026\\\/03\\\/img_5209.png\",\"articleSection\":[\"NOTICIAS NACIONALES\"],\"inLanguage\":\"es\"},{\"@type\":\"WebPage\",\"@id\":\"https:\\\/\\\/fuentesfidedignas.com.mx\\\/index.php\\\/2026\\\/03\\\/16\\\/fgr-reconoce-contaminacion-de-escena-en-ultimo-refugio-de-el-mencho\\\/\",\"url\":\"https:\\\/\\\/fuentesfidedignas.com.mx\\\/index.php\\\/2026\\\/03\\\/16\\\/fgr-reconoce-contaminacion-de-escena-en-ultimo-refugio-de-el-mencho\\\/\",\"name\":\"FGR reconoce contaminaci\u00f3n de escena en \u00faltimo refugio de \u2018El Mencho\u2019 - Fuentes Fidedignas\",\"isPartOf\":{\"@id\":\"https:\\\/\\\/fuentesfidedignas.com.mx\\\/#website\"},\"primaryImageOfPage\":{\"@id\":\"https:\\\/\\\/fuentesfidedignas.com.mx\\\/index.php\\\/2026\\\/03\\\/16\\\/fgr-reconoce-contaminacion-de-escena-en-ultimo-refugio-de-el-mencho\\\/#primaryimage\"},\"image\":{\"@id\":\"https:\\\/\\\/fuentesfidedignas.com.mx\\\/index.php\\\/2026\\\/03\\\/16\\\/fgr-reconoce-contaminacion-de-escena-en-ultimo-refugio-de-el-mencho\\\/#primaryimage\"},\"thumbnailUrl\":\"https:\\\/\\\/fuentesfidedignas.com.mx\\\/wp-content\\\/uploads\\\/2026\\\/03\\\/img_5209.png\",\"datePublished\":\"2026-03-16T21:00:19+00:00\",\"dateModified\":\"2026-03-16T21:01:52+00:00\",\"breadcrumb\":{\"@id\":\"https:\\\/\\\/fuentesfidedignas.com.mx\\\/index.php\\\/2026\\\/03\\\/16\\\/fgr-reconoce-contaminacion-de-escena-en-ultimo-refugio-de-el-mencho\\\/#breadcrumb\"},\"inLanguage\":\"es\",\"potentialAction\":[{\"@type\":\"ReadAction\",\"target\":[\"https:\\\/\\\/fuentesfidedignas.com.mx\\\/index.php\\\/2026\\\/03\\\/16\\\/fgr-reconoce-contaminacion-de-escena-en-ultimo-refugio-de-el-mencho\\\/\"]}]},{\"@type\":\"ImageObject\",\"inLanguage\":\"es\",\"@id\":\"https:\\\/\\\/fuentesfidedignas.com.mx\\\/index.php\\\/2026\\\/03\\\/16\\\/fgr-reconoce-contaminacion-de-escena-en-ultimo-refugio-de-el-mencho\\\/#primaryimage\",\"url\":\"https:\\\/\\\/fuentesfidedignas.com.mx\\\/wp-content\\\/uploads\\\/2026\\\/03\\\/img_5209.png\",\"contentUrl\":\"https:\\\/\\\/fuentesfidedignas.com.mx\\\/wp-content\\\/uploads\\\/2026\\\/03\\\/img_5209.png\",\"width\":375,\"height\":249},{\"@type\":\"BreadcrumbList\",\"@id\":\"https:\\\/\\\/fuentesfidedignas.com.mx\\\/index.php\\\/2026\\\/03\\\/16\\\/fgr-reconoce-contaminacion-de-escena-en-ultimo-refugio-de-el-mencho\\\/#breadcrumb\",\"itemListElement\":[{\"@type\":\"ListItem\",\"position\":1,\"name\":\"Inicio\",\"item\":\"https:\\\/\\\/fuentesfidedignas.com.mx\\\/\"},{\"@type\":\"ListItem\",\"position\":2,\"name\":\"FGR reconoce contaminaci\u00f3n de escena en \u00faltimo refugio de \u2018El Mencho\u2019\"}]},{\"@type\":\"WebSite\",\"@id\":\"https:\\\/\\\/fuentesfidedignas.com.mx\\\/#website\",\"url\":\"https:\\\/\\\/fuentesfidedignas.com.mx\\\/\",\"name\":\"Fuentes Fidedignas\",\"description\":\"Otro sitio realizado con WordPress\",\"publisher\":{\"@id\":\"https:\\\/\\\/fuentesfidedignas.com.mx\\\/#organization\"},\"potentialAction\":[{\"@type\":\"SearchAction\",\"target\":{\"@type\":\"EntryPoint\",\"urlTemplate\":\"https:\\\/\\\/fuentesfidedignas.com.mx\\\/?s={search_term_string}\"},\"query-input\":{\"@type\":\"PropertyValueSpecification\",\"valueRequired\":true,\"valueName\":\"search_term_string\"}}],\"inLanguage\":\"es\"},{\"@type\":\"Organization\",\"@id\":\"https:\\\/\\\/fuentesfidedignas.com.mx\\\/#organization\",\"name\":\"Fuentes Fidedignas\",\"url\":\"https:\\\/\\\/fuentesfidedignas.com.mx\\\/\",\"logo\":{\"@type\":\"ImageObject\",\"inLanguage\":\"es\",\"@id\":\"https:\\\/\\\/fuentesfidedignas.com.mx\\\/#\\\/schema\\\/logo\\\/image\\\/\",\"url\":\"https:\\\/\\\/fuentesfidedignas.com.mx\\\/wp-content\\\/uploads\\\/2021\\\/04\\\/logo-retina.png\",\"contentUrl\":\"https:\\\/\\\/fuentesfidedignas.com.mx\\\/wp-content\\\/uploads\\\/2021\\\/04\\\/logo-retina.png\",\"width\":280,\"height\":51,\"caption\":\"Fuentes Fidedignas\"},\"image\":{\"@id\":\"https:\\\/\\\/fuentesfidedignas.com.mx\\\/#\\\/schema\\\/logo\\\/image\\\/\"},\"sameAs\":[\"https:\\\/\\\/www.facebook.com\\\/Fuentes-Fidedignas-368234489921644\",\"https:\\\/\\\/x.com\\\/fidedignas\"]},{\"@type\":\"Person\",\"@id\":\"https:\\\/\\\/fuentesfidedignas.com.mx\\\/#\\\/schema\\\/person\\\/ec4edd1fbf5efa3e44fce34fe2787780\",\"name\":\"Exc\u00e9lsior\",\"image\":{\"@type\":\"ImageObject\",\"inLanguage\":\"es\",\"@id\":\"https:\\\/\\\/secure.gravatar.com\\\/avatar\\\/4b7ee9206b48be08447852b3f0814dbc7c0f3b51541b164f1464a2725614020b?s=96&d=mm&r=g\",\"url\":\"https:\\\/\\\/secure.gravatar.com\\\/avatar\\\/4b7ee9206b48be08447852b3f0814dbc7c0f3b51541b164f1464a2725614020b?s=96&d=mm&r=g\",\"contentUrl\":\"https:\\\/\\\/secure.gravatar.com\\\/avatar\\\/4b7ee9206b48be08447852b3f0814dbc7c0f3b51541b164f1464a2725614020b?s=96&d=mm&r=g\",\"caption\":\"Exc\u00e9lsior\"},\"url\":\"https:\\\/\\\/fuentesfidedignas.com.mx\\\/index.php\\\/author\\\/excelsior\\\/\"}]}<\/script>\n<!-- \/ Yoast SEO plugin. -->","yoast_head_json":{"title":"FGR reconoce contaminaci\u00f3n de escena en \u00faltimo refugio de \u2018El Mencho\u2019 - Fuentes Fidedignas","robots":{"index":"index","follow":"follow","max-snippet":"max-snippet:-1","max-image-preview":"max-image-preview:large","max-video-preview":"max-video-preview:-1"},"canonical":"https:\/\/fuentesfidedignas.com.mx\/index.php\/2026\/03\/16\/fgr-reconoce-contaminacion-de-escena-en-ultimo-refugio-de-el-mencho\/","og_locale":"es_MX","og_type":"article","og_title":"FGR reconoce contaminaci\u00f3n de escena en \u00faltimo refugio de \u2018El Mencho\u2019 - Fuentes Fidedignas","og_description":"La FGR advirti\u00f3 que esta situaci\u00f3n pudo alterar la escena y comprometer la integridad de posibles indicios. La Fiscal\u00eda General de la Rep\u00fablica (FGR) inform\u00f3 que no fue posible asegurar de inmediato los inmuebles vinculados con Rub\u00e9n \u201cN\u201d, alias &#8220;El Mencho&#8221; tras el operativo realizado en un fraccionamiento del municipio de Tapalpa, en el estado [&hellip;]","og_url":"https:\/\/fuentesfidedignas.com.mx\/index.php\/2026\/03\/16\/fgr-reconoce-contaminacion-de-escena-en-ultimo-refugio-de-el-mencho\/","og_site_name":"Fuentes Fidedignas","article_publisher":"https:\/\/www.facebook.com\/Fuentes-Fidedignas-368234489921644","article_published_time":"2026-03-16T21:00:19+00:00","article_modified_time":"2026-03-16T21:01:52+00:00","og_image":[{"width":375,"height":249,"url":"https:\/\/fuentesfidedignas.com.mx\/wp-content\/uploads\/2026\/03\/img_5209.png","type":"image\/png"}],"author":"Exc\u00e9lsior","twitter_card":"summary_large_image","twitter_creator":"@fidedignas","twitter_site":"@fidedignas","twitter_misc":{"Escrito por":"Exc\u00e9lsior","Tiempo de lectura":"4 minutos"},"schema":{"@context":"https:\/\/schema.org","@graph":[{"@type":"Article","@id":"https:\/\/fuentesfidedignas.com.mx\/index.php\/2026\/03\/16\/fgr-reconoce-contaminacion-de-escena-en-ultimo-refugio-de-el-mencho\/#article","isPartOf":{"@id":"https:\/\/fuentesfidedignas.com.mx\/index.php\/2026\/03\/16\/fgr-reconoce-contaminacion-de-escena-en-ultimo-refugio-de-el-mencho\/"},"author":{"name":"Exc\u00e9lsior","@id":"https:\/\/fuentesfidedignas.com.mx\/#\/schema\/person\/ec4edd1fbf5efa3e44fce34fe2787780"},"headline":"FGR reconoce contaminaci\u00f3n de escena en \u00faltimo refugio de \u2018El Mencho\u2019","datePublished":"2026-03-16T21:00:19+00:00","dateModified":"2026-03-16T21:01:52+00:00","mainEntityOfPage":{"@id":"https:\/\/fuentesfidedignas.com.mx\/index.php\/2026\/03\/16\/fgr-reconoce-contaminacion-de-escena-en-ultimo-refugio-de-el-mencho\/"},"wordCount":828,"publisher":{"@id":"https:\/\/fuentesfidedignas.com.mx\/#organization"},"image":{"@id":"https:\/\/fuentesfidedignas.com.mx\/index.php\/2026\/03\/16\/fgr-reconoce-contaminacion-de-escena-en-ultimo-refugio-de-el-mencho\/#primaryimage"},"thumbnailUrl":"https:\/\/fuentesfidedignas.com.mx\/wp-content\/uploads\/2026\/03\/img_5209.png","articleSection":["NOTICIAS NACIONALES"],"inLanguage":"es"},{"@type":"WebPage","@id":"https:\/\/fuentesfidedignas.com.mx\/index.php\/2026\/03\/16\/fgr-reconoce-contaminacion-de-escena-en-ultimo-refugio-de-el-mencho\/","url":"https:\/\/fuentesfidedignas.com.mx\/index.php\/2026\/03\/16\/fgr-reconoce-contaminacion-de-escena-en-ultimo-refugio-de-el-mencho\/","name":"FGR reconoce contaminaci\u00f3n de escena en \u00faltimo refugio de \u2018El Mencho\u2019 - Fuentes Fidedignas","isPartOf":{"@id":"https:\/\/fuentesfidedignas.com.mx\/#website"},"primaryImageOfPage":{"@id":"https:\/\/fuentesfidedignas.com.mx\/index.php\/2026\/03\/16\/fgr-reconoce-contaminacion-de-escena-en-ultimo-refugio-de-el-mencho\/#primaryimage"},"image":{"@id":"https:\/\/fuentesfidedignas.com.mx\/index.php\/2026\/03\/16\/fgr-reconoce-contaminacion-de-escena-en-ultimo-refugio-de-el-mencho\/#primaryimage"},"thumbnailUrl":"https:\/\/fuentesfidedignas.com.mx\/wp-content\/uploads\/2026\/03\/img_5209.png","datePublished":"2026-03-16T21:00:19+00:00","dateModified":"2026-03-16T21:01:52+00:00","breadcrumb":{"@id":"https:\/\/fuentesfidedignas.com.mx\/index.php\/2026\/03\/16\/fgr-reconoce-contaminacion-de-escena-en-ultimo-refugio-de-el-mencho\/#breadcrumb"},"inLanguage":"es","potentialAction":[{"@type":"ReadAction","target":["https:\/\/fuentesfidedignas.com.mx\/index.php\/2026\/03\/16\/fgr-reconoce-contaminacion-de-escena-en-ultimo-refugio-de-el-mencho\/"]}]},{"@type":"ImageObject","inLanguage":"es","@id":"https:\/\/fuentesfidedignas.com.mx\/index.php\/2026\/03\/16\/fgr-reconoce-contaminacion-de-escena-en-ultimo-refugio-de-el-mencho\/#primaryimage","url":"https:\/\/fuentesfidedignas.com.mx\/wp-content\/uploads\/2026\/03\/img_5209.png","contentUrl":"https:\/\/fuentesfidedignas.com.mx\/wp-content\/uploads\/2026\/03\/img_5209.png","width":375,"height":249},{"@type":"BreadcrumbList","@id":"https:\/\/fuentesfidedignas.com.mx\/index.php\/2026\/03\/16\/fgr-reconoce-contaminacion-de-escena-en-ultimo-refugio-de-el-mencho\/#breadcrumb","itemListElement":[{"@type":"ListItem","position":1,"name":"Inicio","item":"https:\/\/fuentesfidedignas.com.mx\/"},{"@type":"ListItem","position":2,"name":"FGR reconoce contaminaci\u00f3n de escena en \u00faltimo refugio de \u2018El Mencho\u2019"}]},{"@type":"WebSite","@id":"https:\/\/fuentesfidedignas.com.mx\/#website","url":"https:\/\/fuentesfidedignas.com.mx\/","name":"Fuentes Fidedignas","description":"Otro sitio realizado con WordPress","publisher":{"@id":"https:\/\/fuentesfidedignas.com.mx\/#organization"},"potentialAction":[{"@type":"SearchAction","target":{"@type":"EntryPoint","urlTemplate":"https:\/\/fuentesfidedignas.com.mx\/?s={search_term_string}"},"query-input":{"@type":"PropertyValueSpecification","valueRequired":true,"valueName":"search_term_string"}}],"inLanguage":"es"},{"@type":"Organization","@id":"https:\/\/fuentesfidedignas.com.mx\/#organization","name":"Fuentes Fidedignas","url":"https:\/\/fuentesfidedignas.com.mx\/","logo":{"@type":"ImageObject","inLanguage":"es","@id":"https:\/\/fuentesfidedignas.com.mx\/#\/schema\/logo\/image\/","url":"https:\/\/fuentesfidedignas.com.mx\/wp-content\/uploads\/2021\/04\/logo-retina.png","contentUrl":"https:\/\/fuentesfidedignas.com.mx\/wp-content\/uploads\/2021\/04\/logo-retina.png","width":280,"height":51,"caption":"Fuentes Fidedignas"},"image":{"@id":"https:\/\/fuentesfidedignas.com.mx\/#\/schema\/logo\/image\/"},"sameAs":["https:\/\/www.facebook.com\/Fuentes-Fidedignas-368234489921644","https:\/\/x.com\/fidedignas"]},{"@type":"Person","@id":"https:\/\/fuentesfidedignas.com.mx\/#\/schema\/person\/ec4edd1fbf5efa3e44fce34fe2787780","name":"Exc\u00e9lsior","image":{"@type":"ImageObject","inLanguage":"es","@id":"https:\/\/secure.gravatar.com\/avatar\/4b7ee9206b48be08447852b3f0814dbc7c0f3b51541b164f1464a2725614020b?s=96&d=mm&r=g","url":"https:\/\/secure.gravatar.com\/avatar\/4b7ee9206b48be08447852b3f0814dbc7c0f3b51541b164f1464a2725614020b?s=96&d=mm&r=g","contentUrl":"https:\/\/secure.gravatar.com\/avatar\/4b7ee9206b48be08447852b3f0814dbc7c0f3b51541b164f1464a2725614020b?s=96&d=mm&r=g","caption":"Exc\u00e9lsior"},"url":"https:\/\/fuentesfidedignas.com.mx\/index.php\/author\/excelsior\/"}]}},"_links":{"self":[{"href":"https:\/\/fuentesfidedignas.com.mx\/index.php\/wp-json\/wp\/v2\/posts\/129421","targetHints":{"allow":["GET"]}}],"collection":[{"href":"https:\/\/fuentesfidedignas.com.mx\/index.php\/wp-json\/wp\/v2\/posts"}],"about":[{"href":"https:\/\/fuentesfidedignas.com.mx\/index.php\/wp-json\/wp\/v2\/types\/post"}],"author":[{"embeddable":true,"href":"https:\/\/fuentesfidedignas.com.mx\/index.php\/wp-json\/wp\/v2\/users\/7"}],"replies":[{"embeddable":true,"href":"https:\/\/fuentesfidedignas.com.mx\/index.php\/wp-json\/wp\/v2\/comments?post=129421"}],"version-history":[{"count":1,"href":"https:\/\/fuentesfidedignas.com.mx\/index.php\/wp-json\/wp\/v2\/posts\/129421\/revisions"}],"predecessor-version":[{"id":129422,"href":"https:\/\/fuentesfidedignas.com.mx\/index.php\/wp-json\/wp\/v2\/posts\/129421\/revisions\/129422"}],"wp:featuredmedia":[{"embeddable":true,"href":"https:\/\/fuentesfidedignas.com.mx\/index.php\/wp-json\/wp\/v2\/media\/129420"}],"wp:attachment":[{"href":"https:\/\/fuentesfidedignas.com.mx\/index.php\/wp-json\/wp\/v2\/media?parent=129421"}],"wp:term":[{"taxonomy":"category","embeddable":true,"href":"https:\/\/fuentesfidedignas.com.mx\/index.php\/wp-json\/wp\/v2\/categories?post=129421"},{"taxonomy":"post_tag","embeddable":true,"href":"https:\/\/fuentesfidedignas.com.mx\/index.php\/wp-json\/wp\/v2\/tags?post=129421"}],"curies":[{"name":"wp","href":"https:\/\/api.w.org\/{rel}","templated":true}]}}