{"id":129360,"date":"2026-03-15T11:55:40","date_gmt":"2026-03-15T18:55:40","guid":{"rendered":"https:\/\/fuentesfidedignas.com.mx\/?p=129360"},"modified":"2026-03-15T12:03:34","modified_gmt":"2026-03-15T19:03:34","slug":"la-ausencia-de-jesus-valdes-el-silencio-tambien-es-una-forma-de-presencia","status":"publish","type":"post","link":"https:\/\/fuentesfidedignas.com.mx\/index.php\/2026\/03\/15\/la-ausencia-de-jesus-valdes-el-silencio-tambien-es-una-forma-de-presencia\/","title":{"rendered":"La ausencia de Jes\u00fas Vald\u00e9s: el silencio tambi\u00e9n es una forma de presencia"},"content":{"rendered":"\n<p class=\"p1\">En la pol\u00edtica, la ausencia no siempre significa retiro. A veces es una pausa estrat\u00e9gica, otras una etapa de recomposici\u00f3n y, en no pocas ocasiones, una forma silenciosa de medir los tiempos. En Sinaloa, donde la pol\u00edtica se mueve tanto en los escenarios p\u00fablicos como en los pasillos discretos del poder, el silencio de Jes\u00fas Vald\u00e9s Palazuelos ha comenzado a generar una pregunta cada vez m\u00e1s frecuente: \u00bfd\u00f3nde est\u00e1?<\/p>\n\n\n\n<p class=\"p1\">No se trata de una interrogante menor. Vald\u00e9s Palazuelos no es un actor marginal en la historia pol\u00edtica reciente del estado. Fue diputado local, diputado federal y presidente municipal de Culiac\u00e1n, cargos que lo colocaron durante a\u00f1os en una posici\u00f3n central dentro de la vida p\u00fablica sinaloense. Su carrera, construida inicialmente desde las filas del Partido Revolucionario Institucional, lo convirti\u00f3 en uno de los perfiles con mayor capacidad electoral en la regi\u00f3n.<\/p>\n\n\n\n<p class=\"p1\">Quienes siguen de cerca la pol\u00edtica local saben que hay pol\u00edticos que viven del cargo y otros que viven de su capital pol\u00edtico. Vald\u00e9s pertenece a esta segunda categor\u00eda. Incluso sus cr\u00edticos reconocen que posee algo que no se construye de la noche a la ma\u00f1ana: una base social que lo identifica, lo recuerda y, en muchos casos, lo extra\u00f1a en la escena p\u00fablica.<\/p>\n\n\n\n<p class=\"p1\">Su decisi\u00f3n de competir por el Senado bajo las siglas del Partido Verde Ecologista de M\u00e9xico, aliado de Movimiento Regeneraci\u00f3n Nacional, fue una se\u00f1al clara de que su proyecto pol\u00edtico no estaba terminado, sino en transformaci\u00f3n. Aquella candidatura marc\u00f3 una transici\u00f3n pol\u00edtica que, aunque no se tradujo de inmediato en un nuevo cargo p\u00fablico, s\u00ed dej\u00f3 claro que Vald\u00e9s estaba dispuesto a reconfigurar su espacio dentro del nuevo mapa pol\u00edtico nacional.<\/p>\n\n\n\n<p class=\"p1\">Hoy, mientras otras figuras que tambi\u00e9n dejaron el PRI han encontrado nuevas posiciones dentro de la estructura del Partido Verde \u2014como Ricardo Madrid o Cynthia Valenzuela\u2014, la discreci\u00f3n de Vald\u00e9s resulta todav\u00eda m\u00e1s llamativa. No porque haya desaparecido de la pol\u00edtica, sino porque ha elegido mantenerse fuera del ruido.<\/p>\n\n\n\n<p class=\"p1\">Pero en pol\u00edtica, el silencio tambi\u00e9n comunica.<\/p>\n\n\n\n<p class=\"p1\">Y lo hace con mayor fuerza cuando los tiempos electorales comienzan a acercarse. Las elecciones de 2027 en Sinaloa empiezan a perfilarse como un proceso donde los partidos aliados del oficialismo tendr\u00e1n que definir no solo estrategias, sino tambi\u00e9n liderazgos con capacidad real de competir.<\/p>\n\n\n\n<p class=\"p1\">En ese escenario, el Partido Verde aparece como una fuerza pol\u00edtica cada vez m\u00e1s relevante. Lo que durante a\u00f1os fue visto como un partido acompa\u00f1ante hoy empieza a adquirir un papel propio dentro del equilibrio de poder regional. Y cuando un partido gana peso, inevitablemente surge la pregunta sobre qui\u00e9n puede encabezar sus aspiraciones mayores.<\/p>\n\n\n\n<p class=\"p1\">Ah\u00ed es donde el nombre de Jes\u00fas Vald\u00e9s vuelve a tener sentido.<\/p>\n\n\n\n<p class=\"p1\">Porque, m\u00e1s all\u00e1 de las coyunturas, hay algo que en pol\u00edtica pesa m\u00e1s que las coyunturas: la estatura pol\u00edtica. Y Vald\u00e9s la tiene. La tiene por experiencia, por estructura territorial y por conocimiento del estado. No es un improvisado ni un reci\u00e9n llegado a las campa\u00f1as; es un pol\u00edtico que ha ganado elecciones, que ha recorrido municipios y que entiende las complejidades sociales y econ\u00f3micas de Sinaloa.<\/p>\n\n\n\n<p class=\"p1\">Ser\u00eda ingenuo pensar que la carrera por la gubernatura ya est\u00e1 definida. En realidad, apenas comienza a dibujarse. Pero si el Partido Verde Ecologista de M\u00e9xico decide jugar un papel verdaderamente protag\u00f3nico en la contienda, necesitar\u00e1 algo m\u00e1s que presencia institucional: necesitar\u00e1 un candidato competitivo.<\/p>\n\n\n\n<p class=\"p1\">Jes\u00fas Vald\u00e9s encaja en ese perfil.<\/p>\n\n\n\n<p class=\"p1\">No solo por su trayectoria, sino porque representa un tipo de liderazgo regional que todav\u00eda tiene eco en amplios sectores de la sociedad. En un estado donde la pol\u00edtica se gana tanto en las urnas como en la cercan\u00eda con la gente, esa conexi\u00f3n social no es un detalle menor.<\/p>\n\n\n\n<p class=\"p1\">Por eso la pregunta que hoy circula en caf\u00e9s, redacciones y reuniones pol\u00edticas no es solo d\u00f3nde est\u00e1 Jes\u00fas Vald\u00e9s. La pregunta de fondo es otra: si su silencio es simplemente una pausa\u2026 o el preludio de un nuevo cap\u00edtulo.<\/p>\n\n\n\n<p class=\"p1\">Como alguna vez escribi\u00f3 Octavio Paz, \u201clo que el silencio revela, a veces, dice m\u00e1s que las palabras\u201d.<\/p>\n\n\n\n<p class=\"p1\">Y en pol\u00edtica, los silencios largos casi siempre anuncian movimientos importantes.<\/p>\n","protected":false},"excerpt":{"rendered":"<p>En la pol\u00edtica, la ausencia no siempre significa retiro. A veces es una pausa estrat\u00e9gica, otras una etapa de recomposici\u00f3n y, en no pocas ocasiones, una forma silenciosa de medir los tiempos. En Sinaloa, donde la pol\u00edtica se mueve tanto en los escenarios p\u00fablicos como en los pasillos discretos del poder, el silencio de Jes\u00fas [&hellip;]<\/p>\n","protected":false},"author":140,"featured_media":129359,"comment_status":"closed","ping_status":"open","sticky":false,"template":"","format":"standard","meta":{"tdm_status":"","tdm_grid_status":"","footnotes":""},"categories":[3064,3086],"tags":[],"class_list":{"0":"post-129360","1":"post","2":"type-post","3":"status-publish","4":"format-standard","5":"has-post-thumbnail","7":"category-columnas","8":"category-cuando-el-rio-suena"},"yoast_head":"<!-- This site is optimized with the Yoast SEO plugin v27.5 - https:\/\/yoast.com\/product\/yoast-seo-wordpress\/ -->\n<title>La ausencia de Jes\u00fas Vald\u00e9s: el silencio tambi\u00e9n es una forma de presencia - Fuentes Fidedignas<\/title>\n<meta name=\"robots\" content=\"index, follow, max-snippet:-1, max-image-preview:large, max-video-preview:-1\" \/>\n<link rel=\"canonical\" href=\"https:\/\/fuentesfidedignas.com.mx\/index.php\/2026\/03\/15\/la-ausencia-de-jesus-valdes-el-silencio-tambien-es-una-forma-de-presencia\/\" \/>\n<meta property=\"og:locale\" content=\"es_MX\" \/>\n<meta property=\"og:type\" content=\"article\" \/>\n<meta property=\"og:title\" content=\"La ausencia de Jes\u00fas Vald\u00e9s: el silencio tambi\u00e9n es una forma de presencia - Fuentes Fidedignas\" \/>\n<meta property=\"og:description\" content=\"En la pol\u00edtica, la ausencia no siempre significa retiro. A veces es una pausa estrat\u00e9gica, otras una etapa de recomposici\u00f3n y, en no pocas ocasiones, una forma silenciosa de medir los tiempos. En Sinaloa, donde la pol\u00edtica se mueve tanto en los escenarios p\u00fablicos como en los pasillos discretos del poder, el silencio de Jes\u00fas [&hellip;]\" \/>\n<meta property=\"og:url\" content=\"https:\/\/fuentesfidedignas.com.mx\/index.php\/2026\/03\/15\/la-ausencia-de-jesus-valdes-el-silencio-tambien-es-una-forma-de-presencia\/\" \/>\n<meta property=\"og:site_name\" content=\"Fuentes Fidedignas\" \/>\n<meta property=\"article:publisher\" content=\"https:\/\/www.facebook.com\/Fuentes-Fidedignas-368234489921644\" \/>\n<meta property=\"article:published_time\" content=\"2026-03-15T18:55:40+00:00\" \/>\n<meta property=\"article:modified_time\" content=\"2026-03-15T19:03:34+00:00\" \/>\n<meta property=\"og:image\" content=\"https:\/\/fuentesfidedignas.com.mx\/wp-content\/uploads\/2026\/03\/5a6b5ff3-df68-48ca-be24-9084a774b815.jpeg\" \/>\n\t<meta property=\"og:image:width\" content=\"952\" \/>\n\t<meta property=\"og:image:height\" content=\"894\" \/>\n\t<meta property=\"og:image:type\" content=\"image\/jpeg\" \/>\n<meta name=\"author\" content=\"F.F\" \/>\n<meta name=\"twitter:card\" content=\"summary_large_image\" \/>\n<meta name=\"twitter:creator\" content=\"@fidedignas\" \/>\n<meta name=\"twitter:site\" content=\"@fidedignas\" \/>\n<meta name=\"twitter:label1\" content=\"Escrito por\" \/>\n\t<meta name=\"twitter:data1\" content=\"F.F\" \/>\n\t<meta name=\"twitter:label2\" content=\"Tiempo de lectura\" \/>\n\t<meta name=\"twitter:data2\" content=\"4 minutos\" \/>\n<script type=\"application\/ld+json\" class=\"yoast-schema-graph\">{\"@context\":\"https:\\\/\\\/schema.org\",\"@graph\":[{\"@type\":\"Article\",\"@id\":\"https:\\\/\\\/fuentesfidedignas.com.mx\\\/index.php\\\/2026\\\/03\\\/15\\\/la-ausencia-de-jesus-valdes-el-silencio-tambien-es-una-forma-de-presencia\\\/#article\",\"isPartOf\":{\"@id\":\"https:\\\/\\\/fuentesfidedignas.com.mx\\\/index.php\\\/2026\\\/03\\\/15\\\/la-ausencia-de-jesus-valdes-el-silencio-tambien-es-una-forma-de-presencia\\\/\"},\"author\":{\"name\":\"F.F\",\"@id\":\"https:\\\/\\\/fuentesfidedignas.com.mx\\\/#\\\/schema\\\/person\\\/257ce668995e70619a0423d4063f7539\"},\"headline\":\"La ausencia de Jes\u00fas Vald\u00e9s: el silencio tambi\u00e9n es una forma de presencia\",\"datePublished\":\"2026-03-15T18:55:40+00:00\",\"dateModified\":\"2026-03-15T19:03:34+00:00\",\"mainEntityOfPage\":{\"@id\":\"https:\\\/\\\/fuentesfidedignas.com.mx\\\/index.php\\\/2026\\\/03\\\/15\\\/la-ausencia-de-jesus-valdes-el-silencio-tambien-es-una-forma-de-presencia\\\/\"},\"wordCount\":776,\"publisher\":{\"@id\":\"https:\\\/\\\/fuentesfidedignas.com.mx\\\/#organization\"},\"image\":{\"@id\":\"https:\\\/\\\/fuentesfidedignas.com.mx\\\/index.php\\\/2026\\\/03\\\/15\\\/la-ausencia-de-jesus-valdes-el-silencio-tambien-es-una-forma-de-presencia\\\/#primaryimage\"},\"thumbnailUrl\":\"https:\\\/\\\/fuentesfidedignas.com.mx\\\/wp-content\\\/uploads\\\/2026\\\/03\\\/5a6b5ff3-df68-48ca-be24-9084a774b815.jpeg\",\"articleSection\":[\"COLUMNAS\",\"CUANDO EL RIO SUENA\"],\"inLanguage\":\"es\"},{\"@type\":\"WebPage\",\"@id\":\"https:\\\/\\\/fuentesfidedignas.com.mx\\\/index.php\\\/2026\\\/03\\\/15\\\/la-ausencia-de-jesus-valdes-el-silencio-tambien-es-una-forma-de-presencia\\\/\",\"url\":\"https:\\\/\\\/fuentesfidedignas.com.mx\\\/index.php\\\/2026\\\/03\\\/15\\\/la-ausencia-de-jesus-valdes-el-silencio-tambien-es-una-forma-de-presencia\\\/\",\"name\":\"La ausencia de Jes\u00fas Vald\u00e9s: el silencio tambi\u00e9n es una forma de presencia - Fuentes Fidedignas\",\"isPartOf\":{\"@id\":\"https:\\\/\\\/fuentesfidedignas.com.mx\\\/#website\"},\"primaryImageOfPage\":{\"@id\":\"https:\\\/\\\/fuentesfidedignas.com.mx\\\/index.php\\\/2026\\\/03\\\/15\\\/la-ausencia-de-jesus-valdes-el-silencio-tambien-es-una-forma-de-presencia\\\/#primaryimage\"},\"image\":{\"@id\":\"https:\\\/\\\/fuentesfidedignas.com.mx\\\/index.php\\\/2026\\\/03\\\/15\\\/la-ausencia-de-jesus-valdes-el-silencio-tambien-es-una-forma-de-presencia\\\/#primaryimage\"},\"thumbnailUrl\":\"https:\\\/\\\/fuentesfidedignas.com.mx\\\/wp-content\\\/uploads\\\/2026\\\/03\\\/5a6b5ff3-df68-48ca-be24-9084a774b815.jpeg\",\"datePublished\":\"2026-03-15T18:55:40+00:00\",\"dateModified\":\"2026-03-15T19:03:34+00:00\",\"breadcrumb\":{\"@id\":\"https:\\\/\\\/fuentesfidedignas.com.mx\\\/index.php\\\/2026\\\/03\\\/15\\\/la-ausencia-de-jesus-valdes-el-silencio-tambien-es-una-forma-de-presencia\\\/#breadcrumb\"},\"inLanguage\":\"es\",\"potentialAction\":[{\"@type\":\"ReadAction\",\"target\":[\"https:\\\/\\\/fuentesfidedignas.com.mx\\\/index.php\\\/2026\\\/03\\\/15\\\/la-ausencia-de-jesus-valdes-el-silencio-tambien-es-una-forma-de-presencia\\\/\"]}]},{\"@type\":\"ImageObject\",\"inLanguage\":\"es\",\"@id\":\"https:\\\/\\\/fuentesfidedignas.com.mx\\\/index.php\\\/2026\\\/03\\\/15\\\/la-ausencia-de-jesus-valdes-el-silencio-tambien-es-una-forma-de-presencia\\\/#primaryimage\",\"url\":\"https:\\\/\\\/fuentesfidedignas.com.mx\\\/wp-content\\\/uploads\\\/2026\\\/03\\\/5a6b5ff3-df68-48ca-be24-9084a774b815.jpeg\",\"contentUrl\":\"https:\\\/\\\/fuentesfidedignas.com.mx\\\/wp-content\\\/uploads\\\/2026\\\/03\\\/5a6b5ff3-df68-48ca-be24-9084a774b815.jpeg\",\"width\":952,\"height\":894},{\"@type\":\"BreadcrumbList\",\"@id\":\"https:\\\/\\\/fuentesfidedignas.com.mx\\\/index.php\\\/2026\\\/03\\\/15\\\/la-ausencia-de-jesus-valdes-el-silencio-tambien-es-una-forma-de-presencia\\\/#breadcrumb\",\"itemListElement\":[{\"@type\":\"ListItem\",\"position\":1,\"name\":\"Inicio\",\"item\":\"https:\\\/\\\/fuentesfidedignas.com.mx\\\/\"},{\"@type\":\"ListItem\",\"position\":2,\"name\":\"La ausencia de Jes\u00fas Vald\u00e9s: el silencio tambi\u00e9n es una forma de presencia\"}]},{\"@type\":\"WebSite\",\"@id\":\"https:\\\/\\\/fuentesfidedignas.com.mx\\\/#website\",\"url\":\"https:\\\/\\\/fuentesfidedignas.com.mx\\\/\",\"name\":\"Fuentes Fidedignas\",\"description\":\"Otro sitio realizado con WordPress\",\"publisher\":{\"@id\":\"https:\\\/\\\/fuentesfidedignas.com.mx\\\/#organization\"},\"potentialAction\":[{\"@type\":\"SearchAction\",\"target\":{\"@type\":\"EntryPoint\",\"urlTemplate\":\"https:\\\/\\\/fuentesfidedignas.com.mx\\\/?s={search_term_string}\"},\"query-input\":{\"@type\":\"PropertyValueSpecification\",\"valueRequired\":true,\"valueName\":\"search_term_string\"}}],\"inLanguage\":\"es\"},{\"@type\":\"Organization\",\"@id\":\"https:\\\/\\\/fuentesfidedignas.com.mx\\\/#organization\",\"name\":\"Fuentes Fidedignas\",\"url\":\"https:\\\/\\\/fuentesfidedignas.com.mx\\\/\",\"logo\":{\"@type\":\"ImageObject\",\"inLanguage\":\"es\",\"@id\":\"https:\\\/\\\/fuentesfidedignas.com.mx\\\/#\\\/schema\\\/logo\\\/image\\\/\",\"url\":\"https:\\\/\\\/fuentesfidedignas.com.mx\\\/wp-content\\\/uploads\\\/2021\\\/04\\\/logo-retina.png\",\"contentUrl\":\"https:\\\/\\\/fuentesfidedignas.com.mx\\\/wp-content\\\/uploads\\\/2021\\\/04\\\/logo-retina.png\",\"width\":280,\"height\":51,\"caption\":\"Fuentes Fidedignas\"},\"image\":{\"@id\":\"https:\\\/\\\/fuentesfidedignas.com.mx\\\/#\\\/schema\\\/logo\\\/image\\\/\"},\"sameAs\":[\"https:\\\/\\\/www.facebook.com\\\/Fuentes-Fidedignas-368234489921644\",\"https:\\\/\\\/x.com\\\/fidedignas\"]},{\"@type\":\"Person\",\"@id\":\"https:\\\/\\\/fuentesfidedignas.com.mx\\\/#\\\/schema\\\/person\\\/257ce668995e70619a0423d4063f7539\",\"name\":\"F.F\",\"image\":{\"@type\":\"ImageObject\",\"inLanguage\":\"es\",\"@id\":\"https:\\\/\\\/secure.gravatar.com\\\/avatar\\\/852c26b8e524fd0d5d40b1dd4f3b01abe244b22e1008620d24eeae20a74a9353?s=96&d=mm&r=g\",\"url\":\"https:\\\/\\\/secure.gravatar.com\\\/avatar\\\/852c26b8e524fd0d5d40b1dd4f3b01abe244b22e1008620d24eeae20a74a9353?s=96&d=mm&r=g\",\"contentUrl\":\"https:\\\/\\\/secure.gravatar.com\\\/avatar\\\/852c26b8e524fd0d5d40b1dd4f3b01abe244b22e1008620d24eeae20a74a9353?s=96&d=mm&r=g\",\"caption\":\"F.F\"},\"url\":\"https:\\\/\\\/fuentesfidedignas.com.mx\\\/index.php\\\/author\\\/f-f\\\/\"}]}<\/script>\n<!-- \/ Yoast SEO plugin. -->","yoast_head_json":{"title":"La ausencia de Jes\u00fas Vald\u00e9s: el silencio tambi\u00e9n es una forma de presencia - Fuentes Fidedignas","robots":{"index":"index","follow":"follow","max-snippet":"max-snippet:-1","max-image-preview":"max-image-preview:large","max-video-preview":"max-video-preview:-1"},"canonical":"https:\/\/fuentesfidedignas.com.mx\/index.php\/2026\/03\/15\/la-ausencia-de-jesus-valdes-el-silencio-tambien-es-una-forma-de-presencia\/","og_locale":"es_MX","og_type":"article","og_title":"La ausencia de Jes\u00fas Vald\u00e9s: el silencio tambi\u00e9n es una forma de presencia - Fuentes Fidedignas","og_description":"En la pol\u00edtica, la ausencia no siempre significa retiro. A veces es una pausa estrat\u00e9gica, otras una etapa de recomposici\u00f3n y, en no pocas ocasiones, una forma silenciosa de medir los tiempos. En Sinaloa, donde la pol\u00edtica se mueve tanto en los escenarios p\u00fablicos como en los pasillos discretos del poder, el silencio de Jes\u00fas [&hellip;]","og_url":"https:\/\/fuentesfidedignas.com.mx\/index.php\/2026\/03\/15\/la-ausencia-de-jesus-valdes-el-silencio-tambien-es-una-forma-de-presencia\/","og_site_name":"Fuentes Fidedignas","article_publisher":"https:\/\/www.facebook.com\/Fuentes-Fidedignas-368234489921644","article_published_time":"2026-03-15T18:55:40+00:00","article_modified_time":"2026-03-15T19:03:34+00:00","og_image":[{"width":952,"height":894,"url":"https:\/\/fuentesfidedignas.com.mx\/wp-content\/uploads\/2026\/03\/5a6b5ff3-df68-48ca-be24-9084a774b815.jpeg","type":"image\/jpeg"}],"author":"F.F","twitter_card":"summary_large_image","twitter_creator":"@fidedignas","twitter_site":"@fidedignas","twitter_misc":{"Escrito por":"F.F","Tiempo de lectura":"4 minutos"},"schema":{"@context":"https:\/\/schema.org","@graph":[{"@type":"Article","@id":"https:\/\/fuentesfidedignas.com.mx\/index.php\/2026\/03\/15\/la-ausencia-de-jesus-valdes-el-silencio-tambien-es-una-forma-de-presencia\/#article","isPartOf":{"@id":"https:\/\/fuentesfidedignas.com.mx\/index.php\/2026\/03\/15\/la-ausencia-de-jesus-valdes-el-silencio-tambien-es-una-forma-de-presencia\/"},"author":{"name":"F.F","@id":"https:\/\/fuentesfidedignas.com.mx\/#\/schema\/person\/257ce668995e70619a0423d4063f7539"},"headline":"La ausencia de Jes\u00fas Vald\u00e9s: el silencio tambi\u00e9n es una forma de presencia","datePublished":"2026-03-15T18:55:40+00:00","dateModified":"2026-03-15T19:03:34+00:00","mainEntityOfPage":{"@id":"https:\/\/fuentesfidedignas.com.mx\/index.php\/2026\/03\/15\/la-ausencia-de-jesus-valdes-el-silencio-tambien-es-una-forma-de-presencia\/"},"wordCount":776,"publisher":{"@id":"https:\/\/fuentesfidedignas.com.mx\/#organization"},"image":{"@id":"https:\/\/fuentesfidedignas.com.mx\/index.php\/2026\/03\/15\/la-ausencia-de-jesus-valdes-el-silencio-tambien-es-una-forma-de-presencia\/#primaryimage"},"thumbnailUrl":"https:\/\/fuentesfidedignas.com.mx\/wp-content\/uploads\/2026\/03\/5a6b5ff3-df68-48ca-be24-9084a774b815.jpeg","articleSection":["COLUMNAS","CUANDO EL RIO SUENA"],"inLanguage":"es"},{"@type":"WebPage","@id":"https:\/\/fuentesfidedignas.com.mx\/index.php\/2026\/03\/15\/la-ausencia-de-jesus-valdes-el-silencio-tambien-es-una-forma-de-presencia\/","url":"https:\/\/fuentesfidedignas.com.mx\/index.php\/2026\/03\/15\/la-ausencia-de-jesus-valdes-el-silencio-tambien-es-una-forma-de-presencia\/","name":"La ausencia de Jes\u00fas Vald\u00e9s: el silencio tambi\u00e9n es una forma de presencia - Fuentes Fidedignas","isPartOf":{"@id":"https:\/\/fuentesfidedignas.com.mx\/#website"},"primaryImageOfPage":{"@id":"https:\/\/fuentesfidedignas.com.mx\/index.php\/2026\/03\/15\/la-ausencia-de-jesus-valdes-el-silencio-tambien-es-una-forma-de-presencia\/#primaryimage"},"image":{"@id":"https:\/\/fuentesfidedignas.com.mx\/index.php\/2026\/03\/15\/la-ausencia-de-jesus-valdes-el-silencio-tambien-es-una-forma-de-presencia\/#primaryimage"},"thumbnailUrl":"https:\/\/fuentesfidedignas.com.mx\/wp-content\/uploads\/2026\/03\/5a6b5ff3-df68-48ca-be24-9084a774b815.jpeg","datePublished":"2026-03-15T18:55:40+00:00","dateModified":"2026-03-15T19:03:34+00:00","breadcrumb":{"@id":"https:\/\/fuentesfidedignas.com.mx\/index.php\/2026\/03\/15\/la-ausencia-de-jesus-valdes-el-silencio-tambien-es-una-forma-de-presencia\/#breadcrumb"},"inLanguage":"es","potentialAction":[{"@type":"ReadAction","target":["https:\/\/fuentesfidedignas.com.mx\/index.php\/2026\/03\/15\/la-ausencia-de-jesus-valdes-el-silencio-tambien-es-una-forma-de-presencia\/"]}]},{"@type":"ImageObject","inLanguage":"es","@id":"https:\/\/fuentesfidedignas.com.mx\/index.php\/2026\/03\/15\/la-ausencia-de-jesus-valdes-el-silencio-tambien-es-una-forma-de-presencia\/#primaryimage","url":"https:\/\/fuentesfidedignas.com.mx\/wp-content\/uploads\/2026\/03\/5a6b5ff3-df68-48ca-be24-9084a774b815.jpeg","contentUrl":"https:\/\/fuentesfidedignas.com.mx\/wp-content\/uploads\/2026\/03\/5a6b5ff3-df68-48ca-be24-9084a774b815.jpeg","width":952,"height":894},{"@type":"BreadcrumbList","@id":"https:\/\/fuentesfidedignas.com.mx\/index.php\/2026\/03\/15\/la-ausencia-de-jesus-valdes-el-silencio-tambien-es-una-forma-de-presencia\/#breadcrumb","itemListElement":[{"@type":"ListItem","position":1,"name":"Inicio","item":"https:\/\/fuentesfidedignas.com.mx\/"},{"@type":"ListItem","position":2,"name":"La ausencia de Jes\u00fas Vald\u00e9s: el silencio tambi\u00e9n es una forma de presencia"}]},{"@type":"WebSite","@id":"https:\/\/fuentesfidedignas.com.mx\/#website","url":"https:\/\/fuentesfidedignas.com.mx\/","name":"Fuentes Fidedignas","description":"Otro sitio realizado con WordPress","publisher":{"@id":"https:\/\/fuentesfidedignas.com.mx\/#organization"},"potentialAction":[{"@type":"SearchAction","target":{"@type":"EntryPoint","urlTemplate":"https:\/\/fuentesfidedignas.com.mx\/?s={search_term_string}"},"query-input":{"@type":"PropertyValueSpecification","valueRequired":true,"valueName":"search_term_string"}}],"inLanguage":"es"},{"@type":"Organization","@id":"https:\/\/fuentesfidedignas.com.mx\/#organization","name":"Fuentes Fidedignas","url":"https:\/\/fuentesfidedignas.com.mx\/","logo":{"@type":"ImageObject","inLanguage":"es","@id":"https:\/\/fuentesfidedignas.com.mx\/#\/schema\/logo\/image\/","url":"https:\/\/fuentesfidedignas.com.mx\/wp-content\/uploads\/2021\/04\/logo-retina.png","contentUrl":"https:\/\/fuentesfidedignas.com.mx\/wp-content\/uploads\/2021\/04\/logo-retina.png","width":280,"height":51,"caption":"Fuentes Fidedignas"},"image":{"@id":"https:\/\/fuentesfidedignas.com.mx\/#\/schema\/logo\/image\/"},"sameAs":["https:\/\/www.facebook.com\/Fuentes-Fidedignas-368234489921644","https:\/\/x.com\/fidedignas"]},{"@type":"Person","@id":"https:\/\/fuentesfidedignas.com.mx\/#\/schema\/person\/257ce668995e70619a0423d4063f7539","name":"F.F","image":{"@type":"ImageObject","inLanguage":"es","@id":"https:\/\/secure.gravatar.com\/avatar\/852c26b8e524fd0d5d40b1dd4f3b01abe244b22e1008620d24eeae20a74a9353?s=96&d=mm&r=g","url":"https:\/\/secure.gravatar.com\/avatar\/852c26b8e524fd0d5d40b1dd4f3b01abe244b22e1008620d24eeae20a74a9353?s=96&d=mm&r=g","contentUrl":"https:\/\/secure.gravatar.com\/avatar\/852c26b8e524fd0d5d40b1dd4f3b01abe244b22e1008620d24eeae20a74a9353?s=96&d=mm&r=g","caption":"F.F"},"url":"https:\/\/fuentesfidedignas.com.mx\/index.php\/author\/f-f\/"}]}},"_links":{"self":[{"href":"https:\/\/fuentesfidedignas.com.mx\/index.php\/wp-json\/wp\/v2\/posts\/129360","targetHints":{"allow":["GET"]}}],"collection":[{"href":"https:\/\/fuentesfidedignas.com.mx\/index.php\/wp-json\/wp\/v2\/posts"}],"about":[{"href":"https:\/\/fuentesfidedignas.com.mx\/index.php\/wp-json\/wp\/v2\/types\/post"}],"author":[{"embeddable":true,"href":"https:\/\/fuentesfidedignas.com.mx\/index.php\/wp-json\/wp\/v2\/users\/140"}],"replies":[{"embeddable":true,"href":"https:\/\/fuentesfidedignas.com.mx\/index.php\/wp-json\/wp\/v2\/comments?post=129360"}],"version-history":[{"count":2,"href":"https:\/\/fuentesfidedignas.com.mx\/index.php\/wp-json\/wp\/v2\/posts\/129360\/revisions"}],"predecessor-version":[{"id":129362,"href":"https:\/\/fuentesfidedignas.com.mx\/index.php\/wp-json\/wp\/v2\/posts\/129360\/revisions\/129362"}],"wp:featuredmedia":[{"embeddable":true,"href":"https:\/\/fuentesfidedignas.com.mx\/index.php\/wp-json\/wp\/v2\/media\/129359"}],"wp:attachment":[{"href":"https:\/\/fuentesfidedignas.com.mx\/index.php\/wp-json\/wp\/v2\/media?parent=129360"}],"wp:term":[{"taxonomy":"category","embeddable":true,"href":"https:\/\/fuentesfidedignas.com.mx\/index.php\/wp-json\/wp\/v2\/categories?post=129360"},{"taxonomy":"post_tag","embeddable":true,"href":"https:\/\/fuentesfidedignas.com.mx\/index.php\/wp-json\/wp\/v2\/tags?post=129360"}],"curies":[{"name":"wp","href":"https:\/\/api.w.org\/{rel}","templated":true}]}}