{"id":129281,"date":"2026-03-14T03:00:00","date_gmt":"2026-03-14T10:00:00","guid":{"rendered":"https:\/\/fuentesfidedignas.com.mx\/?p=129281"},"modified":"2026-03-13T21:05:40","modified_gmt":"2026-03-14T04:05:40","slug":"senales-que-podrian-indicar-un-trastorno-del-sueno-en-personas-de-la-tercera-edad","status":"publish","type":"post","link":"https:\/\/fuentesfidedignas.com.mx\/index.php\/2026\/03\/14\/senales-que-podrian-indicar-un-trastorno-del-sueno-en-personas-de-la-tercera-edad\/","title":{"rendered":"Se\u00f1ales que podr\u00edan indicar un trastorno del sue\u00f1o en personas de la tercera edad"},"content":{"rendered":"\n<p><strong><em>Aunque estos cambios forman parte del envejecimiento, algunos s\u00edntomas pueden convertirse en se\u00f1ales de alerta que conviene observar con atenci\u00f3n.<\/em><\/strong><\/p>\n\n\n\n<p>Dormir bien no solo ayuda a sentirse descansado. Tambi\u00e9n influye en el funcionamiento del cerebro, la memoria, el estado de \u00e1nimo y la salud del coraz\u00f3n. Con el paso de los a\u00f1os, muchas personas notan cambios en la forma en que duermen: el descanso puede volverse m\u00e1s ligero, los despertares nocturnos son m\u00e1s frecuentes y el horario de sue\u00f1o suele adelantarse.<\/p>\n\n\n\n<p>Aunque estos cambios forman parte del envejecimiento, algunos s\u00edntomas pueden convertirse en se\u00f1ales de alerta que conviene observar con atenci\u00f3n. Cuando los problemas de sue\u00f1o se vuelven constantes o afectan las actividades diarias, pueden relacionarse con trastornos del sue\u00f1o u otras condiciones m\u00e9dicas.<\/p>\n\n\n\n<p>De acuerdo con MedlinePlus, los trastornos del sue\u00f1o en adultos mayores abarcan cualquier alteraci\u00f3n en los patrones normales de descanso, como dificultad para dormir, sue\u00f1o excesivo o conductas inusuales durante la noche.<\/p>\n\n\n\n<p>El envejecimiento modifica la estructura del sue\u00f1o. Sin embargo, existen s\u00edntomas que pueden indicar que el descanso nocturno no es adecuado o que existe un trastorno del sue\u00f1o.<\/p>\n\n\n\n<p>Entre las se\u00f1ales que conviene vigilar destacan:<\/p>\n\n\n\n<ul class=\"wp-block-list\">\n<li>Dificultad constante para conciliar el sue\u00f1o<\/li>\n\n\n\n<li>Despertarse varias veces durante la noche<\/li>\n\n\n\n<li>Despertar demasiado temprano y no poder volver a dormir<\/li>\n\n\n\n<li>Somnolencia excesiva durante el d\u00eda<\/li>\n\n\n\n<li>Sensaci\u00f3n de cansancio incluso despu\u00e9s de haber dormido<\/li>\n<\/ul>\n\n\n\n<p>Seg\u00fan MedlinePlus, en la tercera edad el sue\u00f1o suele ser m\u00e1s fragmentado y menos profundo, lo que provoca que muchas personas se despierten varias veces durante la noche. No obstante, cuando estos cambios afectan la vida diaria, pueden indicar un problema que requiere evaluaci\u00f3n m\u00e9dica.<\/p>\n\n\n\n<p>Un estudio publicado por Cornell University, sobre patrones de descanso en adultos mayores encontr\u00f3 que una menor eficiencia del sue\u00f1o se relaciona con un peor desempe\u00f1o en pruebas cognitivas, lo que sugiere que mantener horarios de descanso estables podr\u00eda ayudar a proteger la funci\u00f3n cerebral con la edad.<\/p>\n\n\n\n<p><strong>Se\u00f1ales de dormir mal en la tercera edad<\/strong><br>El insomnio es uno de los trastornos del sue\u00f1o m\u00e1s frecuentes en personas mayores. Se caracteriza por dificultad para iniciar el sue\u00f1o, despertarse varias veces durante la noche o levantarse demasiado temprano por la ma\u00f1ana.<\/p>\n\n\n\n<p>Los especialistas indican que los adultos mayores necesitan entre siete y ocho horas de sue\u00f1o por noche, una recomendaci\u00f3n que tambi\u00e9n respalda la Mayo Clinic. Sin embargo, el descanso suele ser m\u00e1s ligero con el envejecimiento, por lo que muchas personas sienten que duermen menos.Entre los s\u00edntomas m\u00e1s comunes de insomnio en adultos mayores se encuentran:<\/p>\n\n\n\n<ul class=\"wp-block-list\">\n<li>Dificultad para quedarse dormido<\/li>\n\n\n\n<li>Despertares nocturnos frecuentes<\/li>\n\n\n\n<li>Despertar muy temprano<\/li>\n\n\n\n<li>Sensaci\u00f3n de sue\u00f1o no reparador<\/li>\n\n\n\n<li>Cansancio durante el d\u00eda<\/li>\n<\/ul>\n\n\n\n<p>Varios factores pueden contribuir a estos problemas. Las enfermedades cr\u00f3nicas, la depresi\u00f3n, algunos medicamentos, el consumo de cafe\u00edna o alcohol, e incluso cambios naturales en el reloj biol\u00f3gico del cuerpo pueden alterar la calidad del sue\u00f1o.<\/p>\n\n\n\n<p><strong>\u00bfPor qu\u00e9 cambia el sue\u00f1o con la edad?<\/strong><br>El sue\u00f1o cambia con el envejecimiento debido a transformaciones en el funcionamiento del organismo. Los ciclos del sue\u00f1o, que incluyen fases ligeras y profundas, se modifican con el paso de los a\u00f1os.<\/p>\n\n\n\n<p>En los adultos mayores es com\u00fan:<\/p>\n\n\n\n<ul class=\"wp-block-list\">\n<li>Despertarse m\u00e1s temprano<\/li>\n\n\n\n<li>Tener despertares nocturnos m\u00e1s frecuentes<\/li>\n\n\n\n<li>Pasar menos tiempo en las fases profundas del sue\u00f1o<\/li>\n<\/ul>\n\n\n\n<p>Esto ocurre porque el cuerpo reduce el tiempo que permanece en las etapas de descanso profundo, lo que vuelve el sue\u00f1o m\u00e1s ligero. Como consecuencia, ruidos, molestias f\u00edsicas o la necesidad de ir al ba\u00f1o durante la noche pueden interrumpir el descanso con mayor facilidad.<\/p>\n\n\n\n<p>Adem\u00e1s, algunos factores pueden empeorar estos cambios naturales, entre ellos:<\/p>\n\n\n\n<ul class=\"wp-block-list\">\n<li>Enfermedades cr\u00f3nicas como artritis o insuficiencia cardiaca<\/li>\n\n\n\n<li>Dolor persistente<\/li>\n\n\n\n<li>Depresi\u00f3n o ansiedad<\/li>\n\n\n\n<li>Consumo de alcohol o estimulantes<\/li>\n\n\n\n<li>Necesidad de orinar durante la noche<\/li>\n<\/ul>\n\n\n\n<p>Todos estos elementos pueden provocar interrupciones del sue\u00f1o y afectar la calidad del descanso.<\/p>\n\n\n\n<p><strong>Trastornos del sue\u00f1o m\u00e1s frecuentes en personas mayores de 60 a\u00f1os<\/strong><br>Los especialistas identifican varios trastornos del sue\u00f1o que aparecen con mayor frecuencia en la tercera edad.<\/p>\n\n\n\n<ul class=\"wp-block-list\">\n<li><strong>Insomnio cr\u00f3nico:<\/strong> Se presenta cuando existe dificultad persistente para conciliar o mantener el sue\u00f1o.<\/li>\n\n\n\n<li><strong>Apnea del sue\u00f1o:<\/strong> Este trastorno provoca pausas en la respiraci\u00f3n durante la noche. Puede causar ronquidos fuertes, despertares frecuentes y cansancio durante el d\u00eda.<\/li>\n\n\n\n<li><strong>S\u00edndrome de piernas inquietas<\/strong>: Produce una sensaci\u00f3n inc\u00f3moda en las piernas que genera la necesidad de moverlas al intentar dormir.<\/li>\n\n\n\n<li><strong>Somnolencia diurna excesiva: <\/strong>Aparece cuando el descanso nocturno no resulta suficiente o reparador.<\/li>\n<\/ul>\n\n\n\n<p>De acuerdo con Mayo Clinic, los trastornos del sue\u00f1o pueden afectar la salud f\u00edsica y mental, ya que se relacionan con problemas de memoria, cambios en el estado de \u00e1nimo y mayor riesgo de enfermedades cardiovasculares.<\/p>\n\n\n\n<p><strong>Cu\u00e1ndo los problemas de sue\u00f1o requieren atenci\u00f3n m\u00e9dica<\/strong><br>Algunos cambios en el sue\u00f1o forman parte del envejecimiento. Sin embargo, existen situaciones en las que conviene consultar con un especialista. Los expertos recomiendan buscar atenci\u00f3n m\u00e9dica cuando:<\/p>\n\n\n\n<ul class=\"wp-block-list\">\n<li>El insomnio dura varias semanas<\/li>\n\n\n\n<li>El cansancio interfiere con las actividades diarias<\/li>\n\n\n\n<li>Existe somnolencia excesiva durante el d\u00eda<\/li>\n\n\n\n<li>Se presentan ronquidos intensos o pausas en la respiraci\u00f3n<\/li>\n\n\n\n<li>Hay confusi\u00f3n entre el d\u00eda y la noche<\/li>\n<\/ul>\n\n\n\n<p>En estos casos, el m\u00e9dico puede realizar una evaluaci\u00f3n cl\u00ednica para identificar la causa del problema. En algunas situaciones se recomienda un estudio del sue\u00f1o o polisomnograf\u00eda, una prueba que analiza la respiraci\u00f3n, el ritmo card\u00edaco y los movimientos del cuerpo durante la noche.<\/p>\n\n\n\n<p>Adem\u00e1s, los especialistas suelen sugerir medidas para mejorar la calidad del descanso, como mantener horarios regulares para dormir, evitar bebidas estimulantes antes de acostarse, realizar actividad f\u00edsica durante el d\u00eda y crear un ambiente tranquilo en el dormitorio.<\/p>\n\n\n\n<p>Los cambios en el sue\u00f1o son frecuentes con el paso de los a\u00f1os, pero no todos deben considerarse normales. La dificultad persistente para dormir, el cansancio constante o la somnolencia durante el d\u00eda pueden ser se\u00f1ales de alerta que conviene evaluar.<\/p>\n\n\n\n<p>Identificar estos s\u00edntomas y consultar con un especialista permite detectar trastornos del sue\u00f1o o enfermedades relacionadas. Un diagn\u00f3stico oportuno y h\u00e1bitos saludables de descanso pueden contribuir a mejorar la calidad de vida y el bienestar de los adultos mayores.<\/p>\n","protected":false},"excerpt":{"rendered":"<p>Aunque estos cambios forman parte del envejecimiento, algunos s\u00edntomas pueden convertirse en se\u00f1ales de alerta que conviene observar con atenci\u00f3n. Dormir bien no solo ayuda a sentirse descansado. Tambi\u00e9n influye en el funcionamiento del cerebro, la memoria, el estado de \u00e1nimo y la salud del coraz\u00f3n. Con el paso de los a\u00f1os, muchas personas notan [&hellip;]<\/p>\n","protected":false},"author":32,"featured_media":129282,"comment_status":"open","ping_status":"open","sticky":false,"template":"","format":"standard","meta":{"tdm_status":"","tdm_grid_status":"","footnotes":""},"categories":[41,19],"tags":[],"class_list":{"0":"post-129281","1":"post","2":"type-post","3":"status-publish","4":"format-standard","5":"has-post-thumbnail","7":"category-review-magazine","8":"category-reviews"},"yoast_head":"<!-- This site is optimized with the Yoast SEO plugin v27.5 - https:\/\/yoast.com\/product\/yoast-seo-wordpress\/ -->\n<title>Se\u00f1ales que podr\u00edan indicar un trastorno del sue\u00f1o en personas de la tercera edad - Fuentes Fidedignas<\/title>\n<meta name=\"robots\" content=\"index, follow, max-snippet:-1, max-image-preview:large, max-video-preview:-1\" \/>\n<link rel=\"canonical\" href=\"https:\/\/fuentesfidedignas.com.mx\/index.php\/2026\/03\/14\/senales-que-podrian-indicar-un-trastorno-del-sueno-en-personas-de-la-tercera-edad\/\" \/>\n<meta property=\"og:locale\" content=\"es_MX\" \/>\n<meta property=\"og:type\" content=\"article\" \/>\n<meta property=\"og:title\" content=\"Se\u00f1ales que podr\u00edan indicar un trastorno del sue\u00f1o en personas de la tercera edad - Fuentes Fidedignas\" \/>\n<meta property=\"og:description\" content=\"Aunque estos cambios forman parte del envejecimiento, algunos s\u00edntomas pueden convertirse en se\u00f1ales de alerta que conviene observar con atenci\u00f3n. Dormir bien no solo ayuda a sentirse descansado. Tambi\u00e9n influye en el funcionamiento del cerebro, la memoria, el estado de \u00e1nimo y la salud del coraz\u00f3n. Con el paso de los a\u00f1os, muchas personas notan [&hellip;]\" \/>\n<meta property=\"og:url\" content=\"https:\/\/fuentesfidedignas.com.mx\/index.php\/2026\/03\/14\/senales-que-podrian-indicar-un-trastorno-del-sueno-en-personas-de-la-tercera-edad\/\" \/>\n<meta property=\"og:site_name\" content=\"Fuentes Fidedignas\" \/>\n<meta property=\"article:publisher\" content=\"https:\/\/www.facebook.com\/Fuentes-Fidedignas-368234489921644\" \/>\n<meta property=\"article:published_time\" content=\"2026-03-14T10:00:00+00:00\" \/>\n<meta property=\"og:image\" content=\"https:\/\/fuentesfidedignas.com.mx\/wp-content\/uploads\/2026\/03\/persona-mayor-dormida.jpg\" \/>\n\t<meta property=\"og:image:width\" content=\"500\" \/>\n\t<meta property=\"og:image:height\" content=\"375\" \/>\n\t<meta property=\"og:image:type\" content=\"image\/jpeg\" \/>\n<meta name=\"author\" content=\"Salud 180\" \/>\n<meta name=\"twitter:card\" content=\"summary_large_image\" \/>\n<meta name=\"twitter:creator\" content=\"@fidedignas\" \/>\n<meta name=\"twitter:site\" content=\"@fidedignas\" \/>\n<meta name=\"twitter:label1\" content=\"Escrito por\" \/>\n\t<meta name=\"twitter:data1\" content=\"Salud 180\" \/>\n\t<meta name=\"twitter:label2\" content=\"Tiempo de lectura\" \/>\n\t<meta name=\"twitter:data2\" content=\"5 minutos\" \/>\n<script type=\"application\/ld+json\" class=\"yoast-schema-graph\">{\"@context\":\"https:\\\/\\\/schema.org\",\"@graph\":[{\"@type\":\"Article\",\"@id\":\"https:\\\/\\\/fuentesfidedignas.com.mx\\\/index.php\\\/2026\\\/03\\\/14\\\/senales-que-podrian-indicar-un-trastorno-del-sueno-en-personas-de-la-tercera-edad\\\/#article\",\"isPartOf\":{\"@id\":\"https:\\\/\\\/fuentesfidedignas.com.mx\\\/index.php\\\/2026\\\/03\\\/14\\\/senales-que-podrian-indicar-un-trastorno-del-sueno-en-personas-de-la-tercera-edad\\\/\"},\"author\":{\"name\":\"Salud 180\",\"@id\":\"https:\\\/\\\/fuentesfidedignas.com.mx\\\/#\\\/schema\\\/person\\\/60c11cde5bcee2df31d84e64ad36f129\"},\"headline\":\"Se\u00f1ales que podr\u00edan indicar un trastorno del sue\u00f1o en personas de la tercera edad\",\"datePublished\":\"2026-03-14T10:00:00+00:00\",\"mainEntityOfPage\":{\"@id\":\"https:\\\/\\\/fuentesfidedignas.com.mx\\\/index.php\\\/2026\\\/03\\\/14\\\/senales-que-podrian-indicar-un-trastorno-del-sueno-en-personas-de-la-tercera-edad\\\/\"},\"wordCount\":1124,\"commentCount\":0,\"publisher\":{\"@id\":\"https:\\\/\\\/fuentesfidedignas.com.mx\\\/#organization\"},\"image\":{\"@id\":\"https:\\\/\\\/fuentesfidedignas.com.mx\\\/index.php\\\/2026\\\/03\\\/14\\\/senales-que-podrian-indicar-un-trastorno-del-sueno-en-personas-de-la-tercera-edad\\\/#primaryimage\"},\"thumbnailUrl\":\"https:\\\/\\\/fuentesfidedignas.com.mx\\\/wp-content\\\/uploads\\\/2026\\\/03\\\/persona-mayor-dormida.jpg\",\"articleSection\":[\"REVIEW MAGAZINE\",\"Reviews\"],\"inLanguage\":\"es\",\"potentialAction\":[{\"@type\":\"CommentAction\",\"name\":\"Comment\",\"target\":[\"https:\\\/\\\/fuentesfidedignas.com.mx\\\/index.php\\\/2026\\\/03\\\/14\\\/senales-que-podrian-indicar-un-trastorno-del-sueno-en-personas-de-la-tercera-edad\\\/#respond\"]}]},{\"@type\":\"WebPage\",\"@id\":\"https:\\\/\\\/fuentesfidedignas.com.mx\\\/index.php\\\/2026\\\/03\\\/14\\\/senales-que-podrian-indicar-un-trastorno-del-sueno-en-personas-de-la-tercera-edad\\\/\",\"url\":\"https:\\\/\\\/fuentesfidedignas.com.mx\\\/index.php\\\/2026\\\/03\\\/14\\\/senales-que-podrian-indicar-un-trastorno-del-sueno-en-personas-de-la-tercera-edad\\\/\",\"name\":\"Se\u00f1ales que podr\u00edan indicar un trastorno del sue\u00f1o en personas de la tercera edad - Fuentes Fidedignas\",\"isPartOf\":{\"@id\":\"https:\\\/\\\/fuentesfidedignas.com.mx\\\/#website\"},\"primaryImageOfPage\":{\"@id\":\"https:\\\/\\\/fuentesfidedignas.com.mx\\\/index.php\\\/2026\\\/03\\\/14\\\/senales-que-podrian-indicar-un-trastorno-del-sueno-en-personas-de-la-tercera-edad\\\/#primaryimage\"},\"image\":{\"@id\":\"https:\\\/\\\/fuentesfidedignas.com.mx\\\/index.php\\\/2026\\\/03\\\/14\\\/senales-que-podrian-indicar-un-trastorno-del-sueno-en-personas-de-la-tercera-edad\\\/#primaryimage\"},\"thumbnailUrl\":\"https:\\\/\\\/fuentesfidedignas.com.mx\\\/wp-content\\\/uploads\\\/2026\\\/03\\\/persona-mayor-dormida.jpg\",\"datePublished\":\"2026-03-14T10:00:00+00:00\",\"breadcrumb\":{\"@id\":\"https:\\\/\\\/fuentesfidedignas.com.mx\\\/index.php\\\/2026\\\/03\\\/14\\\/senales-que-podrian-indicar-un-trastorno-del-sueno-en-personas-de-la-tercera-edad\\\/#breadcrumb\"},\"inLanguage\":\"es\",\"potentialAction\":[{\"@type\":\"ReadAction\",\"target\":[\"https:\\\/\\\/fuentesfidedignas.com.mx\\\/index.php\\\/2026\\\/03\\\/14\\\/senales-que-podrian-indicar-un-trastorno-del-sueno-en-personas-de-la-tercera-edad\\\/\"]}]},{\"@type\":\"ImageObject\",\"inLanguage\":\"es\",\"@id\":\"https:\\\/\\\/fuentesfidedignas.com.mx\\\/index.php\\\/2026\\\/03\\\/14\\\/senales-que-podrian-indicar-un-trastorno-del-sueno-en-personas-de-la-tercera-edad\\\/#primaryimage\",\"url\":\"https:\\\/\\\/fuentesfidedignas.com.mx\\\/wp-content\\\/uploads\\\/2026\\\/03\\\/persona-mayor-dormida.jpg\",\"contentUrl\":\"https:\\\/\\\/fuentesfidedignas.com.mx\\\/wp-content\\\/uploads\\\/2026\\\/03\\\/persona-mayor-dormida.jpg\",\"width\":500,\"height\":375},{\"@type\":\"BreadcrumbList\",\"@id\":\"https:\\\/\\\/fuentesfidedignas.com.mx\\\/index.php\\\/2026\\\/03\\\/14\\\/senales-que-podrian-indicar-un-trastorno-del-sueno-en-personas-de-la-tercera-edad\\\/#breadcrumb\",\"itemListElement\":[{\"@type\":\"ListItem\",\"position\":1,\"name\":\"Inicio\",\"item\":\"https:\\\/\\\/fuentesfidedignas.com.mx\\\/\"},{\"@type\":\"ListItem\",\"position\":2,\"name\":\"Se\u00f1ales que podr\u00edan indicar un trastorno del sue\u00f1o en personas de la tercera edad\"}]},{\"@type\":\"WebSite\",\"@id\":\"https:\\\/\\\/fuentesfidedignas.com.mx\\\/#website\",\"url\":\"https:\\\/\\\/fuentesfidedignas.com.mx\\\/\",\"name\":\"Fuentes Fidedignas\",\"description\":\"Otro sitio realizado con WordPress\",\"publisher\":{\"@id\":\"https:\\\/\\\/fuentesfidedignas.com.mx\\\/#organization\"},\"potentialAction\":[{\"@type\":\"SearchAction\",\"target\":{\"@type\":\"EntryPoint\",\"urlTemplate\":\"https:\\\/\\\/fuentesfidedignas.com.mx\\\/?s={search_term_string}\"},\"query-input\":{\"@type\":\"PropertyValueSpecification\",\"valueRequired\":true,\"valueName\":\"search_term_string\"}}],\"inLanguage\":\"es\"},{\"@type\":\"Organization\",\"@id\":\"https:\\\/\\\/fuentesfidedignas.com.mx\\\/#organization\",\"name\":\"Fuentes Fidedignas\",\"url\":\"https:\\\/\\\/fuentesfidedignas.com.mx\\\/\",\"logo\":{\"@type\":\"ImageObject\",\"inLanguage\":\"es\",\"@id\":\"https:\\\/\\\/fuentesfidedignas.com.mx\\\/#\\\/schema\\\/logo\\\/image\\\/\",\"url\":\"https:\\\/\\\/fuentesfidedignas.com.mx\\\/wp-content\\\/uploads\\\/2021\\\/04\\\/logo-retina.png\",\"contentUrl\":\"https:\\\/\\\/fuentesfidedignas.com.mx\\\/wp-content\\\/uploads\\\/2021\\\/04\\\/logo-retina.png\",\"width\":280,\"height\":51,\"caption\":\"Fuentes Fidedignas\"},\"image\":{\"@id\":\"https:\\\/\\\/fuentesfidedignas.com.mx\\\/#\\\/schema\\\/logo\\\/image\\\/\"},\"sameAs\":[\"https:\\\/\\\/www.facebook.com\\\/Fuentes-Fidedignas-368234489921644\",\"https:\\\/\\\/x.com\\\/fidedignas\"]},{\"@type\":\"Person\",\"@id\":\"https:\\\/\\\/fuentesfidedignas.com.mx\\\/#\\\/schema\\\/person\\\/60c11cde5bcee2df31d84e64ad36f129\",\"name\":\"Salud 180\",\"image\":{\"@type\":\"ImageObject\",\"inLanguage\":\"es\",\"@id\":\"https:\\\/\\\/secure.gravatar.com\\\/avatar\\\/b6112ab82c7e729f286f3a417e1f086a5a75f301b7cb9edd24a89262be702d8b?s=96&d=mm&r=g\",\"url\":\"https:\\\/\\\/secure.gravatar.com\\\/avatar\\\/b6112ab82c7e729f286f3a417e1f086a5a75f301b7cb9edd24a89262be702d8b?s=96&d=mm&r=g\",\"contentUrl\":\"https:\\\/\\\/secure.gravatar.com\\\/avatar\\\/b6112ab82c7e729f286f3a417e1f086a5a75f301b7cb9edd24a89262be702d8b?s=96&d=mm&r=g\",\"caption\":\"Salud 180\"},\"url\":\"https:\\\/\\\/fuentesfidedignas.com.mx\\\/index.php\\\/author\\\/salud180\\\/\"}]}<\/script>\n<!-- \/ Yoast SEO plugin. -->","yoast_head_json":{"title":"Se\u00f1ales que podr\u00edan indicar un trastorno del sue\u00f1o en personas de la tercera edad - Fuentes Fidedignas","robots":{"index":"index","follow":"follow","max-snippet":"max-snippet:-1","max-image-preview":"max-image-preview:large","max-video-preview":"max-video-preview:-1"},"canonical":"https:\/\/fuentesfidedignas.com.mx\/index.php\/2026\/03\/14\/senales-que-podrian-indicar-un-trastorno-del-sueno-en-personas-de-la-tercera-edad\/","og_locale":"es_MX","og_type":"article","og_title":"Se\u00f1ales que podr\u00edan indicar un trastorno del sue\u00f1o en personas de la tercera edad - Fuentes Fidedignas","og_description":"Aunque estos cambios forman parte del envejecimiento, algunos s\u00edntomas pueden convertirse en se\u00f1ales de alerta que conviene observar con atenci\u00f3n. Dormir bien no solo ayuda a sentirse descansado. Tambi\u00e9n influye en el funcionamiento del cerebro, la memoria, el estado de \u00e1nimo y la salud del coraz\u00f3n. Con el paso de los a\u00f1os, muchas personas notan [&hellip;]","og_url":"https:\/\/fuentesfidedignas.com.mx\/index.php\/2026\/03\/14\/senales-que-podrian-indicar-un-trastorno-del-sueno-en-personas-de-la-tercera-edad\/","og_site_name":"Fuentes Fidedignas","article_publisher":"https:\/\/www.facebook.com\/Fuentes-Fidedignas-368234489921644","article_published_time":"2026-03-14T10:00:00+00:00","og_image":[{"width":500,"height":375,"url":"https:\/\/fuentesfidedignas.com.mx\/wp-content\/uploads\/2026\/03\/persona-mayor-dormida.jpg","type":"image\/jpeg"}],"author":"Salud 180","twitter_card":"summary_large_image","twitter_creator":"@fidedignas","twitter_site":"@fidedignas","twitter_misc":{"Escrito por":"Salud 180","Tiempo de lectura":"5 minutos"},"schema":{"@context":"https:\/\/schema.org","@graph":[{"@type":"Article","@id":"https:\/\/fuentesfidedignas.com.mx\/index.php\/2026\/03\/14\/senales-que-podrian-indicar-un-trastorno-del-sueno-en-personas-de-la-tercera-edad\/#article","isPartOf":{"@id":"https:\/\/fuentesfidedignas.com.mx\/index.php\/2026\/03\/14\/senales-que-podrian-indicar-un-trastorno-del-sueno-en-personas-de-la-tercera-edad\/"},"author":{"name":"Salud 180","@id":"https:\/\/fuentesfidedignas.com.mx\/#\/schema\/person\/60c11cde5bcee2df31d84e64ad36f129"},"headline":"Se\u00f1ales que podr\u00edan indicar un trastorno del sue\u00f1o en personas de la tercera edad","datePublished":"2026-03-14T10:00:00+00:00","mainEntityOfPage":{"@id":"https:\/\/fuentesfidedignas.com.mx\/index.php\/2026\/03\/14\/senales-que-podrian-indicar-un-trastorno-del-sueno-en-personas-de-la-tercera-edad\/"},"wordCount":1124,"commentCount":0,"publisher":{"@id":"https:\/\/fuentesfidedignas.com.mx\/#organization"},"image":{"@id":"https:\/\/fuentesfidedignas.com.mx\/index.php\/2026\/03\/14\/senales-que-podrian-indicar-un-trastorno-del-sueno-en-personas-de-la-tercera-edad\/#primaryimage"},"thumbnailUrl":"https:\/\/fuentesfidedignas.com.mx\/wp-content\/uploads\/2026\/03\/persona-mayor-dormida.jpg","articleSection":["REVIEW MAGAZINE","Reviews"],"inLanguage":"es","potentialAction":[{"@type":"CommentAction","name":"Comment","target":["https:\/\/fuentesfidedignas.com.mx\/index.php\/2026\/03\/14\/senales-que-podrian-indicar-un-trastorno-del-sueno-en-personas-de-la-tercera-edad\/#respond"]}]},{"@type":"WebPage","@id":"https:\/\/fuentesfidedignas.com.mx\/index.php\/2026\/03\/14\/senales-que-podrian-indicar-un-trastorno-del-sueno-en-personas-de-la-tercera-edad\/","url":"https:\/\/fuentesfidedignas.com.mx\/index.php\/2026\/03\/14\/senales-que-podrian-indicar-un-trastorno-del-sueno-en-personas-de-la-tercera-edad\/","name":"Se\u00f1ales que podr\u00edan indicar un trastorno del sue\u00f1o en personas de la tercera edad - Fuentes Fidedignas","isPartOf":{"@id":"https:\/\/fuentesfidedignas.com.mx\/#website"},"primaryImageOfPage":{"@id":"https:\/\/fuentesfidedignas.com.mx\/index.php\/2026\/03\/14\/senales-que-podrian-indicar-un-trastorno-del-sueno-en-personas-de-la-tercera-edad\/#primaryimage"},"image":{"@id":"https:\/\/fuentesfidedignas.com.mx\/index.php\/2026\/03\/14\/senales-que-podrian-indicar-un-trastorno-del-sueno-en-personas-de-la-tercera-edad\/#primaryimage"},"thumbnailUrl":"https:\/\/fuentesfidedignas.com.mx\/wp-content\/uploads\/2026\/03\/persona-mayor-dormida.jpg","datePublished":"2026-03-14T10:00:00+00:00","breadcrumb":{"@id":"https:\/\/fuentesfidedignas.com.mx\/index.php\/2026\/03\/14\/senales-que-podrian-indicar-un-trastorno-del-sueno-en-personas-de-la-tercera-edad\/#breadcrumb"},"inLanguage":"es","potentialAction":[{"@type":"ReadAction","target":["https:\/\/fuentesfidedignas.com.mx\/index.php\/2026\/03\/14\/senales-que-podrian-indicar-un-trastorno-del-sueno-en-personas-de-la-tercera-edad\/"]}]},{"@type":"ImageObject","inLanguage":"es","@id":"https:\/\/fuentesfidedignas.com.mx\/index.php\/2026\/03\/14\/senales-que-podrian-indicar-un-trastorno-del-sueno-en-personas-de-la-tercera-edad\/#primaryimage","url":"https:\/\/fuentesfidedignas.com.mx\/wp-content\/uploads\/2026\/03\/persona-mayor-dormida.jpg","contentUrl":"https:\/\/fuentesfidedignas.com.mx\/wp-content\/uploads\/2026\/03\/persona-mayor-dormida.jpg","width":500,"height":375},{"@type":"BreadcrumbList","@id":"https:\/\/fuentesfidedignas.com.mx\/index.php\/2026\/03\/14\/senales-que-podrian-indicar-un-trastorno-del-sueno-en-personas-de-la-tercera-edad\/#breadcrumb","itemListElement":[{"@type":"ListItem","position":1,"name":"Inicio","item":"https:\/\/fuentesfidedignas.com.mx\/"},{"@type":"ListItem","position":2,"name":"Se\u00f1ales que podr\u00edan indicar un trastorno del sue\u00f1o en personas de la tercera edad"}]},{"@type":"WebSite","@id":"https:\/\/fuentesfidedignas.com.mx\/#website","url":"https:\/\/fuentesfidedignas.com.mx\/","name":"Fuentes Fidedignas","description":"Otro sitio realizado con WordPress","publisher":{"@id":"https:\/\/fuentesfidedignas.com.mx\/#organization"},"potentialAction":[{"@type":"SearchAction","target":{"@type":"EntryPoint","urlTemplate":"https:\/\/fuentesfidedignas.com.mx\/?s={search_term_string}"},"query-input":{"@type":"PropertyValueSpecification","valueRequired":true,"valueName":"search_term_string"}}],"inLanguage":"es"},{"@type":"Organization","@id":"https:\/\/fuentesfidedignas.com.mx\/#organization","name":"Fuentes Fidedignas","url":"https:\/\/fuentesfidedignas.com.mx\/","logo":{"@type":"ImageObject","inLanguage":"es","@id":"https:\/\/fuentesfidedignas.com.mx\/#\/schema\/logo\/image\/","url":"https:\/\/fuentesfidedignas.com.mx\/wp-content\/uploads\/2021\/04\/logo-retina.png","contentUrl":"https:\/\/fuentesfidedignas.com.mx\/wp-content\/uploads\/2021\/04\/logo-retina.png","width":280,"height":51,"caption":"Fuentes Fidedignas"},"image":{"@id":"https:\/\/fuentesfidedignas.com.mx\/#\/schema\/logo\/image\/"},"sameAs":["https:\/\/www.facebook.com\/Fuentes-Fidedignas-368234489921644","https:\/\/x.com\/fidedignas"]},{"@type":"Person","@id":"https:\/\/fuentesfidedignas.com.mx\/#\/schema\/person\/60c11cde5bcee2df31d84e64ad36f129","name":"Salud 180","image":{"@type":"ImageObject","inLanguage":"es","@id":"https:\/\/secure.gravatar.com\/avatar\/b6112ab82c7e729f286f3a417e1f086a5a75f301b7cb9edd24a89262be702d8b?s=96&d=mm&r=g","url":"https:\/\/secure.gravatar.com\/avatar\/b6112ab82c7e729f286f3a417e1f086a5a75f301b7cb9edd24a89262be702d8b?s=96&d=mm&r=g","contentUrl":"https:\/\/secure.gravatar.com\/avatar\/b6112ab82c7e729f286f3a417e1f086a5a75f301b7cb9edd24a89262be702d8b?s=96&d=mm&r=g","caption":"Salud 180"},"url":"https:\/\/fuentesfidedignas.com.mx\/index.php\/author\/salud180\/"}]}},"_links":{"self":[{"href":"https:\/\/fuentesfidedignas.com.mx\/index.php\/wp-json\/wp\/v2\/posts\/129281","targetHints":{"allow":["GET"]}}],"collection":[{"href":"https:\/\/fuentesfidedignas.com.mx\/index.php\/wp-json\/wp\/v2\/posts"}],"about":[{"href":"https:\/\/fuentesfidedignas.com.mx\/index.php\/wp-json\/wp\/v2\/types\/post"}],"author":[{"embeddable":true,"href":"https:\/\/fuentesfidedignas.com.mx\/index.php\/wp-json\/wp\/v2\/users\/32"}],"replies":[{"embeddable":true,"href":"https:\/\/fuentesfidedignas.com.mx\/index.php\/wp-json\/wp\/v2\/comments?post=129281"}],"version-history":[{"count":1,"href":"https:\/\/fuentesfidedignas.com.mx\/index.php\/wp-json\/wp\/v2\/posts\/129281\/revisions"}],"predecessor-version":[{"id":129283,"href":"https:\/\/fuentesfidedignas.com.mx\/index.php\/wp-json\/wp\/v2\/posts\/129281\/revisions\/129283"}],"wp:featuredmedia":[{"embeddable":true,"href":"https:\/\/fuentesfidedignas.com.mx\/index.php\/wp-json\/wp\/v2\/media\/129282"}],"wp:attachment":[{"href":"https:\/\/fuentesfidedignas.com.mx\/index.php\/wp-json\/wp\/v2\/media?parent=129281"}],"wp:term":[{"taxonomy":"category","embeddable":true,"href":"https:\/\/fuentesfidedignas.com.mx\/index.php\/wp-json\/wp\/v2\/categories?post=129281"},{"taxonomy":"post_tag","embeddable":true,"href":"https:\/\/fuentesfidedignas.com.mx\/index.php\/wp-json\/wp\/v2\/tags?post=129281"}],"curies":[{"name":"wp","href":"https:\/\/api.w.org\/{rel}","templated":true}]}}