{"id":129269,"date":"2026-03-13T16:30:03","date_gmt":"2026-03-13T23:30:03","guid":{"rendered":"https:\/\/fuentesfidedignas.com.mx\/?p=129269"},"modified":"2026-03-13T17:19:53","modified_gmt":"2026-03-14T00:19:53","slug":"pan-advierte-sobre-crisis-de-seguridad-y-economia-en-sinaloa-durante-visita-a-mazatlan","status":"publish","type":"post","link":"https:\/\/fuentesfidedignas.com.mx\/index.php\/2026\/03\/13\/pan-advierte-sobre-crisis-de-seguridad-y-economia-en-sinaloa-durante-visita-a-mazatlan\/","title":{"rendered":"PAN advierte sobre crisis de seguridad y econom\u00eda en Sinaloa durante visita a Mazatl\u00e1n"},"content":{"rendered":"\n<p class=\"s5\"><\/p>\n\n\n\n<p>Mazatl\u00e1n, Sinaloa.\u2013 Durante una rueda de prensa realizada en el municipio de Mazatl\u00e1n, representantes del Partido Acci\u00f3n Nacional (PAN) se\u00f1alaron su preocupaci\u00f3n por la situaci\u00f3n de seguridad y la desaceleraci\u00f3n econ\u00f3mica que enfrenta el estado de Sinaloa.<\/p>\n\n\n\n<p>Eduardo Ortiz, presidente del PAN Culiac\u00e1n, destac\u00f3 que en distintos municipios se vive una problem\u00e1tica similar, donde el aumento de la inseguridad ha provocado una disminuci\u00f3n en la actividad econ\u00f3mica. <\/p>\n\n\n\n<p>Se\u00f1al\u00f3 que, entre 2024 y 2025, se han perdido m\u00e1s de 30 mil empleos en el estado, lo que refleja un panorama econ\u00f3mico complicado, agravado adem\u00e1s por el incremento en el costo de la canasta b\u00e1sica.<\/p>\n\n\n\n<p>Durante el encuentro tambi\u00e9n se abord\u00f3 la importancia de reforzar la seguridad ante la pr\u00f3xima temporada tur\u00edstica de Semana Santa en Mazatl\u00e1n, con el objetivo de garantizar condiciones que permitan la llegada de visitantes y la reactivaci\u00f3n econ\u00f3mica del municipio.<\/p>\n\n\n\n<p>Asimismo, se inform\u00f3 que el PAN trabaja en la elaboraci\u00f3n de un libro sobre la m\u00edstica y doctrina del partido, el cual ser\u00e1 presentado el pr\u00f3ximo 16 de septiembre de manera simult\u00e1nea en distintos municipios del pa\u00eds, con la intenci\u00f3n de acercar a la ciudadan\u00eda y a los j\u00f3venes a los principios del partido.<\/p>\n\n\n\n<p>En el evento tambi\u00e9n se expusieron testimonios sobre hechos recientes de violencia en Mazatl\u00e1n y se hizo un llamado a las autoridades a atender la situaci\u00f3n de seguridad y a generar condiciones que permitan el desarrollo econ\u00f3mico del estado.<\/p>\n\n\n\n<p>Finalmente, representantes del partido reiteraron la necesidad de un cambio en las pol\u00edticas p\u00fablicas y convocaron a la ciudadan\u00eda a participar activamente en la vida pol\u00edtica rumbo a los pr\u00f3ximos procesos electorales.<\/p>\n\n\n\n<p>Estuvieron presentes Nadia Vega, presidenta del PAN Mazatl\u00e1n; Luis \u00c1ngel Salinas, secretario general y Evaristo Corrales, secretario de Comunicaci\u00f3n.<\/p>\n","protected":false},"excerpt":{"rendered":"<p>Mazatl\u00e1n, Sinaloa.\u2013 Durante una rueda de prensa realizada en el municipio de Mazatl\u00e1n, representantes del Partido Acci\u00f3n Nacional (PAN) se\u00f1alaron su preocupaci\u00f3n por la situaci\u00f3n de seguridad y la desaceleraci\u00f3n econ\u00f3mica que enfrenta el estado de Sinaloa. Eduardo Ortiz, presidente del PAN Culiac\u00e1n, destac\u00f3 que en distintos municipios se vive una problem\u00e1tica similar, donde el [&hellip;]<\/p>\n","protected":false},"author":4,"featured_media":129268,"comment_status":"closed","ping_status":"open","sticky":false,"template":"","format":"standard","meta":{"tdm_status":"","tdm_grid_status":"","footnotes":""},"categories":[38],"tags":[],"class_list":{"0":"post-129269","1":"post","2":"type-post","3":"status-publish","4":"format-standard","5":"has-post-thumbnail","7":"category-noticias-locales"},"yoast_head":"<!-- This site is optimized with the Yoast SEO plugin v27.5 - https:\/\/yoast.com\/product\/yoast-seo-wordpress\/ -->\n<title>PAN advierte sobre crisis de seguridad y econom\u00eda en Sinaloa durante visita a Mazatl\u00e1n - Fuentes Fidedignas<\/title>\n<meta name=\"robots\" content=\"index, follow, max-snippet:-1, max-image-preview:large, max-video-preview:-1\" \/>\n<link rel=\"canonical\" href=\"https:\/\/fuentesfidedignas.com.mx\/index.php\/2026\/03\/13\/pan-advierte-sobre-crisis-de-seguridad-y-economia-en-sinaloa-durante-visita-a-mazatlan\/\" \/>\n<meta property=\"og:locale\" content=\"es_MX\" \/>\n<meta property=\"og:type\" content=\"article\" \/>\n<meta property=\"og:title\" content=\"PAN advierte sobre crisis de seguridad y econom\u00eda en Sinaloa durante visita a Mazatl\u00e1n - Fuentes Fidedignas\" \/>\n<meta property=\"og:description\" content=\"Mazatl\u00e1n, Sinaloa.\u2013 Durante una rueda de prensa realizada en el municipio de Mazatl\u00e1n, representantes del Partido Acci\u00f3n Nacional (PAN) se\u00f1alaron su preocupaci\u00f3n por la situaci\u00f3n de seguridad y la desaceleraci\u00f3n econ\u00f3mica que enfrenta el estado de Sinaloa. Eduardo Ortiz, presidente del PAN Culiac\u00e1n, destac\u00f3 que en distintos municipios se vive una problem\u00e1tica similar, donde el [&hellip;]\" \/>\n<meta property=\"og:url\" content=\"https:\/\/fuentesfidedignas.com.mx\/index.php\/2026\/03\/13\/pan-advierte-sobre-crisis-de-seguridad-y-economia-en-sinaloa-durante-visita-a-mazatlan\/\" \/>\n<meta property=\"og:site_name\" content=\"Fuentes Fidedignas\" \/>\n<meta property=\"article:publisher\" content=\"https:\/\/www.facebook.com\/Fuentes-Fidedignas-368234489921644\" \/>\n<meta property=\"article:published_time\" content=\"2026-03-13T23:30:03+00:00\" \/>\n<meta property=\"article:modified_time\" content=\"2026-03-14T00:19:53+00:00\" \/>\n<meta property=\"og:image\" content=\"https:\/\/fuentesfidedignas.com.mx\/wp-content\/uploads\/2026\/03\/fdcfd0c0-a74f-40f9-9380-476253d46eb5.jpg\" \/>\n\t<meta property=\"og:image:width\" content=\"1206\" \/>\n\t<meta property=\"og:image:height\" content=\"655\" \/>\n\t<meta property=\"og:image:type\" content=\"image\/jpeg\" \/>\n<meta name=\"author\" content=\"Redacci\u00f3n\" \/>\n<meta name=\"twitter:card\" content=\"summary_large_image\" \/>\n<meta name=\"twitter:creator\" content=\"@fidedignas\" \/>\n<meta name=\"twitter:site\" content=\"@fidedignas\" \/>\n<meta name=\"twitter:label1\" content=\"Escrito por\" \/>\n\t<meta name=\"twitter:data1\" content=\"Redacci\u00f3n\" \/>\n\t<meta name=\"twitter:label2\" content=\"Tiempo de lectura\" \/>\n\t<meta name=\"twitter:data2\" content=\"2 minutos\" \/>\n<script type=\"application\/ld+json\" class=\"yoast-schema-graph\">{\"@context\":\"https:\\\/\\\/schema.org\",\"@graph\":[{\"@type\":\"Article\",\"@id\":\"https:\\\/\\\/fuentesfidedignas.com.mx\\\/index.php\\\/2026\\\/03\\\/13\\\/pan-advierte-sobre-crisis-de-seguridad-y-economia-en-sinaloa-durante-visita-a-mazatlan\\\/#article\",\"isPartOf\":{\"@id\":\"https:\\\/\\\/fuentesfidedignas.com.mx\\\/index.php\\\/2026\\\/03\\\/13\\\/pan-advierte-sobre-crisis-de-seguridad-y-economia-en-sinaloa-durante-visita-a-mazatlan\\\/\"},\"author\":{\"name\":\"Redacci\u00f3n\",\"@id\":\"https:\\\/\\\/fuentesfidedignas.com.mx\\\/#\\\/schema\\\/person\\\/331be9283d37198e2acd5750279085b0\"},\"headline\":\"PAN advierte sobre crisis de seguridad y econom\u00eda en Sinaloa durante visita a Mazatl\u00e1n\",\"datePublished\":\"2026-03-13T23:30:03+00:00\",\"dateModified\":\"2026-03-14T00:19:53+00:00\",\"mainEntityOfPage\":{\"@id\":\"https:\\\/\\\/fuentesfidedignas.com.mx\\\/index.php\\\/2026\\\/03\\\/13\\\/pan-advierte-sobre-crisis-de-seguridad-y-economia-en-sinaloa-durante-visita-a-mazatlan\\\/\"},\"wordCount\":341,\"publisher\":{\"@id\":\"https:\\\/\\\/fuentesfidedignas.com.mx\\\/#organization\"},\"image\":{\"@id\":\"https:\\\/\\\/fuentesfidedignas.com.mx\\\/index.php\\\/2026\\\/03\\\/13\\\/pan-advierte-sobre-crisis-de-seguridad-y-economia-en-sinaloa-durante-visita-a-mazatlan\\\/#primaryimage\"},\"thumbnailUrl\":\"https:\\\/\\\/fuentesfidedignas.com.mx\\\/wp-content\\\/uploads\\\/2026\\\/03\\\/fdcfd0c0-a74f-40f9-9380-476253d46eb5.jpg\",\"articleSection\":[\"NOTICIAS LOCALES\"],\"inLanguage\":\"es\"},{\"@type\":\"WebPage\",\"@id\":\"https:\\\/\\\/fuentesfidedignas.com.mx\\\/index.php\\\/2026\\\/03\\\/13\\\/pan-advierte-sobre-crisis-de-seguridad-y-economia-en-sinaloa-durante-visita-a-mazatlan\\\/\",\"url\":\"https:\\\/\\\/fuentesfidedignas.com.mx\\\/index.php\\\/2026\\\/03\\\/13\\\/pan-advierte-sobre-crisis-de-seguridad-y-economia-en-sinaloa-durante-visita-a-mazatlan\\\/\",\"name\":\"PAN advierte sobre crisis de seguridad y econom\u00eda en Sinaloa durante visita a Mazatl\u00e1n - Fuentes Fidedignas\",\"isPartOf\":{\"@id\":\"https:\\\/\\\/fuentesfidedignas.com.mx\\\/#website\"},\"primaryImageOfPage\":{\"@id\":\"https:\\\/\\\/fuentesfidedignas.com.mx\\\/index.php\\\/2026\\\/03\\\/13\\\/pan-advierte-sobre-crisis-de-seguridad-y-economia-en-sinaloa-durante-visita-a-mazatlan\\\/#primaryimage\"},\"image\":{\"@id\":\"https:\\\/\\\/fuentesfidedignas.com.mx\\\/index.php\\\/2026\\\/03\\\/13\\\/pan-advierte-sobre-crisis-de-seguridad-y-economia-en-sinaloa-durante-visita-a-mazatlan\\\/#primaryimage\"},\"thumbnailUrl\":\"https:\\\/\\\/fuentesfidedignas.com.mx\\\/wp-content\\\/uploads\\\/2026\\\/03\\\/fdcfd0c0-a74f-40f9-9380-476253d46eb5.jpg\",\"datePublished\":\"2026-03-13T23:30:03+00:00\",\"dateModified\":\"2026-03-14T00:19:53+00:00\",\"breadcrumb\":{\"@id\":\"https:\\\/\\\/fuentesfidedignas.com.mx\\\/index.php\\\/2026\\\/03\\\/13\\\/pan-advierte-sobre-crisis-de-seguridad-y-economia-en-sinaloa-durante-visita-a-mazatlan\\\/#breadcrumb\"},\"inLanguage\":\"es\",\"potentialAction\":[{\"@type\":\"ReadAction\",\"target\":[\"https:\\\/\\\/fuentesfidedignas.com.mx\\\/index.php\\\/2026\\\/03\\\/13\\\/pan-advierte-sobre-crisis-de-seguridad-y-economia-en-sinaloa-durante-visita-a-mazatlan\\\/\"]}]},{\"@type\":\"ImageObject\",\"inLanguage\":\"es\",\"@id\":\"https:\\\/\\\/fuentesfidedignas.com.mx\\\/index.php\\\/2026\\\/03\\\/13\\\/pan-advierte-sobre-crisis-de-seguridad-y-economia-en-sinaloa-durante-visita-a-mazatlan\\\/#primaryimage\",\"url\":\"https:\\\/\\\/fuentesfidedignas.com.mx\\\/wp-content\\\/uploads\\\/2026\\\/03\\\/fdcfd0c0-a74f-40f9-9380-476253d46eb5.jpg\",\"contentUrl\":\"https:\\\/\\\/fuentesfidedignas.com.mx\\\/wp-content\\\/uploads\\\/2026\\\/03\\\/fdcfd0c0-a74f-40f9-9380-476253d46eb5.jpg\",\"width\":1206,\"height\":655},{\"@type\":\"BreadcrumbList\",\"@id\":\"https:\\\/\\\/fuentesfidedignas.com.mx\\\/index.php\\\/2026\\\/03\\\/13\\\/pan-advierte-sobre-crisis-de-seguridad-y-economia-en-sinaloa-durante-visita-a-mazatlan\\\/#breadcrumb\",\"itemListElement\":[{\"@type\":\"ListItem\",\"position\":1,\"name\":\"Inicio\",\"item\":\"https:\\\/\\\/fuentesfidedignas.com.mx\\\/\"},{\"@type\":\"ListItem\",\"position\":2,\"name\":\"PAN advierte sobre crisis de seguridad y econom\u00eda en Sinaloa durante visita a Mazatl\u00e1n\"}]},{\"@type\":\"WebSite\",\"@id\":\"https:\\\/\\\/fuentesfidedignas.com.mx\\\/#website\",\"url\":\"https:\\\/\\\/fuentesfidedignas.com.mx\\\/\",\"name\":\"Fuentes Fidedignas\",\"description\":\"Otro sitio realizado con WordPress\",\"publisher\":{\"@id\":\"https:\\\/\\\/fuentesfidedignas.com.mx\\\/#organization\"},\"potentialAction\":[{\"@type\":\"SearchAction\",\"target\":{\"@type\":\"EntryPoint\",\"urlTemplate\":\"https:\\\/\\\/fuentesfidedignas.com.mx\\\/?s={search_term_string}\"},\"query-input\":{\"@type\":\"PropertyValueSpecification\",\"valueRequired\":true,\"valueName\":\"search_term_string\"}}],\"inLanguage\":\"es\"},{\"@type\":\"Organization\",\"@id\":\"https:\\\/\\\/fuentesfidedignas.com.mx\\\/#organization\",\"name\":\"Fuentes Fidedignas\",\"url\":\"https:\\\/\\\/fuentesfidedignas.com.mx\\\/\",\"logo\":{\"@type\":\"ImageObject\",\"inLanguage\":\"es\",\"@id\":\"https:\\\/\\\/fuentesfidedignas.com.mx\\\/#\\\/schema\\\/logo\\\/image\\\/\",\"url\":\"https:\\\/\\\/fuentesfidedignas.com.mx\\\/wp-content\\\/uploads\\\/2021\\\/04\\\/logo-retina.png\",\"contentUrl\":\"https:\\\/\\\/fuentesfidedignas.com.mx\\\/wp-content\\\/uploads\\\/2021\\\/04\\\/logo-retina.png\",\"width\":280,\"height\":51,\"caption\":\"Fuentes Fidedignas\"},\"image\":{\"@id\":\"https:\\\/\\\/fuentesfidedignas.com.mx\\\/#\\\/schema\\\/logo\\\/image\\\/\"},\"sameAs\":[\"https:\\\/\\\/www.facebook.com\\\/Fuentes-Fidedignas-368234489921644\",\"https:\\\/\\\/x.com\\\/fidedignas\"]},{\"@type\":\"Person\",\"@id\":\"https:\\\/\\\/fuentesfidedignas.com.mx\\\/#\\\/schema\\\/person\\\/331be9283d37198e2acd5750279085b0\",\"name\":\"Redacci\u00f3n\",\"image\":{\"@type\":\"ImageObject\",\"inLanguage\":\"es\",\"@id\":\"https:\\\/\\\/secure.gravatar.com\\\/avatar\\\/f6d8782c11d12b2d4ad3fbb6931aeab5309937a4d6cd2fc9cfaa28a6396a5aec?s=96&d=mm&r=g\",\"url\":\"https:\\\/\\\/secure.gravatar.com\\\/avatar\\\/f6d8782c11d12b2d4ad3fbb6931aeab5309937a4d6cd2fc9cfaa28a6396a5aec?s=96&d=mm&r=g\",\"contentUrl\":\"https:\\\/\\\/secure.gravatar.com\\\/avatar\\\/f6d8782c11d12b2d4ad3fbb6931aeab5309937a4d6cd2fc9cfaa28a6396a5aec?s=96&d=mm&r=g\",\"caption\":\"Redacci\u00f3n\"},\"url\":\"https:\\\/\\\/fuentesfidedignas.com.mx\\\/index.php\\\/author\\\/redaccion\\\/\"}]}<\/script>\n<!-- \/ Yoast SEO plugin. -->","yoast_head_json":{"title":"PAN advierte sobre crisis de seguridad y econom\u00eda en Sinaloa durante visita a Mazatl\u00e1n - Fuentes Fidedignas","robots":{"index":"index","follow":"follow","max-snippet":"max-snippet:-1","max-image-preview":"max-image-preview:large","max-video-preview":"max-video-preview:-1"},"canonical":"https:\/\/fuentesfidedignas.com.mx\/index.php\/2026\/03\/13\/pan-advierte-sobre-crisis-de-seguridad-y-economia-en-sinaloa-durante-visita-a-mazatlan\/","og_locale":"es_MX","og_type":"article","og_title":"PAN advierte sobre crisis de seguridad y econom\u00eda en Sinaloa durante visita a Mazatl\u00e1n - Fuentes Fidedignas","og_description":"Mazatl\u00e1n, Sinaloa.\u2013 Durante una rueda de prensa realizada en el municipio de Mazatl\u00e1n, representantes del Partido Acci\u00f3n Nacional (PAN) se\u00f1alaron su preocupaci\u00f3n por la situaci\u00f3n de seguridad y la desaceleraci\u00f3n econ\u00f3mica que enfrenta el estado de Sinaloa. Eduardo Ortiz, presidente del PAN Culiac\u00e1n, destac\u00f3 que en distintos municipios se vive una problem\u00e1tica similar, donde el [&hellip;]","og_url":"https:\/\/fuentesfidedignas.com.mx\/index.php\/2026\/03\/13\/pan-advierte-sobre-crisis-de-seguridad-y-economia-en-sinaloa-durante-visita-a-mazatlan\/","og_site_name":"Fuentes Fidedignas","article_publisher":"https:\/\/www.facebook.com\/Fuentes-Fidedignas-368234489921644","article_published_time":"2026-03-13T23:30:03+00:00","article_modified_time":"2026-03-14T00:19:53+00:00","og_image":[{"width":1206,"height":655,"url":"https:\/\/fuentesfidedignas.com.mx\/wp-content\/uploads\/2026\/03\/fdcfd0c0-a74f-40f9-9380-476253d46eb5.jpg","type":"image\/jpeg"}],"author":"Redacci\u00f3n","twitter_card":"summary_large_image","twitter_creator":"@fidedignas","twitter_site":"@fidedignas","twitter_misc":{"Escrito por":"Redacci\u00f3n","Tiempo de lectura":"2 minutos"},"schema":{"@context":"https:\/\/schema.org","@graph":[{"@type":"Article","@id":"https:\/\/fuentesfidedignas.com.mx\/index.php\/2026\/03\/13\/pan-advierte-sobre-crisis-de-seguridad-y-economia-en-sinaloa-durante-visita-a-mazatlan\/#article","isPartOf":{"@id":"https:\/\/fuentesfidedignas.com.mx\/index.php\/2026\/03\/13\/pan-advierte-sobre-crisis-de-seguridad-y-economia-en-sinaloa-durante-visita-a-mazatlan\/"},"author":{"name":"Redacci\u00f3n","@id":"https:\/\/fuentesfidedignas.com.mx\/#\/schema\/person\/331be9283d37198e2acd5750279085b0"},"headline":"PAN advierte sobre crisis de seguridad y econom\u00eda en Sinaloa durante visita a Mazatl\u00e1n","datePublished":"2026-03-13T23:30:03+00:00","dateModified":"2026-03-14T00:19:53+00:00","mainEntityOfPage":{"@id":"https:\/\/fuentesfidedignas.com.mx\/index.php\/2026\/03\/13\/pan-advierte-sobre-crisis-de-seguridad-y-economia-en-sinaloa-durante-visita-a-mazatlan\/"},"wordCount":341,"publisher":{"@id":"https:\/\/fuentesfidedignas.com.mx\/#organization"},"image":{"@id":"https:\/\/fuentesfidedignas.com.mx\/index.php\/2026\/03\/13\/pan-advierte-sobre-crisis-de-seguridad-y-economia-en-sinaloa-durante-visita-a-mazatlan\/#primaryimage"},"thumbnailUrl":"https:\/\/fuentesfidedignas.com.mx\/wp-content\/uploads\/2026\/03\/fdcfd0c0-a74f-40f9-9380-476253d46eb5.jpg","articleSection":["NOTICIAS LOCALES"],"inLanguage":"es"},{"@type":"WebPage","@id":"https:\/\/fuentesfidedignas.com.mx\/index.php\/2026\/03\/13\/pan-advierte-sobre-crisis-de-seguridad-y-economia-en-sinaloa-durante-visita-a-mazatlan\/","url":"https:\/\/fuentesfidedignas.com.mx\/index.php\/2026\/03\/13\/pan-advierte-sobre-crisis-de-seguridad-y-economia-en-sinaloa-durante-visita-a-mazatlan\/","name":"PAN advierte sobre crisis de seguridad y econom\u00eda en Sinaloa durante visita a Mazatl\u00e1n - Fuentes Fidedignas","isPartOf":{"@id":"https:\/\/fuentesfidedignas.com.mx\/#website"},"primaryImageOfPage":{"@id":"https:\/\/fuentesfidedignas.com.mx\/index.php\/2026\/03\/13\/pan-advierte-sobre-crisis-de-seguridad-y-economia-en-sinaloa-durante-visita-a-mazatlan\/#primaryimage"},"image":{"@id":"https:\/\/fuentesfidedignas.com.mx\/index.php\/2026\/03\/13\/pan-advierte-sobre-crisis-de-seguridad-y-economia-en-sinaloa-durante-visita-a-mazatlan\/#primaryimage"},"thumbnailUrl":"https:\/\/fuentesfidedignas.com.mx\/wp-content\/uploads\/2026\/03\/fdcfd0c0-a74f-40f9-9380-476253d46eb5.jpg","datePublished":"2026-03-13T23:30:03+00:00","dateModified":"2026-03-14T00:19:53+00:00","breadcrumb":{"@id":"https:\/\/fuentesfidedignas.com.mx\/index.php\/2026\/03\/13\/pan-advierte-sobre-crisis-de-seguridad-y-economia-en-sinaloa-durante-visita-a-mazatlan\/#breadcrumb"},"inLanguage":"es","potentialAction":[{"@type":"ReadAction","target":["https:\/\/fuentesfidedignas.com.mx\/index.php\/2026\/03\/13\/pan-advierte-sobre-crisis-de-seguridad-y-economia-en-sinaloa-durante-visita-a-mazatlan\/"]}]},{"@type":"ImageObject","inLanguage":"es","@id":"https:\/\/fuentesfidedignas.com.mx\/index.php\/2026\/03\/13\/pan-advierte-sobre-crisis-de-seguridad-y-economia-en-sinaloa-durante-visita-a-mazatlan\/#primaryimage","url":"https:\/\/fuentesfidedignas.com.mx\/wp-content\/uploads\/2026\/03\/fdcfd0c0-a74f-40f9-9380-476253d46eb5.jpg","contentUrl":"https:\/\/fuentesfidedignas.com.mx\/wp-content\/uploads\/2026\/03\/fdcfd0c0-a74f-40f9-9380-476253d46eb5.jpg","width":1206,"height":655},{"@type":"BreadcrumbList","@id":"https:\/\/fuentesfidedignas.com.mx\/index.php\/2026\/03\/13\/pan-advierte-sobre-crisis-de-seguridad-y-economia-en-sinaloa-durante-visita-a-mazatlan\/#breadcrumb","itemListElement":[{"@type":"ListItem","position":1,"name":"Inicio","item":"https:\/\/fuentesfidedignas.com.mx\/"},{"@type":"ListItem","position":2,"name":"PAN advierte sobre crisis de seguridad y econom\u00eda en Sinaloa durante visita a Mazatl\u00e1n"}]},{"@type":"WebSite","@id":"https:\/\/fuentesfidedignas.com.mx\/#website","url":"https:\/\/fuentesfidedignas.com.mx\/","name":"Fuentes Fidedignas","description":"Otro sitio realizado con WordPress","publisher":{"@id":"https:\/\/fuentesfidedignas.com.mx\/#organization"},"potentialAction":[{"@type":"SearchAction","target":{"@type":"EntryPoint","urlTemplate":"https:\/\/fuentesfidedignas.com.mx\/?s={search_term_string}"},"query-input":{"@type":"PropertyValueSpecification","valueRequired":true,"valueName":"search_term_string"}}],"inLanguage":"es"},{"@type":"Organization","@id":"https:\/\/fuentesfidedignas.com.mx\/#organization","name":"Fuentes Fidedignas","url":"https:\/\/fuentesfidedignas.com.mx\/","logo":{"@type":"ImageObject","inLanguage":"es","@id":"https:\/\/fuentesfidedignas.com.mx\/#\/schema\/logo\/image\/","url":"https:\/\/fuentesfidedignas.com.mx\/wp-content\/uploads\/2021\/04\/logo-retina.png","contentUrl":"https:\/\/fuentesfidedignas.com.mx\/wp-content\/uploads\/2021\/04\/logo-retina.png","width":280,"height":51,"caption":"Fuentes Fidedignas"},"image":{"@id":"https:\/\/fuentesfidedignas.com.mx\/#\/schema\/logo\/image\/"},"sameAs":["https:\/\/www.facebook.com\/Fuentes-Fidedignas-368234489921644","https:\/\/x.com\/fidedignas"]},{"@type":"Person","@id":"https:\/\/fuentesfidedignas.com.mx\/#\/schema\/person\/331be9283d37198e2acd5750279085b0","name":"Redacci\u00f3n","image":{"@type":"ImageObject","inLanguage":"es","@id":"https:\/\/secure.gravatar.com\/avatar\/f6d8782c11d12b2d4ad3fbb6931aeab5309937a4d6cd2fc9cfaa28a6396a5aec?s=96&d=mm&r=g","url":"https:\/\/secure.gravatar.com\/avatar\/f6d8782c11d12b2d4ad3fbb6931aeab5309937a4d6cd2fc9cfaa28a6396a5aec?s=96&d=mm&r=g","contentUrl":"https:\/\/secure.gravatar.com\/avatar\/f6d8782c11d12b2d4ad3fbb6931aeab5309937a4d6cd2fc9cfaa28a6396a5aec?s=96&d=mm&r=g","caption":"Redacci\u00f3n"},"url":"https:\/\/fuentesfidedignas.com.mx\/index.php\/author\/redaccion\/"}]}},"_links":{"self":[{"href":"https:\/\/fuentesfidedignas.com.mx\/index.php\/wp-json\/wp\/v2\/posts\/129269","targetHints":{"allow":["GET"]}}],"collection":[{"href":"https:\/\/fuentesfidedignas.com.mx\/index.php\/wp-json\/wp\/v2\/posts"}],"about":[{"href":"https:\/\/fuentesfidedignas.com.mx\/index.php\/wp-json\/wp\/v2\/types\/post"}],"author":[{"embeddable":true,"href":"https:\/\/fuentesfidedignas.com.mx\/index.php\/wp-json\/wp\/v2\/users\/4"}],"replies":[{"embeddable":true,"href":"https:\/\/fuentesfidedignas.com.mx\/index.php\/wp-json\/wp\/v2\/comments?post=129269"}],"version-history":[{"count":2,"href":"https:\/\/fuentesfidedignas.com.mx\/index.php\/wp-json\/wp\/v2\/posts\/129269\/revisions"}],"predecessor-version":[{"id":129271,"href":"https:\/\/fuentesfidedignas.com.mx\/index.php\/wp-json\/wp\/v2\/posts\/129269\/revisions\/129271"}],"wp:featuredmedia":[{"embeddable":true,"href":"https:\/\/fuentesfidedignas.com.mx\/index.php\/wp-json\/wp\/v2\/media\/129268"}],"wp:attachment":[{"href":"https:\/\/fuentesfidedignas.com.mx\/index.php\/wp-json\/wp\/v2\/media?parent=129269"}],"wp:term":[{"taxonomy":"category","embeddable":true,"href":"https:\/\/fuentesfidedignas.com.mx\/index.php\/wp-json\/wp\/v2\/categories?post=129269"},{"taxonomy":"post_tag","embeddable":true,"href":"https:\/\/fuentesfidedignas.com.mx\/index.php\/wp-json\/wp\/v2\/tags?post=129269"}],"curies":[{"name":"wp","href":"https:\/\/api.w.org\/{rel}","templated":true}]}}