{"id":129213,"date":"2026-03-13T08:40:20","date_gmt":"2026-03-13T15:40:20","guid":{"rendered":"https:\/\/fuentesfidedignas.com.mx\/?p=129213"},"modified":"2026-03-13T08:41:07","modified_gmt":"2026-03-13T15:41:07","slug":"entre-whatsapp-y-la-justicia-electoral-el-riesgo-de-judicializar-la-vida-privada","status":"publish","type":"post","link":"https:\/\/fuentesfidedignas.com.mx\/index.php\/2026\/03\/13\/entre-whatsapp-y-la-justicia-electoral-el-riesgo-de-judicializar-la-vida-privada\/","title":{"rendered":"Entre WhatsApp y la justicia electoral: el riesgo de judicializar la vida privada"},"content":{"rendered":"\n<p>La pol\u00edtica contempor\u00e1nea ya no se juega \u00fanicamente en tribunas, sesiones legislativas o conferencias de prensa. Hoy tambi\u00e9n se libra en chats privados, capturas de pantalla y conversaciones que, en segundos, pueden saltar de la intimidad digital al expediente judicial.<\/p>\n\n\n\n<p>El caso que involucra a la diputada con licencia <strong>Almendra Ernestina Negrete S\u00e1nchez<\/strong> y a <strong>Mar\u00eda Emma Zerme\u00f1o L\u00f3pez<\/strong> es quiz\u00e1 uno de los ejemplos m\u00e1s ilustrativos de esta nueva frontera entre pol\u00edtica, derecho y tecnolog\u00eda.<\/p>\n\n\n\n<p>El conflicto naci\u00f3 a partir de una denuncia por violencia pol\u00edtica en raz\u00f3n de g\u00e9nero. La acusaci\u00f3n se sustent\u00f3 en conversaciones privadas de WhatsApp que Emma Zerme\u00f1o sostuvo con Jonathan Alexis Ram\u00edrez Quevedo, asesor legislativo vinculado al entorno pol\u00edtico de la propia diputada denunciante.<\/p>\n\n\n\n<p>Las capturas de pantalla de ese chat terminaron convertidas en la prueba central para intentar acreditar expresiones que supuestamente descalificaban a la legisladora por su orientaci\u00f3n sexual y su legitimidad para ocupar el cargo.<\/p>\n\n\n\n<p>El asunto escal\u00f3 por toda la cadena jurisdiccional electoral hasta llegar a la Sala Superior del Tribunal Electoral del Poder Judicial de la Federaci\u00f3n, que ahora discute el <strong>recurso de reconsideraci\u00f3n SUP-REC-52\/2026<\/strong>, cuyo proyecto fue elaborado por el magistrado <strong>Felipe de la Mata Piza\u00f1a<\/strong>.<\/p>\n\n\n\n<p>El documento podr\u00eda redefinir un tema crucial: <strong>\u00bfpueden las conversaciones privadas de WhatsApp convertirse en pruebas v\u00e1lidas para sancionar violencia pol\u00edtica de g\u00e9nero?<\/strong><\/p>\n\n\n\n<p>La respuesta que propone el proyecto es contundente: <strong>no en cualquier circunstancia<\/strong>.<\/p>\n\n\n\n<p><strong>La frontera constitucional de la vida privada<\/strong><\/p>\n\n\n\n<p>El punto central del proyecto radica en el art\u00edculo 16 constitucional, que establece la <strong>inviolabilidad de las comunicaciones privadas<\/strong>. El documento sostiene que las conversaciones digitales \u2014incluidas las de WhatsApp\u2014 forman parte del \u00e1mbito protegido de la privacidad y, por lo tanto, su utilizaci\u00f3n como prueba exige condiciones estrictas.<\/p>\n\n\n\n<p>No basta con una captura de pantalla ni con la simple afirmaci\u00f3n de un tercero. El est\u00e1ndar que propone el proyecto exige tres requisitos: <strong>voluntariedad, trazabilidad y autenticidad<\/strong>. Es decir, que la conversaci\u00f3n sea aportada por alguno de los participantes con inter\u00e9s directo en el procedimiento, que se pueda acreditar su origen y que se garantice que el contenido no ha sido manipulado.<\/p>\n\n\n\n<p>En el caso concreto, ninguna de esas condiciones se habr\u00eda cumplido. Las capturas fueron entregadas mediante una \u201cdeclaraci\u00f3n unilateral de voluntad\u201d de una persona que ni siquiera era parte en el procedimiento. En t\u00e9rminos jur\u00eddicos, eso abre un problema grave: se estar\u00eda sancionando a alguien con base en <strong>pruebas obtenidas fuera de los est\u00e1ndares constitucionales y probatorios<\/strong>.<\/p>\n\n\n\n<p><strong>El dilema pol\u00edtico de la violencia digital<\/strong><\/p>\n\n\n\n<p>Sin embargo, el caso no es solo jur\u00eddico. Tambi\u00e9n es profundamente pol\u00edtico.<\/p>\n\n\n\n<p>Las discusiones sobre <strong>violencia pol\u00edtica en raz\u00f3n de g\u00e9nero<\/strong> han cobrado enorme relevancia en los \u00faltimos a\u00f1os, y con raz\u00f3n. La violencia simb\u00f3lica, los ataques mis\u00f3ginos y las campa\u00f1as de descr\u00e9dito contra mujeres en la pol\u00edtica son fen\u00f3menos reales que han requerido respuestas institucionales firmes.<\/p>\n\n\n\n<p>Pero el proyecto plantea una advertencia inc\u00f3moda: <strong>combatir la violencia pol\u00edtica no puede justificar la vulneraci\u00f3n de derechos fundamentales<\/strong>.<\/p>\n\n\n\n<p>Si cualquier conversaci\u00f3n privada puede ser filtrada, sacada de contexto y utilizada para iniciar procedimientos sancionadores, se abre un terreno peligroso. No solo para funcionarios o actores pol\u00edticos, sino para cualquier ciudadano que participe en la conversaci\u00f3n p\u00fablica.<\/p>\n\n\n\n<p>El riesgo es claro: que la justicia electoral termine convirti\u00e9ndose en un espacio de vigilancia sobre la vida privada de las personas.<\/p>\n\n\n\n<p><strong>Un caso que tambi\u00e9n moviliz\u00f3 respaldos<\/strong><\/p>\n\n\n\n<p>El caso tambi\u00e9n ha generado una reacci\u00f3n pol\u00edtica y social relevante en Sinaloa. Diversos sectores han manifestado su respaldo a <strong>Emma Zerme\u00f1o<\/strong>, quien actualmente se desempe\u00f1a como funcionaria p\u00fablica en la Secretar\u00eda de las Mujeres del Gobierno del Estado.<\/p>\n\n\n\n<p>Entre quienes han expresado su apoyo se encuentran integrantes de la sociedad civil, organizaciones ciudadanas y actores pol\u00edticos. Destaca el posicionamiento de la asociaci\u00f3n <strong>Sinaloa Incluyente, A.C.<\/strong>, as\u00ed como pronunciamientos de figuras del \u00e1mbito legislativo y pol\u00edtico, entre ellas la diputada local <strong>Paola Iveth G\u00e1rate Valenzuela<\/strong>, adem\u00e1s de otros liderazgos sociales y colectivos que han se\u00f1alado la importancia de defender tanto la lucha contra la violencia pol\u00edtica como el respeto a los derechos fundamentales.<\/p>\n\n\n\n<p>Este respaldo refleja que el debate ya trascendi\u00f3 el \u00e1mbito estrictamente judicial y se ha convertido tambi\u00e9n en un tema de discusi\u00f3n p\u00fablica sobre los l\u00edmites entre la libertad de expresi\u00f3n, la privacidad y la rendici\u00f3n de cuentas en la pol\u00edtica.<\/p>\n\n\n\n<p><strong>El precedente que podr\u00eda cambiarlo todo<\/strong><\/p>\n\n\n\n<p>M\u00e1s all\u00e1 de las personas involucradas, lo verdaderamente relevante de este caso es el precedente que podr\u00eda generar.<\/p>\n\n\n\n<p>Si la Sala Superior confirma el criterio del proyecto dentro del <strong>SUP-REC-52\/2026<\/strong>, establecer\u00e1 un est\u00e1ndar que obligar\u00e1 a las autoridades electorales a ser mucho m\u00e1s cuidadosas al admitir pruebas provenientes de chats privados. No se trata de blindar expresiones ofensivas ni de proteger discursos discriminatorios, sino de garantizar que las sanciones se basen en <strong>pruebas obtenidas legalmente y debidamente valoradas<\/strong>.<\/p>\n\n\n\n<p>En un tiempo donde la pol\u00edtica se mezcla cada vez m\u00e1s con la tecnolog\u00eda y la intimidad digital, la justicia enfrenta un desaf\u00edo complejo: <strong>proteger los derechos sin cerrar los ojos frente a la violencia<\/strong>.<\/p>\n\n\n\n<p>Ese equilibrio \u2014dif\u00edcil, inc\u00f3modo y necesario\u2014 es precisamente el que hoy est\u00e1 en juego entre un chat de WhatsApp y la Constituci\u00f3n.<\/p>\n","protected":false},"excerpt":{"rendered":"<p>La pol\u00edtica contempor\u00e1nea ya no se juega \u00fanicamente en tribunas, sesiones legislativas o conferencias de prensa. Hoy tambi\u00e9n se libra en chats privados, capturas de pantalla y conversaciones que, en segundos, pueden saltar de la intimidad digital al expediente judicial. El caso que involucra a la diputada con licencia Almendra Ernestina Negrete S\u00e1nchez y a [&hellip;]<\/p>\n","protected":false},"author":140,"featured_media":129214,"comment_status":"open","ping_status":"open","sticky":false,"template":"","format":"standard","meta":{"tdm_status":"","tdm_grid_status":"","footnotes":""},"categories":[3064,3086],"tags":[],"class_list":{"0":"post-129213","1":"post","2":"type-post","3":"status-publish","4":"format-standard","5":"has-post-thumbnail","7":"category-columnas","8":"category-cuando-el-rio-suena"},"yoast_head":"<!-- This site is optimized with the Yoast SEO plugin v27.5 - https:\/\/yoast.com\/product\/yoast-seo-wordpress\/ -->\n<title>Entre WhatsApp y la justicia electoral: el riesgo de judicializar la vida privada - Fuentes Fidedignas<\/title>\n<meta name=\"robots\" content=\"index, follow, max-snippet:-1, max-image-preview:large, max-video-preview:-1\" \/>\n<link rel=\"canonical\" href=\"https:\/\/fuentesfidedignas.com.mx\/index.php\/2026\/03\/13\/entre-whatsapp-y-la-justicia-electoral-el-riesgo-de-judicializar-la-vida-privada\/\" \/>\n<meta property=\"og:locale\" content=\"es_MX\" \/>\n<meta property=\"og:type\" content=\"article\" \/>\n<meta property=\"og:title\" content=\"Entre WhatsApp y la justicia electoral: el riesgo de judicializar la vida privada - Fuentes Fidedignas\" \/>\n<meta property=\"og:description\" content=\"La pol\u00edtica contempor\u00e1nea ya no se juega \u00fanicamente en tribunas, sesiones legislativas o conferencias de prensa. Hoy tambi\u00e9n se libra en chats privados, capturas de pantalla y conversaciones que, en segundos, pueden saltar de la intimidad digital al expediente judicial. El caso que involucra a la diputada con licencia Almendra Ernestina Negrete S\u00e1nchez y a [&hellip;]\" \/>\n<meta property=\"og:url\" content=\"https:\/\/fuentesfidedignas.com.mx\/index.php\/2026\/03\/13\/entre-whatsapp-y-la-justicia-electoral-el-riesgo-de-judicializar-la-vida-privada\/\" \/>\n<meta property=\"og:site_name\" content=\"Fuentes Fidedignas\" \/>\n<meta property=\"article:publisher\" content=\"https:\/\/www.facebook.com\/Fuentes-Fidedignas-368234489921644\" \/>\n<meta property=\"article:published_time\" content=\"2026-03-13T15:40:20+00:00\" \/>\n<meta property=\"article:modified_time\" content=\"2026-03-13T15:41:07+00:00\" \/>\n<meta property=\"og:image\" content=\"https:\/\/fuentesfidedignas.com.mx\/wp-content\/uploads\/2026\/03\/vida-privada.jpg\" \/>\n\t<meta property=\"og:image:width\" content=\"500\" \/>\n\t<meta property=\"og:image:height\" content=\"333\" \/>\n\t<meta property=\"og:image:type\" content=\"image\/jpeg\" \/>\n<meta name=\"author\" content=\"F.F\" \/>\n<meta name=\"twitter:card\" content=\"summary_large_image\" \/>\n<meta name=\"twitter:creator\" content=\"@fidedignas\" \/>\n<meta name=\"twitter:site\" content=\"@fidedignas\" \/>\n<meta name=\"twitter:label1\" content=\"Escrito por\" \/>\n\t<meta name=\"twitter:data1\" content=\"F.F\" \/>\n\t<meta name=\"twitter:label2\" content=\"Tiempo de lectura\" \/>\n\t<meta name=\"twitter:data2\" content=\"5 minutos\" \/>\n<script type=\"application\/ld+json\" class=\"yoast-schema-graph\">{\"@context\":\"https:\\\/\\\/schema.org\",\"@graph\":[{\"@type\":\"Article\",\"@id\":\"https:\\\/\\\/fuentesfidedignas.com.mx\\\/index.php\\\/2026\\\/03\\\/13\\\/entre-whatsapp-y-la-justicia-electoral-el-riesgo-de-judicializar-la-vida-privada\\\/#article\",\"isPartOf\":{\"@id\":\"https:\\\/\\\/fuentesfidedignas.com.mx\\\/index.php\\\/2026\\\/03\\\/13\\\/entre-whatsapp-y-la-justicia-electoral-el-riesgo-de-judicializar-la-vida-privada\\\/\"},\"author\":{\"name\":\"F.F\",\"@id\":\"https:\\\/\\\/fuentesfidedignas.com.mx\\\/#\\\/schema\\\/person\\\/257ce668995e70619a0423d4063f7539\"},\"headline\":\"Entre WhatsApp y la justicia electoral: el riesgo de judicializar la vida privada\",\"datePublished\":\"2026-03-13T15:40:20+00:00\",\"dateModified\":\"2026-03-13T15:41:07+00:00\",\"mainEntityOfPage\":{\"@id\":\"https:\\\/\\\/fuentesfidedignas.com.mx\\\/index.php\\\/2026\\\/03\\\/13\\\/entre-whatsapp-y-la-justicia-electoral-el-riesgo-de-judicializar-la-vida-privada\\\/\"},\"wordCount\":960,\"commentCount\":0,\"publisher\":{\"@id\":\"https:\\\/\\\/fuentesfidedignas.com.mx\\\/#organization\"},\"image\":{\"@id\":\"https:\\\/\\\/fuentesfidedignas.com.mx\\\/index.php\\\/2026\\\/03\\\/13\\\/entre-whatsapp-y-la-justicia-electoral-el-riesgo-de-judicializar-la-vida-privada\\\/#primaryimage\"},\"thumbnailUrl\":\"https:\\\/\\\/fuentesfidedignas.com.mx\\\/wp-content\\\/uploads\\\/2026\\\/03\\\/vida-privada.jpg\",\"articleSection\":[\"COLUMNAS\",\"CUANDO EL RIO SUENA\"],\"inLanguage\":\"es\",\"potentialAction\":[{\"@type\":\"CommentAction\",\"name\":\"Comment\",\"target\":[\"https:\\\/\\\/fuentesfidedignas.com.mx\\\/index.php\\\/2026\\\/03\\\/13\\\/entre-whatsapp-y-la-justicia-electoral-el-riesgo-de-judicializar-la-vida-privada\\\/#respond\"]}]},{\"@type\":\"WebPage\",\"@id\":\"https:\\\/\\\/fuentesfidedignas.com.mx\\\/index.php\\\/2026\\\/03\\\/13\\\/entre-whatsapp-y-la-justicia-electoral-el-riesgo-de-judicializar-la-vida-privada\\\/\",\"url\":\"https:\\\/\\\/fuentesfidedignas.com.mx\\\/index.php\\\/2026\\\/03\\\/13\\\/entre-whatsapp-y-la-justicia-electoral-el-riesgo-de-judicializar-la-vida-privada\\\/\",\"name\":\"Entre WhatsApp y la justicia electoral: el riesgo de judicializar la vida privada - Fuentes Fidedignas\",\"isPartOf\":{\"@id\":\"https:\\\/\\\/fuentesfidedignas.com.mx\\\/#website\"},\"primaryImageOfPage\":{\"@id\":\"https:\\\/\\\/fuentesfidedignas.com.mx\\\/index.php\\\/2026\\\/03\\\/13\\\/entre-whatsapp-y-la-justicia-electoral-el-riesgo-de-judicializar-la-vida-privada\\\/#primaryimage\"},\"image\":{\"@id\":\"https:\\\/\\\/fuentesfidedignas.com.mx\\\/index.php\\\/2026\\\/03\\\/13\\\/entre-whatsapp-y-la-justicia-electoral-el-riesgo-de-judicializar-la-vida-privada\\\/#primaryimage\"},\"thumbnailUrl\":\"https:\\\/\\\/fuentesfidedignas.com.mx\\\/wp-content\\\/uploads\\\/2026\\\/03\\\/vida-privada.jpg\",\"datePublished\":\"2026-03-13T15:40:20+00:00\",\"dateModified\":\"2026-03-13T15:41:07+00:00\",\"breadcrumb\":{\"@id\":\"https:\\\/\\\/fuentesfidedignas.com.mx\\\/index.php\\\/2026\\\/03\\\/13\\\/entre-whatsapp-y-la-justicia-electoral-el-riesgo-de-judicializar-la-vida-privada\\\/#breadcrumb\"},\"inLanguage\":\"es\",\"potentialAction\":[{\"@type\":\"ReadAction\",\"target\":[\"https:\\\/\\\/fuentesfidedignas.com.mx\\\/index.php\\\/2026\\\/03\\\/13\\\/entre-whatsapp-y-la-justicia-electoral-el-riesgo-de-judicializar-la-vida-privada\\\/\"]}]},{\"@type\":\"ImageObject\",\"inLanguage\":\"es\",\"@id\":\"https:\\\/\\\/fuentesfidedignas.com.mx\\\/index.php\\\/2026\\\/03\\\/13\\\/entre-whatsapp-y-la-justicia-electoral-el-riesgo-de-judicializar-la-vida-privada\\\/#primaryimage\",\"url\":\"https:\\\/\\\/fuentesfidedignas.com.mx\\\/wp-content\\\/uploads\\\/2026\\\/03\\\/vida-privada.jpg\",\"contentUrl\":\"https:\\\/\\\/fuentesfidedignas.com.mx\\\/wp-content\\\/uploads\\\/2026\\\/03\\\/vida-privada.jpg\",\"width\":500,\"height\":333,\"caption\":\"De izquierda a derecha: Almendra Ernestina Negrete S\u00e1nchez, en su car\u00e1cter de parte denunciante dentro del procedimiento por presunta violencia pol\u00edtica en raz\u00f3n de g\u00e9nero; Jonathan Alexis Ram\u00edrez Quevedo, persona que proporcion\u00f3 y difundi\u00f3 las capturas de conversaciones privadas de WhatsApp incorporadas como elementos probatorios en el expediente; y Mar\u00eda Emma Zerme\u00f1o L\u00f3pez, se\u00f1alada como parte denunciada en dicho procedimiento.\"},{\"@type\":\"BreadcrumbList\",\"@id\":\"https:\\\/\\\/fuentesfidedignas.com.mx\\\/index.php\\\/2026\\\/03\\\/13\\\/entre-whatsapp-y-la-justicia-electoral-el-riesgo-de-judicializar-la-vida-privada\\\/#breadcrumb\",\"itemListElement\":[{\"@type\":\"ListItem\",\"position\":1,\"name\":\"Inicio\",\"item\":\"https:\\\/\\\/fuentesfidedignas.com.mx\\\/\"},{\"@type\":\"ListItem\",\"position\":2,\"name\":\"Entre WhatsApp y la justicia electoral: el riesgo de judicializar la vida privada\"}]},{\"@type\":\"WebSite\",\"@id\":\"https:\\\/\\\/fuentesfidedignas.com.mx\\\/#website\",\"url\":\"https:\\\/\\\/fuentesfidedignas.com.mx\\\/\",\"name\":\"Fuentes Fidedignas\",\"description\":\"Otro sitio realizado con WordPress\",\"publisher\":{\"@id\":\"https:\\\/\\\/fuentesfidedignas.com.mx\\\/#organization\"},\"potentialAction\":[{\"@type\":\"SearchAction\",\"target\":{\"@type\":\"EntryPoint\",\"urlTemplate\":\"https:\\\/\\\/fuentesfidedignas.com.mx\\\/?s={search_term_string}\"},\"query-input\":{\"@type\":\"PropertyValueSpecification\",\"valueRequired\":true,\"valueName\":\"search_term_string\"}}],\"inLanguage\":\"es\"},{\"@type\":\"Organization\",\"@id\":\"https:\\\/\\\/fuentesfidedignas.com.mx\\\/#organization\",\"name\":\"Fuentes Fidedignas\",\"url\":\"https:\\\/\\\/fuentesfidedignas.com.mx\\\/\",\"logo\":{\"@type\":\"ImageObject\",\"inLanguage\":\"es\",\"@id\":\"https:\\\/\\\/fuentesfidedignas.com.mx\\\/#\\\/schema\\\/logo\\\/image\\\/\",\"url\":\"https:\\\/\\\/fuentesfidedignas.com.mx\\\/wp-content\\\/uploads\\\/2021\\\/04\\\/logo-retina.png\",\"contentUrl\":\"https:\\\/\\\/fuentesfidedignas.com.mx\\\/wp-content\\\/uploads\\\/2021\\\/04\\\/logo-retina.png\",\"width\":280,\"height\":51,\"caption\":\"Fuentes Fidedignas\"},\"image\":{\"@id\":\"https:\\\/\\\/fuentesfidedignas.com.mx\\\/#\\\/schema\\\/logo\\\/image\\\/\"},\"sameAs\":[\"https:\\\/\\\/www.facebook.com\\\/Fuentes-Fidedignas-368234489921644\",\"https:\\\/\\\/x.com\\\/fidedignas\"]},{\"@type\":\"Person\",\"@id\":\"https:\\\/\\\/fuentesfidedignas.com.mx\\\/#\\\/schema\\\/person\\\/257ce668995e70619a0423d4063f7539\",\"name\":\"F.F\",\"image\":{\"@type\":\"ImageObject\",\"inLanguage\":\"es\",\"@id\":\"https:\\\/\\\/secure.gravatar.com\\\/avatar\\\/852c26b8e524fd0d5d40b1dd4f3b01abe244b22e1008620d24eeae20a74a9353?s=96&d=mm&r=g\",\"url\":\"https:\\\/\\\/secure.gravatar.com\\\/avatar\\\/852c26b8e524fd0d5d40b1dd4f3b01abe244b22e1008620d24eeae20a74a9353?s=96&d=mm&r=g\",\"contentUrl\":\"https:\\\/\\\/secure.gravatar.com\\\/avatar\\\/852c26b8e524fd0d5d40b1dd4f3b01abe244b22e1008620d24eeae20a74a9353?s=96&d=mm&r=g\",\"caption\":\"F.F\"},\"url\":\"https:\\\/\\\/fuentesfidedignas.com.mx\\\/index.php\\\/author\\\/f-f\\\/\"}]}<\/script>\n<!-- \/ Yoast SEO plugin. -->","yoast_head_json":{"title":"Entre WhatsApp y la justicia electoral: el riesgo de judicializar la vida privada - Fuentes Fidedignas","robots":{"index":"index","follow":"follow","max-snippet":"max-snippet:-1","max-image-preview":"max-image-preview:large","max-video-preview":"max-video-preview:-1"},"canonical":"https:\/\/fuentesfidedignas.com.mx\/index.php\/2026\/03\/13\/entre-whatsapp-y-la-justicia-electoral-el-riesgo-de-judicializar-la-vida-privada\/","og_locale":"es_MX","og_type":"article","og_title":"Entre WhatsApp y la justicia electoral: el riesgo de judicializar la vida privada - Fuentes Fidedignas","og_description":"La pol\u00edtica contempor\u00e1nea ya no se juega \u00fanicamente en tribunas, sesiones legislativas o conferencias de prensa. Hoy tambi\u00e9n se libra en chats privados, capturas de pantalla y conversaciones que, en segundos, pueden saltar de la intimidad digital al expediente judicial. El caso que involucra a la diputada con licencia Almendra Ernestina Negrete S\u00e1nchez y a [&hellip;]","og_url":"https:\/\/fuentesfidedignas.com.mx\/index.php\/2026\/03\/13\/entre-whatsapp-y-la-justicia-electoral-el-riesgo-de-judicializar-la-vida-privada\/","og_site_name":"Fuentes Fidedignas","article_publisher":"https:\/\/www.facebook.com\/Fuentes-Fidedignas-368234489921644","article_published_time":"2026-03-13T15:40:20+00:00","article_modified_time":"2026-03-13T15:41:07+00:00","og_image":[{"width":500,"height":333,"url":"https:\/\/fuentesfidedignas.com.mx\/wp-content\/uploads\/2026\/03\/vida-privada.jpg","type":"image\/jpeg"}],"author":"F.F","twitter_card":"summary_large_image","twitter_creator":"@fidedignas","twitter_site":"@fidedignas","twitter_misc":{"Escrito por":"F.F","Tiempo de lectura":"5 minutos"},"schema":{"@context":"https:\/\/schema.org","@graph":[{"@type":"Article","@id":"https:\/\/fuentesfidedignas.com.mx\/index.php\/2026\/03\/13\/entre-whatsapp-y-la-justicia-electoral-el-riesgo-de-judicializar-la-vida-privada\/#article","isPartOf":{"@id":"https:\/\/fuentesfidedignas.com.mx\/index.php\/2026\/03\/13\/entre-whatsapp-y-la-justicia-electoral-el-riesgo-de-judicializar-la-vida-privada\/"},"author":{"name":"F.F","@id":"https:\/\/fuentesfidedignas.com.mx\/#\/schema\/person\/257ce668995e70619a0423d4063f7539"},"headline":"Entre WhatsApp y la justicia electoral: el riesgo de judicializar la vida privada","datePublished":"2026-03-13T15:40:20+00:00","dateModified":"2026-03-13T15:41:07+00:00","mainEntityOfPage":{"@id":"https:\/\/fuentesfidedignas.com.mx\/index.php\/2026\/03\/13\/entre-whatsapp-y-la-justicia-electoral-el-riesgo-de-judicializar-la-vida-privada\/"},"wordCount":960,"commentCount":0,"publisher":{"@id":"https:\/\/fuentesfidedignas.com.mx\/#organization"},"image":{"@id":"https:\/\/fuentesfidedignas.com.mx\/index.php\/2026\/03\/13\/entre-whatsapp-y-la-justicia-electoral-el-riesgo-de-judicializar-la-vida-privada\/#primaryimage"},"thumbnailUrl":"https:\/\/fuentesfidedignas.com.mx\/wp-content\/uploads\/2026\/03\/vida-privada.jpg","articleSection":["COLUMNAS","CUANDO EL RIO SUENA"],"inLanguage":"es","potentialAction":[{"@type":"CommentAction","name":"Comment","target":["https:\/\/fuentesfidedignas.com.mx\/index.php\/2026\/03\/13\/entre-whatsapp-y-la-justicia-electoral-el-riesgo-de-judicializar-la-vida-privada\/#respond"]}]},{"@type":"WebPage","@id":"https:\/\/fuentesfidedignas.com.mx\/index.php\/2026\/03\/13\/entre-whatsapp-y-la-justicia-electoral-el-riesgo-de-judicializar-la-vida-privada\/","url":"https:\/\/fuentesfidedignas.com.mx\/index.php\/2026\/03\/13\/entre-whatsapp-y-la-justicia-electoral-el-riesgo-de-judicializar-la-vida-privada\/","name":"Entre WhatsApp y la justicia electoral: el riesgo de judicializar la vida privada - Fuentes Fidedignas","isPartOf":{"@id":"https:\/\/fuentesfidedignas.com.mx\/#website"},"primaryImageOfPage":{"@id":"https:\/\/fuentesfidedignas.com.mx\/index.php\/2026\/03\/13\/entre-whatsapp-y-la-justicia-electoral-el-riesgo-de-judicializar-la-vida-privada\/#primaryimage"},"image":{"@id":"https:\/\/fuentesfidedignas.com.mx\/index.php\/2026\/03\/13\/entre-whatsapp-y-la-justicia-electoral-el-riesgo-de-judicializar-la-vida-privada\/#primaryimage"},"thumbnailUrl":"https:\/\/fuentesfidedignas.com.mx\/wp-content\/uploads\/2026\/03\/vida-privada.jpg","datePublished":"2026-03-13T15:40:20+00:00","dateModified":"2026-03-13T15:41:07+00:00","breadcrumb":{"@id":"https:\/\/fuentesfidedignas.com.mx\/index.php\/2026\/03\/13\/entre-whatsapp-y-la-justicia-electoral-el-riesgo-de-judicializar-la-vida-privada\/#breadcrumb"},"inLanguage":"es","potentialAction":[{"@type":"ReadAction","target":["https:\/\/fuentesfidedignas.com.mx\/index.php\/2026\/03\/13\/entre-whatsapp-y-la-justicia-electoral-el-riesgo-de-judicializar-la-vida-privada\/"]}]},{"@type":"ImageObject","inLanguage":"es","@id":"https:\/\/fuentesfidedignas.com.mx\/index.php\/2026\/03\/13\/entre-whatsapp-y-la-justicia-electoral-el-riesgo-de-judicializar-la-vida-privada\/#primaryimage","url":"https:\/\/fuentesfidedignas.com.mx\/wp-content\/uploads\/2026\/03\/vida-privada.jpg","contentUrl":"https:\/\/fuentesfidedignas.com.mx\/wp-content\/uploads\/2026\/03\/vida-privada.jpg","width":500,"height":333,"caption":"De izquierda a derecha: Almendra Ernestina Negrete S\u00e1nchez, en su car\u00e1cter de parte denunciante dentro del procedimiento por presunta violencia pol\u00edtica en raz\u00f3n de g\u00e9nero; Jonathan Alexis Ram\u00edrez Quevedo, persona que proporcion\u00f3 y difundi\u00f3 las capturas de conversaciones privadas de WhatsApp incorporadas como elementos probatorios en el expediente; y Mar\u00eda Emma Zerme\u00f1o L\u00f3pez, se\u00f1alada como parte denunciada en dicho procedimiento."},{"@type":"BreadcrumbList","@id":"https:\/\/fuentesfidedignas.com.mx\/index.php\/2026\/03\/13\/entre-whatsapp-y-la-justicia-electoral-el-riesgo-de-judicializar-la-vida-privada\/#breadcrumb","itemListElement":[{"@type":"ListItem","position":1,"name":"Inicio","item":"https:\/\/fuentesfidedignas.com.mx\/"},{"@type":"ListItem","position":2,"name":"Entre WhatsApp y la justicia electoral: el riesgo de judicializar la vida privada"}]},{"@type":"WebSite","@id":"https:\/\/fuentesfidedignas.com.mx\/#website","url":"https:\/\/fuentesfidedignas.com.mx\/","name":"Fuentes Fidedignas","description":"Otro sitio realizado con WordPress","publisher":{"@id":"https:\/\/fuentesfidedignas.com.mx\/#organization"},"potentialAction":[{"@type":"SearchAction","target":{"@type":"EntryPoint","urlTemplate":"https:\/\/fuentesfidedignas.com.mx\/?s={search_term_string}"},"query-input":{"@type":"PropertyValueSpecification","valueRequired":true,"valueName":"search_term_string"}}],"inLanguage":"es"},{"@type":"Organization","@id":"https:\/\/fuentesfidedignas.com.mx\/#organization","name":"Fuentes Fidedignas","url":"https:\/\/fuentesfidedignas.com.mx\/","logo":{"@type":"ImageObject","inLanguage":"es","@id":"https:\/\/fuentesfidedignas.com.mx\/#\/schema\/logo\/image\/","url":"https:\/\/fuentesfidedignas.com.mx\/wp-content\/uploads\/2021\/04\/logo-retina.png","contentUrl":"https:\/\/fuentesfidedignas.com.mx\/wp-content\/uploads\/2021\/04\/logo-retina.png","width":280,"height":51,"caption":"Fuentes Fidedignas"},"image":{"@id":"https:\/\/fuentesfidedignas.com.mx\/#\/schema\/logo\/image\/"},"sameAs":["https:\/\/www.facebook.com\/Fuentes-Fidedignas-368234489921644","https:\/\/x.com\/fidedignas"]},{"@type":"Person","@id":"https:\/\/fuentesfidedignas.com.mx\/#\/schema\/person\/257ce668995e70619a0423d4063f7539","name":"F.F","image":{"@type":"ImageObject","inLanguage":"es","@id":"https:\/\/secure.gravatar.com\/avatar\/852c26b8e524fd0d5d40b1dd4f3b01abe244b22e1008620d24eeae20a74a9353?s=96&d=mm&r=g","url":"https:\/\/secure.gravatar.com\/avatar\/852c26b8e524fd0d5d40b1dd4f3b01abe244b22e1008620d24eeae20a74a9353?s=96&d=mm&r=g","contentUrl":"https:\/\/secure.gravatar.com\/avatar\/852c26b8e524fd0d5d40b1dd4f3b01abe244b22e1008620d24eeae20a74a9353?s=96&d=mm&r=g","caption":"F.F"},"url":"https:\/\/fuentesfidedignas.com.mx\/index.php\/author\/f-f\/"}]}},"_links":{"self":[{"href":"https:\/\/fuentesfidedignas.com.mx\/index.php\/wp-json\/wp\/v2\/posts\/129213","targetHints":{"allow":["GET"]}}],"collection":[{"href":"https:\/\/fuentesfidedignas.com.mx\/index.php\/wp-json\/wp\/v2\/posts"}],"about":[{"href":"https:\/\/fuentesfidedignas.com.mx\/index.php\/wp-json\/wp\/v2\/types\/post"}],"author":[{"embeddable":true,"href":"https:\/\/fuentesfidedignas.com.mx\/index.php\/wp-json\/wp\/v2\/users\/140"}],"replies":[{"embeddable":true,"href":"https:\/\/fuentesfidedignas.com.mx\/index.php\/wp-json\/wp\/v2\/comments?post=129213"}],"version-history":[{"count":1,"href":"https:\/\/fuentesfidedignas.com.mx\/index.php\/wp-json\/wp\/v2\/posts\/129213\/revisions"}],"predecessor-version":[{"id":129215,"href":"https:\/\/fuentesfidedignas.com.mx\/index.php\/wp-json\/wp\/v2\/posts\/129213\/revisions\/129215"}],"wp:featuredmedia":[{"embeddable":true,"href":"https:\/\/fuentesfidedignas.com.mx\/index.php\/wp-json\/wp\/v2\/media\/129214"}],"wp:attachment":[{"href":"https:\/\/fuentesfidedignas.com.mx\/index.php\/wp-json\/wp\/v2\/media?parent=129213"}],"wp:term":[{"taxonomy":"category","embeddable":true,"href":"https:\/\/fuentesfidedignas.com.mx\/index.php\/wp-json\/wp\/v2\/categories?post=129213"},{"taxonomy":"post_tag","embeddable":true,"href":"https:\/\/fuentesfidedignas.com.mx\/index.php\/wp-json\/wp\/v2\/tags?post=129213"}],"curies":[{"name":"wp","href":"https:\/\/api.w.org\/{rel}","templated":true}]}}