{"id":129197,"date":"2026-03-13T07:47:05","date_gmt":"2026-03-13T14:47:05","guid":{"rendered":"https:\/\/fuentesfidedignas.com.mx\/?p=129197"},"modified":"2026-03-13T07:55:40","modified_gmt":"2026-03-13T14:55:40","slug":"no-es-ia-es-mexico-hombre-a-caballo-pasea-con-una-bocina-en-mano-y-se-vuelve-viral","status":"publish","type":"post","link":"https:\/\/fuentesfidedignas.com.mx\/index.php\/2026\/03\/13\/no-es-ia-es-mexico-hombre-a-caballo-pasea-con-una-bocina-en-mano-y-se-vuelve-viral\/","title":{"rendered":"\u201cNo es IA, es M\u00e9xico\u201d: hombre a caballo pasea con una bocina en mano y se vuelve viral"},"content":{"rendered":"\n<p><strong><em>Sombrero bien puesto, bocina en mano y actitud despreocupada, el hombre avanzaba por la calle como si fuera el paseo m\u00e1s normal del mundo<\/em><\/strong><\/p>\n\n\n\n<p>Un video grabado en calles de M\u00e9xico se volvi\u00f3 viral en redes sociales al mostrar una escena tan simple como inesperada: un hombre paseando a caballo en plena ciudad, saludando a quienes encontraba en su camino.<\/p>\n\n\n\n<p>La escena r\u00e1pidamente capt\u00f3 la atenci\u00f3n en Instagram y otras plataformas, no solo por el caballo, sino por el estilo relajado del protagonista.<\/p>\n\n\n\n<p><a href=\"https:\/\/www.instagram.com\/reel\/DVut_R-D7VM\/?igsh=b2xtY2Q1ZXQwaTl6\">https:\/\/www.instagram.com\/reel\/DVut_R-D7VM\/?igsh=b2xtY2Q1ZXQwaTl6<\/a><\/p>\n","protected":false},"excerpt":{"rendered":"<p>Sombrero bien puesto, bocina en mano y actitud despreocupada, el hombre avanzaba por la calle como si fuera el paseo m\u00e1s normal del mundo Un video grabado en calles de M\u00e9xico se volvi\u00f3 viral en redes sociales al mostrar una escena tan simple como inesperada: un hombre paseando a caballo en plena ciudad, saludando a [&hellip;]<\/p>\n","protected":false},"author":40,"featured_media":129196,"comment_status":"closed","ping_status":"open","sticky":false,"template":"","format":"standard","meta":{"tdm_status":"","tdm_grid_status":"","footnotes":""},"categories":[40],"tags":[],"class_list":{"0":"post-129197","1":"post","2":"type-post","3":"status-publish","4":"format-standard","5":"has-post-thumbnail","7":"category-las-asombrosas"},"yoast_head":"<!-- This site is optimized with the Yoast SEO plugin v27.5 - https:\/\/yoast.com\/product\/yoast-seo-wordpress\/ -->\n<title>\u201cNo es IA, es M\u00e9xico\u201d: hombre a caballo pasea con una bocina en mano y se vuelve viral - Fuentes Fidedignas<\/title>\n<meta name=\"robots\" content=\"index, follow, max-snippet:-1, max-image-preview:large, max-video-preview:-1\" \/>\n<link rel=\"canonical\" href=\"https:\/\/fuentesfidedignas.com.mx\/index.php\/2026\/03\/13\/no-es-ia-es-mexico-hombre-a-caballo-pasea-con-una-bocina-en-mano-y-se-vuelve-viral\/\" \/>\n<meta property=\"og:locale\" content=\"es_MX\" \/>\n<meta property=\"og:type\" content=\"article\" \/>\n<meta property=\"og:title\" content=\"\u201cNo es IA, es M\u00e9xico\u201d: hombre a caballo pasea con una bocina en mano y se vuelve viral - Fuentes Fidedignas\" \/>\n<meta property=\"og:description\" content=\"Sombrero bien puesto, bocina en mano y actitud despreocupada, el hombre avanzaba por la calle como si fuera el paseo m\u00e1s normal del mundo Un video grabado en calles de M\u00e9xico se volvi\u00f3 viral en redes sociales al mostrar una escena tan simple como inesperada: un hombre paseando a caballo en plena ciudad, saludando a [&hellip;]\" \/>\n<meta property=\"og:url\" content=\"https:\/\/fuentesfidedignas.com.mx\/index.php\/2026\/03\/13\/no-es-ia-es-mexico-hombre-a-caballo-pasea-con-una-bocina-en-mano-y-se-vuelve-viral\/\" \/>\n<meta property=\"og:site_name\" content=\"Fuentes Fidedignas\" \/>\n<meta property=\"article:publisher\" content=\"https:\/\/www.facebook.com\/Fuentes-Fidedignas-368234489921644\" \/>\n<meta property=\"article:published_time\" content=\"2026-03-13T14:47:05+00:00\" \/>\n<meta property=\"article:modified_time\" content=\"2026-03-13T14:55:40+00:00\" \/>\n<meta property=\"og:image\" content=\"https:\/\/fuentesfidedignas.com.mx\/wp-content\/uploads\/2026\/03\/img_4965.jpg\" \/>\n\t<meta property=\"og:image:width\" content=\"480\" \/>\n\t<meta property=\"og:image:height\" content=\"320\" \/>\n\t<meta property=\"og:image:type\" content=\"image\/jpeg\" \/>\n<meta name=\"author\" content=\"El Imparcial\" \/>\n<meta name=\"twitter:card\" content=\"summary_large_image\" \/>\n<meta name=\"twitter:creator\" content=\"@fidedignas\" \/>\n<meta name=\"twitter:site\" content=\"@fidedignas\" \/>\n<meta name=\"twitter:label1\" content=\"Escrito por\" \/>\n\t<meta name=\"twitter:data1\" content=\"El Imparcial\" \/>\n\t<meta name=\"twitter:label2\" content=\"Tiempo de lectura\" \/>\n\t<meta name=\"twitter:data2\" content=\"1 minuto\" \/>\n<script type=\"application\/ld+json\" class=\"yoast-schema-graph\">{\"@context\":\"https:\\\/\\\/schema.org\",\"@graph\":[{\"@type\":\"Article\",\"@id\":\"https:\\\/\\\/fuentesfidedignas.com.mx\\\/index.php\\\/2026\\\/03\\\/13\\\/no-es-ia-es-mexico-hombre-a-caballo-pasea-con-una-bocina-en-mano-y-se-vuelve-viral\\\/#article\",\"isPartOf\":{\"@id\":\"https:\\\/\\\/fuentesfidedignas.com.mx\\\/index.php\\\/2026\\\/03\\\/13\\\/no-es-ia-es-mexico-hombre-a-caballo-pasea-con-una-bocina-en-mano-y-se-vuelve-viral\\\/\"},\"author\":{\"name\":\"El Imparcial\",\"@id\":\"https:\\\/\\\/fuentesfidedignas.com.mx\\\/#\\\/schema\\\/person\\\/ff4db17f8fd9c584e0cfc2a0c436b8a1\"},\"headline\":\"\u201cNo es IA, es M\u00e9xico\u201d: hombre a caballo pasea con una bocina en mano y se vuelve viral\",\"datePublished\":\"2026-03-13T14:47:05+00:00\",\"dateModified\":\"2026-03-13T14:55:40+00:00\",\"mainEntityOfPage\":{\"@id\":\"https:\\\/\\\/fuentesfidedignas.com.mx\\\/index.php\\\/2026\\\/03\\\/13\\\/no-es-ia-es-mexico-hombre-a-caballo-pasea-con-una-bocina-en-mano-y-se-vuelve-viral\\\/\"},\"wordCount\":119,\"publisher\":{\"@id\":\"https:\\\/\\\/fuentesfidedignas.com.mx\\\/#organization\"},\"image\":{\"@id\":\"https:\\\/\\\/fuentesfidedignas.com.mx\\\/index.php\\\/2026\\\/03\\\/13\\\/no-es-ia-es-mexico-hombre-a-caballo-pasea-con-una-bocina-en-mano-y-se-vuelve-viral\\\/#primaryimage\"},\"thumbnailUrl\":\"https:\\\/\\\/fuentesfidedignas.com.mx\\\/wp-content\\\/uploads\\\/2026\\\/03\\\/img_4965.jpg\",\"articleSection\":[\"LAS ASOMBROSAS\"],\"inLanguage\":\"es\"},{\"@type\":\"WebPage\",\"@id\":\"https:\\\/\\\/fuentesfidedignas.com.mx\\\/index.php\\\/2026\\\/03\\\/13\\\/no-es-ia-es-mexico-hombre-a-caballo-pasea-con-una-bocina-en-mano-y-se-vuelve-viral\\\/\",\"url\":\"https:\\\/\\\/fuentesfidedignas.com.mx\\\/index.php\\\/2026\\\/03\\\/13\\\/no-es-ia-es-mexico-hombre-a-caballo-pasea-con-una-bocina-en-mano-y-se-vuelve-viral\\\/\",\"name\":\"\u201cNo es IA, es M\u00e9xico\u201d: hombre a caballo pasea con una bocina en mano y se vuelve viral - Fuentes Fidedignas\",\"isPartOf\":{\"@id\":\"https:\\\/\\\/fuentesfidedignas.com.mx\\\/#website\"},\"primaryImageOfPage\":{\"@id\":\"https:\\\/\\\/fuentesfidedignas.com.mx\\\/index.php\\\/2026\\\/03\\\/13\\\/no-es-ia-es-mexico-hombre-a-caballo-pasea-con-una-bocina-en-mano-y-se-vuelve-viral\\\/#primaryimage\"},\"image\":{\"@id\":\"https:\\\/\\\/fuentesfidedignas.com.mx\\\/index.php\\\/2026\\\/03\\\/13\\\/no-es-ia-es-mexico-hombre-a-caballo-pasea-con-una-bocina-en-mano-y-se-vuelve-viral\\\/#primaryimage\"},\"thumbnailUrl\":\"https:\\\/\\\/fuentesfidedignas.com.mx\\\/wp-content\\\/uploads\\\/2026\\\/03\\\/img_4965.jpg\",\"datePublished\":\"2026-03-13T14:47:05+00:00\",\"dateModified\":\"2026-03-13T14:55:40+00:00\",\"breadcrumb\":{\"@id\":\"https:\\\/\\\/fuentesfidedignas.com.mx\\\/index.php\\\/2026\\\/03\\\/13\\\/no-es-ia-es-mexico-hombre-a-caballo-pasea-con-una-bocina-en-mano-y-se-vuelve-viral\\\/#breadcrumb\"},\"inLanguage\":\"es\",\"potentialAction\":[{\"@type\":\"ReadAction\",\"target\":[\"https:\\\/\\\/fuentesfidedignas.com.mx\\\/index.php\\\/2026\\\/03\\\/13\\\/no-es-ia-es-mexico-hombre-a-caballo-pasea-con-una-bocina-en-mano-y-se-vuelve-viral\\\/\"]}]},{\"@type\":\"ImageObject\",\"inLanguage\":\"es\",\"@id\":\"https:\\\/\\\/fuentesfidedignas.com.mx\\\/index.php\\\/2026\\\/03\\\/13\\\/no-es-ia-es-mexico-hombre-a-caballo-pasea-con-una-bocina-en-mano-y-se-vuelve-viral\\\/#primaryimage\",\"url\":\"https:\\\/\\\/fuentesfidedignas.com.mx\\\/wp-content\\\/uploads\\\/2026\\\/03\\\/img_4965.jpg\",\"contentUrl\":\"https:\\\/\\\/fuentesfidedignas.com.mx\\\/wp-content\\\/uploads\\\/2026\\\/03\\\/img_4965.jpg\",\"width\":480,\"height\":320},{\"@type\":\"BreadcrumbList\",\"@id\":\"https:\\\/\\\/fuentesfidedignas.com.mx\\\/index.php\\\/2026\\\/03\\\/13\\\/no-es-ia-es-mexico-hombre-a-caballo-pasea-con-una-bocina-en-mano-y-se-vuelve-viral\\\/#breadcrumb\",\"itemListElement\":[{\"@type\":\"ListItem\",\"position\":1,\"name\":\"Inicio\",\"item\":\"https:\\\/\\\/fuentesfidedignas.com.mx\\\/\"},{\"@type\":\"ListItem\",\"position\":2,\"name\":\"\u201cNo es IA, es M\u00e9xico\u201d: hombre a caballo pasea con una bocina en mano y se vuelve viral\"}]},{\"@type\":\"WebSite\",\"@id\":\"https:\\\/\\\/fuentesfidedignas.com.mx\\\/#website\",\"url\":\"https:\\\/\\\/fuentesfidedignas.com.mx\\\/\",\"name\":\"Fuentes Fidedignas\",\"description\":\"Otro sitio realizado con WordPress\",\"publisher\":{\"@id\":\"https:\\\/\\\/fuentesfidedignas.com.mx\\\/#organization\"},\"potentialAction\":[{\"@type\":\"SearchAction\",\"target\":{\"@type\":\"EntryPoint\",\"urlTemplate\":\"https:\\\/\\\/fuentesfidedignas.com.mx\\\/?s={search_term_string}\"},\"query-input\":{\"@type\":\"PropertyValueSpecification\",\"valueRequired\":true,\"valueName\":\"search_term_string\"}}],\"inLanguage\":\"es\"},{\"@type\":\"Organization\",\"@id\":\"https:\\\/\\\/fuentesfidedignas.com.mx\\\/#organization\",\"name\":\"Fuentes Fidedignas\",\"url\":\"https:\\\/\\\/fuentesfidedignas.com.mx\\\/\",\"logo\":{\"@type\":\"ImageObject\",\"inLanguage\":\"es\",\"@id\":\"https:\\\/\\\/fuentesfidedignas.com.mx\\\/#\\\/schema\\\/logo\\\/image\\\/\",\"url\":\"https:\\\/\\\/fuentesfidedignas.com.mx\\\/wp-content\\\/uploads\\\/2021\\\/04\\\/logo-retina.png\",\"contentUrl\":\"https:\\\/\\\/fuentesfidedignas.com.mx\\\/wp-content\\\/uploads\\\/2021\\\/04\\\/logo-retina.png\",\"width\":280,\"height\":51,\"caption\":\"Fuentes Fidedignas\"},\"image\":{\"@id\":\"https:\\\/\\\/fuentesfidedignas.com.mx\\\/#\\\/schema\\\/logo\\\/image\\\/\"},\"sameAs\":[\"https:\\\/\\\/www.facebook.com\\\/Fuentes-Fidedignas-368234489921644\",\"https:\\\/\\\/x.com\\\/fidedignas\"]},{\"@type\":\"Person\",\"@id\":\"https:\\\/\\\/fuentesfidedignas.com.mx\\\/#\\\/schema\\\/person\\\/ff4db17f8fd9c584e0cfc2a0c436b8a1\",\"name\":\"El Imparcial\",\"image\":{\"@type\":\"ImageObject\",\"inLanguage\":\"es\",\"@id\":\"https:\\\/\\\/secure.gravatar.com\\\/avatar\\\/accd6807585a75316c237ee783498317be6f66ab34c47c940966f26a3f613161?s=96&d=mm&r=g\",\"url\":\"https:\\\/\\\/secure.gravatar.com\\\/avatar\\\/accd6807585a75316c237ee783498317be6f66ab34c47c940966f26a3f613161?s=96&d=mm&r=g\",\"contentUrl\":\"https:\\\/\\\/secure.gravatar.com\\\/avatar\\\/accd6807585a75316c237ee783498317be6f66ab34c47c940966f26a3f613161?s=96&d=mm&r=g\",\"caption\":\"El Imparcial\"},\"url\":\"https:\\\/\\\/fuentesfidedignas.com.mx\\\/index.php\\\/author\\\/imparcial\\\/\"}]}<\/script>\n<!-- \/ Yoast SEO plugin. -->","yoast_head_json":{"title":"\u201cNo es IA, es M\u00e9xico\u201d: hombre a caballo pasea con una bocina en mano y se vuelve viral - Fuentes Fidedignas","robots":{"index":"index","follow":"follow","max-snippet":"max-snippet:-1","max-image-preview":"max-image-preview:large","max-video-preview":"max-video-preview:-1"},"canonical":"https:\/\/fuentesfidedignas.com.mx\/index.php\/2026\/03\/13\/no-es-ia-es-mexico-hombre-a-caballo-pasea-con-una-bocina-en-mano-y-se-vuelve-viral\/","og_locale":"es_MX","og_type":"article","og_title":"\u201cNo es IA, es M\u00e9xico\u201d: hombre a caballo pasea con una bocina en mano y se vuelve viral - Fuentes Fidedignas","og_description":"Sombrero bien puesto, bocina en mano y actitud despreocupada, el hombre avanzaba por la calle como si fuera el paseo m\u00e1s normal del mundo Un video grabado en calles de M\u00e9xico se volvi\u00f3 viral en redes sociales al mostrar una escena tan simple como inesperada: un hombre paseando a caballo en plena ciudad, saludando a [&hellip;]","og_url":"https:\/\/fuentesfidedignas.com.mx\/index.php\/2026\/03\/13\/no-es-ia-es-mexico-hombre-a-caballo-pasea-con-una-bocina-en-mano-y-se-vuelve-viral\/","og_site_name":"Fuentes Fidedignas","article_publisher":"https:\/\/www.facebook.com\/Fuentes-Fidedignas-368234489921644","article_published_time":"2026-03-13T14:47:05+00:00","article_modified_time":"2026-03-13T14:55:40+00:00","og_image":[{"width":480,"height":320,"url":"https:\/\/fuentesfidedignas.com.mx\/wp-content\/uploads\/2026\/03\/img_4965.jpg","type":"image\/jpeg"}],"author":"El Imparcial","twitter_card":"summary_large_image","twitter_creator":"@fidedignas","twitter_site":"@fidedignas","twitter_misc":{"Escrito por":"El Imparcial","Tiempo de lectura":"1 minuto"},"schema":{"@context":"https:\/\/schema.org","@graph":[{"@type":"Article","@id":"https:\/\/fuentesfidedignas.com.mx\/index.php\/2026\/03\/13\/no-es-ia-es-mexico-hombre-a-caballo-pasea-con-una-bocina-en-mano-y-se-vuelve-viral\/#article","isPartOf":{"@id":"https:\/\/fuentesfidedignas.com.mx\/index.php\/2026\/03\/13\/no-es-ia-es-mexico-hombre-a-caballo-pasea-con-una-bocina-en-mano-y-se-vuelve-viral\/"},"author":{"name":"El Imparcial","@id":"https:\/\/fuentesfidedignas.com.mx\/#\/schema\/person\/ff4db17f8fd9c584e0cfc2a0c436b8a1"},"headline":"\u201cNo es IA, es M\u00e9xico\u201d: hombre a caballo pasea con una bocina en mano y se vuelve viral","datePublished":"2026-03-13T14:47:05+00:00","dateModified":"2026-03-13T14:55:40+00:00","mainEntityOfPage":{"@id":"https:\/\/fuentesfidedignas.com.mx\/index.php\/2026\/03\/13\/no-es-ia-es-mexico-hombre-a-caballo-pasea-con-una-bocina-en-mano-y-se-vuelve-viral\/"},"wordCount":119,"publisher":{"@id":"https:\/\/fuentesfidedignas.com.mx\/#organization"},"image":{"@id":"https:\/\/fuentesfidedignas.com.mx\/index.php\/2026\/03\/13\/no-es-ia-es-mexico-hombre-a-caballo-pasea-con-una-bocina-en-mano-y-se-vuelve-viral\/#primaryimage"},"thumbnailUrl":"https:\/\/fuentesfidedignas.com.mx\/wp-content\/uploads\/2026\/03\/img_4965.jpg","articleSection":["LAS ASOMBROSAS"],"inLanguage":"es"},{"@type":"WebPage","@id":"https:\/\/fuentesfidedignas.com.mx\/index.php\/2026\/03\/13\/no-es-ia-es-mexico-hombre-a-caballo-pasea-con-una-bocina-en-mano-y-se-vuelve-viral\/","url":"https:\/\/fuentesfidedignas.com.mx\/index.php\/2026\/03\/13\/no-es-ia-es-mexico-hombre-a-caballo-pasea-con-una-bocina-en-mano-y-se-vuelve-viral\/","name":"\u201cNo es IA, es M\u00e9xico\u201d: hombre a caballo pasea con una bocina en mano y se vuelve viral - Fuentes Fidedignas","isPartOf":{"@id":"https:\/\/fuentesfidedignas.com.mx\/#website"},"primaryImageOfPage":{"@id":"https:\/\/fuentesfidedignas.com.mx\/index.php\/2026\/03\/13\/no-es-ia-es-mexico-hombre-a-caballo-pasea-con-una-bocina-en-mano-y-se-vuelve-viral\/#primaryimage"},"image":{"@id":"https:\/\/fuentesfidedignas.com.mx\/index.php\/2026\/03\/13\/no-es-ia-es-mexico-hombre-a-caballo-pasea-con-una-bocina-en-mano-y-se-vuelve-viral\/#primaryimage"},"thumbnailUrl":"https:\/\/fuentesfidedignas.com.mx\/wp-content\/uploads\/2026\/03\/img_4965.jpg","datePublished":"2026-03-13T14:47:05+00:00","dateModified":"2026-03-13T14:55:40+00:00","breadcrumb":{"@id":"https:\/\/fuentesfidedignas.com.mx\/index.php\/2026\/03\/13\/no-es-ia-es-mexico-hombre-a-caballo-pasea-con-una-bocina-en-mano-y-se-vuelve-viral\/#breadcrumb"},"inLanguage":"es","potentialAction":[{"@type":"ReadAction","target":["https:\/\/fuentesfidedignas.com.mx\/index.php\/2026\/03\/13\/no-es-ia-es-mexico-hombre-a-caballo-pasea-con-una-bocina-en-mano-y-se-vuelve-viral\/"]}]},{"@type":"ImageObject","inLanguage":"es","@id":"https:\/\/fuentesfidedignas.com.mx\/index.php\/2026\/03\/13\/no-es-ia-es-mexico-hombre-a-caballo-pasea-con-una-bocina-en-mano-y-se-vuelve-viral\/#primaryimage","url":"https:\/\/fuentesfidedignas.com.mx\/wp-content\/uploads\/2026\/03\/img_4965.jpg","contentUrl":"https:\/\/fuentesfidedignas.com.mx\/wp-content\/uploads\/2026\/03\/img_4965.jpg","width":480,"height":320},{"@type":"BreadcrumbList","@id":"https:\/\/fuentesfidedignas.com.mx\/index.php\/2026\/03\/13\/no-es-ia-es-mexico-hombre-a-caballo-pasea-con-una-bocina-en-mano-y-se-vuelve-viral\/#breadcrumb","itemListElement":[{"@type":"ListItem","position":1,"name":"Inicio","item":"https:\/\/fuentesfidedignas.com.mx\/"},{"@type":"ListItem","position":2,"name":"\u201cNo es IA, es M\u00e9xico\u201d: hombre a caballo pasea con una bocina en mano y se vuelve viral"}]},{"@type":"WebSite","@id":"https:\/\/fuentesfidedignas.com.mx\/#website","url":"https:\/\/fuentesfidedignas.com.mx\/","name":"Fuentes Fidedignas","description":"Otro sitio realizado con WordPress","publisher":{"@id":"https:\/\/fuentesfidedignas.com.mx\/#organization"},"potentialAction":[{"@type":"SearchAction","target":{"@type":"EntryPoint","urlTemplate":"https:\/\/fuentesfidedignas.com.mx\/?s={search_term_string}"},"query-input":{"@type":"PropertyValueSpecification","valueRequired":true,"valueName":"search_term_string"}}],"inLanguage":"es"},{"@type":"Organization","@id":"https:\/\/fuentesfidedignas.com.mx\/#organization","name":"Fuentes Fidedignas","url":"https:\/\/fuentesfidedignas.com.mx\/","logo":{"@type":"ImageObject","inLanguage":"es","@id":"https:\/\/fuentesfidedignas.com.mx\/#\/schema\/logo\/image\/","url":"https:\/\/fuentesfidedignas.com.mx\/wp-content\/uploads\/2021\/04\/logo-retina.png","contentUrl":"https:\/\/fuentesfidedignas.com.mx\/wp-content\/uploads\/2021\/04\/logo-retina.png","width":280,"height":51,"caption":"Fuentes Fidedignas"},"image":{"@id":"https:\/\/fuentesfidedignas.com.mx\/#\/schema\/logo\/image\/"},"sameAs":["https:\/\/www.facebook.com\/Fuentes-Fidedignas-368234489921644","https:\/\/x.com\/fidedignas"]},{"@type":"Person","@id":"https:\/\/fuentesfidedignas.com.mx\/#\/schema\/person\/ff4db17f8fd9c584e0cfc2a0c436b8a1","name":"El Imparcial","image":{"@type":"ImageObject","inLanguage":"es","@id":"https:\/\/secure.gravatar.com\/avatar\/accd6807585a75316c237ee783498317be6f66ab34c47c940966f26a3f613161?s=96&d=mm&r=g","url":"https:\/\/secure.gravatar.com\/avatar\/accd6807585a75316c237ee783498317be6f66ab34c47c940966f26a3f613161?s=96&d=mm&r=g","contentUrl":"https:\/\/secure.gravatar.com\/avatar\/accd6807585a75316c237ee783498317be6f66ab34c47c940966f26a3f613161?s=96&d=mm&r=g","caption":"El Imparcial"},"url":"https:\/\/fuentesfidedignas.com.mx\/index.php\/author\/imparcial\/"}]}},"_links":{"self":[{"href":"https:\/\/fuentesfidedignas.com.mx\/index.php\/wp-json\/wp\/v2\/posts\/129197","targetHints":{"allow":["GET"]}}],"collection":[{"href":"https:\/\/fuentesfidedignas.com.mx\/index.php\/wp-json\/wp\/v2\/posts"}],"about":[{"href":"https:\/\/fuentesfidedignas.com.mx\/index.php\/wp-json\/wp\/v2\/types\/post"}],"author":[{"embeddable":true,"href":"https:\/\/fuentesfidedignas.com.mx\/index.php\/wp-json\/wp\/v2\/users\/40"}],"replies":[{"embeddable":true,"href":"https:\/\/fuentesfidedignas.com.mx\/index.php\/wp-json\/wp\/v2\/comments?post=129197"}],"version-history":[{"count":3,"href":"https:\/\/fuentesfidedignas.com.mx\/index.php\/wp-json\/wp\/v2\/posts\/129197\/revisions"}],"predecessor-version":[{"id":129203,"href":"https:\/\/fuentesfidedignas.com.mx\/index.php\/wp-json\/wp\/v2\/posts\/129197\/revisions\/129203"}],"wp:featuredmedia":[{"embeddable":true,"href":"https:\/\/fuentesfidedignas.com.mx\/index.php\/wp-json\/wp\/v2\/media\/129196"}],"wp:attachment":[{"href":"https:\/\/fuentesfidedignas.com.mx\/index.php\/wp-json\/wp\/v2\/media?parent=129197"}],"wp:term":[{"taxonomy":"category","embeddable":true,"href":"https:\/\/fuentesfidedignas.com.mx\/index.php\/wp-json\/wp\/v2\/categories?post=129197"},{"taxonomy":"post_tag","embeddable":true,"href":"https:\/\/fuentesfidedignas.com.mx\/index.php\/wp-json\/wp\/v2\/tags?post=129197"}],"curies":[{"name":"wp","href":"https:\/\/api.w.org\/{rel}","templated":true}]}}