{"id":129188,"date":"2026-03-13T06:40:20","date_gmt":"2026-03-13T13:40:20","guid":{"rendered":"https:\/\/fuentesfidedignas.com.mx\/?p=129188"},"modified":"2026-03-13T06:40:29","modified_gmt":"2026-03-13T13:40:29","slug":"desata-senegal-debate-global-al-aumentar-penas-contra-homosexuales","status":"publish","type":"post","link":"https:\/\/fuentesfidedignas.com.mx\/index.php\/2026\/03\/13\/desata-senegal-debate-global-al-aumentar-penas-contra-homosexuales\/","title":{"rendered":"Desata Senegal debate global al aumentar penas contra homosexuales"},"content":{"rendered":"\n<p><strong><em>Uno de los puntos que m\u00e1s controversia ha generado es la introducci\u00f3n de castigos para quienes sean acusados de promover o defender p\u00fablicamente la homosexualidad.<\/em><\/strong><\/p>\n\n\n\n<p>El Parlamento de Senegal aprob\u00f3 una reforma que endurece las sanciones contra las relaciones entre personas del mismo sexo, una decisi\u00f3n que vuelve a poner al pa\u00eds africano en el centro del debate internacional sobre derechos y libertades. La medida modifica una legislaci\u00f3n que ya criminalizaba estos actos y que, hasta ahora, contemplaba penas de entre uno y cinco a\u00f1os de prisi\u00f3n. <\/p>\n\n\n\n<p>Con el nuevo texto, las condenas podr\u00edan duplicarse: la pena m\u00ednima subir\u00eda a cinco a\u00f1os de c\u00e1rcel y la m\u00e1xima alcanzar\u00eda hasta diez a\u00f1os, adem\u00e1s de multas econ\u00f3micas m\u00e1s altas. La reforma busca reforzar el art\u00edculo del C\u00f3digo Penal que penaliza estas relaciones y responde, seg\u00fan el gobierno, a demandas de sectores conservadores de la sociedad. <\/p>\n\n\n\n<p>Uno de los puntos que m\u00e1s controversia ha generado es la introducci\u00f3n de castigos para quienes sean acusados de promover o defender p\u00fablicamente la homosexualidad. En estos casos, las penas podr\u00edan ir de tres a siete a\u00f1os de prisi\u00f3n, acompa\u00f1adas de sanciones adicionales como la p\u00e9rdida de ciertos derechos civiles. <\/p>\n\n\n\n<p>El gobierno, encabezado por el primer ministro Ousmane Sonko, ha defendido la reforma como una respuesta a valores culturales y religiosos profundamente arraigados en el pa\u00eds, donde gran parte de la poblaci\u00f3n mantiene posturas conservadoras frente a la diversidad sexual. <\/p>\n\n\n\n<p>Pero la iniciativa tambi\u00e9n ha despertado una fuerte reacci\u00f3n internacional. Organizaciones de derechos humanos advierten que endurecer estas leyes puede incrementar el estigma, la persecuci\u00f3n y el miedo, no solo para las personas LGBT, sino tambi\u00e9n para quienes alzan la voz en defensa de sus derechos. <\/p>\n\n\n\n<p>M\u00e1s all\u00e1 de las fronteras de Senegal, la decisi\u00f3n reabre una pregunta inc\u00f3moda para la comunidad internacional: qu\u00e9 tan lejos puede llegar una ley cuando regula la vida \u00edntima de las personas. En un mundo que avanza a ritmos distintos en materia de derechos, el caso senegal\u00e9s refleja un choque profundo entre tradici\u00f3n, pol\u00edtica y libertades individuales.<\/p>\n","protected":false},"excerpt":{"rendered":"<p>Uno de los puntos que m\u00e1s controversia ha generado es la introducci\u00f3n de castigos para quienes sean acusados de promover o defender p\u00fablicamente la homosexualidad. El Parlamento de Senegal aprob\u00f3 una reforma que endurece las sanciones contra las relaciones entre personas del mismo sexo, una decisi\u00f3n que vuelve a poner al pa\u00eds africano en el [&hellip;]<\/p>\n","protected":false},"author":86,"featured_media":50555,"comment_status":"open","ping_status":"open","sticky":false,"template":"","format":"standard","meta":{"tdm_status":"","tdm_grid_status":"","footnotes":""},"categories":[35,36],"tags":[],"class_list":{"0":"post-129188","1":"post","2":"type-post","3":"status-publish","4":"format-standard","5":"has-post-thumbnail","7":"category-amor-es-amor","8":"category-semanales"},"yoast_head":"<!-- This site is optimized with the Yoast SEO plugin v27.5 - https:\/\/yoast.com\/product\/yoast-seo-wordpress\/ -->\n<title>Desata Senegal debate global al aumentar penas contra homosexuales - Fuentes Fidedignas<\/title>\n<meta name=\"robots\" content=\"index, follow, max-snippet:-1, max-image-preview:large, max-video-preview:-1\" \/>\n<link rel=\"canonical\" href=\"https:\/\/fuentesfidedignas.com.mx\/index.php\/2026\/03\/13\/desata-senegal-debate-global-al-aumentar-penas-contra-homosexuales\/\" \/>\n<meta property=\"og:locale\" content=\"es_MX\" \/>\n<meta property=\"og:type\" content=\"article\" \/>\n<meta property=\"og:title\" content=\"Desata Senegal debate global al aumentar penas contra homosexuales - Fuentes Fidedignas\" \/>\n<meta property=\"og:description\" content=\"Uno de los puntos que m\u00e1s controversia ha generado es la introducci\u00f3n de castigos para quienes sean acusados de promover o defender p\u00fablicamente la homosexualidad. El Parlamento de Senegal aprob\u00f3 una reforma que endurece las sanciones contra las relaciones entre personas del mismo sexo, una decisi\u00f3n que vuelve a poner al pa\u00eds africano en el [&hellip;]\" \/>\n<meta property=\"og:url\" content=\"https:\/\/fuentesfidedignas.com.mx\/index.php\/2026\/03\/13\/desata-senegal-debate-global-al-aumentar-penas-contra-homosexuales\/\" \/>\n<meta property=\"og:site_name\" content=\"Fuentes Fidedignas\" \/>\n<meta property=\"article:publisher\" content=\"https:\/\/www.facebook.com\/Fuentes-Fidedignas-368234489921644\" \/>\n<meta property=\"article:published_time\" content=\"2026-03-13T13:40:20+00:00\" \/>\n<meta property=\"article:modified_time\" content=\"2026-03-13T13:40:29+00:00\" \/>\n<meta property=\"og:image\" content=\"https:\/\/fuentesfidedignas.com.mx\/wp-content\/uploads\/2023\/06\/BANDERA_LGBTIQ.jpg\" \/>\n\t<meta property=\"og:image:width\" content=\"850\" \/>\n\t<meta property=\"og:image:height\" content=\"484\" \/>\n\t<meta property=\"og:image:type\" content=\"image\/jpeg\" \/>\n<meta name=\"author\" content=\"Quadratin\" \/>\n<meta name=\"twitter:card\" content=\"summary_large_image\" \/>\n<meta name=\"twitter:creator\" content=\"@fidedignas\" \/>\n<meta name=\"twitter:site\" content=\"@fidedignas\" \/>\n<meta name=\"twitter:label1\" content=\"Escrito por\" \/>\n\t<meta name=\"twitter:data1\" content=\"Quadratin\" \/>\n\t<meta name=\"twitter:label2\" content=\"Tiempo de lectura\" \/>\n\t<meta name=\"twitter:data2\" content=\"2 minutos\" \/>\n<script type=\"application\/ld+json\" class=\"yoast-schema-graph\">{\"@context\":\"https:\\\/\\\/schema.org\",\"@graph\":[{\"@type\":\"Article\",\"@id\":\"https:\\\/\\\/fuentesfidedignas.com.mx\\\/index.php\\\/2026\\\/03\\\/13\\\/desata-senegal-debate-global-al-aumentar-penas-contra-homosexuales\\\/#article\",\"isPartOf\":{\"@id\":\"https:\\\/\\\/fuentesfidedignas.com.mx\\\/index.php\\\/2026\\\/03\\\/13\\\/desata-senegal-debate-global-al-aumentar-penas-contra-homosexuales\\\/\"},\"author\":{\"name\":\"Quadratin\",\"@id\":\"https:\\\/\\\/fuentesfidedignas.com.mx\\\/#\\\/schema\\\/person\\\/c5d18bb8e93b58774862b6d72156b47d\"},\"headline\":\"Desata Senegal debate global al aumentar penas contra homosexuales\",\"datePublished\":\"2026-03-13T13:40:20+00:00\",\"dateModified\":\"2026-03-13T13:40:29+00:00\",\"mainEntityOfPage\":{\"@id\":\"https:\\\/\\\/fuentesfidedignas.com.mx\\\/index.php\\\/2026\\\/03\\\/13\\\/desata-senegal-debate-global-al-aumentar-penas-contra-homosexuales\\\/\"},\"wordCount\":387,\"commentCount\":0,\"publisher\":{\"@id\":\"https:\\\/\\\/fuentesfidedignas.com.mx\\\/#organization\"},\"image\":{\"@id\":\"https:\\\/\\\/fuentesfidedignas.com.mx\\\/index.php\\\/2026\\\/03\\\/13\\\/desata-senegal-debate-global-al-aumentar-penas-contra-homosexuales\\\/#primaryimage\"},\"thumbnailUrl\":\"https:\\\/\\\/fuentesfidedignas.com.mx\\\/wp-content\\\/uploads\\\/2023\\\/06\\\/BANDERA_LGBTIQ.jpg\",\"articleSection\":[\"AMOR ES AMOR\",\"SEMANALES\"],\"inLanguage\":\"es\",\"potentialAction\":[{\"@type\":\"CommentAction\",\"name\":\"Comment\",\"target\":[\"https:\\\/\\\/fuentesfidedignas.com.mx\\\/index.php\\\/2026\\\/03\\\/13\\\/desata-senegal-debate-global-al-aumentar-penas-contra-homosexuales\\\/#respond\"]}]},{\"@type\":\"WebPage\",\"@id\":\"https:\\\/\\\/fuentesfidedignas.com.mx\\\/index.php\\\/2026\\\/03\\\/13\\\/desata-senegal-debate-global-al-aumentar-penas-contra-homosexuales\\\/\",\"url\":\"https:\\\/\\\/fuentesfidedignas.com.mx\\\/index.php\\\/2026\\\/03\\\/13\\\/desata-senegal-debate-global-al-aumentar-penas-contra-homosexuales\\\/\",\"name\":\"Desata Senegal debate global al aumentar penas contra homosexuales - Fuentes Fidedignas\",\"isPartOf\":{\"@id\":\"https:\\\/\\\/fuentesfidedignas.com.mx\\\/#website\"},\"primaryImageOfPage\":{\"@id\":\"https:\\\/\\\/fuentesfidedignas.com.mx\\\/index.php\\\/2026\\\/03\\\/13\\\/desata-senegal-debate-global-al-aumentar-penas-contra-homosexuales\\\/#primaryimage\"},\"image\":{\"@id\":\"https:\\\/\\\/fuentesfidedignas.com.mx\\\/index.php\\\/2026\\\/03\\\/13\\\/desata-senegal-debate-global-al-aumentar-penas-contra-homosexuales\\\/#primaryimage\"},\"thumbnailUrl\":\"https:\\\/\\\/fuentesfidedignas.com.mx\\\/wp-content\\\/uploads\\\/2023\\\/06\\\/BANDERA_LGBTIQ.jpg\",\"datePublished\":\"2026-03-13T13:40:20+00:00\",\"dateModified\":\"2026-03-13T13:40:29+00:00\",\"breadcrumb\":{\"@id\":\"https:\\\/\\\/fuentesfidedignas.com.mx\\\/index.php\\\/2026\\\/03\\\/13\\\/desata-senegal-debate-global-al-aumentar-penas-contra-homosexuales\\\/#breadcrumb\"},\"inLanguage\":\"es\",\"potentialAction\":[{\"@type\":\"ReadAction\",\"target\":[\"https:\\\/\\\/fuentesfidedignas.com.mx\\\/index.php\\\/2026\\\/03\\\/13\\\/desata-senegal-debate-global-al-aumentar-penas-contra-homosexuales\\\/\"]}]},{\"@type\":\"ImageObject\",\"inLanguage\":\"es\",\"@id\":\"https:\\\/\\\/fuentesfidedignas.com.mx\\\/index.php\\\/2026\\\/03\\\/13\\\/desata-senegal-debate-global-al-aumentar-penas-contra-homosexuales\\\/#primaryimage\",\"url\":\"https:\\\/\\\/fuentesfidedignas.com.mx\\\/wp-content\\\/uploads\\\/2023\\\/06\\\/BANDERA_LGBTIQ.jpg\",\"contentUrl\":\"https:\\\/\\\/fuentesfidedignas.com.mx\\\/wp-content\\\/uploads\\\/2023\\\/06\\\/BANDERA_LGBTIQ.jpg\",\"width\":850,\"height\":484},{\"@type\":\"BreadcrumbList\",\"@id\":\"https:\\\/\\\/fuentesfidedignas.com.mx\\\/index.php\\\/2026\\\/03\\\/13\\\/desata-senegal-debate-global-al-aumentar-penas-contra-homosexuales\\\/#breadcrumb\",\"itemListElement\":[{\"@type\":\"ListItem\",\"position\":1,\"name\":\"Inicio\",\"item\":\"https:\\\/\\\/fuentesfidedignas.com.mx\\\/\"},{\"@type\":\"ListItem\",\"position\":2,\"name\":\"Desata Senegal debate global al aumentar penas contra homosexuales\"}]},{\"@type\":\"WebSite\",\"@id\":\"https:\\\/\\\/fuentesfidedignas.com.mx\\\/#website\",\"url\":\"https:\\\/\\\/fuentesfidedignas.com.mx\\\/\",\"name\":\"Fuentes Fidedignas\",\"description\":\"Otro sitio realizado con WordPress\",\"publisher\":{\"@id\":\"https:\\\/\\\/fuentesfidedignas.com.mx\\\/#organization\"},\"potentialAction\":[{\"@type\":\"SearchAction\",\"target\":{\"@type\":\"EntryPoint\",\"urlTemplate\":\"https:\\\/\\\/fuentesfidedignas.com.mx\\\/?s={search_term_string}\"},\"query-input\":{\"@type\":\"PropertyValueSpecification\",\"valueRequired\":true,\"valueName\":\"search_term_string\"}}],\"inLanguage\":\"es\"},{\"@type\":\"Organization\",\"@id\":\"https:\\\/\\\/fuentesfidedignas.com.mx\\\/#organization\",\"name\":\"Fuentes Fidedignas\",\"url\":\"https:\\\/\\\/fuentesfidedignas.com.mx\\\/\",\"logo\":{\"@type\":\"ImageObject\",\"inLanguage\":\"es\",\"@id\":\"https:\\\/\\\/fuentesfidedignas.com.mx\\\/#\\\/schema\\\/logo\\\/image\\\/\",\"url\":\"https:\\\/\\\/fuentesfidedignas.com.mx\\\/wp-content\\\/uploads\\\/2021\\\/04\\\/logo-retina.png\",\"contentUrl\":\"https:\\\/\\\/fuentesfidedignas.com.mx\\\/wp-content\\\/uploads\\\/2021\\\/04\\\/logo-retina.png\",\"width\":280,\"height\":51,\"caption\":\"Fuentes Fidedignas\"},\"image\":{\"@id\":\"https:\\\/\\\/fuentesfidedignas.com.mx\\\/#\\\/schema\\\/logo\\\/image\\\/\"},\"sameAs\":[\"https:\\\/\\\/www.facebook.com\\\/Fuentes-Fidedignas-368234489921644\",\"https:\\\/\\\/x.com\\\/fidedignas\"]},{\"@type\":\"Person\",\"@id\":\"https:\\\/\\\/fuentesfidedignas.com.mx\\\/#\\\/schema\\\/person\\\/c5d18bb8e93b58774862b6d72156b47d\",\"name\":\"Quadratin\",\"image\":{\"@type\":\"ImageObject\",\"inLanguage\":\"es\",\"@id\":\"https:\\\/\\\/secure.gravatar.com\\\/avatar\\\/2d4877177a9b4c38e641cf77a6da7784c766ff83b8ff034ef3f8d32826493008?s=96&d=mm&r=g\",\"url\":\"https:\\\/\\\/secure.gravatar.com\\\/avatar\\\/2d4877177a9b4c38e641cf77a6da7784c766ff83b8ff034ef3f8d32826493008?s=96&d=mm&r=g\",\"contentUrl\":\"https:\\\/\\\/secure.gravatar.com\\\/avatar\\\/2d4877177a9b4c38e641cf77a6da7784c766ff83b8ff034ef3f8d32826493008?s=96&d=mm&r=g\",\"caption\":\"Quadratin\"},\"url\":\"https:\\\/\\\/fuentesfidedignas.com.mx\\\/index.php\\\/author\\\/quadratin\\\/\"}]}<\/script>\n<!-- \/ Yoast SEO plugin. -->","yoast_head_json":{"title":"Desata Senegal debate global al aumentar penas contra homosexuales - Fuentes Fidedignas","robots":{"index":"index","follow":"follow","max-snippet":"max-snippet:-1","max-image-preview":"max-image-preview:large","max-video-preview":"max-video-preview:-1"},"canonical":"https:\/\/fuentesfidedignas.com.mx\/index.php\/2026\/03\/13\/desata-senegal-debate-global-al-aumentar-penas-contra-homosexuales\/","og_locale":"es_MX","og_type":"article","og_title":"Desata Senegal debate global al aumentar penas contra homosexuales - Fuentes Fidedignas","og_description":"Uno de los puntos que m\u00e1s controversia ha generado es la introducci\u00f3n de castigos para quienes sean acusados de promover o defender p\u00fablicamente la homosexualidad. El Parlamento de Senegal aprob\u00f3 una reforma que endurece las sanciones contra las relaciones entre personas del mismo sexo, una decisi\u00f3n que vuelve a poner al pa\u00eds africano en el [&hellip;]","og_url":"https:\/\/fuentesfidedignas.com.mx\/index.php\/2026\/03\/13\/desata-senegal-debate-global-al-aumentar-penas-contra-homosexuales\/","og_site_name":"Fuentes Fidedignas","article_publisher":"https:\/\/www.facebook.com\/Fuentes-Fidedignas-368234489921644","article_published_time":"2026-03-13T13:40:20+00:00","article_modified_time":"2026-03-13T13:40:29+00:00","og_image":[{"width":850,"height":484,"url":"https:\/\/fuentesfidedignas.com.mx\/wp-content\/uploads\/2023\/06\/BANDERA_LGBTIQ.jpg","type":"image\/jpeg"}],"author":"Quadratin","twitter_card":"summary_large_image","twitter_creator":"@fidedignas","twitter_site":"@fidedignas","twitter_misc":{"Escrito por":"Quadratin","Tiempo de lectura":"2 minutos"},"schema":{"@context":"https:\/\/schema.org","@graph":[{"@type":"Article","@id":"https:\/\/fuentesfidedignas.com.mx\/index.php\/2026\/03\/13\/desata-senegal-debate-global-al-aumentar-penas-contra-homosexuales\/#article","isPartOf":{"@id":"https:\/\/fuentesfidedignas.com.mx\/index.php\/2026\/03\/13\/desata-senegal-debate-global-al-aumentar-penas-contra-homosexuales\/"},"author":{"name":"Quadratin","@id":"https:\/\/fuentesfidedignas.com.mx\/#\/schema\/person\/c5d18bb8e93b58774862b6d72156b47d"},"headline":"Desata Senegal debate global al aumentar penas contra homosexuales","datePublished":"2026-03-13T13:40:20+00:00","dateModified":"2026-03-13T13:40:29+00:00","mainEntityOfPage":{"@id":"https:\/\/fuentesfidedignas.com.mx\/index.php\/2026\/03\/13\/desata-senegal-debate-global-al-aumentar-penas-contra-homosexuales\/"},"wordCount":387,"commentCount":0,"publisher":{"@id":"https:\/\/fuentesfidedignas.com.mx\/#organization"},"image":{"@id":"https:\/\/fuentesfidedignas.com.mx\/index.php\/2026\/03\/13\/desata-senegal-debate-global-al-aumentar-penas-contra-homosexuales\/#primaryimage"},"thumbnailUrl":"https:\/\/fuentesfidedignas.com.mx\/wp-content\/uploads\/2023\/06\/BANDERA_LGBTIQ.jpg","articleSection":["AMOR ES AMOR","SEMANALES"],"inLanguage":"es","potentialAction":[{"@type":"CommentAction","name":"Comment","target":["https:\/\/fuentesfidedignas.com.mx\/index.php\/2026\/03\/13\/desata-senegal-debate-global-al-aumentar-penas-contra-homosexuales\/#respond"]}]},{"@type":"WebPage","@id":"https:\/\/fuentesfidedignas.com.mx\/index.php\/2026\/03\/13\/desata-senegal-debate-global-al-aumentar-penas-contra-homosexuales\/","url":"https:\/\/fuentesfidedignas.com.mx\/index.php\/2026\/03\/13\/desata-senegal-debate-global-al-aumentar-penas-contra-homosexuales\/","name":"Desata Senegal debate global al aumentar penas contra homosexuales - Fuentes Fidedignas","isPartOf":{"@id":"https:\/\/fuentesfidedignas.com.mx\/#website"},"primaryImageOfPage":{"@id":"https:\/\/fuentesfidedignas.com.mx\/index.php\/2026\/03\/13\/desata-senegal-debate-global-al-aumentar-penas-contra-homosexuales\/#primaryimage"},"image":{"@id":"https:\/\/fuentesfidedignas.com.mx\/index.php\/2026\/03\/13\/desata-senegal-debate-global-al-aumentar-penas-contra-homosexuales\/#primaryimage"},"thumbnailUrl":"https:\/\/fuentesfidedignas.com.mx\/wp-content\/uploads\/2023\/06\/BANDERA_LGBTIQ.jpg","datePublished":"2026-03-13T13:40:20+00:00","dateModified":"2026-03-13T13:40:29+00:00","breadcrumb":{"@id":"https:\/\/fuentesfidedignas.com.mx\/index.php\/2026\/03\/13\/desata-senegal-debate-global-al-aumentar-penas-contra-homosexuales\/#breadcrumb"},"inLanguage":"es","potentialAction":[{"@type":"ReadAction","target":["https:\/\/fuentesfidedignas.com.mx\/index.php\/2026\/03\/13\/desata-senegal-debate-global-al-aumentar-penas-contra-homosexuales\/"]}]},{"@type":"ImageObject","inLanguage":"es","@id":"https:\/\/fuentesfidedignas.com.mx\/index.php\/2026\/03\/13\/desata-senegal-debate-global-al-aumentar-penas-contra-homosexuales\/#primaryimage","url":"https:\/\/fuentesfidedignas.com.mx\/wp-content\/uploads\/2023\/06\/BANDERA_LGBTIQ.jpg","contentUrl":"https:\/\/fuentesfidedignas.com.mx\/wp-content\/uploads\/2023\/06\/BANDERA_LGBTIQ.jpg","width":850,"height":484},{"@type":"BreadcrumbList","@id":"https:\/\/fuentesfidedignas.com.mx\/index.php\/2026\/03\/13\/desata-senegal-debate-global-al-aumentar-penas-contra-homosexuales\/#breadcrumb","itemListElement":[{"@type":"ListItem","position":1,"name":"Inicio","item":"https:\/\/fuentesfidedignas.com.mx\/"},{"@type":"ListItem","position":2,"name":"Desata Senegal debate global al aumentar penas contra homosexuales"}]},{"@type":"WebSite","@id":"https:\/\/fuentesfidedignas.com.mx\/#website","url":"https:\/\/fuentesfidedignas.com.mx\/","name":"Fuentes Fidedignas","description":"Otro sitio realizado con WordPress","publisher":{"@id":"https:\/\/fuentesfidedignas.com.mx\/#organization"},"potentialAction":[{"@type":"SearchAction","target":{"@type":"EntryPoint","urlTemplate":"https:\/\/fuentesfidedignas.com.mx\/?s={search_term_string}"},"query-input":{"@type":"PropertyValueSpecification","valueRequired":true,"valueName":"search_term_string"}}],"inLanguage":"es"},{"@type":"Organization","@id":"https:\/\/fuentesfidedignas.com.mx\/#organization","name":"Fuentes Fidedignas","url":"https:\/\/fuentesfidedignas.com.mx\/","logo":{"@type":"ImageObject","inLanguage":"es","@id":"https:\/\/fuentesfidedignas.com.mx\/#\/schema\/logo\/image\/","url":"https:\/\/fuentesfidedignas.com.mx\/wp-content\/uploads\/2021\/04\/logo-retina.png","contentUrl":"https:\/\/fuentesfidedignas.com.mx\/wp-content\/uploads\/2021\/04\/logo-retina.png","width":280,"height":51,"caption":"Fuentes Fidedignas"},"image":{"@id":"https:\/\/fuentesfidedignas.com.mx\/#\/schema\/logo\/image\/"},"sameAs":["https:\/\/www.facebook.com\/Fuentes-Fidedignas-368234489921644","https:\/\/x.com\/fidedignas"]},{"@type":"Person","@id":"https:\/\/fuentesfidedignas.com.mx\/#\/schema\/person\/c5d18bb8e93b58774862b6d72156b47d","name":"Quadratin","image":{"@type":"ImageObject","inLanguage":"es","@id":"https:\/\/secure.gravatar.com\/avatar\/2d4877177a9b4c38e641cf77a6da7784c766ff83b8ff034ef3f8d32826493008?s=96&d=mm&r=g","url":"https:\/\/secure.gravatar.com\/avatar\/2d4877177a9b4c38e641cf77a6da7784c766ff83b8ff034ef3f8d32826493008?s=96&d=mm&r=g","contentUrl":"https:\/\/secure.gravatar.com\/avatar\/2d4877177a9b4c38e641cf77a6da7784c766ff83b8ff034ef3f8d32826493008?s=96&d=mm&r=g","caption":"Quadratin"},"url":"https:\/\/fuentesfidedignas.com.mx\/index.php\/author\/quadratin\/"}]}},"_links":{"self":[{"href":"https:\/\/fuentesfidedignas.com.mx\/index.php\/wp-json\/wp\/v2\/posts\/129188","targetHints":{"allow":["GET"]}}],"collection":[{"href":"https:\/\/fuentesfidedignas.com.mx\/index.php\/wp-json\/wp\/v2\/posts"}],"about":[{"href":"https:\/\/fuentesfidedignas.com.mx\/index.php\/wp-json\/wp\/v2\/types\/post"}],"author":[{"embeddable":true,"href":"https:\/\/fuentesfidedignas.com.mx\/index.php\/wp-json\/wp\/v2\/users\/86"}],"replies":[{"embeddable":true,"href":"https:\/\/fuentesfidedignas.com.mx\/index.php\/wp-json\/wp\/v2\/comments?post=129188"}],"version-history":[{"count":1,"href":"https:\/\/fuentesfidedignas.com.mx\/index.php\/wp-json\/wp\/v2\/posts\/129188\/revisions"}],"predecessor-version":[{"id":129189,"href":"https:\/\/fuentesfidedignas.com.mx\/index.php\/wp-json\/wp\/v2\/posts\/129188\/revisions\/129189"}],"wp:featuredmedia":[{"embeddable":true,"href":"https:\/\/fuentesfidedignas.com.mx\/index.php\/wp-json\/wp\/v2\/media\/50555"}],"wp:attachment":[{"href":"https:\/\/fuentesfidedignas.com.mx\/index.php\/wp-json\/wp\/v2\/media?parent=129188"}],"wp:term":[{"taxonomy":"category","embeddable":true,"href":"https:\/\/fuentesfidedignas.com.mx\/index.php\/wp-json\/wp\/v2\/categories?post=129188"},{"taxonomy":"post_tag","embeddable":true,"href":"https:\/\/fuentesfidedignas.com.mx\/index.php\/wp-json\/wp\/v2\/tags?post=129188"}],"curies":[{"name":"wp","href":"https:\/\/api.w.org\/{rel}","templated":true}]}}