{"id":129158,"date":"2026-03-12T08:58:58","date_gmt":"2026-03-12T15:58:58","guid":{"rendered":"https:\/\/fuentesfidedignas.com.mx\/?p=129158"},"modified":"2026-03-12T08:59:55","modified_gmt":"2026-03-12T15:59:55","slug":"cae-en-sinaloa-samuel-ramirez-jr-uno-de-los-10-mas-buscados-por-el-fbi","status":"publish","type":"post","link":"https:\/\/fuentesfidedignas.com.mx\/index.php\/2026\/03\/12\/cae-en-sinaloa-samuel-ramirez-jr-uno-de-los-10-mas-buscados-por-el-fbi\/","title":{"rendered":"Cae en Sinaloa Samuel Ram\u00edrez Jr., uno de los 10 m\u00e1s buscados por el FBI"},"content":{"rendered":"\n<p><strong><em>Era buscado por su presunta participaci\u00f3n en el asesinato de dos mujeres ocurrido el 21 de mayo de 2023.<\/em><\/strong><\/p>\n\n\n\n<p>La captura de Samuel Ram\u00edrez Jr., considerado uno de los 10 fugitivos m\u00e1s buscados por el FBI, fue confirmada por autoridades estadounidenses tras una operaci\u00f3n realizada en M\u00e9xico, luego de casi tres a\u00f1os pr\u00f3fugo de la justicia.<\/p>\n\n\n\n<p>El arresto fue anunciado por el director del Federal Bureau of Investigation, Kash Patel, quien detall\u00f3 que el sospechoso fue localizado y detenido en el estado de Sinaloa, como resultado de la cooperaci\u00f3n entre autoridades mexicanas y estadounidenses.<\/p>\n\n\n\n<p>De acuerdo con la informaci\u00f3n oficial, el detenido ya fue trasladado a Estados Unidos, donde enfrentar\u00e1 cargos por doble homicidio.<\/p>\n\n\n\n<p><strong>Qui\u00e9n es Samuel Ram\u00edrez Jr.<\/strong><br>Seg\u00fan datos del FBI, Samuel Ram\u00edrez Jr., de 33 a\u00f1os, naci\u00f3 el 17 de abril de 1992 en California, y era buscado por su presunta participaci\u00f3n en el asesinato de dos mujeres ocurrido el 21 de mayo de 2023.<\/p>\n\n\n\n<p>Los hechos habr\u00edan ocurrido en el establecimiento Stars Bar &amp; Grill, ubicado en Federal Way, en el estado de Washington, donde tambi\u00e9n result\u00f3 herido otro hombre durante el ataque armado.<\/p>\n\n\n\n<p>Tras el crimen, investigadores estadounidenses consideraron que el sospechoso hab\u00eda huido fuera del pa\u00eds, lo que motiv\u00f3 una b\u00fasqueda internacional.<\/p>\n\n\n\n<p>El 24 de mayo de 2023 fue acusado formalmente de asesinato y, posteriormente, el 14 de noviembre de 2025, se emiti\u00f3 una orden de arresto federal.<\/p>\n\n\n\n<p><strong>Ingreso a la lista de los 10 m\u00e1s buscados<\/strong><br>El FBI incluy\u00f3 recientemente a Ram\u00edrez Jr. en su lista de los \u201cTen Most Wanted Fugitives\u201d, una de las bases de b\u00fasqueda criminal m\u00e1s importantes de Estados Unidos.<\/p>\n\n\n\n<p>Con el objetivo de intensificar su localizaci\u00f3n, la agencia federal aument\u00f3 la recompensa a hasta un mill\u00f3n de d\u00f3lares por informaci\u00f3n que condujera a su captura.<\/p>\n\n\n\n<p>La inclusi\u00f3n en esta lista buscaba atraer atenci\u00f3n internacional sobre el caso, ya que exist\u00edan indicios de que el fugitivo podr\u00eda encontrarse en M\u00e9xico.<\/p>\n\n\n\n<p><strong>Captura en M\u00e9xico y traslado a Estados Unidos<\/strong><\/p>\n\n\n\n<p>De acuerdo con el director del FBI, Samuel Ram\u00edrez Jr. fue detenido en el estado de Sinaloa, resultado de la cooperaci\u00f3n entre autoridades de seguridad de ambos pa\u00edses.<\/p>\n\n\n\n<p>Posteriormente, el sospechoso lleg\u00f3 a la ciudad de Seattle procedente de M\u00e9xico, donde qued\u00f3 bajo custodia de las autoridades estadounidenses para enfrentar el proceso judicial correspondiente en el condado de King.<\/p>\n\n\n\n<p>Hasta el momento, el FBI no ha revelado m\u00e1s detalles sobre el operativo de captura, aunque se espera que en las pr\u00f3ximas horas se proporcionen m\u00e1s datos sobre la investigaci\u00f3n.<\/p>\n\n\n\n<p><strong>Cooperaci\u00f3n en seguridad entre M\u00e9xico y Estados Unidos<\/strong><br>El arresto se enmarca en los mecanismos de cooperaci\u00f3n en seguridad entre M\u00e9xico y Estados Unidos, que incluyen intercambio de informaci\u00f3n y operaciones coordinadas para detener a fugitivos internacionales.<\/p>\n\n\n\n<p>En este contexto, autoridades destacaron la colaboraci\u00f3n entre instituciones mexicanas como la Secretar\u00eda de Seguridad y Protecci\u00f3n Ciudadana y la Fiscal\u00eda General de la Rep\u00fablica, que han participado en diversos operativos para ubicar a criminales buscados por agencias internacionales.<\/p>\n\n\n\n<p>Funcionarios estadounidenses se\u00f1alaron que este tipo de acciones reflejan la coordinaci\u00f3n bilateral en materia de seguridad impulsada por los gobiernos de Donald Trump en Estados Unidos y Claudia Sheinbaum en M\u00e9xico.<\/p>\n\n\n\n<p>Seg\u00fan autoridades, la cooperaci\u00f3n y el intercambio de inteligencia entre ambos pa\u00edses busca garantizar que los responsables de delitos graves enfrenten la justicia, incluso cuando intentan esconderse fuera de su pa\u00eds de origen.<\/p>\n","protected":false},"excerpt":{"rendered":"<p>Era buscado por su presunta participaci\u00f3n en el asesinato de dos mujeres ocurrido el 21 de mayo de 2023. La captura de Samuel Ram\u00edrez Jr., considerado uno de los 10 fugitivos m\u00e1s buscados por el FBI, fue confirmada por autoridades estadounidenses tras una operaci\u00f3n realizada en M\u00e9xico, luego de casi tres a\u00f1os pr\u00f3fugo de la [&hellip;]<\/p>\n","protected":false},"author":7,"featured_media":129159,"comment_status":"open","ping_status":"open","sticky":false,"template":"","format":"standard","meta":{"tdm_status":"","tdm_grid_status":"","footnotes":""},"categories":[37],"tags":[],"class_list":{"0":"post-129158","1":"post","2":"type-post","3":"status-publish","4":"format-standard","5":"has-post-thumbnail","7":"category-nota-principal"},"yoast_head":"<!-- This site is optimized with the Yoast SEO plugin v27.5 - https:\/\/yoast.com\/product\/yoast-seo-wordpress\/ -->\n<title>Cae en Sinaloa Samuel Ram\u00edrez Jr., uno de los 10 m\u00e1s buscados por el FBI - Fuentes Fidedignas<\/title>\n<meta name=\"robots\" content=\"index, follow, max-snippet:-1, max-image-preview:large, max-video-preview:-1\" \/>\n<link rel=\"canonical\" href=\"https:\/\/fuentesfidedignas.com.mx\/index.php\/2026\/03\/12\/cae-en-sinaloa-samuel-ramirez-jr-uno-de-los-10-mas-buscados-por-el-fbi\/\" \/>\n<meta property=\"og:locale\" content=\"es_MX\" \/>\n<meta property=\"og:type\" content=\"article\" \/>\n<meta property=\"og:title\" content=\"Cae en Sinaloa Samuel Ram\u00edrez Jr., uno de los 10 m\u00e1s buscados por el FBI - Fuentes Fidedignas\" \/>\n<meta property=\"og:description\" content=\"Era buscado por su presunta participaci\u00f3n en el asesinato de dos mujeres ocurrido el 21 de mayo de 2023. La captura de Samuel Ram\u00edrez Jr., considerado uno de los 10 fugitivos m\u00e1s buscados por el FBI, fue confirmada por autoridades estadounidenses tras una operaci\u00f3n realizada en M\u00e9xico, luego de casi tres a\u00f1os pr\u00f3fugo de la [&hellip;]\" \/>\n<meta property=\"og:url\" content=\"https:\/\/fuentesfidedignas.com.mx\/index.php\/2026\/03\/12\/cae-en-sinaloa-samuel-ramirez-jr-uno-de-los-10-mas-buscados-por-el-fbi\/\" \/>\n<meta property=\"og:site_name\" content=\"Fuentes Fidedignas\" \/>\n<meta property=\"article:publisher\" content=\"https:\/\/www.facebook.com\/Fuentes-Fidedignas-368234489921644\" \/>\n<meta property=\"article:published_time\" content=\"2026-03-12T15:58:58+00:00\" \/>\n<meta property=\"article:modified_time\" content=\"2026-03-12T15:59:55+00:00\" \/>\n<meta property=\"og:image\" content=\"https:\/\/fuentesfidedignas.com.mx\/wp-content\/uploads\/2026\/03\/samuel_ramirez1.jpg\" \/>\n\t<meta property=\"og:image:width\" content=\"500\" \/>\n\t<meta property=\"og:image:height\" content=\"333\" \/>\n\t<meta property=\"og:image:type\" content=\"image\/jpeg\" \/>\n<meta name=\"author\" content=\"Exc\u00e9lsior\" \/>\n<meta name=\"twitter:card\" content=\"summary_large_image\" \/>\n<meta name=\"twitter:creator\" content=\"@fidedignas\" \/>\n<meta name=\"twitter:site\" content=\"@fidedignas\" \/>\n<meta name=\"twitter:label1\" content=\"Escrito por\" \/>\n\t<meta name=\"twitter:data1\" content=\"Exc\u00e9lsior\" \/>\n\t<meta name=\"twitter:label2\" content=\"Tiempo de lectura\" \/>\n\t<meta name=\"twitter:data2\" content=\"3 minutos\" \/>\n<script type=\"application\/ld+json\" class=\"yoast-schema-graph\">{\"@context\":\"https:\\\/\\\/schema.org\",\"@graph\":[{\"@type\":\"Article\",\"@id\":\"https:\\\/\\\/fuentesfidedignas.com.mx\\\/index.php\\\/2026\\\/03\\\/12\\\/cae-en-sinaloa-samuel-ramirez-jr-uno-de-los-10-mas-buscados-por-el-fbi\\\/#article\",\"isPartOf\":{\"@id\":\"https:\\\/\\\/fuentesfidedignas.com.mx\\\/index.php\\\/2026\\\/03\\\/12\\\/cae-en-sinaloa-samuel-ramirez-jr-uno-de-los-10-mas-buscados-por-el-fbi\\\/\"},\"author\":{\"name\":\"Exc\u00e9lsior\",\"@id\":\"https:\\\/\\\/fuentesfidedignas.com.mx\\\/#\\\/schema\\\/person\\\/ec4edd1fbf5efa3e44fce34fe2787780\"},\"headline\":\"Cae en Sinaloa Samuel Ram\u00edrez Jr., uno de los 10 m\u00e1s buscados por el FBI\",\"datePublished\":\"2026-03-12T15:58:58+00:00\",\"dateModified\":\"2026-03-12T15:59:55+00:00\",\"mainEntityOfPage\":{\"@id\":\"https:\\\/\\\/fuentesfidedignas.com.mx\\\/index.php\\\/2026\\\/03\\\/12\\\/cae-en-sinaloa-samuel-ramirez-jr-uno-de-los-10-mas-buscados-por-el-fbi\\\/\"},\"wordCount\":620,\"commentCount\":0,\"publisher\":{\"@id\":\"https:\\\/\\\/fuentesfidedignas.com.mx\\\/#organization\"},\"image\":{\"@id\":\"https:\\\/\\\/fuentesfidedignas.com.mx\\\/index.php\\\/2026\\\/03\\\/12\\\/cae-en-sinaloa-samuel-ramirez-jr-uno-de-los-10-mas-buscados-por-el-fbi\\\/#primaryimage\"},\"thumbnailUrl\":\"https:\\\/\\\/fuentesfidedignas.com.mx\\\/wp-content\\\/uploads\\\/2026\\\/03\\\/samuel_ramirez1.jpg\",\"articleSection\":[\"NOTA PRINCIPAL\"],\"inLanguage\":\"es\",\"potentialAction\":[{\"@type\":\"CommentAction\",\"name\":\"Comment\",\"target\":[\"https:\\\/\\\/fuentesfidedignas.com.mx\\\/index.php\\\/2026\\\/03\\\/12\\\/cae-en-sinaloa-samuel-ramirez-jr-uno-de-los-10-mas-buscados-por-el-fbi\\\/#respond\"]}]},{\"@type\":\"WebPage\",\"@id\":\"https:\\\/\\\/fuentesfidedignas.com.mx\\\/index.php\\\/2026\\\/03\\\/12\\\/cae-en-sinaloa-samuel-ramirez-jr-uno-de-los-10-mas-buscados-por-el-fbi\\\/\",\"url\":\"https:\\\/\\\/fuentesfidedignas.com.mx\\\/index.php\\\/2026\\\/03\\\/12\\\/cae-en-sinaloa-samuel-ramirez-jr-uno-de-los-10-mas-buscados-por-el-fbi\\\/\",\"name\":\"Cae en Sinaloa Samuel Ram\u00edrez Jr., uno de los 10 m\u00e1s buscados por el FBI - Fuentes Fidedignas\",\"isPartOf\":{\"@id\":\"https:\\\/\\\/fuentesfidedignas.com.mx\\\/#website\"},\"primaryImageOfPage\":{\"@id\":\"https:\\\/\\\/fuentesfidedignas.com.mx\\\/index.php\\\/2026\\\/03\\\/12\\\/cae-en-sinaloa-samuel-ramirez-jr-uno-de-los-10-mas-buscados-por-el-fbi\\\/#primaryimage\"},\"image\":{\"@id\":\"https:\\\/\\\/fuentesfidedignas.com.mx\\\/index.php\\\/2026\\\/03\\\/12\\\/cae-en-sinaloa-samuel-ramirez-jr-uno-de-los-10-mas-buscados-por-el-fbi\\\/#primaryimage\"},\"thumbnailUrl\":\"https:\\\/\\\/fuentesfidedignas.com.mx\\\/wp-content\\\/uploads\\\/2026\\\/03\\\/samuel_ramirez1.jpg\",\"datePublished\":\"2026-03-12T15:58:58+00:00\",\"dateModified\":\"2026-03-12T15:59:55+00:00\",\"breadcrumb\":{\"@id\":\"https:\\\/\\\/fuentesfidedignas.com.mx\\\/index.php\\\/2026\\\/03\\\/12\\\/cae-en-sinaloa-samuel-ramirez-jr-uno-de-los-10-mas-buscados-por-el-fbi\\\/#breadcrumb\"},\"inLanguage\":\"es\",\"potentialAction\":[{\"@type\":\"ReadAction\",\"target\":[\"https:\\\/\\\/fuentesfidedignas.com.mx\\\/index.php\\\/2026\\\/03\\\/12\\\/cae-en-sinaloa-samuel-ramirez-jr-uno-de-los-10-mas-buscados-por-el-fbi\\\/\"]}]},{\"@type\":\"ImageObject\",\"inLanguage\":\"es\",\"@id\":\"https:\\\/\\\/fuentesfidedignas.com.mx\\\/index.php\\\/2026\\\/03\\\/12\\\/cae-en-sinaloa-samuel-ramirez-jr-uno-de-los-10-mas-buscados-por-el-fbi\\\/#primaryimage\",\"url\":\"https:\\\/\\\/fuentesfidedignas.com.mx\\\/wp-content\\\/uploads\\\/2026\\\/03\\\/samuel_ramirez1.jpg\",\"contentUrl\":\"https:\\\/\\\/fuentesfidedignas.com.mx\\\/wp-content\\\/uploads\\\/2026\\\/03\\\/samuel_ramirez1.jpg\",\"width\":500,\"height\":333},{\"@type\":\"BreadcrumbList\",\"@id\":\"https:\\\/\\\/fuentesfidedignas.com.mx\\\/index.php\\\/2026\\\/03\\\/12\\\/cae-en-sinaloa-samuel-ramirez-jr-uno-de-los-10-mas-buscados-por-el-fbi\\\/#breadcrumb\",\"itemListElement\":[{\"@type\":\"ListItem\",\"position\":1,\"name\":\"Inicio\",\"item\":\"https:\\\/\\\/fuentesfidedignas.com.mx\\\/\"},{\"@type\":\"ListItem\",\"position\":2,\"name\":\"Cae en Sinaloa Samuel Ram\u00edrez Jr., uno de los 10 m\u00e1s buscados por el FBI\"}]},{\"@type\":\"WebSite\",\"@id\":\"https:\\\/\\\/fuentesfidedignas.com.mx\\\/#website\",\"url\":\"https:\\\/\\\/fuentesfidedignas.com.mx\\\/\",\"name\":\"Fuentes Fidedignas\",\"description\":\"Otro sitio realizado con WordPress\",\"publisher\":{\"@id\":\"https:\\\/\\\/fuentesfidedignas.com.mx\\\/#organization\"},\"potentialAction\":[{\"@type\":\"SearchAction\",\"target\":{\"@type\":\"EntryPoint\",\"urlTemplate\":\"https:\\\/\\\/fuentesfidedignas.com.mx\\\/?s={search_term_string}\"},\"query-input\":{\"@type\":\"PropertyValueSpecification\",\"valueRequired\":true,\"valueName\":\"search_term_string\"}}],\"inLanguage\":\"es\"},{\"@type\":\"Organization\",\"@id\":\"https:\\\/\\\/fuentesfidedignas.com.mx\\\/#organization\",\"name\":\"Fuentes Fidedignas\",\"url\":\"https:\\\/\\\/fuentesfidedignas.com.mx\\\/\",\"logo\":{\"@type\":\"ImageObject\",\"inLanguage\":\"es\",\"@id\":\"https:\\\/\\\/fuentesfidedignas.com.mx\\\/#\\\/schema\\\/logo\\\/image\\\/\",\"url\":\"https:\\\/\\\/fuentesfidedignas.com.mx\\\/wp-content\\\/uploads\\\/2021\\\/04\\\/logo-retina.png\",\"contentUrl\":\"https:\\\/\\\/fuentesfidedignas.com.mx\\\/wp-content\\\/uploads\\\/2021\\\/04\\\/logo-retina.png\",\"width\":280,\"height\":51,\"caption\":\"Fuentes Fidedignas\"},\"image\":{\"@id\":\"https:\\\/\\\/fuentesfidedignas.com.mx\\\/#\\\/schema\\\/logo\\\/image\\\/\"},\"sameAs\":[\"https:\\\/\\\/www.facebook.com\\\/Fuentes-Fidedignas-368234489921644\",\"https:\\\/\\\/x.com\\\/fidedignas\"]},{\"@type\":\"Person\",\"@id\":\"https:\\\/\\\/fuentesfidedignas.com.mx\\\/#\\\/schema\\\/person\\\/ec4edd1fbf5efa3e44fce34fe2787780\",\"name\":\"Exc\u00e9lsior\",\"image\":{\"@type\":\"ImageObject\",\"inLanguage\":\"es\",\"@id\":\"https:\\\/\\\/secure.gravatar.com\\\/avatar\\\/4b7ee9206b48be08447852b3f0814dbc7c0f3b51541b164f1464a2725614020b?s=96&d=mm&r=g\",\"url\":\"https:\\\/\\\/secure.gravatar.com\\\/avatar\\\/4b7ee9206b48be08447852b3f0814dbc7c0f3b51541b164f1464a2725614020b?s=96&d=mm&r=g\",\"contentUrl\":\"https:\\\/\\\/secure.gravatar.com\\\/avatar\\\/4b7ee9206b48be08447852b3f0814dbc7c0f3b51541b164f1464a2725614020b?s=96&d=mm&r=g\",\"caption\":\"Exc\u00e9lsior\"},\"url\":\"https:\\\/\\\/fuentesfidedignas.com.mx\\\/index.php\\\/author\\\/excelsior\\\/\"}]}<\/script>\n<!-- \/ Yoast SEO plugin. -->","yoast_head_json":{"title":"Cae en Sinaloa Samuel Ram\u00edrez Jr., uno de los 10 m\u00e1s buscados por el FBI - Fuentes Fidedignas","robots":{"index":"index","follow":"follow","max-snippet":"max-snippet:-1","max-image-preview":"max-image-preview:large","max-video-preview":"max-video-preview:-1"},"canonical":"https:\/\/fuentesfidedignas.com.mx\/index.php\/2026\/03\/12\/cae-en-sinaloa-samuel-ramirez-jr-uno-de-los-10-mas-buscados-por-el-fbi\/","og_locale":"es_MX","og_type":"article","og_title":"Cae en Sinaloa Samuel Ram\u00edrez Jr., uno de los 10 m\u00e1s buscados por el FBI - Fuentes Fidedignas","og_description":"Era buscado por su presunta participaci\u00f3n en el asesinato de dos mujeres ocurrido el 21 de mayo de 2023. La captura de Samuel Ram\u00edrez Jr., considerado uno de los 10 fugitivos m\u00e1s buscados por el FBI, fue confirmada por autoridades estadounidenses tras una operaci\u00f3n realizada en M\u00e9xico, luego de casi tres a\u00f1os pr\u00f3fugo de la [&hellip;]","og_url":"https:\/\/fuentesfidedignas.com.mx\/index.php\/2026\/03\/12\/cae-en-sinaloa-samuel-ramirez-jr-uno-de-los-10-mas-buscados-por-el-fbi\/","og_site_name":"Fuentes Fidedignas","article_publisher":"https:\/\/www.facebook.com\/Fuentes-Fidedignas-368234489921644","article_published_time":"2026-03-12T15:58:58+00:00","article_modified_time":"2026-03-12T15:59:55+00:00","og_image":[{"width":500,"height":333,"url":"https:\/\/fuentesfidedignas.com.mx\/wp-content\/uploads\/2026\/03\/samuel_ramirez1.jpg","type":"image\/jpeg"}],"author":"Exc\u00e9lsior","twitter_card":"summary_large_image","twitter_creator":"@fidedignas","twitter_site":"@fidedignas","twitter_misc":{"Escrito por":"Exc\u00e9lsior","Tiempo de lectura":"3 minutos"},"schema":{"@context":"https:\/\/schema.org","@graph":[{"@type":"Article","@id":"https:\/\/fuentesfidedignas.com.mx\/index.php\/2026\/03\/12\/cae-en-sinaloa-samuel-ramirez-jr-uno-de-los-10-mas-buscados-por-el-fbi\/#article","isPartOf":{"@id":"https:\/\/fuentesfidedignas.com.mx\/index.php\/2026\/03\/12\/cae-en-sinaloa-samuel-ramirez-jr-uno-de-los-10-mas-buscados-por-el-fbi\/"},"author":{"name":"Exc\u00e9lsior","@id":"https:\/\/fuentesfidedignas.com.mx\/#\/schema\/person\/ec4edd1fbf5efa3e44fce34fe2787780"},"headline":"Cae en Sinaloa Samuel Ram\u00edrez Jr., uno de los 10 m\u00e1s buscados por el FBI","datePublished":"2026-03-12T15:58:58+00:00","dateModified":"2026-03-12T15:59:55+00:00","mainEntityOfPage":{"@id":"https:\/\/fuentesfidedignas.com.mx\/index.php\/2026\/03\/12\/cae-en-sinaloa-samuel-ramirez-jr-uno-de-los-10-mas-buscados-por-el-fbi\/"},"wordCount":620,"commentCount":0,"publisher":{"@id":"https:\/\/fuentesfidedignas.com.mx\/#organization"},"image":{"@id":"https:\/\/fuentesfidedignas.com.mx\/index.php\/2026\/03\/12\/cae-en-sinaloa-samuel-ramirez-jr-uno-de-los-10-mas-buscados-por-el-fbi\/#primaryimage"},"thumbnailUrl":"https:\/\/fuentesfidedignas.com.mx\/wp-content\/uploads\/2026\/03\/samuel_ramirez1.jpg","articleSection":["NOTA PRINCIPAL"],"inLanguage":"es","potentialAction":[{"@type":"CommentAction","name":"Comment","target":["https:\/\/fuentesfidedignas.com.mx\/index.php\/2026\/03\/12\/cae-en-sinaloa-samuel-ramirez-jr-uno-de-los-10-mas-buscados-por-el-fbi\/#respond"]}]},{"@type":"WebPage","@id":"https:\/\/fuentesfidedignas.com.mx\/index.php\/2026\/03\/12\/cae-en-sinaloa-samuel-ramirez-jr-uno-de-los-10-mas-buscados-por-el-fbi\/","url":"https:\/\/fuentesfidedignas.com.mx\/index.php\/2026\/03\/12\/cae-en-sinaloa-samuel-ramirez-jr-uno-de-los-10-mas-buscados-por-el-fbi\/","name":"Cae en Sinaloa Samuel Ram\u00edrez Jr., uno de los 10 m\u00e1s buscados por el FBI - Fuentes Fidedignas","isPartOf":{"@id":"https:\/\/fuentesfidedignas.com.mx\/#website"},"primaryImageOfPage":{"@id":"https:\/\/fuentesfidedignas.com.mx\/index.php\/2026\/03\/12\/cae-en-sinaloa-samuel-ramirez-jr-uno-de-los-10-mas-buscados-por-el-fbi\/#primaryimage"},"image":{"@id":"https:\/\/fuentesfidedignas.com.mx\/index.php\/2026\/03\/12\/cae-en-sinaloa-samuel-ramirez-jr-uno-de-los-10-mas-buscados-por-el-fbi\/#primaryimage"},"thumbnailUrl":"https:\/\/fuentesfidedignas.com.mx\/wp-content\/uploads\/2026\/03\/samuel_ramirez1.jpg","datePublished":"2026-03-12T15:58:58+00:00","dateModified":"2026-03-12T15:59:55+00:00","breadcrumb":{"@id":"https:\/\/fuentesfidedignas.com.mx\/index.php\/2026\/03\/12\/cae-en-sinaloa-samuel-ramirez-jr-uno-de-los-10-mas-buscados-por-el-fbi\/#breadcrumb"},"inLanguage":"es","potentialAction":[{"@type":"ReadAction","target":["https:\/\/fuentesfidedignas.com.mx\/index.php\/2026\/03\/12\/cae-en-sinaloa-samuel-ramirez-jr-uno-de-los-10-mas-buscados-por-el-fbi\/"]}]},{"@type":"ImageObject","inLanguage":"es","@id":"https:\/\/fuentesfidedignas.com.mx\/index.php\/2026\/03\/12\/cae-en-sinaloa-samuel-ramirez-jr-uno-de-los-10-mas-buscados-por-el-fbi\/#primaryimage","url":"https:\/\/fuentesfidedignas.com.mx\/wp-content\/uploads\/2026\/03\/samuel_ramirez1.jpg","contentUrl":"https:\/\/fuentesfidedignas.com.mx\/wp-content\/uploads\/2026\/03\/samuel_ramirez1.jpg","width":500,"height":333},{"@type":"BreadcrumbList","@id":"https:\/\/fuentesfidedignas.com.mx\/index.php\/2026\/03\/12\/cae-en-sinaloa-samuel-ramirez-jr-uno-de-los-10-mas-buscados-por-el-fbi\/#breadcrumb","itemListElement":[{"@type":"ListItem","position":1,"name":"Inicio","item":"https:\/\/fuentesfidedignas.com.mx\/"},{"@type":"ListItem","position":2,"name":"Cae en Sinaloa Samuel Ram\u00edrez Jr., uno de los 10 m\u00e1s buscados por el FBI"}]},{"@type":"WebSite","@id":"https:\/\/fuentesfidedignas.com.mx\/#website","url":"https:\/\/fuentesfidedignas.com.mx\/","name":"Fuentes Fidedignas","description":"Otro sitio realizado con WordPress","publisher":{"@id":"https:\/\/fuentesfidedignas.com.mx\/#organization"},"potentialAction":[{"@type":"SearchAction","target":{"@type":"EntryPoint","urlTemplate":"https:\/\/fuentesfidedignas.com.mx\/?s={search_term_string}"},"query-input":{"@type":"PropertyValueSpecification","valueRequired":true,"valueName":"search_term_string"}}],"inLanguage":"es"},{"@type":"Organization","@id":"https:\/\/fuentesfidedignas.com.mx\/#organization","name":"Fuentes Fidedignas","url":"https:\/\/fuentesfidedignas.com.mx\/","logo":{"@type":"ImageObject","inLanguage":"es","@id":"https:\/\/fuentesfidedignas.com.mx\/#\/schema\/logo\/image\/","url":"https:\/\/fuentesfidedignas.com.mx\/wp-content\/uploads\/2021\/04\/logo-retina.png","contentUrl":"https:\/\/fuentesfidedignas.com.mx\/wp-content\/uploads\/2021\/04\/logo-retina.png","width":280,"height":51,"caption":"Fuentes Fidedignas"},"image":{"@id":"https:\/\/fuentesfidedignas.com.mx\/#\/schema\/logo\/image\/"},"sameAs":["https:\/\/www.facebook.com\/Fuentes-Fidedignas-368234489921644","https:\/\/x.com\/fidedignas"]},{"@type":"Person","@id":"https:\/\/fuentesfidedignas.com.mx\/#\/schema\/person\/ec4edd1fbf5efa3e44fce34fe2787780","name":"Exc\u00e9lsior","image":{"@type":"ImageObject","inLanguage":"es","@id":"https:\/\/secure.gravatar.com\/avatar\/4b7ee9206b48be08447852b3f0814dbc7c0f3b51541b164f1464a2725614020b?s=96&d=mm&r=g","url":"https:\/\/secure.gravatar.com\/avatar\/4b7ee9206b48be08447852b3f0814dbc7c0f3b51541b164f1464a2725614020b?s=96&d=mm&r=g","contentUrl":"https:\/\/secure.gravatar.com\/avatar\/4b7ee9206b48be08447852b3f0814dbc7c0f3b51541b164f1464a2725614020b?s=96&d=mm&r=g","caption":"Exc\u00e9lsior"},"url":"https:\/\/fuentesfidedignas.com.mx\/index.php\/author\/excelsior\/"}]}},"_links":{"self":[{"href":"https:\/\/fuentesfidedignas.com.mx\/index.php\/wp-json\/wp\/v2\/posts\/129158","targetHints":{"allow":["GET"]}}],"collection":[{"href":"https:\/\/fuentesfidedignas.com.mx\/index.php\/wp-json\/wp\/v2\/posts"}],"about":[{"href":"https:\/\/fuentesfidedignas.com.mx\/index.php\/wp-json\/wp\/v2\/types\/post"}],"author":[{"embeddable":true,"href":"https:\/\/fuentesfidedignas.com.mx\/index.php\/wp-json\/wp\/v2\/users\/7"}],"replies":[{"embeddable":true,"href":"https:\/\/fuentesfidedignas.com.mx\/index.php\/wp-json\/wp\/v2\/comments?post=129158"}],"version-history":[{"count":1,"href":"https:\/\/fuentesfidedignas.com.mx\/index.php\/wp-json\/wp\/v2\/posts\/129158\/revisions"}],"predecessor-version":[{"id":129160,"href":"https:\/\/fuentesfidedignas.com.mx\/index.php\/wp-json\/wp\/v2\/posts\/129158\/revisions\/129160"}],"wp:featuredmedia":[{"embeddable":true,"href":"https:\/\/fuentesfidedignas.com.mx\/index.php\/wp-json\/wp\/v2\/media\/129159"}],"wp:attachment":[{"href":"https:\/\/fuentesfidedignas.com.mx\/index.php\/wp-json\/wp\/v2\/media?parent=129158"}],"wp:term":[{"taxonomy":"category","embeddable":true,"href":"https:\/\/fuentesfidedignas.com.mx\/index.php\/wp-json\/wp\/v2\/categories?post=129158"},{"taxonomy":"post_tag","embeddable":true,"href":"https:\/\/fuentesfidedignas.com.mx\/index.php\/wp-json\/wp\/v2\/tags?post=129158"}],"curies":[{"name":"wp","href":"https:\/\/api.w.org\/{rel}","templated":true}]}}