{"id":129046,"date":"2026-03-11T08:10:12","date_gmt":"2026-03-11T15:10:12","guid":{"rendered":"https:\/\/fuentesfidedignas.com.mx\/?p=129046"},"modified":"2026-03-11T08:10:23","modified_gmt":"2026-03-11T15:10:23","slug":"iran-abandona-el-mundial-2026-por-guerra-con-eu-e-israel-mataron-a-nuestro-lider","status":"publish","type":"post","link":"https:\/\/fuentesfidedignas.com.mx\/index.php\/2026\/03\/11\/iran-abandona-el-mundial-2026-por-guerra-con-eu-e-israel-mataron-a-nuestro-lider\/","title":{"rendered":"Ir\u00e1n abandona el Mundial 2026 por guerra con EU e Israel: \u2018Mataron a nuestro l\u00edder\u2019"},"content":{"rendered":"\n<p><strong><em><br>Ir\u00e1n anunci\u00f3 que su selecci\u00f3n de f\u00fatbol no participar\u00e1 en el Mundial 2026 tras el conflicto con EU e Israel, decisi\u00f3n que podr\u00eda generar sanciones por parte de la FIFA.<\/em><\/strong><\/p>\n\n\n\n<p>El ministro de Deportes de Ir\u00e1n, Ahman Donyamali, asegur\u00f3 este mi\u00e9rcoles que la selecci\u00f3n iran\u00ed de f\u00fatbol no participar\u00e1 en el Mundial 2026, torneo en el que deb\u00eda disputar sus tres partidos de la fase de grupos en Estados Unidos.<\/p>\n\n\n\n<p>\u201cDespu\u00e9s de que el gobierno corrupto mat\u00f3 a nuestro l\u00edder, no hay condiciones que nos permitan participar en el Mundial\u201d, dijo el ministro, seg\u00fan medios que citan a la agencia DPA, en referencia a los ataques de Estados Unidos e Israel del pasado 28 de febrero, en los que muri\u00f3 Ali Jamenei.<\/p>\n\n\n\n<p>\u201cConsiderando las acciones maliciosas contra Ir\u00e1n, nos impusieron dos guerras en ocho o nueve meses y miles de nuestros ciudadanos murieron. Por lo tanto, definitivamente no tenemos posibilidad de tal participaci\u00f3n\u201d, agreg\u00f3.<\/p>\n\n\n\n<p>FIFA neg\u00f3 que Ir\u00e1n tuviera problemas con participar en el Mundial 2026<br>Horas antes, durante un encuentro entre el presidente de la FIFA, Gianni Infantino, y su hom\u00f3logo estadounidense, Donald Trump, este \u00faltimo garantiz\u00f3 que la selecci\u00f3n iran\u00ed no tendr\u00eda problemas para participar en el Mundial.<\/p>\n\n\n\n<p>\u201cEsta tarde me reun\u00ed con el presidente de los Estados Unidos, Donald J. Trump, para hablar del estado de los preparativos para la pr\u00f3xima Copa del Mundo de la FIFA y la creciente emoci\u00f3n a medida que se acerca el comienzo en solo 93 d\u00edas\u201d, public\u00f3 Infantino en su cuenta de Instagram.<\/p>\n\n\n\n<p>\u201cTambi\u00e9n hablamos sobre la actual situaci\u00f3n en Ir\u00e1n y el hecho de que el equipo iran\u00ed se clasific\u00f3 para participar en la Copa del Mundo de la FIFA 2026. Durante la conversaci\u00f3n, el presidente Trump reiter\u00f3 que el equipo iran\u00ed es, por supuesto, bienvenido a competir en el torneo en los Estados Unidos\u201d, continu\u00f3.<\/p>\n\n\n\n<p><strong>\u00bfD\u00f3nde y contra qui\u00e9n jugar\u00eda Ir\u00e1n los partidos del Mundial 2026?<\/strong><br>El Mundial 2026 se disputar\u00e1 en M\u00e9xico, Canad\u00e1 y Estados Unidos a partir del 11 de junio. La selecci\u00f3n iran\u00ed deb\u00eda jugar sus tres partidos en territorio estadounidense: el 15 y el 21 de junio en Los \u00c1ngeles contra Nueva Zelanda y B\u00e9lgica, respectivamente; y el 26 de junio ante Egipto en Seattle.<\/p>\n\n\n\n<p>En noviembre, el presidente estadounidense garantiz\u00f3 que jugadores y cuerpo t\u00e9cnico iran\u00ed recibir\u00edan visados para ingresar a Estados Unidos, aunque la medida no inclu\u00eda a los aficionados, con el argumento de motivos de seguridad nacional.<\/p>\n\n\n\n<h2 class=\"wp-block-heading\">\u00bfCu\u00e1les son las sanciones por cancelar participaci\u00f3n en el Mundial 2026 como lo hizo Ir\u00e1n?<\/h2>\n\n\n\n<p>El reglamento de competici\u00f3n del&nbsp;<a href=\"https:\/\/www.elfinanciero.com.mx\/deportes\/2026\/02\/23\/esto-sabemos-sobre-los-partidos-de-mexico-en-el-mundial-2026-tras-ola-de-violencia-por-muerte-del-mencho\/\" target=\"_blank\" rel=\"noreferrer noopener\">Mundial 2026<\/a>&nbsp;contempla una posible retirada de una selecci\u00f3n en su art\u00edculo 6.<\/p>\n\n\n\n<ul class=\"wp-block-list\">\n<li>Si una selecci\u00f3n anuncia su retirada con m\u00e1s de 30 d\u00edas de anticipaci\u00f3n al inicio del torneo, el 11 de junio, la Comisi\u00f3n Disciplinaria impondr\u00eda a la\u00a0<strong>Federaci\u00f3n Iran\u00ed una multa<\/strong>\u00a0m\u00ednima de 250 mil francos suizos (323 mil 730 d\u00f3lares).<\/li>\n\n\n\n<li>Si la renuncia ocurre con menos de 30 d\u00edas de anticipaci\u00f3n, la multa m\u00ednima ser\u00eda de 500 mil francos suizos (647 mil 712 d\u00f3lares).<\/li>\n<\/ul>\n\n\n\n<p>Adem\u00e1s, la Federaci\u00f3n Iran\u00ed tendr\u00eda que devolver todos los recursos recibidos de la<strong>&nbsp;FIFA<\/strong>&nbsp;para la preparaci\u00f3n del equipo, as\u00ed como los pagos vinculados con la participaci\u00f3n en la competencia.<\/p>\n\n\n\n<p>El<strong>&nbsp;Consejo de la FIFA<\/strong>&nbsp;reunido en Doha el pasado 17 de diciembre aprob\u00f3 una asignaci\u00f3n de 1.5 millones de d\u00f3lares para cada selecci\u00f3n clasificada con el objetivo de cubrir gastos de preparaci\u00f3n del torneo, adem\u00e1s de 10.5 millones de d\u00f3lares por disputar el Mundial.<\/p>\n\n\n\n<p>A estas sanciones econ\u00f3micas podr\u00edan sumarse medidas disciplinarias como la&nbsp;<strong>exclusi\u00f3n de la federaci\u00f3n de futuras competiciones<\/strong>&nbsp;organizadas por la FIFA.<\/p>\n","protected":false},"excerpt":{"rendered":"<p>Ir\u00e1n anunci\u00f3 que su selecci\u00f3n de f\u00fatbol no participar\u00e1 en el Mundial 2026 tras el conflicto con EU e Israel, decisi\u00f3n que podr\u00eda generar sanciones por parte de la FIFA. El ministro de Deportes de Ir\u00e1n, Ahman Donyamali, asegur\u00f3 este mi\u00e9rcoles que la selecci\u00f3n iran\u00ed de f\u00fatbol no participar\u00e1 en el Mundial 2026, torneo en [&hellip;]<\/p>\n","protected":false},"author":22,"featured_media":129047,"comment_status":"open","ping_status":"open","sticky":false,"template":"","format":"standard","meta":{"tdm_status":"","tdm_grid_status":"","footnotes":""},"categories":[39],"tags":[],"class_list":{"0":"post-129046","1":"post","2":"type-post","3":"status-publish","4":"format-standard","5":"has-post-thumbnail","7":"category-noticias-nacionales"},"yoast_head":"<!-- This site is optimized with the Yoast SEO plugin v27.5 - https:\/\/yoast.com\/product\/yoast-seo-wordpress\/ -->\n<title>Ir\u00e1n abandona el Mundial 2026 por guerra con EU e Israel: \u2018Mataron a nuestro l\u00edder\u2019 - Fuentes Fidedignas<\/title>\n<meta name=\"robots\" content=\"index, follow, max-snippet:-1, max-image-preview:large, max-video-preview:-1\" \/>\n<link rel=\"canonical\" href=\"https:\/\/fuentesfidedignas.com.mx\/index.php\/2026\/03\/11\/iran-abandona-el-mundial-2026-por-guerra-con-eu-e-israel-mataron-a-nuestro-lider\/\" \/>\n<meta property=\"og:locale\" content=\"es_MX\" \/>\n<meta property=\"og:type\" content=\"article\" \/>\n<meta property=\"og:title\" content=\"Ir\u00e1n abandona el Mundial 2026 por guerra con EU e Israel: \u2018Mataron a nuestro l\u00edder\u2019 - Fuentes Fidedignas\" \/>\n<meta property=\"og:description\" content=\"Ir\u00e1n anunci\u00f3 que su selecci\u00f3n de f\u00fatbol no participar\u00e1 en el Mundial 2026 tras el conflicto con EU e Israel, decisi\u00f3n que podr\u00eda generar sanciones por parte de la FIFA. El ministro de Deportes de Ir\u00e1n, Ahman Donyamali, asegur\u00f3 este mi\u00e9rcoles que la selecci\u00f3n iran\u00ed de f\u00fatbol no participar\u00e1 en el Mundial 2026, torneo en [&hellip;]\" \/>\n<meta property=\"og:url\" content=\"https:\/\/fuentesfidedignas.com.mx\/index.php\/2026\/03\/11\/iran-abandona-el-mundial-2026-por-guerra-con-eu-e-israel-mataron-a-nuestro-lider\/\" \/>\n<meta property=\"og:site_name\" content=\"Fuentes Fidedignas\" \/>\n<meta property=\"article:publisher\" content=\"https:\/\/www.facebook.com\/Fuentes-Fidedignas-368234489921644\" \/>\n<meta property=\"article:published_time\" content=\"2026-03-11T15:10:12+00:00\" \/>\n<meta property=\"article:modified_time\" content=\"2026-03-11T15:10:23+00:00\" \/>\n<meta property=\"og:image\" content=\"https:\/\/fuentesfidedignas.com.mx\/wp-content\/uploads\/2026\/03\/Captura-de-pantalla-91.jpg\" \/>\n\t<meta property=\"og:image:width\" content=\"721\" \/>\n\t<meta property=\"og:image:height\" content=\"404\" \/>\n\t<meta property=\"og:image:type\" content=\"image\/jpeg\" \/>\n<meta name=\"author\" content=\"EFE\" \/>\n<meta name=\"twitter:card\" content=\"summary_large_image\" \/>\n<meta name=\"twitter:creator\" content=\"@fidedignas\" \/>\n<meta name=\"twitter:site\" content=\"@fidedignas\" \/>\n<meta name=\"twitter:label1\" content=\"Escrito por\" \/>\n\t<meta name=\"twitter:data1\" content=\"EFE\" \/>\n\t<meta name=\"twitter:label2\" content=\"Tiempo de lectura\" \/>\n\t<meta name=\"twitter:data2\" content=\"3 minutos\" \/>\n<script type=\"application\/ld+json\" class=\"yoast-schema-graph\">{\"@context\":\"https:\\\/\\\/schema.org\",\"@graph\":[{\"@type\":\"Article\",\"@id\":\"https:\\\/\\\/fuentesfidedignas.com.mx\\\/index.php\\\/2026\\\/03\\\/11\\\/iran-abandona-el-mundial-2026-por-guerra-con-eu-e-israel-mataron-a-nuestro-lider\\\/#article\",\"isPartOf\":{\"@id\":\"https:\\\/\\\/fuentesfidedignas.com.mx\\\/index.php\\\/2026\\\/03\\\/11\\\/iran-abandona-el-mundial-2026-por-guerra-con-eu-e-israel-mataron-a-nuestro-lider\\\/\"},\"author\":{\"name\":\"EFE\",\"@id\":\"https:\\\/\\\/fuentesfidedignas.com.mx\\\/#\\\/schema\\\/person\\\/0d44615087b5a626d5d3f13afe31ac41\"},\"headline\":\"Ir\u00e1n abandona el Mundial 2026 por guerra con EU e Israel: \u2018Mataron a nuestro l\u00edder\u2019\",\"datePublished\":\"2026-03-11T15:10:12+00:00\",\"dateModified\":\"2026-03-11T15:10:23+00:00\",\"mainEntityOfPage\":{\"@id\":\"https:\\\/\\\/fuentesfidedignas.com.mx\\\/index.php\\\/2026\\\/03\\\/11\\\/iran-abandona-el-mundial-2026-por-guerra-con-eu-e-israel-mataron-a-nuestro-lider\\\/\"},\"wordCount\":668,\"commentCount\":0,\"publisher\":{\"@id\":\"https:\\\/\\\/fuentesfidedignas.com.mx\\\/#organization\"},\"image\":{\"@id\":\"https:\\\/\\\/fuentesfidedignas.com.mx\\\/index.php\\\/2026\\\/03\\\/11\\\/iran-abandona-el-mundial-2026-por-guerra-con-eu-e-israel-mataron-a-nuestro-lider\\\/#primaryimage\"},\"thumbnailUrl\":\"https:\\\/\\\/fuentesfidedignas.com.mx\\\/wp-content\\\/uploads\\\/2026\\\/03\\\/Captura-de-pantalla-91.jpg\",\"articleSection\":[\"NOTICIAS NACIONALES\"],\"inLanguage\":\"es\",\"potentialAction\":[{\"@type\":\"CommentAction\",\"name\":\"Comment\",\"target\":[\"https:\\\/\\\/fuentesfidedignas.com.mx\\\/index.php\\\/2026\\\/03\\\/11\\\/iran-abandona-el-mundial-2026-por-guerra-con-eu-e-israel-mataron-a-nuestro-lider\\\/#respond\"]}]},{\"@type\":\"WebPage\",\"@id\":\"https:\\\/\\\/fuentesfidedignas.com.mx\\\/index.php\\\/2026\\\/03\\\/11\\\/iran-abandona-el-mundial-2026-por-guerra-con-eu-e-israel-mataron-a-nuestro-lider\\\/\",\"url\":\"https:\\\/\\\/fuentesfidedignas.com.mx\\\/index.php\\\/2026\\\/03\\\/11\\\/iran-abandona-el-mundial-2026-por-guerra-con-eu-e-israel-mataron-a-nuestro-lider\\\/\",\"name\":\"Ir\u00e1n abandona el Mundial 2026 por guerra con EU e Israel: \u2018Mataron a nuestro l\u00edder\u2019 - Fuentes Fidedignas\",\"isPartOf\":{\"@id\":\"https:\\\/\\\/fuentesfidedignas.com.mx\\\/#website\"},\"primaryImageOfPage\":{\"@id\":\"https:\\\/\\\/fuentesfidedignas.com.mx\\\/index.php\\\/2026\\\/03\\\/11\\\/iran-abandona-el-mundial-2026-por-guerra-con-eu-e-israel-mataron-a-nuestro-lider\\\/#primaryimage\"},\"image\":{\"@id\":\"https:\\\/\\\/fuentesfidedignas.com.mx\\\/index.php\\\/2026\\\/03\\\/11\\\/iran-abandona-el-mundial-2026-por-guerra-con-eu-e-israel-mataron-a-nuestro-lider\\\/#primaryimage\"},\"thumbnailUrl\":\"https:\\\/\\\/fuentesfidedignas.com.mx\\\/wp-content\\\/uploads\\\/2026\\\/03\\\/Captura-de-pantalla-91.jpg\",\"datePublished\":\"2026-03-11T15:10:12+00:00\",\"dateModified\":\"2026-03-11T15:10:23+00:00\",\"breadcrumb\":{\"@id\":\"https:\\\/\\\/fuentesfidedignas.com.mx\\\/index.php\\\/2026\\\/03\\\/11\\\/iran-abandona-el-mundial-2026-por-guerra-con-eu-e-israel-mataron-a-nuestro-lider\\\/#breadcrumb\"},\"inLanguage\":\"es\",\"potentialAction\":[{\"@type\":\"ReadAction\",\"target\":[\"https:\\\/\\\/fuentesfidedignas.com.mx\\\/index.php\\\/2026\\\/03\\\/11\\\/iran-abandona-el-mundial-2026-por-guerra-con-eu-e-israel-mataron-a-nuestro-lider\\\/\"]}]},{\"@type\":\"ImageObject\",\"inLanguage\":\"es\",\"@id\":\"https:\\\/\\\/fuentesfidedignas.com.mx\\\/index.php\\\/2026\\\/03\\\/11\\\/iran-abandona-el-mundial-2026-por-guerra-con-eu-e-israel-mataron-a-nuestro-lider\\\/#primaryimage\",\"url\":\"https:\\\/\\\/fuentesfidedignas.com.mx\\\/wp-content\\\/uploads\\\/2026\\\/03\\\/Captura-de-pantalla-91.jpg\",\"contentUrl\":\"https:\\\/\\\/fuentesfidedignas.com.mx\\\/wp-content\\\/uploads\\\/2026\\\/03\\\/Captura-de-pantalla-91.jpg\",\"width\":721,\"height\":404},{\"@type\":\"BreadcrumbList\",\"@id\":\"https:\\\/\\\/fuentesfidedignas.com.mx\\\/index.php\\\/2026\\\/03\\\/11\\\/iran-abandona-el-mundial-2026-por-guerra-con-eu-e-israel-mataron-a-nuestro-lider\\\/#breadcrumb\",\"itemListElement\":[{\"@type\":\"ListItem\",\"position\":1,\"name\":\"Inicio\",\"item\":\"https:\\\/\\\/fuentesfidedignas.com.mx\\\/\"},{\"@type\":\"ListItem\",\"position\":2,\"name\":\"Ir\u00e1n abandona el Mundial 2026 por guerra con EU e Israel: \u2018Mataron a nuestro l\u00edder\u2019\"}]},{\"@type\":\"WebSite\",\"@id\":\"https:\\\/\\\/fuentesfidedignas.com.mx\\\/#website\",\"url\":\"https:\\\/\\\/fuentesfidedignas.com.mx\\\/\",\"name\":\"Fuentes Fidedignas\",\"description\":\"Otro sitio realizado con WordPress\",\"publisher\":{\"@id\":\"https:\\\/\\\/fuentesfidedignas.com.mx\\\/#organization\"},\"potentialAction\":[{\"@type\":\"SearchAction\",\"target\":{\"@type\":\"EntryPoint\",\"urlTemplate\":\"https:\\\/\\\/fuentesfidedignas.com.mx\\\/?s={search_term_string}\"},\"query-input\":{\"@type\":\"PropertyValueSpecification\",\"valueRequired\":true,\"valueName\":\"search_term_string\"}}],\"inLanguage\":\"es\"},{\"@type\":\"Organization\",\"@id\":\"https:\\\/\\\/fuentesfidedignas.com.mx\\\/#organization\",\"name\":\"Fuentes Fidedignas\",\"url\":\"https:\\\/\\\/fuentesfidedignas.com.mx\\\/\",\"logo\":{\"@type\":\"ImageObject\",\"inLanguage\":\"es\",\"@id\":\"https:\\\/\\\/fuentesfidedignas.com.mx\\\/#\\\/schema\\\/logo\\\/image\\\/\",\"url\":\"https:\\\/\\\/fuentesfidedignas.com.mx\\\/wp-content\\\/uploads\\\/2021\\\/04\\\/logo-retina.png\",\"contentUrl\":\"https:\\\/\\\/fuentesfidedignas.com.mx\\\/wp-content\\\/uploads\\\/2021\\\/04\\\/logo-retina.png\",\"width\":280,\"height\":51,\"caption\":\"Fuentes Fidedignas\"},\"image\":{\"@id\":\"https:\\\/\\\/fuentesfidedignas.com.mx\\\/#\\\/schema\\\/logo\\\/image\\\/\"},\"sameAs\":[\"https:\\\/\\\/www.facebook.com\\\/Fuentes-Fidedignas-368234489921644\",\"https:\\\/\\\/x.com\\\/fidedignas\"]},{\"@type\":\"Person\",\"@id\":\"https:\\\/\\\/fuentesfidedignas.com.mx\\\/#\\\/schema\\\/person\\\/0d44615087b5a626d5d3f13afe31ac41\",\"name\":\"EFE\",\"image\":{\"@type\":\"ImageObject\",\"inLanguage\":\"es\",\"@id\":\"https:\\\/\\\/secure.gravatar.com\\\/avatar\\\/7048c2d9b569d9bed55bb53ad23821e6e047aa66338fb6ea9868627bbb9f54e8?s=96&d=mm&r=g\",\"url\":\"https:\\\/\\\/secure.gravatar.com\\\/avatar\\\/7048c2d9b569d9bed55bb53ad23821e6e047aa66338fb6ea9868627bbb9f54e8?s=96&d=mm&r=g\",\"contentUrl\":\"https:\\\/\\\/secure.gravatar.com\\\/avatar\\\/7048c2d9b569d9bed55bb53ad23821e6e047aa66338fb6ea9868627bbb9f54e8?s=96&d=mm&r=g\",\"caption\":\"EFE\"},\"url\":\"https:\\\/\\\/fuentesfidedignas.com.mx\\\/index.php\\\/author\\\/efe\\\/\"}]}<\/script>\n<!-- \/ Yoast SEO plugin. -->","yoast_head_json":{"title":"Ir\u00e1n abandona el Mundial 2026 por guerra con EU e Israel: \u2018Mataron a nuestro l\u00edder\u2019 - Fuentes Fidedignas","robots":{"index":"index","follow":"follow","max-snippet":"max-snippet:-1","max-image-preview":"max-image-preview:large","max-video-preview":"max-video-preview:-1"},"canonical":"https:\/\/fuentesfidedignas.com.mx\/index.php\/2026\/03\/11\/iran-abandona-el-mundial-2026-por-guerra-con-eu-e-israel-mataron-a-nuestro-lider\/","og_locale":"es_MX","og_type":"article","og_title":"Ir\u00e1n abandona el Mundial 2026 por guerra con EU e Israel: \u2018Mataron a nuestro l\u00edder\u2019 - Fuentes Fidedignas","og_description":"Ir\u00e1n anunci\u00f3 que su selecci\u00f3n de f\u00fatbol no participar\u00e1 en el Mundial 2026 tras el conflicto con EU e Israel, decisi\u00f3n que podr\u00eda generar sanciones por parte de la FIFA. El ministro de Deportes de Ir\u00e1n, Ahman Donyamali, asegur\u00f3 este mi\u00e9rcoles que la selecci\u00f3n iran\u00ed de f\u00fatbol no participar\u00e1 en el Mundial 2026, torneo en [&hellip;]","og_url":"https:\/\/fuentesfidedignas.com.mx\/index.php\/2026\/03\/11\/iran-abandona-el-mundial-2026-por-guerra-con-eu-e-israel-mataron-a-nuestro-lider\/","og_site_name":"Fuentes Fidedignas","article_publisher":"https:\/\/www.facebook.com\/Fuentes-Fidedignas-368234489921644","article_published_time":"2026-03-11T15:10:12+00:00","article_modified_time":"2026-03-11T15:10:23+00:00","og_image":[{"width":721,"height":404,"url":"https:\/\/fuentesfidedignas.com.mx\/wp-content\/uploads\/2026\/03\/Captura-de-pantalla-91.jpg","type":"image\/jpeg"}],"author":"EFE","twitter_card":"summary_large_image","twitter_creator":"@fidedignas","twitter_site":"@fidedignas","twitter_misc":{"Escrito por":"EFE","Tiempo de lectura":"3 minutos"},"schema":{"@context":"https:\/\/schema.org","@graph":[{"@type":"Article","@id":"https:\/\/fuentesfidedignas.com.mx\/index.php\/2026\/03\/11\/iran-abandona-el-mundial-2026-por-guerra-con-eu-e-israel-mataron-a-nuestro-lider\/#article","isPartOf":{"@id":"https:\/\/fuentesfidedignas.com.mx\/index.php\/2026\/03\/11\/iran-abandona-el-mundial-2026-por-guerra-con-eu-e-israel-mataron-a-nuestro-lider\/"},"author":{"name":"EFE","@id":"https:\/\/fuentesfidedignas.com.mx\/#\/schema\/person\/0d44615087b5a626d5d3f13afe31ac41"},"headline":"Ir\u00e1n abandona el Mundial 2026 por guerra con EU e Israel: \u2018Mataron a nuestro l\u00edder\u2019","datePublished":"2026-03-11T15:10:12+00:00","dateModified":"2026-03-11T15:10:23+00:00","mainEntityOfPage":{"@id":"https:\/\/fuentesfidedignas.com.mx\/index.php\/2026\/03\/11\/iran-abandona-el-mundial-2026-por-guerra-con-eu-e-israel-mataron-a-nuestro-lider\/"},"wordCount":668,"commentCount":0,"publisher":{"@id":"https:\/\/fuentesfidedignas.com.mx\/#organization"},"image":{"@id":"https:\/\/fuentesfidedignas.com.mx\/index.php\/2026\/03\/11\/iran-abandona-el-mundial-2026-por-guerra-con-eu-e-israel-mataron-a-nuestro-lider\/#primaryimage"},"thumbnailUrl":"https:\/\/fuentesfidedignas.com.mx\/wp-content\/uploads\/2026\/03\/Captura-de-pantalla-91.jpg","articleSection":["NOTICIAS NACIONALES"],"inLanguage":"es","potentialAction":[{"@type":"CommentAction","name":"Comment","target":["https:\/\/fuentesfidedignas.com.mx\/index.php\/2026\/03\/11\/iran-abandona-el-mundial-2026-por-guerra-con-eu-e-israel-mataron-a-nuestro-lider\/#respond"]}]},{"@type":"WebPage","@id":"https:\/\/fuentesfidedignas.com.mx\/index.php\/2026\/03\/11\/iran-abandona-el-mundial-2026-por-guerra-con-eu-e-israel-mataron-a-nuestro-lider\/","url":"https:\/\/fuentesfidedignas.com.mx\/index.php\/2026\/03\/11\/iran-abandona-el-mundial-2026-por-guerra-con-eu-e-israel-mataron-a-nuestro-lider\/","name":"Ir\u00e1n abandona el Mundial 2026 por guerra con EU e Israel: \u2018Mataron a nuestro l\u00edder\u2019 - Fuentes Fidedignas","isPartOf":{"@id":"https:\/\/fuentesfidedignas.com.mx\/#website"},"primaryImageOfPage":{"@id":"https:\/\/fuentesfidedignas.com.mx\/index.php\/2026\/03\/11\/iran-abandona-el-mundial-2026-por-guerra-con-eu-e-israel-mataron-a-nuestro-lider\/#primaryimage"},"image":{"@id":"https:\/\/fuentesfidedignas.com.mx\/index.php\/2026\/03\/11\/iran-abandona-el-mundial-2026-por-guerra-con-eu-e-israel-mataron-a-nuestro-lider\/#primaryimage"},"thumbnailUrl":"https:\/\/fuentesfidedignas.com.mx\/wp-content\/uploads\/2026\/03\/Captura-de-pantalla-91.jpg","datePublished":"2026-03-11T15:10:12+00:00","dateModified":"2026-03-11T15:10:23+00:00","breadcrumb":{"@id":"https:\/\/fuentesfidedignas.com.mx\/index.php\/2026\/03\/11\/iran-abandona-el-mundial-2026-por-guerra-con-eu-e-israel-mataron-a-nuestro-lider\/#breadcrumb"},"inLanguage":"es","potentialAction":[{"@type":"ReadAction","target":["https:\/\/fuentesfidedignas.com.mx\/index.php\/2026\/03\/11\/iran-abandona-el-mundial-2026-por-guerra-con-eu-e-israel-mataron-a-nuestro-lider\/"]}]},{"@type":"ImageObject","inLanguage":"es","@id":"https:\/\/fuentesfidedignas.com.mx\/index.php\/2026\/03\/11\/iran-abandona-el-mundial-2026-por-guerra-con-eu-e-israel-mataron-a-nuestro-lider\/#primaryimage","url":"https:\/\/fuentesfidedignas.com.mx\/wp-content\/uploads\/2026\/03\/Captura-de-pantalla-91.jpg","contentUrl":"https:\/\/fuentesfidedignas.com.mx\/wp-content\/uploads\/2026\/03\/Captura-de-pantalla-91.jpg","width":721,"height":404},{"@type":"BreadcrumbList","@id":"https:\/\/fuentesfidedignas.com.mx\/index.php\/2026\/03\/11\/iran-abandona-el-mundial-2026-por-guerra-con-eu-e-israel-mataron-a-nuestro-lider\/#breadcrumb","itemListElement":[{"@type":"ListItem","position":1,"name":"Inicio","item":"https:\/\/fuentesfidedignas.com.mx\/"},{"@type":"ListItem","position":2,"name":"Ir\u00e1n abandona el Mundial 2026 por guerra con EU e Israel: \u2018Mataron a nuestro l\u00edder\u2019"}]},{"@type":"WebSite","@id":"https:\/\/fuentesfidedignas.com.mx\/#website","url":"https:\/\/fuentesfidedignas.com.mx\/","name":"Fuentes Fidedignas","description":"Otro sitio realizado con WordPress","publisher":{"@id":"https:\/\/fuentesfidedignas.com.mx\/#organization"},"potentialAction":[{"@type":"SearchAction","target":{"@type":"EntryPoint","urlTemplate":"https:\/\/fuentesfidedignas.com.mx\/?s={search_term_string}"},"query-input":{"@type":"PropertyValueSpecification","valueRequired":true,"valueName":"search_term_string"}}],"inLanguage":"es"},{"@type":"Organization","@id":"https:\/\/fuentesfidedignas.com.mx\/#organization","name":"Fuentes Fidedignas","url":"https:\/\/fuentesfidedignas.com.mx\/","logo":{"@type":"ImageObject","inLanguage":"es","@id":"https:\/\/fuentesfidedignas.com.mx\/#\/schema\/logo\/image\/","url":"https:\/\/fuentesfidedignas.com.mx\/wp-content\/uploads\/2021\/04\/logo-retina.png","contentUrl":"https:\/\/fuentesfidedignas.com.mx\/wp-content\/uploads\/2021\/04\/logo-retina.png","width":280,"height":51,"caption":"Fuentes Fidedignas"},"image":{"@id":"https:\/\/fuentesfidedignas.com.mx\/#\/schema\/logo\/image\/"},"sameAs":["https:\/\/www.facebook.com\/Fuentes-Fidedignas-368234489921644","https:\/\/x.com\/fidedignas"]},{"@type":"Person","@id":"https:\/\/fuentesfidedignas.com.mx\/#\/schema\/person\/0d44615087b5a626d5d3f13afe31ac41","name":"EFE","image":{"@type":"ImageObject","inLanguage":"es","@id":"https:\/\/secure.gravatar.com\/avatar\/7048c2d9b569d9bed55bb53ad23821e6e047aa66338fb6ea9868627bbb9f54e8?s=96&d=mm&r=g","url":"https:\/\/secure.gravatar.com\/avatar\/7048c2d9b569d9bed55bb53ad23821e6e047aa66338fb6ea9868627bbb9f54e8?s=96&d=mm&r=g","contentUrl":"https:\/\/secure.gravatar.com\/avatar\/7048c2d9b569d9bed55bb53ad23821e6e047aa66338fb6ea9868627bbb9f54e8?s=96&d=mm&r=g","caption":"EFE"},"url":"https:\/\/fuentesfidedignas.com.mx\/index.php\/author\/efe\/"}]}},"_links":{"self":[{"href":"https:\/\/fuentesfidedignas.com.mx\/index.php\/wp-json\/wp\/v2\/posts\/129046","targetHints":{"allow":["GET"]}}],"collection":[{"href":"https:\/\/fuentesfidedignas.com.mx\/index.php\/wp-json\/wp\/v2\/posts"}],"about":[{"href":"https:\/\/fuentesfidedignas.com.mx\/index.php\/wp-json\/wp\/v2\/types\/post"}],"author":[{"embeddable":true,"href":"https:\/\/fuentesfidedignas.com.mx\/index.php\/wp-json\/wp\/v2\/users\/22"}],"replies":[{"embeddable":true,"href":"https:\/\/fuentesfidedignas.com.mx\/index.php\/wp-json\/wp\/v2\/comments?post=129046"}],"version-history":[{"count":1,"href":"https:\/\/fuentesfidedignas.com.mx\/index.php\/wp-json\/wp\/v2\/posts\/129046\/revisions"}],"predecessor-version":[{"id":129048,"href":"https:\/\/fuentesfidedignas.com.mx\/index.php\/wp-json\/wp\/v2\/posts\/129046\/revisions\/129048"}],"wp:featuredmedia":[{"embeddable":true,"href":"https:\/\/fuentesfidedignas.com.mx\/index.php\/wp-json\/wp\/v2\/media\/129047"}],"wp:attachment":[{"href":"https:\/\/fuentesfidedignas.com.mx\/index.php\/wp-json\/wp\/v2\/media?parent=129046"}],"wp:term":[{"taxonomy":"category","embeddable":true,"href":"https:\/\/fuentesfidedignas.com.mx\/index.php\/wp-json\/wp\/v2\/categories?post=129046"},{"taxonomy":"post_tag","embeddable":true,"href":"https:\/\/fuentesfidedignas.com.mx\/index.php\/wp-json\/wp\/v2\/tags?post=129046"}],"curies":[{"name":"wp","href":"https:\/\/api.w.org\/{rel}","templated":true}]}}