{"id":129021,"date":"2026-03-10T18:23:45","date_gmt":"2026-03-11T01:23:45","guid":{"rendered":"https:\/\/fuentesfidedignas.com.mx\/?p=129021"},"modified":"2026-03-10T18:23:45","modified_gmt":"2026-03-11T01:23:45","slug":"icatsin-invita-al-primer-foro-estatal-la-mujer-lider-sinaloense","status":"publish","type":"post","link":"https:\/\/fuentesfidedignas.com.mx\/index.php\/2026\/03\/10\/icatsin-invita-al-primer-foro-estatal-la-mujer-lider-sinaloense\/","title":{"rendered":"ICATSIN invita al Primer Foro Estatal \u201cLa Mujer L\u00edder Sinaloense\u201d"},"content":{"rendered":"\n<p><\/p>\n\n\n\n<p>Culiac\u00e1n, Sinaloa, 10 de marzo de 2026.\u2013 Con el prop\u00f3sito de promover el liderazgo, la participaci\u00f3n y el empoderamiento de las mujeres en los distintos \u00e1mbitos de la vida p\u00fablica y social, el Instituto de Capacitaci\u00f3n para el Trabajo del Estado de Sinaloa (ICATSIN) invita a participar en el Primer Foro Estatal \u201cLa Mujer L\u00edder Sinaloense\u201d, que se llevar\u00e1 a cabo el pr\u00f3ximo mi\u00e9rcoles 11 de marzo a las 9:00 horas en el Auditorio de ICATSIN, ubicado en la Carretera Culiac\u00e1n\u2013Imala, en Ciudad Educadora del Saber, colonia Los \u00c1ngeles.<\/p>\n\n\n\n<p>Este foro busca consolidarse como un espacio de an\u00e1lisis, reflexi\u00f3n y di\u00e1logo en torno al papel fundamental que desempe\u00f1an las mujeres en el desarrollo econ\u00f3mico, social y comunitario del estado, as\u00ed como reconocer su liderazgo y aportaciones en los diferentes sectores de la sociedad.<\/p>\n\n\n\n<p>La Directora General de ICATSIN, Brenda Garc\u00eda F\u00e9lix en el marco de las actividades del D\u00eda Internacional de la Mujer invit\u00f3 a la poblaci\u00f3n en general a continuar capacit\u00e1ndose y a aprovechar este tipo de actividades.<\/p>\n\n\n\n<p>Durante el evento se abordar\u00e1n temas relacionados con el fortalecimiento del liderazgo femenino, el impulso al emprendimiento, as\u00ed como la importancia de la capacitaci\u00f3n para el trabajo como herramienta clave para generar mayores oportunidades de desarrollo personal y profesional.<\/p>\n\n\n\n<p>Asimismo, se entregar\u00e1n constancias de participaci\u00f3n a dos grupos de mujeres quienes concluyen capacitaci\u00f3n en Marketing Digital y en Empoderamiento y Liderazgo de la Mujer<\/p>\n\n\n\n<p>El foro es resultado del trabajo coordinado entre diversas instancias del Gobierno del Estado, contando con la participaci\u00f3n de SEMUJERES, SEDECOM e ICATSIN, instituciones que suman esfuerzos para impulsar pol\u00edticas p\u00fablicas y acciones orientadas a fortalecer la igualdad de oportunidades y el desarrollo integral de las mujeres sinaloenses.<\/p>\n","protected":false},"excerpt":{"rendered":"<p>Culiac\u00e1n, Sinaloa, 10 de marzo de 2026.\u2013 Con el prop\u00f3sito de promover el liderazgo, la participaci\u00f3n y el empoderamiento de las mujeres en los distintos \u00e1mbitos de la vida p\u00fablica y social, el Instituto de Capacitaci\u00f3n para el Trabajo del Estado de Sinaloa (ICATSIN) invita a participar en el Primer Foro Estatal \u201cLa Mujer L\u00edder [&hellip;]<\/p>\n","protected":false},"author":4,"featured_media":129020,"comment_status":"closed","ping_status":"open","sticky":false,"template":"","format":"standard","meta":{"tdm_status":"","tdm_grid_status":"","footnotes":""},"categories":[38],"tags":[],"class_list":{"0":"post-129021","1":"post","2":"type-post","3":"status-publish","4":"format-standard","5":"has-post-thumbnail","7":"category-noticias-locales"},"yoast_head":"<!-- This site is optimized with the Yoast SEO plugin v27.5 - https:\/\/yoast.com\/product\/yoast-seo-wordpress\/ -->\n<title>ICATSIN invita al Primer Foro Estatal \u201cLa Mujer L\u00edder Sinaloense\u201d - Fuentes Fidedignas<\/title>\n<meta name=\"robots\" content=\"index, follow, max-snippet:-1, max-image-preview:large, max-video-preview:-1\" \/>\n<link rel=\"canonical\" href=\"https:\/\/fuentesfidedignas.com.mx\/index.php\/2026\/03\/10\/icatsin-invita-al-primer-foro-estatal-la-mujer-lider-sinaloense\/\" \/>\n<meta property=\"og:locale\" content=\"es_MX\" \/>\n<meta property=\"og:type\" content=\"article\" \/>\n<meta property=\"og:title\" content=\"ICATSIN invita al Primer Foro Estatal \u201cLa Mujer L\u00edder Sinaloense\u201d - Fuentes Fidedignas\" \/>\n<meta property=\"og:description\" content=\"Culiac\u00e1n, Sinaloa, 10 de marzo de 2026.\u2013 Con el prop\u00f3sito de promover el liderazgo, la participaci\u00f3n y el empoderamiento de las mujeres en los distintos \u00e1mbitos de la vida p\u00fablica y social, el Instituto de Capacitaci\u00f3n para el Trabajo del Estado de Sinaloa (ICATSIN) invita a participar en el Primer Foro Estatal \u201cLa Mujer L\u00edder [&hellip;]\" \/>\n<meta property=\"og:url\" content=\"https:\/\/fuentesfidedignas.com.mx\/index.php\/2026\/03\/10\/icatsin-invita-al-primer-foro-estatal-la-mujer-lider-sinaloense\/\" \/>\n<meta property=\"og:site_name\" content=\"Fuentes Fidedignas\" \/>\n<meta property=\"article:publisher\" content=\"https:\/\/www.facebook.com\/Fuentes-Fidedignas-368234489921644\" \/>\n<meta property=\"article:published_time\" content=\"2026-03-11T01:23:45+00:00\" \/>\n<meta property=\"og:image\" content=\"https:\/\/fuentesfidedignas.com.mx\/wp-content\/uploads\/2026\/03\/d2150c15-d7fd-4fde-bdcc-2b35bdb94cae.jpg\" \/>\n\t<meta property=\"og:image:width\" content=\"1600\" \/>\n\t<meta property=\"og:image:height\" content=\"1066\" \/>\n\t<meta property=\"og:image:type\" content=\"image\/jpeg\" \/>\n<meta name=\"author\" content=\"Redacci\u00f3n\" \/>\n<meta name=\"twitter:card\" content=\"summary_large_image\" \/>\n<meta name=\"twitter:creator\" content=\"@fidedignas\" \/>\n<meta name=\"twitter:site\" content=\"@fidedignas\" \/>\n<meta name=\"twitter:label1\" content=\"Escrito por\" \/>\n\t<meta name=\"twitter:data1\" content=\"Redacci\u00f3n\" \/>\n\t<meta name=\"twitter:label2\" content=\"Tiempo de lectura\" \/>\n\t<meta name=\"twitter:data2\" content=\"2 minutos\" \/>\n<script type=\"application\/ld+json\" class=\"yoast-schema-graph\">{\"@context\":\"https:\\\/\\\/schema.org\",\"@graph\":[{\"@type\":\"Article\",\"@id\":\"https:\\\/\\\/fuentesfidedignas.com.mx\\\/index.php\\\/2026\\\/03\\\/10\\\/icatsin-invita-al-primer-foro-estatal-la-mujer-lider-sinaloense\\\/#article\",\"isPartOf\":{\"@id\":\"https:\\\/\\\/fuentesfidedignas.com.mx\\\/index.php\\\/2026\\\/03\\\/10\\\/icatsin-invita-al-primer-foro-estatal-la-mujer-lider-sinaloense\\\/\"},\"author\":{\"name\":\"Redacci\u00f3n\",\"@id\":\"https:\\\/\\\/fuentesfidedignas.com.mx\\\/#\\\/schema\\\/person\\\/331be9283d37198e2acd5750279085b0\"},\"headline\":\"ICATSIN invita al Primer Foro Estatal \u201cLa Mujer L\u00edder Sinaloense\u201d\",\"datePublished\":\"2026-03-11T01:23:45+00:00\",\"mainEntityOfPage\":{\"@id\":\"https:\\\/\\\/fuentesfidedignas.com.mx\\\/index.php\\\/2026\\\/03\\\/10\\\/icatsin-invita-al-primer-foro-estatal-la-mujer-lider-sinaloense\\\/\"},\"wordCount\":316,\"publisher\":{\"@id\":\"https:\\\/\\\/fuentesfidedignas.com.mx\\\/#organization\"},\"image\":{\"@id\":\"https:\\\/\\\/fuentesfidedignas.com.mx\\\/index.php\\\/2026\\\/03\\\/10\\\/icatsin-invita-al-primer-foro-estatal-la-mujer-lider-sinaloense\\\/#primaryimage\"},\"thumbnailUrl\":\"https:\\\/\\\/fuentesfidedignas.com.mx\\\/wp-content\\\/uploads\\\/2026\\\/03\\\/d2150c15-d7fd-4fde-bdcc-2b35bdb94cae.jpg\",\"articleSection\":[\"NOTICIAS LOCALES\"],\"inLanguage\":\"es\"},{\"@type\":\"WebPage\",\"@id\":\"https:\\\/\\\/fuentesfidedignas.com.mx\\\/index.php\\\/2026\\\/03\\\/10\\\/icatsin-invita-al-primer-foro-estatal-la-mujer-lider-sinaloense\\\/\",\"url\":\"https:\\\/\\\/fuentesfidedignas.com.mx\\\/index.php\\\/2026\\\/03\\\/10\\\/icatsin-invita-al-primer-foro-estatal-la-mujer-lider-sinaloense\\\/\",\"name\":\"ICATSIN invita al Primer Foro Estatal \u201cLa Mujer L\u00edder Sinaloense\u201d - Fuentes Fidedignas\",\"isPartOf\":{\"@id\":\"https:\\\/\\\/fuentesfidedignas.com.mx\\\/#website\"},\"primaryImageOfPage\":{\"@id\":\"https:\\\/\\\/fuentesfidedignas.com.mx\\\/index.php\\\/2026\\\/03\\\/10\\\/icatsin-invita-al-primer-foro-estatal-la-mujer-lider-sinaloense\\\/#primaryimage\"},\"image\":{\"@id\":\"https:\\\/\\\/fuentesfidedignas.com.mx\\\/index.php\\\/2026\\\/03\\\/10\\\/icatsin-invita-al-primer-foro-estatal-la-mujer-lider-sinaloense\\\/#primaryimage\"},\"thumbnailUrl\":\"https:\\\/\\\/fuentesfidedignas.com.mx\\\/wp-content\\\/uploads\\\/2026\\\/03\\\/d2150c15-d7fd-4fde-bdcc-2b35bdb94cae.jpg\",\"datePublished\":\"2026-03-11T01:23:45+00:00\",\"breadcrumb\":{\"@id\":\"https:\\\/\\\/fuentesfidedignas.com.mx\\\/index.php\\\/2026\\\/03\\\/10\\\/icatsin-invita-al-primer-foro-estatal-la-mujer-lider-sinaloense\\\/#breadcrumb\"},\"inLanguage\":\"es\",\"potentialAction\":[{\"@type\":\"ReadAction\",\"target\":[\"https:\\\/\\\/fuentesfidedignas.com.mx\\\/index.php\\\/2026\\\/03\\\/10\\\/icatsin-invita-al-primer-foro-estatal-la-mujer-lider-sinaloense\\\/\"]}]},{\"@type\":\"ImageObject\",\"inLanguage\":\"es\",\"@id\":\"https:\\\/\\\/fuentesfidedignas.com.mx\\\/index.php\\\/2026\\\/03\\\/10\\\/icatsin-invita-al-primer-foro-estatal-la-mujer-lider-sinaloense\\\/#primaryimage\",\"url\":\"https:\\\/\\\/fuentesfidedignas.com.mx\\\/wp-content\\\/uploads\\\/2026\\\/03\\\/d2150c15-d7fd-4fde-bdcc-2b35bdb94cae.jpg\",\"contentUrl\":\"https:\\\/\\\/fuentesfidedignas.com.mx\\\/wp-content\\\/uploads\\\/2026\\\/03\\\/d2150c15-d7fd-4fde-bdcc-2b35bdb94cae.jpg\",\"width\":1600,\"height\":1066},{\"@type\":\"BreadcrumbList\",\"@id\":\"https:\\\/\\\/fuentesfidedignas.com.mx\\\/index.php\\\/2026\\\/03\\\/10\\\/icatsin-invita-al-primer-foro-estatal-la-mujer-lider-sinaloense\\\/#breadcrumb\",\"itemListElement\":[{\"@type\":\"ListItem\",\"position\":1,\"name\":\"Inicio\",\"item\":\"https:\\\/\\\/fuentesfidedignas.com.mx\\\/\"},{\"@type\":\"ListItem\",\"position\":2,\"name\":\"ICATSIN invita al Primer Foro Estatal \u201cLa Mujer L\u00edder Sinaloense\u201d\"}]},{\"@type\":\"WebSite\",\"@id\":\"https:\\\/\\\/fuentesfidedignas.com.mx\\\/#website\",\"url\":\"https:\\\/\\\/fuentesfidedignas.com.mx\\\/\",\"name\":\"Fuentes Fidedignas\",\"description\":\"Otro sitio realizado con WordPress\",\"publisher\":{\"@id\":\"https:\\\/\\\/fuentesfidedignas.com.mx\\\/#organization\"},\"potentialAction\":[{\"@type\":\"SearchAction\",\"target\":{\"@type\":\"EntryPoint\",\"urlTemplate\":\"https:\\\/\\\/fuentesfidedignas.com.mx\\\/?s={search_term_string}\"},\"query-input\":{\"@type\":\"PropertyValueSpecification\",\"valueRequired\":true,\"valueName\":\"search_term_string\"}}],\"inLanguage\":\"es\"},{\"@type\":\"Organization\",\"@id\":\"https:\\\/\\\/fuentesfidedignas.com.mx\\\/#organization\",\"name\":\"Fuentes Fidedignas\",\"url\":\"https:\\\/\\\/fuentesfidedignas.com.mx\\\/\",\"logo\":{\"@type\":\"ImageObject\",\"inLanguage\":\"es\",\"@id\":\"https:\\\/\\\/fuentesfidedignas.com.mx\\\/#\\\/schema\\\/logo\\\/image\\\/\",\"url\":\"https:\\\/\\\/fuentesfidedignas.com.mx\\\/wp-content\\\/uploads\\\/2021\\\/04\\\/logo-retina.png\",\"contentUrl\":\"https:\\\/\\\/fuentesfidedignas.com.mx\\\/wp-content\\\/uploads\\\/2021\\\/04\\\/logo-retina.png\",\"width\":280,\"height\":51,\"caption\":\"Fuentes Fidedignas\"},\"image\":{\"@id\":\"https:\\\/\\\/fuentesfidedignas.com.mx\\\/#\\\/schema\\\/logo\\\/image\\\/\"},\"sameAs\":[\"https:\\\/\\\/www.facebook.com\\\/Fuentes-Fidedignas-368234489921644\",\"https:\\\/\\\/x.com\\\/fidedignas\"]},{\"@type\":\"Person\",\"@id\":\"https:\\\/\\\/fuentesfidedignas.com.mx\\\/#\\\/schema\\\/person\\\/331be9283d37198e2acd5750279085b0\",\"name\":\"Redacci\u00f3n\",\"image\":{\"@type\":\"ImageObject\",\"inLanguage\":\"es\",\"@id\":\"https:\\\/\\\/secure.gravatar.com\\\/avatar\\\/f6d8782c11d12b2d4ad3fbb6931aeab5309937a4d6cd2fc9cfaa28a6396a5aec?s=96&d=mm&r=g\",\"url\":\"https:\\\/\\\/secure.gravatar.com\\\/avatar\\\/f6d8782c11d12b2d4ad3fbb6931aeab5309937a4d6cd2fc9cfaa28a6396a5aec?s=96&d=mm&r=g\",\"contentUrl\":\"https:\\\/\\\/secure.gravatar.com\\\/avatar\\\/f6d8782c11d12b2d4ad3fbb6931aeab5309937a4d6cd2fc9cfaa28a6396a5aec?s=96&d=mm&r=g\",\"caption\":\"Redacci\u00f3n\"},\"url\":\"https:\\\/\\\/fuentesfidedignas.com.mx\\\/index.php\\\/author\\\/redaccion\\\/\"}]}<\/script>\n<!-- \/ Yoast SEO plugin. -->","yoast_head_json":{"title":"ICATSIN invita al Primer Foro Estatal \u201cLa Mujer L\u00edder Sinaloense\u201d - Fuentes Fidedignas","robots":{"index":"index","follow":"follow","max-snippet":"max-snippet:-1","max-image-preview":"max-image-preview:large","max-video-preview":"max-video-preview:-1"},"canonical":"https:\/\/fuentesfidedignas.com.mx\/index.php\/2026\/03\/10\/icatsin-invita-al-primer-foro-estatal-la-mujer-lider-sinaloense\/","og_locale":"es_MX","og_type":"article","og_title":"ICATSIN invita al Primer Foro Estatal \u201cLa Mujer L\u00edder Sinaloense\u201d - Fuentes Fidedignas","og_description":"Culiac\u00e1n, Sinaloa, 10 de marzo de 2026.\u2013 Con el prop\u00f3sito de promover el liderazgo, la participaci\u00f3n y el empoderamiento de las mujeres en los distintos \u00e1mbitos de la vida p\u00fablica y social, el Instituto de Capacitaci\u00f3n para el Trabajo del Estado de Sinaloa (ICATSIN) invita a participar en el Primer Foro Estatal \u201cLa Mujer L\u00edder [&hellip;]","og_url":"https:\/\/fuentesfidedignas.com.mx\/index.php\/2026\/03\/10\/icatsin-invita-al-primer-foro-estatal-la-mujer-lider-sinaloense\/","og_site_name":"Fuentes Fidedignas","article_publisher":"https:\/\/www.facebook.com\/Fuentes-Fidedignas-368234489921644","article_published_time":"2026-03-11T01:23:45+00:00","og_image":[{"width":1600,"height":1066,"url":"https:\/\/fuentesfidedignas.com.mx\/wp-content\/uploads\/2026\/03\/d2150c15-d7fd-4fde-bdcc-2b35bdb94cae.jpg","type":"image\/jpeg"}],"author":"Redacci\u00f3n","twitter_card":"summary_large_image","twitter_creator":"@fidedignas","twitter_site":"@fidedignas","twitter_misc":{"Escrito por":"Redacci\u00f3n","Tiempo de lectura":"2 minutos"},"schema":{"@context":"https:\/\/schema.org","@graph":[{"@type":"Article","@id":"https:\/\/fuentesfidedignas.com.mx\/index.php\/2026\/03\/10\/icatsin-invita-al-primer-foro-estatal-la-mujer-lider-sinaloense\/#article","isPartOf":{"@id":"https:\/\/fuentesfidedignas.com.mx\/index.php\/2026\/03\/10\/icatsin-invita-al-primer-foro-estatal-la-mujer-lider-sinaloense\/"},"author":{"name":"Redacci\u00f3n","@id":"https:\/\/fuentesfidedignas.com.mx\/#\/schema\/person\/331be9283d37198e2acd5750279085b0"},"headline":"ICATSIN invita al Primer Foro Estatal \u201cLa Mujer L\u00edder Sinaloense\u201d","datePublished":"2026-03-11T01:23:45+00:00","mainEntityOfPage":{"@id":"https:\/\/fuentesfidedignas.com.mx\/index.php\/2026\/03\/10\/icatsin-invita-al-primer-foro-estatal-la-mujer-lider-sinaloense\/"},"wordCount":316,"publisher":{"@id":"https:\/\/fuentesfidedignas.com.mx\/#organization"},"image":{"@id":"https:\/\/fuentesfidedignas.com.mx\/index.php\/2026\/03\/10\/icatsin-invita-al-primer-foro-estatal-la-mujer-lider-sinaloense\/#primaryimage"},"thumbnailUrl":"https:\/\/fuentesfidedignas.com.mx\/wp-content\/uploads\/2026\/03\/d2150c15-d7fd-4fde-bdcc-2b35bdb94cae.jpg","articleSection":["NOTICIAS LOCALES"],"inLanguage":"es"},{"@type":"WebPage","@id":"https:\/\/fuentesfidedignas.com.mx\/index.php\/2026\/03\/10\/icatsin-invita-al-primer-foro-estatal-la-mujer-lider-sinaloense\/","url":"https:\/\/fuentesfidedignas.com.mx\/index.php\/2026\/03\/10\/icatsin-invita-al-primer-foro-estatal-la-mujer-lider-sinaloense\/","name":"ICATSIN invita al Primer Foro Estatal \u201cLa Mujer L\u00edder Sinaloense\u201d - Fuentes Fidedignas","isPartOf":{"@id":"https:\/\/fuentesfidedignas.com.mx\/#website"},"primaryImageOfPage":{"@id":"https:\/\/fuentesfidedignas.com.mx\/index.php\/2026\/03\/10\/icatsin-invita-al-primer-foro-estatal-la-mujer-lider-sinaloense\/#primaryimage"},"image":{"@id":"https:\/\/fuentesfidedignas.com.mx\/index.php\/2026\/03\/10\/icatsin-invita-al-primer-foro-estatal-la-mujer-lider-sinaloense\/#primaryimage"},"thumbnailUrl":"https:\/\/fuentesfidedignas.com.mx\/wp-content\/uploads\/2026\/03\/d2150c15-d7fd-4fde-bdcc-2b35bdb94cae.jpg","datePublished":"2026-03-11T01:23:45+00:00","breadcrumb":{"@id":"https:\/\/fuentesfidedignas.com.mx\/index.php\/2026\/03\/10\/icatsin-invita-al-primer-foro-estatal-la-mujer-lider-sinaloense\/#breadcrumb"},"inLanguage":"es","potentialAction":[{"@type":"ReadAction","target":["https:\/\/fuentesfidedignas.com.mx\/index.php\/2026\/03\/10\/icatsin-invita-al-primer-foro-estatal-la-mujer-lider-sinaloense\/"]}]},{"@type":"ImageObject","inLanguage":"es","@id":"https:\/\/fuentesfidedignas.com.mx\/index.php\/2026\/03\/10\/icatsin-invita-al-primer-foro-estatal-la-mujer-lider-sinaloense\/#primaryimage","url":"https:\/\/fuentesfidedignas.com.mx\/wp-content\/uploads\/2026\/03\/d2150c15-d7fd-4fde-bdcc-2b35bdb94cae.jpg","contentUrl":"https:\/\/fuentesfidedignas.com.mx\/wp-content\/uploads\/2026\/03\/d2150c15-d7fd-4fde-bdcc-2b35bdb94cae.jpg","width":1600,"height":1066},{"@type":"BreadcrumbList","@id":"https:\/\/fuentesfidedignas.com.mx\/index.php\/2026\/03\/10\/icatsin-invita-al-primer-foro-estatal-la-mujer-lider-sinaloense\/#breadcrumb","itemListElement":[{"@type":"ListItem","position":1,"name":"Inicio","item":"https:\/\/fuentesfidedignas.com.mx\/"},{"@type":"ListItem","position":2,"name":"ICATSIN invita al Primer Foro Estatal \u201cLa Mujer L\u00edder Sinaloense\u201d"}]},{"@type":"WebSite","@id":"https:\/\/fuentesfidedignas.com.mx\/#website","url":"https:\/\/fuentesfidedignas.com.mx\/","name":"Fuentes Fidedignas","description":"Otro sitio realizado con WordPress","publisher":{"@id":"https:\/\/fuentesfidedignas.com.mx\/#organization"},"potentialAction":[{"@type":"SearchAction","target":{"@type":"EntryPoint","urlTemplate":"https:\/\/fuentesfidedignas.com.mx\/?s={search_term_string}"},"query-input":{"@type":"PropertyValueSpecification","valueRequired":true,"valueName":"search_term_string"}}],"inLanguage":"es"},{"@type":"Organization","@id":"https:\/\/fuentesfidedignas.com.mx\/#organization","name":"Fuentes Fidedignas","url":"https:\/\/fuentesfidedignas.com.mx\/","logo":{"@type":"ImageObject","inLanguage":"es","@id":"https:\/\/fuentesfidedignas.com.mx\/#\/schema\/logo\/image\/","url":"https:\/\/fuentesfidedignas.com.mx\/wp-content\/uploads\/2021\/04\/logo-retina.png","contentUrl":"https:\/\/fuentesfidedignas.com.mx\/wp-content\/uploads\/2021\/04\/logo-retina.png","width":280,"height":51,"caption":"Fuentes Fidedignas"},"image":{"@id":"https:\/\/fuentesfidedignas.com.mx\/#\/schema\/logo\/image\/"},"sameAs":["https:\/\/www.facebook.com\/Fuentes-Fidedignas-368234489921644","https:\/\/x.com\/fidedignas"]},{"@type":"Person","@id":"https:\/\/fuentesfidedignas.com.mx\/#\/schema\/person\/331be9283d37198e2acd5750279085b0","name":"Redacci\u00f3n","image":{"@type":"ImageObject","inLanguage":"es","@id":"https:\/\/secure.gravatar.com\/avatar\/f6d8782c11d12b2d4ad3fbb6931aeab5309937a4d6cd2fc9cfaa28a6396a5aec?s=96&d=mm&r=g","url":"https:\/\/secure.gravatar.com\/avatar\/f6d8782c11d12b2d4ad3fbb6931aeab5309937a4d6cd2fc9cfaa28a6396a5aec?s=96&d=mm&r=g","contentUrl":"https:\/\/secure.gravatar.com\/avatar\/f6d8782c11d12b2d4ad3fbb6931aeab5309937a4d6cd2fc9cfaa28a6396a5aec?s=96&d=mm&r=g","caption":"Redacci\u00f3n"},"url":"https:\/\/fuentesfidedignas.com.mx\/index.php\/author\/redaccion\/"}]}},"_links":{"self":[{"href":"https:\/\/fuentesfidedignas.com.mx\/index.php\/wp-json\/wp\/v2\/posts\/129021","targetHints":{"allow":["GET"]}}],"collection":[{"href":"https:\/\/fuentesfidedignas.com.mx\/index.php\/wp-json\/wp\/v2\/posts"}],"about":[{"href":"https:\/\/fuentesfidedignas.com.mx\/index.php\/wp-json\/wp\/v2\/types\/post"}],"author":[{"embeddable":true,"href":"https:\/\/fuentesfidedignas.com.mx\/index.php\/wp-json\/wp\/v2\/users\/4"}],"replies":[{"embeddable":true,"href":"https:\/\/fuentesfidedignas.com.mx\/index.php\/wp-json\/wp\/v2\/comments?post=129021"}],"version-history":[{"count":1,"href":"https:\/\/fuentesfidedignas.com.mx\/index.php\/wp-json\/wp\/v2\/posts\/129021\/revisions"}],"predecessor-version":[{"id":129022,"href":"https:\/\/fuentesfidedignas.com.mx\/index.php\/wp-json\/wp\/v2\/posts\/129021\/revisions\/129022"}],"wp:featuredmedia":[{"embeddable":true,"href":"https:\/\/fuentesfidedignas.com.mx\/index.php\/wp-json\/wp\/v2\/media\/129020"}],"wp:attachment":[{"href":"https:\/\/fuentesfidedignas.com.mx\/index.php\/wp-json\/wp\/v2\/media?parent=129021"}],"wp:term":[{"taxonomy":"category","embeddable":true,"href":"https:\/\/fuentesfidedignas.com.mx\/index.php\/wp-json\/wp\/v2\/categories?post=129021"},{"taxonomy":"post_tag","embeddable":true,"href":"https:\/\/fuentesfidedignas.com.mx\/index.php\/wp-json\/wp\/v2\/tags?post=129021"}],"curies":[{"name":"wp","href":"https:\/\/api.w.org\/{rel}","templated":true}]}}