{"id":129013,"date":"2026-03-10T16:20:20","date_gmt":"2026-03-10T23:20:20","guid":{"rendered":"https:\/\/fuentesfidedignas.com.mx\/?p=129013"},"modified":"2026-03-10T17:52:39","modified_gmt":"2026-03-11T00:52:39","slug":"proponen-tipificar-como-delito-reclutamiento-de-menores-de-edad","status":"publish","type":"post","link":"https:\/\/fuentesfidedignas.com.mx\/index.php\/2026\/03\/10\/proponen-tipificar-como-delito-reclutamiento-de-menores-de-edad\/","title":{"rendered":"Proponen tipificar como delito \u201creclutamiento de menores de edad\u201d"},"content":{"rendered":"\n<p>Culiac\u00e1n, Sinaloa.- La Diputaci\u00f3n Permanente del Congreso del Estado de Sinaloa dio lectura este martes en Sesi\u00f3n a seis nuevas iniciativas, una de las cuales propone tipificar y sancionar como delito el \u201creclutamiento de menores de edad\u201d para hacerlos part\u00edcipes en la comisi\u00f3n de hechos delictivos, y la sanci\u00f3n m\u00e1xima ser\u00eda de 30 a\u00f1os de prisi\u00f3n.<\/p>\n\n\n\n<p>Las iniciativas le\u00eddas son las siguientes:<br \/>*Iniciativa presentada por el Grupo Parlamentario de Morena, que propone reformas y adiciones al C\u00f3digo Penal para el Estado de Sinaloa, en materia de reclutamiento de personas menores de edad.<\/p>\n\n\n\n<p>Se propone establecer que comete el delito de reclutamiento de personas menores de edad para realizar actividades delictivas, quien reclute, obligue, induzca, instruya, adiestre, incite o incorpore, por cualquier forma o medio, a una o varias personas menores de dieciocho a\u00f1os de edad, para que participen, colaboren o sean empleadas en la comisi\u00f3n de uno o m\u00e1s delitos tipificados en este C\u00f3digo o en otras leyes.<\/p>\n\n\n\n<p>A la persona responsable se le impondr\u00e1 una pena de diez a veinte a\u00f1os de prisi\u00f3n y de ochocientos a mil seiscientos d\u00edas multa, con independencia de las sanciones que correspondan por otros delitos cometidos.<br \/>Las penas establecidas en el p\u00e1rrafo anterior se aumentar\u00e1n en una mitad cuando:<\/p>\n\n\n\n<p>l. Fuere cometido por persona que tenga relaci\u00f3n de parentesco por consanguinidad, afinidad o civil con la v\u00edctima o por quien tenga a la v\u00edctima bajo su custodia, guarda o educaci\u00f3n;<br \/>II. Se cometa ejerciendo violencia;<br \/>III. Se cometa por una servidora o servidor p\u00fablico; o<br \/>IV. La v\u00edctima se encuentre en condici\u00f3n de vulnerabilidad por alguno de los siguientes supuestos: situaci\u00f3n de calle, desescolarizaci\u00f3n, persona migrante, abandono familiar, desplazamiento forzado, que haya sido v\u00edctima de alg\u00fan delito, que sea adicto a cualquier droga, que sea mujer o ind\u00edgena.<br \/>Ser\u00e1 equiparable al delito de reclutamiento de personas menores de edad para realizar actividades delictivas, y se sancionar\u00e1 con las mismas penas y agravantes previstas en el presente art\u00edculo, cuando la conducta se cometa en contra de quien no tenga la capacidad de comprender el significado del hecho o para resistirlo.<br \/><\/p>\n\n\n\n<p>*Iniciativa de las ciudadanas Elizabeth Renter\u00eda Osuna y Jes\u00fas Adelina Obeso Ju\u00e1rez, presidenta y tesorera de la asociaci\u00f3n Mujeres por la Inclusi\u00f3n y Afrodescendencia en Sinaloa, que propone adicionar los apartados C y D al art\u00edculo 13 Bis de la Constituci\u00f3n Pol\u00edtica del Estado de Sinaloa, en materia de pueblos y comunidades ind\u00edgenas y afromexicanas de Sinaloa.<br \/>Se propone que el apartado C establezca:<br \/>\u201cEsta Constituci\u00f3n reconoce a los pueblos y comunidades afromexicanas, cualquiera que sea su autodenominaci\u00f3n, como parte de la composici\u00f3n pluricultural de la Naci\u00f3n y de Sinaloa. Tendr\u00e1n en lo conducente los derechos se\u00f1alados en los apartados anteriores de este art\u00edculo, a fin de garantizar su desarrollo e inclusi\u00f3n social, en los t\u00e9rminos que establezca esta Constituci\u00f3n, as\u00ed como su libre determinaci\u00f3n que se ejercer\u00e1 en un marco constitucional de autonom\u00eda que asegure la unidad nacional.<br \/>\u201cSon comunidades afromexicanas las que se integran por descendientes de personas originarias de poblaciones de los pueblos y comunidades afromexicanas y tienen el car\u00e1cter de sujetos de derecho p\u00fablico, con personalidad jur\u00eddica y patrimonio propio.<br \/>Tienen adem\u00e1s derecho a:<br \/>l. La protecci\u00f3n de su identidad cultural, modos de vida, expresiones espirituales y de todos los elementos que integran su patrimonio cultural, material e inmaterial y su propiedad intelectual colectiva, en los t\u00e9rminos que establezca la ley;<br \/>II. La promoci\u00f3n, reconocimiento y protecci\u00f3n de sus conocimientos, aportes y contribuciones en la historia nacional y a la diversidad cultural de la Naci\u00f3n y del Estado, debiendo quedar insertas en las modalidades y niveles del Sistema Educativo Estatal; y<br \/>III. Ser incluidos en la producci\u00f3n y registros de datos, informaci\u00f3n, estad\u00edsticas, censos y encuestas oficiales, para lo cual las instituciones competentes establecer\u00e1n los procedimientos, m\u00e9todos y criterios para inscribir su identidad y autoadscripci\u00f3n\u201d, entre otras propuestas.<br \/>El apartado D que se propone establece que:<br \/>\u201cEsta Constituci\u00f3n reconoce y el Estado garantiza el derecho de las mujeres ind\u00edgenas y afromexicanas a participar de manera efectiva y en condiciones de igualdad sustantiva en los procesos de desarrollo integral de sus pueblos y comunidades\u2026\u201d<\/p>\n\n\n\n<p>*Iniciativa del diputado Kristiam Alexis Espinoza Garc\u00eda, de Morena, que propone reformar y adicionar diversas disposiciones de la Ley de Cultura F\u00edsica y Deporte para el estado de Sinaloa, en materia de promoci\u00f3n de pol\u00edticas p\u00fablicas que lleven el deporte a zonas rurales e ind\u00edgenas.<br \/>Al art\u00edculo 2 se propone adicionar dos fracciones, la XIII y la XIV, mismas que establecen, respectivamente:<br \/>Preservar, promover y fomentar la pr\u00e1ctica de los deportes tradicionales ind\u00edgenas, impulsando su reconocimiento y desarrollo en el Estado; y<br \/>Fomentar la pr\u00e1ctica del deporte en comunidades rurales e ind\u00edgenas, asegurando su acceso equitativo a la infraestructura, programas y recursos p\u00fablicos.<br \/>En otra adici\u00f3n se define el concepto de \u201cDeporte Rural\u201d, como el conjunto de actividades f\u00edsicas y recreativas desarrolladas en comunidades rurales, con el objetivo de fomentar la integraci\u00f3n social, el bienestar f\u00edsico y la preservaci\u00f3n de tradiciones locales.<br \/>En el art\u00edculo 16 se adiciona una fracci\u00f3n VI, en la cual se establece como obligaci\u00f3n la siguiente acci\u00f3n:<br \/>\u201cPromover y fomentar la participaci\u00f3n, activaci\u00f3n y organizaci\u00f3n de los pueblos y barrios originarios, as\u00ed como de comunidades rurales e ind\u00edgenas en actividades deportivas\u201d.<\/p>\n\n\n\n<p>*Iniciativa del Grupo Parlamentario del PRI, que propone adicionar un \u00faltimo p\u00e1rrafo al art\u00edculo 48 de la Ley de Hacienda, y adicionar el art\u00edculo 50 Bis al C\u00f3digo Penal para el Estado de Sinaloa, en materia de exenci\u00f3n del pago de derechos a las personas v\u00edctimas del delito de robo de veh\u00edculo.<\/p>\n\n\n\n<p>El p\u00e1rrafo a a\u00f1adir al art\u00edculo 48 establece que:<br \/>\u201cTrat\u00e1ndose de personas que acrediten tener la calidad de v\u00edctimas del delito de robo de veh\u00edculo, conforme al marco legal aplicable, estar\u00e1n exentas del pago de los derechos a que se refieren las fracciones II, III-B, III-C, III-E, III-G, XI, XII y XIV de este art\u00edculo, cuando los tr\u00e1mites respectivos se deriven de la recuperaci\u00f3n de la unidad por parte de las autoridades.<br \/>\u201cPara hacer efectiva esta exenci\u00f3n, la v\u00edctima deber\u00e1 presentar la documentaci\u00f3n que justifique su calidad y la relaci\u00f3n causal con el tr\u00e1mite, conforme lo determine la normativa en materia de atenci\u00f3n a v\u00edctimas y de procuraci\u00f3n de justicia\u201d.<\/p>\n\n\n\n<p>*Iniciativa de la diputada Rita Fierro Reyes, de Morena, que propone adicionar la fracci\u00f3n III al art\u00edculo 279 de la Ley de Movilidad Sustentable y Seguridad Vial del Estado de Sinaloa, en materia de tarifas preferentes en el servicio p\u00fablico de transporte colectivo a personas adultas mayores.<\/p>\n\n\n\n<p>Tiene como objetivo aliviar los gastos de transporte para las personas adultas mayores, ya que el beneficio se maximiza cuando estas realizan trayectos que impliquen abordar m\u00e1s de un ruta de cami\u00f3n para llegar a su destino.<br \/>Se argumenta que suman 12 las entidades de la Rep\u00fablica Mexicana que ya otorgan este tipo de beneficios a su poblaci\u00f3n de 60 a\u00f1os o m\u00e1s.<\/p>\n\n\n\n<p>*Iniciativa de la diputada Erika Rub\u00ed Mart\u00ednez Rodr\u00edguez, de Morena, que propone reformas y adiciones diversas a la Ley de Salud del Estado de Sinaloa, en materia de servicios integrales de salud reproductiva.<\/p>\n\n\n\n<p>La propuesta contempla adicionar el Art\u00edculo 4 Bis 3, el cual establece que:<br \/>\u201cLas instituciones p\u00fablicas, privadas y sociales que presten servicios de salud en el Estado de Sinaloa deber\u00e1n garantizar servicios integrales en materia de salud reproductiva, incluyendo el acompa\u00f1amiento m\u00e9dico, psicoemocional y de orientaci\u00f3n legal durante el embarazo, el parto y el puerperio\u201d.<\/p>\n\n\n\n<p>\u201cEste acompa\u00f1amiento ser\u00e1 dirigido tanto a la mujer o persona gestante como al progenitor, con el objetivo de promover la maternidad y paternidad corresponsable, la prevenci\u00f3n del abandono, violencia y la protecci\u00f3n del inter\u00e9s superior de la ni\u00f1ez.<br \/>\u201cEste servicio ser\u00e1 de manera accesible, gratuito, confidencial, seguro, en condiciones de calidad, expedita y no discriminatoria, garantizando la dignidad humana de la mujer o persona gestante, y el progenitor\u201d.<\/p>\n\n\n\n<p>Tambi\u00e9n se propone que el Estado, a trav\u00e9s de la Secretar\u00eda de Salud, garantizar\u00e1 servicios integrales durante el embarazo, parto y puerperio, que incluyan acompa\u00f1amiento m\u00e9dico, psicoemocional y de orientaci\u00f3n legal, dirigidos tanto a las mujeres o personas gestante, como al progenitor, con el objetivo de fomentar la corresponsabilidad parental activa.<br \/><\/p>\n\n\n\n<p>Los servicios a que se refiere este cap\u00edtulo deber\u00e1n presentarse de forma gratuita, continua, confidencial, respetuosa, con perspectiva de g\u00e9nero, interculturalidad y enfoque de derechos humanos, a trav\u00e9s de personal debidamente capacitado.<\/p>\n","protected":false},"excerpt":{"rendered":"<p>Culiac\u00e1n, Sinaloa.- La Diputaci\u00f3n Permanente del Congreso del Estado de Sinaloa dio lectura este martes en Sesi\u00f3n a seis nuevas iniciativas, una de las cuales propone tipificar y sancionar como delito el \u201creclutamiento de menores de edad\u201d para hacerlos part\u00edcipes en la comisi\u00f3n de hechos delictivos, y la sanci\u00f3n m\u00e1xima ser\u00eda de 30 a\u00f1os de [&hellip;]<\/p>\n","protected":false},"author":4,"featured_media":129012,"comment_status":"closed","ping_status":"open","sticky":false,"template":"","format":"standard","meta":{"tdm_status":"","tdm_grid_status":"","footnotes":""},"categories":[37],"tags":[],"class_list":{"0":"post-129013","1":"post","2":"type-post","3":"status-publish","4":"format-standard","5":"has-post-thumbnail","7":"category-nota-principal"},"yoast_head":"<!-- This site is optimized with the Yoast SEO plugin v27.5 - https:\/\/yoast.com\/product\/yoast-seo-wordpress\/ -->\n<title>Proponen tipificar como delito \u201creclutamiento de menores de edad\u201d - Fuentes Fidedignas<\/title>\n<meta name=\"robots\" content=\"index, follow, max-snippet:-1, max-image-preview:large, max-video-preview:-1\" \/>\n<link rel=\"canonical\" href=\"https:\/\/fuentesfidedignas.com.mx\/index.php\/2026\/03\/10\/proponen-tipificar-como-delito-reclutamiento-de-menores-de-edad\/\" \/>\n<meta property=\"og:locale\" content=\"es_MX\" \/>\n<meta property=\"og:type\" content=\"article\" \/>\n<meta property=\"og:title\" content=\"Proponen tipificar como delito \u201creclutamiento de menores de edad\u201d - Fuentes Fidedignas\" \/>\n<meta property=\"og:description\" content=\"Culiac\u00e1n, Sinaloa.- La Diputaci\u00f3n Permanente del Congreso del Estado de Sinaloa dio lectura este martes en Sesi\u00f3n a seis nuevas iniciativas, una de las cuales propone tipificar y sancionar como delito el \u201creclutamiento de menores de edad\u201d para hacerlos part\u00edcipes en la comisi\u00f3n de hechos delictivos, y la sanci\u00f3n m\u00e1xima ser\u00eda de 30 a\u00f1os de [&hellip;]\" \/>\n<meta property=\"og:url\" content=\"https:\/\/fuentesfidedignas.com.mx\/index.php\/2026\/03\/10\/proponen-tipificar-como-delito-reclutamiento-de-menores-de-edad\/\" \/>\n<meta property=\"og:site_name\" content=\"Fuentes Fidedignas\" \/>\n<meta property=\"article:publisher\" content=\"https:\/\/www.facebook.com\/Fuentes-Fidedignas-368234489921644\" \/>\n<meta property=\"article:published_time\" content=\"2026-03-10T23:20:20+00:00\" \/>\n<meta property=\"article:modified_time\" content=\"2026-03-11T00:52:39+00:00\" \/>\n<meta property=\"og:image\" content=\"https:\/\/fuentesfidedignas.com.mx\/wp-content\/uploads\/2026\/03\/1f0f4a52-371c-418c-ad8e-9efc3f3e5af6.jpg\" \/>\n\t<meta property=\"og:image:width\" content=\"1600\" \/>\n\t<meta property=\"og:image:height\" content=\"982\" \/>\n\t<meta property=\"og:image:type\" content=\"image\/jpeg\" \/>\n<meta name=\"author\" content=\"Redacci\u00f3n\" \/>\n<meta name=\"twitter:card\" content=\"summary_large_image\" \/>\n<meta name=\"twitter:creator\" content=\"@fidedignas\" \/>\n<meta name=\"twitter:site\" content=\"@fidedignas\" \/>\n<meta name=\"twitter:label1\" content=\"Escrito por\" \/>\n\t<meta name=\"twitter:data1\" content=\"Redacci\u00f3n\" \/>\n\t<meta name=\"twitter:label2\" content=\"Tiempo de lectura\" \/>\n\t<meta name=\"twitter:data2\" content=\"8 minutos\" \/>\n<script type=\"application\/ld+json\" class=\"yoast-schema-graph\">{\"@context\":\"https:\\\/\\\/schema.org\",\"@graph\":[{\"@type\":\"Article\",\"@id\":\"https:\\\/\\\/fuentesfidedignas.com.mx\\\/index.php\\\/2026\\\/03\\\/10\\\/proponen-tipificar-como-delito-reclutamiento-de-menores-de-edad\\\/#article\",\"isPartOf\":{\"@id\":\"https:\\\/\\\/fuentesfidedignas.com.mx\\\/index.php\\\/2026\\\/03\\\/10\\\/proponen-tipificar-como-delito-reclutamiento-de-menores-de-edad\\\/\"},\"author\":{\"name\":\"Redacci\u00f3n\",\"@id\":\"https:\\\/\\\/fuentesfidedignas.com.mx\\\/#\\\/schema\\\/person\\\/331be9283d37198e2acd5750279085b0\"},\"headline\":\"Proponen tipificar como delito \u201creclutamiento de menores de edad\u201d\",\"datePublished\":\"2026-03-10T23:20:20+00:00\",\"dateModified\":\"2026-03-11T00:52:39+00:00\",\"mainEntityOfPage\":{\"@id\":\"https:\\\/\\\/fuentesfidedignas.com.mx\\\/index.php\\\/2026\\\/03\\\/10\\\/proponen-tipificar-como-delito-reclutamiento-de-menores-de-edad\\\/\"},\"wordCount\":1528,\"publisher\":{\"@id\":\"https:\\\/\\\/fuentesfidedignas.com.mx\\\/#organization\"},\"image\":{\"@id\":\"https:\\\/\\\/fuentesfidedignas.com.mx\\\/index.php\\\/2026\\\/03\\\/10\\\/proponen-tipificar-como-delito-reclutamiento-de-menores-de-edad\\\/#primaryimage\"},\"thumbnailUrl\":\"https:\\\/\\\/fuentesfidedignas.com.mx\\\/wp-content\\\/uploads\\\/2026\\\/03\\\/1f0f4a52-371c-418c-ad8e-9efc3f3e5af6.jpg\",\"articleSection\":[\"NOTA PRINCIPAL\"],\"inLanguage\":\"es\"},{\"@type\":\"WebPage\",\"@id\":\"https:\\\/\\\/fuentesfidedignas.com.mx\\\/index.php\\\/2026\\\/03\\\/10\\\/proponen-tipificar-como-delito-reclutamiento-de-menores-de-edad\\\/\",\"url\":\"https:\\\/\\\/fuentesfidedignas.com.mx\\\/index.php\\\/2026\\\/03\\\/10\\\/proponen-tipificar-como-delito-reclutamiento-de-menores-de-edad\\\/\",\"name\":\"Proponen tipificar como delito \u201creclutamiento de menores de edad\u201d - Fuentes Fidedignas\",\"isPartOf\":{\"@id\":\"https:\\\/\\\/fuentesfidedignas.com.mx\\\/#website\"},\"primaryImageOfPage\":{\"@id\":\"https:\\\/\\\/fuentesfidedignas.com.mx\\\/index.php\\\/2026\\\/03\\\/10\\\/proponen-tipificar-como-delito-reclutamiento-de-menores-de-edad\\\/#primaryimage\"},\"image\":{\"@id\":\"https:\\\/\\\/fuentesfidedignas.com.mx\\\/index.php\\\/2026\\\/03\\\/10\\\/proponen-tipificar-como-delito-reclutamiento-de-menores-de-edad\\\/#primaryimage\"},\"thumbnailUrl\":\"https:\\\/\\\/fuentesfidedignas.com.mx\\\/wp-content\\\/uploads\\\/2026\\\/03\\\/1f0f4a52-371c-418c-ad8e-9efc3f3e5af6.jpg\",\"datePublished\":\"2026-03-10T23:20:20+00:00\",\"dateModified\":\"2026-03-11T00:52:39+00:00\",\"breadcrumb\":{\"@id\":\"https:\\\/\\\/fuentesfidedignas.com.mx\\\/index.php\\\/2026\\\/03\\\/10\\\/proponen-tipificar-como-delito-reclutamiento-de-menores-de-edad\\\/#breadcrumb\"},\"inLanguage\":\"es\",\"potentialAction\":[{\"@type\":\"ReadAction\",\"target\":[\"https:\\\/\\\/fuentesfidedignas.com.mx\\\/index.php\\\/2026\\\/03\\\/10\\\/proponen-tipificar-como-delito-reclutamiento-de-menores-de-edad\\\/\"]}]},{\"@type\":\"ImageObject\",\"inLanguage\":\"es\",\"@id\":\"https:\\\/\\\/fuentesfidedignas.com.mx\\\/index.php\\\/2026\\\/03\\\/10\\\/proponen-tipificar-como-delito-reclutamiento-de-menores-de-edad\\\/#primaryimage\",\"url\":\"https:\\\/\\\/fuentesfidedignas.com.mx\\\/wp-content\\\/uploads\\\/2026\\\/03\\\/1f0f4a52-371c-418c-ad8e-9efc3f3e5af6.jpg\",\"contentUrl\":\"https:\\\/\\\/fuentesfidedignas.com.mx\\\/wp-content\\\/uploads\\\/2026\\\/03\\\/1f0f4a52-371c-418c-ad8e-9efc3f3e5af6.jpg\",\"width\":1600,\"height\":982},{\"@type\":\"BreadcrumbList\",\"@id\":\"https:\\\/\\\/fuentesfidedignas.com.mx\\\/index.php\\\/2026\\\/03\\\/10\\\/proponen-tipificar-como-delito-reclutamiento-de-menores-de-edad\\\/#breadcrumb\",\"itemListElement\":[{\"@type\":\"ListItem\",\"position\":1,\"name\":\"Inicio\",\"item\":\"https:\\\/\\\/fuentesfidedignas.com.mx\\\/\"},{\"@type\":\"ListItem\",\"position\":2,\"name\":\"Proponen tipificar como delito \u201creclutamiento de menores de edad\u201d\"}]},{\"@type\":\"WebSite\",\"@id\":\"https:\\\/\\\/fuentesfidedignas.com.mx\\\/#website\",\"url\":\"https:\\\/\\\/fuentesfidedignas.com.mx\\\/\",\"name\":\"Fuentes Fidedignas\",\"description\":\"Otro sitio realizado con WordPress\",\"publisher\":{\"@id\":\"https:\\\/\\\/fuentesfidedignas.com.mx\\\/#organization\"},\"potentialAction\":[{\"@type\":\"SearchAction\",\"target\":{\"@type\":\"EntryPoint\",\"urlTemplate\":\"https:\\\/\\\/fuentesfidedignas.com.mx\\\/?s={search_term_string}\"},\"query-input\":{\"@type\":\"PropertyValueSpecification\",\"valueRequired\":true,\"valueName\":\"search_term_string\"}}],\"inLanguage\":\"es\"},{\"@type\":\"Organization\",\"@id\":\"https:\\\/\\\/fuentesfidedignas.com.mx\\\/#organization\",\"name\":\"Fuentes Fidedignas\",\"url\":\"https:\\\/\\\/fuentesfidedignas.com.mx\\\/\",\"logo\":{\"@type\":\"ImageObject\",\"inLanguage\":\"es\",\"@id\":\"https:\\\/\\\/fuentesfidedignas.com.mx\\\/#\\\/schema\\\/logo\\\/image\\\/\",\"url\":\"https:\\\/\\\/fuentesfidedignas.com.mx\\\/wp-content\\\/uploads\\\/2021\\\/04\\\/logo-retina.png\",\"contentUrl\":\"https:\\\/\\\/fuentesfidedignas.com.mx\\\/wp-content\\\/uploads\\\/2021\\\/04\\\/logo-retina.png\",\"width\":280,\"height\":51,\"caption\":\"Fuentes Fidedignas\"},\"image\":{\"@id\":\"https:\\\/\\\/fuentesfidedignas.com.mx\\\/#\\\/schema\\\/logo\\\/image\\\/\"},\"sameAs\":[\"https:\\\/\\\/www.facebook.com\\\/Fuentes-Fidedignas-368234489921644\",\"https:\\\/\\\/x.com\\\/fidedignas\"]},{\"@type\":\"Person\",\"@id\":\"https:\\\/\\\/fuentesfidedignas.com.mx\\\/#\\\/schema\\\/person\\\/331be9283d37198e2acd5750279085b0\",\"name\":\"Redacci\u00f3n\",\"image\":{\"@type\":\"ImageObject\",\"inLanguage\":\"es\",\"@id\":\"https:\\\/\\\/secure.gravatar.com\\\/avatar\\\/f6d8782c11d12b2d4ad3fbb6931aeab5309937a4d6cd2fc9cfaa28a6396a5aec?s=96&d=mm&r=g\",\"url\":\"https:\\\/\\\/secure.gravatar.com\\\/avatar\\\/f6d8782c11d12b2d4ad3fbb6931aeab5309937a4d6cd2fc9cfaa28a6396a5aec?s=96&d=mm&r=g\",\"contentUrl\":\"https:\\\/\\\/secure.gravatar.com\\\/avatar\\\/f6d8782c11d12b2d4ad3fbb6931aeab5309937a4d6cd2fc9cfaa28a6396a5aec?s=96&d=mm&r=g\",\"caption\":\"Redacci\u00f3n\"},\"url\":\"https:\\\/\\\/fuentesfidedignas.com.mx\\\/index.php\\\/author\\\/redaccion\\\/\"}]}<\/script>\n<!-- \/ Yoast SEO plugin. -->","yoast_head_json":{"title":"Proponen tipificar como delito \u201creclutamiento de menores de edad\u201d - Fuentes Fidedignas","robots":{"index":"index","follow":"follow","max-snippet":"max-snippet:-1","max-image-preview":"max-image-preview:large","max-video-preview":"max-video-preview:-1"},"canonical":"https:\/\/fuentesfidedignas.com.mx\/index.php\/2026\/03\/10\/proponen-tipificar-como-delito-reclutamiento-de-menores-de-edad\/","og_locale":"es_MX","og_type":"article","og_title":"Proponen tipificar como delito \u201creclutamiento de menores de edad\u201d - Fuentes Fidedignas","og_description":"Culiac\u00e1n, Sinaloa.- La Diputaci\u00f3n Permanente del Congreso del Estado de Sinaloa dio lectura este martes en Sesi\u00f3n a seis nuevas iniciativas, una de las cuales propone tipificar y sancionar como delito el \u201creclutamiento de menores de edad\u201d para hacerlos part\u00edcipes en la comisi\u00f3n de hechos delictivos, y la sanci\u00f3n m\u00e1xima ser\u00eda de 30 a\u00f1os de [&hellip;]","og_url":"https:\/\/fuentesfidedignas.com.mx\/index.php\/2026\/03\/10\/proponen-tipificar-como-delito-reclutamiento-de-menores-de-edad\/","og_site_name":"Fuentes Fidedignas","article_publisher":"https:\/\/www.facebook.com\/Fuentes-Fidedignas-368234489921644","article_published_time":"2026-03-10T23:20:20+00:00","article_modified_time":"2026-03-11T00:52:39+00:00","og_image":[{"width":1600,"height":982,"url":"https:\/\/fuentesfidedignas.com.mx\/wp-content\/uploads\/2026\/03\/1f0f4a52-371c-418c-ad8e-9efc3f3e5af6.jpg","type":"image\/jpeg"}],"author":"Redacci\u00f3n","twitter_card":"summary_large_image","twitter_creator":"@fidedignas","twitter_site":"@fidedignas","twitter_misc":{"Escrito por":"Redacci\u00f3n","Tiempo de lectura":"8 minutos"},"schema":{"@context":"https:\/\/schema.org","@graph":[{"@type":"Article","@id":"https:\/\/fuentesfidedignas.com.mx\/index.php\/2026\/03\/10\/proponen-tipificar-como-delito-reclutamiento-de-menores-de-edad\/#article","isPartOf":{"@id":"https:\/\/fuentesfidedignas.com.mx\/index.php\/2026\/03\/10\/proponen-tipificar-como-delito-reclutamiento-de-menores-de-edad\/"},"author":{"name":"Redacci\u00f3n","@id":"https:\/\/fuentesfidedignas.com.mx\/#\/schema\/person\/331be9283d37198e2acd5750279085b0"},"headline":"Proponen tipificar como delito \u201creclutamiento de menores de edad\u201d","datePublished":"2026-03-10T23:20:20+00:00","dateModified":"2026-03-11T00:52:39+00:00","mainEntityOfPage":{"@id":"https:\/\/fuentesfidedignas.com.mx\/index.php\/2026\/03\/10\/proponen-tipificar-como-delito-reclutamiento-de-menores-de-edad\/"},"wordCount":1528,"publisher":{"@id":"https:\/\/fuentesfidedignas.com.mx\/#organization"},"image":{"@id":"https:\/\/fuentesfidedignas.com.mx\/index.php\/2026\/03\/10\/proponen-tipificar-como-delito-reclutamiento-de-menores-de-edad\/#primaryimage"},"thumbnailUrl":"https:\/\/fuentesfidedignas.com.mx\/wp-content\/uploads\/2026\/03\/1f0f4a52-371c-418c-ad8e-9efc3f3e5af6.jpg","articleSection":["NOTA PRINCIPAL"],"inLanguage":"es"},{"@type":"WebPage","@id":"https:\/\/fuentesfidedignas.com.mx\/index.php\/2026\/03\/10\/proponen-tipificar-como-delito-reclutamiento-de-menores-de-edad\/","url":"https:\/\/fuentesfidedignas.com.mx\/index.php\/2026\/03\/10\/proponen-tipificar-como-delito-reclutamiento-de-menores-de-edad\/","name":"Proponen tipificar como delito \u201creclutamiento de menores de edad\u201d - Fuentes Fidedignas","isPartOf":{"@id":"https:\/\/fuentesfidedignas.com.mx\/#website"},"primaryImageOfPage":{"@id":"https:\/\/fuentesfidedignas.com.mx\/index.php\/2026\/03\/10\/proponen-tipificar-como-delito-reclutamiento-de-menores-de-edad\/#primaryimage"},"image":{"@id":"https:\/\/fuentesfidedignas.com.mx\/index.php\/2026\/03\/10\/proponen-tipificar-como-delito-reclutamiento-de-menores-de-edad\/#primaryimage"},"thumbnailUrl":"https:\/\/fuentesfidedignas.com.mx\/wp-content\/uploads\/2026\/03\/1f0f4a52-371c-418c-ad8e-9efc3f3e5af6.jpg","datePublished":"2026-03-10T23:20:20+00:00","dateModified":"2026-03-11T00:52:39+00:00","breadcrumb":{"@id":"https:\/\/fuentesfidedignas.com.mx\/index.php\/2026\/03\/10\/proponen-tipificar-como-delito-reclutamiento-de-menores-de-edad\/#breadcrumb"},"inLanguage":"es","potentialAction":[{"@type":"ReadAction","target":["https:\/\/fuentesfidedignas.com.mx\/index.php\/2026\/03\/10\/proponen-tipificar-como-delito-reclutamiento-de-menores-de-edad\/"]}]},{"@type":"ImageObject","inLanguage":"es","@id":"https:\/\/fuentesfidedignas.com.mx\/index.php\/2026\/03\/10\/proponen-tipificar-como-delito-reclutamiento-de-menores-de-edad\/#primaryimage","url":"https:\/\/fuentesfidedignas.com.mx\/wp-content\/uploads\/2026\/03\/1f0f4a52-371c-418c-ad8e-9efc3f3e5af6.jpg","contentUrl":"https:\/\/fuentesfidedignas.com.mx\/wp-content\/uploads\/2026\/03\/1f0f4a52-371c-418c-ad8e-9efc3f3e5af6.jpg","width":1600,"height":982},{"@type":"BreadcrumbList","@id":"https:\/\/fuentesfidedignas.com.mx\/index.php\/2026\/03\/10\/proponen-tipificar-como-delito-reclutamiento-de-menores-de-edad\/#breadcrumb","itemListElement":[{"@type":"ListItem","position":1,"name":"Inicio","item":"https:\/\/fuentesfidedignas.com.mx\/"},{"@type":"ListItem","position":2,"name":"Proponen tipificar como delito \u201creclutamiento de menores de edad\u201d"}]},{"@type":"WebSite","@id":"https:\/\/fuentesfidedignas.com.mx\/#website","url":"https:\/\/fuentesfidedignas.com.mx\/","name":"Fuentes Fidedignas","description":"Otro sitio realizado con WordPress","publisher":{"@id":"https:\/\/fuentesfidedignas.com.mx\/#organization"},"potentialAction":[{"@type":"SearchAction","target":{"@type":"EntryPoint","urlTemplate":"https:\/\/fuentesfidedignas.com.mx\/?s={search_term_string}"},"query-input":{"@type":"PropertyValueSpecification","valueRequired":true,"valueName":"search_term_string"}}],"inLanguage":"es"},{"@type":"Organization","@id":"https:\/\/fuentesfidedignas.com.mx\/#organization","name":"Fuentes Fidedignas","url":"https:\/\/fuentesfidedignas.com.mx\/","logo":{"@type":"ImageObject","inLanguage":"es","@id":"https:\/\/fuentesfidedignas.com.mx\/#\/schema\/logo\/image\/","url":"https:\/\/fuentesfidedignas.com.mx\/wp-content\/uploads\/2021\/04\/logo-retina.png","contentUrl":"https:\/\/fuentesfidedignas.com.mx\/wp-content\/uploads\/2021\/04\/logo-retina.png","width":280,"height":51,"caption":"Fuentes Fidedignas"},"image":{"@id":"https:\/\/fuentesfidedignas.com.mx\/#\/schema\/logo\/image\/"},"sameAs":["https:\/\/www.facebook.com\/Fuentes-Fidedignas-368234489921644","https:\/\/x.com\/fidedignas"]},{"@type":"Person","@id":"https:\/\/fuentesfidedignas.com.mx\/#\/schema\/person\/331be9283d37198e2acd5750279085b0","name":"Redacci\u00f3n","image":{"@type":"ImageObject","inLanguage":"es","@id":"https:\/\/secure.gravatar.com\/avatar\/f6d8782c11d12b2d4ad3fbb6931aeab5309937a4d6cd2fc9cfaa28a6396a5aec?s=96&d=mm&r=g","url":"https:\/\/secure.gravatar.com\/avatar\/f6d8782c11d12b2d4ad3fbb6931aeab5309937a4d6cd2fc9cfaa28a6396a5aec?s=96&d=mm&r=g","contentUrl":"https:\/\/secure.gravatar.com\/avatar\/f6d8782c11d12b2d4ad3fbb6931aeab5309937a4d6cd2fc9cfaa28a6396a5aec?s=96&d=mm&r=g","caption":"Redacci\u00f3n"},"url":"https:\/\/fuentesfidedignas.com.mx\/index.php\/author\/redaccion\/"}]}},"_links":{"self":[{"href":"https:\/\/fuentesfidedignas.com.mx\/index.php\/wp-json\/wp\/v2\/posts\/129013","targetHints":{"allow":["GET"]}}],"collection":[{"href":"https:\/\/fuentesfidedignas.com.mx\/index.php\/wp-json\/wp\/v2\/posts"}],"about":[{"href":"https:\/\/fuentesfidedignas.com.mx\/index.php\/wp-json\/wp\/v2\/types\/post"}],"author":[{"embeddable":true,"href":"https:\/\/fuentesfidedignas.com.mx\/index.php\/wp-json\/wp\/v2\/users\/4"}],"replies":[{"embeddable":true,"href":"https:\/\/fuentesfidedignas.com.mx\/index.php\/wp-json\/wp\/v2\/comments?post=129013"}],"version-history":[{"count":3,"href":"https:\/\/fuentesfidedignas.com.mx\/index.php\/wp-json\/wp\/v2\/posts\/129013\/revisions"}],"predecessor-version":[{"id":129016,"href":"https:\/\/fuentesfidedignas.com.mx\/index.php\/wp-json\/wp\/v2\/posts\/129013\/revisions\/129016"}],"wp:featuredmedia":[{"embeddable":true,"href":"https:\/\/fuentesfidedignas.com.mx\/index.php\/wp-json\/wp\/v2\/media\/129012"}],"wp:attachment":[{"href":"https:\/\/fuentesfidedignas.com.mx\/index.php\/wp-json\/wp\/v2\/media?parent=129013"}],"wp:term":[{"taxonomy":"category","embeddable":true,"href":"https:\/\/fuentesfidedignas.com.mx\/index.php\/wp-json\/wp\/v2\/categories?post=129013"},{"taxonomy":"post_tag","embeddable":true,"href":"https:\/\/fuentesfidedignas.com.mx\/index.php\/wp-json\/wp\/v2\/tags?post=129013"}],"curies":[{"name":"wp","href":"https:\/\/api.w.org\/{rel}","templated":true}]}}