{"id":129010,"date":"2026-03-10T16:00:02","date_gmt":"2026-03-10T23:00:02","guid":{"rendered":"https:\/\/fuentesfidedignas.com.mx\/?p=129010"},"modified":"2026-03-10T16:00:02","modified_gmt":"2026-03-10T23:00:02","slug":"pas-presenta-iniciativa-para-dignificar-los-servicios-de-salud-a-las-comunidades-indigenas","status":"publish","type":"post","link":"https:\/\/fuentesfidedignas.com.mx\/index.php\/2026\/03\/10\/pas-presenta-iniciativa-para-dignificar-los-servicios-de-salud-a-las-comunidades-indigenas\/","title":{"rendered":"PAS presenta iniciativa para dignificar los servicios de salud a las comunidades ind\u00edgenas"},"content":{"rendered":"\n<p>Una de las principales luchas que el Partido Sinaloense ha sostenido durante los \u00faltimos 13 a\u00f1os es la lucha constante que enarbol\u00f3 el maestro H\u00e9ctor Melesio Cu\u00e9n Ojeda; la reivindicaci\u00f3n de los derechos humanos de los pueblos y comunidades ind\u00edgenas, de manera espec\u00edfica el derecho a los servicios de salud dignos y de calidad.<\/p>\n\n\n\n<p>En ese sentido, el pasado 10 de febrero del presente a\u00f1o, la Fracci\u00f3n Parlamentaria del PAS conformada por la diputada Ang\u00e9lica D\u00edaz Qui\u00f1onez y un servidor, presentamos una iniciativa que propone la adici\u00f3n del art\u00edculo 131 Bis a la Ley de Salud del Estado de Sinaloa, para garantizar que exista la asistencia de al menos un traductor de sus lenguas maternas en las cl\u00ednicas de nuestro estado, afirm\u00f3 el diputado V\u00edctor Antonio Corrales Burgue\u00f1o.<\/p>\n\n\n\n<p>Este personal deber\u00e1 contar con conocimiento de su lengua y cultura, particularmente en las \u00e1reas de atenci\u00f3n m\u00e9dica y trabajo social, conforme a la poblaci\u00f3n ind\u00edgena que se atienda, a fin de que quienes no hablen suficientemente el espa\u00f1ol puedan recibir la atenci\u00f3n que requieren de manera digna y eficaz. Cabe recordar que el pasado 21 de febrero de 2026 se conmemor\u00f3 el D\u00eda Internacional de la Lengua Materna.<\/p>\n\n\n\n<p>En el caso de nuestro Estado, las comunidades ind\u00edgenas tienen presencia en los municipios de San Ignacio, Escuinapa, El Fuerte, Guasave, Choix, Ahome, Sinaloa de Leyva, Angostura, Navolato, Cosal\u00e1 y Juan Jos\u00e9 R\u00edos, lo que obliga a las instituciones p\u00fablicas a generar condiciones que garanticen una atenci\u00f3n adecuada y culturalmente pertinente. La importancia de contar con int\u00e9rpretes y traductores no se limita \u00fanicamente a un acto de cortes\u00eda cultural. <\/p>\n\n\n\n<p>Se trata de una obligaci\u00f3n jur\u00eddica y, sobre todo, de una cuesti\u00f3n de dignidad humana, se\u00f1al\u00f3 el diputado V\u00edctor Antonio Corrales Burgue\u00f1o.<\/p>\n\n\n\n<p>Esta iniciativa es de suma importancia porque sabemos que cuando las decisiones institucionales se toman sin una comprensi\u00f3n plena, cuando los diagn\u00f3sticos m\u00e9dicos se dictan sin una comunicaci\u00f3n clara o cuando los tr\u00e1mites administrativos se obstaculizan por barreras ling\u00fc\u00edsticas, se configura una forma de violencia institucional y exclusi\u00f3n estructural.<\/p>\n\n\n\n<p>La implementaci\u00f3n de pol\u00edticas p\u00fablicas orientadas a garantizar el derecho de las comunidades ind\u00edgenas a contar con int\u00e9rpretes exige voluntad pol\u00edtica y recursos. Sin embargo, su costo es infinitamente menor que el de la injusticia y la desconfianza social. Garantizar int\u00e9rpretes no s\u00f3lo implica cumplir con la ley, sino tambi\u00e9n fortalecer el estado de derecho y legitimar las instituciones. <\/p>\n\n\n\n<p>Sumemos esfuerzos para garantizar plenamente el ejercicio de los derechos de los pueblos y comunidades ind\u00edgenas.<\/p>\n","protected":false},"excerpt":{"rendered":"<p>Una de las principales luchas que el Partido Sinaloense ha sostenido durante los \u00faltimos 13 a\u00f1os es la lucha constante que enarbol\u00f3 el maestro H\u00e9ctor Melesio Cu\u00e9n Ojeda; la reivindicaci\u00f3n de los derechos humanos de los pueblos y comunidades ind\u00edgenas, de manera espec\u00edfica el derecho a los servicios de salud dignos y de calidad. En [&hellip;]<\/p>\n","protected":false},"author":4,"featured_media":129009,"comment_status":"closed","ping_status":"open","sticky":false,"template":"","format":"standard","meta":{"tdm_status":"","tdm_grid_status":"","footnotes":""},"categories":[38],"tags":[],"class_list":{"0":"post-129010","1":"post","2":"type-post","3":"status-publish","4":"format-standard","5":"has-post-thumbnail","7":"category-noticias-locales"},"yoast_head":"<!-- This site is optimized with the Yoast SEO plugin v27.5 - https:\/\/yoast.com\/product\/yoast-seo-wordpress\/ -->\n<title>PAS presenta iniciativa para dignificar los servicios de salud a las comunidades ind\u00edgenas - Fuentes Fidedignas<\/title>\n<meta name=\"robots\" content=\"index, follow, max-snippet:-1, max-image-preview:large, max-video-preview:-1\" \/>\n<link rel=\"canonical\" href=\"https:\/\/fuentesfidedignas.com.mx\/index.php\/2026\/03\/10\/pas-presenta-iniciativa-para-dignificar-los-servicios-de-salud-a-las-comunidades-indigenas\/\" \/>\n<meta property=\"og:locale\" content=\"es_MX\" \/>\n<meta property=\"og:type\" content=\"article\" \/>\n<meta property=\"og:title\" content=\"PAS presenta iniciativa para dignificar los servicios de salud a las comunidades ind\u00edgenas - Fuentes Fidedignas\" \/>\n<meta property=\"og:description\" content=\"Una de las principales luchas que el Partido Sinaloense ha sostenido durante los \u00faltimos 13 a\u00f1os es la lucha constante que enarbol\u00f3 el maestro H\u00e9ctor Melesio Cu\u00e9n Ojeda; la reivindicaci\u00f3n de los derechos humanos de los pueblos y comunidades ind\u00edgenas, de manera espec\u00edfica el derecho a los servicios de salud dignos y de calidad. En [&hellip;]\" \/>\n<meta property=\"og:url\" content=\"https:\/\/fuentesfidedignas.com.mx\/index.php\/2026\/03\/10\/pas-presenta-iniciativa-para-dignificar-los-servicios-de-salud-a-las-comunidades-indigenas\/\" \/>\n<meta property=\"og:site_name\" content=\"Fuentes Fidedignas\" \/>\n<meta property=\"article:publisher\" content=\"https:\/\/www.facebook.com\/Fuentes-Fidedignas-368234489921644\" \/>\n<meta property=\"article:published_time\" content=\"2026-03-10T23:00:02+00:00\" \/>\n<meta property=\"og:image\" content=\"https:\/\/fuentesfidedignas.com.mx\/wp-content\/uploads\/2026\/03\/042474dd-9247-43b9-9f41-5033555cffd6.jpg\" \/>\n\t<meta property=\"og:image:width\" content=\"1600\" \/>\n\t<meta property=\"og:image:height\" content=\"1070\" \/>\n\t<meta property=\"og:image:type\" content=\"image\/jpeg\" \/>\n<meta name=\"author\" content=\"Redacci\u00f3n\" \/>\n<meta name=\"twitter:card\" content=\"summary_large_image\" \/>\n<meta name=\"twitter:creator\" content=\"@fidedignas\" \/>\n<meta name=\"twitter:site\" content=\"@fidedignas\" \/>\n<meta name=\"twitter:label1\" content=\"Escrito por\" \/>\n\t<meta name=\"twitter:data1\" content=\"Redacci\u00f3n\" \/>\n\t<meta name=\"twitter:label2\" content=\"Tiempo de lectura\" \/>\n\t<meta name=\"twitter:data2\" content=\"2 minutos\" \/>\n<script type=\"application\/ld+json\" class=\"yoast-schema-graph\">{\"@context\":\"https:\\\/\\\/schema.org\",\"@graph\":[{\"@type\":\"Article\",\"@id\":\"https:\\\/\\\/fuentesfidedignas.com.mx\\\/index.php\\\/2026\\\/03\\\/10\\\/pas-presenta-iniciativa-para-dignificar-los-servicios-de-salud-a-las-comunidades-indigenas\\\/#article\",\"isPartOf\":{\"@id\":\"https:\\\/\\\/fuentesfidedignas.com.mx\\\/index.php\\\/2026\\\/03\\\/10\\\/pas-presenta-iniciativa-para-dignificar-los-servicios-de-salud-a-las-comunidades-indigenas\\\/\"},\"author\":{\"name\":\"Redacci\u00f3n\",\"@id\":\"https:\\\/\\\/fuentesfidedignas.com.mx\\\/#\\\/schema\\\/person\\\/331be9283d37198e2acd5750279085b0\"},\"headline\":\"PAS presenta iniciativa para dignificar los servicios de salud a las comunidades ind\u00edgenas\",\"datePublished\":\"2026-03-10T23:00:02+00:00\",\"mainEntityOfPage\":{\"@id\":\"https:\\\/\\\/fuentesfidedignas.com.mx\\\/index.php\\\/2026\\\/03\\\/10\\\/pas-presenta-iniciativa-para-dignificar-los-servicios-de-salud-a-las-comunidades-indigenas\\\/\"},\"wordCount\":473,\"publisher\":{\"@id\":\"https:\\\/\\\/fuentesfidedignas.com.mx\\\/#organization\"},\"image\":{\"@id\":\"https:\\\/\\\/fuentesfidedignas.com.mx\\\/index.php\\\/2026\\\/03\\\/10\\\/pas-presenta-iniciativa-para-dignificar-los-servicios-de-salud-a-las-comunidades-indigenas\\\/#primaryimage\"},\"thumbnailUrl\":\"https:\\\/\\\/fuentesfidedignas.com.mx\\\/wp-content\\\/uploads\\\/2026\\\/03\\\/042474dd-9247-43b9-9f41-5033555cffd6.jpg\",\"articleSection\":[\"NOTICIAS LOCALES\"],\"inLanguage\":\"es\"},{\"@type\":\"WebPage\",\"@id\":\"https:\\\/\\\/fuentesfidedignas.com.mx\\\/index.php\\\/2026\\\/03\\\/10\\\/pas-presenta-iniciativa-para-dignificar-los-servicios-de-salud-a-las-comunidades-indigenas\\\/\",\"url\":\"https:\\\/\\\/fuentesfidedignas.com.mx\\\/index.php\\\/2026\\\/03\\\/10\\\/pas-presenta-iniciativa-para-dignificar-los-servicios-de-salud-a-las-comunidades-indigenas\\\/\",\"name\":\"PAS presenta iniciativa para dignificar los servicios de salud a las comunidades ind\u00edgenas - Fuentes Fidedignas\",\"isPartOf\":{\"@id\":\"https:\\\/\\\/fuentesfidedignas.com.mx\\\/#website\"},\"primaryImageOfPage\":{\"@id\":\"https:\\\/\\\/fuentesfidedignas.com.mx\\\/index.php\\\/2026\\\/03\\\/10\\\/pas-presenta-iniciativa-para-dignificar-los-servicios-de-salud-a-las-comunidades-indigenas\\\/#primaryimage\"},\"image\":{\"@id\":\"https:\\\/\\\/fuentesfidedignas.com.mx\\\/index.php\\\/2026\\\/03\\\/10\\\/pas-presenta-iniciativa-para-dignificar-los-servicios-de-salud-a-las-comunidades-indigenas\\\/#primaryimage\"},\"thumbnailUrl\":\"https:\\\/\\\/fuentesfidedignas.com.mx\\\/wp-content\\\/uploads\\\/2026\\\/03\\\/042474dd-9247-43b9-9f41-5033555cffd6.jpg\",\"datePublished\":\"2026-03-10T23:00:02+00:00\",\"breadcrumb\":{\"@id\":\"https:\\\/\\\/fuentesfidedignas.com.mx\\\/index.php\\\/2026\\\/03\\\/10\\\/pas-presenta-iniciativa-para-dignificar-los-servicios-de-salud-a-las-comunidades-indigenas\\\/#breadcrumb\"},\"inLanguage\":\"es\",\"potentialAction\":[{\"@type\":\"ReadAction\",\"target\":[\"https:\\\/\\\/fuentesfidedignas.com.mx\\\/index.php\\\/2026\\\/03\\\/10\\\/pas-presenta-iniciativa-para-dignificar-los-servicios-de-salud-a-las-comunidades-indigenas\\\/\"]}]},{\"@type\":\"ImageObject\",\"inLanguage\":\"es\",\"@id\":\"https:\\\/\\\/fuentesfidedignas.com.mx\\\/index.php\\\/2026\\\/03\\\/10\\\/pas-presenta-iniciativa-para-dignificar-los-servicios-de-salud-a-las-comunidades-indigenas\\\/#primaryimage\",\"url\":\"https:\\\/\\\/fuentesfidedignas.com.mx\\\/wp-content\\\/uploads\\\/2026\\\/03\\\/042474dd-9247-43b9-9f41-5033555cffd6.jpg\",\"contentUrl\":\"https:\\\/\\\/fuentesfidedignas.com.mx\\\/wp-content\\\/uploads\\\/2026\\\/03\\\/042474dd-9247-43b9-9f41-5033555cffd6.jpg\",\"width\":1600,\"height\":1070},{\"@type\":\"BreadcrumbList\",\"@id\":\"https:\\\/\\\/fuentesfidedignas.com.mx\\\/index.php\\\/2026\\\/03\\\/10\\\/pas-presenta-iniciativa-para-dignificar-los-servicios-de-salud-a-las-comunidades-indigenas\\\/#breadcrumb\",\"itemListElement\":[{\"@type\":\"ListItem\",\"position\":1,\"name\":\"Inicio\",\"item\":\"https:\\\/\\\/fuentesfidedignas.com.mx\\\/\"},{\"@type\":\"ListItem\",\"position\":2,\"name\":\"PAS presenta iniciativa para dignificar los servicios de salud a las comunidades ind\u00edgenas\"}]},{\"@type\":\"WebSite\",\"@id\":\"https:\\\/\\\/fuentesfidedignas.com.mx\\\/#website\",\"url\":\"https:\\\/\\\/fuentesfidedignas.com.mx\\\/\",\"name\":\"Fuentes Fidedignas\",\"description\":\"Otro sitio realizado con WordPress\",\"publisher\":{\"@id\":\"https:\\\/\\\/fuentesfidedignas.com.mx\\\/#organization\"},\"potentialAction\":[{\"@type\":\"SearchAction\",\"target\":{\"@type\":\"EntryPoint\",\"urlTemplate\":\"https:\\\/\\\/fuentesfidedignas.com.mx\\\/?s={search_term_string}\"},\"query-input\":{\"@type\":\"PropertyValueSpecification\",\"valueRequired\":true,\"valueName\":\"search_term_string\"}}],\"inLanguage\":\"es\"},{\"@type\":\"Organization\",\"@id\":\"https:\\\/\\\/fuentesfidedignas.com.mx\\\/#organization\",\"name\":\"Fuentes Fidedignas\",\"url\":\"https:\\\/\\\/fuentesfidedignas.com.mx\\\/\",\"logo\":{\"@type\":\"ImageObject\",\"inLanguage\":\"es\",\"@id\":\"https:\\\/\\\/fuentesfidedignas.com.mx\\\/#\\\/schema\\\/logo\\\/image\\\/\",\"url\":\"https:\\\/\\\/fuentesfidedignas.com.mx\\\/wp-content\\\/uploads\\\/2021\\\/04\\\/logo-retina.png\",\"contentUrl\":\"https:\\\/\\\/fuentesfidedignas.com.mx\\\/wp-content\\\/uploads\\\/2021\\\/04\\\/logo-retina.png\",\"width\":280,\"height\":51,\"caption\":\"Fuentes Fidedignas\"},\"image\":{\"@id\":\"https:\\\/\\\/fuentesfidedignas.com.mx\\\/#\\\/schema\\\/logo\\\/image\\\/\"},\"sameAs\":[\"https:\\\/\\\/www.facebook.com\\\/Fuentes-Fidedignas-368234489921644\",\"https:\\\/\\\/x.com\\\/fidedignas\"]},{\"@type\":\"Person\",\"@id\":\"https:\\\/\\\/fuentesfidedignas.com.mx\\\/#\\\/schema\\\/person\\\/331be9283d37198e2acd5750279085b0\",\"name\":\"Redacci\u00f3n\",\"image\":{\"@type\":\"ImageObject\",\"inLanguage\":\"es\",\"@id\":\"https:\\\/\\\/secure.gravatar.com\\\/avatar\\\/f6d8782c11d12b2d4ad3fbb6931aeab5309937a4d6cd2fc9cfaa28a6396a5aec?s=96&d=mm&r=g\",\"url\":\"https:\\\/\\\/secure.gravatar.com\\\/avatar\\\/f6d8782c11d12b2d4ad3fbb6931aeab5309937a4d6cd2fc9cfaa28a6396a5aec?s=96&d=mm&r=g\",\"contentUrl\":\"https:\\\/\\\/secure.gravatar.com\\\/avatar\\\/f6d8782c11d12b2d4ad3fbb6931aeab5309937a4d6cd2fc9cfaa28a6396a5aec?s=96&d=mm&r=g\",\"caption\":\"Redacci\u00f3n\"},\"url\":\"https:\\\/\\\/fuentesfidedignas.com.mx\\\/index.php\\\/author\\\/redaccion\\\/\"}]}<\/script>\n<!-- \/ Yoast SEO plugin. -->","yoast_head_json":{"title":"PAS presenta iniciativa para dignificar los servicios de salud a las comunidades ind\u00edgenas - Fuentes Fidedignas","robots":{"index":"index","follow":"follow","max-snippet":"max-snippet:-1","max-image-preview":"max-image-preview:large","max-video-preview":"max-video-preview:-1"},"canonical":"https:\/\/fuentesfidedignas.com.mx\/index.php\/2026\/03\/10\/pas-presenta-iniciativa-para-dignificar-los-servicios-de-salud-a-las-comunidades-indigenas\/","og_locale":"es_MX","og_type":"article","og_title":"PAS presenta iniciativa para dignificar los servicios de salud a las comunidades ind\u00edgenas - Fuentes Fidedignas","og_description":"Una de las principales luchas que el Partido Sinaloense ha sostenido durante los \u00faltimos 13 a\u00f1os es la lucha constante que enarbol\u00f3 el maestro H\u00e9ctor Melesio Cu\u00e9n Ojeda; la reivindicaci\u00f3n de los derechos humanos de los pueblos y comunidades ind\u00edgenas, de manera espec\u00edfica el derecho a los servicios de salud dignos y de calidad. En [&hellip;]","og_url":"https:\/\/fuentesfidedignas.com.mx\/index.php\/2026\/03\/10\/pas-presenta-iniciativa-para-dignificar-los-servicios-de-salud-a-las-comunidades-indigenas\/","og_site_name":"Fuentes Fidedignas","article_publisher":"https:\/\/www.facebook.com\/Fuentes-Fidedignas-368234489921644","article_published_time":"2026-03-10T23:00:02+00:00","og_image":[{"width":1600,"height":1070,"url":"https:\/\/fuentesfidedignas.com.mx\/wp-content\/uploads\/2026\/03\/042474dd-9247-43b9-9f41-5033555cffd6.jpg","type":"image\/jpeg"}],"author":"Redacci\u00f3n","twitter_card":"summary_large_image","twitter_creator":"@fidedignas","twitter_site":"@fidedignas","twitter_misc":{"Escrito por":"Redacci\u00f3n","Tiempo de lectura":"2 minutos"},"schema":{"@context":"https:\/\/schema.org","@graph":[{"@type":"Article","@id":"https:\/\/fuentesfidedignas.com.mx\/index.php\/2026\/03\/10\/pas-presenta-iniciativa-para-dignificar-los-servicios-de-salud-a-las-comunidades-indigenas\/#article","isPartOf":{"@id":"https:\/\/fuentesfidedignas.com.mx\/index.php\/2026\/03\/10\/pas-presenta-iniciativa-para-dignificar-los-servicios-de-salud-a-las-comunidades-indigenas\/"},"author":{"name":"Redacci\u00f3n","@id":"https:\/\/fuentesfidedignas.com.mx\/#\/schema\/person\/331be9283d37198e2acd5750279085b0"},"headline":"PAS presenta iniciativa para dignificar los servicios de salud a las comunidades ind\u00edgenas","datePublished":"2026-03-10T23:00:02+00:00","mainEntityOfPage":{"@id":"https:\/\/fuentesfidedignas.com.mx\/index.php\/2026\/03\/10\/pas-presenta-iniciativa-para-dignificar-los-servicios-de-salud-a-las-comunidades-indigenas\/"},"wordCount":473,"publisher":{"@id":"https:\/\/fuentesfidedignas.com.mx\/#organization"},"image":{"@id":"https:\/\/fuentesfidedignas.com.mx\/index.php\/2026\/03\/10\/pas-presenta-iniciativa-para-dignificar-los-servicios-de-salud-a-las-comunidades-indigenas\/#primaryimage"},"thumbnailUrl":"https:\/\/fuentesfidedignas.com.mx\/wp-content\/uploads\/2026\/03\/042474dd-9247-43b9-9f41-5033555cffd6.jpg","articleSection":["NOTICIAS LOCALES"],"inLanguage":"es"},{"@type":"WebPage","@id":"https:\/\/fuentesfidedignas.com.mx\/index.php\/2026\/03\/10\/pas-presenta-iniciativa-para-dignificar-los-servicios-de-salud-a-las-comunidades-indigenas\/","url":"https:\/\/fuentesfidedignas.com.mx\/index.php\/2026\/03\/10\/pas-presenta-iniciativa-para-dignificar-los-servicios-de-salud-a-las-comunidades-indigenas\/","name":"PAS presenta iniciativa para dignificar los servicios de salud a las comunidades ind\u00edgenas - Fuentes Fidedignas","isPartOf":{"@id":"https:\/\/fuentesfidedignas.com.mx\/#website"},"primaryImageOfPage":{"@id":"https:\/\/fuentesfidedignas.com.mx\/index.php\/2026\/03\/10\/pas-presenta-iniciativa-para-dignificar-los-servicios-de-salud-a-las-comunidades-indigenas\/#primaryimage"},"image":{"@id":"https:\/\/fuentesfidedignas.com.mx\/index.php\/2026\/03\/10\/pas-presenta-iniciativa-para-dignificar-los-servicios-de-salud-a-las-comunidades-indigenas\/#primaryimage"},"thumbnailUrl":"https:\/\/fuentesfidedignas.com.mx\/wp-content\/uploads\/2026\/03\/042474dd-9247-43b9-9f41-5033555cffd6.jpg","datePublished":"2026-03-10T23:00:02+00:00","breadcrumb":{"@id":"https:\/\/fuentesfidedignas.com.mx\/index.php\/2026\/03\/10\/pas-presenta-iniciativa-para-dignificar-los-servicios-de-salud-a-las-comunidades-indigenas\/#breadcrumb"},"inLanguage":"es","potentialAction":[{"@type":"ReadAction","target":["https:\/\/fuentesfidedignas.com.mx\/index.php\/2026\/03\/10\/pas-presenta-iniciativa-para-dignificar-los-servicios-de-salud-a-las-comunidades-indigenas\/"]}]},{"@type":"ImageObject","inLanguage":"es","@id":"https:\/\/fuentesfidedignas.com.mx\/index.php\/2026\/03\/10\/pas-presenta-iniciativa-para-dignificar-los-servicios-de-salud-a-las-comunidades-indigenas\/#primaryimage","url":"https:\/\/fuentesfidedignas.com.mx\/wp-content\/uploads\/2026\/03\/042474dd-9247-43b9-9f41-5033555cffd6.jpg","contentUrl":"https:\/\/fuentesfidedignas.com.mx\/wp-content\/uploads\/2026\/03\/042474dd-9247-43b9-9f41-5033555cffd6.jpg","width":1600,"height":1070},{"@type":"BreadcrumbList","@id":"https:\/\/fuentesfidedignas.com.mx\/index.php\/2026\/03\/10\/pas-presenta-iniciativa-para-dignificar-los-servicios-de-salud-a-las-comunidades-indigenas\/#breadcrumb","itemListElement":[{"@type":"ListItem","position":1,"name":"Inicio","item":"https:\/\/fuentesfidedignas.com.mx\/"},{"@type":"ListItem","position":2,"name":"PAS presenta iniciativa para dignificar los servicios de salud a las comunidades ind\u00edgenas"}]},{"@type":"WebSite","@id":"https:\/\/fuentesfidedignas.com.mx\/#website","url":"https:\/\/fuentesfidedignas.com.mx\/","name":"Fuentes Fidedignas","description":"Otro sitio realizado con WordPress","publisher":{"@id":"https:\/\/fuentesfidedignas.com.mx\/#organization"},"potentialAction":[{"@type":"SearchAction","target":{"@type":"EntryPoint","urlTemplate":"https:\/\/fuentesfidedignas.com.mx\/?s={search_term_string}"},"query-input":{"@type":"PropertyValueSpecification","valueRequired":true,"valueName":"search_term_string"}}],"inLanguage":"es"},{"@type":"Organization","@id":"https:\/\/fuentesfidedignas.com.mx\/#organization","name":"Fuentes Fidedignas","url":"https:\/\/fuentesfidedignas.com.mx\/","logo":{"@type":"ImageObject","inLanguage":"es","@id":"https:\/\/fuentesfidedignas.com.mx\/#\/schema\/logo\/image\/","url":"https:\/\/fuentesfidedignas.com.mx\/wp-content\/uploads\/2021\/04\/logo-retina.png","contentUrl":"https:\/\/fuentesfidedignas.com.mx\/wp-content\/uploads\/2021\/04\/logo-retina.png","width":280,"height":51,"caption":"Fuentes Fidedignas"},"image":{"@id":"https:\/\/fuentesfidedignas.com.mx\/#\/schema\/logo\/image\/"},"sameAs":["https:\/\/www.facebook.com\/Fuentes-Fidedignas-368234489921644","https:\/\/x.com\/fidedignas"]},{"@type":"Person","@id":"https:\/\/fuentesfidedignas.com.mx\/#\/schema\/person\/331be9283d37198e2acd5750279085b0","name":"Redacci\u00f3n","image":{"@type":"ImageObject","inLanguage":"es","@id":"https:\/\/secure.gravatar.com\/avatar\/f6d8782c11d12b2d4ad3fbb6931aeab5309937a4d6cd2fc9cfaa28a6396a5aec?s=96&d=mm&r=g","url":"https:\/\/secure.gravatar.com\/avatar\/f6d8782c11d12b2d4ad3fbb6931aeab5309937a4d6cd2fc9cfaa28a6396a5aec?s=96&d=mm&r=g","contentUrl":"https:\/\/secure.gravatar.com\/avatar\/f6d8782c11d12b2d4ad3fbb6931aeab5309937a4d6cd2fc9cfaa28a6396a5aec?s=96&d=mm&r=g","caption":"Redacci\u00f3n"},"url":"https:\/\/fuentesfidedignas.com.mx\/index.php\/author\/redaccion\/"}]}},"_links":{"self":[{"href":"https:\/\/fuentesfidedignas.com.mx\/index.php\/wp-json\/wp\/v2\/posts\/129010","targetHints":{"allow":["GET"]}}],"collection":[{"href":"https:\/\/fuentesfidedignas.com.mx\/index.php\/wp-json\/wp\/v2\/posts"}],"about":[{"href":"https:\/\/fuentesfidedignas.com.mx\/index.php\/wp-json\/wp\/v2\/types\/post"}],"author":[{"embeddable":true,"href":"https:\/\/fuentesfidedignas.com.mx\/index.php\/wp-json\/wp\/v2\/users\/4"}],"replies":[{"embeddable":true,"href":"https:\/\/fuentesfidedignas.com.mx\/index.php\/wp-json\/wp\/v2\/comments?post=129010"}],"version-history":[{"count":1,"href":"https:\/\/fuentesfidedignas.com.mx\/index.php\/wp-json\/wp\/v2\/posts\/129010\/revisions"}],"predecessor-version":[{"id":129011,"href":"https:\/\/fuentesfidedignas.com.mx\/index.php\/wp-json\/wp\/v2\/posts\/129010\/revisions\/129011"}],"wp:featuredmedia":[{"embeddable":true,"href":"https:\/\/fuentesfidedignas.com.mx\/index.php\/wp-json\/wp\/v2\/media\/129009"}],"wp:attachment":[{"href":"https:\/\/fuentesfidedignas.com.mx\/index.php\/wp-json\/wp\/v2\/media?parent=129010"}],"wp:term":[{"taxonomy":"category","embeddable":true,"href":"https:\/\/fuentesfidedignas.com.mx\/index.php\/wp-json\/wp\/v2\/categories?post=129010"},{"taxonomy":"post_tag","embeddable":true,"href":"https:\/\/fuentesfidedignas.com.mx\/index.php\/wp-json\/wp\/v2\/tags?post=129010"}],"curies":[{"name":"wp","href":"https:\/\/api.w.org\/{rel}","templated":true}]}}