{"id":129007,"date":"2026-03-10T15:46:10","date_gmt":"2026-03-10T22:46:10","guid":{"rendered":"https:\/\/fuentesfidedignas.com.mx\/?p=129007"},"modified":"2026-03-10T15:46:10","modified_gmt":"2026-03-10T22:46:10","slug":"inicia-la-construccion-de-tres-canchas-de-futbol-del-programa-mundial-social-2026-en-el-fuerte","status":"publish","type":"post","link":"https:\/\/fuentesfidedignas.com.mx\/index.php\/2026\/03\/10\/inicia-la-construccion-de-tres-canchas-de-futbol-del-programa-mundial-social-2026-en-el-fuerte\/","title":{"rendered":"Inicia la construcci\u00f3n de tres canchas de f\u00fatbol del programa Mundial Social 2026 en El Fuerte"},"content":{"rendered":"\n<p><\/p>\n\n\n\n<p>El alcalde Gildardo Leyva Ortega acudi\u00f3 a constatar el arranque de las obras en la cabecera municipal; inicialmente eran dos canchas, pero gracias a los resultados en la Estrategia de Fortalecimiento de Pueblos M\u00e1gicos se logr\u00f3 gestionar una tercera.<\/p>\n\n\n\n<p>El Fuerte, Sinaloa, a 10 de marzo del 2026.- Como parte de las acciones para fortalecer la infraestructura deportiva y promover espacios de sana convivencia, dio inicio la construcci\u00f3n de tres canchas de f\u00fatbol en la cabecera municipal, obras que forman parte del programa Mundial Social 2026, impulsado por el Gobierno de M\u00e9xico a trav\u00e9s de la Secretar\u00eda de Desarrollo Agrario, Territorial y Urbano, en colaboraci\u00f3n con la Secretar\u00eda de Turismo de M\u00e9xico. Durante el arranque de estos trabajos, el presidente municipal Gildardo Leyva Ortega acudi\u00f3 al lugar para constatar el inicio de la obra.<\/p>\n\n\n\n<p>Este programa contempla la construcci\u00f3n y rehabilitaci\u00f3n de 1,200 canchas de f\u00fatbol en 29 estados y 114 municipios del pa\u00eds, con el objetivo de fortalecer la infraestructura deportiva en zonas urbanas y rurales y dejar un legado social rumbo a la Copa Mundial de 2026.<\/p>\n\n\n\n<p>Para el Pueblo M\u00e1gico de El Fuerte, inicialmente se contemplaban dos canchas, sin embargo, gracias al esfuerzo realizado para cumplir con los lineamientos de la Estrategia de Fortalecimiento de Pueblos M\u00e1gicos, en la que el municipio obtuvo el segundo lugar a nivel estatal, se logr\u00f3 gestionar una tercera cancha para beneficio de la comunidad.<\/p>\n\n\n\n<p>Las nuevas instalaciones deportivas se construir\u00e1n en el campo de la CNA y en la Unidad Deportiva \u00c1lvaro Garc\u00eda, consta de tres canchas de futbol 5 con medidas que ocupan un \u00e1rea rectangular con una longitud de 30 m y un ancho de 20 metros, cerca perimetral, pasto sint\u00e9tico u drenaje pluvial. Estos espacios que permitir\u00e1n fomentar la pr\u00e1ctica del deporte y ofrecer mejores \u00e1reas de recreaci\u00f3n para ni\u00f1as, ni\u00f1os y j\u00f3venes del municipio.<\/p>\n\n\n\n<p>Durante su visita, el alcalde Gildardo Leyva Ortega destac\u00f3 la importancia de seguir impulsando proyectos que fortalezcan el bienestar social y promuevan estilos de vida saludables, reiterando el compromiso de su administraci\u00f3n de continuar gestionando obras que contribuyan al desarrollo y progreso del municipio.<\/p>\n","protected":false},"excerpt":{"rendered":"<p>El alcalde Gildardo Leyva Ortega acudi\u00f3 a constatar el arranque de las obras en la cabecera municipal; inicialmente eran dos canchas, pero gracias a los resultados en la Estrategia de Fortalecimiento de Pueblos M\u00e1gicos se logr\u00f3 gestionar una tercera. El Fuerte, Sinaloa, a 10 de marzo del 2026.- Como parte de las acciones para fortalecer [&hellip;]<\/p>\n","protected":false},"author":4,"featured_media":129006,"comment_status":"closed","ping_status":"open","sticky":false,"template":"","format":"standard","meta":{"tdm_status":"","tdm_grid_status":"","footnotes":""},"categories":[38],"tags":[],"class_list":{"0":"post-129007","1":"post","2":"type-post","3":"status-publish","4":"format-standard","5":"has-post-thumbnail","7":"category-noticias-locales"},"yoast_head":"<!-- This site is optimized with the Yoast SEO plugin v27.5 - https:\/\/yoast.com\/product\/yoast-seo-wordpress\/ -->\n<title>Inicia la construcci\u00f3n de tres canchas de f\u00fatbol del programa Mundial Social 2026 en El Fuerte - Fuentes Fidedignas<\/title>\n<meta name=\"robots\" content=\"index, follow, max-snippet:-1, max-image-preview:large, max-video-preview:-1\" \/>\n<link rel=\"canonical\" href=\"https:\/\/fuentesfidedignas.com.mx\/index.php\/2026\/03\/10\/inicia-la-construccion-de-tres-canchas-de-futbol-del-programa-mundial-social-2026-en-el-fuerte\/\" \/>\n<meta property=\"og:locale\" content=\"es_MX\" \/>\n<meta property=\"og:type\" content=\"article\" \/>\n<meta property=\"og:title\" content=\"Inicia la construcci\u00f3n de tres canchas de f\u00fatbol del programa Mundial Social 2026 en El Fuerte - Fuentes Fidedignas\" \/>\n<meta property=\"og:description\" content=\"El alcalde Gildardo Leyva Ortega acudi\u00f3 a constatar el arranque de las obras en la cabecera municipal; inicialmente eran dos canchas, pero gracias a los resultados en la Estrategia de Fortalecimiento de Pueblos M\u00e1gicos se logr\u00f3 gestionar una tercera. El Fuerte, Sinaloa, a 10 de marzo del 2026.- Como parte de las acciones para fortalecer [&hellip;]\" \/>\n<meta property=\"og:url\" content=\"https:\/\/fuentesfidedignas.com.mx\/index.php\/2026\/03\/10\/inicia-la-construccion-de-tres-canchas-de-futbol-del-programa-mundial-social-2026-en-el-fuerte\/\" \/>\n<meta property=\"og:site_name\" content=\"Fuentes Fidedignas\" \/>\n<meta property=\"article:publisher\" content=\"https:\/\/www.facebook.com\/Fuentes-Fidedignas-368234489921644\" \/>\n<meta property=\"article:published_time\" content=\"2026-03-10T22:46:10+00:00\" \/>\n<meta property=\"og:image\" content=\"https:\/\/fuentesfidedignas.com.mx\/wp-content\/uploads\/2026\/03\/a9ff9a90-7dac-43bb-b370-b71c33697688.jpg\" \/>\n\t<meta property=\"og:image:width\" content=\"1920\" \/>\n\t<meta property=\"og:image:height\" content=\"1281\" \/>\n\t<meta property=\"og:image:type\" content=\"image\/jpeg\" \/>\n<meta name=\"author\" content=\"Redacci\u00f3n\" \/>\n<meta name=\"twitter:card\" content=\"summary_large_image\" \/>\n<meta name=\"twitter:creator\" content=\"@fidedignas\" \/>\n<meta name=\"twitter:site\" content=\"@fidedignas\" \/>\n<meta name=\"twitter:label1\" content=\"Escrito por\" \/>\n\t<meta name=\"twitter:data1\" content=\"Redacci\u00f3n\" \/>\n\t<meta name=\"twitter:label2\" content=\"Tiempo de lectura\" \/>\n\t<meta name=\"twitter:data2\" content=\"2 minutos\" \/>\n<script type=\"application\/ld+json\" class=\"yoast-schema-graph\">{\"@context\":\"https:\\\/\\\/schema.org\",\"@graph\":[{\"@type\":\"Article\",\"@id\":\"https:\\\/\\\/fuentesfidedignas.com.mx\\\/index.php\\\/2026\\\/03\\\/10\\\/inicia-la-construccion-de-tres-canchas-de-futbol-del-programa-mundial-social-2026-en-el-fuerte\\\/#article\",\"isPartOf\":{\"@id\":\"https:\\\/\\\/fuentesfidedignas.com.mx\\\/index.php\\\/2026\\\/03\\\/10\\\/inicia-la-construccion-de-tres-canchas-de-futbol-del-programa-mundial-social-2026-en-el-fuerte\\\/\"},\"author\":{\"name\":\"Redacci\u00f3n\",\"@id\":\"https:\\\/\\\/fuentesfidedignas.com.mx\\\/#\\\/schema\\\/person\\\/331be9283d37198e2acd5750279085b0\"},\"headline\":\"Inicia la construcci\u00f3n de tres canchas de f\u00fatbol del programa Mundial Social 2026 en El Fuerte\",\"datePublished\":\"2026-03-10T22:46:10+00:00\",\"mainEntityOfPage\":{\"@id\":\"https:\\\/\\\/fuentesfidedignas.com.mx\\\/index.php\\\/2026\\\/03\\\/10\\\/inicia-la-construccion-de-tres-canchas-de-futbol-del-programa-mundial-social-2026-en-el-fuerte\\\/\"},\"wordCount\":384,\"publisher\":{\"@id\":\"https:\\\/\\\/fuentesfidedignas.com.mx\\\/#organization\"},\"image\":{\"@id\":\"https:\\\/\\\/fuentesfidedignas.com.mx\\\/index.php\\\/2026\\\/03\\\/10\\\/inicia-la-construccion-de-tres-canchas-de-futbol-del-programa-mundial-social-2026-en-el-fuerte\\\/#primaryimage\"},\"thumbnailUrl\":\"https:\\\/\\\/fuentesfidedignas.com.mx\\\/wp-content\\\/uploads\\\/2026\\\/03\\\/a9ff9a90-7dac-43bb-b370-b71c33697688.jpg\",\"articleSection\":[\"NOTICIAS LOCALES\"],\"inLanguage\":\"es\"},{\"@type\":\"WebPage\",\"@id\":\"https:\\\/\\\/fuentesfidedignas.com.mx\\\/index.php\\\/2026\\\/03\\\/10\\\/inicia-la-construccion-de-tres-canchas-de-futbol-del-programa-mundial-social-2026-en-el-fuerte\\\/\",\"url\":\"https:\\\/\\\/fuentesfidedignas.com.mx\\\/index.php\\\/2026\\\/03\\\/10\\\/inicia-la-construccion-de-tres-canchas-de-futbol-del-programa-mundial-social-2026-en-el-fuerte\\\/\",\"name\":\"Inicia la construcci\u00f3n de tres canchas de f\u00fatbol del programa Mundial Social 2026 en El Fuerte - Fuentes Fidedignas\",\"isPartOf\":{\"@id\":\"https:\\\/\\\/fuentesfidedignas.com.mx\\\/#website\"},\"primaryImageOfPage\":{\"@id\":\"https:\\\/\\\/fuentesfidedignas.com.mx\\\/index.php\\\/2026\\\/03\\\/10\\\/inicia-la-construccion-de-tres-canchas-de-futbol-del-programa-mundial-social-2026-en-el-fuerte\\\/#primaryimage\"},\"image\":{\"@id\":\"https:\\\/\\\/fuentesfidedignas.com.mx\\\/index.php\\\/2026\\\/03\\\/10\\\/inicia-la-construccion-de-tres-canchas-de-futbol-del-programa-mundial-social-2026-en-el-fuerte\\\/#primaryimage\"},\"thumbnailUrl\":\"https:\\\/\\\/fuentesfidedignas.com.mx\\\/wp-content\\\/uploads\\\/2026\\\/03\\\/a9ff9a90-7dac-43bb-b370-b71c33697688.jpg\",\"datePublished\":\"2026-03-10T22:46:10+00:00\",\"breadcrumb\":{\"@id\":\"https:\\\/\\\/fuentesfidedignas.com.mx\\\/index.php\\\/2026\\\/03\\\/10\\\/inicia-la-construccion-de-tres-canchas-de-futbol-del-programa-mundial-social-2026-en-el-fuerte\\\/#breadcrumb\"},\"inLanguage\":\"es\",\"potentialAction\":[{\"@type\":\"ReadAction\",\"target\":[\"https:\\\/\\\/fuentesfidedignas.com.mx\\\/index.php\\\/2026\\\/03\\\/10\\\/inicia-la-construccion-de-tres-canchas-de-futbol-del-programa-mundial-social-2026-en-el-fuerte\\\/\"]}]},{\"@type\":\"ImageObject\",\"inLanguage\":\"es\",\"@id\":\"https:\\\/\\\/fuentesfidedignas.com.mx\\\/index.php\\\/2026\\\/03\\\/10\\\/inicia-la-construccion-de-tres-canchas-de-futbol-del-programa-mundial-social-2026-en-el-fuerte\\\/#primaryimage\",\"url\":\"https:\\\/\\\/fuentesfidedignas.com.mx\\\/wp-content\\\/uploads\\\/2026\\\/03\\\/a9ff9a90-7dac-43bb-b370-b71c33697688.jpg\",\"contentUrl\":\"https:\\\/\\\/fuentesfidedignas.com.mx\\\/wp-content\\\/uploads\\\/2026\\\/03\\\/a9ff9a90-7dac-43bb-b370-b71c33697688.jpg\",\"width\":1920,\"height\":1281},{\"@type\":\"BreadcrumbList\",\"@id\":\"https:\\\/\\\/fuentesfidedignas.com.mx\\\/index.php\\\/2026\\\/03\\\/10\\\/inicia-la-construccion-de-tres-canchas-de-futbol-del-programa-mundial-social-2026-en-el-fuerte\\\/#breadcrumb\",\"itemListElement\":[{\"@type\":\"ListItem\",\"position\":1,\"name\":\"Inicio\",\"item\":\"https:\\\/\\\/fuentesfidedignas.com.mx\\\/\"},{\"@type\":\"ListItem\",\"position\":2,\"name\":\"Inicia la construcci\u00f3n de tres canchas de f\u00fatbol del programa Mundial Social 2026 en El Fuerte\"}]},{\"@type\":\"WebSite\",\"@id\":\"https:\\\/\\\/fuentesfidedignas.com.mx\\\/#website\",\"url\":\"https:\\\/\\\/fuentesfidedignas.com.mx\\\/\",\"name\":\"Fuentes Fidedignas\",\"description\":\"Otro sitio realizado con WordPress\",\"publisher\":{\"@id\":\"https:\\\/\\\/fuentesfidedignas.com.mx\\\/#organization\"},\"potentialAction\":[{\"@type\":\"SearchAction\",\"target\":{\"@type\":\"EntryPoint\",\"urlTemplate\":\"https:\\\/\\\/fuentesfidedignas.com.mx\\\/?s={search_term_string}\"},\"query-input\":{\"@type\":\"PropertyValueSpecification\",\"valueRequired\":true,\"valueName\":\"search_term_string\"}}],\"inLanguage\":\"es\"},{\"@type\":\"Organization\",\"@id\":\"https:\\\/\\\/fuentesfidedignas.com.mx\\\/#organization\",\"name\":\"Fuentes Fidedignas\",\"url\":\"https:\\\/\\\/fuentesfidedignas.com.mx\\\/\",\"logo\":{\"@type\":\"ImageObject\",\"inLanguage\":\"es\",\"@id\":\"https:\\\/\\\/fuentesfidedignas.com.mx\\\/#\\\/schema\\\/logo\\\/image\\\/\",\"url\":\"https:\\\/\\\/fuentesfidedignas.com.mx\\\/wp-content\\\/uploads\\\/2021\\\/04\\\/logo-retina.png\",\"contentUrl\":\"https:\\\/\\\/fuentesfidedignas.com.mx\\\/wp-content\\\/uploads\\\/2021\\\/04\\\/logo-retina.png\",\"width\":280,\"height\":51,\"caption\":\"Fuentes Fidedignas\"},\"image\":{\"@id\":\"https:\\\/\\\/fuentesfidedignas.com.mx\\\/#\\\/schema\\\/logo\\\/image\\\/\"},\"sameAs\":[\"https:\\\/\\\/www.facebook.com\\\/Fuentes-Fidedignas-368234489921644\",\"https:\\\/\\\/x.com\\\/fidedignas\"]},{\"@type\":\"Person\",\"@id\":\"https:\\\/\\\/fuentesfidedignas.com.mx\\\/#\\\/schema\\\/person\\\/331be9283d37198e2acd5750279085b0\",\"name\":\"Redacci\u00f3n\",\"image\":{\"@type\":\"ImageObject\",\"inLanguage\":\"es\",\"@id\":\"https:\\\/\\\/secure.gravatar.com\\\/avatar\\\/f6d8782c11d12b2d4ad3fbb6931aeab5309937a4d6cd2fc9cfaa28a6396a5aec?s=96&d=mm&r=g\",\"url\":\"https:\\\/\\\/secure.gravatar.com\\\/avatar\\\/f6d8782c11d12b2d4ad3fbb6931aeab5309937a4d6cd2fc9cfaa28a6396a5aec?s=96&d=mm&r=g\",\"contentUrl\":\"https:\\\/\\\/secure.gravatar.com\\\/avatar\\\/f6d8782c11d12b2d4ad3fbb6931aeab5309937a4d6cd2fc9cfaa28a6396a5aec?s=96&d=mm&r=g\",\"caption\":\"Redacci\u00f3n\"},\"url\":\"https:\\\/\\\/fuentesfidedignas.com.mx\\\/index.php\\\/author\\\/redaccion\\\/\"}]}<\/script>\n<!-- \/ Yoast SEO plugin. -->","yoast_head_json":{"title":"Inicia la construcci\u00f3n de tres canchas de f\u00fatbol del programa Mundial Social 2026 en El Fuerte - Fuentes Fidedignas","robots":{"index":"index","follow":"follow","max-snippet":"max-snippet:-1","max-image-preview":"max-image-preview:large","max-video-preview":"max-video-preview:-1"},"canonical":"https:\/\/fuentesfidedignas.com.mx\/index.php\/2026\/03\/10\/inicia-la-construccion-de-tres-canchas-de-futbol-del-programa-mundial-social-2026-en-el-fuerte\/","og_locale":"es_MX","og_type":"article","og_title":"Inicia la construcci\u00f3n de tres canchas de f\u00fatbol del programa Mundial Social 2026 en El Fuerte - Fuentes Fidedignas","og_description":"El alcalde Gildardo Leyva Ortega acudi\u00f3 a constatar el arranque de las obras en la cabecera municipal; inicialmente eran dos canchas, pero gracias a los resultados en la Estrategia de Fortalecimiento de Pueblos M\u00e1gicos se logr\u00f3 gestionar una tercera. El Fuerte, Sinaloa, a 10 de marzo del 2026.- Como parte de las acciones para fortalecer [&hellip;]","og_url":"https:\/\/fuentesfidedignas.com.mx\/index.php\/2026\/03\/10\/inicia-la-construccion-de-tres-canchas-de-futbol-del-programa-mundial-social-2026-en-el-fuerte\/","og_site_name":"Fuentes Fidedignas","article_publisher":"https:\/\/www.facebook.com\/Fuentes-Fidedignas-368234489921644","article_published_time":"2026-03-10T22:46:10+00:00","og_image":[{"width":1920,"height":1281,"url":"https:\/\/fuentesfidedignas.com.mx\/wp-content\/uploads\/2026\/03\/a9ff9a90-7dac-43bb-b370-b71c33697688.jpg","type":"image\/jpeg"}],"author":"Redacci\u00f3n","twitter_card":"summary_large_image","twitter_creator":"@fidedignas","twitter_site":"@fidedignas","twitter_misc":{"Escrito por":"Redacci\u00f3n","Tiempo de lectura":"2 minutos"},"schema":{"@context":"https:\/\/schema.org","@graph":[{"@type":"Article","@id":"https:\/\/fuentesfidedignas.com.mx\/index.php\/2026\/03\/10\/inicia-la-construccion-de-tres-canchas-de-futbol-del-programa-mundial-social-2026-en-el-fuerte\/#article","isPartOf":{"@id":"https:\/\/fuentesfidedignas.com.mx\/index.php\/2026\/03\/10\/inicia-la-construccion-de-tres-canchas-de-futbol-del-programa-mundial-social-2026-en-el-fuerte\/"},"author":{"name":"Redacci\u00f3n","@id":"https:\/\/fuentesfidedignas.com.mx\/#\/schema\/person\/331be9283d37198e2acd5750279085b0"},"headline":"Inicia la construcci\u00f3n de tres canchas de f\u00fatbol del programa Mundial Social 2026 en El Fuerte","datePublished":"2026-03-10T22:46:10+00:00","mainEntityOfPage":{"@id":"https:\/\/fuentesfidedignas.com.mx\/index.php\/2026\/03\/10\/inicia-la-construccion-de-tres-canchas-de-futbol-del-programa-mundial-social-2026-en-el-fuerte\/"},"wordCount":384,"publisher":{"@id":"https:\/\/fuentesfidedignas.com.mx\/#organization"},"image":{"@id":"https:\/\/fuentesfidedignas.com.mx\/index.php\/2026\/03\/10\/inicia-la-construccion-de-tres-canchas-de-futbol-del-programa-mundial-social-2026-en-el-fuerte\/#primaryimage"},"thumbnailUrl":"https:\/\/fuentesfidedignas.com.mx\/wp-content\/uploads\/2026\/03\/a9ff9a90-7dac-43bb-b370-b71c33697688.jpg","articleSection":["NOTICIAS LOCALES"],"inLanguage":"es"},{"@type":"WebPage","@id":"https:\/\/fuentesfidedignas.com.mx\/index.php\/2026\/03\/10\/inicia-la-construccion-de-tres-canchas-de-futbol-del-programa-mundial-social-2026-en-el-fuerte\/","url":"https:\/\/fuentesfidedignas.com.mx\/index.php\/2026\/03\/10\/inicia-la-construccion-de-tres-canchas-de-futbol-del-programa-mundial-social-2026-en-el-fuerte\/","name":"Inicia la construcci\u00f3n de tres canchas de f\u00fatbol del programa Mundial Social 2026 en El Fuerte - Fuentes Fidedignas","isPartOf":{"@id":"https:\/\/fuentesfidedignas.com.mx\/#website"},"primaryImageOfPage":{"@id":"https:\/\/fuentesfidedignas.com.mx\/index.php\/2026\/03\/10\/inicia-la-construccion-de-tres-canchas-de-futbol-del-programa-mundial-social-2026-en-el-fuerte\/#primaryimage"},"image":{"@id":"https:\/\/fuentesfidedignas.com.mx\/index.php\/2026\/03\/10\/inicia-la-construccion-de-tres-canchas-de-futbol-del-programa-mundial-social-2026-en-el-fuerte\/#primaryimage"},"thumbnailUrl":"https:\/\/fuentesfidedignas.com.mx\/wp-content\/uploads\/2026\/03\/a9ff9a90-7dac-43bb-b370-b71c33697688.jpg","datePublished":"2026-03-10T22:46:10+00:00","breadcrumb":{"@id":"https:\/\/fuentesfidedignas.com.mx\/index.php\/2026\/03\/10\/inicia-la-construccion-de-tres-canchas-de-futbol-del-programa-mundial-social-2026-en-el-fuerte\/#breadcrumb"},"inLanguage":"es","potentialAction":[{"@type":"ReadAction","target":["https:\/\/fuentesfidedignas.com.mx\/index.php\/2026\/03\/10\/inicia-la-construccion-de-tres-canchas-de-futbol-del-programa-mundial-social-2026-en-el-fuerte\/"]}]},{"@type":"ImageObject","inLanguage":"es","@id":"https:\/\/fuentesfidedignas.com.mx\/index.php\/2026\/03\/10\/inicia-la-construccion-de-tres-canchas-de-futbol-del-programa-mundial-social-2026-en-el-fuerte\/#primaryimage","url":"https:\/\/fuentesfidedignas.com.mx\/wp-content\/uploads\/2026\/03\/a9ff9a90-7dac-43bb-b370-b71c33697688.jpg","contentUrl":"https:\/\/fuentesfidedignas.com.mx\/wp-content\/uploads\/2026\/03\/a9ff9a90-7dac-43bb-b370-b71c33697688.jpg","width":1920,"height":1281},{"@type":"BreadcrumbList","@id":"https:\/\/fuentesfidedignas.com.mx\/index.php\/2026\/03\/10\/inicia-la-construccion-de-tres-canchas-de-futbol-del-programa-mundial-social-2026-en-el-fuerte\/#breadcrumb","itemListElement":[{"@type":"ListItem","position":1,"name":"Inicio","item":"https:\/\/fuentesfidedignas.com.mx\/"},{"@type":"ListItem","position":2,"name":"Inicia la construcci\u00f3n de tres canchas de f\u00fatbol del programa Mundial Social 2026 en El Fuerte"}]},{"@type":"WebSite","@id":"https:\/\/fuentesfidedignas.com.mx\/#website","url":"https:\/\/fuentesfidedignas.com.mx\/","name":"Fuentes Fidedignas","description":"Otro sitio realizado con WordPress","publisher":{"@id":"https:\/\/fuentesfidedignas.com.mx\/#organization"},"potentialAction":[{"@type":"SearchAction","target":{"@type":"EntryPoint","urlTemplate":"https:\/\/fuentesfidedignas.com.mx\/?s={search_term_string}"},"query-input":{"@type":"PropertyValueSpecification","valueRequired":true,"valueName":"search_term_string"}}],"inLanguage":"es"},{"@type":"Organization","@id":"https:\/\/fuentesfidedignas.com.mx\/#organization","name":"Fuentes Fidedignas","url":"https:\/\/fuentesfidedignas.com.mx\/","logo":{"@type":"ImageObject","inLanguage":"es","@id":"https:\/\/fuentesfidedignas.com.mx\/#\/schema\/logo\/image\/","url":"https:\/\/fuentesfidedignas.com.mx\/wp-content\/uploads\/2021\/04\/logo-retina.png","contentUrl":"https:\/\/fuentesfidedignas.com.mx\/wp-content\/uploads\/2021\/04\/logo-retina.png","width":280,"height":51,"caption":"Fuentes Fidedignas"},"image":{"@id":"https:\/\/fuentesfidedignas.com.mx\/#\/schema\/logo\/image\/"},"sameAs":["https:\/\/www.facebook.com\/Fuentes-Fidedignas-368234489921644","https:\/\/x.com\/fidedignas"]},{"@type":"Person","@id":"https:\/\/fuentesfidedignas.com.mx\/#\/schema\/person\/331be9283d37198e2acd5750279085b0","name":"Redacci\u00f3n","image":{"@type":"ImageObject","inLanguage":"es","@id":"https:\/\/secure.gravatar.com\/avatar\/f6d8782c11d12b2d4ad3fbb6931aeab5309937a4d6cd2fc9cfaa28a6396a5aec?s=96&d=mm&r=g","url":"https:\/\/secure.gravatar.com\/avatar\/f6d8782c11d12b2d4ad3fbb6931aeab5309937a4d6cd2fc9cfaa28a6396a5aec?s=96&d=mm&r=g","contentUrl":"https:\/\/secure.gravatar.com\/avatar\/f6d8782c11d12b2d4ad3fbb6931aeab5309937a4d6cd2fc9cfaa28a6396a5aec?s=96&d=mm&r=g","caption":"Redacci\u00f3n"},"url":"https:\/\/fuentesfidedignas.com.mx\/index.php\/author\/redaccion\/"}]}},"_links":{"self":[{"href":"https:\/\/fuentesfidedignas.com.mx\/index.php\/wp-json\/wp\/v2\/posts\/129007","targetHints":{"allow":["GET"]}}],"collection":[{"href":"https:\/\/fuentesfidedignas.com.mx\/index.php\/wp-json\/wp\/v2\/posts"}],"about":[{"href":"https:\/\/fuentesfidedignas.com.mx\/index.php\/wp-json\/wp\/v2\/types\/post"}],"author":[{"embeddable":true,"href":"https:\/\/fuentesfidedignas.com.mx\/index.php\/wp-json\/wp\/v2\/users\/4"}],"replies":[{"embeddable":true,"href":"https:\/\/fuentesfidedignas.com.mx\/index.php\/wp-json\/wp\/v2\/comments?post=129007"}],"version-history":[{"count":1,"href":"https:\/\/fuentesfidedignas.com.mx\/index.php\/wp-json\/wp\/v2\/posts\/129007\/revisions"}],"predecessor-version":[{"id":129008,"href":"https:\/\/fuentesfidedignas.com.mx\/index.php\/wp-json\/wp\/v2\/posts\/129007\/revisions\/129008"}],"wp:featuredmedia":[{"embeddable":true,"href":"https:\/\/fuentesfidedignas.com.mx\/index.php\/wp-json\/wp\/v2\/media\/129006"}],"wp:attachment":[{"href":"https:\/\/fuentesfidedignas.com.mx\/index.php\/wp-json\/wp\/v2\/media?parent=129007"}],"wp:term":[{"taxonomy":"category","embeddable":true,"href":"https:\/\/fuentesfidedignas.com.mx\/index.php\/wp-json\/wp\/v2\/categories?post=129007"},{"taxonomy":"post_tag","embeddable":true,"href":"https:\/\/fuentesfidedignas.com.mx\/index.php\/wp-json\/wp\/v2\/tags?post=129007"}],"curies":[{"name":"wp","href":"https:\/\/api.w.org\/{rel}","templated":true}]}}