{"id":129004,"date":"2026-03-10T15:30:23","date_gmt":"2026-03-10T22:30:23","guid":{"rendered":"https:\/\/fuentesfidedignas.com.mx\/?p=129004"},"modified":"2026-03-10T15:30:23","modified_gmt":"2026-03-10T22:30:23","slug":"avanza-en-comisiones-del-senado-reforma-a-pensiones-doradas-esperan-ahorro-de-5-mil-mdp","status":"publish","type":"post","link":"https:\/\/fuentesfidedignas.com.mx\/index.php\/2026\/03\/10\/avanza-en-comisiones-del-senado-reforma-a-pensiones-doradas-esperan-ahorro-de-5-mil-mdp\/","title":{"rendered":"Avanza en comisiones del Senado reforma a pensiones &#8216;doradas&#8217;; esperan ahorro de 5 mil mdp"},"content":{"rendered":"\n<p class=\"nota-justify\"><em>Ciudad de M\u00e9xico.<\/em>&nbsp;Por unanimidad, avanz\u00f3 en el Senado la reforma constitucional propuesta por la presidenta, Claudia Sheinbaum,&nbsp;&nbsp;que pone un l\u00edmite a las pensiones de altos mandos de empresas estatales, organismos p\u00fablicos y banca de desarrollo y ajusta las jubilaciones millonarias&nbsp;actuales de los ex&nbsp;funcionarios de esos organismos, con lo que ese espera un ahorro de 5 mil millones de pesos al a\u00f1o.<\/p>\n\n\n\n<p class=\"nota-justify\">La reforma al Art\u00edculo 127 Constitucional se aprob\u00f3 con los 32 votos de los integrantes de las comisiones de Puntos Constitucionales y Estudios Legislativos, que presiden los Morenistas Oscar Cant\u00f3n Zetina y Enrique Inzunza, quienes detallaron que ma\u00f1ana se discute ante el pleno del Senado.<\/p>\n\n\n\n<p class=\"nota-justify\">En cuanto comenz\u00f3 la sesi\u00f3n se dio primera lectura al dictamen&nbsp;aprobado, por el que ex funcionarios del sector paraestatal, que reciben pensiones de hasta un mill\u00f3n de pesos, pasando por 900 mil, y medio mill\u00f3n, en cuanto se promulgue la reforma, quedar\u00e1n en 70 mil pesos, que es la mitad de la remuneraci\u00f3n que ahora percibe \u201cla persona titular del Poder Ejecutivo\u201d.<\/p>\n\n\n\n<p class=\"nota-justify\">Aunque PAN, PRI Y MC votaron a favor, criticaron la modificaci\u00f3n constitucional, especialmente que deje fuera de la reducci\u00f3n de pensiones&nbsp;&nbsp;para los integrantes de las fuerzas armadas y del Poder Judicial.<\/p>\n\n\n\n<p class=\"nota-justify\">El coordinador del PAN, Ricardo Anaya,&nbsp;expuso que votar\u00edan a favor de \u201celiminar esas pensiones escandalosas&#8221;, pero exigi\u00f3 cambios al dictamen, entre ellos que el monto de las pensiones en Petr\u00f3leos Mexicanos (Pemex), Comisi\u00f3n Federal de Electricidad (CFE), Nacional Financiera, en fideicomisos y dem\u00e1s entes p\u00fablicos no se fije en la mitad de la remuneraci\u00f3n de quien est\u00e9 al frente de la presidencia de la Rep\u00fablica, sino en UMAS.<\/p>\n\n\n\n<p class=\"nota-justify\">Argument\u00f3 que ello es previsi\u00f3n de que a futuro otro Presidente de la Rep\u00fablica modifique la Constituci\u00f3n y reduzca m\u00e1s su salario.<\/p>\n\n\n\n<p class=\"nota-justify\">A nombre del PRI, Carolina Viggiano fue m\u00e1s all\u00e1,&nbsp;critic\u00f3 tambi\u00e9n la iniciativa, ya que a su juicio el aplicarla con efectos retroactivos perjudica a las personas. Sostuvo que las pensiones de los ex funcionarios&nbsp;provienen de un contrato con cl\u00e1usulas, \u201cque ahora el gobierno se reh\u00fasa a cumplir.\u201d&nbsp;Los defendi\u00f3 tambi\u00e9n al se\u00f1alar que \u201cse les ha exhibido, con nombre en la ma\u00f1anera, sin que se compruebe que las jubilaciones millonarias se obtuvieron de forma fraudulenta o il\u00edcita\u201d.<\/p>\n\n\n\n<p class=\"nota-justify\">Por \u201cunos cuantos pesos se est\u00e1 poniendo en riesgo el principio de&nbsp;legalidad\u201d, porque, dijo, los 5 mil millones de pesos que se ahorrar\u00e1n, si Pemex \u201cdejara de perder en 16 d\u00edas\u201d.<\/p>\n\n\n\n<p class=\"nota-justify\">En respuesta, el senador de Morena, P\u00e1vel Jarero,&nbsp;dijo que es inaceptable que la mayor\u00eda de los mexicanos tengan pensiones de en promedio 7 mil pesos, mientras un grupo de \u201cprivilegiados\u201d obtiene desde hace a\u00f1os pensiones millonarias, pagadas con recursos p\u00fablicos.<\/p>\n\n\n\n<p class=\"nota-justify\">\u201cHoy le estamos regresando a los trabajadores lo que el prianismo rob\u00f3 durante d\u00e9cadas de malos gobiernos\u201d. Agreg\u00f3 que muchas de esas \u201cjubilaciones doradas est\u00e1n muchos t\u00e9cnicos que les hicieron la tarea esos malos gobiernos del viejo sistema tradicional, con lo que saquearon al pa\u00eds y los ayudaron a enriquecer sus carteras\u201d.<\/p>\n\n\n\n<p class=\"nota-justify\">El reci\u00e9n incorporado senador del PAN, M\u00e1ximo Garc\u00eda L\u00f3pez, cuestion\u00f3 que en la iniciativa presidencial se sostenga que no habr\u00e1 impacto presupuestario, si van a obtener 5 mil millones de pesos al a\u00f1o. La mayor\u00eda de los legisladores se sorprendi\u00f3 con tal informaci\u00f3n, toda vez que el impacto se refiere al costo que pudiera generar la modificaci\u00f3n constitucional.<\/p>\n\n\n\n<p class=\"nota-justify\">En el dictamen se suscribe el argumento expuesto en la iniciativa de la presidenta Sheinbaum en el sentido de que opera la retroactividad y se disminuyen las pensiones de ex funcionarios, al tratarse de&nbsp;&nbsp;recursos p\u00fablicos del Estado mexicano.<\/p>\n\n\n\n<p class=\"nota-justify\">\u201cNo solo se sustenta en el cumplimiento de los principios establecidos en el art\u00edculo 134 de la Carta Magna sobre la administraci\u00f3n de los recursos p\u00fablicos\u201d, sino que \u201ctambi\u00e9n es coherente con una larga l\u00ednea de precedentes constitucionales de la Suprema Corte de Justicia\u201d.<\/p>\n\n\n\n<p class=\"nota-justify\">En esa jurisprudencia&nbsp;se establece que las reformas a la Constituci\u00f3n \u201cpueden v\u00e1lidamente operar sobre actos o hechos ocurridos en el pasado, sin que transgreda el principio de retroactividad de la ley\u201d.<\/p>\n\n\n\n<p class=\"nota-justify\">Igualmente en el dictamen se resalta que de no corregirse esas pensiones y jubilaciones en Pemex, CFE, Luz y Fuerza, Banco de M\u00e9xico, Nacional Financiera y otras sociedades de cr\u00e9dito, \u201c han derivado en compromisos presupuestarios que a futuro pueden comprometer la sostenibilidad de las finanzas p\u00fablicas en detrimento del bienestar colectivo\u201d.<\/p>\n\n\n\n<p class=\"nota-justify\">El debate fuerte se dar\u00e1&nbsp;&nbsp;ma\u00f1ana, cuando la reforma se vote en el pleno.<\/p>\n","protected":false},"excerpt":{"rendered":"<p>Ciudad de M\u00e9xico.&nbsp;Por unanimidad, avanz\u00f3 en el Senado la reforma constitucional propuesta por la presidenta, Claudia Sheinbaum,&nbsp;&nbsp;que pone un l\u00edmite a las pensiones de altos mandos de empresas estatales, organismos p\u00fablicos y banca de desarrollo y ajusta las jubilaciones millonarias&nbsp;actuales de los ex&nbsp;funcionarios de esos organismos, con lo que ese espera un ahorro de 5 [&hellip;]<\/p>\n","protected":false},"author":45,"featured_media":105853,"comment_status":"closed","ping_status":"open","sticky":false,"template":"","format":"standard","meta":{"tdm_status":"","tdm_grid_status":"","footnotes":""},"categories":[39],"tags":[],"class_list":{"0":"post-129004","1":"post","2":"type-post","3":"status-publish","4":"format-standard","5":"has-post-thumbnail","7":"category-noticias-nacionales"},"yoast_head":"<!-- This site is optimized with the Yoast SEO plugin v27.5 - https:\/\/yoast.com\/product\/yoast-seo-wordpress\/ -->\n<title>Avanza en comisiones del Senado reforma a pensiones &#039;doradas&#039;; esperan ahorro de 5 mil mdp - Fuentes Fidedignas<\/title>\n<meta name=\"robots\" content=\"index, follow, max-snippet:-1, max-image-preview:large, max-video-preview:-1\" \/>\n<link rel=\"canonical\" href=\"https:\/\/fuentesfidedignas.com.mx\/index.php\/2026\/03\/10\/avanza-en-comisiones-del-senado-reforma-a-pensiones-doradas-esperan-ahorro-de-5-mil-mdp\/\" \/>\n<meta property=\"og:locale\" content=\"es_MX\" \/>\n<meta property=\"og:type\" content=\"article\" \/>\n<meta property=\"og:title\" content=\"Avanza en comisiones del Senado reforma a pensiones &#039;doradas&#039;; esperan ahorro de 5 mil mdp - Fuentes Fidedignas\" \/>\n<meta property=\"og:description\" content=\"Ciudad de M\u00e9xico.&nbsp;Por unanimidad, avanz\u00f3 en el Senado la reforma constitucional propuesta por la presidenta, Claudia Sheinbaum,&nbsp;&nbsp;que pone un l\u00edmite a las pensiones de altos mandos de empresas estatales, organismos p\u00fablicos y banca de desarrollo y ajusta las jubilaciones millonarias&nbsp;actuales de los ex&nbsp;funcionarios de esos organismos, con lo que ese espera un ahorro de 5 [&hellip;]\" \/>\n<meta property=\"og:url\" content=\"https:\/\/fuentesfidedignas.com.mx\/index.php\/2026\/03\/10\/avanza-en-comisiones-del-senado-reforma-a-pensiones-doradas-esperan-ahorro-de-5-mil-mdp\/\" \/>\n<meta property=\"og:site_name\" content=\"Fuentes Fidedignas\" \/>\n<meta property=\"article:publisher\" content=\"https:\/\/www.facebook.com\/Fuentes-Fidedignas-368234489921644\" \/>\n<meta property=\"article:published_time\" content=\"2026-03-10T22:30:23+00:00\" \/>\n<meta property=\"og:image\" content=\"https:\/\/fuentesfidedignas.com.mx\/wp-content\/uploads\/2025\/04\/senado.jpeg\" \/>\n\t<meta property=\"og:image:width\" content=\"600\" \/>\n\t<meta property=\"og:image:height\" content=\"396\" \/>\n\t<meta property=\"og:image:type\" content=\"image\/jpeg\" \/>\n<meta name=\"author\" content=\"La Jornada\" \/>\n<meta name=\"twitter:card\" content=\"summary_large_image\" \/>\n<meta name=\"twitter:creator\" content=\"@fidedignas\" \/>\n<meta name=\"twitter:site\" content=\"@fidedignas\" \/>\n<meta name=\"twitter:label1\" content=\"Escrito por\" \/>\n\t<meta name=\"twitter:data1\" content=\"La Jornada\" \/>\n\t<meta name=\"twitter:label2\" content=\"Tiempo de lectura\" \/>\n\t<meta name=\"twitter:data2\" content=\"4 minutos\" \/>\n<script type=\"application\/ld+json\" class=\"yoast-schema-graph\">{\"@context\":\"https:\\\/\\\/schema.org\",\"@graph\":[{\"@type\":\"Article\",\"@id\":\"https:\\\/\\\/fuentesfidedignas.com.mx\\\/index.php\\\/2026\\\/03\\\/10\\\/avanza-en-comisiones-del-senado-reforma-a-pensiones-doradas-esperan-ahorro-de-5-mil-mdp\\\/#article\",\"isPartOf\":{\"@id\":\"https:\\\/\\\/fuentesfidedignas.com.mx\\\/index.php\\\/2026\\\/03\\\/10\\\/avanza-en-comisiones-del-senado-reforma-a-pensiones-doradas-esperan-ahorro-de-5-mil-mdp\\\/\"},\"author\":{\"name\":\"La Jornada\",\"@id\":\"https:\\\/\\\/fuentesfidedignas.com.mx\\\/#\\\/schema\\\/person\\\/87eacee4072e149fccc7de67f9634f35\"},\"headline\":\"Avanza en comisiones del Senado reforma a pensiones &#8216;doradas&#8217;; esperan ahorro de 5 mil mdp\",\"datePublished\":\"2026-03-10T22:30:23+00:00\",\"mainEntityOfPage\":{\"@id\":\"https:\\\/\\\/fuentesfidedignas.com.mx\\\/index.php\\\/2026\\\/03\\\/10\\\/avanza-en-comisiones-del-senado-reforma-a-pensiones-doradas-esperan-ahorro-de-5-mil-mdp\\\/\"},\"wordCount\":824,\"publisher\":{\"@id\":\"https:\\\/\\\/fuentesfidedignas.com.mx\\\/#organization\"},\"image\":{\"@id\":\"https:\\\/\\\/fuentesfidedignas.com.mx\\\/index.php\\\/2026\\\/03\\\/10\\\/avanza-en-comisiones-del-senado-reforma-a-pensiones-doradas-esperan-ahorro-de-5-mil-mdp\\\/#primaryimage\"},\"thumbnailUrl\":\"https:\\\/\\\/fuentesfidedignas.com.mx\\\/wp-content\\\/uploads\\\/2025\\\/04\\\/senado.jpeg\",\"articleSection\":[\"NOTICIAS NACIONALES\"],\"inLanguage\":\"es\"},{\"@type\":\"WebPage\",\"@id\":\"https:\\\/\\\/fuentesfidedignas.com.mx\\\/index.php\\\/2026\\\/03\\\/10\\\/avanza-en-comisiones-del-senado-reforma-a-pensiones-doradas-esperan-ahorro-de-5-mil-mdp\\\/\",\"url\":\"https:\\\/\\\/fuentesfidedignas.com.mx\\\/index.php\\\/2026\\\/03\\\/10\\\/avanza-en-comisiones-del-senado-reforma-a-pensiones-doradas-esperan-ahorro-de-5-mil-mdp\\\/\",\"name\":\"Avanza en comisiones del Senado reforma a pensiones 'doradas'; esperan ahorro de 5 mil mdp - Fuentes Fidedignas\",\"isPartOf\":{\"@id\":\"https:\\\/\\\/fuentesfidedignas.com.mx\\\/#website\"},\"primaryImageOfPage\":{\"@id\":\"https:\\\/\\\/fuentesfidedignas.com.mx\\\/index.php\\\/2026\\\/03\\\/10\\\/avanza-en-comisiones-del-senado-reforma-a-pensiones-doradas-esperan-ahorro-de-5-mil-mdp\\\/#primaryimage\"},\"image\":{\"@id\":\"https:\\\/\\\/fuentesfidedignas.com.mx\\\/index.php\\\/2026\\\/03\\\/10\\\/avanza-en-comisiones-del-senado-reforma-a-pensiones-doradas-esperan-ahorro-de-5-mil-mdp\\\/#primaryimage\"},\"thumbnailUrl\":\"https:\\\/\\\/fuentesfidedignas.com.mx\\\/wp-content\\\/uploads\\\/2025\\\/04\\\/senado.jpeg\",\"datePublished\":\"2026-03-10T22:30:23+00:00\",\"breadcrumb\":{\"@id\":\"https:\\\/\\\/fuentesfidedignas.com.mx\\\/index.php\\\/2026\\\/03\\\/10\\\/avanza-en-comisiones-del-senado-reforma-a-pensiones-doradas-esperan-ahorro-de-5-mil-mdp\\\/#breadcrumb\"},\"inLanguage\":\"es\",\"potentialAction\":[{\"@type\":\"ReadAction\",\"target\":[\"https:\\\/\\\/fuentesfidedignas.com.mx\\\/index.php\\\/2026\\\/03\\\/10\\\/avanza-en-comisiones-del-senado-reforma-a-pensiones-doradas-esperan-ahorro-de-5-mil-mdp\\\/\"]}]},{\"@type\":\"ImageObject\",\"inLanguage\":\"es\",\"@id\":\"https:\\\/\\\/fuentesfidedignas.com.mx\\\/index.php\\\/2026\\\/03\\\/10\\\/avanza-en-comisiones-del-senado-reforma-a-pensiones-doradas-esperan-ahorro-de-5-mil-mdp\\\/#primaryimage\",\"url\":\"https:\\\/\\\/fuentesfidedignas.com.mx\\\/wp-content\\\/uploads\\\/2025\\\/04\\\/senado.jpeg\",\"contentUrl\":\"https:\\\/\\\/fuentesfidedignas.com.mx\\\/wp-content\\\/uploads\\\/2025\\\/04\\\/senado.jpeg\",\"width\":600,\"height\":396},{\"@type\":\"BreadcrumbList\",\"@id\":\"https:\\\/\\\/fuentesfidedignas.com.mx\\\/index.php\\\/2026\\\/03\\\/10\\\/avanza-en-comisiones-del-senado-reforma-a-pensiones-doradas-esperan-ahorro-de-5-mil-mdp\\\/#breadcrumb\",\"itemListElement\":[{\"@type\":\"ListItem\",\"position\":1,\"name\":\"Inicio\",\"item\":\"https:\\\/\\\/fuentesfidedignas.com.mx\\\/\"},{\"@type\":\"ListItem\",\"position\":2,\"name\":\"Avanza en comisiones del Senado reforma a pensiones &#8216;doradas&#8217;; esperan ahorro de 5 mil mdp\"}]},{\"@type\":\"WebSite\",\"@id\":\"https:\\\/\\\/fuentesfidedignas.com.mx\\\/#website\",\"url\":\"https:\\\/\\\/fuentesfidedignas.com.mx\\\/\",\"name\":\"Fuentes Fidedignas\",\"description\":\"Otro sitio realizado con WordPress\",\"publisher\":{\"@id\":\"https:\\\/\\\/fuentesfidedignas.com.mx\\\/#organization\"},\"potentialAction\":[{\"@type\":\"SearchAction\",\"target\":{\"@type\":\"EntryPoint\",\"urlTemplate\":\"https:\\\/\\\/fuentesfidedignas.com.mx\\\/?s={search_term_string}\"},\"query-input\":{\"@type\":\"PropertyValueSpecification\",\"valueRequired\":true,\"valueName\":\"search_term_string\"}}],\"inLanguage\":\"es\"},{\"@type\":\"Organization\",\"@id\":\"https:\\\/\\\/fuentesfidedignas.com.mx\\\/#organization\",\"name\":\"Fuentes Fidedignas\",\"url\":\"https:\\\/\\\/fuentesfidedignas.com.mx\\\/\",\"logo\":{\"@type\":\"ImageObject\",\"inLanguage\":\"es\",\"@id\":\"https:\\\/\\\/fuentesfidedignas.com.mx\\\/#\\\/schema\\\/logo\\\/image\\\/\",\"url\":\"https:\\\/\\\/fuentesfidedignas.com.mx\\\/wp-content\\\/uploads\\\/2021\\\/04\\\/logo-retina.png\",\"contentUrl\":\"https:\\\/\\\/fuentesfidedignas.com.mx\\\/wp-content\\\/uploads\\\/2021\\\/04\\\/logo-retina.png\",\"width\":280,\"height\":51,\"caption\":\"Fuentes Fidedignas\"},\"image\":{\"@id\":\"https:\\\/\\\/fuentesfidedignas.com.mx\\\/#\\\/schema\\\/logo\\\/image\\\/\"},\"sameAs\":[\"https:\\\/\\\/www.facebook.com\\\/Fuentes-Fidedignas-368234489921644\",\"https:\\\/\\\/x.com\\\/fidedignas\"]},{\"@type\":\"Person\",\"@id\":\"https:\\\/\\\/fuentesfidedignas.com.mx\\\/#\\\/schema\\\/person\\\/87eacee4072e149fccc7de67f9634f35\",\"name\":\"La Jornada\",\"image\":{\"@type\":\"ImageObject\",\"inLanguage\":\"es\",\"@id\":\"https:\\\/\\\/secure.gravatar.com\\\/avatar\\\/2b09f15a418e222775ffd645761e3fcecd1fb9d7a38a3ba858adf349aab82c7c?s=96&d=mm&r=g\",\"url\":\"https:\\\/\\\/secure.gravatar.com\\\/avatar\\\/2b09f15a418e222775ffd645761e3fcecd1fb9d7a38a3ba858adf349aab82c7c?s=96&d=mm&r=g\",\"contentUrl\":\"https:\\\/\\\/secure.gravatar.com\\\/avatar\\\/2b09f15a418e222775ffd645761e3fcecd1fb9d7a38a3ba858adf349aab82c7c?s=96&d=mm&r=g\",\"caption\":\"La Jornada\"},\"url\":\"https:\\\/\\\/fuentesfidedignas.com.mx\\\/index.php\\\/author\\\/jornada\\\/\"}]}<\/script>\n<!-- \/ Yoast SEO plugin. -->","yoast_head_json":{"title":"Avanza en comisiones del Senado reforma a pensiones 'doradas'; esperan ahorro de 5 mil mdp - Fuentes Fidedignas","robots":{"index":"index","follow":"follow","max-snippet":"max-snippet:-1","max-image-preview":"max-image-preview:large","max-video-preview":"max-video-preview:-1"},"canonical":"https:\/\/fuentesfidedignas.com.mx\/index.php\/2026\/03\/10\/avanza-en-comisiones-del-senado-reforma-a-pensiones-doradas-esperan-ahorro-de-5-mil-mdp\/","og_locale":"es_MX","og_type":"article","og_title":"Avanza en comisiones del Senado reforma a pensiones 'doradas'; esperan ahorro de 5 mil mdp - Fuentes Fidedignas","og_description":"Ciudad de M\u00e9xico.&nbsp;Por unanimidad, avanz\u00f3 en el Senado la reforma constitucional propuesta por la presidenta, Claudia Sheinbaum,&nbsp;&nbsp;que pone un l\u00edmite a las pensiones de altos mandos de empresas estatales, organismos p\u00fablicos y banca de desarrollo y ajusta las jubilaciones millonarias&nbsp;actuales de los ex&nbsp;funcionarios de esos organismos, con lo que ese espera un ahorro de 5 [&hellip;]","og_url":"https:\/\/fuentesfidedignas.com.mx\/index.php\/2026\/03\/10\/avanza-en-comisiones-del-senado-reforma-a-pensiones-doradas-esperan-ahorro-de-5-mil-mdp\/","og_site_name":"Fuentes Fidedignas","article_publisher":"https:\/\/www.facebook.com\/Fuentes-Fidedignas-368234489921644","article_published_time":"2026-03-10T22:30:23+00:00","og_image":[{"width":600,"height":396,"url":"https:\/\/fuentesfidedignas.com.mx\/wp-content\/uploads\/2025\/04\/senado.jpeg","type":"image\/jpeg"}],"author":"La Jornada","twitter_card":"summary_large_image","twitter_creator":"@fidedignas","twitter_site":"@fidedignas","twitter_misc":{"Escrito por":"La Jornada","Tiempo de lectura":"4 minutos"},"schema":{"@context":"https:\/\/schema.org","@graph":[{"@type":"Article","@id":"https:\/\/fuentesfidedignas.com.mx\/index.php\/2026\/03\/10\/avanza-en-comisiones-del-senado-reforma-a-pensiones-doradas-esperan-ahorro-de-5-mil-mdp\/#article","isPartOf":{"@id":"https:\/\/fuentesfidedignas.com.mx\/index.php\/2026\/03\/10\/avanza-en-comisiones-del-senado-reforma-a-pensiones-doradas-esperan-ahorro-de-5-mil-mdp\/"},"author":{"name":"La Jornada","@id":"https:\/\/fuentesfidedignas.com.mx\/#\/schema\/person\/87eacee4072e149fccc7de67f9634f35"},"headline":"Avanza en comisiones del Senado reforma a pensiones &#8216;doradas&#8217;; esperan ahorro de 5 mil mdp","datePublished":"2026-03-10T22:30:23+00:00","mainEntityOfPage":{"@id":"https:\/\/fuentesfidedignas.com.mx\/index.php\/2026\/03\/10\/avanza-en-comisiones-del-senado-reforma-a-pensiones-doradas-esperan-ahorro-de-5-mil-mdp\/"},"wordCount":824,"publisher":{"@id":"https:\/\/fuentesfidedignas.com.mx\/#organization"},"image":{"@id":"https:\/\/fuentesfidedignas.com.mx\/index.php\/2026\/03\/10\/avanza-en-comisiones-del-senado-reforma-a-pensiones-doradas-esperan-ahorro-de-5-mil-mdp\/#primaryimage"},"thumbnailUrl":"https:\/\/fuentesfidedignas.com.mx\/wp-content\/uploads\/2025\/04\/senado.jpeg","articleSection":["NOTICIAS NACIONALES"],"inLanguage":"es"},{"@type":"WebPage","@id":"https:\/\/fuentesfidedignas.com.mx\/index.php\/2026\/03\/10\/avanza-en-comisiones-del-senado-reforma-a-pensiones-doradas-esperan-ahorro-de-5-mil-mdp\/","url":"https:\/\/fuentesfidedignas.com.mx\/index.php\/2026\/03\/10\/avanza-en-comisiones-del-senado-reforma-a-pensiones-doradas-esperan-ahorro-de-5-mil-mdp\/","name":"Avanza en comisiones del Senado reforma a pensiones 'doradas'; esperan ahorro de 5 mil mdp - Fuentes Fidedignas","isPartOf":{"@id":"https:\/\/fuentesfidedignas.com.mx\/#website"},"primaryImageOfPage":{"@id":"https:\/\/fuentesfidedignas.com.mx\/index.php\/2026\/03\/10\/avanza-en-comisiones-del-senado-reforma-a-pensiones-doradas-esperan-ahorro-de-5-mil-mdp\/#primaryimage"},"image":{"@id":"https:\/\/fuentesfidedignas.com.mx\/index.php\/2026\/03\/10\/avanza-en-comisiones-del-senado-reforma-a-pensiones-doradas-esperan-ahorro-de-5-mil-mdp\/#primaryimage"},"thumbnailUrl":"https:\/\/fuentesfidedignas.com.mx\/wp-content\/uploads\/2025\/04\/senado.jpeg","datePublished":"2026-03-10T22:30:23+00:00","breadcrumb":{"@id":"https:\/\/fuentesfidedignas.com.mx\/index.php\/2026\/03\/10\/avanza-en-comisiones-del-senado-reforma-a-pensiones-doradas-esperan-ahorro-de-5-mil-mdp\/#breadcrumb"},"inLanguage":"es","potentialAction":[{"@type":"ReadAction","target":["https:\/\/fuentesfidedignas.com.mx\/index.php\/2026\/03\/10\/avanza-en-comisiones-del-senado-reforma-a-pensiones-doradas-esperan-ahorro-de-5-mil-mdp\/"]}]},{"@type":"ImageObject","inLanguage":"es","@id":"https:\/\/fuentesfidedignas.com.mx\/index.php\/2026\/03\/10\/avanza-en-comisiones-del-senado-reforma-a-pensiones-doradas-esperan-ahorro-de-5-mil-mdp\/#primaryimage","url":"https:\/\/fuentesfidedignas.com.mx\/wp-content\/uploads\/2025\/04\/senado.jpeg","contentUrl":"https:\/\/fuentesfidedignas.com.mx\/wp-content\/uploads\/2025\/04\/senado.jpeg","width":600,"height":396},{"@type":"BreadcrumbList","@id":"https:\/\/fuentesfidedignas.com.mx\/index.php\/2026\/03\/10\/avanza-en-comisiones-del-senado-reforma-a-pensiones-doradas-esperan-ahorro-de-5-mil-mdp\/#breadcrumb","itemListElement":[{"@type":"ListItem","position":1,"name":"Inicio","item":"https:\/\/fuentesfidedignas.com.mx\/"},{"@type":"ListItem","position":2,"name":"Avanza en comisiones del Senado reforma a pensiones &#8216;doradas&#8217;; esperan ahorro de 5 mil mdp"}]},{"@type":"WebSite","@id":"https:\/\/fuentesfidedignas.com.mx\/#website","url":"https:\/\/fuentesfidedignas.com.mx\/","name":"Fuentes Fidedignas","description":"Otro sitio realizado con WordPress","publisher":{"@id":"https:\/\/fuentesfidedignas.com.mx\/#organization"},"potentialAction":[{"@type":"SearchAction","target":{"@type":"EntryPoint","urlTemplate":"https:\/\/fuentesfidedignas.com.mx\/?s={search_term_string}"},"query-input":{"@type":"PropertyValueSpecification","valueRequired":true,"valueName":"search_term_string"}}],"inLanguage":"es"},{"@type":"Organization","@id":"https:\/\/fuentesfidedignas.com.mx\/#organization","name":"Fuentes Fidedignas","url":"https:\/\/fuentesfidedignas.com.mx\/","logo":{"@type":"ImageObject","inLanguage":"es","@id":"https:\/\/fuentesfidedignas.com.mx\/#\/schema\/logo\/image\/","url":"https:\/\/fuentesfidedignas.com.mx\/wp-content\/uploads\/2021\/04\/logo-retina.png","contentUrl":"https:\/\/fuentesfidedignas.com.mx\/wp-content\/uploads\/2021\/04\/logo-retina.png","width":280,"height":51,"caption":"Fuentes Fidedignas"},"image":{"@id":"https:\/\/fuentesfidedignas.com.mx\/#\/schema\/logo\/image\/"},"sameAs":["https:\/\/www.facebook.com\/Fuentes-Fidedignas-368234489921644","https:\/\/x.com\/fidedignas"]},{"@type":"Person","@id":"https:\/\/fuentesfidedignas.com.mx\/#\/schema\/person\/87eacee4072e149fccc7de67f9634f35","name":"La Jornada","image":{"@type":"ImageObject","inLanguage":"es","@id":"https:\/\/secure.gravatar.com\/avatar\/2b09f15a418e222775ffd645761e3fcecd1fb9d7a38a3ba858adf349aab82c7c?s=96&d=mm&r=g","url":"https:\/\/secure.gravatar.com\/avatar\/2b09f15a418e222775ffd645761e3fcecd1fb9d7a38a3ba858adf349aab82c7c?s=96&d=mm&r=g","contentUrl":"https:\/\/secure.gravatar.com\/avatar\/2b09f15a418e222775ffd645761e3fcecd1fb9d7a38a3ba858adf349aab82c7c?s=96&d=mm&r=g","caption":"La Jornada"},"url":"https:\/\/fuentesfidedignas.com.mx\/index.php\/author\/jornada\/"}]}},"_links":{"self":[{"href":"https:\/\/fuentesfidedignas.com.mx\/index.php\/wp-json\/wp\/v2\/posts\/129004","targetHints":{"allow":["GET"]}}],"collection":[{"href":"https:\/\/fuentesfidedignas.com.mx\/index.php\/wp-json\/wp\/v2\/posts"}],"about":[{"href":"https:\/\/fuentesfidedignas.com.mx\/index.php\/wp-json\/wp\/v2\/types\/post"}],"author":[{"embeddable":true,"href":"https:\/\/fuentesfidedignas.com.mx\/index.php\/wp-json\/wp\/v2\/users\/45"}],"replies":[{"embeddable":true,"href":"https:\/\/fuentesfidedignas.com.mx\/index.php\/wp-json\/wp\/v2\/comments?post=129004"}],"version-history":[{"count":1,"href":"https:\/\/fuentesfidedignas.com.mx\/index.php\/wp-json\/wp\/v2\/posts\/129004\/revisions"}],"predecessor-version":[{"id":129005,"href":"https:\/\/fuentesfidedignas.com.mx\/index.php\/wp-json\/wp\/v2\/posts\/129004\/revisions\/129005"}],"wp:featuredmedia":[{"embeddable":true,"href":"https:\/\/fuentesfidedignas.com.mx\/index.php\/wp-json\/wp\/v2\/media\/105853"}],"wp:attachment":[{"href":"https:\/\/fuentesfidedignas.com.mx\/index.php\/wp-json\/wp\/v2\/media?parent=129004"}],"wp:term":[{"taxonomy":"category","embeddable":true,"href":"https:\/\/fuentesfidedignas.com.mx\/index.php\/wp-json\/wp\/v2\/categories?post=129004"},{"taxonomy":"post_tag","embeddable":true,"href":"https:\/\/fuentesfidedignas.com.mx\/index.php\/wp-json\/wp\/v2\/tags?post=129004"}],"curies":[{"name":"wp","href":"https:\/\/api.w.org\/{rel}","templated":true}]}}