{"id":128999,"date":"2026-03-10T14:24:18","date_gmt":"2026-03-10T21:24:18","guid":{"rendered":"https:\/\/fuentesfidedignas.com.mx\/?p=128999"},"modified":"2026-03-10T14:24:18","modified_gmt":"2026-03-10T21:24:18","slug":"nombre-iees-a-enlace-para-el-voto-de-residentes-en-el-extranjero","status":"publish","type":"post","link":"https:\/\/fuentesfidedignas.com.mx\/index.php\/2026\/03\/10\/nombre-iees-a-enlace-para-el-voto-de-residentes-en-el-extranjero\/","title":{"rendered":"Nombre IEES a enlace para el voto de residentes en el extranjero"},"content":{"rendered":"\n<p>En sesi\u00f3n extraordinaria virtual, el Consejo General del Instituto Electoral del Estado de Sinaloa (IEES) aprob\u00f3 el nombramiento de la persona que fungir\u00e1 como enlace en el grupo de trabajo que integre el Instituto Nacional Electoral (INE) para el voto de las mexicanas y mexicanos residentes en el extranjero.<\/p>\n\n\n\n<p>Cabe destacar que en sesi\u00f3n extraordinaria celebrada el 21 de octubre de 2025, el Consejo General aprob\u00f3 el acuerdo IEES\/CG028\/25, mediante el cual se emiti\u00f3 un nuevo Reglamento Interior del IEES, en que se incluy\u00f3 la creaci\u00f3n de la Comisi\u00f3n Temporal para el Voto de Ciudadan\u00eda Sinaloense en el Extranjero, adem\u00e1s en el art\u00edculo 60 de dicho reglamento se se\u00f1alan las obligaciones y atribuciones que le corresponden.<\/p>\n\n\n\n<p>Asimismo, el art\u00edculo 109 del Reglamento de Elecciones del INE establece que para el adecuado desarrollo de las actividades en torno al voto de las y los ciudadanos mexicanos residentes en el extranjero, el INE, en coordinaci\u00f3n con el respectivo OPL, formar\u00e1 un grupo de trabajo, integrado por una persona representante de la Direcci\u00f3n Ejecutiva del Registro Federal de Electores del INE, y una por parte de Organismo P\u00fablico Local Electoral, aprobada por el Consejo General.<\/p>\n\n\n\n<p>De tal forma, considerando las atribuciones y obligaciones que se se\u00f1alan en el art\u00edculo 146 Bis de la Ley de Instituciones y Procedimientos Electorales del Estado de Sinaloa (LIPEES), as\u00ed como en el art\u00edculo 60 del Reglamento Interior para la Comisi\u00f3n temporal, se designa a la Consejera Electoral Yuridia Jaretssy Gal\u00e1n Villase\u00f1or, para que funja como dicho enlace para el Proceso Electoral Local 2026-2027.<\/p>\n\n\n\n<p><em>IEES RESUELVE PROCEDIMIENTOS SANCIONADORES DE QUEJAS PROMOVIDAS POR ACCI\u00d3N NACIONAL Y MOVIMIENTO CIUDADANO<\/em><\/p>\n\n\n\n<p>En sesi\u00f3n especial virtual, el Consejo General del IEES resolvi\u00f3 los procedimientos sancionadores ordinarios integrados bajo los expedientes n\u00fameros SE-PSO-005 y SE-PSO-006\/2025 acumulados, derivado de las quejas presentadas por los partidos Acci\u00f3n Nacional (PAN) y Movimiento Ciudadano (MC) en contra de la senadora Imelda Castro Castro, por presuntos hechos que, a juicio de los quejosos, son violatorios a la normatividad electoral, en relaci\u00f3n a presuntos actos anticipados de precampa\u00f1a y campa\u00f1a, promoci\u00f3n personalizada y uso indebido de recursos p\u00fablicos, denunciando tambi\u00e9n al partido morena por culpa invigilando.<\/p>\n\n\n\n<p>El Consejero Electoral y Presidente de la Comisi\u00f3n de Quejas, Mart\u00edn Gonz\u00e1lez Burgos, precis\u00f3 que los partidos quejosos, PAN y MC, aducen que la senadora ha desplegado acciones como Asambleas Informativas, Vocer\u00edas, pinta de barda y entrega de promocionales para posicionar su nombre e imagen rumbo a la elecci\u00f3n del 2027; transgrediendo lo dispuesto por el art\u00edculo 134 Constitucional as\u00ed como lo dispuesto por la LIPEES en relaci\u00f3n con actos anticipados de precampa\u00f1a y campa\u00f1a; lo que puede ser constatado en la cuenta de Facebook de la propia legisladora, as\u00ed como dos im\u00e1genes de p\u00e1ginas electr\u00f3nicas de distintos medios de comunicaci\u00f3n.<\/p>\n\n\n\n<p>Del material probatorio aportado y de las diligencias de inspecci\u00f3n levantadas por el personal adscrito a la Secretar\u00eda Ejecutiva de este Instituto, se concluye que no se acredit\u00f3 la pluralidad de elementos que configuran la difusi\u00f3n indebida de la imagen personal, ni hay elementos que puedan actualizar la realizaci\u00f3n de actos anticipados de precampa\u00f1a o campa\u00f1a que le fueron atribuidos a la se\u00f1alada, por ello el Consejo General del IEES determin\u00f3 inexistentes las conductas infractoras a lo establecido en los art\u00edculos 134 de la CPEUM as\u00ed como a los art\u00edculos 2, 172, 173, 271, 273 y correlativos de la LIPEES.<\/p>\n\n\n\n<p>Al no resultar configurada la promoci\u00f3n personalizada que protege el art\u00edculo 134 p\u00e1rrafo de la CPEUM, en consecuencia, no resulta competencia de esta autoridad el desplegar procedimiento de investigaci\u00f3n del posible uso indebido de recursos p\u00fablicos, porque como se reitera, al no resultar de \u00edndole electoral, el \u00f3rgano electoral administrativo local no cuenta con competencia para realizar investigaci\u00f3n en \u00e1reas ajenas a la materia.<\/p>\n\n\n\n<p>Por cuanto hace a la culpa invigilando que se imputa al Partido Morena, instituto pol\u00edtico al que pertenece la denunciada, al haberse declarada inexistentes las conductas infractoras atribuidas a la denunciada resulta inviable atribuirle al partido Morena falta alguna, por ello, no ha lugar a imponer sanci\u00f3n por culpa invigilando que se denunci\u00f3.<\/p>\n\n\n\n<p><em>CONSEJO GENERAL RESUELVE QUEJA INTERPUESTA POR MOVIMIENTO CIUDADANO<\/em><\/p>\n\n\n\n<p>En sesi\u00f3n especial virtual, el Consejo General del IEES resolvi\u00f3 el procedimiento sancionador ordinario integrado bajo el expediente n\u00famero SE-PSO-001\/2026, derivado de la queja presentada por el partido Movimiento Ciudadano (MC) en contra de la senadora Imelda Castro Castro, por presuntos hechos que, a su juicio constituyen infracciones a la normativa electoral, espec\u00edficamente, presunta promoci\u00f3n personalizada y uso indebido de recursos p\u00fablicos, as\u00ed como vulneraci\u00f3n al inter\u00e9s superior de la ni\u00f1ez.<\/p>\n\n\n\n<p>La Consejera Electoral e integrante de la Comisi\u00f3n de Quejas, Carmen Julieta Rodr\u00edguez Campos, se\u00f1al\u00f3 que con base en el material bajo estudio, esta autoridad electoral estima que los actos denunciados se ajustan a los par\u00e1metros definidos por la normativa y las tesis jurisprudenciales, ya que de ninguna publicaci\u00f3n se desprende el llamado al voto, a favor o en contra de alguien o propuesta de campa\u00f1a, por lo que el Consejo General del IEES consider\u00f3 inexistentes las infracciones denunciadas en contra de la senadora, debido a que de los hechos denunciados no se acredita la transgresi\u00f3n a lo establecido en los art\u00edculos 134 de la CPEUM relativo a promoci\u00f3n personalizada con el fin de generar inequidad en una contienda.<\/p>\n\n\n\n<p>De igual forma, al no resultar configurada la promoci\u00f3n personalizada que protege el art\u00edculo 134 de la CPEUM, no compete al IEES desplegar un procedimiento de investigaci\u00f3n por uso de recursos p\u00fablicos as\u00ed como la revisi\u00f3n de los requisitos de participaci\u00f3n de la ni\u00f1ez en la propaganda electoral, porque como se reitera, al no encontrarse relacionada con un proceso electoral o alg\u00fan proceso intrapartidista, este \u00f3rgano electoral administrativo local no est\u00e1 facultado para realizar investigaci\u00f3n en \u00e1reas ajenas a la materia.<\/p>\n","protected":false},"excerpt":{"rendered":"<p>En sesi\u00f3n extraordinaria virtual, el Consejo General del Instituto Electoral del Estado de Sinaloa (IEES) aprob\u00f3 el nombramiento de la persona que fungir\u00e1 como enlace en el grupo de trabajo que integre el Instituto Nacional Electoral (INE) para el voto de las mexicanas y mexicanos residentes en el extranjero. Cabe destacar que en sesi\u00f3n extraordinaria [&hellip;]<\/p>\n","protected":false},"author":4,"featured_media":128998,"comment_status":"closed","ping_status":"open","sticky":false,"template":"","format":"standard","meta":{"tdm_status":"","tdm_grid_status":"","footnotes":""},"categories":[37],"tags":[],"class_list":{"0":"post-128999","1":"post","2":"type-post","3":"status-publish","4":"format-standard","5":"has-post-thumbnail","7":"category-nota-principal"},"yoast_head":"<!-- This site is optimized with the Yoast SEO plugin v27.5 - https:\/\/yoast.com\/product\/yoast-seo-wordpress\/ -->\n<title>Nombre IEES a enlace para el voto de residentes en el extranjero - Fuentes Fidedignas<\/title>\n<meta name=\"robots\" content=\"index, follow, max-snippet:-1, max-image-preview:large, max-video-preview:-1\" \/>\n<link rel=\"canonical\" href=\"https:\/\/fuentesfidedignas.com.mx\/index.php\/2026\/03\/10\/nombre-iees-a-enlace-para-el-voto-de-residentes-en-el-extranjero\/\" \/>\n<meta property=\"og:locale\" content=\"es_MX\" \/>\n<meta property=\"og:type\" content=\"article\" \/>\n<meta property=\"og:title\" content=\"Nombre IEES a enlace para el voto de residentes en el extranjero - Fuentes Fidedignas\" \/>\n<meta property=\"og:description\" content=\"En sesi\u00f3n extraordinaria virtual, el Consejo General del Instituto Electoral del Estado de Sinaloa (IEES) aprob\u00f3 el nombramiento de la persona que fungir\u00e1 como enlace en el grupo de trabajo que integre el Instituto Nacional Electoral (INE) para el voto de las mexicanas y mexicanos residentes en el extranjero. Cabe destacar que en sesi\u00f3n extraordinaria [&hellip;]\" \/>\n<meta property=\"og:url\" content=\"https:\/\/fuentesfidedignas.com.mx\/index.php\/2026\/03\/10\/nombre-iees-a-enlace-para-el-voto-de-residentes-en-el-extranjero\/\" \/>\n<meta property=\"og:site_name\" content=\"Fuentes Fidedignas\" \/>\n<meta property=\"article:publisher\" content=\"https:\/\/www.facebook.com\/Fuentes-Fidedignas-368234489921644\" \/>\n<meta property=\"article:published_time\" content=\"2026-03-10T21:24:18+00:00\" \/>\n<meta property=\"og:image\" content=\"https:\/\/fuentesfidedignas.com.mx\/wp-content\/uploads\/2026\/03\/ec12befe-401e-4d47-90c5-f03d574adf47.jpg\" \/>\n\t<meta property=\"og:image:width\" content=\"1321\" \/>\n\t<meta property=\"og:image:height\" content=\"741\" \/>\n\t<meta property=\"og:image:type\" content=\"image\/jpeg\" \/>\n<meta name=\"author\" content=\"Redacci\u00f3n\" \/>\n<meta name=\"twitter:card\" content=\"summary_large_image\" \/>\n<meta name=\"twitter:creator\" content=\"@fidedignas\" \/>\n<meta name=\"twitter:site\" content=\"@fidedignas\" \/>\n<meta name=\"twitter:label1\" content=\"Escrito por\" \/>\n\t<meta name=\"twitter:data1\" content=\"Redacci\u00f3n\" \/>\n\t<meta name=\"twitter:label2\" content=\"Tiempo de lectura\" \/>\n\t<meta name=\"twitter:data2\" content=\"5 minutos\" \/>\n<script type=\"application\/ld+json\" class=\"yoast-schema-graph\">{\"@context\":\"https:\\\/\\\/schema.org\",\"@graph\":[{\"@type\":\"Article\",\"@id\":\"https:\\\/\\\/fuentesfidedignas.com.mx\\\/index.php\\\/2026\\\/03\\\/10\\\/nombre-iees-a-enlace-para-el-voto-de-residentes-en-el-extranjero\\\/#article\",\"isPartOf\":{\"@id\":\"https:\\\/\\\/fuentesfidedignas.com.mx\\\/index.php\\\/2026\\\/03\\\/10\\\/nombre-iees-a-enlace-para-el-voto-de-residentes-en-el-extranjero\\\/\"},\"author\":{\"name\":\"Redacci\u00f3n\",\"@id\":\"https:\\\/\\\/fuentesfidedignas.com.mx\\\/#\\\/schema\\\/person\\\/331be9283d37198e2acd5750279085b0\"},\"headline\":\"Nombre IEES a enlace para el voto de residentes en el extranjero\",\"datePublished\":\"2026-03-10T21:24:18+00:00\",\"mainEntityOfPage\":{\"@id\":\"https:\\\/\\\/fuentesfidedignas.com.mx\\\/index.php\\\/2026\\\/03\\\/10\\\/nombre-iees-a-enlace-para-el-voto-de-residentes-en-el-extranjero\\\/\"},\"wordCount\":1033,\"publisher\":{\"@id\":\"https:\\\/\\\/fuentesfidedignas.com.mx\\\/#organization\"},\"image\":{\"@id\":\"https:\\\/\\\/fuentesfidedignas.com.mx\\\/index.php\\\/2026\\\/03\\\/10\\\/nombre-iees-a-enlace-para-el-voto-de-residentes-en-el-extranjero\\\/#primaryimage\"},\"thumbnailUrl\":\"https:\\\/\\\/fuentesfidedignas.com.mx\\\/wp-content\\\/uploads\\\/2026\\\/03\\\/ec12befe-401e-4d47-90c5-f03d574adf47.jpg\",\"articleSection\":[\"NOTA PRINCIPAL\"],\"inLanguage\":\"es\"},{\"@type\":\"WebPage\",\"@id\":\"https:\\\/\\\/fuentesfidedignas.com.mx\\\/index.php\\\/2026\\\/03\\\/10\\\/nombre-iees-a-enlace-para-el-voto-de-residentes-en-el-extranjero\\\/\",\"url\":\"https:\\\/\\\/fuentesfidedignas.com.mx\\\/index.php\\\/2026\\\/03\\\/10\\\/nombre-iees-a-enlace-para-el-voto-de-residentes-en-el-extranjero\\\/\",\"name\":\"Nombre IEES a enlace para el voto de residentes en el extranjero - Fuentes Fidedignas\",\"isPartOf\":{\"@id\":\"https:\\\/\\\/fuentesfidedignas.com.mx\\\/#website\"},\"primaryImageOfPage\":{\"@id\":\"https:\\\/\\\/fuentesfidedignas.com.mx\\\/index.php\\\/2026\\\/03\\\/10\\\/nombre-iees-a-enlace-para-el-voto-de-residentes-en-el-extranjero\\\/#primaryimage\"},\"image\":{\"@id\":\"https:\\\/\\\/fuentesfidedignas.com.mx\\\/index.php\\\/2026\\\/03\\\/10\\\/nombre-iees-a-enlace-para-el-voto-de-residentes-en-el-extranjero\\\/#primaryimage\"},\"thumbnailUrl\":\"https:\\\/\\\/fuentesfidedignas.com.mx\\\/wp-content\\\/uploads\\\/2026\\\/03\\\/ec12befe-401e-4d47-90c5-f03d574adf47.jpg\",\"datePublished\":\"2026-03-10T21:24:18+00:00\",\"breadcrumb\":{\"@id\":\"https:\\\/\\\/fuentesfidedignas.com.mx\\\/index.php\\\/2026\\\/03\\\/10\\\/nombre-iees-a-enlace-para-el-voto-de-residentes-en-el-extranjero\\\/#breadcrumb\"},\"inLanguage\":\"es\",\"potentialAction\":[{\"@type\":\"ReadAction\",\"target\":[\"https:\\\/\\\/fuentesfidedignas.com.mx\\\/index.php\\\/2026\\\/03\\\/10\\\/nombre-iees-a-enlace-para-el-voto-de-residentes-en-el-extranjero\\\/\"]}]},{\"@type\":\"ImageObject\",\"inLanguage\":\"es\",\"@id\":\"https:\\\/\\\/fuentesfidedignas.com.mx\\\/index.php\\\/2026\\\/03\\\/10\\\/nombre-iees-a-enlace-para-el-voto-de-residentes-en-el-extranjero\\\/#primaryimage\",\"url\":\"https:\\\/\\\/fuentesfidedignas.com.mx\\\/wp-content\\\/uploads\\\/2026\\\/03\\\/ec12befe-401e-4d47-90c5-f03d574adf47.jpg\",\"contentUrl\":\"https:\\\/\\\/fuentesfidedignas.com.mx\\\/wp-content\\\/uploads\\\/2026\\\/03\\\/ec12befe-401e-4d47-90c5-f03d574adf47.jpg\",\"width\":1321,\"height\":741},{\"@type\":\"BreadcrumbList\",\"@id\":\"https:\\\/\\\/fuentesfidedignas.com.mx\\\/index.php\\\/2026\\\/03\\\/10\\\/nombre-iees-a-enlace-para-el-voto-de-residentes-en-el-extranjero\\\/#breadcrumb\",\"itemListElement\":[{\"@type\":\"ListItem\",\"position\":1,\"name\":\"Inicio\",\"item\":\"https:\\\/\\\/fuentesfidedignas.com.mx\\\/\"},{\"@type\":\"ListItem\",\"position\":2,\"name\":\"Nombre IEES a enlace para el voto de residentes en el extranjero\"}]},{\"@type\":\"WebSite\",\"@id\":\"https:\\\/\\\/fuentesfidedignas.com.mx\\\/#website\",\"url\":\"https:\\\/\\\/fuentesfidedignas.com.mx\\\/\",\"name\":\"Fuentes Fidedignas\",\"description\":\"Otro sitio realizado con WordPress\",\"publisher\":{\"@id\":\"https:\\\/\\\/fuentesfidedignas.com.mx\\\/#organization\"},\"potentialAction\":[{\"@type\":\"SearchAction\",\"target\":{\"@type\":\"EntryPoint\",\"urlTemplate\":\"https:\\\/\\\/fuentesfidedignas.com.mx\\\/?s={search_term_string}\"},\"query-input\":{\"@type\":\"PropertyValueSpecification\",\"valueRequired\":true,\"valueName\":\"search_term_string\"}}],\"inLanguage\":\"es\"},{\"@type\":\"Organization\",\"@id\":\"https:\\\/\\\/fuentesfidedignas.com.mx\\\/#organization\",\"name\":\"Fuentes Fidedignas\",\"url\":\"https:\\\/\\\/fuentesfidedignas.com.mx\\\/\",\"logo\":{\"@type\":\"ImageObject\",\"inLanguage\":\"es\",\"@id\":\"https:\\\/\\\/fuentesfidedignas.com.mx\\\/#\\\/schema\\\/logo\\\/image\\\/\",\"url\":\"https:\\\/\\\/fuentesfidedignas.com.mx\\\/wp-content\\\/uploads\\\/2021\\\/04\\\/logo-retina.png\",\"contentUrl\":\"https:\\\/\\\/fuentesfidedignas.com.mx\\\/wp-content\\\/uploads\\\/2021\\\/04\\\/logo-retina.png\",\"width\":280,\"height\":51,\"caption\":\"Fuentes Fidedignas\"},\"image\":{\"@id\":\"https:\\\/\\\/fuentesfidedignas.com.mx\\\/#\\\/schema\\\/logo\\\/image\\\/\"},\"sameAs\":[\"https:\\\/\\\/www.facebook.com\\\/Fuentes-Fidedignas-368234489921644\",\"https:\\\/\\\/x.com\\\/fidedignas\"]},{\"@type\":\"Person\",\"@id\":\"https:\\\/\\\/fuentesfidedignas.com.mx\\\/#\\\/schema\\\/person\\\/331be9283d37198e2acd5750279085b0\",\"name\":\"Redacci\u00f3n\",\"image\":{\"@type\":\"ImageObject\",\"inLanguage\":\"es\",\"@id\":\"https:\\\/\\\/secure.gravatar.com\\\/avatar\\\/f6d8782c11d12b2d4ad3fbb6931aeab5309937a4d6cd2fc9cfaa28a6396a5aec?s=96&d=mm&r=g\",\"url\":\"https:\\\/\\\/secure.gravatar.com\\\/avatar\\\/f6d8782c11d12b2d4ad3fbb6931aeab5309937a4d6cd2fc9cfaa28a6396a5aec?s=96&d=mm&r=g\",\"contentUrl\":\"https:\\\/\\\/secure.gravatar.com\\\/avatar\\\/f6d8782c11d12b2d4ad3fbb6931aeab5309937a4d6cd2fc9cfaa28a6396a5aec?s=96&d=mm&r=g\",\"caption\":\"Redacci\u00f3n\"},\"url\":\"https:\\\/\\\/fuentesfidedignas.com.mx\\\/index.php\\\/author\\\/redaccion\\\/\"}]}<\/script>\n<!-- \/ Yoast SEO plugin. -->","yoast_head_json":{"title":"Nombre IEES a enlace para el voto de residentes en el extranjero - Fuentes Fidedignas","robots":{"index":"index","follow":"follow","max-snippet":"max-snippet:-1","max-image-preview":"max-image-preview:large","max-video-preview":"max-video-preview:-1"},"canonical":"https:\/\/fuentesfidedignas.com.mx\/index.php\/2026\/03\/10\/nombre-iees-a-enlace-para-el-voto-de-residentes-en-el-extranjero\/","og_locale":"es_MX","og_type":"article","og_title":"Nombre IEES a enlace para el voto de residentes en el extranjero - Fuentes Fidedignas","og_description":"En sesi\u00f3n extraordinaria virtual, el Consejo General del Instituto Electoral del Estado de Sinaloa (IEES) aprob\u00f3 el nombramiento de la persona que fungir\u00e1 como enlace en el grupo de trabajo que integre el Instituto Nacional Electoral (INE) para el voto de las mexicanas y mexicanos residentes en el extranjero. Cabe destacar que en sesi\u00f3n extraordinaria [&hellip;]","og_url":"https:\/\/fuentesfidedignas.com.mx\/index.php\/2026\/03\/10\/nombre-iees-a-enlace-para-el-voto-de-residentes-en-el-extranjero\/","og_site_name":"Fuentes Fidedignas","article_publisher":"https:\/\/www.facebook.com\/Fuentes-Fidedignas-368234489921644","article_published_time":"2026-03-10T21:24:18+00:00","og_image":[{"width":1321,"height":741,"url":"https:\/\/fuentesfidedignas.com.mx\/wp-content\/uploads\/2026\/03\/ec12befe-401e-4d47-90c5-f03d574adf47.jpg","type":"image\/jpeg"}],"author":"Redacci\u00f3n","twitter_card":"summary_large_image","twitter_creator":"@fidedignas","twitter_site":"@fidedignas","twitter_misc":{"Escrito por":"Redacci\u00f3n","Tiempo de lectura":"5 minutos"},"schema":{"@context":"https:\/\/schema.org","@graph":[{"@type":"Article","@id":"https:\/\/fuentesfidedignas.com.mx\/index.php\/2026\/03\/10\/nombre-iees-a-enlace-para-el-voto-de-residentes-en-el-extranjero\/#article","isPartOf":{"@id":"https:\/\/fuentesfidedignas.com.mx\/index.php\/2026\/03\/10\/nombre-iees-a-enlace-para-el-voto-de-residentes-en-el-extranjero\/"},"author":{"name":"Redacci\u00f3n","@id":"https:\/\/fuentesfidedignas.com.mx\/#\/schema\/person\/331be9283d37198e2acd5750279085b0"},"headline":"Nombre IEES a enlace para el voto de residentes en el extranjero","datePublished":"2026-03-10T21:24:18+00:00","mainEntityOfPage":{"@id":"https:\/\/fuentesfidedignas.com.mx\/index.php\/2026\/03\/10\/nombre-iees-a-enlace-para-el-voto-de-residentes-en-el-extranjero\/"},"wordCount":1033,"publisher":{"@id":"https:\/\/fuentesfidedignas.com.mx\/#organization"},"image":{"@id":"https:\/\/fuentesfidedignas.com.mx\/index.php\/2026\/03\/10\/nombre-iees-a-enlace-para-el-voto-de-residentes-en-el-extranjero\/#primaryimage"},"thumbnailUrl":"https:\/\/fuentesfidedignas.com.mx\/wp-content\/uploads\/2026\/03\/ec12befe-401e-4d47-90c5-f03d574adf47.jpg","articleSection":["NOTA PRINCIPAL"],"inLanguage":"es"},{"@type":"WebPage","@id":"https:\/\/fuentesfidedignas.com.mx\/index.php\/2026\/03\/10\/nombre-iees-a-enlace-para-el-voto-de-residentes-en-el-extranjero\/","url":"https:\/\/fuentesfidedignas.com.mx\/index.php\/2026\/03\/10\/nombre-iees-a-enlace-para-el-voto-de-residentes-en-el-extranjero\/","name":"Nombre IEES a enlace para el voto de residentes en el extranjero - Fuentes Fidedignas","isPartOf":{"@id":"https:\/\/fuentesfidedignas.com.mx\/#website"},"primaryImageOfPage":{"@id":"https:\/\/fuentesfidedignas.com.mx\/index.php\/2026\/03\/10\/nombre-iees-a-enlace-para-el-voto-de-residentes-en-el-extranjero\/#primaryimage"},"image":{"@id":"https:\/\/fuentesfidedignas.com.mx\/index.php\/2026\/03\/10\/nombre-iees-a-enlace-para-el-voto-de-residentes-en-el-extranjero\/#primaryimage"},"thumbnailUrl":"https:\/\/fuentesfidedignas.com.mx\/wp-content\/uploads\/2026\/03\/ec12befe-401e-4d47-90c5-f03d574adf47.jpg","datePublished":"2026-03-10T21:24:18+00:00","breadcrumb":{"@id":"https:\/\/fuentesfidedignas.com.mx\/index.php\/2026\/03\/10\/nombre-iees-a-enlace-para-el-voto-de-residentes-en-el-extranjero\/#breadcrumb"},"inLanguage":"es","potentialAction":[{"@type":"ReadAction","target":["https:\/\/fuentesfidedignas.com.mx\/index.php\/2026\/03\/10\/nombre-iees-a-enlace-para-el-voto-de-residentes-en-el-extranjero\/"]}]},{"@type":"ImageObject","inLanguage":"es","@id":"https:\/\/fuentesfidedignas.com.mx\/index.php\/2026\/03\/10\/nombre-iees-a-enlace-para-el-voto-de-residentes-en-el-extranjero\/#primaryimage","url":"https:\/\/fuentesfidedignas.com.mx\/wp-content\/uploads\/2026\/03\/ec12befe-401e-4d47-90c5-f03d574adf47.jpg","contentUrl":"https:\/\/fuentesfidedignas.com.mx\/wp-content\/uploads\/2026\/03\/ec12befe-401e-4d47-90c5-f03d574adf47.jpg","width":1321,"height":741},{"@type":"BreadcrumbList","@id":"https:\/\/fuentesfidedignas.com.mx\/index.php\/2026\/03\/10\/nombre-iees-a-enlace-para-el-voto-de-residentes-en-el-extranjero\/#breadcrumb","itemListElement":[{"@type":"ListItem","position":1,"name":"Inicio","item":"https:\/\/fuentesfidedignas.com.mx\/"},{"@type":"ListItem","position":2,"name":"Nombre IEES a enlace para el voto de residentes en el extranjero"}]},{"@type":"WebSite","@id":"https:\/\/fuentesfidedignas.com.mx\/#website","url":"https:\/\/fuentesfidedignas.com.mx\/","name":"Fuentes Fidedignas","description":"Otro sitio realizado con WordPress","publisher":{"@id":"https:\/\/fuentesfidedignas.com.mx\/#organization"},"potentialAction":[{"@type":"SearchAction","target":{"@type":"EntryPoint","urlTemplate":"https:\/\/fuentesfidedignas.com.mx\/?s={search_term_string}"},"query-input":{"@type":"PropertyValueSpecification","valueRequired":true,"valueName":"search_term_string"}}],"inLanguage":"es"},{"@type":"Organization","@id":"https:\/\/fuentesfidedignas.com.mx\/#organization","name":"Fuentes Fidedignas","url":"https:\/\/fuentesfidedignas.com.mx\/","logo":{"@type":"ImageObject","inLanguage":"es","@id":"https:\/\/fuentesfidedignas.com.mx\/#\/schema\/logo\/image\/","url":"https:\/\/fuentesfidedignas.com.mx\/wp-content\/uploads\/2021\/04\/logo-retina.png","contentUrl":"https:\/\/fuentesfidedignas.com.mx\/wp-content\/uploads\/2021\/04\/logo-retina.png","width":280,"height":51,"caption":"Fuentes Fidedignas"},"image":{"@id":"https:\/\/fuentesfidedignas.com.mx\/#\/schema\/logo\/image\/"},"sameAs":["https:\/\/www.facebook.com\/Fuentes-Fidedignas-368234489921644","https:\/\/x.com\/fidedignas"]},{"@type":"Person","@id":"https:\/\/fuentesfidedignas.com.mx\/#\/schema\/person\/331be9283d37198e2acd5750279085b0","name":"Redacci\u00f3n","image":{"@type":"ImageObject","inLanguage":"es","@id":"https:\/\/secure.gravatar.com\/avatar\/f6d8782c11d12b2d4ad3fbb6931aeab5309937a4d6cd2fc9cfaa28a6396a5aec?s=96&d=mm&r=g","url":"https:\/\/secure.gravatar.com\/avatar\/f6d8782c11d12b2d4ad3fbb6931aeab5309937a4d6cd2fc9cfaa28a6396a5aec?s=96&d=mm&r=g","contentUrl":"https:\/\/secure.gravatar.com\/avatar\/f6d8782c11d12b2d4ad3fbb6931aeab5309937a4d6cd2fc9cfaa28a6396a5aec?s=96&d=mm&r=g","caption":"Redacci\u00f3n"},"url":"https:\/\/fuentesfidedignas.com.mx\/index.php\/author\/redaccion\/"}]}},"_links":{"self":[{"href":"https:\/\/fuentesfidedignas.com.mx\/index.php\/wp-json\/wp\/v2\/posts\/128999","targetHints":{"allow":["GET"]}}],"collection":[{"href":"https:\/\/fuentesfidedignas.com.mx\/index.php\/wp-json\/wp\/v2\/posts"}],"about":[{"href":"https:\/\/fuentesfidedignas.com.mx\/index.php\/wp-json\/wp\/v2\/types\/post"}],"author":[{"embeddable":true,"href":"https:\/\/fuentesfidedignas.com.mx\/index.php\/wp-json\/wp\/v2\/users\/4"}],"replies":[{"embeddable":true,"href":"https:\/\/fuentesfidedignas.com.mx\/index.php\/wp-json\/wp\/v2\/comments?post=128999"}],"version-history":[{"count":1,"href":"https:\/\/fuentesfidedignas.com.mx\/index.php\/wp-json\/wp\/v2\/posts\/128999\/revisions"}],"predecessor-version":[{"id":129000,"href":"https:\/\/fuentesfidedignas.com.mx\/index.php\/wp-json\/wp\/v2\/posts\/128999\/revisions\/129000"}],"wp:featuredmedia":[{"embeddable":true,"href":"https:\/\/fuentesfidedignas.com.mx\/index.php\/wp-json\/wp\/v2\/media\/128998"}],"wp:attachment":[{"href":"https:\/\/fuentesfidedignas.com.mx\/index.php\/wp-json\/wp\/v2\/media?parent=128999"}],"wp:term":[{"taxonomy":"category","embeddable":true,"href":"https:\/\/fuentesfidedignas.com.mx\/index.php\/wp-json\/wp\/v2\/categories?post=128999"},{"taxonomy":"post_tag","embeddable":true,"href":"https:\/\/fuentesfidedignas.com.mx\/index.php\/wp-json\/wp\/v2\/tags?post=128999"}],"curies":[{"name":"wp","href":"https:\/\/api.w.org\/{rel}","templated":true}]}}