{"id":128995,"date":"2026-03-10T12:40:09","date_gmt":"2026-03-10T19:40:09","guid":{"rendered":"https:\/\/fuentesfidedignas.com.mx\/?p=128995"},"modified":"2026-03-10T12:40:19","modified_gmt":"2026-03-10T19:40:19","slug":"destaca-ambrocio-chavez-relevancia-de-la-feria-gastronomica-del-garbanzo-2026","status":"publish","type":"post","link":"https:\/\/fuentesfidedignas.com.mx\/index.php\/2026\/03\/10\/destaca-ambrocio-chavez-relevancia-de-la-feria-gastronomica-del-garbanzo-2026\/","title":{"rendered":"Destaca Ambrocio Ch\u00e1vez relevancia de la Feria Gastron\u00f3mica del Garbanzo 2026"},"content":{"rendered":"\n<p><strong><em>El legislador respald\u00f3 los esfuerzos del gobernador Rub\u00e9n Rocha Moya, quien ha mantenido inter\u00e9s permanente para diversificar el mercado de esta semilla, con lo que busca dar mayor valor al garbanzo sinaloense.<\/em><\/strong><\/p>\n\n\n\n<p>Culiac\u00e1n, Sin.- Durante su participaci\u00f3n en la Diputaci\u00f3n Permanente, el diputado Ambrocio Ch\u00e1vez Ch\u00e1vez, como representante ante el Poder Legislativo por la regi\u00f3n del \u00c9vora, zona importante en la producci\u00f3n de garbanzo, aprovech\u00f3 la oportunidad para destacar la celebraci\u00f3n de la Octava Feria Gastron\u00f3mica del Garbanzo en El Progreso, Mocorito, evento con el que, en conjunto con los esfuerzos realizados por el gobernador Rub\u00e9n Rocha Moya, se busca diversificar la industria de esta semilla.<\/p>\n\n\n\n<p>\u201cEn este escenario de lucha para defender toda una tradici\u00f3n agr\u00edcola y de identidad regional, por su simbolismo y el importante mensaje que a todos nos env\u00eda, quiero destacar la organizaci\u00f3n de la Octava Feria Gastron\u00f3mica del Garbanzo, la cual se celebrar\u00e1 en la comunidad de El Progreso, Mocorito, el pr\u00f3ximo s\u00e1bado 14 de marzo. Ah\u00ed se ubica una importante zona de temporal productora de garbanzo, donde se siembran alrededor de 5 mil hect\u00e1reas\u201d, resalt\u00f3.<\/p>\n\n\n\n<p>En ese sentido, Ch\u00e1vez Ch\u00e1vez destac\u00f3 el compromiso del Gobierno del Estado para diversificar los mercados y lograr que la semilla sinaloense llegue a otras latitudes. Como ejemplo, mencion\u00f3 la reciente participaci\u00f3n de productores de garbanzo en la Expo Gulfood Dubai 2026, cumbre internacional de alimentos que acerca a productores, comercializadores y compradores, y de la cual, en los dos a\u00f1os que Sinaloa ha participado, ha rendido frutos.<\/p>\n\n\n\n<p>Resalt\u00f3 que para este ciclo agr\u00edcola se estima una producci\u00f3n de 70 mil toneladas de garbanzo, de las cuales se exporta hasta un 95 por ciento, por lo que destac\u00f3 la importancia de fortalecer la comercializaci\u00f3n y la diversificaci\u00f3n del producto, ya que de esta actividad dependen cientos de familias que viven en la regi\u00f3n del \u00c9vora.<\/p>\n\n\n\n<p>\u201cEn lo personal, como diputado local y representante del Distrito 09 en Sinaloa, tengo un especial compromiso con los productores de garbanzo de los municipios de Salvador Alvarado, Angostura, Mocorito y Navolato. Justamente en el Valle del \u00c9vora se ubica una de las zonas productoras de garbanzo m\u00e1s importantes de todo M\u00e9xico\u201d, finaliz\u00f3.<\/p>\n","protected":false},"excerpt":{"rendered":"<p>El legislador respald\u00f3 los esfuerzos del gobernador Rub\u00e9n Rocha Moya, quien ha mantenido inter\u00e9s permanente para diversificar el mercado de esta semilla, con lo que busca dar mayor valor al garbanzo sinaloense. Culiac\u00e1n, Sin.- Durante su participaci\u00f3n en la Diputaci\u00f3n Permanente, el diputado Ambrocio Ch\u00e1vez Ch\u00e1vez, como representante ante el Poder Legislativo por la regi\u00f3n [&hellip;]<\/p>\n","protected":false},"author":4,"featured_media":128996,"comment_status":"open","ping_status":"open","sticky":false,"template":"","format":"standard","meta":{"tdm_status":"","tdm_grid_status":"","footnotes":""},"categories":[38],"tags":[],"class_list":{"0":"post-128995","1":"post","2":"type-post","3":"status-publish","4":"format-standard","5":"has-post-thumbnail","7":"category-noticias-locales"},"yoast_head":"<!-- This site is optimized with the Yoast SEO plugin v27.5 - https:\/\/yoast.com\/product\/yoast-seo-wordpress\/ -->\n<title>Destaca Ambrocio Ch\u00e1vez relevancia de la Feria Gastron\u00f3mica del Garbanzo 2026 - Fuentes Fidedignas<\/title>\n<meta name=\"robots\" content=\"index, follow, max-snippet:-1, max-image-preview:large, max-video-preview:-1\" \/>\n<link rel=\"canonical\" href=\"https:\/\/fuentesfidedignas.com.mx\/index.php\/2026\/03\/10\/destaca-ambrocio-chavez-relevancia-de-la-feria-gastronomica-del-garbanzo-2026\/\" \/>\n<meta property=\"og:locale\" content=\"es_MX\" \/>\n<meta property=\"og:type\" content=\"article\" \/>\n<meta property=\"og:title\" content=\"Destaca Ambrocio Ch\u00e1vez relevancia de la Feria Gastron\u00f3mica del Garbanzo 2026 - Fuentes Fidedignas\" \/>\n<meta property=\"og:description\" content=\"El legislador respald\u00f3 los esfuerzos del gobernador Rub\u00e9n Rocha Moya, quien ha mantenido inter\u00e9s permanente para diversificar el mercado de esta semilla, con lo que busca dar mayor valor al garbanzo sinaloense. Culiac\u00e1n, Sin.- Durante su participaci\u00f3n en la Diputaci\u00f3n Permanente, el diputado Ambrocio Ch\u00e1vez Ch\u00e1vez, como representante ante el Poder Legislativo por la regi\u00f3n [&hellip;]\" \/>\n<meta property=\"og:url\" content=\"https:\/\/fuentesfidedignas.com.mx\/index.php\/2026\/03\/10\/destaca-ambrocio-chavez-relevancia-de-la-feria-gastronomica-del-garbanzo-2026\/\" \/>\n<meta property=\"og:site_name\" content=\"Fuentes Fidedignas\" \/>\n<meta property=\"article:publisher\" content=\"https:\/\/www.facebook.com\/Fuentes-Fidedignas-368234489921644\" \/>\n<meta property=\"article:published_time\" content=\"2026-03-10T19:40:09+00:00\" \/>\n<meta property=\"article:modified_time\" content=\"2026-03-10T19:40:19+00:00\" \/>\n<meta property=\"og:image\" content=\"https:\/\/fuentesfidedignas.com.mx\/wp-content\/uploads\/2026\/03\/Ambrocio-Chavez2.jpeg\" \/>\n\t<meta property=\"og:image:width\" content=\"500\" \/>\n\t<meta property=\"og:image:height\" content=\"334\" \/>\n\t<meta property=\"og:image:type\" content=\"image\/jpeg\" \/>\n<meta name=\"author\" content=\"Redacci\u00f3n\" \/>\n<meta name=\"twitter:card\" content=\"summary_large_image\" \/>\n<meta name=\"twitter:creator\" content=\"@fidedignas\" \/>\n<meta name=\"twitter:site\" content=\"@fidedignas\" \/>\n<meta name=\"twitter:label1\" content=\"Escrito por\" \/>\n\t<meta name=\"twitter:data1\" content=\"Redacci\u00f3n\" \/>\n\t<meta name=\"twitter:label2\" content=\"Tiempo de lectura\" \/>\n\t<meta name=\"twitter:data2\" content=\"2 minutos\" \/>\n<script type=\"application\/ld+json\" class=\"yoast-schema-graph\">{\"@context\":\"https:\\\/\\\/schema.org\",\"@graph\":[{\"@type\":\"Article\",\"@id\":\"https:\\\/\\\/fuentesfidedignas.com.mx\\\/index.php\\\/2026\\\/03\\\/10\\\/destaca-ambrocio-chavez-relevancia-de-la-feria-gastronomica-del-garbanzo-2026\\\/#article\",\"isPartOf\":{\"@id\":\"https:\\\/\\\/fuentesfidedignas.com.mx\\\/index.php\\\/2026\\\/03\\\/10\\\/destaca-ambrocio-chavez-relevancia-de-la-feria-gastronomica-del-garbanzo-2026\\\/\"},\"author\":{\"name\":\"Redacci\u00f3n\",\"@id\":\"https:\\\/\\\/fuentesfidedignas.com.mx\\\/#\\\/schema\\\/person\\\/331be9283d37198e2acd5750279085b0\"},\"headline\":\"Destaca Ambrocio Ch\u00e1vez relevancia de la Feria Gastron\u00f3mica del Garbanzo 2026\",\"datePublished\":\"2026-03-10T19:40:09+00:00\",\"dateModified\":\"2026-03-10T19:40:19+00:00\",\"mainEntityOfPage\":{\"@id\":\"https:\\\/\\\/fuentesfidedignas.com.mx\\\/index.php\\\/2026\\\/03\\\/10\\\/destaca-ambrocio-chavez-relevancia-de-la-feria-gastronomica-del-garbanzo-2026\\\/\"},\"wordCount\":397,\"commentCount\":0,\"publisher\":{\"@id\":\"https:\\\/\\\/fuentesfidedignas.com.mx\\\/#organization\"},\"image\":{\"@id\":\"https:\\\/\\\/fuentesfidedignas.com.mx\\\/index.php\\\/2026\\\/03\\\/10\\\/destaca-ambrocio-chavez-relevancia-de-la-feria-gastronomica-del-garbanzo-2026\\\/#primaryimage\"},\"thumbnailUrl\":\"https:\\\/\\\/fuentesfidedignas.com.mx\\\/wp-content\\\/uploads\\\/2026\\\/03\\\/Ambrocio-Chavez2.jpeg\",\"articleSection\":[\"NOTICIAS LOCALES\"],\"inLanguage\":\"es\",\"potentialAction\":[{\"@type\":\"CommentAction\",\"name\":\"Comment\",\"target\":[\"https:\\\/\\\/fuentesfidedignas.com.mx\\\/index.php\\\/2026\\\/03\\\/10\\\/destaca-ambrocio-chavez-relevancia-de-la-feria-gastronomica-del-garbanzo-2026\\\/#respond\"]}]},{\"@type\":\"WebPage\",\"@id\":\"https:\\\/\\\/fuentesfidedignas.com.mx\\\/index.php\\\/2026\\\/03\\\/10\\\/destaca-ambrocio-chavez-relevancia-de-la-feria-gastronomica-del-garbanzo-2026\\\/\",\"url\":\"https:\\\/\\\/fuentesfidedignas.com.mx\\\/index.php\\\/2026\\\/03\\\/10\\\/destaca-ambrocio-chavez-relevancia-de-la-feria-gastronomica-del-garbanzo-2026\\\/\",\"name\":\"Destaca Ambrocio Ch\u00e1vez relevancia de la Feria Gastron\u00f3mica del Garbanzo 2026 - Fuentes Fidedignas\",\"isPartOf\":{\"@id\":\"https:\\\/\\\/fuentesfidedignas.com.mx\\\/#website\"},\"primaryImageOfPage\":{\"@id\":\"https:\\\/\\\/fuentesfidedignas.com.mx\\\/index.php\\\/2026\\\/03\\\/10\\\/destaca-ambrocio-chavez-relevancia-de-la-feria-gastronomica-del-garbanzo-2026\\\/#primaryimage\"},\"image\":{\"@id\":\"https:\\\/\\\/fuentesfidedignas.com.mx\\\/index.php\\\/2026\\\/03\\\/10\\\/destaca-ambrocio-chavez-relevancia-de-la-feria-gastronomica-del-garbanzo-2026\\\/#primaryimage\"},\"thumbnailUrl\":\"https:\\\/\\\/fuentesfidedignas.com.mx\\\/wp-content\\\/uploads\\\/2026\\\/03\\\/Ambrocio-Chavez2.jpeg\",\"datePublished\":\"2026-03-10T19:40:09+00:00\",\"dateModified\":\"2026-03-10T19:40:19+00:00\",\"breadcrumb\":{\"@id\":\"https:\\\/\\\/fuentesfidedignas.com.mx\\\/index.php\\\/2026\\\/03\\\/10\\\/destaca-ambrocio-chavez-relevancia-de-la-feria-gastronomica-del-garbanzo-2026\\\/#breadcrumb\"},\"inLanguage\":\"es\",\"potentialAction\":[{\"@type\":\"ReadAction\",\"target\":[\"https:\\\/\\\/fuentesfidedignas.com.mx\\\/index.php\\\/2026\\\/03\\\/10\\\/destaca-ambrocio-chavez-relevancia-de-la-feria-gastronomica-del-garbanzo-2026\\\/\"]}]},{\"@type\":\"ImageObject\",\"inLanguage\":\"es\",\"@id\":\"https:\\\/\\\/fuentesfidedignas.com.mx\\\/index.php\\\/2026\\\/03\\\/10\\\/destaca-ambrocio-chavez-relevancia-de-la-feria-gastronomica-del-garbanzo-2026\\\/#primaryimage\",\"url\":\"https:\\\/\\\/fuentesfidedignas.com.mx\\\/wp-content\\\/uploads\\\/2026\\\/03\\\/Ambrocio-Chavez2.jpeg\",\"contentUrl\":\"https:\\\/\\\/fuentesfidedignas.com.mx\\\/wp-content\\\/uploads\\\/2026\\\/03\\\/Ambrocio-Chavez2.jpeg\",\"width\":500,\"height\":334},{\"@type\":\"BreadcrumbList\",\"@id\":\"https:\\\/\\\/fuentesfidedignas.com.mx\\\/index.php\\\/2026\\\/03\\\/10\\\/destaca-ambrocio-chavez-relevancia-de-la-feria-gastronomica-del-garbanzo-2026\\\/#breadcrumb\",\"itemListElement\":[{\"@type\":\"ListItem\",\"position\":1,\"name\":\"Inicio\",\"item\":\"https:\\\/\\\/fuentesfidedignas.com.mx\\\/\"},{\"@type\":\"ListItem\",\"position\":2,\"name\":\"Destaca Ambrocio Ch\u00e1vez relevancia de la Feria Gastron\u00f3mica del Garbanzo 2026\"}]},{\"@type\":\"WebSite\",\"@id\":\"https:\\\/\\\/fuentesfidedignas.com.mx\\\/#website\",\"url\":\"https:\\\/\\\/fuentesfidedignas.com.mx\\\/\",\"name\":\"Fuentes Fidedignas\",\"description\":\"Otro sitio realizado con WordPress\",\"publisher\":{\"@id\":\"https:\\\/\\\/fuentesfidedignas.com.mx\\\/#organization\"},\"potentialAction\":[{\"@type\":\"SearchAction\",\"target\":{\"@type\":\"EntryPoint\",\"urlTemplate\":\"https:\\\/\\\/fuentesfidedignas.com.mx\\\/?s={search_term_string}\"},\"query-input\":{\"@type\":\"PropertyValueSpecification\",\"valueRequired\":true,\"valueName\":\"search_term_string\"}}],\"inLanguage\":\"es\"},{\"@type\":\"Organization\",\"@id\":\"https:\\\/\\\/fuentesfidedignas.com.mx\\\/#organization\",\"name\":\"Fuentes Fidedignas\",\"url\":\"https:\\\/\\\/fuentesfidedignas.com.mx\\\/\",\"logo\":{\"@type\":\"ImageObject\",\"inLanguage\":\"es\",\"@id\":\"https:\\\/\\\/fuentesfidedignas.com.mx\\\/#\\\/schema\\\/logo\\\/image\\\/\",\"url\":\"https:\\\/\\\/fuentesfidedignas.com.mx\\\/wp-content\\\/uploads\\\/2021\\\/04\\\/logo-retina.png\",\"contentUrl\":\"https:\\\/\\\/fuentesfidedignas.com.mx\\\/wp-content\\\/uploads\\\/2021\\\/04\\\/logo-retina.png\",\"width\":280,\"height\":51,\"caption\":\"Fuentes Fidedignas\"},\"image\":{\"@id\":\"https:\\\/\\\/fuentesfidedignas.com.mx\\\/#\\\/schema\\\/logo\\\/image\\\/\"},\"sameAs\":[\"https:\\\/\\\/www.facebook.com\\\/Fuentes-Fidedignas-368234489921644\",\"https:\\\/\\\/x.com\\\/fidedignas\"]},{\"@type\":\"Person\",\"@id\":\"https:\\\/\\\/fuentesfidedignas.com.mx\\\/#\\\/schema\\\/person\\\/331be9283d37198e2acd5750279085b0\",\"name\":\"Redacci\u00f3n\",\"image\":{\"@type\":\"ImageObject\",\"inLanguage\":\"es\",\"@id\":\"https:\\\/\\\/secure.gravatar.com\\\/avatar\\\/f6d8782c11d12b2d4ad3fbb6931aeab5309937a4d6cd2fc9cfaa28a6396a5aec?s=96&d=mm&r=g\",\"url\":\"https:\\\/\\\/secure.gravatar.com\\\/avatar\\\/f6d8782c11d12b2d4ad3fbb6931aeab5309937a4d6cd2fc9cfaa28a6396a5aec?s=96&d=mm&r=g\",\"contentUrl\":\"https:\\\/\\\/secure.gravatar.com\\\/avatar\\\/f6d8782c11d12b2d4ad3fbb6931aeab5309937a4d6cd2fc9cfaa28a6396a5aec?s=96&d=mm&r=g\",\"caption\":\"Redacci\u00f3n\"},\"url\":\"https:\\\/\\\/fuentesfidedignas.com.mx\\\/index.php\\\/author\\\/redaccion\\\/\"}]}<\/script>\n<!-- \/ Yoast SEO plugin. -->","yoast_head_json":{"title":"Destaca Ambrocio Ch\u00e1vez relevancia de la Feria Gastron\u00f3mica del Garbanzo 2026 - Fuentes Fidedignas","robots":{"index":"index","follow":"follow","max-snippet":"max-snippet:-1","max-image-preview":"max-image-preview:large","max-video-preview":"max-video-preview:-1"},"canonical":"https:\/\/fuentesfidedignas.com.mx\/index.php\/2026\/03\/10\/destaca-ambrocio-chavez-relevancia-de-la-feria-gastronomica-del-garbanzo-2026\/","og_locale":"es_MX","og_type":"article","og_title":"Destaca Ambrocio Ch\u00e1vez relevancia de la Feria Gastron\u00f3mica del Garbanzo 2026 - Fuentes Fidedignas","og_description":"El legislador respald\u00f3 los esfuerzos del gobernador Rub\u00e9n Rocha Moya, quien ha mantenido inter\u00e9s permanente para diversificar el mercado de esta semilla, con lo que busca dar mayor valor al garbanzo sinaloense. Culiac\u00e1n, Sin.- Durante su participaci\u00f3n en la Diputaci\u00f3n Permanente, el diputado Ambrocio Ch\u00e1vez Ch\u00e1vez, como representante ante el Poder Legislativo por la regi\u00f3n [&hellip;]","og_url":"https:\/\/fuentesfidedignas.com.mx\/index.php\/2026\/03\/10\/destaca-ambrocio-chavez-relevancia-de-la-feria-gastronomica-del-garbanzo-2026\/","og_site_name":"Fuentes Fidedignas","article_publisher":"https:\/\/www.facebook.com\/Fuentes-Fidedignas-368234489921644","article_published_time":"2026-03-10T19:40:09+00:00","article_modified_time":"2026-03-10T19:40:19+00:00","og_image":[{"width":500,"height":334,"url":"https:\/\/fuentesfidedignas.com.mx\/wp-content\/uploads\/2026\/03\/Ambrocio-Chavez2.jpeg","type":"image\/jpeg"}],"author":"Redacci\u00f3n","twitter_card":"summary_large_image","twitter_creator":"@fidedignas","twitter_site":"@fidedignas","twitter_misc":{"Escrito por":"Redacci\u00f3n","Tiempo de lectura":"2 minutos"},"schema":{"@context":"https:\/\/schema.org","@graph":[{"@type":"Article","@id":"https:\/\/fuentesfidedignas.com.mx\/index.php\/2026\/03\/10\/destaca-ambrocio-chavez-relevancia-de-la-feria-gastronomica-del-garbanzo-2026\/#article","isPartOf":{"@id":"https:\/\/fuentesfidedignas.com.mx\/index.php\/2026\/03\/10\/destaca-ambrocio-chavez-relevancia-de-la-feria-gastronomica-del-garbanzo-2026\/"},"author":{"name":"Redacci\u00f3n","@id":"https:\/\/fuentesfidedignas.com.mx\/#\/schema\/person\/331be9283d37198e2acd5750279085b0"},"headline":"Destaca Ambrocio Ch\u00e1vez relevancia de la Feria Gastron\u00f3mica del Garbanzo 2026","datePublished":"2026-03-10T19:40:09+00:00","dateModified":"2026-03-10T19:40:19+00:00","mainEntityOfPage":{"@id":"https:\/\/fuentesfidedignas.com.mx\/index.php\/2026\/03\/10\/destaca-ambrocio-chavez-relevancia-de-la-feria-gastronomica-del-garbanzo-2026\/"},"wordCount":397,"commentCount":0,"publisher":{"@id":"https:\/\/fuentesfidedignas.com.mx\/#organization"},"image":{"@id":"https:\/\/fuentesfidedignas.com.mx\/index.php\/2026\/03\/10\/destaca-ambrocio-chavez-relevancia-de-la-feria-gastronomica-del-garbanzo-2026\/#primaryimage"},"thumbnailUrl":"https:\/\/fuentesfidedignas.com.mx\/wp-content\/uploads\/2026\/03\/Ambrocio-Chavez2.jpeg","articleSection":["NOTICIAS LOCALES"],"inLanguage":"es","potentialAction":[{"@type":"CommentAction","name":"Comment","target":["https:\/\/fuentesfidedignas.com.mx\/index.php\/2026\/03\/10\/destaca-ambrocio-chavez-relevancia-de-la-feria-gastronomica-del-garbanzo-2026\/#respond"]}]},{"@type":"WebPage","@id":"https:\/\/fuentesfidedignas.com.mx\/index.php\/2026\/03\/10\/destaca-ambrocio-chavez-relevancia-de-la-feria-gastronomica-del-garbanzo-2026\/","url":"https:\/\/fuentesfidedignas.com.mx\/index.php\/2026\/03\/10\/destaca-ambrocio-chavez-relevancia-de-la-feria-gastronomica-del-garbanzo-2026\/","name":"Destaca Ambrocio Ch\u00e1vez relevancia de la Feria Gastron\u00f3mica del Garbanzo 2026 - Fuentes Fidedignas","isPartOf":{"@id":"https:\/\/fuentesfidedignas.com.mx\/#website"},"primaryImageOfPage":{"@id":"https:\/\/fuentesfidedignas.com.mx\/index.php\/2026\/03\/10\/destaca-ambrocio-chavez-relevancia-de-la-feria-gastronomica-del-garbanzo-2026\/#primaryimage"},"image":{"@id":"https:\/\/fuentesfidedignas.com.mx\/index.php\/2026\/03\/10\/destaca-ambrocio-chavez-relevancia-de-la-feria-gastronomica-del-garbanzo-2026\/#primaryimage"},"thumbnailUrl":"https:\/\/fuentesfidedignas.com.mx\/wp-content\/uploads\/2026\/03\/Ambrocio-Chavez2.jpeg","datePublished":"2026-03-10T19:40:09+00:00","dateModified":"2026-03-10T19:40:19+00:00","breadcrumb":{"@id":"https:\/\/fuentesfidedignas.com.mx\/index.php\/2026\/03\/10\/destaca-ambrocio-chavez-relevancia-de-la-feria-gastronomica-del-garbanzo-2026\/#breadcrumb"},"inLanguage":"es","potentialAction":[{"@type":"ReadAction","target":["https:\/\/fuentesfidedignas.com.mx\/index.php\/2026\/03\/10\/destaca-ambrocio-chavez-relevancia-de-la-feria-gastronomica-del-garbanzo-2026\/"]}]},{"@type":"ImageObject","inLanguage":"es","@id":"https:\/\/fuentesfidedignas.com.mx\/index.php\/2026\/03\/10\/destaca-ambrocio-chavez-relevancia-de-la-feria-gastronomica-del-garbanzo-2026\/#primaryimage","url":"https:\/\/fuentesfidedignas.com.mx\/wp-content\/uploads\/2026\/03\/Ambrocio-Chavez2.jpeg","contentUrl":"https:\/\/fuentesfidedignas.com.mx\/wp-content\/uploads\/2026\/03\/Ambrocio-Chavez2.jpeg","width":500,"height":334},{"@type":"BreadcrumbList","@id":"https:\/\/fuentesfidedignas.com.mx\/index.php\/2026\/03\/10\/destaca-ambrocio-chavez-relevancia-de-la-feria-gastronomica-del-garbanzo-2026\/#breadcrumb","itemListElement":[{"@type":"ListItem","position":1,"name":"Inicio","item":"https:\/\/fuentesfidedignas.com.mx\/"},{"@type":"ListItem","position":2,"name":"Destaca Ambrocio Ch\u00e1vez relevancia de la Feria Gastron\u00f3mica del Garbanzo 2026"}]},{"@type":"WebSite","@id":"https:\/\/fuentesfidedignas.com.mx\/#website","url":"https:\/\/fuentesfidedignas.com.mx\/","name":"Fuentes Fidedignas","description":"Otro sitio realizado con WordPress","publisher":{"@id":"https:\/\/fuentesfidedignas.com.mx\/#organization"},"potentialAction":[{"@type":"SearchAction","target":{"@type":"EntryPoint","urlTemplate":"https:\/\/fuentesfidedignas.com.mx\/?s={search_term_string}"},"query-input":{"@type":"PropertyValueSpecification","valueRequired":true,"valueName":"search_term_string"}}],"inLanguage":"es"},{"@type":"Organization","@id":"https:\/\/fuentesfidedignas.com.mx\/#organization","name":"Fuentes Fidedignas","url":"https:\/\/fuentesfidedignas.com.mx\/","logo":{"@type":"ImageObject","inLanguage":"es","@id":"https:\/\/fuentesfidedignas.com.mx\/#\/schema\/logo\/image\/","url":"https:\/\/fuentesfidedignas.com.mx\/wp-content\/uploads\/2021\/04\/logo-retina.png","contentUrl":"https:\/\/fuentesfidedignas.com.mx\/wp-content\/uploads\/2021\/04\/logo-retina.png","width":280,"height":51,"caption":"Fuentes Fidedignas"},"image":{"@id":"https:\/\/fuentesfidedignas.com.mx\/#\/schema\/logo\/image\/"},"sameAs":["https:\/\/www.facebook.com\/Fuentes-Fidedignas-368234489921644","https:\/\/x.com\/fidedignas"]},{"@type":"Person","@id":"https:\/\/fuentesfidedignas.com.mx\/#\/schema\/person\/331be9283d37198e2acd5750279085b0","name":"Redacci\u00f3n","image":{"@type":"ImageObject","inLanguage":"es","@id":"https:\/\/secure.gravatar.com\/avatar\/f6d8782c11d12b2d4ad3fbb6931aeab5309937a4d6cd2fc9cfaa28a6396a5aec?s=96&d=mm&r=g","url":"https:\/\/secure.gravatar.com\/avatar\/f6d8782c11d12b2d4ad3fbb6931aeab5309937a4d6cd2fc9cfaa28a6396a5aec?s=96&d=mm&r=g","contentUrl":"https:\/\/secure.gravatar.com\/avatar\/f6d8782c11d12b2d4ad3fbb6931aeab5309937a4d6cd2fc9cfaa28a6396a5aec?s=96&d=mm&r=g","caption":"Redacci\u00f3n"},"url":"https:\/\/fuentesfidedignas.com.mx\/index.php\/author\/redaccion\/"}]}},"_links":{"self":[{"href":"https:\/\/fuentesfidedignas.com.mx\/index.php\/wp-json\/wp\/v2\/posts\/128995","targetHints":{"allow":["GET"]}}],"collection":[{"href":"https:\/\/fuentesfidedignas.com.mx\/index.php\/wp-json\/wp\/v2\/posts"}],"about":[{"href":"https:\/\/fuentesfidedignas.com.mx\/index.php\/wp-json\/wp\/v2\/types\/post"}],"author":[{"embeddable":true,"href":"https:\/\/fuentesfidedignas.com.mx\/index.php\/wp-json\/wp\/v2\/users\/4"}],"replies":[{"embeddable":true,"href":"https:\/\/fuentesfidedignas.com.mx\/index.php\/wp-json\/wp\/v2\/comments?post=128995"}],"version-history":[{"count":1,"href":"https:\/\/fuentesfidedignas.com.mx\/index.php\/wp-json\/wp\/v2\/posts\/128995\/revisions"}],"predecessor-version":[{"id":128997,"href":"https:\/\/fuentesfidedignas.com.mx\/index.php\/wp-json\/wp\/v2\/posts\/128995\/revisions\/128997"}],"wp:featuredmedia":[{"embeddable":true,"href":"https:\/\/fuentesfidedignas.com.mx\/index.php\/wp-json\/wp\/v2\/media\/128996"}],"wp:attachment":[{"href":"https:\/\/fuentesfidedignas.com.mx\/index.php\/wp-json\/wp\/v2\/media?parent=128995"}],"wp:term":[{"taxonomy":"category","embeddable":true,"href":"https:\/\/fuentesfidedignas.com.mx\/index.php\/wp-json\/wp\/v2\/categories?post=128995"},{"taxonomy":"post_tag","embeddable":true,"href":"https:\/\/fuentesfidedignas.com.mx\/index.php\/wp-json\/wp\/v2\/tags?post=128995"}],"curies":[{"name":"wp","href":"https:\/\/api.w.org\/{rel}","templated":true}]}}