{"id":128988,"date":"2026-03-11T00:13:00","date_gmt":"2026-03-11T07:13:00","guid":{"rendered":"https:\/\/fuentesfidedignas.com.mx\/?p=128988"},"modified":"2026-03-10T12:24:38","modified_gmt":"2026-03-10T19:24:38","slug":"acompana-a-su-novia-a-marchar-por-el-dia-de-la-mujer-y-es-expuesto-como-deudor-alimentario-video","status":"publish","type":"post","link":"https:\/\/fuentesfidedignas.com.mx\/index.php\/2026\/03\/11\/acompana-a-su-novia-a-marchar-por-el-dia-de-la-mujer-y-es-expuesto-como-deudor-alimentario-video\/","title":{"rendered":"Acompa\u00f1a a su novia a marchar por el D\u00eda de la Mujer y es expuesto como deudor alimentario (VIDEO)"},"content":{"rendered":"\n<p>Un hombre fue forzado a abandonar una marcha por el D\u00eda de la Mujer, a la que acudi\u00f3 en compa\u00f1\u00eda de su novia, luego de que su expareja le reclamara en p\u00fablico por no cubrir las cuotas de alimentaci\u00f3n del hijo que tienen en com\u00fan. El presunto infractor hab\u00eda llamado la atenci\u00f3n de los asistentes porque llevaba escrita la frase: &#8220;Me callo para que ellas hablen&#8221; sobre su torso desnudo. El hecho sucedi\u00f3 en la ciudad mexicana de Tlaxcala y se viraliz\u00f3 r\u00e1pidamente en las redes sociales.<\/p>\n\n\n\n<figure class=\"wp-block-embed is-type-rich is-provider-twitter wp-block-embed-twitter\"><div class=\"wp-block-embed__wrapper\">\n<blockquote class=\"twitter-tweet\" data-width=\"550\" data-dnt=\"true\"><p lang=\"es\" dir=\"ltr\">Un pndjo fue con su novia a la marcha del <a href=\"https:\/\/twitter.com\/hashtag\/8Marzo?src=hash&amp;ref_src=twsrc%5Etfw\">#8Marzo<\/a> con la frase \u201cme callo para que ellas hablen\u201d, lo que no se esperaba es que su ex tambi\u00e9n andaba en la marcha y se le acerc\u00f3 para recordarle que tienen un hijo juntos y no le da pensi\u00f3n JAJAJAJAJAJA qu\u00e9 gozada. <a href=\"https:\/\/t.co\/GoQl0FwZEf\">pic.twitter.com\/GoQl0FwZEf<\/a><\/p>&mdash; Q U E E N (@dimeperra) <a href=\"https:\/\/twitter.com\/dimeperra\/status\/2030834031319761092?ref_src=twsrc%5Etfw\">March 9, 2026<\/a><\/blockquote><script async src=\"https:\/\/platform.twitter.com\/widgets.js\" charset=\"utf-8\"><\/script>\n<\/div><\/figure>\n","protected":false},"excerpt":{"rendered":"<p>Un hombre fue forzado a abandonar una marcha por el D\u00eda de la Mujer, a la que acudi\u00f3 en compa\u00f1\u00eda de su novia, luego de que su expareja le reclamara en p\u00fablico por no cubrir las cuotas de alimentaci\u00f3n del hijo que tienen en com\u00fan. El presunto infractor hab\u00eda llamado la atenci\u00f3n de los asistentes [&hellip;]<\/p>\n","protected":false},"author":38,"featured_media":128990,"comment_status":"open","ping_status":"open","sticky":false,"template":"","format":"standard","meta":{"tdm_status":"","tdm_grid_status":"","footnotes":""},"categories":[40],"tags":[],"class_list":{"0":"post-128988","1":"post","2":"type-post","3":"status-publish","4":"format-standard","5":"has-post-thumbnail","7":"category-las-asombrosas"},"yoast_head":"<!-- This site is optimized with the Yoast SEO plugin v27.4 - https:\/\/yoast.com\/product\/yoast-seo-wordpress\/ -->\n<title>Acompa\u00f1a a su novia a marchar por el D\u00eda de la Mujer y es expuesto como deudor alimentario (VIDEO) - Fuentes Fidedignas<\/title>\n<meta name=\"robots\" content=\"index, follow, max-snippet:-1, max-image-preview:large, max-video-preview:-1\" \/>\n<link rel=\"canonical\" href=\"https:\/\/fuentesfidedignas.com.mx\/index.php\/2026\/03\/11\/acompana-a-su-novia-a-marchar-por-el-dia-de-la-mujer-y-es-expuesto-como-deudor-alimentario-video\/\" \/>\n<meta property=\"og:locale\" content=\"es_MX\" \/>\n<meta property=\"og:type\" content=\"article\" \/>\n<meta property=\"og:title\" content=\"Acompa\u00f1a a su novia a marchar por el D\u00eda de la Mujer y es expuesto como deudor alimentario (VIDEO) - Fuentes Fidedignas\" \/>\n<meta property=\"og:description\" content=\"Un hombre fue forzado a abandonar una marcha por el D\u00eda de la Mujer, a la que acudi\u00f3 en compa\u00f1\u00eda de su novia, luego de que su expareja le reclamara en p\u00fablico por no cubrir las cuotas de alimentaci\u00f3n del hijo que tienen en com\u00fan. El presunto infractor hab\u00eda llamado la atenci\u00f3n de los asistentes [&hellip;]\" \/>\n<meta property=\"og:url\" content=\"https:\/\/fuentesfidedignas.com.mx\/index.php\/2026\/03\/11\/acompana-a-su-novia-a-marchar-por-el-dia-de-la-mujer-y-es-expuesto-como-deudor-alimentario-video\/\" \/>\n<meta property=\"og:site_name\" content=\"Fuentes Fidedignas\" \/>\n<meta property=\"article:publisher\" content=\"https:\/\/www.facebook.com\/Fuentes-Fidedignas-368234489921644\" \/>\n<meta property=\"article:published_time\" content=\"2026-03-11T07:13:00+00:00\" \/>\n<meta property=\"og:image\" content=\"https:\/\/fuentesfidedignas.com.mx\/wp-content\/uploads\/2026\/03\/69af400de9ff7103b87d4728.jpg\" \/>\n\t<meta property=\"og:image:width\" content=\"1104\" \/>\n\t<meta property=\"og:image:height\" content=\"622\" \/>\n\t<meta property=\"og:image:type\" content=\"image\/jpeg\" \/>\n<meta name=\"author\" content=\"Actualidad RT\" \/>\n<meta name=\"twitter:card\" content=\"summary_large_image\" \/>\n<meta name=\"twitter:creator\" content=\"@fidedignas\" \/>\n<meta name=\"twitter:site\" content=\"@fidedignas\" \/>\n<meta name=\"twitter:label1\" content=\"Escrito por\" \/>\n\t<meta name=\"twitter:data1\" content=\"Actualidad RT\" \/>\n\t<meta name=\"twitter:label2\" content=\"Tiempo de lectura\" \/>\n\t<meta name=\"twitter:data2\" content=\"1 minuto\" \/>\n<script type=\"application\/ld+json\" class=\"yoast-schema-graph\">{\"@context\":\"https:\\\/\\\/schema.org\",\"@graph\":[{\"@type\":\"Article\",\"@id\":\"https:\\\/\\\/fuentesfidedignas.com.mx\\\/index.php\\\/2026\\\/03\\\/11\\\/acompana-a-su-novia-a-marchar-por-el-dia-de-la-mujer-y-es-expuesto-como-deudor-alimentario-video\\\/#article\",\"isPartOf\":{\"@id\":\"https:\\\/\\\/fuentesfidedignas.com.mx\\\/index.php\\\/2026\\\/03\\\/11\\\/acompana-a-su-novia-a-marchar-por-el-dia-de-la-mujer-y-es-expuesto-como-deudor-alimentario-video\\\/\"},\"author\":{\"name\":\"Actualidad RT\",\"@id\":\"https:\\\/\\\/fuentesfidedignas.com.mx\\\/#\\\/schema\\\/person\\\/eade03a5d4a96f9b557ac266e3d63718\"},\"headline\":\"Acompa\u00f1a a su novia a marchar por el D\u00eda de la Mujer y es expuesto como deudor alimentario (VIDEO)\",\"datePublished\":\"2026-03-11T07:13:00+00:00\",\"mainEntityOfPage\":{\"@id\":\"https:\\\/\\\/fuentesfidedignas.com.mx\\\/index.php\\\/2026\\\/03\\\/11\\\/acompana-a-su-novia-a-marchar-por-el-dia-de-la-mujer-y-es-expuesto-como-deudor-alimentario-video\\\/\"},\"wordCount\":154,\"commentCount\":0,\"publisher\":{\"@id\":\"https:\\\/\\\/fuentesfidedignas.com.mx\\\/#organization\"},\"image\":{\"@id\":\"https:\\\/\\\/fuentesfidedignas.com.mx\\\/index.php\\\/2026\\\/03\\\/11\\\/acompana-a-su-novia-a-marchar-por-el-dia-de-la-mujer-y-es-expuesto-como-deudor-alimentario-video\\\/#primaryimage\"},\"thumbnailUrl\":\"https:\\\/\\\/fuentesfidedignas.com.mx\\\/wp-content\\\/uploads\\\/2026\\\/03\\\/69af400de9ff7103b87d4728.jpg\",\"articleSection\":[\"LAS ASOMBROSAS\"],\"inLanguage\":\"es\",\"potentialAction\":[{\"@type\":\"CommentAction\",\"name\":\"Comment\",\"target\":[\"https:\\\/\\\/fuentesfidedignas.com.mx\\\/index.php\\\/2026\\\/03\\\/11\\\/acompana-a-su-novia-a-marchar-por-el-dia-de-la-mujer-y-es-expuesto-como-deudor-alimentario-video\\\/#respond\"]}]},{\"@type\":\"WebPage\",\"@id\":\"https:\\\/\\\/fuentesfidedignas.com.mx\\\/index.php\\\/2026\\\/03\\\/11\\\/acompana-a-su-novia-a-marchar-por-el-dia-de-la-mujer-y-es-expuesto-como-deudor-alimentario-video\\\/\",\"url\":\"https:\\\/\\\/fuentesfidedignas.com.mx\\\/index.php\\\/2026\\\/03\\\/11\\\/acompana-a-su-novia-a-marchar-por-el-dia-de-la-mujer-y-es-expuesto-como-deudor-alimentario-video\\\/\",\"name\":\"Acompa\u00f1a a su novia a marchar por el D\u00eda de la Mujer y es expuesto como deudor alimentario (VIDEO) - Fuentes Fidedignas\",\"isPartOf\":{\"@id\":\"https:\\\/\\\/fuentesfidedignas.com.mx\\\/#website\"},\"primaryImageOfPage\":{\"@id\":\"https:\\\/\\\/fuentesfidedignas.com.mx\\\/index.php\\\/2026\\\/03\\\/11\\\/acompana-a-su-novia-a-marchar-por-el-dia-de-la-mujer-y-es-expuesto-como-deudor-alimentario-video\\\/#primaryimage\"},\"image\":{\"@id\":\"https:\\\/\\\/fuentesfidedignas.com.mx\\\/index.php\\\/2026\\\/03\\\/11\\\/acompana-a-su-novia-a-marchar-por-el-dia-de-la-mujer-y-es-expuesto-como-deudor-alimentario-video\\\/#primaryimage\"},\"thumbnailUrl\":\"https:\\\/\\\/fuentesfidedignas.com.mx\\\/wp-content\\\/uploads\\\/2026\\\/03\\\/69af400de9ff7103b87d4728.jpg\",\"datePublished\":\"2026-03-11T07:13:00+00:00\",\"breadcrumb\":{\"@id\":\"https:\\\/\\\/fuentesfidedignas.com.mx\\\/index.php\\\/2026\\\/03\\\/11\\\/acompana-a-su-novia-a-marchar-por-el-dia-de-la-mujer-y-es-expuesto-como-deudor-alimentario-video\\\/#breadcrumb\"},\"inLanguage\":\"es\",\"potentialAction\":[{\"@type\":\"ReadAction\",\"target\":[\"https:\\\/\\\/fuentesfidedignas.com.mx\\\/index.php\\\/2026\\\/03\\\/11\\\/acompana-a-su-novia-a-marchar-por-el-dia-de-la-mujer-y-es-expuesto-como-deudor-alimentario-video\\\/\"]}]},{\"@type\":\"ImageObject\",\"inLanguage\":\"es\",\"@id\":\"https:\\\/\\\/fuentesfidedignas.com.mx\\\/index.php\\\/2026\\\/03\\\/11\\\/acompana-a-su-novia-a-marchar-por-el-dia-de-la-mujer-y-es-expuesto-como-deudor-alimentario-video\\\/#primaryimage\",\"url\":\"https:\\\/\\\/fuentesfidedignas.com.mx\\\/wp-content\\\/uploads\\\/2026\\\/03\\\/69af400de9ff7103b87d4728.jpg\",\"contentUrl\":\"https:\\\/\\\/fuentesfidedignas.com.mx\\\/wp-content\\\/uploads\\\/2026\\\/03\\\/69af400de9ff7103b87d4728.jpg\",\"width\":1104,\"height\":622},{\"@type\":\"BreadcrumbList\",\"@id\":\"https:\\\/\\\/fuentesfidedignas.com.mx\\\/index.php\\\/2026\\\/03\\\/11\\\/acompana-a-su-novia-a-marchar-por-el-dia-de-la-mujer-y-es-expuesto-como-deudor-alimentario-video\\\/#breadcrumb\",\"itemListElement\":[{\"@type\":\"ListItem\",\"position\":1,\"name\":\"Inicio\",\"item\":\"https:\\\/\\\/fuentesfidedignas.com.mx\\\/\"},{\"@type\":\"ListItem\",\"position\":2,\"name\":\"Acompa\u00f1a a su novia a marchar por el D\u00eda de la Mujer y es expuesto como deudor alimentario (VIDEO)\"}]},{\"@type\":\"WebSite\",\"@id\":\"https:\\\/\\\/fuentesfidedignas.com.mx\\\/#website\",\"url\":\"https:\\\/\\\/fuentesfidedignas.com.mx\\\/\",\"name\":\"Fuentes Fidedignas\",\"description\":\"Otro sitio realizado con WordPress\",\"publisher\":{\"@id\":\"https:\\\/\\\/fuentesfidedignas.com.mx\\\/#organization\"},\"potentialAction\":[{\"@type\":\"SearchAction\",\"target\":{\"@type\":\"EntryPoint\",\"urlTemplate\":\"https:\\\/\\\/fuentesfidedignas.com.mx\\\/?s={search_term_string}\"},\"query-input\":{\"@type\":\"PropertyValueSpecification\",\"valueRequired\":true,\"valueName\":\"search_term_string\"}}],\"inLanguage\":\"es\"},{\"@type\":\"Organization\",\"@id\":\"https:\\\/\\\/fuentesfidedignas.com.mx\\\/#organization\",\"name\":\"Fuentes Fidedignas\",\"url\":\"https:\\\/\\\/fuentesfidedignas.com.mx\\\/\",\"logo\":{\"@type\":\"ImageObject\",\"inLanguage\":\"es\",\"@id\":\"https:\\\/\\\/fuentesfidedignas.com.mx\\\/#\\\/schema\\\/logo\\\/image\\\/\",\"url\":\"https:\\\/\\\/fuentesfidedignas.com.mx\\\/wp-content\\\/uploads\\\/2021\\\/04\\\/logo-retina.png\",\"contentUrl\":\"https:\\\/\\\/fuentesfidedignas.com.mx\\\/wp-content\\\/uploads\\\/2021\\\/04\\\/logo-retina.png\",\"width\":280,\"height\":51,\"caption\":\"Fuentes Fidedignas\"},\"image\":{\"@id\":\"https:\\\/\\\/fuentesfidedignas.com.mx\\\/#\\\/schema\\\/logo\\\/image\\\/\"},\"sameAs\":[\"https:\\\/\\\/www.facebook.com\\\/Fuentes-Fidedignas-368234489921644\",\"https:\\\/\\\/x.com\\\/fidedignas\"]},{\"@type\":\"Person\",\"@id\":\"https:\\\/\\\/fuentesfidedignas.com.mx\\\/#\\\/schema\\\/person\\\/eade03a5d4a96f9b557ac266e3d63718\",\"name\":\"Actualidad RT\",\"image\":{\"@type\":\"ImageObject\",\"inLanguage\":\"es\",\"@id\":\"https:\\\/\\\/secure.gravatar.com\\\/avatar\\\/443e88260a6a7111cf83d7014ab1894f91a4053ffd4e9da37d79effad3a35c81?s=96&d=mm&r=g\",\"url\":\"https:\\\/\\\/secure.gravatar.com\\\/avatar\\\/443e88260a6a7111cf83d7014ab1894f91a4053ffd4e9da37d79effad3a35c81?s=96&d=mm&r=g\",\"contentUrl\":\"https:\\\/\\\/secure.gravatar.com\\\/avatar\\\/443e88260a6a7111cf83d7014ab1894f91a4053ffd4e9da37d79effad3a35c81?s=96&d=mm&r=g\",\"caption\":\"Actualidad RT\"},\"url\":\"https:\\\/\\\/fuentesfidedignas.com.mx\\\/index.php\\\/author\\\/actualidad\\\/\"}]}<\/script>\n<!-- \/ Yoast SEO plugin. -->","yoast_head_json":{"title":"Acompa\u00f1a a su novia a marchar por el D\u00eda de la Mujer y es expuesto como deudor alimentario (VIDEO) - Fuentes Fidedignas","robots":{"index":"index","follow":"follow","max-snippet":"max-snippet:-1","max-image-preview":"max-image-preview:large","max-video-preview":"max-video-preview:-1"},"canonical":"https:\/\/fuentesfidedignas.com.mx\/index.php\/2026\/03\/11\/acompana-a-su-novia-a-marchar-por-el-dia-de-la-mujer-y-es-expuesto-como-deudor-alimentario-video\/","og_locale":"es_MX","og_type":"article","og_title":"Acompa\u00f1a a su novia a marchar por el D\u00eda de la Mujer y es expuesto como deudor alimentario (VIDEO) - Fuentes Fidedignas","og_description":"Un hombre fue forzado a abandonar una marcha por el D\u00eda de la Mujer, a la que acudi\u00f3 en compa\u00f1\u00eda de su novia, luego de que su expareja le reclamara en p\u00fablico por no cubrir las cuotas de alimentaci\u00f3n del hijo que tienen en com\u00fan. El presunto infractor hab\u00eda llamado la atenci\u00f3n de los asistentes [&hellip;]","og_url":"https:\/\/fuentesfidedignas.com.mx\/index.php\/2026\/03\/11\/acompana-a-su-novia-a-marchar-por-el-dia-de-la-mujer-y-es-expuesto-como-deudor-alimentario-video\/","og_site_name":"Fuentes Fidedignas","article_publisher":"https:\/\/www.facebook.com\/Fuentes-Fidedignas-368234489921644","article_published_time":"2026-03-11T07:13:00+00:00","og_image":[{"width":1104,"height":622,"url":"https:\/\/fuentesfidedignas.com.mx\/wp-content\/uploads\/2026\/03\/69af400de9ff7103b87d4728.jpg","type":"image\/jpeg"}],"author":"Actualidad RT","twitter_card":"summary_large_image","twitter_creator":"@fidedignas","twitter_site":"@fidedignas","twitter_misc":{"Escrito por":"Actualidad RT","Tiempo de lectura":"1 minuto"},"schema":{"@context":"https:\/\/schema.org","@graph":[{"@type":"Article","@id":"https:\/\/fuentesfidedignas.com.mx\/index.php\/2026\/03\/11\/acompana-a-su-novia-a-marchar-por-el-dia-de-la-mujer-y-es-expuesto-como-deudor-alimentario-video\/#article","isPartOf":{"@id":"https:\/\/fuentesfidedignas.com.mx\/index.php\/2026\/03\/11\/acompana-a-su-novia-a-marchar-por-el-dia-de-la-mujer-y-es-expuesto-como-deudor-alimentario-video\/"},"author":{"name":"Actualidad RT","@id":"https:\/\/fuentesfidedignas.com.mx\/#\/schema\/person\/eade03a5d4a96f9b557ac266e3d63718"},"headline":"Acompa\u00f1a a su novia a marchar por el D\u00eda de la Mujer y es expuesto como deudor alimentario (VIDEO)","datePublished":"2026-03-11T07:13:00+00:00","mainEntityOfPage":{"@id":"https:\/\/fuentesfidedignas.com.mx\/index.php\/2026\/03\/11\/acompana-a-su-novia-a-marchar-por-el-dia-de-la-mujer-y-es-expuesto-como-deudor-alimentario-video\/"},"wordCount":154,"commentCount":0,"publisher":{"@id":"https:\/\/fuentesfidedignas.com.mx\/#organization"},"image":{"@id":"https:\/\/fuentesfidedignas.com.mx\/index.php\/2026\/03\/11\/acompana-a-su-novia-a-marchar-por-el-dia-de-la-mujer-y-es-expuesto-como-deudor-alimentario-video\/#primaryimage"},"thumbnailUrl":"https:\/\/fuentesfidedignas.com.mx\/wp-content\/uploads\/2026\/03\/69af400de9ff7103b87d4728.jpg","articleSection":["LAS ASOMBROSAS"],"inLanguage":"es","potentialAction":[{"@type":"CommentAction","name":"Comment","target":["https:\/\/fuentesfidedignas.com.mx\/index.php\/2026\/03\/11\/acompana-a-su-novia-a-marchar-por-el-dia-de-la-mujer-y-es-expuesto-como-deudor-alimentario-video\/#respond"]}]},{"@type":"WebPage","@id":"https:\/\/fuentesfidedignas.com.mx\/index.php\/2026\/03\/11\/acompana-a-su-novia-a-marchar-por-el-dia-de-la-mujer-y-es-expuesto-como-deudor-alimentario-video\/","url":"https:\/\/fuentesfidedignas.com.mx\/index.php\/2026\/03\/11\/acompana-a-su-novia-a-marchar-por-el-dia-de-la-mujer-y-es-expuesto-como-deudor-alimentario-video\/","name":"Acompa\u00f1a a su novia a marchar por el D\u00eda de la Mujer y es expuesto como deudor alimentario (VIDEO) - Fuentes Fidedignas","isPartOf":{"@id":"https:\/\/fuentesfidedignas.com.mx\/#website"},"primaryImageOfPage":{"@id":"https:\/\/fuentesfidedignas.com.mx\/index.php\/2026\/03\/11\/acompana-a-su-novia-a-marchar-por-el-dia-de-la-mujer-y-es-expuesto-como-deudor-alimentario-video\/#primaryimage"},"image":{"@id":"https:\/\/fuentesfidedignas.com.mx\/index.php\/2026\/03\/11\/acompana-a-su-novia-a-marchar-por-el-dia-de-la-mujer-y-es-expuesto-como-deudor-alimentario-video\/#primaryimage"},"thumbnailUrl":"https:\/\/fuentesfidedignas.com.mx\/wp-content\/uploads\/2026\/03\/69af400de9ff7103b87d4728.jpg","datePublished":"2026-03-11T07:13:00+00:00","breadcrumb":{"@id":"https:\/\/fuentesfidedignas.com.mx\/index.php\/2026\/03\/11\/acompana-a-su-novia-a-marchar-por-el-dia-de-la-mujer-y-es-expuesto-como-deudor-alimentario-video\/#breadcrumb"},"inLanguage":"es","potentialAction":[{"@type":"ReadAction","target":["https:\/\/fuentesfidedignas.com.mx\/index.php\/2026\/03\/11\/acompana-a-su-novia-a-marchar-por-el-dia-de-la-mujer-y-es-expuesto-como-deudor-alimentario-video\/"]}]},{"@type":"ImageObject","inLanguage":"es","@id":"https:\/\/fuentesfidedignas.com.mx\/index.php\/2026\/03\/11\/acompana-a-su-novia-a-marchar-por-el-dia-de-la-mujer-y-es-expuesto-como-deudor-alimentario-video\/#primaryimage","url":"https:\/\/fuentesfidedignas.com.mx\/wp-content\/uploads\/2026\/03\/69af400de9ff7103b87d4728.jpg","contentUrl":"https:\/\/fuentesfidedignas.com.mx\/wp-content\/uploads\/2026\/03\/69af400de9ff7103b87d4728.jpg","width":1104,"height":622},{"@type":"BreadcrumbList","@id":"https:\/\/fuentesfidedignas.com.mx\/index.php\/2026\/03\/11\/acompana-a-su-novia-a-marchar-por-el-dia-de-la-mujer-y-es-expuesto-como-deudor-alimentario-video\/#breadcrumb","itemListElement":[{"@type":"ListItem","position":1,"name":"Inicio","item":"https:\/\/fuentesfidedignas.com.mx\/"},{"@type":"ListItem","position":2,"name":"Acompa\u00f1a a su novia a marchar por el D\u00eda de la Mujer y es expuesto como deudor alimentario (VIDEO)"}]},{"@type":"WebSite","@id":"https:\/\/fuentesfidedignas.com.mx\/#website","url":"https:\/\/fuentesfidedignas.com.mx\/","name":"Fuentes Fidedignas","description":"Otro sitio realizado con WordPress","publisher":{"@id":"https:\/\/fuentesfidedignas.com.mx\/#organization"},"potentialAction":[{"@type":"SearchAction","target":{"@type":"EntryPoint","urlTemplate":"https:\/\/fuentesfidedignas.com.mx\/?s={search_term_string}"},"query-input":{"@type":"PropertyValueSpecification","valueRequired":true,"valueName":"search_term_string"}}],"inLanguage":"es"},{"@type":"Organization","@id":"https:\/\/fuentesfidedignas.com.mx\/#organization","name":"Fuentes Fidedignas","url":"https:\/\/fuentesfidedignas.com.mx\/","logo":{"@type":"ImageObject","inLanguage":"es","@id":"https:\/\/fuentesfidedignas.com.mx\/#\/schema\/logo\/image\/","url":"https:\/\/fuentesfidedignas.com.mx\/wp-content\/uploads\/2021\/04\/logo-retina.png","contentUrl":"https:\/\/fuentesfidedignas.com.mx\/wp-content\/uploads\/2021\/04\/logo-retina.png","width":280,"height":51,"caption":"Fuentes Fidedignas"},"image":{"@id":"https:\/\/fuentesfidedignas.com.mx\/#\/schema\/logo\/image\/"},"sameAs":["https:\/\/www.facebook.com\/Fuentes-Fidedignas-368234489921644","https:\/\/x.com\/fidedignas"]},{"@type":"Person","@id":"https:\/\/fuentesfidedignas.com.mx\/#\/schema\/person\/eade03a5d4a96f9b557ac266e3d63718","name":"Actualidad RT","image":{"@type":"ImageObject","inLanguage":"es","@id":"https:\/\/secure.gravatar.com\/avatar\/443e88260a6a7111cf83d7014ab1894f91a4053ffd4e9da37d79effad3a35c81?s=96&d=mm&r=g","url":"https:\/\/secure.gravatar.com\/avatar\/443e88260a6a7111cf83d7014ab1894f91a4053ffd4e9da37d79effad3a35c81?s=96&d=mm&r=g","contentUrl":"https:\/\/secure.gravatar.com\/avatar\/443e88260a6a7111cf83d7014ab1894f91a4053ffd4e9da37d79effad3a35c81?s=96&d=mm&r=g","caption":"Actualidad RT"},"url":"https:\/\/fuentesfidedignas.com.mx\/index.php\/author\/actualidad\/"}]}},"_links":{"self":[{"href":"https:\/\/fuentesfidedignas.com.mx\/index.php\/wp-json\/wp\/v2\/posts\/128988","targetHints":{"allow":["GET"]}}],"collection":[{"href":"https:\/\/fuentesfidedignas.com.mx\/index.php\/wp-json\/wp\/v2\/posts"}],"about":[{"href":"https:\/\/fuentesfidedignas.com.mx\/index.php\/wp-json\/wp\/v2\/types\/post"}],"author":[{"embeddable":true,"href":"https:\/\/fuentesfidedignas.com.mx\/index.php\/wp-json\/wp\/v2\/users\/38"}],"replies":[{"embeddable":true,"href":"https:\/\/fuentesfidedignas.com.mx\/index.php\/wp-json\/wp\/v2\/comments?post=128988"}],"version-history":[{"count":1,"href":"https:\/\/fuentesfidedignas.com.mx\/index.php\/wp-json\/wp\/v2\/posts\/128988\/revisions"}],"predecessor-version":[{"id":128991,"href":"https:\/\/fuentesfidedignas.com.mx\/index.php\/wp-json\/wp\/v2\/posts\/128988\/revisions\/128991"}],"wp:featuredmedia":[{"embeddable":true,"href":"https:\/\/fuentesfidedignas.com.mx\/index.php\/wp-json\/wp\/v2\/media\/128990"}],"wp:attachment":[{"href":"https:\/\/fuentesfidedignas.com.mx\/index.php\/wp-json\/wp\/v2\/media?parent=128988"}],"wp:term":[{"taxonomy":"category","embeddable":true,"href":"https:\/\/fuentesfidedignas.com.mx\/index.php\/wp-json\/wp\/v2\/categories?post=128988"},{"taxonomy":"post_tag","embeddable":true,"href":"https:\/\/fuentesfidedignas.com.mx\/index.php\/wp-json\/wp\/v2\/tags?post=128988"}],"curies":[{"name":"wp","href":"https:\/\/api.w.org\/{rel}","templated":true}]}}