{"id":128967,"date":"2026-03-10T09:44:41","date_gmt":"2026-03-10T16:44:41","guid":{"rendered":"https:\/\/fuentesfidedignas.com.mx\/?p=128967"},"modified":"2026-03-10T09:44:47","modified_gmt":"2026-03-10T16:44:47","slug":"se-intento-capturar-vivo-a-el-mencho-pero-abrio-fuego-y-el-ejercito-se-defendio-defensa","status":"publish","type":"post","link":"https:\/\/fuentesfidedignas.com.mx\/index.php\/2026\/03\/10\/se-intento-capturar-vivo-a-el-mencho-pero-abrio-fuego-y-el-ejercito-se-defendio-defensa\/","title":{"rendered":"Se intent\u00f3 capturar vivo a &#8216;El Mencho&#8217;, pero abri\u00f3 fuego y el Ej\u00e9rcito se defendi\u00f3: Defensa"},"content":{"rendered":"\n<p><strong><em>El general mencion\u00f3 que el uso de la fuerza por parte del Ej\u00e9rcito en las operaciones est\u00e1 regulado por la Ley que fija los l\u00edmites del uso de la fuerza<\/em><\/strong><\/p>\n\n\n\n<p>Ciudad de M\u00e9xico. El abatimiento de Nemesio Oseguera El Mencho durante el operativo efectuado por el Ej\u00e9rcito obedeci\u00f3 a que cuando la tropa lo rode\u00f3 para someterlo \u00e9l abri\u00f3 fuego contra ellos y en ese enfrentamiento falleci\u00f3 un oficial del grupo de militares que pretend\u00eda detenerle, asever\u00f3 el secretario de la Defensa Nacional, Ricardo Trevilla.<\/p>\n\n\n\n<p>\u201cSe intent\u00f3 capturarlo vivo, pero si se est\u00e1 muriendo nuestra gente se tiene todo el derecho de defenderse. Por las caracter\u00edsticas de este delincuente era poco probable que \u00e9l se entregara\u201d, dijo .<\/p>\n\n\n\n<p>El general mencion\u00f3 que el uso de la fuerza por parte del Ej\u00e9rcito en las operaciones est\u00e1 regulado por la Ley que fija los l\u00edmites del uso de la fuerza, no pueden usar su armamento indiscriminadamente. Sin embargo, dijo que durante ese operativo que se efectu\u00f3 en dos fases -primero en torno a las caba\u00f1as en Tapalpa y en segunda instancia en el bosque, donde huy\u00f3 Oseguera &#8211; fallecieron dos oficiales y un elemento de tropa.<\/p>\n\n\n\n<p><\/p>\n","protected":false},"excerpt":{"rendered":"<p>El general mencion\u00f3 que el uso de la fuerza por parte del Ej\u00e9rcito en las operaciones est\u00e1 regulado por la Ley que fija los l\u00edmites del uso de la fuerza Ciudad de M\u00e9xico. El abatimiento de Nemesio Oseguera El Mencho durante el operativo efectuado por el Ej\u00e9rcito obedeci\u00f3 a que cuando la tropa lo rode\u00f3 [&hellip;]<\/p>\n","protected":false},"author":45,"featured_media":128968,"comment_status":"open","ping_status":"open","sticky":false,"template":"","format":"standard","meta":{"tdm_status":"","tdm_grid_status":"","footnotes":""},"categories":[39],"tags":[],"class_list":{"0":"post-128967","1":"post","2":"type-post","3":"status-publish","4":"format-standard","5":"has-post-thumbnail","7":"category-noticias-nacionales"},"yoast_head":"<!-- This site is optimized with the Yoast SEO plugin v27.5 - https:\/\/yoast.com\/product\/yoast-seo-wordpress\/ -->\n<title>Se intent\u00f3 capturar vivo a &#039;El Mencho&#039;, pero abri\u00f3 fuego y el Ej\u00e9rcito se defendi\u00f3: Defensa - Fuentes Fidedignas<\/title>\n<meta name=\"robots\" content=\"index, follow, max-snippet:-1, max-image-preview:large, max-video-preview:-1\" \/>\n<link rel=\"canonical\" href=\"https:\/\/fuentesfidedignas.com.mx\/index.php\/2026\/03\/10\/se-intento-capturar-vivo-a-el-mencho-pero-abrio-fuego-y-el-ejercito-se-defendio-defensa\/\" \/>\n<meta property=\"og:locale\" content=\"es_MX\" \/>\n<meta property=\"og:type\" content=\"article\" \/>\n<meta property=\"og:title\" content=\"Se intent\u00f3 capturar vivo a &#039;El Mencho&#039;, pero abri\u00f3 fuego y el Ej\u00e9rcito se defendi\u00f3: Defensa - Fuentes Fidedignas\" \/>\n<meta property=\"og:description\" content=\"El general mencion\u00f3 que el uso de la fuerza por parte del Ej\u00e9rcito en las operaciones est\u00e1 regulado por la Ley que fija los l\u00edmites del uso de la fuerza Ciudad de M\u00e9xico. El abatimiento de Nemesio Oseguera El Mencho durante el operativo efectuado por el Ej\u00e9rcito obedeci\u00f3 a que cuando la tropa lo rode\u00f3 [&hellip;]\" \/>\n<meta property=\"og:url\" content=\"https:\/\/fuentesfidedignas.com.mx\/index.php\/2026\/03\/10\/se-intento-capturar-vivo-a-el-mencho-pero-abrio-fuego-y-el-ejercito-se-defendio-defensa\/\" \/>\n<meta property=\"og:site_name\" content=\"Fuentes Fidedignas\" \/>\n<meta property=\"article:publisher\" content=\"https:\/\/www.facebook.com\/Fuentes-Fidedignas-368234489921644\" \/>\n<meta property=\"article:published_time\" content=\"2026-03-10T16:44:41+00:00\" \/>\n<meta property=\"article:modified_time\" content=\"2026-03-10T16:44:47+00:00\" \/>\n<meta property=\"og:image\" content=\"https:\/\/fuentesfidedignas.com.mx\/wp-content\/uploads\/2026\/03\/trevilla_general.webp\" \/>\n\t<meta property=\"og:image:width\" content=\"1200\" \/>\n\t<meta property=\"og:image:height\" content=\"811\" \/>\n\t<meta property=\"og:image:type\" content=\"image\/webp\" \/>\n<meta name=\"author\" content=\"La Jornada\" \/>\n<meta name=\"twitter:card\" content=\"summary_large_image\" \/>\n<meta name=\"twitter:creator\" content=\"@fidedignas\" \/>\n<meta name=\"twitter:site\" content=\"@fidedignas\" \/>\n<meta name=\"twitter:label1\" content=\"Escrito por\" \/>\n\t<meta name=\"twitter:data1\" content=\"La Jornada\" \/>\n\t<meta name=\"twitter:label2\" content=\"Tiempo de lectura\" \/>\n\t<meta name=\"twitter:data2\" content=\"2 minutos\" \/>\n<script type=\"application\/ld+json\" class=\"yoast-schema-graph\">{\"@context\":\"https:\\\/\\\/schema.org\",\"@graph\":[{\"@type\":\"Article\",\"@id\":\"https:\\\/\\\/fuentesfidedignas.com.mx\\\/index.php\\\/2026\\\/03\\\/10\\\/se-intento-capturar-vivo-a-el-mencho-pero-abrio-fuego-y-el-ejercito-se-defendio-defensa\\\/#article\",\"isPartOf\":{\"@id\":\"https:\\\/\\\/fuentesfidedignas.com.mx\\\/index.php\\\/2026\\\/03\\\/10\\\/se-intento-capturar-vivo-a-el-mencho-pero-abrio-fuego-y-el-ejercito-se-defendio-defensa\\\/\"},\"author\":{\"name\":\"La Jornada\",\"@id\":\"https:\\\/\\\/fuentesfidedignas.com.mx\\\/#\\\/schema\\\/person\\\/87eacee4072e149fccc7de67f9634f35\"},\"headline\":\"Se intent\u00f3 capturar vivo a &#8216;El Mencho&#8217;, pero abri\u00f3 fuego y el Ej\u00e9rcito se defendi\u00f3: Defensa\",\"datePublished\":\"2026-03-10T16:44:41+00:00\",\"dateModified\":\"2026-03-10T16:44:47+00:00\",\"mainEntityOfPage\":{\"@id\":\"https:\\\/\\\/fuentesfidedignas.com.mx\\\/index.php\\\/2026\\\/03\\\/10\\\/se-intento-capturar-vivo-a-el-mencho-pero-abrio-fuego-y-el-ejercito-se-defendio-defensa\\\/\"},\"wordCount\":219,\"commentCount\":0,\"publisher\":{\"@id\":\"https:\\\/\\\/fuentesfidedignas.com.mx\\\/#organization\"},\"image\":{\"@id\":\"https:\\\/\\\/fuentesfidedignas.com.mx\\\/index.php\\\/2026\\\/03\\\/10\\\/se-intento-capturar-vivo-a-el-mencho-pero-abrio-fuego-y-el-ejercito-se-defendio-defensa\\\/#primaryimage\"},\"thumbnailUrl\":\"https:\\\/\\\/fuentesfidedignas.com.mx\\\/wp-content\\\/uploads\\\/2026\\\/03\\\/trevilla_general.webp\",\"articleSection\":[\"NOTICIAS NACIONALES\"],\"inLanguage\":\"es\",\"potentialAction\":[{\"@type\":\"CommentAction\",\"name\":\"Comment\",\"target\":[\"https:\\\/\\\/fuentesfidedignas.com.mx\\\/index.php\\\/2026\\\/03\\\/10\\\/se-intento-capturar-vivo-a-el-mencho-pero-abrio-fuego-y-el-ejercito-se-defendio-defensa\\\/#respond\"]}]},{\"@type\":\"WebPage\",\"@id\":\"https:\\\/\\\/fuentesfidedignas.com.mx\\\/index.php\\\/2026\\\/03\\\/10\\\/se-intento-capturar-vivo-a-el-mencho-pero-abrio-fuego-y-el-ejercito-se-defendio-defensa\\\/\",\"url\":\"https:\\\/\\\/fuentesfidedignas.com.mx\\\/index.php\\\/2026\\\/03\\\/10\\\/se-intento-capturar-vivo-a-el-mencho-pero-abrio-fuego-y-el-ejercito-se-defendio-defensa\\\/\",\"name\":\"Se intent\u00f3 capturar vivo a 'El Mencho', pero abri\u00f3 fuego y el Ej\u00e9rcito se defendi\u00f3: Defensa - Fuentes Fidedignas\",\"isPartOf\":{\"@id\":\"https:\\\/\\\/fuentesfidedignas.com.mx\\\/#website\"},\"primaryImageOfPage\":{\"@id\":\"https:\\\/\\\/fuentesfidedignas.com.mx\\\/index.php\\\/2026\\\/03\\\/10\\\/se-intento-capturar-vivo-a-el-mencho-pero-abrio-fuego-y-el-ejercito-se-defendio-defensa\\\/#primaryimage\"},\"image\":{\"@id\":\"https:\\\/\\\/fuentesfidedignas.com.mx\\\/index.php\\\/2026\\\/03\\\/10\\\/se-intento-capturar-vivo-a-el-mencho-pero-abrio-fuego-y-el-ejercito-se-defendio-defensa\\\/#primaryimage\"},\"thumbnailUrl\":\"https:\\\/\\\/fuentesfidedignas.com.mx\\\/wp-content\\\/uploads\\\/2026\\\/03\\\/trevilla_general.webp\",\"datePublished\":\"2026-03-10T16:44:41+00:00\",\"dateModified\":\"2026-03-10T16:44:47+00:00\",\"breadcrumb\":{\"@id\":\"https:\\\/\\\/fuentesfidedignas.com.mx\\\/index.php\\\/2026\\\/03\\\/10\\\/se-intento-capturar-vivo-a-el-mencho-pero-abrio-fuego-y-el-ejercito-se-defendio-defensa\\\/#breadcrumb\"},\"inLanguage\":\"es\",\"potentialAction\":[{\"@type\":\"ReadAction\",\"target\":[\"https:\\\/\\\/fuentesfidedignas.com.mx\\\/index.php\\\/2026\\\/03\\\/10\\\/se-intento-capturar-vivo-a-el-mencho-pero-abrio-fuego-y-el-ejercito-se-defendio-defensa\\\/\"]}]},{\"@type\":\"ImageObject\",\"inLanguage\":\"es\",\"@id\":\"https:\\\/\\\/fuentesfidedignas.com.mx\\\/index.php\\\/2026\\\/03\\\/10\\\/se-intento-capturar-vivo-a-el-mencho-pero-abrio-fuego-y-el-ejercito-se-defendio-defensa\\\/#primaryimage\",\"url\":\"https:\\\/\\\/fuentesfidedignas.com.mx\\\/wp-content\\\/uploads\\\/2026\\\/03\\\/trevilla_general.webp\",\"contentUrl\":\"https:\\\/\\\/fuentesfidedignas.com.mx\\\/wp-content\\\/uploads\\\/2026\\\/03\\\/trevilla_general.webp\",\"width\":1200,\"height\":811},{\"@type\":\"BreadcrumbList\",\"@id\":\"https:\\\/\\\/fuentesfidedignas.com.mx\\\/index.php\\\/2026\\\/03\\\/10\\\/se-intento-capturar-vivo-a-el-mencho-pero-abrio-fuego-y-el-ejercito-se-defendio-defensa\\\/#breadcrumb\",\"itemListElement\":[{\"@type\":\"ListItem\",\"position\":1,\"name\":\"Inicio\",\"item\":\"https:\\\/\\\/fuentesfidedignas.com.mx\\\/\"},{\"@type\":\"ListItem\",\"position\":2,\"name\":\"Se intent\u00f3 capturar vivo a &#8216;El Mencho&#8217;, pero abri\u00f3 fuego y el Ej\u00e9rcito se defendi\u00f3: Defensa\"}]},{\"@type\":\"WebSite\",\"@id\":\"https:\\\/\\\/fuentesfidedignas.com.mx\\\/#website\",\"url\":\"https:\\\/\\\/fuentesfidedignas.com.mx\\\/\",\"name\":\"Fuentes Fidedignas\",\"description\":\"Otro sitio realizado con WordPress\",\"publisher\":{\"@id\":\"https:\\\/\\\/fuentesfidedignas.com.mx\\\/#organization\"},\"potentialAction\":[{\"@type\":\"SearchAction\",\"target\":{\"@type\":\"EntryPoint\",\"urlTemplate\":\"https:\\\/\\\/fuentesfidedignas.com.mx\\\/?s={search_term_string}\"},\"query-input\":{\"@type\":\"PropertyValueSpecification\",\"valueRequired\":true,\"valueName\":\"search_term_string\"}}],\"inLanguage\":\"es\"},{\"@type\":\"Organization\",\"@id\":\"https:\\\/\\\/fuentesfidedignas.com.mx\\\/#organization\",\"name\":\"Fuentes Fidedignas\",\"url\":\"https:\\\/\\\/fuentesfidedignas.com.mx\\\/\",\"logo\":{\"@type\":\"ImageObject\",\"inLanguage\":\"es\",\"@id\":\"https:\\\/\\\/fuentesfidedignas.com.mx\\\/#\\\/schema\\\/logo\\\/image\\\/\",\"url\":\"https:\\\/\\\/fuentesfidedignas.com.mx\\\/wp-content\\\/uploads\\\/2021\\\/04\\\/logo-retina.png\",\"contentUrl\":\"https:\\\/\\\/fuentesfidedignas.com.mx\\\/wp-content\\\/uploads\\\/2021\\\/04\\\/logo-retina.png\",\"width\":280,\"height\":51,\"caption\":\"Fuentes Fidedignas\"},\"image\":{\"@id\":\"https:\\\/\\\/fuentesfidedignas.com.mx\\\/#\\\/schema\\\/logo\\\/image\\\/\"},\"sameAs\":[\"https:\\\/\\\/www.facebook.com\\\/Fuentes-Fidedignas-368234489921644\",\"https:\\\/\\\/x.com\\\/fidedignas\"]},{\"@type\":\"Person\",\"@id\":\"https:\\\/\\\/fuentesfidedignas.com.mx\\\/#\\\/schema\\\/person\\\/87eacee4072e149fccc7de67f9634f35\",\"name\":\"La Jornada\",\"image\":{\"@type\":\"ImageObject\",\"inLanguage\":\"es\",\"@id\":\"https:\\\/\\\/secure.gravatar.com\\\/avatar\\\/2b09f15a418e222775ffd645761e3fcecd1fb9d7a38a3ba858adf349aab82c7c?s=96&d=mm&r=g\",\"url\":\"https:\\\/\\\/secure.gravatar.com\\\/avatar\\\/2b09f15a418e222775ffd645761e3fcecd1fb9d7a38a3ba858adf349aab82c7c?s=96&d=mm&r=g\",\"contentUrl\":\"https:\\\/\\\/secure.gravatar.com\\\/avatar\\\/2b09f15a418e222775ffd645761e3fcecd1fb9d7a38a3ba858adf349aab82c7c?s=96&d=mm&r=g\",\"caption\":\"La Jornada\"},\"url\":\"https:\\\/\\\/fuentesfidedignas.com.mx\\\/index.php\\\/author\\\/jornada\\\/\"}]}<\/script>\n<!-- \/ Yoast SEO plugin. -->","yoast_head_json":{"title":"Se intent\u00f3 capturar vivo a 'El Mencho', pero abri\u00f3 fuego y el Ej\u00e9rcito se defendi\u00f3: Defensa - Fuentes Fidedignas","robots":{"index":"index","follow":"follow","max-snippet":"max-snippet:-1","max-image-preview":"max-image-preview:large","max-video-preview":"max-video-preview:-1"},"canonical":"https:\/\/fuentesfidedignas.com.mx\/index.php\/2026\/03\/10\/se-intento-capturar-vivo-a-el-mencho-pero-abrio-fuego-y-el-ejercito-se-defendio-defensa\/","og_locale":"es_MX","og_type":"article","og_title":"Se intent\u00f3 capturar vivo a 'El Mencho', pero abri\u00f3 fuego y el Ej\u00e9rcito se defendi\u00f3: Defensa - Fuentes Fidedignas","og_description":"El general mencion\u00f3 que el uso de la fuerza por parte del Ej\u00e9rcito en las operaciones est\u00e1 regulado por la Ley que fija los l\u00edmites del uso de la fuerza Ciudad de M\u00e9xico. El abatimiento de Nemesio Oseguera El Mencho durante el operativo efectuado por el Ej\u00e9rcito obedeci\u00f3 a que cuando la tropa lo rode\u00f3 [&hellip;]","og_url":"https:\/\/fuentesfidedignas.com.mx\/index.php\/2026\/03\/10\/se-intento-capturar-vivo-a-el-mencho-pero-abrio-fuego-y-el-ejercito-se-defendio-defensa\/","og_site_name":"Fuentes Fidedignas","article_publisher":"https:\/\/www.facebook.com\/Fuentes-Fidedignas-368234489921644","article_published_time":"2026-03-10T16:44:41+00:00","article_modified_time":"2026-03-10T16:44:47+00:00","og_image":[{"width":1200,"height":811,"url":"https:\/\/fuentesfidedignas.com.mx\/wp-content\/uploads\/2026\/03\/trevilla_general.webp","type":"image\/webp"}],"author":"La Jornada","twitter_card":"summary_large_image","twitter_creator":"@fidedignas","twitter_site":"@fidedignas","twitter_misc":{"Escrito por":"La Jornada","Tiempo de lectura":"2 minutos"},"schema":{"@context":"https:\/\/schema.org","@graph":[{"@type":"Article","@id":"https:\/\/fuentesfidedignas.com.mx\/index.php\/2026\/03\/10\/se-intento-capturar-vivo-a-el-mencho-pero-abrio-fuego-y-el-ejercito-se-defendio-defensa\/#article","isPartOf":{"@id":"https:\/\/fuentesfidedignas.com.mx\/index.php\/2026\/03\/10\/se-intento-capturar-vivo-a-el-mencho-pero-abrio-fuego-y-el-ejercito-se-defendio-defensa\/"},"author":{"name":"La Jornada","@id":"https:\/\/fuentesfidedignas.com.mx\/#\/schema\/person\/87eacee4072e149fccc7de67f9634f35"},"headline":"Se intent\u00f3 capturar vivo a &#8216;El Mencho&#8217;, pero abri\u00f3 fuego y el Ej\u00e9rcito se defendi\u00f3: Defensa","datePublished":"2026-03-10T16:44:41+00:00","dateModified":"2026-03-10T16:44:47+00:00","mainEntityOfPage":{"@id":"https:\/\/fuentesfidedignas.com.mx\/index.php\/2026\/03\/10\/se-intento-capturar-vivo-a-el-mencho-pero-abrio-fuego-y-el-ejercito-se-defendio-defensa\/"},"wordCount":219,"commentCount":0,"publisher":{"@id":"https:\/\/fuentesfidedignas.com.mx\/#organization"},"image":{"@id":"https:\/\/fuentesfidedignas.com.mx\/index.php\/2026\/03\/10\/se-intento-capturar-vivo-a-el-mencho-pero-abrio-fuego-y-el-ejercito-se-defendio-defensa\/#primaryimage"},"thumbnailUrl":"https:\/\/fuentesfidedignas.com.mx\/wp-content\/uploads\/2026\/03\/trevilla_general.webp","articleSection":["NOTICIAS NACIONALES"],"inLanguage":"es","potentialAction":[{"@type":"CommentAction","name":"Comment","target":["https:\/\/fuentesfidedignas.com.mx\/index.php\/2026\/03\/10\/se-intento-capturar-vivo-a-el-mencho-pero-abrio-fuego-y-el-ejercito-se-defendio-defensa\/#respond"]}]},{"@type":"WebPage","@id":"https:\/\/fuentesfidedignas.com.mx\/index.php\/2026\/03\/10\/se-intento-capturar-vivo-a-el-mencho-pero-abrio-fuego-y-el-ejercito-se-defendio-defensa\/","url":"https:\/\/fuentesfidedignas.com.mx\/index.php\/2026\/03\/10\/se-intento-capturar-vivo-a-el-mencho-pero-abrio-fuego-y-el-ejercito-se-defendio-defensa\/","name":"Se intent\u00f3 capturar vivo a 'El Mencho', pero abri\u00f3 fuego y el Ej\u00e9rcito se defendi\u00f3: Defensa - Fuentes Fidedignas","isPartOf":{"@id":"https:\/\/fuentesfidedignas.com.mx\/#website"},"primaryImageOfPage":{"@id":"https:\/\/fuentesfidedignas.com.mx\/index.php\/2026\/03\/10\/se-intento-capturar-vivo-a-el-mencho-pero-abrio-fuego-y-el-ejercito-se-defendio-defensa\/#primaryimage"},"image":{"@id":"https:\/\/fuentesfidedignas.com.mx\/index.php\/2026\/03\/10\/se-intento-capturar-vivo-a-el-mencho-pero-abrio-fuego-y-el-ejercito-se-defendio-defensa\/#primaryimage"},"thumbnailUrl":"https:\/\/fuentesfidedignas.com.mx\/wp-content\/uploads\/2026\/03\/trevilla_general.webp","datePublished":"2026-03-10T16:44:41+00:00","dateModified":"2026-03-10T16:44:47+00:00","breadcrumb":{"@id":"https:\/\/fuentesfidedignas.com.mx\/index.php\/2026\/03\/10\/se-intento-capturar-vivo-a-el-mencho-pero-abrio-fuego-y-el-ejercito-se-defendio-defensa\/#breadcrumb"},"inLanguage":"es","potentialAction":[{"@type":"ReadAction","target":["https:\/\/fuentesfidedignas.com.mx\/index.php\/2026\/03\/10\/se-intento-capturar-vivo-a-el-mencho-pero-abrio-fuego-y-el-ejercito-se-defendio-defensa\/"]}]},{"@type":"ImageObject","inLanguage":"es","@id":"https:\/\/fuentesfidedignas.com.mx\/index.php\/2026\/03\/10\/se-intento-capturar-vivo-a-el-mencho-pero-abrio-fuego-y-el-ejercito-se-defendio-defensa\/#primaryimage","url":"https:\/\/fuentesfidedignas.com.mx\/wp-content\/uploads\/2026\/03\/trevilla_general.webp","contentUrl":"https:\/\/fuentesfidedignas.com.mx\/wp-content\/uploads\/2026\/03\/trevilla_general.webp","width":1200,"height":811},{"@type":"BreadcrumbList","@id":"https:\/\/fuentesfidedignas.com.mx\/index.php\/2026\/03\/10\/se-intento-capturar-vivo-a-el-mencho-pero-abrio-fuego-y-el-ejercito-se-defendio-defensa\/#breadcrumb","itemListElement":[{"@type":"ListItem","position":1,"name":"Inicio","item":"https:\/\/fuentesfidedignas.com.mx\/"},{"@type":"ListItem","position":2,"name":"Se intent\u00f3 capturar vivo a &#8216;El Mencho&#8217;, pero abri\u00f3 fuego y el Ej\u00e9rcito se defendi\u00f3: Defensa"}]},{"@type":"WebSite","@id":"https:\/\/fuentesfidedignas.com.mx\/#website","url":"https:\/\/fuentesfidedignas.com.mx\/","name":"Fuentes Fidedignas","description":"Otro sitio realizado con WordPress","publisher":{"@id":"https:\/\/fuentesfidedignas.com.mx\/#organization"},"potentialAction":[{"@type":"SearchAction","target":{"@type":"EntryPoint","urlTemplate":"https:\/\/fuentesfidedignas.com.mx\/?s={search_term_string}"},"query-input":{"@type":"PropertyValueSpecification","valueRequired":true,"valueName":"search_term_string"}}],"inLanguage":"es"},{"@type":"Organization","@id":"https:\/\/fuentesfidedignas.com.mx\/#organization","name":"Fuentes Fidedignas","url":"https:\/\/fuentesfidedignas.com.mx\/","logo":{"@type":"ImageObject","inLanguage":"es","@id":"https:\/\/fuentesfidedignas.com.mx\/#\/schema\/logo\/image\/","url":"https:\/\/fuentesfidedignas.com.mx\/wp-content\/uploads\/2021\/04\/logo-retina.png","contentUrl":"https:\/\/fuentesfidedignas.com.mx\/wp-content\/uploads\/2021\/04\/logo-retina.png","width":280,"height":51,"caption":"Fuentes Fidedignas"},"image":{"@id":"https:\/\/fuentesfidedignas.com.mx\/#\/schema\/logo\/image\/"},"sameAs":["https:\/\/www.facebook.com\/Fuentes-Fidedignas-368234489921644","https:\/\/x.com\/fidedignas"]},{"@type":"Person","@id":"https:\/\/fuentesfidedignas.com.mx\/#\/schema\/person\/87eacee4072e149fccc7de67f9634f35","name":"La Jornada","image":{"@type":"ImageObject","inLanguage":"es","@id":"https:\/\/secure.gravatar.com\/avatar\/2b09f15a418e222775ffd645761e3fcecd1fb9d7a38a3ba858adf349aab82c7c?s=96&d=mm&r=g","url":"https:\/\/secure.gravatar.com\/avatar\/2b09f15a418e222775ffd645761e3fcecd1fb9d7a38a3ba858adf349aab82c7c?s=96&d=mm&r=g","contentUrl":"https:\/\/secure.gravatar.com\/avatar\/2b09f15a418e222775ffd645761e3fcecd1fb9d7a38a3ba858adf349aab82c7c?s=96&d=mm&r=g","caption":"La Jornada"},"url":"https:\/\/fuentesfidedignas.com.mx\/index.php\/author\/jornada\/"}]}},"_links":{"self":[{"href":"https:\/\/fuentesfidedignas.com.mx\/index.php\/wp-json\/wp\/v2\/posts\/128967","targetHints":{"allow":["GET"]}}],"collection":[{"href":"https:\/\/fuentesfidedignas.com.mx\/index.php\/wp-json\/wp\/v2\/posts"}],"about":[{"href":"https:\/\/fuentesfidedignas.com.mx\/index.php\/wp-json\/wp\/v2\/types\/post"}],"author":[{"embeddable":true,"href":"https:\/\/fuentesfidedignas.com.mx\/index.php\/wp-json\/wp\/v2\/users\/45"}],"replies":[{"embeddable":true,"href":"https:\/\/fuentesfidedignas.com.mx\/index.php\/wp-json\/wp\/v2\/comments?post=128967"}],"version-history":[{"count":1,"href":"https:\/\/fuentesfidedignas.com.mx\/index.php\/wp-json\/wp\/v2\/posts\/128967\/revisions"}],"predecessor-version":[{"id":128969,"href":"https:\/\/fuentesfidedignas.com.mx\/index.php\/wp-json\/wp\/v2\/posts\/128967\/revisions\/128969"}],"wp:featuredmedia":[{"embeddable":true,"href":"https:\/\/fuentesfidedignas.com.mx\/index.php\/wp-json\/wp\/v2\/media\/128968"}],"wp:attachment":[{"href":"https:\/\/fuentesfidedignas.com.mx\/index.php\/wp-json\/wp\/v2\/media?parent=128967"}],"wp:term":[{"taxonomy":"category","embeddable":true,"href":"https:\/\/fuentesfidedignas.com.mx\/index.php\/wp-json\/wp\/v2\/categories?post=128967"},{"taxonomy":"post_tag","embeddable":true,"href":"https:\/\/fuentesfidedignas.com.mx\/index.php\/wp-json\/wp\/v2\/tags?post=128967"}],"curies":[{"name":"wp","href":"https:\/\/api.w.org\/{rel}","templated":true}]}}