{"id":128962,"date":"2026-03-10T08:45:27","date_gmt":"2026-03-10T15:45:27","guid":{"rendered":"https:\/\/fuentesfidedignas.com.mx\/?p=128962"},"modified":"2026-03-10T08:45:35","modified_gmt":"2026-03-10T15:45:35","slug":"cocaina-interceptada-en-acapulco-es-del-cartel-de-sinaloa-harfuch","status":"publish","type":"post","link":"https:\/\/fuentesfidedignas.com.mx\/index.php\/2026\/03\/10\/cocaina-interceptada-en-acapulco-es-del-cartel-de-sinaloa-harfuch\/","title":{"rendered":"Coca\u00edna interceptada en Acapulco es del C\u00e1rtel de Sinaloa: Harfuch"},"content":{"rendered":"\n<p><strong><em>Autoridades mexicanas realizaron el aseguramiento a m\u00e1s de 200 millas n\u00e1uticas al sur-suroeste de la regi\u00f3n de Guerrero; embajador de Estados Unidos reconoce el trabajo del gobierno mexicano.<\/em><\/strong><\/p>\n\n\n\n<p>El secretario de Seguridad, Omar Garc\u00eda Harfuch, confirm\u00f3 que el decomiso de coca\u00edna realizado en costas de Acapulco por la Secretar\u00eda de Marina est\u00e1 vinculado con una facci\u00f3n del C\u00e1rtel de Sinaloa.<\/p>\n\n\n\n<p>El funcionario detall\u00f3 que en altamar se han asegurado ya 345 toneladas de droga, provenientes de distintos grupos del crimen organizado.<\/p>\n\n\n\n<p><strong>Marina asegura 2 toneladas de coca\u00edna en costas de Acapulco<\/strong><br>En una operaci\u00f3n mar\u00edtima encabezada por elementos de la Secretar\u00eda de Marina (Semar), a trav\u00e9s de la Armada de M\u00e9xico en funciones de Guardia Costera, en coordinaci\u00f3n con la Fiscal\u00eda General de la Rep\u00fablica (FGR) y la Secretar\u00eda de Seguridad y Protecci\u00f3n Ciudadana (SSPC), se aseguraron 80 bultos con aproximadamente dos toneladas de presunta coca\u00edna en costas de Acapulco, Guerrero.<\/p>\n\n\n\n<p>Mediante el despliegue de aeronaves, una patrulla oce\u00e1nica y una embarcaci\u00f3n menor, el personal naval localiz\u00f3 y asegur\u00f3 los bultos con la sustancia il\u00edcita, cuyo peso bruto preliminar es cercano a las dos toneladas, en espera de la confirmaci\u00f3n oficial a trav\u00e9s de los procedimientos ministeriales correspondientes.<\/p>\n\n\n\n<p>A trav\u00e9s de un comunicado, las autoridades mexicanas informaron que los bultos asegurados en la regi\u00f3n guerrerense ser\u00e1n puestos a disposici\u00f3n del agente del Ministerio P\u00fablico correspondiente, quien integrar\u00e1 la carpeta de investigaci\u00f3n del caso al arribo del buque a puerto.<\/p>\n\n\n\n<p>La Semar a trav\u00e9s de la Armada de M\u00e9xico reiter\u00f3 su compromiso con la ciudadan\u00eda mexicana para inhibir la acci\u00f3n de grupos delictivos, debido a que estos operativos representan un duro golpe a sus estructuras financieras.<\/p>\n\n\n\n<p>Por su parte, Omar Garc\u00eda Harfuch destac\u00f3 el resultado de la operaci\u00f3n mar\u00edtima que encabez\u00f3 la Secretar\u00eda de Marina y precis\u00f3 que se han asegurado m\u00e1s de 60 toneladas de coca\u00edna en costas mexicanas en lo que va del gobierno de Claudia Sheinbaum.<\/p>\n\n\n\n<blockquote class=\"twitter-tweet\"><p lang=\"es\" dir=\"ltr\">Resultado de una operaci\u00f3n mar\u00edtima encabezada la Secretar\u00eda de Marina <a href=\"https:\/\/twitter.com\/SEMAR_mx?ref_src=twsrc%5Etfw\">@SEMAR_mx<\/a>, en coordinaci\u00f3n con <a href=\"https:\/\/twitter.com\/FGRMexico?ref_src=twsrc%5Etfw\">@FGRMexico<\/a> y <a href=\"https:\/\/twitter.com\/SSPCMexico?ref_src=twsrc%5Etfw\">@SSPCMexico<\/a>, se aseguraron aproximadamente 2 toneladas de coca\u00edna en Acapulco, Guerrero.<br>En la presente administraci\u00f3n suman m\u00e1s de 60 toneladas de esta droga\u2026 <a href=\"https:\/\/t.co\/5htwiY0yZA\">pic.twitter.com\/5htwiY0yZA<\/a><\/p>&mdash; Omar H Garcia Harfuch (@OHarfuch) <a href=\"https:\/\/twitter.com\/OHarfuch\/status\/2031014368612057480?ref_src=twsrc%5Etfw\">March 9, 2026<\/a><\/blockquote> <script async src=\"https:\/\/platform.twitter.com\/widgets.js\" charset=\"utf-8\"><\/script>\n\n\n\n<p><strong>Embajador reconoce el trabajo del gobierno mexicano<\/strong><br>El embajador de Estados Unidos, Ronald Johnson, reconoci\u00f3 el trabajo del Gabinete de Seguridad de la administraci\u00f3n de Claudia Sheinbaum Pardo.<\/p>\n\n\n\n<p>&#8220;Reconozco al Gabinete de Seguridad de M\u00e9xico por el aseguramiento de dos toneladas de coca\u00edna frente a las costas de Guerrero&#8221;.<\/p>\n\n\n\n<p>Record\u00f3 que estas acciones operativas se suman a las m\u00e1s de 60 toneladas de droga ya incautadas en el mar por autoridades mexicanas.<\/p>\n\n\n\n<p>&#8220;Estos esfuerzos ayudan a proteger la salud y la seguridad de nuestras dos naciones y demuestran lo que podemos lograr cuando cooperamos y compartimos informaci\u00f3n. Bajo el liderazgo de Donald Trump y la presidenta Claudia Sheinbaum nuestros pa\u00edses est\u00e1n desmantelando redes criminales mediante una cooperaci\u00f3n sin precedentes.<\/p>\n\n\n\n<blockquote class=\"twitter-tweet\"><p lang=\"es\" dir=\"ltr\">Reconozco a <a href=\"https:\/\/twitter.com\/GabSeguridadMX?ref_src=twsrc%5Etfw\">@GabSeguridadMX<\/a> por el aseguramiento de dos toneladas de coca\u00edna frente a las costas de Guerrero. Acciones como esta se suman a las m\u00e1s de 60 toneladas de droga ya incautadas en el mar por autoridades mexicanas. Estos esfuerzos ayudan a proteger la salud y la\u2026 <a href=\"https:\/\/t.co\/kP9xsqTW23\">https:\/\/t.co\/kP9xsqTW23<\/a><\/p>&mdash; Embajador Ronald Johnson (@USAmbMex) <a href=\"https:\/\/twitter.com\/USAmbMex\/status\/2031088280544952341?ref_src=twsrc%5Etfw\">March 9, 2026<\/a><\/blockquote> <script async src=\"https:\/\/platform.twitter.com\/widgets.js\" charset=\"utf-8\"><\/script>\n","protected":false},"excerpt":{"rendered":"<p>Autoridades mexicanas realizaron el aseguramiento a m\u00e1s de 200 millas n\u00e1uticas al sur-suroeste de la regi\u00f3n de Guerrero; embajador de Estados Unidos reconoce el trabajo del gobierno mexicano. El secretario de Seguridad, Omar Garc\u00eda Harfuch, confirm\u00f3 que el decomiso de coca\u00edna realizado en costas de Acapulco por la Secretar\u00eda de Marina est\u00e1 vinculado con una [&hellip;]<\/p>\n","protected":false},"author":15,"featured_media":128867,"comment_status":"open","ping_status":"open","sticky":false,"template":"","format":"standard","meta":{"tdm_status":"","tdm_grid_status":"","footnotes":""},"categories":[37],"tags":[],"class_list":{"0":"post-128962","1":"post","2":"type-post","3":"status-publish","4":"format-standard","5":"has-post-thumbnail","7":"category-nota-principal"},"yoast_head":"<!-- This site is optimized with the Yoast SEO plugin v27.5 - https:\/\/yoast.com\/product\/yoast-seo-wordpress\/ -->\n<title>Coca\u00edna interceptada en Acapulco es del C\u00e1rtel de Sinaloa: Harfuch - Fuentes Fidedignas<\/title>\n<meta name=\"robots\" content=\"index, follow, max-snippet:-1, max-image-preview:large, max-video-preview:-1\" \/>\n<link rel=\"canonical\" href=\"https:\/\/fuentesfidedignas.com.mx\/index.php\/2026\/03\/10\/cocaina-interceptada-en-acapulco-es-del-cartel-de-sinaloa-harfuch\/\" \/>\n<meta property=\"og:locale\" content=\"es_MX\" \/>\n<meta property=\"og:type\" content=\"article\" \/>\n<meta property=\"og:title\" content=\"Coca\u00edna interceptada en Acapulco es del C\u00e1rtel de Sinaloa: Harfuch - Fuentes Fidedignas\" \/>\n<meta property=\"og:description\" content=\"Autoridades mexicanas realizaron el aseguramiento a m\u00e1s de 200 millas n\u00e1uticas al sur-suroeste de la regi\u00f3n de Guerrero; embajador de Estados Unidos reconoce el trabajo del gobierno mexicano. El secretario de Seguridad, Omar Garc\u00eda Harfuch, confirm\u00f3 que el decomiso de coca\u00edna realizado en costas de Acapulco por la Secretar\u00eda de Marina est\u00e1 vinculado con una [&hellip;]\" \/>\n<meta property=\"og:url\" content=\"https:\/\/fuentesfidedignas.com.mx\/index.php\/2026\/03\/10\/cocaina-interceptada-en-acapulco-es-del-cartel-de-sinaloa-harfuch\/\" \/>\n<meta property=\"og:site_name\" content=\"Fuentes Fidedignas\" \/>\n<meta property=\"article:publisher\" content=\"https:\/\/www.facebook.com\/Fuentes-Fidedignas-368234489921644\" \/>\n<meta property=\"article:published_time\" content=\"2026-03-10T15:45:27+00:00\" \/>\n<meta property=\"article:modified_time\" content=\"2026-03-10T15:45:35+00:00\" \/>\n<meta property=\"og:image\" content=\"https:\/\/fuentesfidedignas.com.mx\/wp-content\/uploads\/2026\/03\/cacaina_acapulco.jpg\" \/>\n\t<meta property=\"og:image:width\" content=\"500\" \/>\n\t<meta property=\"og:image:height\" content=\"249\" \/>\n\t<meta property=\"og:image:type\" content=\"image\/jpeg\" \/>\n<meta name=\"author\" content=\"La Silla Rota\" \/>\n<meta name=\"twitter:card\" content=\"summary_large_image\" \/>\n<meta name=\"twitter:creator\" content=\"@fidedignas\" \/>\n<meta name=\"twitter:site\" content=\"@fidedignas\" \/>\n<meta name=\"twitter:label1\" content=\"Escrito por\" \/>\n\t<meta name=\"twitter:data1\" content=\"La Silla Rota\" \/>\n\t<meta name=\"twitter:label2\" content=\"Tiempo de lectura\" \/>\n\t<meta name=\"twitter:data2\" content=\"3 minutos\" \/>\n<script type=\"application\/ld+json\" class=\"yoast-schema-graph\">{\"@context\":\"https:\\\/\\\/schema.org\",\"@graph\":[{\"@type\":\"Article\",\"@id\":\"https:\\\/\\\/fuentesfidedignas.com.mx\\\/index.php\\\/2026\\\/03\\\/10\\\/cocaina-interceptada-en-acapulco-es-del-cartel-de-sinaloa-harfuch\\\/#article\",\"isPartOf\":{\"@id\":\"https:\\\/\\\/fuentesfidedignas.com.mx\\\/index.php\\\/2026\\\/03\\\/10\\\/cocaina-interceptada-en-acapulco-es-del-cartel-de-sinaloa-harfuch\\\/\"},\"author\":{\"name\":\"La Silla Rota\",\"@id\":\"https:\\\/\\\/fuentesfidedignas.com.mx\\\/#\\\/schema\\\/person\\\/62ca416a4f36e3bbaa81ca03c42a24de\"},\"headline\":\"Coca\u00edna interceptada en Acapulco es del C\u00e1rtel de Sinaloa: Harfuch\",\"datePublished\":\"2026-03-10T15:45:27+00:00\",\"dateModified\":\"2026-03-10T15:45:35+00:00\",\"mainEntityOfPage\":{\"@id\":\"https:\\\/\\\/fuentesfidedignas.com.mx\\\/index.php\\\/2026\\\/03\\\/10\\\/cocaina-interceptada-en-acapulco-es-del-cartel-de-sinaloa-harfuch\\\/\"},\"wordCount\":608,\"commentCount\":0,\"publisher\":{\"@id\":\"https:\\\/\\\/fuentesfidedignas.com.mx\\\/#organization\"},\"image\":{\"@id\":\"https:\\\/\\\/fuentesfidedignas.com.mx\\\/index.php\\\/2026\\\/03\\\/10\\\/cocaina-interceptada-en-acapulco-es-del-cartel-de-sinaloa-harfuch\\\/#primaryimage\"},\"thumbnailUrl\":\"https:\\\/\\\/fuentesfidedignas.com.mx\\\/wp-content\\\/uploads\\\/2026\\\/03\\\/cacaina_acapulco.jpg\",\"articleSection\":[\"NOTA PRINCIPAL\"],\"inLanguage\":\"es\",\"potentialAction\":[{\"@type\":\"CommentAction\",\"name\":\"Comment\",\"target\":[\"https:\\\/\\\/fuentesfidedignas.com.mx\\\/index.php\\\/2026\\\/03\\\/10\\\/cocaina-interceptada-en-acapulco-es-del-cartel-de-sinaloa-harfuch\\\/#respond\"]}]},{\"@type\":\"WebPage\",\"@id\":\"https:\\\/\\\/fuentesfidedignas.com.mx\\\/index.php\\\/2026\\\/03\\\/10\\\/cocaina-interceptada-en-acapulco-es-del-cartel-de-sinaloa-harfuch\\\/\",\"url\":\"https:\\\/\\\/fuentesfidedignas.com.mx\\\/index.php\\\/2026\\\/03\\\/10\\\/cocaina-interceptada-en-acapulco-es-del-cartel-de-sinaloa-harfuch\\\/\",\"name\":\"Coca\u00edna interceptada en Acapulco es del C\u00e1rtel de Sinaloa: Harfuch - Fuentes Fidedignas\",\"isPartOf\":{\"@id\":\"https:\\\/\\\/fuentesfidedignas.com.mx\\\/#website\"},\"primaryImageOfPage\":{\"@id\":\"https:\\\/\\\/fuentesfidedignas.com.mx\\\/index.php\\\/2026\\\/03\\\/10\\\/cocaina-interceptada-en-acapulco-es-del-cartel-de-sinaloa-harfuch\\\/#primaryimage\"},\"image\":{\"@id\":\"https:\\\/\\\/fuentesfidedignas.com.mx\\\/index.php\\\/2026\\\/03\\\/10\\\/cocaina-interceptada-en-acapulco-es-del-cartel-de-sinaloa-harfuch\\\/#primaryimage\"},\"thumbnailUrl\":\"https:\\\/\\\/fuentesfidedignas.com.mx\\\/wp-content\\\/uploads\\\/2026\\\/03\\\/cacaina_acapulco.jpg\",\"datePublished\":\"2026-03-10T15:45:27+00:00\",\"dateModified\":\"2026-03-10T15:45:35+00:00\",\"breadcrumb\":{\"@id\":\"https:\\\/\\\/fuentesfidedignas.com.mx\\\/index.php\\\/2026\\\/03\\\/10\\\/cocaina-interceptada-en-acapulco-es-del-cartel-de-sinaloa-harfuch\\\/#breadcrumb\"},\"inLanguage\":\"es\",\"potentialAction\":[{\"@type\":\"ReadAction\",\"target\":[\"https:\\\/\\\/fuentesfidedignas.com.mx\\\/index.php\\\/2026\\\/03\\\/10\\\/cocaina-interceptada-en-acapulco-es-del-cartel-de-sinaloa-harfuch\\\/\"]}]},{\"@type\":\"ImageObject\",\"inLanguage\":\"es\",\"@id\":\"https:\\\/\\\/fuentesfidedignas.com.mx\\\/index.php\\\/2026\\\/03\\\/10\\\/cocaina-interceptada-en-acapulco-es-del-cartel-de-sinaloa-harfuch\\\/#primaryimage\",\"url\":\"https:\\\/\\\/fuentesfidedignas.com.mx\\\/wp-content\\\/uploads\\\/2026\\\/03\\\/cacaina_acapulco.jpg\",\"contentUrl\":\"https:\\\/\\\/fuentesfidedignas.com.mx\\\/wp-content\\\/uploads\\\/2026\\\/03\\\/cacaina_acapulco.jpg\",\"width\":500,\"height\":249},{\"@type\":\"BreadcrumbList\",\"@id\":\"https:\\\/\\\/fuentesfidedignas.com.mx\\\/index.php\\\/2026\\\/03\\\/10\\\/cocaina-interceptada-en-acapulco-es-del-cartel-de-sinaloa-harfuch\\\/#breadcrumb\",\"itemListElement\":[{\"@type\":\"ListItem\",\"position\":1,\"name\":\"Inicio\",\"item\":\"https:\\\/\\\/fuentesfidedignas.com.mx\\\/\"},{\"@type\":\"ListItem\",\"position\":2,\"name\":\"Coca\u00edna interceptada en Acapulco es del C\u00e1rtel de Sinaloa: Harfuch\"}]},{\"@type\":\"WebSite\",\"@id\":\"https:\\\/\\\/fuentesfidedignas.com.mx\\\/#website\",\"url\":\"https:\\\/\\\/fuentesfidedignas.com.mx\\\/\",\"name\":\"Fuentes Fidedignas\",\"description\":\"Otro sitio realizado con WordPress\",\"publisher\":{\"@id\":\"https:\\\/\\\/fuentesfidedignas.com.mx\\\/#organization\"},\"potentialAction\":[{\"@type\":\"SearchAction\",\"target\":{\"@type\":\"EntryPoint\",\"urlTemplate\":\"https:\\\/\\\/fuentesfidedignas.com.mx\\\/?s={search_term_string}\"},\"query-input\":{\"@type\":\"PropertyValueSpecification\",\"valueRequired\":true,\"valueName\":\"search_term_string\"}}],\"inLanguage\":\"es\"},{\"@type\":\"Organization\",\"@id\":\"https:\\\/\\\/fuentesfidedignas.com.mx\\\/#organization\",\"name\":\"Fuentes Fidedignas\",\"url\":\"https:\\\/\\\/fuentesfidedignas.com.mx\\\/\",\"logo\":{\"@type\":\"ImageObject\",\"inLanguage\":\"es\",\"@id\":\"https:\\\/\\\/fuentesfidedignas.com.mx\\\/#\\\/schema\\\/logo\\\/image\\\/\",\"url\":\"https:\\\/\\\/fuentesfidedignas.com.mx\\\/wp-content\\\/uploads\\\/2021\\\/04\\\/logo-retina.png\",\"contentUrl\":\"https:\\\/\\\/fuentesfidedignas.com.mx\\\/wp-content\\\/uploads\\\/2021\\\/04\\\/logo-retina.png\",\"width\":280,\"height\":51,\"caption\":\"Fuentes Fidedignas\"},\"image\":{\"@id\":\"https:\\\/\\\/fuentesfidedignas.com.mx\\\/#\\\/schema\\\/logo\\\/image\\\/\"},\"sameAs\":[\"https:\\\/\\\/www.facebook.com\\\/Fuentes-Fidedignas-368234489921644\",\"https:\\\/\\\/x.com\\\/fidedignas\"]},{\"@type\":\"Person\",\"@id\":\"https:\\\/\\\/fuentesfidedignas.com.mx\\\/#\\\/schema\\\/person\\\/62ca416a4f36e3bbaa81ca03c42a24de\",\"name\":\"La Silla Rota\",\"image\":{\"@type\":\"ImageObject\",\"inLanguage\":\"es\",\"@id\":\"https:\\\/\\\/secure.gravatar.com\\\/avatar\\\/6c473d6857904ee40ef78411891b0c3f6ea4a9f84fb03dd3f5dde7ae7c097430?s=96&d=mm&r=g\",\"url\":\"https:\\\/\\\/secure.gravatar.com\\\/avatar\\\/6c473d6857904ee40ef78411891b0c3f6ea4a9f84fb03dd3f5dde7ae7c097430?s=96&d=mm&r=g\",\"contentUrl\":\"https:\\\/\\\/secure.gravatar.com\\\/avatar\\\/6c473d6857904ee40ef78411891b0c3f6ea4a9f84fb03dd3f5dde7ae7c097430?s=96&d=mm&r=g\",\"caption\":\"La Silla Rota\"},\"url\":\"https:\\\/\\\/fuentesfidedignas.com.mx\\\/index.php\\\/author\\\/lasillarota\\\/\"}]}<\/script>\n<!-- \/ Yoast SEO plugin. -->","yoast_head_json":{"title":"Coca\u00edna interceptada en Acapulco es del C\u00e1rtel de Sinaloa: Harfuch - Fuentes Fidedignas","robots":{"index":"index","follow":"follow","max-snippet":"max-snippet:-1","max-image-preview":"max-image-preview:large","max-video-preview":"max-video-preview:-1"},"canonical":"https:\/\/fuentesfidedignas.com.mx\/index.php\/2026\/03\/10\/cocaina-interceptada-en-acapulco-es-del-cartel-de-sinaloa-harfuch\/","og_locale":"es_MX","og_type":"article","og_title":"Coca\u00edna interceptada en Acapulco es del C\u00e1rtel de Sinaloa: Harfuch - Fuentes Fidedignas","og_description":"Autoridades mexicanas realizaron el aseguramiento a m\u00e1s de 200 millas n\u00e1uticas al sur-suroeste de la regi\u00f3n de Guerrero; embajador de Estados Unidos reconoce el trabajo del gobierno mexicano. El secretario de Seguridad, Omar Garc\u00eda Harfuch, confirm\u00f3 que el decomiso de coca\u00edna realizado en costas de Acapulco por la Secretar\u00eda de Marina est\u00e1 vinculado con una [&hellip;]","og_url":"https:\/\/fuentesfidedignas.com.mx\/index.php\/2026\/03\/10\/cocaina-interceptada-en-acapulco-es-del-cartel-de-sinaloa-harfuch\/","og_site_name":"Fuentes Fidedignas","article_publisher":"https:\/\/www.facebook.com\/Fuentes-Fidedignas-368234489921644","article_published_time":"2026-03-10T15:45:27+00:00","article_modified_time":"2026-03-10T15:45:35+00:00","og_image":[{"width":500,"height":249,"url":"https:\/\/fuentesfidedignas.com.mx\/wp-content\/uploads\/2026\/03\/cacaina_acapulco.jpg","type":"image\/jpeg"}],"author":"La Silla Rota","twitter_card":"summary_large_image","twitter_creator":"@fidedignas","twitter_site":"@fidedignas","twitter_misc":{"Escrito por":"La Silla Rota","Tiempo de lectura":"3 minutos"},"schema":{"@context":"https:\/\/schema.org","@graph":[{"@type":"Article","@id":"https:\/\/fuentesfidedignas.com.mx\/index.php\/2026\/03\/10\/cocaina-interceptada-en-acapulco-es-del-cartel-de-sinaloa-harfuch\/#article","isPartOf":{"@id":"https:\/\/fuentesfidedignas.com.mx\/index.php\/2026\/03\/10\/cocaina-interceptada-en-acapulco-es-del-cartel-de-sinaloa-harfuch\/"},"author":{"name":"La Silla Rota","@id":"https:\/\/fuentesfidedignas.com.mx\/#\/schema\/person\/62ca416a4f36e3bbaa81ca03c42a24de"},"headline":"Coca\u00edna interceptada en Acapulco es del C\u00e1rtel de Sinaloa: Harfuch","datePublished":"2026-03-10T15:45:27+00:00","dateModified":"2026-03-10T15:45:35+00:00","mainEntityOfPage":{"@id":"https:\/\/fuentesfidedignas.com.mx\/index.php\/2026\/03\/10\/cocaina-interceptada-en-acapulco-es-del-cartel-de-sinaloa-harfuch\/"},"wordCount":608,"commentCount":0,"publisher":{"@id":"https:\/\/fuentesfidedignas.com.mx\/#organization"},"image":{"@id":"https:\/\/fuentesfidedignas.com.mx\/index.php\/2026\/03\/10\/cocaina-interceptada-en-acapulco-es-del-cartel-de-sinaloa-harfuch\/#primaryimage"},"thumbnailUrl":"https:\/\/fuentesfidedignas.com.mx\/wp-content\/uploads\/2026\/03\/cacaina_acapulco.jpg","articleSection":["NOTA PRINCIPAL"],"inLanguage":"es","potentialAction":[{"@type":"CommentAction","name":"Comment","target":["https:\/\/fuentesfidedignas.com.mx\/index.php\/2026\/03\/10\/cocaina-interceptada-en-acapulco-es-del-cartel-de-sinaloa-harfuch\/#respond"]}]},{"@type":"WebPage","@id":"https:\/\/fuentesfidedignas.com.mx\/index.php\/2026\/03\/10\/cocaina-interceptada-en-acapulco-es-del-cartel-de-sinaloa-harfuch\/","url":"https:\/\/fuentesfidedignas.com.mx\/index.php\/2026\/03\/10\/cocaina-interceptada-en-acapulco-es-del-cartel-de-sinaloa-harfuch\/","name":"Coca\u00edna interceptada en Acapulco es del C\u00e1rtel de Sinaloa: Harfuch - Fuentes Fidedignas","isPartOf":{"@id":"https:\/\/fuentesfidedignas.com.mx\/#website"},"primaryImageOfPage":{"@id":"https:\/\/fuentesfidedignas.com.mx\/index.php\/2026\/03\/10\/cocaina-interceptada-en-acapulco-es-del-cartel-de-sinaloa-harfuch\/#primaryimage"},"image":{"@id":"https:\/\/fuentesfidedignas.com.mx\/index.php\/2026\/03\/10\/cocaina-interceptada-en-acapulco-es-del-cartel-de-sinaloa-harfuch\/#primaryimage"},"thumbnailUrl":"https:\/\/fuentesfidedignas.com.mx\/wp-content\/uploads\/2026\/03\/cacaina_acapulco.jpg","datePublished":"2026-03-10T15:45:27+00:00","dateModified":"2026-03-10T15:45:35+00:00","breadcrumb":{"@id":"https:\/\/fuentesfidedignas.com.mx\/index.php\/2026\/03\/10\/cocaina-interceptada-en-acapulco-es-del-cartel-de-sinaloa-harfuch\/#breadcrumb"},"inLanguage":"es","potentialAction":[{"@type":"ReadAction","target":["https:\/\/fuentesfidedignas.com.mx\/index.php\/2026\/03\/10\/cocaina-interceptada-en-acapulco-es-del-cartel-de-sinaloa-harfuch\/"]}]},{"@type":"ImageObject","inLanguage":"es","@id":"https:\/\/fuentesfidedignas.com.mx\/index.php\/2026\/03\/10\/cocaina-interceptada-en-acapulco-es-del-cartel-de-sinaloa-harfuch\/#primaryimage","url":"https:\/\/fuentesfidedignas.com.mx\/wp-content\/uploads\/2026\/03\/cacaina_acapulco.jpg","contentUrl":"https:\/\/fuentesfidedignas.com.mx\/wp-content\/uploads\/2026\/03\/cacaina_acapulco.jpg","width":500,"height":249},{"@type":"BreadcrumbList","@id":"https:\/\/fuentesfidedignas.com.mx\/index.php\/2026\/03\/10\/cocaina-interceptada-en-acapulco-es-del-cartel-de-sinaloa-harfuch\/#breadcrumb","itemListElement":[{"@type":"ListItem","position":1,"name":"Inicio","item":"https:\/\/fuentesfidedignas.com.mx\/"},{"@type":"ListItem","position":2,"name":"Coca\u00edna interceptada en Acapulco es del C\u00e1rtel de Sinaloa: Harfuch"}]},{"@type":"WebSite","@id":"https:\/\/fuentesfidedignas.com.mx\/#website","url":"https:\/\/fuentesfidedignas.com.mx\/","name":"Fuentes Fidedignas","description":"Otro sitio realizado con WordPress","publisher":{"@id":"https:\/\/fuentesfidedignas.com.mx\/#organization"},"potentialAction":[{"@type":"SearchAction","target":{"@type":"EntryPoint","urlTemplate":"https:\/\/fuentesfidedignas.com.mx\/?s={search_term_string}"},"query-input":{"@type":"PropertyValueSpecification","valueRequired":true,"valueName":"search_term_string"}}],"inLanguage":"es"},{"@type":"Organization","@id":"https:\/\/fuentesfidedignas.com.mx\/#organization","name":"Fuentes Fidedignas","url":"https:\/\/fuentesfidedignas.com.mx\/","logo":{"@type":"ImageObject","inLanguage":"es","@id":"https:\/\/fuentesfidedignas.com.mx\/#\/schema\/logo\/image\/","url":"https:\/\/fuentesfidedignas.com.mx\/wp-content\/uploads\/2021\/04\/logo-retina.png","contentUrl":"https:\/\/fuentesfidedignas.com.mx\/wp-content\/uploads\/2021\/04\/logo-retina.png","width":280,"height":51,"caption":"Fuentes Fidedignas"},"image":{"@id":"https:\/\/fuentesfidedignas.com.mx\/#\/schema\/logo\/image\/"},"sameAs":["https:\/\/www.facebook.com\/Fuentes-Fidedignas-368234489921644","https:\/\/x.com\/fidedignas"]},{"@type":"Person","@id":"https:\/\/fuentesfidedignas.com.mx\/#\/schema\/person\/62ca416a4f36e3bbaa81ca03c42a24de","name":"La Silla Rota","image":{"@type":"ImageObject","inLanguage":"es","@id":"https:\/\/secure.gravatar.com\/avatar\/6c473d6857904ee40ef78411891b0c3f6ea4a9f84fb03dd3f5dde7ae7c097430?s=96&d=mm&r=g","url":"https:\/\/secure.gravatar.com\/avatar\/6c473d6857904ee40ef78411891b0c3f6ea4a9f84fb03dd3f5dde7ae7c097430?s=96&d=mm&r=g","contentUrl":"https:\/\/secure.gravatar.com\/avatar\/6c473d6857904ee40ef78411891b0c3f6ea4a9f84fb03dd3f5dde7ae7c097430?s=96&d=mm&r=g","caption":"La Silla Rota"},"url":"https:\/\/fuentesfidedignas.com.mx\/index.php\/author\/lasillarota\/"}]}},"_links":{"self":[{"href":"https:\/\/fuentesfidedignas.com.mx\/index.php\/wp-json\/wp\/v2\/posts\/128962","targetHints":{"allow":["GET"]}}],"collection":[{"href":"https:\/\/fuentesfidedignas.com.mx\/index.php\/wp-json\/wp\/v2\/posts"}],"about":[{"href":"https:\/\/fuentesfidedignas.com.mx\/index.php\/wp-json\/wp\/v2\/types\/post"}],"author":[{"embeddable":true,"href":"https:\/\/fuentesfidedignas.com.mx\/index.php\/wp-json\/wp\/v2\/users\/15"}],"replies":[{"embeddable":true,"href":"https:\/\/fuentesfidedignas.com.mx\/index.php\/wp-json\/wp\/v2\/comments?post=128962"}],"version-history":[{"count":1,"href":"https:\/\/fuentesfidedignas.com.mx\/index.php\/wp-json\/wp\/v2\/posts\/128962\/revisions"}],"predecessor-version":[{"id":128963,"href":"https:\/\/fuentesfidedignas.com.mx\/index.php\/wp-json\/wp\/v2\/posts\/128962\/revisions\/128963"}],"wp:featuredmedia":[{"embeddable":true,"href":"https:\/\/fuentesfidedignas.com.mx\/index.php\/wp-json\/wp\/v2\/media\/128867"}],"wp:attachment":[{"href":"https:\/\/fuentesfidedignas.com.mx\/index.php\/wp-json\/wp\/v2\/media?parent=128962"}],"wp:term":[{"taxonomy":"category","embeddable":true,"href":"https:\/\/fuentesfidedignas.com.mx\/index.php\/wp-json\/wp\/v2\/categories?post=128962"},{"taxonomy":"post_tag","embeddable":true,"href":"https:\/\/fuentesfidedignas.com.mx\/index.php\/wp-json\/wp\/v2\/tags?post=128962"}],"curies":[{"name":"wp","href":"https:\/\/api.w.org\/{rel}","templated":true}]}}