{"id":128930,"date":"2026-03-09T20:24:54","date_gmt":"2026-03-10T03:24:54","guid":{"rendered":"https:\/\/fuentesfidedignas.com.mx\/?p=128930"},"modified":"2026-03-09T20:25:02","modified_gmt":"2026-03-10T03:25:02","slug":"eduardo-ortiz-hernandez-cuando-la-experiencia-vuelve-a-ponerse-en-el-centro-del-debate-rumbo-a-2027","status":"publish","type":"post","link":"https:\/\/fuentesfidedignas.com.mx\/index.php\/2026\/03\/09\/eduardo-ortiz-hernandez-cuando-la-experiencia-vuelve-a-ponerse-en-el-centro-del-debate-rumbo-a-2027\/","title":{"rendered":"Eduardo Ortiz Hern\u00e1ndez: cuando la experiencia vuelve a ponerse en el centro del debate rumbo a 2027"},"content":{"rendered":"\n<p>En la pol\u00edtica mexicana, donde las coyunturas cambian con rapidez y los nombres aparecen y desaparecen con la misma velocidad, hay perfiles cuya trayectoria termina pesando m\u00e1s que el ruido del momento. En Sinaloa, uno de esos nombres vuelve a colocarse en la conversaci\u00f3n p\u00fablica: Eduardo Ortiz Hern\u00e1ndez.<\/p>\n\n\n\n<p>Una reciente medici\u00f3n de la firma Emotegia, Investigaciones y Consultor\u00eda coloca a Ortiz Hern\u00e1ndez con un 34.60 por ciento de posicionamiento dentro del panismo sinaloense rumbo a la contienda de 2027. M\u00e1s all\u00e1 de la cifra \u2014que siempre debe analizarse con prudencia en tiempos de encuestas\u2014 el dato revela algo m\u00e1s interesante: la ciudadan\u00eda comienza a mirar nuevamente hacia perfiles con experiencia administrativa, formaci\u00f3n profesional s\u00f3lida y conocimiento del funcionamiento del Estado.<\/p>\n\n\n\n<p>No es un fen\u00f3meno menor. En los \u00faltimos a\u00f1os, la discusi\u00f3n pol\u00edtica en M\u00e9xico ha transitado entre la polarizaci\u00f3n y la improvisaci\u00f3n. En ese contexto, el electorado empieza a valorar nuevamente a quienes conocen la administraci\u00f3n p\u00fablica desde dentro y han participado tanto en la iniciativa privada como en la funci\u00f3n p\u00fablica.<\/p>\n\n\n\n<p>Ah\u00ed es donde la trayectoria de Ortiz Hern\u00e1ndez cobra relevancia.<\/p>\n\n\n\n<p>Su paso por la Secretar\u00eda de Desarrollo Econ\u00f3mico de Sinaloa dej\u00f3 resultados que todav\u00eda forman parte de la memoria administrativa del estado, particularmente en materia de atracci\u00f3n de inversi\u00f3n y generaci\u00f3n de empleo. Durante su periodo, Sinaloa logr\u00f3 cifras importantes de inversi\u00f3n extranjera directa, con capital proveniente principalmente de Estados Unidos y Canad\u00e1. M\u00e1s all\u00e1 de los n\u00fameros, ese periodo reflej\u00f3 algo que muchas veces se pierde en la discusi\u00f3n pol\u00edtica: la capacidad de gestionar, dialogar y generar confianza para atraer desarrollo.<\/p>\n\n\n\n<p>Antes de eso, Ortiz tambi\u00e9n hab\u00eda construido una trayectoria pol\u00edtica y empresarial relevante: diputado federal, diputado local y l\u00edder del sector comercio en Culiac\u00e1n. No se trata de un pol\u00edtico improvisado ni de una figura surgida de la coyuntura medi\u00e1tica. Su perfil pertenece a una generaci\u00f3n de panistas formados en el trabajo institucional, en el debate p\u00fablico y en la construcci\u00f3n de acuerdos.<\/p>\n\n\n\n<p>En un estado como Sinaloa, donde los retos econ\u00f3micos y sociales siguen siendo profundos, el debate sobre qui\u00e9n debe conducir el rumbo pol\u00edtico no puede reducirse a simpat\u00edas moment\u00e1neas o a narrativas de corto plazo. Se necesita visi\u00f3n, experiencia y, sobre todo, capacidad de interlocuci\u00f3n tanto en lo local como en lo nacional.<\/p>\n\n\n\n<p>Ese es otro de los factores que hoy se mencionan en torno a Ortiz Hern\u00e1ndez: su relaci\u00f3n pol\u00edtica en los c\u00edrculos donde se toman decisiones en el pa\u00eds, particularmente en la Ciudad de M\u00e9xico. En una federaci\u00f3n como la mexicana, donde los equilibrios pol\u00edticos y presupuestales se negocian permanentemente, tener interlocuci\u00f3n nacional no es un detalle menor.<\/p>\n\n\n\n<p>La pol\u00edtica sinaloense todav\u00eda tiene tiempo para definir sus escenarios rumbo a 2027. Sin embargo, los movimientos iniciales ya empiezan a delinear perfiles. Y lo que muestran algunos estudios de opini\u00f3n es que la sociedad no solo observa nombres nuevos; tambi\u00e9n revisa trayectorias que han demostrado capacidad y consistencia.<\/p>\n\n\n\n<p>Hay adem\u00e1s un elemento adicional que no debe perderse de vista: el estudio que posiciona a Ortiz Hern\u00e1ndez no se limit\u00f3 a un ejercicio local. Se trata de una medici\u00f3n realizada a nivel nacional, que evalu\u00f3 perfiles del Partido Acci\u00f3n Nacional en todas las entidades que renovar\u00e1n gubernatura en 2027. En ese contexto, el resultado obtenido en Sinaloa adquiere una dimensi\u00f3n m\u00e1s amplia, pues refleja el nivel de posicionamiento que tiene el perfil sinaloense dentro de ese an\u00e1lisis comparativo.<\/p>\n\n\n\n<p>Tal vez ese sea el mensaje de fondo que deja esta medici\u00f3n: en tiempos de incertidumbre pol\u00edtica, la experiencia vuelve a convertirse en un activo.<\/p>\n\n\n\n<p>Y en ese terreno, el nombre de Eduardo Ortiz Hern\u00e1ndez vuelve a entrar con fuerza en la conversaci\u00f3n p\u00fablica de Sinaloa. Porque, como dice el viejo dicho pol\u00edtico que da nombre a esta columna: cuando el r\u00edo suena\u2026 es porque algo empieza a moverse.<\/p>\n","protected":false},"excerpt":{"rendered":"<p>En la pol\u00edtica mexicana, donde las coyunturas cambian con rapidez y los nombres aparecen y desaparecen con la misma velocidad, hay perfiles cuya trayectoria termina pesando m\u00e1s que el ruido del momento. En Sinaloa, uno de esos nombres vuelve a colocarse en la conversaci\u00f3n p\u00fablica: Eduardo Ortiz Hern\u00e1ndez. Una reciente medici\u00f3n de la firma Emotegia, [&hellip;]<\/p>\n","protected":false},"author":140,"featured_media":78789,"comment_status":"open","ping_status":"open","sticky":false,"template":"","format":"standard","meta":{"tdm_status":"","tdm_grid_status":"","footnotes":""},"categories":[3064,3086],"tags":[],"class_list":{"0":"post-128930","1":"post","2":"type-post","3":"status-publish","4":"format-standard","5":"has-post-thumbnail","7":"category-columnas","8":"category-cuando-el-rio-suena"},"yoast_head":"<!-- This site is optimized with the Yoast SEO plugin v27.5 - https:\/\/yoast.com\/product\/yoast-seo-wordpress\/ -->\n<title>Eduardo Ortiz Hern\u00e1ndez: cuando la experiencia vuelve a ponerse en el centro del debate rumbo a 2027 - Fuentes Fidedignas<\/title>\n<meta name=\"robots\" content=\"index, follow, max-snippet:-1, max-image-preview:large, max-video-preview:-1\" \/>\n<link rel=\"canonical\" href=\"https:\/\/fuentesfidedignas.com.mx\/index.php\/2026\/03\/09\/eduardo-ortiz-hernandez-cuando-la-experiencia-vuelve-a-ponerse-en-el-centro-del-debate-rumbo-a-2027\/\" \/>\n<meta property=\"og:locale\" content=\"es_MX\" \/>\n<meta property=\"og:type\" content=\"article\" \/>\n<meta property=\"og:title\" content=\"Eduardo Ortiz Hern\u00e1ndez: cuando la experiencia vuelve a ponerse en el centro del debate rumbo a 2027 - Fuentes Fidedignas\" \/>\n<meta property=\"og:description\" content=\"En la pol\u00edtica mexicana, donde las coyunturas cambian con rapidez y los nombres aparecen y desaparecen con la misma velocidad, hay perfiles cuya trayectoria termina pesando m\u00e1s que el ruido del momento. En Sinaloa, uno de esos nombres vuelve a colocarse en la conversaci\u00f3n p\u00fablica: Eduardo Ortiz Hern\u00e1ndez. Una reciente medici\u00f3n de la firma Emotegia, [&hellip;]\" \/>\n<meta property=\"og:url\" content=\"https:\/\/fuentesfidedignas.com.mx\/index.php\/2026\/03\/09\/eduardo-ortiz-hernandez-cuando-la-experiencia-vuelve-a-ponerse-en-el-centro-del-debate-rumbo-a-2027\/\" \/>\n<meta property=\"og:site_name\" content=\"Fuentes Fidedignas\" \/>\n<meta property=\"article:publisher\" content=\"https:\/\/www.facebook.com\/Fuentes-Fidedignas-368234489921644\" \/>\n<meta property=\"article:published_time\" content=\"2026-03-10T03:24:54+00:00\" \/>\n<meta property=\"article:modified_time\" content=\"2026-03-10T03:25:02+00:00\" \/>\n<meta property=\"og:image\" content=\"https:\/\/fuentesfidedignas.com.mx\/wp-content\/uploads\/2024\/04\/ortiz.jpg\" \/>\n\t<meta property=\"og:image:width\" content=\"600\" \/>\n\t<meta property=\"og:image:height\" content=\"397\" \/>\n\t<meta property=\"og:image:type\" content=\"image\/jpeg\" \/>\n<meta name=\"author\" content=\"F.F\" \/>\n<meta name=\"twitter:card\" content=\"summary_large_image\" \/>\n<meta name=\"twitter:creator\" content=\"@fidedignas\" \/>\n<meta name=\"twitter:site\" content=\"@fidedignas\" \/>\n<meta name=\"twitter:label1\" content=\"Escrito por\" \/>\n\t<meta name=\"twitter:data1\" content=\"F.F\" \/>\n\t<meta name=\"twitter:label2\" content=\"Tiempo de lectura\" \/>\n\t<meta name=\"twitter:data2\" content=\"4 minutos\" \/>\n<script type=\"application\/ld+json\" class=\"yoast-schema-graph\">{\"@context\":\"https:\\\/\\\/schema.org\",\"@graph\":[{\"@type\":\"Article\",\"@id\":\"https:\\\/\\\/fuentesfidedignas.com.mx\\\/index.php\\\/2026\\\/03\\\/09\\\/eduardo-ortiz-hernandez-cuando-la-experiencia-vuelve-a-ponerse-en-el-centro-del-debate-rumbo-a-2027\\\/#article\",\"isPartOf\":{\"@id\":\"https:\\\/\\\/fuentesfidedignas.com.mx\\\/index.php\\\/2026\\\/03\\\/09\\\/eduardo-ortiz-hernandez-cuando-la-experiencia-vuelve-a-ponerse-en-el-centro-del-debate-rumbo-a-2027\\\/\"},\"author\":{\"name\":\"F.F\",\"@id\":\"https:\\\/\\\/fuentesfidedignas.com.mx\\\/#\\\/schema\\\/person\\\/257ce668995e70619a0423d4063f7539\"},\"headline\":\"Eduardo Ortiz Hern\u00e1ndez: cuando la experiencia vuelve a ponerse en el centro del debate rumbo a 2027\",\"datePublished\":\"2026-03-10T03:24:54+00:00\",\"dateModified\":\"2026-03-10T03:25:02+00:00\",\"mainEntityOfPage\":{\"@id\":\"https:\\\/\\\/fuentesfidedignas.com.mx\\\/index.php\\\/2026\\\/03\\\/09\\\/eduardo-ortiz-hernandez-cuando-la-experiencia-vuelve-a-ponerse-en-el-centro-del-debate-rumbo-a-2027\\\/\"},\"wordCount\":728,\"commentCount\":0,\"publisher\":{\"@id\":\"https:\\\/\\\/fuentesfidedignas.com.mx\\\/#organization\"},\"image\":{\"@id\":\"https:\\\/\\\/fuentesfidedignas.com.mx\\\/index.php\\\/2026\\\/03\\\/09\\\/eduardo-ortiz-hernandez-cuando-la-experiencia-vuelve-a-ponerse-en-el-centro-del-debate-rumbo-a-2027\\\/#primaryimage\"},\"thumbnailUrl\":\"https:\\\/\\\/fuentesfidedignas.com.mx\\\/wp-content\\\/uploads\\\/2024\\\/04\\\/ortiz.jpg\",\"articleSection\":[\"COLUMNAS\",\"CUANDO EL RIO SUENA\"],\"inLanguage\":\"es\",\"potentialAction\":[{\"@type\":\"CommentAction\",\"name\":\"Comment\",\"target\":[\"https:\\\/\\\/fuentesfidedignas.com.mx\\\/index.php\\\/2026\\\/03\\\/09\\\/eduardo-ortiz-hernandez-cuando-la-experiencia-vuelve-a-ponerse-en-el-centro-del-debate-rumbo-a-2027\\\/#respond\"]}]},{\"@type\":\"WebPage\",\"@id\":\"https:\\\/\\\/fuentesfidedignas.com.mx\\\/index.php\\\/2026\\\/03\\\/09\\\/eduardo-ortiz-hernandez-cuando-la-experiencia-vuelve-a-ponerse-en-el-centro-del-debate-rumbo-a-2027\\\/\",\"url\":\"https:\\\/\\\/fuentesfidedignas.com.mx\\\/index.php\\\/2026\\\/03\\\/09\\\/eduardo-ortiz-hernandez-cuando-la-experiencia-vuelve-a-ponerse-en-el-centro-del-debate-rumbo-a-2027\\\/\",\"name\":\"Eduardo Ortiz Hern\u00e1ndez: cuando la experiencia vuelve a ponerse en el centro del debate rumbo a 2027 - Fuentes Fidedignas\",\"isPartOf\":{\"@id\":\"https:\\\/\\\/fuentesfidedignas.com.mx\\\/#website\"},\"primaryImageOfPage\":{\"@id\":\"https:\\\/\\\/fuentesfidedignas.com.mx\\\/index.php\\\/2026\\\/03\\\/09\\\/eduardo-ortiz-hernandez-cuando-la-experiencia-vuelve-a-ponerse-en-el-centro-del-debate-rumbo-a-2027\\\/#primaryimage\"},\"image\":{\"@id\":\"https:\\\/\\\/fuentesfidedignas.com.mx\\\/index.php\\\/2026\\\/03\\\/09\\\/eduardo-ortiz-hernandez-cuando-la-experiencia-vuelve-a-ponerse-en-el-centro-del-debate-rumbo-a-2027\\\/#primaryimage\"},\"thumbnailUrl\":\"https:\\\/\\\/fuentesfidedignas.com.mx\\\/wp-content\\\/uploads\\\/2024\\\/04\\\/ortiz.jpg\",\"datePublished\":\"2026-03-10T03:24:54+00:00\",\"dateModified\":\"2026-03-10T03:25:02+00:00\",\"breadcrumb\":{\"@id\":\"https:\\\/\\\/fuentesfidedignas.com.mx\\\/index.php\\\/2026\\\/03\\\/09\\\/eduardo-ortiz-hernandez-cuando-la-experiencia-vuelve-a-ponerse-en-el-centro-del-debate-rumbo-a-2027\\\/#breadcrumb\"},\"inLanguage\":\"es\",\"potentialAction\":[{\"@type\":\"ReadAction\",\"target\":[\"https:\\\/\\\/fuentesfidedignas.com.mx\\\/index.php\\\/2026\\\/03\\\/09\\\/eduardo-ortiz-hernandez-cuando-la-experiencia-vuelve-a-ponerse-en-el-centro-del-debate-rumbo-a-2027\\\/\"]}]},{\"@type\":\"ImageObject\",\"inLanguage\":\"es\",\"@id\":\"https:\\\/\\\/fuentesfidedignas.com.mx\\\/index.php\\\/2026\\\/03\\\/09\\\/eduardo-ortiz-hernandez-cuando-la-experiencia-vuelve-a-ponerse-en-el-centro-del-debate-rumbo-a-2027\\\/#primaryimage\",\"url\":\"https:\\\/\\\/fuentesfidedignas.com.mx\\\/wp-content\\\/uploads\\\/2024\\\/04\\\/ortiz.jpg\",\"contentUrl\":\"https:\\\/\\\/fuentesfidedignas.com.mx\\\/wp-content\\\/uploads\\\/2024\\\/04\\\/ortiz.jpg\",\"width\":600,\"height\":397},{\"@type\":\"BreadcrumbList\",\"@id\":\"https:\\\/\\\/fuentesfidedignas.com.mx\\\/index.php\\\/2026\\\/03\\\/09\\\/eduardo-ortiz-hernandez-cuando-la-experiencia-vuelve-a-ponerse-en-el-centro-del-debate-rumbo-a-2027\\\/#breadcrumb\",\"itemListElement\":[{\"@type\":\"ListItem\",\"position\":1,\"name\":\"Inicio\",\"item\":\"https:\\\/\\\/fuentesfidedignas.com.mx\\\/\"},{\"@type\":\"ListItem\",\"position\":2,\"name\":\"Eduardo Ortiz Hern\u00e1ndez: cuando la experiencia vuelve a ponerse en el centro del debate rumbo a 2027\"}]},{\"@type\":\"WebSite\",\"@id\":\"https:\\\/\\\/fuentesfidedignas.com.mx\\\/#website\",\"url\":\"https:\\\/\\\/fuentesfidedignas.com.mx\\\/\",\"name\":\"Fuentes Fidedignas\",\"description\":\"Otro sitio realizado con WordPress\",\"publisher\":{\"@id\":\"https:\\\/\\\/fuentesfidedignas.com.mx\\\/#organization\"},\"potentialAction\":[{\"@type\":\"SearchAction\",\"target\":{\"@type\":\"EntryPoint\",\"urlTemplate\":\"https:\\\/\\\/fuentesfidedignas.com.mx\\\/?s={search_term_string}\"},\"query-input\":{\"@type\":\"PropertyValueSpecification\",\"valueRequired\":true,\"valueName\":\"search_term_string\"}}],\"inLanguage\":\"es\"},{\"@type\":\"Organization\",\"@id\":\"https:\\\/\\\/fuentesfidedignas.com.mx\\\/#organization\",\"name\":\"Fuentes Fidedignas\",\"url\":\"https:\\\/\\\/fuentesfidedignas.com.mx\\\/\",\"logo\":{\"@type\":\"ImageObject\",\"inLanguage\":\"es\",\"@id\":\"https:\\\/\\\/fuentesfidedignas.com.mx\\\/#\\\/schema\\\/logo\\\/image\\\/\",\"url\":\"https:\\\/\\\/fuentesfidedignas.com.mx\\\/wp-content\\\/uploads\\\/2021\\\/04\\\/logo-retina.png\",\"contentUrl\":\"https:\\\/\\\/fuentesfidedignas.com.mx\\\/wp-content\\\/uploads\\\/2021\\\/04\\\/logo-retina.png\",\"width\":280,\"height\":51,\"caption\":\"Fuentes Fidedignas\"},\"image\":{\"@id\":\"https:\\\/\\\/fuentesfidedignas.com.mx\\\/#\\\/schema\\\/logo\\\/image\\\/\"},\"sameAs\":[\"https:\\\/\\\/www.facebook.com\\\/Fuentes-Fidedignas-368234489921644\",\"https:\\\/\\\/x.com\\\/fidedignas\"]},{\"@type\":\"Person\",\"@id\":\"https:\\\/\\\/fuentesfidedignas.com.mx\\\/#\\\/schema\\\/person\\\/257ce668995e70619a0423d4063f7539\",\"name\":\"F.F\",\"image\":{\"@type\":\"ImageObject\",\"inLanguage\":\"es\",\"@id\":\"https:\\\/\\\/secure.gravatar.com\\\/avatar\\\/852c26b8e524fd0d5d40b1dd4f3b01abe244b22e1008620d24eeae20a74a9353?s=96&d=mm&r=g\",\"url\":\"https:\\\/\\\/secure.gravatar.com\\\/avatar\\\/852c26b8e524fd0d5d40b1dd4f3b01abe244b22e1008620d24eeae20a74a9353?s=96&d=mm&r=g\",\"contentUrl\":\"https:\\\/\\\/secure.gravatar.com\\\/avatar\\\/852c26b8e524fd0d5d40b1dd4f3b01abe244b22e1008620d24eeae20a74a9353?s=96&d=mm&r=g\",\"caption\":\"F.F\"},\"url\":\"https:\\\/\\\/fuentesfidedignas.com.mx\\\/index.php\\\/author\\\/f-f\\\/\"}]}<\/script>\n<!-- \/ Yoast SEO plugin. -->","yoast_head_json":{"title":"Eduardo Ortiz Hern\u00e1ndez: cuando la experiencia vuelve a ponerse en el centro del debate rumbo a 2027 - Fuentes Fidedignas","robots":{"index":"index","follow":"follow","max-snippet":"max-snippet:-1","max-image-preview":"max-image-preview:large","max-video-preview":"max-video-preview:-1"},"canonical":"https:\/\/fuentesfidedignas.com.mx\/index.php\/2026\/03\/09\/eduardo-ortiz-hernandez-cuando-la-experiencia-vuelve-a-ponerse-en-el-centro-del-debate-rumbo-a-2027\/","og_locale":"es_MX","og_type":"article","og_title":"Eduardo Ortiz Hern\u00e1ndez: cuando la experiencia vuelve a ponerse en el centro del debate rumbo a 2027 - Fuentes Fidedignas","og_description":"En la pol\u00edtica mexicana, donde las coyunturas cambian con rapidez y los nombres aparecen y desaparecen con la misma velocidad, hay perfiles cuya trayectoria termina pesando m\u00e1s que el ruido del momento. En Sinaloa, uno de esos nombres vuelve a colocarse en la conversaci\u00f3n p\u00fablica: Eduardo Ortiz Hern\u00e1ndez. Una reciente medici\u00f3n de la firma Emotegia, [&hellip;]","og_url":"https:\/\/fuentesfidedignas.com.mx\/index.php\/2026\/03\/09\/eduardo-ortiz-hernandez-cuando-la-experiencia-vuelve-a-ponerse-en-el-centro-del-debate-rumbo-a-2027\/","og_site_name":"Fuentes Fidedignas","article_publisher":"https:\/\/www.facebook.com\/Fuentes-Fidedignas-368234489921644","article_published_time":"2026-03-10T03:24:54+00:00","article_modified_time":"2026-03-10T03:25:02+00:00","og_image":[{"width":600,"height":397,"url":"https:\/\/fuentesfidedignas.com.mx\/wp-content\/uploads\/2024\/04\/ortiz.jpg","type":"image\/jpeg"}],"author":"F.F","twitter_card":"summary_large_image","twitter_creator":"@fidedignas","twitter_site":"@fidedignas","twitter_misc":{"Escrito por":"F.F","Tiempo de lectura":"4 minutos"},"schema":{"@context":"https:\/\/schema.org","@graph":[{"@type":"Article","@id":"https:\/\/fuentesfidedignas.com.mx\/index.php\/2026\/03\/09\/eduardo-ortiz-hernandez-cuando-la-experiencia-vuelve-a-ponerse-en-el-centro-del-debate-rumbo-a-2027\/#article","isPartOf":{"@id":"https:\/\/fuentesfidedignas.com.mx\/index.php\/2026\/03\/09\/eduardo-ortiz-hernandez-cuando-la-experiencia-vuelve-a-ponerse-en-el-centro-del-debate-rumbo-a-2027\/"},"author":{"name":"F.F","@id":"https:\/\/fuentesfidedignas.com.mx\/#\/schema\/person\/257ce668995e70619a0423d4063f7539"},"headline":"Eduardo Ortiz Hern\u00e1ndez: cuando la experiencia vuelve a ponerse en el centro del debate rumbo a 2027","datePublished":"2026-03-10T03:24:54+00:00","dateModified":"2026-03-10T03:25:02+00:00","mainEntityOfPage":{"@id":"https:\/\/fuentesfidedignas.com.mx\/index.php\/2026\/03\/09\/eduardo-ortiz-hernandez-cuando-la-experiencia-vuelve-a-ponerse-en-el-centro-del-debate-rumbo-a-2027\/"},"wordCount":728,"commentCount":0,"publisher":{"@id":"https:\/\/fuentesfidedignas.com.mx\/#organization"},"image":{"@id":"https:\/\/fuentesfidedignas.com.mx\/index.php\/2026\/03\/09\/eduardo-ortiz-hernandez-cuando-la-experiencia-vuelve-a-ponerse-en-el-centro-del-debate-rumbo-a-2027\/#primaryimage"},"thumbnailUrl":"https:\/\/fuentesfidedignas.com.mx\/wp-content\/uploads\/2024\/04\/ortiz.jpg","articleSection":["COLUMNAS","CUANDO EL RIO SUENA"],"inLanguage":"es","potentialAction":[{"@type":"CommentAction","name":"Comment","target":["https:\/\/fuentesfidedignas.com.mx\/index.php\/2026\/03\/09\/eduardo-ortiz-hernandez-cuando-la-experiencia-vuelve-a-ponerse-en-el-centro-del-debate-rumbo-a-2027\/#respond"]}]},{"@type":"WebPage","@id":"https:\/\/fuentesfidedignas.com.mx\/index.php\/2026\/03\/09\/eduardo-ortiz-hernandez-cuando-la-experiencia-vuelve-a-ponerse-en-el-centro-del-debate-rumbo-a-2027\/","url":"https:\/\/fuentesfidedignas.com.mx\/index.php\/2026\/03\/09\/eduardo-ortiz-hernandez-cuando-la-experiencia-vuelve-a-ponerse-en-el-centro-del-debate-rumbo-a-2027\/","name":"Eduardo Ortiz Hern\u00e1ndez: cuando la experiencia vuelve a ponerse en el centro del debate rumbo a 2027 - Fuentes Fidedignas","isPartOf":{"@id":"https:\/\/fuentesfidedignas.com.mx\/#website"},"primaryImageOfPage":{"@id":"https:\/\/fuentesfidedignas.com.mx\/index.php\/2026\/03\/09\/eduardo-ortiz-hernandez-cuando-la-experiencia-vuelve-a-ponerse-en-el-centro-del-debate-rumbo-a-2027\/#primaryimage"},"image":{"@id":"https:\/\/fuentesfidedignas.com.mx\/index.php\/2026\/03\/09\/eduardo-ortiz-hernandez-cuando-la-experiencia-vuelve-a-ponerse-en-el-centro-del-debate-rumbo-a-2027\/#primaryimage"},"thumbnailUrl":"https:\/\/fuentesfidedignas.com.mx\/wp-content\/uploads\/2024\/04\/ortiz.jpg","datePublished":"2026-03-10T03:24:54+00:00","dateModified":"2026-03-10T03:25:02+00:00","breadcrumb":{"@id":"https:\/\/fuentesfidedignas.com.mx\/index.php\/2026\/03\/09\/eduardo-ortiz-hernandez-cuando-la-experiencia-vuelve-a-ponerse-en-el-centro-del-debate-rumbo-a-2027\/#breadcrumb"},"inLanguage":"es","potentialAction":[{"@type":"ReadAction","target":["https:\/\/fuentesfidedignas.com.mx\/index.php\/2026\/03\/09\/eduardo-ortiz-hernandez-cuando-la-experiencia-vuelve-a-ponerse-en-el-centro-del-debate-rumbo-a-2027\/"]}]},{"@type":"ImageObject","inLanguage":"es","@id":"https:\/\/fuentesfidedignas.com.mx\/index.php\/2026\/03\/09\/eduardo-ortiz-hernandez-cuando-la-experiencia-vuelve-a-ponerse-en-el-centro-del-debate-rumbo-a-2027\/#primaryimage","url":"https:\/\/fuentesfidedignas.com.mx\/wp-content\/uploads\/2024\/04\/ortiz.jpg","contentUrl":"https:\/\/fuentesfidedignas.com.mx\/wp-content\/uploads\/2024\/04\/ortiz.jpg","width":600,"height":397},{"@type":"BreadcrumbList","@id":"https:\/\/fuentesfidedignas.com.mx\/index.php\/2026\/03\/09\/eduardo-ortiz-hernandez-cuando-la-experiencia-vuelve-a-ponerse-en-el-centro-del-debate-rumbo-a-2027\/#breadcrumb","itemListElement":[{"@type":"ListItem","position":1,"name":"Inicio","item":"https:\/\/fuentesfidedignas.com.mx\/"},{"@type":"ListItem","position":2,"name":"Eduardo Ortiz Hern\u00e1ndez: cuando la experiencia vuelve a ponerse en el centro del debate rumbo a 2027"}]},{"@type":"WebSite","@id":"https:\/\/fuentesfidedignas.com.mx\/#website","url":"https:\/\/fuentesfidedignas.com.mx\/","name":"Fuentes Fidedignas","description":"Otro sitio realizado con WordPress","publisher":{"@id":"https:\/\/fuentesfidedignas.com.mx\/#organization"},"potentialAction":[{"@type":"SearchAction","target":{"@type":"EntryPoint","urlTemplate":"https:\/\/fuentesfidedignas.com.mx\/?s={search_term_string}"},"query-input":{"@type":"PropertyValueSpecification","valueRequired":true,"valueName":"search_term_string"}}],"inLanguage":"es"},{"@type":"Organization","@id":"https:\/\/fuentesfidedignas.com.mx\/#organization","name":"Fuentes Fidedignas","url":"https:\/\/fuentesfidedignas.com.mx\/","logo":{"@type":"ImageObject","inLanguage":"es","@id":"https:\/\/fuentesfidedignas.com.mx\/#\/schema\/logo\/image\/","url":"https:\/\/fuentesfidedignas.com.mx\/wp-content\/uploads\/2021\/04\/logo-retina.png","contentUrl":"https:\/\/fuentesfidedignas.com.mx\/wp-content\/uploads\/2021\/04\/logo-retina.png","width":280,"height":51,"caption":"Fuentes Fidedignas"},"image":{"@id":"https:\/\/fuentesfidedignas.com.mx\/#\/schema\/logo\/image\/"},"sameAs":["https:\/\/www.facebook.com\/Fuentes-Fidedignas-368234489921644","https:\/\/x.com\/fidedignas"]},{"@type":"Person","@id":"https:\/\/fuentesfidedignas.com.mx\/#\/schema\/person\/257ce668995e70619a0423d4063f7539","name":"F.F","image":{"@type":"ImageObject","inLanguage":"es","@id":"https:\/\/secure.gravatar.com\/avatar\/852c26b8e524fd0d5d40b1dd4f3b01abe244b22e1008620d24eeae20a74a9353?s=96&d=mm&r=g","url":"https:\/\/secure.gravatar.com\/avatar\/852c26b8e524fd0d5d40b1dd4f3b01abe244b22e1008620d24eeae20a74a9353?s=96&d=mm&r=g","contentUrl":"https:\/\/secure.gravatar.com\/avatar\/852c26b8e524fd0d5d40b1dd4f3b01abe244b22e1008620d24eeae20a74a9353?s=96&d=mm&r=g","caption":"F.F"},"url":"https:\/\/fuentesfidedignas.com.mx\/index.php\/author\/f-f\/"}]}},"_links":{"self":[{"href":"https:\/\/fuentesfidedignas.com.mx\/index.php\/wp-json\/wp\/v2\/posts\/128930","targetHints":{"allow":["GET"]}}],"collection":[{"href":"https:\/\/fuentesfidedignas.com.mx\/index.php\/wp-json\/wp\/v2\/posts"}],"about":[{"href":"https:\/\/fuentesfidedignas.com.mx\/index.php\/wp-json\/wp\/v2\/types\/post"}],"author":[{"embeddable":true,"href":"https:\/\/fuentesfidedignas.com.mx\/index.php\/wp-json\/wp\/v2\/users\/140"}],"replies":[{"embeddable":true,"href":"https:\/\/fuentesfidedignas.com.mx\/index.php\/wp-json\/wp\/v2\/comments?post=128930"}],"version-history":[{"count":1,"href":"https:\/\/fuentesfidedignas.com.mx\/index.php\/wp-json\/wp\/v2\/posts\/128930\/revisions"}],"predecessor-version":[{"id":128931,"href":"https:\/\/fuentesfidedignas.com.mx\/index.php\/wp-json\/wp\/v2\/posts\/128930\/revisions\/128931"}],"wp:featuredmedia":[{"embeddable":true,"href":"https:\/\/fuentesfidedignas.com.mx\/index.php\/wp-json\/wp\/v2\/media\/78789"}],"wp:attachment":[{"href":"https:\/\/fuentesfidedignas.com.mx\/index.php\/wp-json\/wp\/v2\/media?parent=128930"}],"wp:term":[{"taxonomy":"category","embeddable":true,"href":"https:\/\/fuentesfidedignas.com.mx\/index.php\/wp-json\/wp\/v2\/categories?post=128930"},{"taxonomy":"post_tag","embeddable":true,"href":"https:\/\/fuentesfidedignas.com.mx\/index.php\/wp-json\/wp\/v2\/tags?post=128930"}],"curies":[{"name":"wp","href":"https:\/\/api.w.org\/{rel}","templated":true}]}}