{"id":128927,"date":"2026-03-10T03:20:00","date_gmt":"2026-03-10T10:20:00","guid":{"rendered":"https:\/\/fuentesfidedignas.com.mx\/?p=128927"},"modified":"2026-03-09T20:00:44","modified_gmt":"2026-03-10T03:00:44","slug":"hijo-de-su-madre-denuncia-agresiones-de-su-vastago-por-inmueble-se-lo-quiere-quitar-video","status":"publish","type":"post","link":"https:\/\/fuentesfidedignas.com.mx\/index.php\/2026\/03\/10\/hijo-de-su-madre-denuncia-agresiones-de-su-vastago-por-inmueble-se-lo-quiere-quitar-video\/","title":{"rendered":"Hijo de su\u2026 Madre denuncia agresiones de su v\u00e1stago por inmueble; &#8216;se lo quiere quitar&#8217; | VIDEO"},"content":{"rendered":"\n<p><strong><em>El agresor arremeti\u00f3 contra su padre de 74 a\u00f1os, y su madre de 66 a\u00f1os, quienes intentaron defenderse con un palo de escoba en medio de la gresca.<\/em><\/strong><\/p>\n\n\n\n<p>Un caso indignante de violencia familiar fue captado en video este fin de semana en San Juan Bautista Tuxtepec, Oaxaca, donde un hijo agredi\u00f3 verbal y f\u00edsicamente a sus padres adultos mayores.<\/p>\n\n\n\n<p>De acuerdo a las im\u00e1genes que fueron dadas a conocer por medio de redes sociales, el sujeto de nombre Fernando Pacheco Gallardo arremeti\u00f3 contra su padre, Fernando Pacheco Morales de 74 a\u00f1os, y su madre, Elvira Gallardo P\u00e9rez de 66 a\u00f1os, quienes intentaron defenderse con un palo de escoba en medio de la gresca familiar.<\/p>\n\n\n\n<p>El caso fue dado a conocer por el medio local El Pi\u00f1ero, que logr\u00f3 entrevistar a la se\u00f1ora Elvia, quien refiere que la agresi\u00f3n est\u00e1 relacionada con una disputa por la propiedad de una casa. <\/p>\n\n\n\n<figure class=\"wp-block-embed is-type-rich is-provider-twitter wp-block-embed-twitter\"><div class=\"wp-block-embed__wrapper\">\n<blockquote class=\"twitter-tweet\" data-width=\"550\" data-dnt=\"true\"><p lang=\"es\" dir=\"ltr\"><a href=\"https:\/\/twitter.com\/hashtag\/VIDEOREPORTE?src=hash&amp;ref_src=twsrc%5Etfw\">#VIDEOREPORTE<\/a>\ud83c\udfa6\ud83c\udd95 |  \ud83c\udd95 <a href=\"https:\/\/twitter.com\/hashtag\/Tuxtepec?src=hash&amp;ref_src=twsrc%5Etfw\">#Tuxtepec<\/a> | \u274c\ud83d\udc4a Captan en video agresi\u00f3n de un hijo contra sus padres adultos mayores.<br><br>\u27a1\ufe0f El joven se llama Fernando Pacheco Gallardo y golpe\u00f3 a sus padres Fernando Pacheco Morales y su mam\u00e1 Elvira Gallardo P\u00e9rez, ambos quisieron defenderse con un palo\u2026 <a href=\"https:\/\/t.co\/pePUPNT2DR\">pic.twitter.com\/pePUPNT2DR<\/a><\/p>&mdash; EL PI\u00d1ERO (@ELPINERO) <a href=\"https:\/\/twitter.com\/ELPINERO\/status\/2028263282100826381?ref_src=twsrc%5Etfw\">March 2, 2026<\/a><\/blockquote><script async src=\"https:\/\/platform.twitter.com\/widgets.js\" charset=\"utf-8\"><\/script>\n<\/div><\/figure>\n\n\n\n<p><strong>No es la primera ocasi\u00f3n<\/strong><br>Seg\u00fan las palabras de la se\u00f1ora, esta no es la primera vez que sufren violencia por parte de su hijo y su nuera Karla Patricia, pues las agresiones datan de hace al menos dos a\u00f1os; sin embargo en esta ocasi\u00f3n dichas acciones quedaron grabadas.<\/p>\n\n\n\n<p>Las im\u00e1genes han desatado todo tipo de comentarios sobre lo ocurrido pues en el material se puede apreciar como Pacheco Gallardo los pretende desalojar del inmueble a base de improperios, golpes y patadas.<\/p>\n\n\n\n<p>&#8220;Nos peg\u00f3, nos avent\u00f3 y pate\u00f3\u201d, narr\u00f3 la mujer con evidente temor, detallando que no actu\u00f3 s\u00f3lo pues iba acompa\u00f1ado de su esposa, Karla Patricia.<\/p>\n\n\n\n<p>En el video se observa a los padres intentando defenderse con un palo de escoba. Ante la gravedad de los hechos y la difusi\u00f3n masiva de las im\u00e1genes Do\u00f1a Elvira tuvo que arrojar agua a los rijosos para que los dejaran en paz.<\/p>\n\n\n\n<p>Tras los lamentables actos, las v\u00edctimas anunciaron que interpondr\u00e1n una denuncia formal ante la Fiscal\u00eda General del Estado de Oaxaca (FGEO); hasta el momento, las autoridades no han reportado la detenci\u00f3n del implicado, por lo que la sociedad civil y usuarios de internet exigen una intervenci\u00f3n inmediata.<\/p>\n\n\n\n<p>Este hecho se suma a otros reportes de violencia familiar y detenciones en la regi\u00f3n de la Cuenca del Papaloapan en meses recientes, por lo que se hizo un llamado a la autoridad local con el fin de garantizar la integridad y la vida principalmente de dos adultos mayores afectados<\/p>\n\n\n\n<iframe loading=\"lazy\" src=\"https:\/\/www.facebook.com\/plugins\/video.php?height=476&#038;href=https%3A%2F%2Fwww.facebook.com%2Freel%2F781531074549617%2F&#038;show_text=false&#038;width=267&#038;t=0\" width=\"267\" height=\"476\" style=\"border:none;overflow:hidden\" scrolling=\"no\" frameborder=\"0\" allowfullscreen=\"true\" allow=\"autoplay; clipboard-write; encrypted-media; picture-in-picture; web-share\" allowFullScreen=\"true\"><\/iframe>\n","protected":false},"excerpt":{"rendered":"<p>El agresor arremeti\u00f3 contra su padre de 74 a\u00f1os, y su madre de 66 a\u00f1os, quienes intentaron defenderse con un palo de escoba en medio de la gresca. Un caso indignante de violencia familiar fue captado en video este fin de semana en San Juan Bautista Tuxtepec, Oaxaca, donde un hijo agredi\u00f3 verbal y f\u00edsicamente [&hellip;]<\/p>\n","protected":false},"author":7,"featured_media":128928,"comment_status":"open","ping_status":"open","sticky":false,"template":"","format":"standard","meta":{"tdm_status":"","tdm_grid_status":"","footnotes":""},"categories":[40],"tags":[],"class_list":{"0":"post-128927","1":"post","2":"type-post","3":"status-publish","4":"format-standard","5":"has-post-thumbnail","7":"category-las-asombrosas"},"yoast_head":"<!-- This site is optimized with the Yoast SEO plugin v27.5 - https:\/\/yoast.com\/product\/yoast-seo-wordpress\/ -->\n<title>Hijo de su\u2026 Madre denuncia agresiones de su v\u00e1stago por inmueble; &#039;se lo quiere quitar&#039; | VIDEO - Fuentes Fidedignas<\/title>\n<meta name=\"robots\" content=\"index, follow, max-snippet:-1, max-image-preview:large, max-video-preview:-1\" \/>\n<link rel=\"canonical\" href=\"https:\/\/fuentesfidedignas.com.mx\/index.php\/2026\/03\/10\/hijo-de-su-madre-denuncia-agresiones-de-su-vastago-por-inmueble-se-lo-quiere-quitar-video\/\" \/>\n<meta property=\"og:locale\" content=\"es_MX\" \/>\n<meta property=\"og:type\" content=\"article\" \/>\n<meta property=\"og:title\" content=\"Hijo de su\u2026 Madre denuncia agresiones de su v\u00e1stago por inmueble; &#039;se lo quiere quitar&#039; | VIDEO - Fuentes Fidedignas\" \/>\n<meta property=\"og:description\" content=\"El agresor arremeti\u00f3 contra su padre de 74 a\u00f1os, y su madre de 66 a\u00f1os, quienes intentaron defenderse con un palo de escoba en medio de la gresca. Un caso indignante de violencia familiar fue captado en video este fin de semana en San Juan Bautista Tuxtepec, Oaxaca, donde un hijo agredi\u00f3 verbal y f\u00edsicamente [&hellip;]\" \/>\n<meta property=\"og:url\" content=\"https:\/\/fuentesfidedignas.com.mx\/index.php\/2026\/03\/10\/hijo-de-su-madre-denuncia-agresiones-de-su-vastago-por-inmueble-se-lo-quiere-quitar-video\/\" \/>\n<meta property=\"og:site_name\" content=\"Fuentes Fidedignas\" \/>\n<meta property=\"article:publisher\" content=\"https:\/\/www.facebook.com\/Fuentes-Fidedignas-368234489921644\" \/>\n<meta property=\"article:published_time\" content=\"2026-03-10T10:20:00+00:00\" \/>\n<meta property=\"og:image\" content=\"https:\/\/fuentesfidedignas.com.mx\/wp-content\/uploads\/2026\/03\/corre-a-su-mama.jpeg\" \/>\n\t<meta property=\"og:image:width\" content=\"500\" \/>\n\t<meta property=\"og:image:height\" content=\"333\" \/>\n\t<meta property=\"og:image:type\" content=\"image\/jpeg\" \/>\n<meta name=\"author\" content=\"Exc\u00e9lsior\" \/>\n<meta name=\"twitter:card\" content=\"summary_large_image\" \/>\n<meta name=\"twitter:creator\" content=\"@fidedignas\" \/>\n<meta name=\"twitter:site\" content=\"@fidedignas\" \/>\n<meta name=\"twitter:label1\" content=\"Escrito por\" \/>\n\t<meta name=\"twitter:data1\" content=\"Exc\u00e9lsior\" \/>\n\t<meta name=\"twitter:label2\" content=\"Tiempo de lectura\" \/>\n\t<meta name=\"twitter:data2\" content=\"3 minutos\" \/>\n<script type=\"application\/ld+json\" class=\"yoast-schema-graph\">{\"@context\":\"https:\\\/\\\/schema.org\",\"@graph\":[{\"@type\":\"Article\",\"@id\":\"https:\\\/\\\/fuentesfidedignas.com.mx\\\/index.php\\\/2026\\\/03\\\/10\\\/hijo-de-su-madre-denuncia-agresiones-de-su-vastago-por-inmueble-se-lo-quiere-quitar-video\\\/#article\",\"isPartOf\":{\"@id\":\"https:\\\/\\\/fuentesfidedignas.com.mx\\\/index.php\\\/2026\\\/03\\\/10\\\/hijo-de-su-madre-denuncia-agresiones-de-su-vastago-por-inmueble-se-lo-quiere-quitar-video\\\/\"},\"author\":{\"name\":\"Exc\u00e9lsior\",\"@id\":\"https:\\\/\\\/fuentesfidedignas.com.mx\\\/#\\\/schema\\\/person\\\/ec4edd1fbf5efa3e44fce34fe2787780\"},\"headline\":\"Hijo de su\u2026 Madre denuncia agresiones de su v\u00e1stago por inmueble; &#8216;se lo quiere quitar&#8217; | VIDEO\",\"datePublished\":\"2026-03-10T10:20:00+00:00\",\"mainEntityOfPage\":{\"@id\":\"https:\\\/\\\/fuentesfidedignas.com.mx\\\/index.php\\\/2026\\\/03\\\/10\\\/hijo-de-su-madre-denuncia-agresiones-de-su-vastago-por-inmueble-se-lo-quiere-quitar-video\\\/\"},\"wordCount\":442,\"commentCount\":0,\"publisher\":{\"@id\":\"https:\\\/\\\/fuentesfidedignas.com.mx\\\/#organization\"},\"image\":{\"@id\":\"https:\\\/\\\/fuentesfidedignas.com.mx\\\/index.php\\\/2026\\\/03\\\/10\\\/hijo-de-su-madre-denuncia-agresiones-de-su-vastago-por-inmueble-se-lo-quiere-quitar-video\\\/#primaryimage\"},\"thumbnailUrl\":\"https:\\\/\\\/fuentesfidedignas.com.mx\\\/wp-content\\\/uploads\\\/2026\\\/03\\\/corre-a-su-mama.jpeg\",\"articleSection\":[\"LAS ASOMBROSAS\"],\"inLanguage\":\"es\",\"potentialAction\":[{\"@type\":\"CommentAction\",\"name\":\"Comment\",\"target\":[\"https:\\\/\\\/fuentesfidedignas.com.mx\\\/index.php\\\/2026\\\/03\\\/10\\\/hijo-de-su-madre-denuncia-agresiones-de-su-vastago-por-inmueble-se-lo-quiere-quitar-video\\\/#respond\"]}]},{\"@type\":\"WebPage\",\"@id\":\"https:\\\/\\\/fuentesfidedignas.com.mx\\\/index.php\\\/2026\\\/03\\\/10\\\/hijo-de-su-madre-denuncia-agresiones-de-su-vastago-por-inmueble-se-lo-quiere-quitar-video\\\/\",\"url\":\"https:\\\/\\\/fuentesfidedignas.com.mx\\\/index.php\\\/2026\\\/03\\\/10\\\/hijo-de-su-madre-denuncia-agresiones-de-su-vastago-por-inmueble-se-lo-quiere-quitar-video\\\/\",\"name\":\"Hijo de su\u2026 Madre denuncia agresiones de su v\u00e1stago por inmueble; 'se lo quiere quitar' | VIDEO - Fuentes Fidedignas\",\"isPartOf\":{\"@id\":\"https:\\\/\\\/fuentesfidedignas.com.mx\\\/#website\"},\"primaryImageOfPage\":{\"@id\":\"https:\\\/\\\/fuentesfidedignas.com.mx\\\/index.php\\\/2026\\\/03\\\/10\\\/hijo-de-su-madre-denuncia-agresiones-de-su-vastago-por-inmueble-se-lo-quiere-quitar-video\\\/#primaryimage\"},\"image\":{\"@id\":\"https:\\\/\\\/fuentesfidedignas.com.mx\\\/index.php\\\/2026\\\/03\\\/10\\\/hijo-de-su-madre-denuncia-agresiones-de-su-vastago-por-inmueble-se-lo-quiere-quitar-video\\\/#primaryimage\"},\"thumbnailUrl\":\"https:\\\/\\\/fuentesfidedignas.com.mx\\\/wp-content\\\/uploads\\\/2026\\\/03\\\/corre-a-su-mama.jpeg\",\"datePublished\":\"2026-03-10T10:20:00+00:00\",\"breadcrumb\":{\"@id\":\"https:\\\/\\\/fuentesfidedignas.com.mx\\\/index.php\\\/2026\\\/03\\\/10\\\/hijo-de-su-madre-denuncia-agresiones-de-su-vastago-por-inmueble-se-lo-quiere-quitar-video\\\/#breadcrumb\"},\"inLanguage\":\"es\",\"potentialAction\":[{\"@type\":\"ReadAction\",\"target\":[\"https:\\\/\\\/fuentesfidedignas.com.mx\\\/index.php\\\/2026\\\/03\\\/10\\\/hijo-de-su-madre-denuncia-agresiones-de-su-vastago-por-inmueble-se-lo-quiere-quitar-video\\\/\"]}]},{\"@type\":\"ImageObject\",\"inLanguage\":\"es\",\"@id\":\"https:\\\/\\\/fuentesfidedignas.com.mx\\\/index.php\\\/2026\\\/03\\\/10\\\/hijo-de-su-madre-denuncia-agresiones-de-su-vastago-por-inmueble-se-lo-quiere-quitar-video\\\/#primaryimage\",\"url\":\"https:\\\/\\\/fuentesfidedignas.com.mx\\\/wp-content\\\/uploads\\\/2026\\\/03\\\/corre-a-su-mama.jpeg\",\"contentUrl\":\"https:\\\/\\\/fuentesfidedignas.com.mx\\\/wp-content\\\/uploads\\\/2026\\\/03\\\/corre-a-su-mama.jpeg\",\"width\":500,\"height\":333},{\"@type\":\"BreadcrumbList\",\"@id\":\"https:\\\/\\\/fuentesfidedignas.com.mx\\\/index.php\\\/2026\\\/03\\\/10\\\/hijo-de-su-madre-denuncia-agresiones-de-su-vastago-por-inmueble-se-lo-quiere-quitar-video\\\/#breadcrumb\",\"itemListElement\":[{\"@type\":\"ListItem\",\"position\":1,\"name\":\"Inicio\",\"item\":\"https:\\\/\\\/fuentesfidedignas.com.mx\\\/\"},{\"@type\":\"ListItem\",\"position\":2,\"name\":\"Hijo de su\u2026 Madre denuncia agresiones de su v\u00e1stago por inmueble; &#8216;se lo quiere quitar&#8217; | VIDEO\"}]},{\"@type\":\"WebSite\",\"@id\":\"https:\\\/\\\/fuentesfidedignas.com.mx\\\/#website\",\"url\":\"https:\\\/\\\/fuentesfidedignas.com.mx\\\/\",\"name\":\"Fuentes Fidedignas\",\"description\":\"Otro sitio realizado con WordPress\",\"publisher\":{\"@id\":\"https:\\\/\\\/fuentesfidedignas.com.mx\\\/#organization\"},\"potentialAction\":[{\"@type\":\"SearchAction\",\"target\":{\"@type\":\"EntryPoint\",\"urlTemplate\":\"https:\\\/\\\/fuentesfidedignas.com.mx\\\/?s={search_term_string}\"},\"query-input\":{\"@type\":\"PropertyValueSpecification\",\"valueRequired\":true,\"valueName\":\"search_term_string\"}}],\"inLanguage\":\"es\"},{\"@type\":\"Organization\",\"@id\":\"https:\\\/\\\/fuentesfidedignas.com.mx\\\/#organization\",\"name\":\"Fuentes Fidedignas\",\"url\":\"https:\\\/\\\/fuentesfidedignas.com.mx\\\/\",\"logo\":{\"@type\":\"ImageObject\",\"inLanguage\":\"es\",\"@id\":\"https:\\\/\\\/fuentesfidedignas.com.mx\\\/#\\\/schema\\\/logo\\\/image\\\/\",\"url\":\"https:\\\/\\\/fuentesfidedignas.com.mx\\\/wp-content\\\/uploads\\\/2021\\\/04\\\/logo-retina.png\",\"contentUrl\":\"https:\\\/\\\/fuentesfidedignas.com.mx\\\/wp-content\\\/uploads\\\/2021\\\/04\\\/logo-retina.png\",\"width\":280,\"height\":51,\"caption\":\"Fuentes Fidedignas\"},\"image\":{\"@id\":\"https:\\\/\\\/fuentesfidedignas.com.mx\\\/#\\\/schema\\\/logo\\\/image\\\/\"},\"sameAs\":[\"https:\\\/\\\/www.facebook.com\\\/Fuentes-Fidedignas-368234489921644\",\"https:\\\/\\\/x.com\\\/fidedignas\"]},{\"@type\":\"Person\",\"@id\":\"https:\\\/\\\/fuentesfidedignas.com.mx\\\/#\\\/schema\\\/person\\\/ec4edd1fbf5efa3e44fce34fe2787780\",\"name\":\"Exc\u00e9lsior\",\"image\":{\"@type\":\"ImageObject\",\"inLanguage\":\"es\",\"@id\":\"https:\\\/\\\/secure.gravatar.com\\\/avatar\\\/4b7ee9206b48be08447852b3f0814dbc7c0f3b51541b164f1464a2725614020b?s=96&d=mm&r=g\",\"url\":\"https:\\\/\\\/secure.gravatar.com\\\/avatar\\\/4b7ee9206b48be08447852b3f0814dbc7c0f3b51541b164f1464a2725614020b?s=96&d=mm&r=g\",\"contentUrl\":\"https:\\\/\\\/secure.gravatar.com\\\/avatar\\\/4b7ee9206b48be08447852b3f0814dbc7c0f3b51541b164f1464a2725614020b?s=96&d=mm&r=g\",\"caption\":\"Exc\u00e9lsior\"},\"url\":\"https:\\\/\\\/fuentesfidedignas.com.mx\\\/index.php\\\/author\\\/excelsior\\\/\"}]}<\/script>\n<!-- \/ Yoast SEO plugin. -->","yoast_head_json":{"title":"Hijo de su\u2026 Madre denuncia agresiones de su v\u00e1stago por inmueble; 'se lo quiere quitar' | VIDEO - Fuentes Fidedignas","robots":{"index":"index","follow":"follow","max-snippet":"max-snippet:-1","max-image-preview":"max-image-preview:large","max-video-preview":"max-video-preview:-1"},"canonical":"https:\/\/fuentesfidedignas.com.mx\/index.php\/2026\/03\/10\/hijo-de-su-madre-denuncia-agresiones-de-su-vastago-por-inmueble-se-lo-quiere-quitar-video\/","og_locale":"es_MX","og_type":"article","og_title":"Hijo de su\u2026 Madre denuncia agresiones de su v\u00e1stago por inmueble; 'se lo quiere quitar' | VIDEO - Fuentes Fidedignas","og_description":"El agresor arremeti\u00f3 contra su padre de 74 a\u00f1os, y su madre de 66 a\u00f1os, quienes intentaron defenderse con un palo de escoba en medio de la gresca. Un caso indignante de violencia familiar fue captado en video este fin de semana en San Juan Bautista Tuxtepec, Oaxaca, donde un hijo agredi\u00f3 verbal y f\u00edsicamente [&hellip;]","og_url":"https:\/\/fuentesfidedignas.com.mx\/index.php\/2026\/03\/10\/hijo-de-su-madre-denuncia-agresiones-de-su-vastago-por-inmueble-se-lo-quiere-quitar-video\/","og_site_name":"Fuentes Fidedignas","article_publisher":"https:\/\/www.facebook.com\/Fuentes-Fidedignas-368234489921644","article_published_time":"2026-03-10T10:20:00+00:00","og_image":[{"width":500,"height":333,"url":"https:\/\/fuentesfidedignas.com.mx\/wp-content\/uploads\/2026\/03\/corre-a-su-mama.jpeg","type":"image\/jpeg"}],"author":"Exc\u00e9lsior","twitter_card":"summary_large_image","twitter_creator":"@fidedignas","twitter_site":"@fidedignas","twitter_misc":{"Escrito por":"Exc\u00e9lsior","Tiempo de lectura":"3 minutos"},"schema":{"@context":"https:\/\/schema.org","@graph":[{"@type":"Article","@id":"https:\/\/fuentesfidedignas.com.mx\/index.php\/2026\/03\/10\/hijo-de-su-madre-denuncia-agresiones-de-su-vastago-por-inmueble-se-lo-quiere-quitar-video\/#article","isPartOf":{"@id":"https:\/\/fuentesfidedignas.com.mx\/index.php\/2026\/03\/10\/hijo-de-su-madre-denuncia-agresiones-de-su-vastago-por-inmueble-se-lo-quiere-quitar-video\/"},"author":{"name":"Exc\u00e9lsior","@id":"https:\/\/fuentesfidedignas.com.mx\/#\/schema\/person\/ec4edd1fbf5efa3e44fce34fe2787780"},"headline":"Hijo de su\u2026 Madre denuncia agresiones de su v\u00e1stago por inmueble; &#8216;se lo quiere quitar&#8217; | VIDEO","datePublished":"2026-03-10T10:20:00+00:00","mainEntityOfPage":{"@id":"https:\/\/fuentesfidedignas.com.mx\/index.php\/2026\/03\/10\/hijo-de-su-madre-denuncia-agresiones-de-su-vastago-por-inmueble-se-lo-quiere-quitar-video\/"},"wordCount":442,"commentCount":0,"publisher":{"@id":"https:\/\/fuentesfidedignas.com.mx\/#organization"},"image":{"@id":"https:\/\/fuentesfidedignas.com.mx\/index.php\/2026\/03\/10\/hijo-de-su-madre-denuncia-agresiones-de-su-vastago-por-inmueble-se-lo-quiere-quitar-video\/#primaryimage"},"thumbnailUrl":"https:\/\/fuentesfidedignas.com.mx\/wp-content\/uploads\/2026\/03\/corre-a-su-mama.jpeg","articleSection":["LAS ASOMBROSAS"],"inLanguage":"es","potentialAction":[{"@type":"CommentAction","name":"Comment","target":["https:\/\/fuentesfidedignas.com.mx\/index.php\/2026\/03\/10\/hijo-de-su-madre-denuncia-agresiones-de-su-vastago-por-inmueble-se-lo-quiere-quitar-video\/#respond"]}]},{"@type":"WebPage","@id":"https:\/\/fuentesfidedignas.com.mx\/index.php\/2026\/03\/10\/hijo-de-su-madre-denuncia-agresiones-de-su-vastago-por-inmueble-se-lo-quiere-quitar-video\/","url":"https:\/\/fuentesfidedignas.com.mx\/index.php\/2026\/03\/10\/hijo-de-su-madre-denuncia-agresiones-de-su-vastago-por-inmueble-se-lo-quiere-quitar-video\/","name":"Hijo de su\u2026 Madre denuncia agresiones de su v\u00e1stago por inmueble; 'se lo quiere quitar' | VIDEO - Fuentes Fidedignas","isPartOf":{"@id":"https:\/\/fuentesfidedignas.com.mx\/#website"},"primaryImageOfPage":{"@id":"https:\/\/fuentesfidedignas.com.mx\/index.php\/2026\/03\/10\/hijo-de-su-madre-denuncia-agresiones-de-su-vastago-por-inmueble-se-lo-quiere-quitar-video\/#primaryimage"},"image":{"@id":"https:\/\/fuentesfidedignas.com.mx\/index.php\/2026\/03\/10\/hijo-de-su-madre-denuncia-agresiones-de-su-vastago-por-inmueble-se-lo-quiere-quitar-video\/#primaryimage"},"thumbnailUrl":"https:\/\/fuentesfidedignas.com.mx\/wp-content\/uploads\/2026\/03\/corre-a-su-mama.jpeg","datePublished":"2026-03-10T10:20:00+00:00","breadcrumb":{"@id":"https:\/\/fuentesfidedignas.com.mx\/index.php\/2026\/03\/10\/hijo-de-su-madre-denuncia-agresiones-de-su-vastago-por-inmueble-se-lo-quiere-quitar-video\/#breadcrumb"},"inLanguage":"es","potentialAction":[{"@type":"ReadAction","target":["https:\/\/fuentesfidedignas.com.mx\/index.php\/2026\/03\/10\/hijo-de-su-madre-denuncia-agresiones-de-su-vastago-por-inmueble-se-lo-quiere-quitar-video\/"]}]},{"@type":"ImageObject","inLanguage":"es","@id":"https:\/\/fuentesfidedignas.com.mx\/index.php\/2026\/03\/10\/hijo-de-su-madre-denuncia-agresiones-de-su-vastago-por-inmueble-se-lo-quiere-quitar-video\/#primaryimage","url":"https:\/\/fuentesfidedignas.com.mx\/wp-content\/uploads\/2026\/03\/corre-a-su-mama.jpeg","contentUrl":"https:\/\/fuentesfidedignas.com.mx\/wp-content\/uploads\/2026\/03\/corre-a-su-mama.jpeg","width":500,"height":333},{"@type":"BreadcrumbList","@id":"https:\/\/fuentesfidedignas.com.mx\/index.php\/2026\/03\/10\/hijo-de-su-madre-denuncia-agresiones-de-su-vastago-por-inmueble-se-lo-quiere-quitar-video\/#breadcrumb","itemListElement":[{"@type":"ListItem","position":1,"name":"Inicio","item":"https:\/\/fuentesfidedignas.com.mx\/"},{"@type":"ListItem","position":2,"name":"Hijo de su\u2026 Madre denuncia agresiones de su v\u00e1stago por inmueble; &#8216;se lo quiere quitar&#8217; | VIDEO"}]},{"@type":"WebSite","@id":"https:\/\/fuentesfidedignas.com.mx\/#website","url":"https:\/\/fuentesfidedignas.com.mx\/","name":"Fuentes Fidedignas","description":"Otro sitio realizado con WordPress","publisher":{"@id":"https:\/\/fuentesfidedignas.com.mx\/#organization"},"potentialAction":[{"@type":"SearchAction","target":{"@type":"EntryPoint","urlTemplate":"https:\/\/fuentesfidedignas.com.mx\/?s={search_term_string}"},"query-input":{"@type":"PropertyValueSpecification","valueRequired":true,"valueName":"search_term_string"}}],"inLanguage":"es"},{"@type":"Organization","@id":"https:\/\/fuentesfidedignas.com.mx\/#organization","name":"Fuentes Fidedignas","url":"https:\/\/fuentesfidedignas.com.mx\/","logo":{"@type":"ImageObject","inLanguage":"es","@id":"https:\/\/fuentesfidedignas.com.mx\/#\/schema\/logo\/image\/","url":"https:\/\/fuentesfidedignas.com.mx\/wp-content\/uploads\/2021\/04\/logo-retina.png","contentUrl":"https:\/\/fuentesfidedignas.com.mx\/wp-content\/uploads\/2021\/04\/logo-retina.png","width":280,"height":51,"caption":"Fuentes Fidedignas"},"image":{"@id":"https:\/\/fuentesfidedignas.com.mx\/#\/schema\/logo\/image\/"},"sameAs":["https:\/\/www.facebook.com\/Fuentes-Fidedignas-368234489921644","https:\/\/x.com\/fidedignas"]},{"@type":"Person","@id":"https:\/\/fuentesfidedignas.com.mx\/#\/schema\/person\/ec4edd1fbf5efa3e44fce34fe2787780","name":"Exc\u00e9lsior","image":{"@type":"ImageObject","inLanguage":"es","@id":"https:\/\/secure.gravatar.com\/avatar\/4b7ee9206b48be08447852b3f0814dbc7c0f3b51541b164f1464a2725614020b?s=96&d=mm&r=g","url":"https:\/\/secure.gravatar.com\/avatar\/4b7ee9206b48be08447852b3f0814dbc7c0f3b51541b164f1464a2725614020b?s=96&d=mm&r=g","contentUrl":"https:\/\/secure.gravatar.com\/avatar\/4b7ee9206b48be08447852b3f0814dbc7c0f3b51541b164f1464a2725614020b?s=96&d=mm&r=g","caption":"Exc\u00e9lsior"},"url":"https:\/\/fuentesfidedignas.com.mx\/index.php\/author\/excelsior\/"}]}},"_links":{"self":[{"href":"https:\/\/fuentesfidedignas.com.mx\/index.php\/wp-json\/wp\/v2\/posts\/128927","targetHints":{"allow":["GET"]}}],"collection":[{"href":"https:\/\/fuentesfidedignas.com.mx\/index.php\/wp-json\/wp\/v2\/posts"}],"about":[{"href":"https:\/\/fuentesfidedignas.com.mx\/index.php\/wp-json\/wp\/v2\/types\/post"}],"author":[{"embeddable":true,"href":"https:\/\/fuentesfidedignas.com.mx\/index.php\/wp-json\/wp\/v2\/users\/7"}],"replies":[{"embeddable":true,"href":"https:\/\/fuentesfidedignas.com.mx\/index.php\/wp-json\/wp\/v2\/comments?post=128927"}],"version-history":[{"count":1,"href":"https:\/\/fuentesfidedignas.com.mx\/index.php\/wp-json\/wp\/v2\/posts\/128927\/revisions"}],"predecessor-version":[{"id":128929,"href":"https:\/\/fuentesfidedignas.com.mx\/index.php\/wp-json\/wp\/v2\/posts\/128927\/revisions\/128929"}],"wp:featuredmedia":[{"embeddable":true,"href":"https:\/\/fuentesfidedignas.com.mx\/index.php\/wp-json\/wp\/v2\/media\/128928"}],"wp:attachment":[{"href":"https:\/\/fuentesfidedignas.com.mx\/index.php\/wp-json\/wp\/v2\/media?parent=128927"}],"wp:term":[{"taxonomy":"category","embeddable":true,"href":"https:\/\/fuentesfidedignas.com.mx\/index.php\/wp-json\/wp\/v2\/categories?post=128927"},{"taxonomy":"post_tag","embeddable":true,"href":"https:\/\/fuentesfidedignas.com.mx\/index.php\/wp-json\/wp\/v2\/tags?post=128927"}],"curies":[{"name":"wp","href":"https:\/\/api.w.org\/{rel}","templated":true}]}}