{"id":128921,"date":"2026-03-09T16:40:00","date_gmt":"2026-03-09T23:40:00","guid":{"rendered":"https:\/\/fuentesfidedignas.com.mx\/?p=128921"},"modified":"2026-03-09T18:43:08","modified_gmt":"2026-03-10T01:43:08","slug":"rocha-moya-imparte-conferencia-magistral-en-el-centro-de-estudios-superiores-navales","status":"publish","type":"post","link":"https:\/\/fuentesfidedignas.com.mx\/index.php\/2026\/03\/09\/rocha-moya-imparte-conferencia-magistral-en-el-centro-de-estudios-superiores-navales\/","title":{"rendered":"Rocha Moya imparte conferencia magistral en el Centro de Estudios Superiores Navales"},"content":{"rendered":"\n<p><strong><em>La disertaci\u00f3n estuvo dirigida a cursantes de la Maestr\u00eda en Seguridad Nacional, pertenecientes a la SEMAR, SEDENA, CNI, ANAM y militares de Guatemala y China<\/em><\/strong><\/p>\n\n\n\n<p>Ciudad de M\u00e9xico.- El gobernador Rub\u00e9n Rocha Moya imparti\u00f3 una conferencia magistral titulada \u201cSinaloa, situaci\u00f3n pol\u00edtica, social y econ\u00f3mica; Los retos para su transformaci\u00f3n\u201d, ante los cursantes de la Maestr\u00eda en Seguridad Nacional del Centro de Estudios Superiores Navales, de la Secretar\u00eda de Marina, en la Ciudad de M\u00e9xico.<\/p>\n\n\n\n<p>El mandatario estatal fue invitado por la Direcci\u00f3n de la Escuela de Guerra Naval, perteneciente a la Universidad Naval que alberga este Centro de Estudios, para exponer su ponencia ante 35 cursantes de la LIX promoci\u00f3n de la Maestr\u00eda en Seguridad Nacional, que cursan capitanes de la Secretar\u00eda de Marina, coroneles de la SEDENA, personal del Centro Nacional de Inteligencia (CNI), de la Agencia Nacional de Aduanas de M\u00e9xico (ANAM), y adem\u00e1s con presencia internacional, con un capit\u00e1n naval de Guatemala, y un teniente coronel de China.<\/p>\n","protected":false},"excerpt":{"rendered":"<p>La disertaci\u00f3n estuvo dirigida a cursantes de la Maestr\u00eda en Seguridad Nacional, pertenecientes a la SEMAR, SEDENA, CNI, ANAM y militares de Guatemala y China Ciudad de M\u00e9xico.- El gobernador Rub\u00e9n Rocha Moya imparti\u00f3 una conferencia magistral titulada \u201cSinaloa, situaci\u00f3n pol\u00edtica, social y econ\u00f3mica; Los retos para su transformaci\u00f3n\u201d, ante los cursantes de la Maestr\u00eda [&hellip;]<\/p>\n","protected":false},"author":4,"featured_media":128922,"comment_status":"open","ping_status":"open","sticky":false,"template":"","format":"standard","meta":{"tdm_status":"","tdm_grid_status":"","footnotes":""},"categories":[37],"tags":[],"class_list":{"0":"post-128921","1":"post","2":"type-post","3":"status-publish","4":"format-standard","5":"has-post-thumbnail","7":"category-nota-principal"},"yoast_head":"<!-- This site is optimized with the Yoast SEO plugin v27.5 - https:\/\/yoast.com\/product\/yoast-seo-wordpress\/ -->\n<title>Rocha Moya imparte conferencia magistral en el Centro de Estudios Superiores Navales - Fuentes Fidedignas<\/title>\n<meta name=\"robots\" content=\"index, follow, max-snippet:-1, max-image-preview:large, max-video-preview:-1\" \/>\n<link rel=\"canonical\" href=\"https:\/\/fuentesfidedignas.com.mx\/index.php\/2026\/03\/09\/rocha-moya-imparte-conferencia-magistral-en-el-centro-de-estudios-superiores-navales\/\" \/>\n<meta property=\"og:locale\" content=\"es_MX\" \/>\n<meta property=\"og:type\" content=\"article\" \/>\n<meta property=\"og:title\" content=\"Rocha Moya imparte conferencia magistral en el Centro de Estudios Superiores Navales - Fuentes Fidedignas\" \/>\n<meta property=\"og:description\" content=\"La disertaci\u00f3n estuvo dirigida a cursantes de la Maestr\u00eda en Seguridad Nacional, pertenecientes a la SEMAR, SEDENA, CNI, ANAM y militares de Guatemala y China Ciudad de M\u00e9xico.- El gobernador Rub\u00e9n Rocha Moya imparti\u00f3 una conferencia magistral titulada \u201cSinaloa, situaci\u00f3n pol\u00edtica, social y econ\u00f3mica; Los retos para su transformaci\u00f3n\u201d, ante los cursantes de la Maestr\u00eda [&hellip;]\" \/>\n<meta property=\"og:url\" content=\"https:\/\/fuentesfidedignas.com.mx\/index.php\/2026\/03\/09\/rocha-moya-imparte-conferencia-magistral-en-el-centro-de-estudios-superiores-navales\/\" \/>\n<meta property=\"og:site_name\" content=\"Fuentes Fidedignas\" \/>\n<meta property=\"article:publisher\" content=\"https:\/\/www.facebook.com\/Fuentes-Fidedignas-368234489921644\" \/>\n<meta property=\"article:published_time\" content=\"2026-03-09T23:40:00+00:00\" \/>\n<meta property=\"article:modified_time\" content=\"2026-03-10T01:43:08+00:00\" \/>\n<meta property=\"og:image\" content=\"https:\/\/fuentesfidedignas.com.mx\/wp-content\/uploads\/2026\/03\/rocha_confe.jpg\" \/>\n\t<meta property=\"og:image:width\" content=\"500\" \/>\n\t<meta property=\"og:image:height\" content=\"332\" \/>\n\t<meta property=\"og:image:type\" content=\"image\/jpeg\" \/>\n<meta name=\"author\" content=\"Redacci\u00f3n\" \/>\n<meta name=\"twitter:card\" content=\"summary_large_image\" \/>\n<meta name=\"twitter:creator\" content=\"@fidedignas\" \/>\n<meta name=\"twitter:site\" content=\"@fidedignas\" \/>\n<meta name=\"twitter:label1\" content=\"Escrito por\" \/>\n\t<meta name=\"twitter:data1\" content=\"Redacci\u00f3n\" \/>\n\t<meta name=\"twitter:label2\" content=\"Tiempo de lectura\" \/>\n\t<meta name=\"twitter:data2\" content=\"1 minuto\" \/>\n<script type=\"application\/ld+json\" class=\"yoast-schema-graph\">{\"@context\":\"https:\\\/\\\/schema.org\",\"@graph\":[{\"@type\":\"Article\",\"@id\":\"https:\\\/\\\/fuentesfidedignas.com.mx\\\/index.php\\\/2026\\\/03\\\/09\\\/rocha-moya-imparte-conferencia-magistral-en-el-centro-de-estudios-superiores-navales\\\/#article\",\"isPartOf\":{\"@id\":\"https:\\\/\\\/fuentesfidedignas.com.mx\\\/index.php\\\/2026\\\/03\\\/09\\\/rocha-moya-imparte-conferencia-magistral-en-el-centro-de-estudios-superiores-navales\\\/\"},\"author\":{\"name\":\"Redacci\u00f3n\",\"@id\":\"https:\\\/\\\/fuentesfidedignas.com.mx\\\/#\\\/schema\\\/person\\\/331be9283d37198e2acd5750279085b0\"},\"headline\":\"Rocha Moya imparte conferencia magistral en el Centro de Estudios Superiores Navales\",\"datePublished\":\"2026-03-09T23:40:00+00:00\",\"dateModified\":\"2026-03-10T01:43:08+00:00\",\"mainEntityOfPage\":{\"@id\":\"https:\\\/\\\/fuentesfidedignas.com.mx\\\/index.php\\\/2026\\\/03\\\/09\\\/rocha-moya-imparte-conferencia-magistral-en-el-centro-de-estudios-superiores-navales\\\/\"},\"wordCount\":191,\"commentCount\":0,\"publisher\":{\"@id\":\"https:\\\/\\\/fuentesfidedignas.com.mx\\\/#organization\"},\"image\":{\"@id\":\"https:\\\/\\\/fuentesfidedignas.com.mx\\\/index.php\\\/2026\\\/03\\\/09\\\/rocha-moya-imparte-conferencia-magistral-en-el-centro-de-estudios-superiores-navales\\\/#primaryimage\"},\"thumbnailUrl\":\"https:\\\/\\\/fuentesfidedignas.com.mx\\\/wp-content\\\/uploads\\\/2026\\\/03\\\/rocha_confe.jpg\",\"articleSection\":[\"NOTA PRINCIPAL\"],\"inLanguage\":\"es\",\"potentialAction\":[{\"@type\":\"CommentAction\",\"name\":\"Comment\",\"target\":[\"https:\\\/\\\/fuentesfidedignas.com.mx\\\/index.php\\\/2026\\\/03\\\/09\\\/rocha-moya-imparte-conferencia-magistral-en-el-centro-de-estudios-superiores-navales\\\/#respond\"]}]},{\"@type\":\"WebPage\",\"@id\":\"https:\\\/\\\/fuentesfidedignas.com.mx\\\/index.php\\\/2026\\\/03\\\/09\\\/rocha-moya-imparte-conferencia-magistral-en-el-centro-de-estudios-superiores-navales\\\/\",\"url\":\"https:\\\/\\\/fuentesfidedignas.com.mx\\\/index.php\\\/2026\\\/03\\\/09\\\/rocha-moya-imparte-conferencia-magistral-en-el-centro-de-estudios-superiores-navales\\\/\",\"name\":\"Rocha Moya imparte conferencia magistral en el Centro de Estudios Superiores Navales - Fuentes Fidedignas\",\"isPartOf\":{\"@id\":\"https:\\\/\\\/fuentesfidedignas.com.mx\\\/#website\"},\"primaryImageOfPage\":{\"@id\":\"https:\\\/\\\/fuentesfidedignas.com.mx\\\/index.php\\\/2026\\\/03\\\/09\\\/rocha-moya-imparte-conferencia-magistral-en-el-centro-de-estudios-superiores-navales\\\/#primaryimage\"},\"image\":{\"@id\":\"https:\\\/\\\/fuentesfidedignas.com.mx\\\/index.php\\\/2026\\\/03\\\/09\\\/rocha-moya-imparte-conferencia-magistral-en-el-centro-de-estudios-superiores-navales\\\/#primaryimage\"},\"thumbnailUrl\":\"https:\\\/\\\/fuentesfidedignas.com.mx\\\/wp-content\\\/uploads\\\/2026\\\/03\\\/rocha_confe.jpg\",\"datePublished\":\"2026-03-09T23:40:00+00:00\",\"dateModified\":\"2026-03-10T01:43:08+00:00\",\"breadcrumb\":{\"@id\":\"https:\\\/\\\/fuentesfidedignas.com.mx\\\/index.php\\\/2026\\\/03\\\/09\\\/rocha-moya-imparte-conferencia-magistral-en-el-centro-de-estudios-superiores-navales\\\/#breadcrumb\"},\"inLanguage\":\"es\",\"potentialAction\":[{\"@type\":\"ReadAction\",\"target\":[\"https:\\\/\\\/fuentesfidedignas.com.mx\\\/index.php\\\/2026\\\/03\\\/09\\\/rocha-moya-imparte-conferencia-magistral-en-el-centro-de-estudios-superiores-navales\\\/\"]}]},{\"@type\":\"ImageObject\",\"inLanguage\":\"es\",\"@id\":\"https:\\\/\\\/fuentesfidedignas.com.mx\\\/index.php\\\/2026\\\/03\\\/09\\\/rocha-moya-imparte-conferencia-magistral-en-el-centro-de-estudios-superiores-navales\\\/#primaryimage\",\"url\":\"https:\\\/\\\/fuentesfidedignas.com.mx\\\/wp-content\\\/uploads\\\/2026\\\/03\\\/rocha_confe.jpg\",\"contentUrl\":\"https:\\\/\\\/fuentesfidedignas.com.mx\\\/wp-content\\\/uploads\\\/2026\\\/03\\\/rocha_confe.jpg\",\"width\":500,\"height\":332},{\"@type\":\"BreadcrumbList\",\"@id\":\"https:\\\/\\\/fuentesfidedignas.com.mx\\\/index.php\\\/2026\\\/03\\\/09\\\/rocha-moya-imparte-conferencia-magistral-en-el-centro-de-estudios-superiores-navales\\\/#breadcrumb\",\"itemListElement\":[{\"@type\":\"ListItem\",\"position\":1,\"name\":\"Inicio\",\"item\":\"https:\\\/\\\/fuentesfidedignas.com.mx\\\/\"},{\"@type\":\"ListItem\",\"position\":2,\"name\":\"Rocha Moya imparte conferencia magistral en el Centro de Estudios Superiores Navales\"}]},{\"@type\":\"WebSite\",\"@id\":\"https:\\\/\\\/fuentesfidedignas.com.mx\\\/#website\",\"url\":\"https:\\\/\\\/fuentesfidedignas.com.mx\\\/\",\"name\":\"Fuentes Fidedignas\",\"description\":\"Otro sitio realizado con WordPress\",\"publisher\":{\"@id\":\"https:\\\/\\\/fuentesfidedignas.com.mx\\\/#organization\"},\"potentialAction\":[{\"@type\":\"SearchAction\",\"target\":{\"@type\":\"EntryPoint\",\"urlTemplate\":\"https:\\\/\\\/fuentesfidedignas.com.mx\\\/?s={search_term_string}\"},\"query-input\":{\"@type\":\"PropertyValueSpecification\",\"valueRequired\":true,\"valueName\":\"search_term_string\"}}],\"inLanguage\":\"es\"},{\"@type\":\"Organization\",\"@id\":\"https:\\\/\\\/fuentesfidedignas.com.mx\\\/#organization\",\"name\":\"Fuentes Fidedignas\",\"url\":\"https:\\\/\\\/fuentesfidedignas.com.mx\\\/\",\"logo\":{\"@type\":\"ImageObject\",\"inLanguage\":\"es\",\"@id\":\"https:\\\/\\\/fuentesfidedignas.com.mx\\\/#\\\/schema\\\/logo\\\/image\\\/\",\"url\":\"https:\\\/\\\/fuentesfidedignas.com.mx\\\/wp-content\\\/uploads\\\/2021\\\/04\\\/logo-retina.png\",\"contentUrl\":\"https:\\\/\\\/fuentesfidedignas.com.mx\\\/wp-content\\\/uploads\\\/2021\\\/04\\\/logo-retina.png\",\"width\":280,\"height\":51,\"caption\":\"Fuentes Fidedignas\"},\"image\":{\"@id\":\"https:\\\/\\\/fuentesfidedignas.com.mx\\\/#\\\/schema\\\/logo\\\/image\\\/\"},\"sameAs\":[\"https:\\\/\\\/www.facebook.com\\\/Fuentes-Fidedignas-368234489921644\",\"https:\\\/\\\/x.com\\\/fidedignas\"]},{\"@type\":\"Person\",\"@id\":\"https:\\\/\\\/fuentesfidedignas.com.mx\\\/#\\\/schema\\\/person\\\/331be9283d37198e2acd5750279085b0\",\"name\":\"Redacci\u00f3n\",\"image\":{\"@type\":\"ImageObject\",\"inLanguage\":\"es\",\"@id\":\"https:\\\/\\\/secure.gravatar.com\\\/avatar\\\/f6d8782c11d12b2d4ad3fbb6931aeab5309937a4d6cd2fc9cfaa28a6396a5aec?s=96&d=mm&r=g\",\"url\":\"https:\\\/\\\/secure.gravatar.com\\\/avatar\\\/f6d8782c11d12b2d4ad3fbb6931aeab5309937a4d6cd2fc9cfaa28a6396a5aec?s=96&d=mm&r=g\",\"contentUrl\":\"https:\\\/\\\/secure.gravatar.com\\\/avatar\\\/f6d8782c11d12b2d4ad3fbb6931aeab5309937a4d6cd2fc9cfaa28a6396a5aec?s=96&d=mm&r=g\",\"caption\":\"Redacci\u00f3n\"},\"url\":\"https:\\\/\\\/fuentesfidedignas.com.mx\\\/index.php\\\/author\\\/redaccion\\\/\"}]}<\/script>\n<!-- \/ Yoast SEO plugin. -->","yoast_head_json":{"title":"Rocha Moya imparte conferencia magistral en el Centro de Estudios Superiores Navales - Fuentes Fidedignas","robots":{"index":"index","follow":"follow","max-snippet":"max-snippet:-1","max-image-preview":"max-image-preview:large","max-video-preview":"max-video-preview:-1"},"canonical":"https:\/\/fuentesfidedignas.com.mx\/index.php\/2026\/03\/09\/rocha-moya-imparte-conferencia-magistral-en-el-centro-de-estudios-superiores-navales\/","og_locale":"es_MX","og_type":"article","og_title":"Rocha Moya imparte conferencia magistral en el Centro de Estudios Superiores Navales - Fuentes Fidedignas","og_description":"La disertaci\u00f3n estuvo dirigida a cursantes de la Maestr\u00eda en Seguridad Nacional, pertenecientes a la SEMAR, SEDENA, CNI, ANAM y militares de Guatemala y China Ciudad de M\u00e9xico.- El gobernador Rub\u00e9n Rocha Moya imparti\u00f3 una conferencia magistral titulada \u201cSinaloa, situaci\u00f3n pol\u00edtica, social y econ\u00f3mica; Los retos para su transformaci\u00f3n\u201d, ante los cursantes de la Maestr\u00eda [&hellip;]","og_url":"https:\/\/fuentesfidedignas.com.mx\/index.php\/2026\/03\/09\/rocha-moya-imparte-conferencia-magistral-en-el-centro-de-estudios-superiores-navales\/","og_site_name":"Fuentes Fidedignas","article_publisher":"https:\/\/www.facebook.com\/Fuentes-Fidedignas-368234489921644","article_published_time":"2026-03-09T23:40:00+00:00","article_modified_time":"2026-03-10T01:43:08+00:00","og_image":[{"width":500,"height":332,"url":"https:\/\/fuentesfidedignas.com.mx\/wp-content\/uploads\/2026\/03\/rocha_confe.jpg","type":"image\/jpeg"}],"author":"Redacci\u00f3n","twitter_card":"summary_large_image","twitter_creator":"@fidedignas","twitter_site":"@fidedignas","twitter_misc":{"Escrito por":"Redacci\u00f3n","Tiempo de lectura":"1 minuto"},"schema":{"@context":"https:\/\/schema.org","@graph":[{"@type":"Article","@id":"https:\/\/fuentesfidedignas.com.mx\/index.php\/2026\/03\/09\/rocha-moya-imparte-conferencia-magistral-en-el-centro-de-estudios-superiores-navales\/#article","isPartOf":{"@id":"https:\/\/fuentesfidedignas.com.mx\/index.php\/2026\/03\/09\/rocha-moya-imparte-conferencia-magistral-en-el-centro-de-estudios-superiores-navales\/"},"author":{"name":"Redacci\u00f3n","@id":"https:\/\/fuentesfidedignas.com.mx\/#\/schema\/person\/331be9283d37198e2acd5750279085b0"},"headline":"Rocha Moya imparte conferencia magistral en el Centro de Estudios Superiores Navales","datePublished":"2026-03-09T23:40:00+00:00","dateModified":"2026-03-10T01:43:08+00:00","mainEntityOfPage":{"@id":"https:\/\/fuentesfidedignas.com.mx\/index.php\/2026\/03\/09\/rocha-moya-imparte-conferencia-magistral-en-el-centro-de-estudios-superiores-navales\/"},"wordCount":191,"commentCount":0,"publisher":{"@id":"https:\/\/fuentesfidedignas.com.mx\/#organization"},"image":{"@id":"https:\/\/fuentesfidedignas.com.mx\/index.php\/2026\/03\/09\/rocha-moya-imparte-conferencia-magistral-en-el-centro-de-estudios-superiores-navales\/#primaryimage"},"thumbnailUrl":"https:\/\/fuentesfidedignas.com.mx\/wp-content\/uploads\/2026\/03\/rocha_confe.jpg","articleSection":["NOTA PRINCIPAL"],"inLanguage":"es","potentialAction":[{"@type":"CommentAction","name":"Comment","target":["https:\/\/fuentesfidedignas.com.mx\/index.php\/2026\/03\/09\/rocha-moya-imparte-conferencia-magistral-en-el-centro-de-estudios-superiores-navales\/#respond"]}]},{"@type":"WebPage","@id":"https:\/\/fuentesfidedignas.com.mx\/index.php\/2026\/03\/09\/rocha-moya-imparte-conferencia-magistral-en-el-centro-de-estudios-superiores-navales\/","url":"https:\/\/fuentesfidedignas.com.mx\/index.php\/2026\/03\/09\/rocha-moya-imparte-conferencia-magistral-en-el-centro-de-estudios-superiores-navales\/","name":"Rocha Moya imparte conferencia magistral en el Centro de Estudios Superiores Navales - Fuentes Fidedignas","isPartOf":{"@id":"https:\/\/fuentesfidedignas.com.mx\/#website"},"primaryImageOfPage":{"@id":"https:\/\/fuentesfidedignas.com.mx\/index.php\/2026\/03\/09\/rocha-moya-imparte-conferencia-magistral-en-el-centro-de-estudios-superiores-navales\/#primaryimage"},"image":{"@id":"https:\/\/fuentesfidedignas.com.mx\/index.php\/2026\/03\/09\/rocha-moya-imparte-conferencia-magistral-en-el-centro-de-estudios-superiores-navales\/#primaryimage"},"thumbnailUrl":"https:\/\/fuentesfidedignas.com.mx\/wp-content\/uploads\/2026\/03\/rocha_confe.jpg","datePublished":"2026-03-09T23:40:00+00:00","dateModified":"2026-03-10T01:43:08+00:00","breadcrumb":{"@id":"https:\/\/fuentesfidedignas.com.mx\/index.php\/2026\/03\/09\/rocha-moya-imparte-conferencia-magistral-en-el-centro-de-estudios-superiores-navales\/#breadcrumb"},"inLanguage":"es","potentialAction":[{"@type":"ReadAction","target":["https:\/\/fuentesfidedignas.com.mx\/index.php\/2026\/03\/09\/rocha-moya-imparte-conferencia-magistral-en-el-centro-de-estudios-superiores-navales\/"]}]},{"@type":"ImageObject","inLanguage":"es","@id":"https:\/\/fuentesfidedignas.com.mx\/index.php\/2026\/03\/09\/rocha-moya-imparte-conferencia-magistral-en-el-centro-de-estudios-superiores-navales\/#primaryimage","url":"https:\/\/fuentesfidedignas.com.mx\/wp-content\/uploads\/2026\/03\/rocha_confe.jpg","contentUrl":"https:\/\/fuentesfidedignas.com.mx\/wp-content\/uploads\/2026\/03\/rocha_confe.jpg","width":500,"height":332},{"@type":"BreadcrumbList","@id":"https:\/\/fuentesfidedignas.com.mx\/index.php\/2026\/03\/09\/rocha-moya-imparte-conferencia-magistral-en-el-centro-de-estudios-superiores-navales\/#breadcrumb","itemListElement":[{"@type":"ListItem","position":1,"name":"Inicio","item":"https:\/\/fuentesfidedignas.com.mx\/"},{"@type":"ListItem","position":2,"name":"Rocha Moya imparte conferencia magistral en el Centro de Estudios Superiores Navales"}]},{"@type":"WebSite","@id":"https:\/\/fuentesfidedignas.com.mx\/#website","url":"https:\/\/fuentesfidedignas.com.mx\/","name":"Fuentes Fidedignas","description":"Otro sitio realizado con WordPress","publisher":{"@id":"https:\/\/fuentesfidedignas.com.mx\/#organization"},"potentialAction":[{"@type":"SearchAction","target":{"@type":"EntryPoint","urlTemplate":"https:\/\/fuentesfidedignas.com.mx\/?s={search_term_string}"},"query-input":{"@type":"PropertyValueSpecification","valueRequired":true,"valueName":"search_term_string"}}],"inLanguage":"es"},{"@type":"Organization","@id":"https:\/\/fuentesfidedignas.com.mx\/#organization","name":"Fuentes Fidedignas","url":"https:\/\/fuentesfidedignas.com.mx\/","logo":{"@type":"ImageObject","inLanguage":"es","@id":"https:\/\/fuentesfidedignas.com.mx\/#\/schema\/logo\/image\/","url":"https:\/\/fuentesfidedignas.com.mx\/wp-content\/uploads\/2021\/04\/logo-retina.png","contentUrl":"https:\/\/fuentesfidedignas.com.mx\/wp-content\/uploads\/2021\/04\/logo-retina.png","width":280,"height":51,"caption":"Fuentes Fidedignas"},"image":{"@id":"https:\/\/fuentesfidedignas.com.mx\/#\/schema\/logo\/image\/"},"sameAs":["https:\/\/www.facebook.com\/Fuentes-Fidedignas-368234489921644","https:\/\/x.com\/fidedignas"]},{"@type":"Person","@id":"https:\/\/fuentesfidedignas.com.mx\/#\/schema\/person\/331be9283d37198e2acd5750279085b0","name":"Redacci\u00f3n","image":{"@type":"ImageObject","inLanguage":"es","@id":"https:\/\/secure.gravatar.com\/avatar\/f6d8782c11d12b2d4ad3fbb6931aeab5309937a4d6cd2fc9cfaa28a6396a5aec?s=96&d=mm&r=g","url":"https:\/\/secure.gravatar.com\/avatar\/f6d8782c11d12b2d4ad3fbb6931aeab5309937a4d6cd2fc9cfaa28a6396a5aec?s=96&d=mm&r=g","contentUrl":"https:\/\/secure.gravatar.com\/avatar\/f6d8782c11d12b2d4ad3fbb6931aeab5309937a4d6cd2fc9cfaa28a6396a5aec?s=96&d=mm&r=g","caption":"Redacci\u00f3n"},"url":"https:\/\/fuentesfidedignas.com.mx\/index.php\/author\/redaccion\/"}]}},"_links":{"self":[{"href":"https:\/\/fuentesfidedignas.com.mx\/index.php\/wp-json\/wp\/v2\/posts\/128921","targetHints":{"allow":["GET"]}}],"collection":[{"href":"https:\/\/fuentesfidedignas.com.mx\/index.php\/wp-json\/wp\/v2\/posts"}],"about":[{"href":"https:\/\/fuentesfidedignas.com.mx\/index.php\/wp-json\/wp\/v2\/types\/post"}],"author":[{"embeddable":true,"href":"https:\/\/fuentesfidedignas.com.mx\/index.php\/wp-json\/wp\/v2\/users\/4"}],"replies":[{"embeddable":true,"href":"https:\/\/fuentesfidedignas.com.mx\/index.php\/wp-json\/wp\/v2\/comments?post=128921"}],"version-history":[{"count":1,"href":"https:\/\/fuentesfidedignas.com.mx\/index.php\/wp-json\/wp\/v2\/posts\/128921\/revisions"}],"predecessor-version":[{"id":128923,"href":"https:\/\/fuentesfidedignas.com.mx\/index.php\/wp-json\/wp\/v2\/posts\/128921\/revisions\/128923"}],"wp:featuredmedia":[{"embeddable":true,"href":"https:\/\/fuentesfidedignas.com.mx\/index.php\/wp-json\/wp\/v2\/media\/128922"}],"wp:attachment":[{"href":"https:\/\/fuentesfidedignas.com.mx\/index.php\/wp-json\/wp\/v2\/media?parent=128921"}],"wp:term":[{"taxonomy":"category","embeddable":true,"href":"https:\/\/fuentesfidedignas.com.mx\/index.php\/wp-json\/wp\/v2\/categories?post=128921"},{"taxonomy":"post_tag","embeddable":true,"href":"https:\/\/fuentesfidedignas.com.mx\/index.php\/wp-json\/wp\/v2\/tags?post=128921"}],"curies":[{"name":"wp","href":"https:\/\/api.w.org\/{rel}","templated":true}]}}