{"id":128903,"date":"2026-03-09T13:16:26","date_gmt":"2026-03-09T20:16:26","guid":{"rendered":"https:\/\/fuentesfidedignas.com.mx\/?p=128903"},"modified":"2026-03-09T13:16:33","modified_gmt":"2026-03-09T20:16:33","slug":"japac-prepara-semana-de-arte-educacion-y-accion-ambiental-por-el-dia-mundial-del-agua","status":"publish","type":"post","link":"https:\/\/fuentesfidedignas.com.mx\/index.php\/2026\/03\/09\/japac-prepara-semana-de-arte-educacion-y-accion-ambiental-por-el-dia-mundial-del-agua\/","title":{"rendered":"JAPAC prepara semana de arte, educaci\u00f3n y acci\u00f3n ambiental por el D\u00eda Mundial del Agua"},"content":{"rendered":"\n<p><strong><em>En este marco, JAPAC ha dise\u00f1ado un programa que involucra a la comunidad, instituciones educativas, empresas y al propio personal del organismo, con el objetivo de fortalecer la cultura del cuidado del agua en Culiac\u00e1n.<\/em><\/strong><\/p>\n\n\n\n<p>Con una agenda que integra arte urbano, educaci\u00f3n ambiental, participaci\u00f3n ciudadana y acciones comunitarias, la JAPAC conmemorar\u00e1 el D\u00eda Mundial del Agua 2026.<\/p>\n\n\n\n<p>Este a\u00f1o, la conmemoraci\u00f3n se desarrolla bajo el enfoque \u201cAgua y G\u00e9nero: donde fluye el agua, crece la igualdad\u201d, un tema que busca visibilizar el papel fundamental de las mujeres en la gesti\u00f3n, cuidado y acceso al agua.<\/p>\n\n\n\n<p>En este marco, JAPAC ha dise\u00f1ado un programa que involucra a la comunidad, instituciones educativas, empresas y al propio personal del organismo, con el objetivo de fortalecer la cultura del cuidado del agua en Culiac\u00e1n.<\/p>\n\n\n\n<p>Las actividades iniciar\u00e1n el jueves 19 de marzo con el evento interno \u201cUna Gota Cuenta\u201d, un reto creativo institucional en el que distintas \u00e1reas de JAPAC presentar\u00e1n una galer\u00eda con proyectos art\u00edsticos elaborados con materiales reciclados, demostrando su compromiso con el cuidado del agua y el medio ambiente.<\/p>\n\n\n\n<p>El viernes 20 de marzo se realizar\u00e1 la develaci\u00f3n del mural \u201cAgua y G\u00e9nero\u201d, una obra colectiva que busca transmitir un mensaje sobre el valor del agua y la igualdad, resultado de la colaboraci\u00f3n entre JAPAC, Parques Alegres I.A.P. y el proyecto Vamos Pintando.<\/p>\n\n\n\n<p>Adem\u00e1s de difundir el mensaje del cuidado del agua, esta obra contribuir\u00e1 a embellecer la imagen urbana de Culiac\u00e1n, a trav\u00e9s del arte p\u00fablico.<\/p>\n\n\n\n<p>El s\u00e1bado 21 de marzo se llevar\u00e1 a cabo la tradicional Jornada Medioambiental en la Plazuela Obreg\u00f3n, donde personal de JAPAC, CEAPAS y CONAGUA, acompa\u00f1ados de empresas y sus botargas compartir\u00e1n informaci\u00f3n ambiental con la ciudadan\u00eda. Durante la actividad, tambi\u00e9n se entregar\u00e1n arbolitos para fomentar la reforestaci\u00f3n urbana y mejorar los espacios verdes de la ciudad.<\/p>\n\n\n\n<p>Las actividades continuar\u00e1n el domingo 22 de marzo con un evento educativo en el Colegio Sinaloa, dirigido a estudiantes, padres de familia y personal acad\u00e9mico, con el tema \u201cEducaci\u00f3n Sustentable y Saneamiento\u201d, enfocado en promover h\u00e1bitos responsables en el uso del agua y el alcantarillado.<\/p>\n\n\n\n<p>La semana conmemorativa culminar\u00e1 el lunes 23 de marzo con el evento c\u00edvico-cultural \u201cEl Agua que nos une\u201d, que se realizar\u00e1 en la Escuela Primaria General Ram\u00f3n F. Iturbe, en donde rendir\u00e1n protesta como Guardianes del Agua casi 300 ni\u00f1as y ni\u00f1os.<\/p>\n\n\n\n<p>Con esta agenda, JAPAC busca que el D\u00eda Mundial del Agua no sea solo una fecha conmemorativa, sino una oportunidad para movilizar a la sociedad, fortalecer la cultura del agua y construir comunidad a trav\u00e9s del arte, la educaci\u00f3n y la participaci\u00f3n ciudadana.<\/p>\n","protected":false},"excerpt":{"rendered":"<p>En este marco, JAPAC ha dise\u00f1ado un programa que involucra a la comunidad, instituciones educativas, empresas y al propio personal del organismo, con el objetivo de fortalecer la cultura del cuidado del agua en Culiac\u00e1n. Con una agenda que integra arte urbano, educaci\u00f3n ambiental, participaci\u00f3n ciudadana y acciones comunitarias, la JAPAC conmemorar\u00e1 el D\u00eda Mundial [&hellip;]<\/p>\n","protected":false},"author":4,"featured_media":128904,"comment_status":"open","ping_status":"open","sticky":false,"template":"","format":"standard","meta":{"tdm_status":"","tdm_grid_status":"","footnotes":""},"categories":[38],"tags":[],"class_list":{"0":"post-128903","1":"post","2":"type-post","3":"status-publish","4":"format-standard","5":"has-post-thumbnail","7":"category-noticias-locales"},"yoast_head":"<!-- This site is optimized with the Yoast SEO plugin v27.5 - https:\/\/yoast.com\/product\/yoast-seo-wordpress\/ -->\n<title>JAPAC prepara semana de arte, educaci\u00f3n y acci\u00f3n ambiental por el D\u00eda Mundial del Agua - Fuentes Fidedignas<\/title>\n<meta name=\"robots\" content=\"index, follow, max-snippet:-1, max-image-preview:large, max-video-preview:-1\" \/>\n<link rel=\"canonical\" href=\"https:\/\/fuentesfidedignas.com.mx\/index.php\/2026\/03\/09\/japac-prepara-semana-de-arte-educacion-y-accion-ambiental-por-el-dia-mundial-del-agua\/\" \/>\n<meta property=\"og:locale\" content=\"es_MX\" \/>\n<meta property=\"og:type\" content=\"article\" \/>\n<meta property=\"og:title\" content=\"JAPAC prepara semana de arte, educaci\u00f3n y acci\u00f3n ambiental por el D\u00eda Mundial del Agua - Fuentes Fidedignas\" \/>\n<meta property=\"og:description\" content=\"En este marco, JAPAC ha dise\u00f1ado un programa que involucra a la comunidad, instituciones educativas, empresas y al propio personal del organismo, con el objetivo de fortalecer la cultura del cuidado del agua en Culiac\u00e1n. Con una agenda que integra arte urbano, educaci\u00f3n ambiental, participaci\u00f3n ciudadana y acciones comunitarias, la JAPAC conmemorar\u00e1 el D\u00eda Mundial [&hellip;]\" \/>\n<meta property=\"og:url\" content=\"https:\/\/fuentesfidedignas.com.mx\/index.php\/2026\/03\/09\/japac-prepara-semana-de-arte-educacion-y-accion-ambiental-por-el-dia-mundial-del-agua\/\" \/>\n<meta property=\"og:site_name\" content=\"Fuentes Fidedignas\" \/>\n<meta property=\"article:publisher\" content=\"https:\/\/www.facebook.com\/Fuentes-Fidedignas-368234489921644\" \/>\n<meta property=\"article:published_time\" content=\"2026-03-09T20:16:26+00:00\" \/>\n<meta property=\"article:modified_time\" content=\"2026-03-09T20:16:33+00:00\" \/>\n<meta property=\"og:image\" content=\"https:\/\/fuentesfidedignas.com.mx\/wp-content\/uploads\/2026\/03\/WhatsApp-Image-2026-03-09-at-12.37.47-PM.jpeg\" \/>\n\t<meta property=\"og:image:width\" content=\"500\" \/>\n\t<meta property=\"og:image:height\" content=\"375\" \/>\n\t<meta property=\"og:image:type\" content=\"image\/jpeg\" \/>\n<meta name=\"author\" content=\"Redacci\u00f3n\" \/>\n<meta name=\"twitter:card\" content=\"summary_large_image\" \/>\n<meta name=\"twitter:creator\" content=\"@fidedignas\" \/>\n<meta name=\"twitter:site\" content=\"@fidedignas\" \/>\n<meta name=\"twitter:label1\" content=\"Escrito por\" \/>\n\t<meta name=\"twitter:data1\" content=\"Redacci\u00f3n\" \/>\n\t<meta name=\"twitter:label2\" content=\"Tiempo de lectura\" \/>\n\t<meta name=\"twitter:data2\" content=\"3 minutos\" \/>\n<script type=\"application\/ld+json\" class=\"yoast-schema-graph\">{\"@context\":\"https:\\\/\\\/schema.org\",\"@graph\":[{\"@type\":\"Article\",\"@id\":\"https:\\\/\\\/fuentesfidedignas.com.mx\\\/index.php\\\/2026\\\/03\\\/09\\\/japac-prepara-semana-de-arte-educacion-y-accion-ambiental-por-el-dia-mundial-del-agua\\\/#article\",\"isPartOf\":{\"@id\":\"https:\\\/\\\/fuentesfidedignas.com.mx\\\/index.php\\\/2026\\\/03\\\/09\\\/japac-prepara-semana-de-arte-educacion-y-accion-ambiental-por-el-dia-mundial-del-agua\\\/\"},\"author\":{\"name\":\"Redacci\u00f3n\",\"@id\":\"https:\\\/\\\/fuentesfidedignas.com.mx\\\/#\\\/schema\\\/person\\\/331be9283d37198e2acd5750279085b0\"},\"headline\":\"JAPAC prepara semana de arte, educaci\u00f3n y acci\u00f3n ambiental por el D\u00eda Mundial del Agua\",\"datePublished\":\"2026-03-09T20:16:26+00:00\",\"dateModified\":\"2026-03-09T20:16:33+00:00\",\"mainEntityOfPage\":{\"@id\":\"https:\\\/\\\/fuentesfidedignas.com.mx\\\/index.php\\\/2026\\\/03\\\/09\\\/japac-prepara-semana-de-arte-educacion-y-accion-ambiental-por-el-dia-mundial-del-agua\\\/\"},\"wordCount\":490,\"commentCount\":0,\"publisher\":{\"@id\":\"https:\\\/\\\/fuentesfidedignas.com.mx\\\/#organization\"},\"image\":{\"@id\":\"https:\\\/\\\/fuentesfidedignas.com.mx\\\/index.php\\\/2026\\\/03\\\/09\\\/japac-prepara-semana-de-arte-educacion-y-accion-ambiental-por-el-dia-mundial-del-agua\\\/#primaryimage\"},\"thumbnailUrl\":\"https:\\\/\\\/fuentesfidedignas.com.mx\\\/wp-content\\\/uploads\\\/2026\\\/03\\\/WhatsApp-Image-2026-03-09-at-12.37.47-PM.jpeg\",\"articleSection\":[\"NOTICIAS LOCALES\"],\"inLanguage\":\"es\",\"potentialAction\":[{\"@type\":\"CommentAction\",\"name\":\"Comment\",\"target\":[\"https:\\\/\\\/fuentesfidedignas.com.mx\\\/index.php\\\/2026\\\/03\\\/09\\\/japac-prepara-semana-de-arte-educacion-y-accion-ambiental-por-el-dia-mundial-del-agua\\\/#respond\"]}]},{\"@type\":\"WebPage\",\"@id\":\"https:\\\/\\\/fuentesfidedignas.com.mx\\\/index.php\\\/2026\\\/03\\\/09\\\/japac-prepara-semana-de-arte-educacion-y-accion-ambiental-por-el-dia-mundial-del-agua\\\/\",\"url\":\"https:\\\/\\\/fuentesfidedignas.com.mx\\\/index.php\\\/2026\\\/03\\\/09\\\/japac-prepara-semana-de-arte-educacion-y-accion-ambiental-por-el-dia-mundial-del-agua\\\/\",\"name\":\"JAPAC prepara semana de arte, educaci\u00f3n y acci\u00f3n ambiental por el D\u00eda Mundial del Agua - Fuentes Fidedignas\",\"isPartOf\":{\"@id\":\"https:\\\/\\\/fuentesfidedignas.com.mx\\\/#website\"},\"primaryImageOfPage\":{\"@id\":\"https:\\\/\\\/fuentesfidedignas.com.mx\\\/index.php\\\/2026\\\/03\\\/09\\\/japac-prepara-semana-de-arte-educacion-y-accion-ambiental-por-el-dia-mundial-del-agua\\\/#primaryimage\"},\"image\":{\"@id\":\"https:\\\/\\\/fuentesfidedignas.com.mx\\\/index.php\\\/2026\\\/03\\\/09\\\/japac-prepara-semana-de-arte-educacion-y-accion-ambiental-por-el-dia-mundial-del-agua\\\/#primaryimage\"},\"thumbnailUrl\":\"https:\\\/\\\/fuentesfidedignas.com.mx\\\/wp-content\\\/uploads\\\/2026\\\/03\\\/WhatsApp-Image-2026-03-09-at-12.37.47-PM.jpeg\",\"datePublished\":\"2026-03-09T20:16:26+00:00\",\"dateModified\":\"2026-03-09T20:16:33+00:00\",\"breadcrumb\":{\"@id\":\"https:\\\/\\\/fuentesfidedignas.com.mx\\\/index.php\\\/2026\\\/03\\\/09\\\/japac-prepara-semana-de-arte-educacion-y-accion-ambiental-por-el-dia-mundial-del-agua\\\/#breadcrumb\"},\"inLanguage\":\"es\",\"potentialAction\":[{\"@type\":\"ReadAction\",\"target\":[\"https:\\\/\\\/fuentesfidedignas.com.mx\\\/index.php\\\/2026\\\/03\\\/09\\\/japac-prepara-semana-de-arte-educacion-y-accion-ambiental-por-el-dia-mundial-del-agua\\\/\"]}]},{\"@type\":\"ImageObject\",\"inLanguage\":\"es\",\"@id\":\"https:\\\/\\\/fuentesfidedignas.com.mx\\\/index.php\\\/2026\\\/03\\\/09\\\/japac-prepara-semana-de-arte-educacion-y-accion-ambiental-por-el-dia-mundial-del-agua\\\/#primaryimage\",\"url\":\"https:\\\/\\\/fuentesfidedignas.com.mx\\\/wp-content\\\/uploads\\\/2026\\\/03\\\/WhatsApp-Image-2026-03-09-at-12.37.47-PM.jpeg\",\"contentUrl\":\"https:\\\/\\\/fuentesfidedignas.com.mx\\\/wp-content\\\/uploads\\\/2026\\\/03\\\/WhatsApp-Image-2026-03-09-at-12.37.47-PM.jpeg\",\"width\":500,\"height\":375},{\"@type\":\"BreadcrumbList\",\"@id\":\"https:\\\/\\\/fuentesfidedignas.com.mx\\\/index.php\\\/2026\\\/03\\\/09\\\/japac-prepara-semana-de-arte-educacion-y-accion-ambiental-por-el-dia-mundial-del-agua\\\/#breadcrumb\",\"itemListElement\":[{\"@type\":\"ListItem\",\"position\":1,\"name\":\"Inicio\",\"item\":\"https:\\\/\\\/fuentesfidedignas.com.mx\\\/\"},{\"@type\":\"ListItem\",\"position\":2,\"name\":\"JAPAC prepara semana de arte, educaci\u00f3n y acci\u00f3n ambiental por el D\u00eda Mundial del Agua\"}]},{\"@type\":\"WebSite\",\"@id\":\"https:\\\/\\\/fuentesfidedignas.com.mx\\\/#website\",\"url\":\"https:\\\/\\\/fuentesfidedignas.com.mx\\\/\",\"name\":\"Fuentes Fidedignas\",\"description\":\"Otro sitio realizado con WordPress\",\"publisher\":{\"@id\":\"https:\\\/\\\/fuentesfidedignas.com.mx\\\/#organization\"},\"potentialAction\":[{\"@type\":\"SearchAction\",\"target\":{\"@type\":\"EntryPoint\",\"urlTemplate\":\"https:\\\/\\\/fuentesfidedignas.com.mx\\\/?s={search_term_string}\"},\"query-input\":{\"@type\":\"PropertyValueSpecification\",\"valueRequired\":true,\"valueName\":\"search_term_string\"}}],\"inLanguage\":\"es\"},{\"@type\":\"Organization\",\"@id\":\"https:\\\/\\\/fuentesfidedignas.com.mx\\\/#organization\",\"name\":\"Fuentes Fidedignas\",\"url\":\"https:\\\/\\\/fuentesfidedignas.com.mx\\\/\",\"logo\":{\"@type\":\"ImageObject\",\"inLanguage\":\"es\",\"@id\":\"https:\\\/\\\/fuentesfidedignas.com.mx\\\/#\\\/schema\\\/logo\\\/image\\\/\",\"url\":\"https:\\\/\\\/fuentesfidedignas.com.mx\\\/wp-content\\\/uploads\\\/2021\\\/04\\\/logo-retina.png\",\"contentUrl\":\"https:\\\/\\\/fuentesfidedignas.com.mx\\\/wp-content\\\/uploads\\\/2021\\\/04\\\/logo-retina.png\",\"width\":280,\"height\":51,\"caption\":\"Fuentes Fidedignas\"},\"image\":{\"@id\":\"https:\\\/\\\/fuentesfidedignas.com.mx\\\/#\\\/schema\\\/logo\\\/image\\\/\"},\"sameAs\":[\"https:\\\/\\\/www.facebook.com\\\/Fuentes-Fidedignas-368234489921644\",\"https:\\\/\\\/x.com\\\/fidedignas\"]},{\"@type\":\"Person\",\"@id\":\"https:\\\/\\\/fuentesfidedignas.com.mx\\\/#\\\/schema\\\/person\\\/331be9283d37198e2acd5750279085b0\",\"name\":\"Redacci\u00f3n\",\"image\":{\"@type\":\"ImageObject\",\"inLanguage\":\"es\",\"@id\":\"https:\\\/\\\/secure.gravatar.com\\\/avatar\\\/f6d8782c11d12b2d4ad3fbb6931aeab5309937a4d6cd2fc9cfaa28a6396a5aec?s=96&d=mm&r=g\",\"url\":\"https:\\\/\\\/secure.gravatar.com\\\/avatar\\\/f6d8782c11d12b2d4ad3fbb6931aeab5309937a4d6cd2fc9cfaa28a6396a5aec?s=96&d=mm&r=g\",\"contentUrl\":\"https:\\\/\\\/secure.gravatar.com\\\/avatar\\\/f6d8782c11d12b2d4ad3fbb6931aeab5309937a4d6cd2fc9cfaa28a6396a5aec?s=96&d=mm&r=g\",\"caption\":\"Redacci\u00f3n\"},\"url\":\"https:\\\/\\\/fuentesfidedignas.com.mx\\\/index.php\\\/author\\\/redaccion\\\/\"}]}<\/script>\n<!-- \/ Yoast SEO plugin. -->","yoast_head_json":{"title":"JAPAC prepara semana de arte, educaci\u00f3n y acci\u00f3n ambiental por el D\u00eda Mundial del Agua - Fuentes Fidedignas","robots":{"index":"index","follow":"follow","max-snippet":"max-snippet:-1","max-image-preview":"max-image-preview:large","max-video-preview":"max-video-preview:-1"},"canonical":"https:\/\/fuentesfidedignas.com.mx\/index.php\/2026\/03\/09\/japac-prepara-semana-de-arte-educacion-y-accion-ambiental-por-el-dia-mundial-del-agua\/","og_locale":"es_MX","og_type":"article","og_title":"JAPAC prepara semana de arte, educaci\u00f3n y acci\u00f3n ambiental por el D\u00eda Mundial del Agua - Fuentes Fidedignas","og_description":"En este marco, JAPAC ha dise\u00f1ado un programa que involucra a la comunidad, instituciones educativas, empresas y al propio personal del organismo, con el objetivo de fortalecer la cultura del cuidado del agua en Culiac\u00e1n. Con una agenda que integra arte urbano, educaci\u00f3n ambiental, participaci\u00f3n ciudadana y acciones comunitarias, la JAPAC conmemorar\u00e1 el D\u00eda Mundial [&hellip;]","og_url":"https:\/\/fuentesfidedignas.com.mx\/index.php\/2026\/03\/09\/japac-prepara-semana-de-arte-educacion-y-accion-ambiental-por-el-dia-mundial-del-agua\/","og_site_name":"Fuentes Fidedignas","article_publisher":"https:\/\/www.facebook.com\/Fuentes-Fidedignas-368234489921644","article_published_time":"2026-03-09T20:16:26+00:00","article_modified_time":"2026-03-09T20:16:33+00:00","og_image":[{"width":500,"height":375,"url":"https:\/\/fuentesfidedignas.com.mx\/wp-content\/uploads\/2026\/03\/WhatsApp-Image-2026-03-09-at-12.37.47-PM.jpeg","type":"image\/jpeg"}],"author":"Redacci\u00f3n","twitter_card":"summary_large_image","twitter_creator":"@fidedignas","twitter_site":"@fidedignas","twitter_misc":{"Escrito por":"Redacci\u00f3n","Tiempo de lectura":"3 minutos"},"schema":{"@context":"https:\/\/schema.org","@graph":[{"@type":"Article","@id":"https:\/\/fuentesfidedignas.com.mx\/index.php\/2026\/03\/09\/japac-prepara-semana-de-arte-educacion-y-accion-ambiental-por-el-dia-mundial-del-agua\/#article","isPartOf":{"@id":"https:\/\/fuentesfidedignas.com.mx\/index.php\/2026\/03\/09\/japac-prepara-semana-de-arte-educacion-y-accion-ambiental-por-el-dia-mundial-del-agua\/"},"author":{"name":"Redacci\u00f3n","@id":"https:\/\/fuentesfidedignas.com.mx\/#\/schema\/person\/331be9283d37198e2acd5750279085b0"},"headline":"JAPAC prepara semana de arte, educaci\u00f3n y acci\u00f3n ambiental por el D\u00eda Mundial del Agua","datePublished":"2026-03-09T20:16:26+00:00","dateModified":"2026-03-09T20:16:33+00:00","mainEntityOfPage":{"@id":"https:\/\/fuentesfidedignas.com.mx\/index.php\/2026\/03\/09\/japac-prepara-semana-de-arte-educacion-y-accion-ambiental-por-el-dia-mundial-del-agua\/"},"wordCount":490,"commentCount":0,"publisher":{"@id":"https:\/\/fuentesfidedignas.com.mx\/#organization"},"image":{"@id":"https:\/\/fuentesfidedignas.com.mx\/index.php\/2026\/03\/09\/japac-prepara-semana-de-arte-educacion-y-accion-ambiental-por-el-dia-mundial-del-agua\/#primaryimage"},"thumbnailUrl":"https:\/\/fuentesfidedignas.com.mx\/wp-content\/uploads\/2026\/03\/WhatsApp-Image-2026-03-09-at-12.37.47-PM.jpeg","articleSection":["NOTICIAS LOCALES"],"inLanguage":"es","potentialAction":[{"@type":"CommentAction","name":"Comment","target":["https:\/\/fuentesfidedignas.com.mx\/index.php\/2026\/03\/09\/japac-prepara-semana-de-arte-educacion-y-accion-ambiental-por-el-dia-mundial-del-agua\/#respond"]}]},{"@type":"WebPage","@id":"https:\/\/fuentesfidedignas.com.mx\/index.php\/2026\/03\/09\/japac-prepara-semana-de-arte-educacion-y-accion-ambiental-por-el-dia-mundial-del-agua\/","url":"https:\/\/fuentesfidedignas.com.mx\/index.php\/2026\/03\/09\/japac-prepara-semana-de-arte-educacion-y-accion-ambiental-por-el-dia-mundial-del-agua\/","name":"JAPAC prepara semana de arte, educaci\u00f3n y acci\u00f3n ambiental por el D\u00eda Mundial del Agua - Fuentes Fidedignas","isPartOf":{"@id":"https:\/\/fuentesfidedignas.com.mx\/#website"},"primaryImageOfPage":{"@id":"https:\/\/fuentesfidedignas.com.mx\/index.php\/2026\/03\/09\/japac-prepara-semana-de-arte-educacion-y-accion-ambiental-por-el-dia-mundial-del-agua\/#primaryimage"},"image":{"@id":"https:\/\/fuentesfidedignas.com.mx\/index.php\/2026\/03\/09\/japac-prepara-semana-de-arte-educacion-y-accion-ambiental-por-el-dia-mundial-del-agua\/#primaryimage"},"thumbnailUrl":"https:\/\/fuentesfidedignas.com.mx\/wp-content\/uploads\/2026\/03\/WhatsApp-Image-2026-03-09-at-12.37.47-PM.jpeg","datePublished":"2026-03-09T20:16:26+00:00","dateModified":"2026-03-09T20:16:33+00:00","breadcrumb":{"@id":"https:\/\/fuentesfidedignas.com.mx\/index.php\/2026\/03\/09\/japac-prepara-semana-de-arte-educacion-y-accion-ambiental-por-el-dia-mundial-del-agua\/#breadcrumb"},"inLanguage":"es","potentialAction":[{"@type":"ReadAction","target":["https:\/\/fuentesfidedignas.com.mx\/index.php\/2026\/03\/09\/japac-prepara-semana-de-arte-educacion-y-accion-ambiental-por-el-dia-mundial-del-agua\/"]}]},{"@type":"ImageObject","inLanguage":"es","@id":"https:\/\/fuentesfidedignas.com.mx\/index.php\/2026\/03\/09\/japac-prepara-semana-de-arte-educacion-y-accion-ambiental-por-el-dia-mundial-del-agua\/#primaryimage","url":"https:\/\/fuentesfidedignas.com.mx\/wp-content\/uploads\/2026\/03\/WhatsApp-Image-2026-03-09-at-12.37.47-PM.jpeg","contentUrl":"https:\/\/fuentesfidedignas.com.mx\/wp-content\/uploads\/2026\/03\/WhatsApp-Image-2026-03-09-at-12.37.47-PM.jpeg","width":500,"height":375},{"@type":"BreadcrumbList","@id":"https:\/\/fuentesfidedignas.com.mx\/index.php\/2026\/03\/09\/japac-prepara-semana-de-arte-educacion-y-accion-ambiental-por-el-dia-mundial-del-agua\/#breadcrumb","itemListElement":[{"@type":"ListItem","position":1,"name":"Inicio","item":"https:\/\/fuentesfidedignas.com.mx\/"},{"@type":"ListItem","position":2,"name":"JAPAC prepara semana de arte, educaci\u00f3n y acci\u00f3n ambiental por el D\u00eda Mundial del Agua"}]},{"@type":"WebSite","@id":"https:\/\/fuentesfidedignas.com.mx\/#website","url":"https:\/\/fuentesfidedignas.com.mx\/","name":"Fuentes Fidedignas","description":"Otro sitio realizado con WordPress","publisher":{"@id":"https:\/\/fuentesfidedignas.com.mx\/#organization"},"potentialAction":[{"@type":"SearchAction","target":{"@type":"EntryPoint","urlTemplate":"https:\/\/fuentesfidedignas.com.mx\/?s={search_term_string}"},"query-input":{"@type":"PropertyValueSpecification","valueRequired":true,"valueName":"search_term_string"}}],"inLanguage":"es"},{"@type":"Organization","@id":"https:\/\/fuentesfidedignas.com.mx\/#organization","name":"Fuentes Fidedignas","url":"https:\/\/fuentesfidedignas.com.mx\/","logo":{"@type":"ImageObject","inLanguage":"es","@id":"https:\/\/fuentesfidedignas.com.mx\/#\/schema\/logo\/image\/","url":"https:\/\/fuentesfidedignas.com.mx\/wp-content\/uploads\/2021\/04\/logo-retina.png","contentUrl":"https:\/\/fuentesfidedignas.com.mx\/wp-content\/uploads\/2021\/04\/logo-retina.png","width":280,"height":51,"caption":"Fuentes Fidedignas"},"image":{"@id":"https:\/\/fuentesfidedignas.com.mx\/#\/schema\/logo\/image\/"},"sameAs":["https:\/\/www.facebook.com\/Fuentes-Fidedignas-368234489921644","https:\/\/x.com\/fidedignas"]},{"@type":"Person","@id":"https:\/\/fuentesfidedignas.com.mx\/#\/schema\/person\/331be9283d37198e2acd5750279085b0","name":"Redacci\u00f3n","image":{"@type":"ImageObject","inLanguage":"es","@id":"https:\/\/secure.gravatar.com\/avatar\/f6d8782c11d12b2d4ad3fbb6931aeab5309937a4d6cd2fc9cfaa28a6396a5aec?s=96&d=mm&r=g","url":"https:\/\/secure.gravatar.com\/avatar\/f6d8782c11d12b2d4ad3fbb6931aeab5309937a4d6cd2fc9cfaa28a6396a5aec?s=96&d=mm&r=g","contentUrl":"https:\/\/secure.gravatar.com\/avatar\/f6d8782c11d12b2d4ad3fbb6931aeab5309937a4d6cd2fc9cfaa28a6396a5aec?s=96&d=mm&r=g","caption":"Redacci\u00f3n"},"url":"https:\/\/fuentesfidedignas.com.mx\/index.php\/author\/redaccion\/"}]}},"_links":{"self":[{"href":"https:\/\/fuentesfidedignas.com.mx\/index.php\/wp-json\/wp\/v2\/posts\/128903","targetHints":{"allow":["GET"]}}],"collection":[{"href":"https:\/\/fuentesfidedignas.com.mx\/index.php\/wp-json\/wp\/v2\/posts"}],"about":[{"href":"https:\/\/fuentesfidedignas.com.mx\/index.php\/wp-json\/wp\/v2\/types\/post"}],"author":[{"embeddable":true,"href":"https:\/\/fuentesfidedignas.com.mx\/index.php\/wp-json\/wp\/v2\/users\/4"}],"replies":[{"embeddable":true,"href":"https:\/\/fuentesfidedignas.com.mx\/index.php\/wp-json\/wp\/v2\/comments?post=128903"}],"version-history":[{"count":1,"href":"https:\/\/fuentesfidedignas.com.mx\/index.php\/wp-json\/wp\/v2\/posts\/128903\/revisions"}],"predecessor-version":[{"id":128905,"href":"https:\/\/fuentesfidedignas.com.mx\/index.php\/wp-json\/wp\/v2\/posts\/128903\/revisions\/128905"}],"wp:featuredmedia":[{"embeddable":true,"href":"https:\/\/fuentesfidedignas.com.mx\/index.php\/wp-json\/wp\/v2\/media\/128904"}],"wp:attachment":[{"href":"https:\/\/fuentesfidedignas.com.mx\/index.php\/wp-json\/wp\/v2\/media?parent=128903"}],"wp:term":[{"taxonomy":"category","embeddable":true,"href":"https:\/\/fuentesfidedignas.com.mx\/index.php\/wp-json\/wp\/v2\/categories?post=128903"},{"taxonomy":"post_tag","embeddable":true,"href":"https:\/\/fuentesfidedignas.com.mx\/index.php\/wp-json\/wp\/v2\/tags?post=128903"}],"curies":[{"name":"wp","href":"https:\/\/api.w.org\/{rel}","templated":true}]}}