{"id":128897,"date":"2026-03-09T12:20:00","date_gmt":"2026-03-09T19:20:00","guid":{"rendered":"https:\/\/fuentesfidedignas.com.mx\/?p=128897"},"modified":"2026-03-09T11:46:21","modified_gmt":"2026-03-09T18:46:21","slug":"mexico-abre-la-puerta-a-regular-el-uso-de-celulares-entre-los-jovenes-en-las-escuelas","status":"publish","type":"post","link":"https:\/\/fuentesfidedignas.com.mx\/index.php\/2026\/03\/09\/mexico-abre-la-puerta-a-regular-el-uso-de-celulares-entre-los-jovenes-en-las-escuelas\/","title":{"rendered":"M\u00e9xico abre la puerta a regular el uso de celulares entre los j\u00f3venes en las escuelas"},"content":{"rendered":"\n<p><strong><em>El secretario de Educaci\u00f3n, Mario Delgado, afirm\u00f3 que se estudia una regulaci\u00f3n en el uso de celulares en las escuelas por los &#8216;graves riesgos&#8217; que tienen en la salud mental de los j\u00f3venes.<\/em><\/strong><\/p>\n\n\n\n<p>M\u00e9xico quiere abrir un debate para estudiar una regulaci\u00f3n en el uso de tel\u00e9fonos celulares en las escuelas por los \u201cgraves riesgos\u201d que tiene la tecnolog\u00eda en la salud mental de los j\u00f3venes, en un contexto en el que 79 pa\u00edses ya tomaron alguna medida al respecto, explic\u00f3 este lunes el secretario de Educaci\u00f3n, Mario Delgado.<\/p>\n\n\n\n<p>\u201cEmpieza a haber evidencia, no s\u00f3lo en M\u00e9xico sino tambi\u00e9n en muchos pa\u00edses, de que el uso de las tecnolog\u00edas est\u00e1 afectando de alguna manera el comportamiento de los j\u00f3venes (\u2026). No podemos simplemente quedarnos cruzados de brazos y despu\u00e9s ver las consecuencias\u201d, subray\u00f3 Delgado a EFE en una entrevista telef\u00f3nica.<\/p>\n\n\n\n<p>El secretario alert\u00f3 de los \u201cgrandes riesgos\u201d asociados a las redes sociales o la inteligencia artificial, de modo que remarc\u00f3 que el objetivo es alcanzar una cultura digital \u201cresponsable, consciente y cr\u00edtica\u201d.<\/p>\n\n\n\n<p>Sin decantarse por un modelo en concreto, Delgado record\u00f3 que ya hay al menos 79 pa\u00edses de todo el mundo que aprobaron alg\u00fan tipo de medida en este sentido, por lo que defendi\u00f3 que M\u00e9xico tiene que hacer lo propio.<\/p>\n\n\n\n<p>Cit\u00f3 el caso de la prohibici\u00f3n de que los menores de 16 a\u00f1os puedan tener una cuenta en redes sociales por parte del Gobierno australiano o la discusi\u00f3n a\u00fan abierta en Espa\u00f1a de si \u201cdeben entrar o no los celulares a las escuelas\u201d.<\/p>\n\n\n\n<p>\u201cHay muchos ejemplos de regulaci\u00f3n en el mundo. Entonces primero nosotros queremos abrir este debate nacional y veremos las conclusiones, a ver qu\u00e9 nos llevan, qu\u00e9 es lo mejor (\u2026). Lo que s\u00ed es que cada vez hay m\u00e1s evidencia de que un uso indiscriminado, el darle a los ni\u00f1os a temprana edad un celular, los deja sometidos a grandes riesgos, muchos problemas de depresi\u00f3n\u201d, agreg\u00f3 Delgado.<\/p>\n\n\n\n<p><strong>Menores \u2018totalmente desamparados\u2019 en las redes sociales<\/strong><br>Por ello, conf\u00eda que el resultado del debate sean \u201cconclusiones claras\u201d que sirvan para \u201cproteger a nuestras infancias y juventudes\u201d.<\/p>\n\n\n\n<p>\u201cNosotros justo por eso queremos abrir el debate, no somos de una idea prohibicionista, entonces vamos a ver qu\u00e9 que surge de este debate, qu\u00e9 medidas podr\u00edan instrumentarse (\u2026). Dejemos esta discusi\u00f3n y al final nosotros nos iremos pronunciando a partir de lo que sea mejor para todos\u201d, se\u00f1al\u00f3.<\/p>\n\n\n\n<p>Una de sus principales preocupaciones es que los menores se hallan \u201ctotalmente desamparados\u201d en el ecosistema de las redes sociales, ya que -alert\u00f3- si tienen un tel\u00e9fono m\u00f3vil \u201clos estamos exponiendo a riesgos que ni siquiera hemos imaginado o calculado\u201d.<\/p>\n\n\n\n<p>El secretario de Educaci\u00f3n ve en este contexto de \u201cgran explosi\u00f3n\u201d en el uso de inteligencia artificial una relaci\u00f3n directa entre la tecnolog\u00eda y la salud mental, y se\u00f1al\u00f3 que muchos j\u00f3venes recurren a ella como \u201casesor emocional\u201d pidi\u00e9ndole a la IA \u201corientaci\u00f3n sobre alg\u00fan tipo de emoci\u00f3n, sentimientos o sobre problemas de ansiedad y de soledad\u201d.<\/p>\n\n\n\n<p>En cuanto a las redes sociales, Delgado interpel\u00f3 directamente a las empresas que las coordinan, al solicitar que fueran \u201ccorresponsables\u201d en la protecci\u00f3n de la juventud.<\/p>\n\n\n\n<p>\u201cNo debe prevalecer el inter\u00e9s de ellos por generar recursos econ\u00f3micos\u201d, dijo Delgado.<\/p>\n\n\n\n<p>En medio de esta discusi\u00f3n internacional, la Unesco recomienda prohibir los tel\u00e9fonos m\u00f3viles en las aulas para evitar que distraigan a los alumnos e interrumpan el aprendizaje.<\/p>\n","protected":false},"excerpt":{"rendered":"<p>El secretario de Educaci\u00f3n, Mario Delgado, afirm\u00f3 que se estudia una regulaci\u00f3n en el uso de celulares en las escuelas por los &#8216;graves riesgos&#8217; que tienen en la salud mental de los j\u00f3venes. M\u00e9xico quiere abrir un debate para estudiar una regulaci\u00f3n en el uso de tel\u00e9fonos celulares en las escuelas por los \u201cgraves riesgos\u201d [&hellip;]<\/p>\n","protected":false},"author":5,"featured_media":128898,"comment_status":"open","ping_status":"open","sticky":false,"template":"","format":"standard","meta":{"tdm_status":"","tdm_grid_status":"","footnotes":""},"categories":[39],"tags":[],"class_list":{"0":"post-128897","1":"post","2":"type-post","3":"status-publish","4":"format-standard","5":"has-post-thumbnail","7":"category-noticias-nacionales"},"yoast_head":"<!-- This site is optimized with the Yoast SEO plugin v27.5 - https:\/\/yoast.com\/product\/yoast-seo-wordpress\/ -->\n<title>M\u00e9xico abre la puerta a regular el uso de celulares entre los j\u00f3venes en las escuelas - Fuentes Fidedignas<\/title>\n<meta name=\"robots\" content=\"index, follow, max-snippet:-1, max-image-preview:large, max-video-preview:-1\" \/>\n<link rel=\"canonical\" href=\"https:\/\/fuentesfidedignas.com.mx\/index.php\/2026\/03\/09\/mexico-abre-la-puerta-a-regular-el-uso-de-celulares-entre-los-jovenes-en-las-escuelas\/\" \/>\n<meta property=\"og:locale\" content=\"es_MX\" \/>\n<meta property=\"og:type\" content=\"article\" \/>\n<meta property=\"og:title\" content=\"M\u00e9xico abre la puerta a regular el uso de celulares entre los j\u00f3venes en las escuelas - Fuentes Fidedignas\" \/>\n<meta property=\"og:description\" content=\"El secretario de Educaci\u00f3n, Mario Delgado, afirm\u00f3 que se estudia una regulaci\u00f3n en el uso de celulares en las escuelas por los &#8216;graves riesgos&#8217; que tienen en la salud mental de los j\u00f3venes. M\u00e9xico quiere abrir un debate para estudiar una regulaci\u00f3n en el uso de tel\u00e9fonos celulares en las escuelas por los \u201cgraves riesgos\u201d [&hellip;]\" \/>\n<meta property=\"og:url\" content=\"https:\/\/fuentesfidedignas.com.mx\/index.php\/2026\/03\/09\/mexico-abre-la-puerta-a-regular-el-uso-de-celulares-entre-los-jovenes-en-las-escuelas\/\" \/>\n<meta property=\"og:site_name\" content=\"Fuentes Fidedignas\" \/>\n<meta property=\"article:publisher\" content=\"https:\/\/www.facebook.com\/Fuentes-Fidedignas-368234489921644\" \/>\n<meta property=\"article:published_time\" content=\"2026-03-09T19:20:00+00:00\" \/>\n<meta property=\"og:image\" content=\"https:\/\/fuentesfidedignas.com.mx\/wp-content\/uploads\/2026\/03\/prohibir-celulares-escuela.jpg\" \/>\n\t<meta property=\"og:image:width\" content=\"500\" \/>\n\t<meta property=\"og:image:height\" content=\"281\" \/>\n\t<meta property=\"og:image:type\" content=\"image\/jpeg\" \/>\n<meta name=\"author\" content=\"Forbes\" \/>\n<meta name=\"twitter:card\" content=\"summary_large_image\" \/>\n<meta name=\"twitter:creator\" content=\"@fidedignas\" \/>\n<meta name=\"twitter:site\" content=\"@fidedignas\" \/>\n<meta name=\"twitter:label1\" content=\"Escrito por\" \/>\n\t<meta name=\"twitter:data1\" content=\"Forbes\" \/>\n\t<meta name=\"twitter:label2\" content=\"Tiempo de lectura\" \/>\n\t<meta name=\"twitter:data2\" content=\"3 minutos\" \/>\n<script type=\"application\/ld+json\" class=\"yoast-schema-graph\">{\"@context\":\"https:\\\/\\\/schema.org\",\"@graph\":[{\"@type\":\"Article\",\"@id\":\"https:\\\/\\\/fuentesfidedignas.com.mx\\\/index.php\\\/2026\\\/03\\\/09\\\/mexico-abre-la-puerta-a-regular-el-uso-de-celulares-entre-los-jovenes-en-las-escuelas\\\/#article\",\"isPartOf\":{\"@id\":\"https:\\\/\\\/fuentesfidedignas.com.mx\\\/index.php\\\/2026\\\/03\\\/09\\\/mexico-abre-la-puerta-a-regular-el-uso-de-celulares-entre-los-jovenes-en-las-escuelas\\\/\"},\"author\":{\"name\":\"Forbes\",\"@id\":\"https:\\\/\\\/fuentesfidedignas.com.mx\\\/#\\\/schema\\\/person\\\/5623d53fe2e579d825b1679734abcc44\"},\"headline\":\"M\u00e9xico abre la puerta a regular el uso de celulares entre los j\u00f3venes en las escuelas\",\"datePublished\":\"2026-03-09T19:20:00+00:00\",\"mainEntityOfPage\":{\"@id\":\"https:\\\/\\\/fuentesfidedignas.com.mx\\\/index.php\\\/2026\\\/03\\\/09\\\/mexico-abre-la-puerta-a-regular-el-uso-de-celulares-entre-los-jovenes-en-las-escuelas\\\/\"},\"wordCount\":627,\"commentCount\":0,\"publisher\":{\"@id\":\"https:\\\/\\\/fuentesfidedignas.com.mx\\\/#organization\"},\"image\":{\"@id\":\"https:\\\/\\\/fuentesfidedignas.com.mx\\\/index.php\\\/2026\\\/03\\\/09\\\/mexico-abre-la-puerta-a-regular-el-uso-de-celulares-entre-los-jovenes-en-las-escuelas\\\/#primaryimage\"},\"thumbnailUrl\":\"https:\\\/\\\/fuentesfidedignas.com.mx\\\/wp-content\\\/uploads\\\/2026\\\/03\\\/prohibir-celulares-escuela.jpg\",\"articleSection\":[\"NOTICIAS NACIONALES\"],\"inLanguage\":\"es\",\"potentialAction\":[{\"@type\":\"CommentAction\",\"name\":\"Comment\",\"target\":[\"https:\\\/\\\/fuentesfidedignas.com.mx\\\/index.php\\\/2026\\\/03\\\/09\\\/mexico-abre-la-puerta-a-regular-el-uso-de-celulares-entre-los-jovenes-en-las-escuelas\\\/#respond\"]}]},{\"@type\":\"WebPage\",\"@id\":\"https:\\\/\\\/fuentesfidedignas.com.mx\\\/index.php\\\/2026\\\/03\\\/09\\\/mexico-abre-la-puerta-a-regular-el-uso-de-celulares-entre-los-jovenes-en-las-escuelas\\\/\",\"url\":\"https:\\\/\\\/fuentesfidedignas.com.mx\\\/index.php\\\/2026\\\/03\\\/09\\\/mexico-abre-la-puerta-a-regular-el-uso-de-celulares-entre-los-jovenes-en-las-escuelas\\\/\",\"name\":\"M\u00e9xico abre la puerta a regular el uso de celulares entre los j\u00f3venes en las escuelas - Fuentes Fidedignas\",\"isPartOf\":{\"@id\":\"https:\\\/\\\/fuentesfidedignas.com.mx\\\/#website\"},\"primaryImageOfPage\":{\"@id\":\"https:\\\/\\\/fuentesfidedignas.com.mx\\\/index.php\\\/2026\\\/03\\\/09\\\/mexico-abre-la-puerta-a-regular-el-uso-de-celulares-entre-los-jovenes-en-las-escuelas\\\/#primaryimage\"},\"image\":{\"@id\":\"https:\\\/\\\/fuentesfidedignas.com.mx\\\/index.php\\\/2026\\\/03\\\/09\\\/mexico-abre-la-puerta-a-regular-el-uso-de-celulares-entre-los-jovenes-en-las-escuelas\\\/#primaryimage\"},\"thumbnailUrl\":\"https:\\\/\\\/fuentesfidedignas.com.mx\\\/wp-content\\\/uploads\\\/2026\\\/03\\\/prohibir-celulares-escuela.jpg\",\"datePublished\":\"2026-03-09T19:20:00+00:00\",\"breadcrumb\":{\"@id\":\"https:\\\/\\\/fuentesfidedignas.com.mx\\\/index.php\\\/2026\\\/03\\\/09\\\/mexico-abre-la-puerta-a-regular-el-uso-de-celulares-entre-los-jovenes-en-las-escuelas\\\/#breadcrumb\"},\"inLanguage\":\"es\",\"potentialAction\":[{\"@type\":\"ReadAction\",\"target\":[\"https:\\\/\\\/fuentesfidedignas.com.mx\\\/index.php\\\/2026\\\/03\\\/09\\\/mexico-abre-la-puerta-a-regular-el-uso-de-celulares-entre-los-jovenes-en-las-escuelas\\\/\"]}]},{\"@type\":\"ImageObject\",\"inLanguage\":\"es\",\"@id\":\"https:\\\/\\\/fuentesfidedignas.com.mx\\\/index.php\\\/2026\\\/03\\\/09\\\/mexico-abre-la-puerta-a-regular-el-uso-de-celulares-entre-los-jovenes-en-las-escuelas\\\/#primaryimage\",\"url\":\"https:\\\/\\\/fuentesfidedignas.com.mx\\\/wp-content\\\/uploads\\\/2026\\\/03\\\/prohibir-celulares-escuela.jpg\",\"contentUrl\":\"https:\\\/\\\/fuentesfidedignas.com.mx\\\/wp-content\\\/uploads\\\/2026\\\/03\\\/prohibir-celulares-escuela.jpg\",\"width\":500,\"height\":281},{\"@type\":\"BreadcrumbList\",\"@id\":\"https:\\\/\\\/fuentesfidedignas.com.mx\\\/index.php\\\/2026\\\/03\\\/09\\\/mexico-abre-la-puerta-a-regular-el-uso-de-celulares-entre-los-jovenes-en-las-escuelas\\\/#breadcrumb\",\"itemListElement\":[{\"@type\":\"ListItem\",\"position\":1,\"name\":\"Inicio\",\"item\":\"https:\\\/\\\/fuentesfidedignas.com.mx\\\/\"},{\"@type\":\"ListItem\",\"position\":2,\"name\":\"M\u00e9xico abre la puerta a regular el uso de celulares entre los j\u00f3venes en las escuelas\"}]},{\"@type\":\"WebSite\",\"@id\":\"https:\\\/\\\/fuentesfidedignas.com.mx\\\/#website\",\"url\":\"https:\\\/\\\/fuentesfidedignas.com.mx\\\/\",\"name\":\"Fuentes Fidedignas\",\"description\":\"Otro sitio realizado con WordPress\",\"publisher\":{\"@id\":\"https:\\\/\\\/fuentesfidedignas.com.mx\\\/#organization\"},\"potentialAction\":[{\"@type\":\"SearchAction\",\"target\":{\"@type\":\"EntryPoint\",\"urlTemplate\":\"https:\\\/\\\/fuentesfidedignas.com.mx\\\/?s={search_term_string}\"},\"query-input\":{\"@type\":\"PropertyValueSpecification\",\"valueRequired\":true,\"valueName\":\"search_term_string\"}}],\"inLanguage\":\"es\"},{\"@type\":\"Organization\",\"@id\":\"https:\\\/\\\/fuentesfidedignas.com.mx\\\/#organization\",\"name\":\"Fuentes Fidedignas\",\"url\":\"https:\\\/\\\/fuentesfidedignas.com.mx\\\/\",\"logo\":{\"@type\":\"ImageObject\",\"inLanguage\":\"es\",\"@id\":\"https:\\\/\\\/fuentesfidedignas.com.mx\\\/#\\\/schema\\\/logo\\\/image\\\/\",\"url\":\"https:\\\/\\\/fuentesfidedignas.com.mx\\\/wp-content\\\/uploads\\\/2021\\\/04\\\/logo-retina.png\",\"contentUrl\":\"https:\\\/\\\/fuentesfidedignas.com.mx\\\/wp-content\\\/uploads\\\/2021\\\/04\\\/logo-retina.png\",\"width\":280,\"height\":51,\"caption\":\"Fuentes Fidedignas\"},\"image\":{\"@id\":\"https:\\\/\\\/fuentesfidedignas.com.mx\\\/#\\\/schema\\\/logo\\\/image\\\/\"},\"sameAs\":[\"https:\\\/\\\/www.facebook.com\\\/Fuentes-Fidedignas-368234489921644\",\"https:\\\/\\\/x.com\\\/fidedignas\"]},{\"@type\":\"Person\",\"@id\":\"https:\\\/\\\/fuentesfidedignas.com.mx\\\/#\\\/schema\\\/person\\\/5623d53fe2e579d825b1679734abcc44\",\"name\":\"Forbes\",\"image\":{\"@type\":\"ImageObject\",\"inLanguage\":\"es\",\"@id\":\"https:\\\/\\\/secure.gravatar.com\\\/avatar\\\/87ce3dd4e41e60c22a79c758614f01a6bc2469255fc936ec7b15efb9bb5cb66f?s=96&d=mm&r=g\",\"url\":\"https:\\\/\\\/secure.gravatar.com\\\/avatar\\\/87ce3dd4e41e60c22a79c758614f01a6bc2469255fc936ec7b15efb9bb5cb66f?s=96&d=mm&r=g\",\"contentUrl\":\"https:\\\/\\\/secure.gravatar.com\\\/avatar\\\/87ce3dd4e41e60c22a79c758614f01a6bc2469255fc936ec7b15efb9bb5cb66f?s=96&d=mm&r=g\",\"caption\":\"Forbes\"},\"url\":\"https:\\\/\\\/fuentesfidedignas.com.mx\\\/index.php\\\/author\\\/forbes\\\/\"}]}<\/script>\n<!-- \/ Yoast SEO plugin. -->","yoast_head_json":{"title":"M\u00e9xico abre la puerta a regular el uso de celulares entre los j\u00f3venes en las escuelas - Fuentes Fidedignas","robots":{"index":"index","follow":"follow","max-snippet":"max-snippet:-1","max-image-preview":"max-image-preview:large","max-video-preview":"max-video-preview:-1"},"canonical":"https:\/\/fuentesfidedignas.com.mx\/index.php\/2026\/03\/09\/mexico-abre-la-puerta-a-regular-el-uso-de-celulares-entre-los-jovenes-en-las-escuelas\/","og_locale":"es_MX","og_type":"article","og_title":"M\u00e9xico abre la puerta a regular el uso de celulares entre los j\u00f3venes en las escuelas - Fuentes Fidedignas","og_description":"El secretario de Educaci\u00f3n, Mario Delgado, afirm\u00f3 que se estudia una regulaci\u00f3n en el uso de celulares en las escuelas por los &#8216;graves riesgos&#8217; que tienen en la salud mental de los j\u00f3venes. M\u00e9xico quiere abrir un debate para estudiar una regulaci\u00f3n en el uso de tel\u00e9fonos celulares en las escuelas por los \u201cgraves riesgos\u201d [&hellip;]","og_url":"https:\/\/fuentesfidedignas.com.mx\/index.php\/2026\/03\/09\/mexico-abre-la-puerta-a-regular-el-uso-de-celulares-entre-los-jovenes-en-las-escuelas\/","og_site_name":"Fuentes Fidedignas","article_publisher":"https:\/\/www.facebook.com\/Fuentes-Fidedignas-368234489921644","article_published_time":"2026-03-09T19:20:00+00:00","og_image":[{"width":500,"height":281,"url":"https:\/\/fuentesfidedignas.com.mx\/wp-content\/uploads\/2026\/03\/prohibir-celulares-escuela.jpg","type":"image\/jpeg"}],"author":"Forbes","twitter_card":"summary_large_image","twitter_creator":"@fidedignas","twitter_site":"@fidedignas","twitter_misc":{"Escrito por":"Forbes","Tiempo de lectura":"3 minutos"},"schema":{"@context":"https:\/\/schema.org","@graph":[{"@type":"Article","@id":"https:\/\/fuentesfidedignas.com.mx\/index.php\/2026\/03\/09\/mexico-abre-la-puerta-a-regular-el-uso-de-celulares-entre-los-jovenes-en-las-escuelas\/#article","isPartOf":{"@id":"https:\/\/fuentesfidedignas.com.mx\/index.php\/2026\/03\/09\/mexico-abre-la-puerta-a-regular-el-uso-de-celulares-entre-los-jovenes-en-las-escuelas\/"},"author":{"name":"Forbes","@id":"https:\/\/fuentesfidedignas.com.mx\/#\/schema\/person\/5623d53fe2e579d825b1679734abcc44"},"headline":"M\u00e9xico abre la puerta a regular el uso de celulares entre los j\u00f3venes en las escuelas","datePublished":"2026-03-09T19:20:00+00:00","mainEntityOfPage":{"@id":"https:\/\/fuentesfidedignas.com.mx\/index.php\/2026\/03\/09\/mexico-abre-la-puerta-a-regular-el-uso-de-celulares-entre-los-jovenes-en-las-escuelas\/"},"wordCount":627,"commentCount":0,"publisher":{"@id":"https:\/\/fuentesfidedignas.com.mx\/#organization"},"image":{"@id":"https:\/\/fuentesfidedignas.com.mx\/index.php\/2026\/03\/09\/mexico-abre-la-puerta-a-regular-el-uso-de-celulares-entre-los-jovenes-en-las-escuelas\/#primaryimage"},"thumbnailUrl":"https:\/\/fuentesfidedignas.com.mx\/wp-content\/uploads\/2026\/03\/prohibir-celulares-escuela.jpg","articleSection":["NOTICIAS NACIONALES"],"inLanguage":"es","potentialAction":[{"@type":"CommentAction","name":"Comment","target":["https:\/\/fuentesfidedignas.com.mx\/index.php\/2026\/03\/09\/mexico-abre-la-puerta-a-regular-el-uso-de-celulares-entre-los-jovenes-en-las-escuelas\/#respond"]}]},{"@type":"WebPage","@id":"https:\/\/fuentesfidedignas.com.mx\/index.php\/2026\/03\/09\/mexico-abre-la-puerta-a-regular-el-uso-de-celulares-entre-los-jovenes-en-las-escuelas\/","url":"https:\/\/fuentesfidedignas.com.mx\/index.php\/2026\/03\/09\/mexico-abre-la-puerta-a-regular-el-uso-de-celulares-entre-los-jovenes-en-las-escuelas\/","name":"M\u00e9xico abre la puerta a regular el uso de celulares entre los j\u00f3venes en las escuelas - Fuentes Fidedignas","isPartOf":{"@id":"https:\/\/fuentesfidedignas.com.mx\/#website"},"primaryImageOfPage":{"@id":"https:\/\/fuentesfidedignas.com.mx\/index.php\/2026\/03\/09\/mexico-abre-la-puerta-a-regular-el-uso-de-celulares-entre-los-jovenes-en-las-escuelas\/#primaryimage"},"image":{"@id":"https:\/\/fuentesfidedignas.com.mx\/index.php\/2026\/03\/09\/mexico-abre-la-puerta-a-regular-el-uso-de-celulares-entre-los-jovenes-en-las-escuelas\/#primaryimage"},"thumbnailUrl":"https:\/\/fuentesfidedignas.com.mx\/wp-content\/uploads\/2026\/03\/prohibir-celulares-escuela.jpg","datePublished":"2026-03-09T19:20:00+00:00","breadcrumb":{"@id":"https:\/\/fuentesfidedignas.com.mx\/index.php\/2026\/03\/09\/mexico-abre-la-puerta-a-regular-el-uso-de-celulares-entre-los-jovenes-en-las-escuelas\/#breadcrumb"},"inLanguage":"es","potentialAction":[{"@type":"ReadAction","target":["https:\/\/fuentesfidedignas.com.mx\/index.php\/2026\/03\/09\/mexico-abre-la-puerta-a-regular-el-uso-de-celulares-entre-los-jovenes-en-las-escuelas\/"]}]},{"@type":"ImageObject","inLanguage":"es","@id":"https:\/\/fuentesfidedignas.com.mx\/index.php\/2026\/03\/09\/mexico-abre-la-puerta-a-regular-el-uso-de-celulares-entre-los-jovenes-en-las-escuelas\/#primaryimage","url":"https:\/\/fuentesfidedignas.com.mx\/wp-content\/uploads\/2026\/03\/prohibir-celulares-escuela.jpg","contentUrl":"https:\/\/fuentesfidedignas.com.mx\/wp-content\/uploads\/2026\/03\/prohibir-celulares-escuela.jpg","width":500,"height":281},{"@type":"BreadcrumbList","@id":"https:\/\/fuentesfidedignas.com.mx\/index.php\/2026\/03\/09\/mexico-abre-la-puerta-a-regular-el-uso-de-celulares-entre-los-jovenes-en-las-escuelas\/#breadcrumb","itemListElement":[{"@type":"ListItem","position":1,"name":"Inicio","item":"https:\/\/fuentesfidedignas.com.mx\/"},{"@type":"ListItem","position":2,"name":"M\u00e9xico abre la puerta a regular el uso de celulares entre los j\u00f3venes en las escuelas"}]},{"@type":"WebSite","@id":"https:\/\/fuentesfidedignas.com.mx\/#website","url":"https:\/\/fuentesfidedignas.com.mx\/","name":"Fuentes Fidedignas","description":"Otro sitio realizado con WordPress","publisher":{"@id":"https:\/\/fuentesfidedignas.com.mx\/#organization"},"potentialAction":[{"@type":"SearchAction","target":{"@type":"EntryPoint","urlTemplate":"https:\/\/fuentesfidedignas.com.mx\/?s={search_term_string}"},"query-input":{"@type":"PropertyValueSpecification","valueRequired":true,"valueName":"search_term_string"}}],"inLanguage":"es"},{"@type":"Organization","@id":"https:\/\/fuentesfidedignas.com.mx\/#organization","name":"Fuentes Fidedignas","url":"https:\/\/fuentesfidedignas.com.mx\/","logo":{"@type":"ImageObject","inLanguage":"es","@id":"https:\/\/fuentesfidedignas.com.mx\/#\/schema\/logo\/image\/","url":"https:\/\/fuentesfidedignas.com.mx\/wp-content\/uploads\/2021\/04\/logo-retina.png","contentUrl":"https:\/\/fuentesfidedignas.com.mx\/wp-content\/uploads\/2021\/04\/logo-retina.png","width":280,"height":51,"caption":"Fuentes Fidedignas"},"image":{"@id":"https:\/\/fuentesfidedignas.com.mx\/#\/schema\/logo\/image\/"},"sameAs":["https:\/\/www.facebook.com\/Fuentes-Fidedignas-368234489921644","https:\/\/x.com\/fidedignas"]},{"@type":"Person","@id":"https:\/\/fuentesfidedignas.com.mx\/#\/schema\/person\/5623d53fe2e579d825b1679734abcc44","name":"Forbes","image":{"@type":"ImageObject","inLanguage":"es","@id":"https:\/\/secure.gravatar.com\/avatar\/87ce3dd4e41e60c22a79c758614f01a6bc2469255fc936ec7b15efb9bb5cb66f?s=96&d=mm&r=g","url":"https:\/\/secure.gravatar.com\/avatar\/87ce3dd4e41e60c22a79c758614f01a6bc2469255fc936ec7b15efb9bb5cb66f?s=96&d=mm&r=g","contentUrl":"https:\/\/secure.gravatar.com\/avatar\/87ce3dd4e41e60c22a79c758614f01a6bc2469255fc936ec7b15efb9bb5cb66f?s=96&d=mm&r=g","caption":"Forbes"},"url":"https:\/\/fuentesfidedignas.com.mx\/index.php\/author\/forbes\/"}]}},"_links":{"self":[{"href":"https:\/\/fuentesfidedignas.com.mx\/index.php\/wp-json\/wp\/v2\/posts\/128897","targetHints":{"allow":["GET"]}}],"collection":[{"href":"https:\/\/fuentesfidedignas.com.mx\/index.php\/wp-json\/wp\/v2\/posts"}],"about":[{"href":"https:\/\/fuentesfidedignas.com.mx\/index.php\/wp-json\/wp\/v2\/types\/post"}],"author":[{"embeddable":true,"href":"https:\/\/fuentesfidedignas.com.mx\/index.php\/wp-json\/wp\/v2\/users\/5"}],"replies":[{"embeddable":true,"href":"https:\/\/fuentesfidedignas.com.mx\/index.php\/wp-json\/wp\/v2\/comments?post=128897"}],"version-history":[{"count":1,"href":"https:\/\/fuentesfidedignas.com.mx\/index.php\/wp-json\/wp\/v2\/posts\/128897\/revisions"}],"predecessor-version":[{"id":128899,"href":"https:\/\/fuentesfidedignas.com.mx\/index.php\/wp-json\/wp\/v2\/posts\/128897\/revisions\/128899"}],"wp:featuredmedia":[{"embeddable":true,"href":"https:\/\/fuentesfidedignas.com.mx\/index.php\/wp-json\/wp\/v2\/media\/128898"}],"wp:attachment":[{"href":"https:\/\/fuentesfidedignas.com.mx\/index.php\/wp-json\/wp\/v2\/media?parent=128897"}],"wp:term":[{"taxonomy":"category","embeddable":true,"href":"https:\/\/fuentesfidedignas.com.mx\/index.php\/wp-json\/wp\/v2\/categories?post=128897"},{"taxonomy":"post_tag","embeddable":true,"href":"https:\/\/fuentesfidedignas.com.mx\/index.php\/wp-json\/wp\/v2\/tags?post=128897"}],"curies":[{"name":"wp","href":"https:\/\/api.w.org\/{rel}","templated":true}]}}