{"id":128874,"date":"2026-03-09T09:21:20","date_gmt":"2026-03-09T16:21:20","guid":{"rendered":"https:\/\/fuentesfidedignas.com.mx\/?p=128874"},"modified":"2026-03-09T09:26:19","modified_gmt":"2026-03-09T16:26:19","slug":"ejercito-detiene-en-culiacan-a-siete-civiles-con-armas-chalecos-tacticos-entre-otros-objetos-ilicitos","status":"publish","type":"post","link":"https:\/\/fuentesfidedignas.com.mx\/index.php\/2026\/03\/09\/ejercito-detiene-en-culiacan-a-siete-civiles-con-armas-chalecos-tacticos-entre-otros-objetos-ilicitos\/","title":{"rendered":"Ej\u00e9rcito detiene en Culiac\u00e1n, a siete civiles con armas, chalecos t\u00e1cticos, entre otros objetos il\u00edcitos"},"content":{"rendered":"\n<p><strong><em>Los civiles y los indicios asegurados fueron puestos a disposici\u00f3n del Ministerio P\u00fablico de la Fiscal\u00eda General de la Rep\u00fablica a fin de que lleve a cabo las diligencias pertinentes.<\/em><\/strong><\/p>\n\n\n\n<p>Personal del Ej\u00e9rcito Mexicano, en coordinaci\u00f3n con la Guardia Nacional, la Secretar\u00eda de Marina, la Secretar\u00eda de Seguridad y Protecci\u00f3n Ciudadana, la Fiscal\u00eda General de la Rep\u00fablica, la Fiscal\u00eda General del Estado y la Secretar\u00eda de Seguridad P\u00fablica del Estado, a trav\u00e9s de la Polic\u00eda Estatal Preventiva, detuvieron a 7 civiles con armas de fuego, cargadores, cartuchos, chalecos t\u00e1cticos y placas bal\u00edsticas, al norte de Culiac\u00e1n.<\/p>\n\n\n\n<p>Esta acci\u00f3n tuvo lugar luego de que una denuncia ciudadana al 089 alertara a las autoridades sobre la presencia de civiles armados en un domicilio ubicado en el sector Valle Alto, por lo que los elementos militares implementaron un operativo en la zona donde se ubic\u00f3 el inmueble se\u00f1alado y se obtuvieron los siguientes resultados:<\/p>\n\n\n\n<ul class=\"wp-block-list\">\n<li>7 civiles detenidos.<\/li>\n\n\n\n<li>1 veh\u00edculo con blindaje de f\u00e1brica, sin reporte de robo.<\/li>\n\n\n\n<li>7 armas largas.<\/li>\n\n\n\n<li>2 armas cortas.<\/li>\n\n\n\n<li>42 cargadores.<\/li>\n\n\n\n<li>1,260 cartuchos.<\/li>\n\n\n\n<li>3 chalecos t\u00e1cticos.<\/li>\n\n\n\n<li>6 placas bal\u00edsticas.<\/li>\n\n\n\n<li>Diverso equipo t\u00e1ctico.<\/li>\n\n\n\n<li>1 inmueble asegurado.<\/li>\n<\/ul>\n\n\n\n<p>Los civiles y los indicios asegurados fueron puestos a disposici\u00f3n del Ministerio P\u00fablico de la Fiscal\u00eda General de la Rep\u00fablica a fin de que lleve a cabo las diligencias pertinentes. En tanto, el inmueble qued\u00f3 bajo resguardo de la autoridad federal.<\/p>\n\n\n\n<p>Con estas acciones, el Gobierno de M\u00e9xico y el Gobierno del Estado de Sinaloa refrendan su compromiso de salvaguardar la seguridad y tranquilidad de la poblaci\u00f3n. Se invita a la ciudadan\u00eda a utilizar oportunamente el 911 para emergencias y el 089 para denuncias an\u00f3nimas.<\/p>\n","protected":false},"excerpt":{"rendered":"<p>Los civiles y los indicios asegurados fueron puestos a disposici\u00f3n del Ministerio P\u00fablico de la Fiscal\u00eda General de la Rep\u00fablica a fin de que lleve a cabo las diligencias pertinentes. Personal del Ej\u00e9rcito Mexicano, en coordinaci\u00f3n con la Guardia Nacional, la Secretar\u00eda de Marina, la Secretar\u00eda de Seguridad y Protecci\u00f3n Ciudadana, la Fiscal\u00eda General de [&hellip;]<\/p>\n","protected":false},"author":4,"featured_media":128875,"comment_status":"open","ping_status":"open","sticky":false,"template":"","format":"standard","meta":{"tdm_status":"","tdm_grid_status":"","footnotes":""},"categories":[37],"tags":[],"class_list":{"0":"post-128874","1":"post","2":"type-post","3":"status-publish","4":"format-standard","5":"has-post-thumbnail","7":"category-nota-principal"},"yoast_head":"<!-- This site is optimized with the Yoast SEO plugin v27.5 - https:\/\/yoast.com\/product\/yoast-seo-wordpress\/ -->\n<title>Ej\u00e9rcito detiene en Culiac\u00e1n, a siete civiles con armas, chalecos t\u00e1cticos, entre otros objetos il\u00edcitos - Fuentes Fidedignas<\/title>\n<meta name=\"robots\" content=\"index, follow, max-snippet:-1, max-image-preview:large, max-video-preview:-1\" \/>\n<link rel=\"canonical\" href=\"https:\/\/fuentesfidedignas.com.mx\/index.php\/2026\/03\/09\/ejercito-detiene-en-culiacan-a-siete-civiles-con-armas-chalecos-tacticos-entre-otros-objetos-ilicitos\/\" \/>\n<meta property=\"og:locale\" content=\"es_MX\" \/>\n<meta property=\"og:type\" content=\"article\" \/>\n<meta property=\"og:title\" content=\"Ej\u00e9rcito detiene en Culiac\u00e1n, a siete civiles con armas, chalecos t\u00e1cticos, entre otros objetos il\u00edcitos - Fuentes Fidedignas\" \/>\n<meta property=\"og:description\" content=\"Los civiles y los indicios asegurados fueron puestos a disposici\u00f3n del Ministerio P\u00fablico de la Fiscal\u00eda General de la Rep\u00fablica a fin de que lleve a cabo las diligencias pertinentes. Personal del Ej\u00e9rcito Mexicano, en coordinaci\u00f3n con la Guardia Nacional, la Secretar\u00eda de Marina, la Secretar\u00eda de Seguridad y Protecci\u00f3n Ciudadana, la Fiscal\u00eda General de [&hellip;]\" \/>\n<meta property=\"og:url\" content=\"https:\/\/fuentesfidedignas.com.mx\/index.php\/2026\/03\/09\/ejercito-detiene-en-culiacan-a-siete-civiles-con-armas-chalecos-tacticos-entre-otros-objetos-ilicitos\/\" \/>\n<meta property=\"og:site_name\" content=\"Fuentes Fidedignas\" \/>\n<meta property=\"article:publisher\" content=\"https:\/\/www.facebook.com\/Fuentes-Fidedignas-368234489921644\" \/>\n<meta property=\"article:published_time\" content=\"2026-03-09T16:21:20+00:00\" \/>\n<meta property=\"article:modified_time\" content=\"2026-03-09T16:26:19+00:00\" \/>\n<meta property=\"og:image\" content=\"https:\/\/fuentesfidedignas.com.mx\/wp-content\/uploads\/2026\/03\/armados_cln.jpg\" \/>\n\t<meta property=\"og:image:width\" content=\"500\" \/>\n\t<meta property=\"og:image:height\" content=\"346\" \/>\n\t<meta property=\"og:image:type\" content=\"image\/jpeg\" \/>\n<meta name=\"author\" content=\"Redacci\u00f3n\" \/>\n<meta name=\"twitter:card\" content=\"summary_large_image\" \/>\n<meta name=\"twitter:creator\" content=\"@fidedignas\" \/>\n<meta name=\"twitter:site\" content=\"@fidedignas\" \/>\n<meta name=\"twitter:label1\" content=\"Escrito por\" \/>\n\t<meta name=\"twitter:data1\" content=\"Redacci\u00f3n\" \/>\n\t<meta name=\"twitter:label2\" content=\"Tiempo de lectura\" \/>\n\t<meta name=\"twitter:data2\" content=\"2 minutos\" \/>\n<script type=\"application\/ld+json\" class=\"yoast-schema-graph\">{\"@context\":\"https:\\\/\\\/schema.org\",\"@graph\":[{\"@type\":\"Article\",\"@id\":\"https:\\\/\\\/fuentesfidedignas.com.mx\\\/index.php\\\/2026\\\/03\\\/09\\\/ejercito-detiene-en-culiacan-a-siete-civiles-con-armas-chalecos-tacticos-entre-otros-objetos-ilicitos\\\/#article\",\"isPartOf\":{\"@id\":\"https:\\\/\\\/fuentesfidedignas.com.mx\\\/index.php\\\/2026\\\/03\\\/09\\\/ejercito-detiene-en-culiacan-a-siete-civiles-con-armas-chalecos-tacticos-entre-otros-objetos-ilicitos\\\/\"},\"author\":{\"name\":\"Redacci\u00f3n\",\"@id\":\"https:\\\/\\\/fuentesfidedignas.com.mx\\\/#\\\/schema\\\/person\\\/331be9283d37198e2acd5750279085b0\"},\"headline\":\"Ej\u00e9rcito detiene en Culiac\u00e1n, a siete civiles con armas, chalecos t\u00e1cticos, entre otros objetos il\u00edcitos\",\"datePublished\":\"2026-03-09T16:21:20+00:00\",\"dateModified\":\"2026-03-09T16:26:19+00:00\",\"mainEntityOfPage\":{\"@id\":\"https:\\\/\\\/fuentesfidedignas.com.mx\\\/index.php\\\/2026\\\/03\\\/09\\\/ejercito-detiene-en-culiacan-a-siete-civiles-con-armas-chalecos-tacticos-entre-otros-objetos-ilicitos\\\/\"},\"wordCount\":311,\"commentCount\":0,\"publisher\":{\"@id\":\"https:\\\/\\\/fuentesfidedignas.com.mx\\\/#organization\"},\"image\":{\"@id\":\"https:\\\/\\\/fuentesfidedignas.com.mx\\\/index.php\\\/2026\\\/03\\\/09\\\/ejercito-detiene-en-culiacan-a-siete-civiles-con-armas-chalecos-tacticos-entre-otros-objetos-ilicitos\\\/#primaryimage\"},\"thumbnailUrl\":\"https:\\\/\\\/fuentesfidedignas.com.mx\\\/wp-content\\\/uploads\\\/2026\\\/03\\\/armados_cln.jpg\",\"articleSection\":[\"NOTA PRINCIPAL\"],\"inLanguage\":\"es\",\"potentialAction\":[{\"@type\":\"CommentAction\",\"name\":\"Comment\",\"target\":[\"https:\\\/\\\/fuentesfidedignas.com.mx\\\/index.php\\\/2026\\\/03\\\/09\\\/ejercito-detiene-en-culiacan-a-siete-civiles-con-armas-chalecos-tacticos-entre-otros-objetos-ilicitos\\\/#respond\"]}]},{\"@type\":\"WebPage\",\"@id\":\"https:\\\/\\\/fuentesfidedignas.com.mx\\\/index.php\\\/2026\\\/03\\\/09\\\/ejercito-detiene-en-culiacan-a-siete-civiles-con-armas-chalecos-tacticos-entre-otros-objetos-ilicitos\\\/\",\"url\":\"https:\\\/\\\/fuentesfidedignas.com.mx\\\/index.php\\\/2026\\\/03\\\/09\\\/ejercito-detiene-en-culiacan-a-siete-civiles-con-armas-chalecos-tacticos-entre-otros-objetos-ilicitos\\\/\",\"name\":\"Ej\u00e9rcito detiene en Culiac\u00e1n, a siete civiles con armas, chalecos t\u00e1cticos, entre otros objetos il\u00edcitos - Fuentes Fidedignas\",\"isPartOf\":{\"@id\":\"https:\\\/\\\/fuentesfidedignas.com.mx\\\/#website\"},\"primaryImageOfPage\":{\"@id\":\"https:\\\/\\\/fuentesfidedignas.com.mx\\\/index.php\\\/2026\\\/03\\\/09\\\/ejercito-detiene-en-culiacan-a-siete-civiles-con-armas-chalecos-tacticos-entre-otros-objetos-ilicitos\\\/#primaryimage\"},\"image\":{\"@id\":\"https:\\\/\\\/fuentesfidedignas.com.mx\\\/index.php\\\/2026\\\/03\\\/09\\\/ejercito-detiene-en-culiacan-a-siete-civiles-con-armas-chalecos-tacticos-entre-otros-objetos-ilicitos\\\/#primaryimage\"},\"thumbnailUrl\":\"https:\\\/\\\/fuentesfidedignas.com.mx\\\/wp-content\\\/uploads\\\/2026\\\/03\\\/armados_cln.jpg\",\"datePublished\":\"2026-03-09T16:21:20+00:00\",\"dateModified\":\"2026-03-09T16:26:19+00:00\",\"breadcrumb\":{\"@id\":\"https:\\\/\\\/fuentesfidedignas.com.mx\\\/index.php\\\/2026\\\/03\\\/09\\\/ejercito-detiene-en-culiacan-a-siete-civiles-con-armas-chalecos-tacticos-entre-otros-objetos-ilicitos\\\/#breadcrumb\"},\"inLanguage\":\"es\",\"potentialAction\":[{\"@type\":\"ReadAction\",\"target\":[\"https:\\\/\\\/fuentesfidedignas.com.mx\\\/index.php\\\/2026\\\/03\\\/09\\\/ejercito-detiene-en-culiacan-a-siete-civiles-con-armas-chalecos-tacticos-entre-otros-objetos-ilicitos\\\/\"]}]},{\"@type\":\"ImageObject\",\"inLanguage\":\"es\",\"@id\":\"https:\\\/\\\/fuentesfidedignas.com.mx\\\/index.php\\\/2026\\\/03\\\/09\\\/ejercito-detiene-en-culiacan-a-siete-civiles-con-armas-chalecos-tacticos-entre-otros-objetos-ilicitos\\\/#primaryimage\",\"url\":\"https:\\\/\\\/fuentesfidedignas.com.mx\\\/wp-content\\\/uploads\\\/2026\\\/03\\\/armados_cln.jpg\",\"contentUrl\":\"https:\\\/\\\/fuentesfidedignas.com.mx\\\/wp-content\\\/uploads\\\/2026\\\/03\\\/armados_cln.jpg\",\"width\":500,\"height\":346},{\"@type\":\"BreadcrumbList\",\"@id\":\"https:\\\/\\\/fuentesfidedignas.com.mx\\\/index.php\\\/2026\\\/03\\\/09\\\/ejercito-detiene-en-culiacan-a-siete-civiles-con-armas-chalecos-tacticos-entre-otros-objetos-ilicitos\\\/#breadcrumb\",\"itemListElement\":[{\"@type\":\"ListItem\",\"position\":1,\"name\":\"Inicio\",\"item\":\"https:\\\/\\\/fuentesfidedignas.com.mx\\\/\"},{\"@type\":\"ListItem\",\"position\":2,\"name\":\"Ej\u00e9rcito detiene en Culiac\u00e1n, a siete civiles con armas, chalecos t\u00e1cticos, entre otros objetos il\u00edcitos\"}]},{\"@type\":\"WebSite\",\"@id\":\"https:\\\/\\\/fuentesfidedignas.com.mx\\\/#website\",\"url\":\"https:\\\/\\\/fuentesfidedignas.com.mx\\\/\",\"name\":\"Fuentes Fidedignas\",\"description\":\"Otro sitio realizado con WordPress\",\"publisher\":{\"@id\":\"https:\\\/\\\/fuentesfidedignas.com.mx\\\/#organization\"},\"potentialAction\":[{\"@type\":\"SearchAction\",\"target\":{\"@type\":\"EntryPoint\",\"urlTemplate\":\"https:\\\/\\\/fuentesfidedignas.com.mx\\\/?s={search_term_string}\"},\"query-input\":{\"@type\":\"PropertyValueSpecification\",\"valueRequired\":true,\"valueName\":\"search_term_string\"}}],\"inLanguage\":\"es\"},{\"@type\":\"Organization\",\"@id\":\"https:\\\/\\\/fuentesfidedignas.com.mx\\\/#organization\",\"name\":\"Fuentes Fidedignas\",\"url\":\"https:\\\/\\\/fuentesfidedignas.com.mx\\\/\",\"logo\":{\"@type\":\"ImageObject\",\"inLanguage\":\"es\",\"@id\":\"https:\\\/\\\/fuentesfidedignas.com.mx\\\/#\\\/schema\\\/logo\\\/image\\\/\",\"url\":\"https:\\\/\\\/fuentesfidedignas.com.mx\\\/wp-content\\\/uploads\\\/2021\\\/04\\\/logo-retina.png\",\"contentUrl\":\"https:\\\/\\\/fuentesfidedignas.com.mx\\\/wp-content\\\/uploads\\\/2021\\\/04\\\/logo-retina.png\",\"width\":280,\"height\":51,\"caption\":\"Fuentes Fidedignas\"},\"image\":{\"@id\":\"https:\\\/\\\/fuentesfidedignas.com.mx\\\/#\\\/schema\\\/logo\\\/image\\\/\"},\"sameAs\":[\"https:\\\/\\\/www.facebook.com\\\/Fuentes-Fidedignas-368234489921644\",\"https:\\\/\\\/x.com\\\/fidedignas\"]},{\"@type\":\"Person\",\"@id\":\"https:\\\/\\\/fuentesfidedignas.com.mx\\\/#\\\/schema\\\/person\\\/331be9283d37198e2acd5750279085b0\",\"name\":\"Redacci\u00f3n\",\"image\":{\"@type\":\"ImageObject\",\"inLanguage\":\"es\",\"@id\":\"https:\\\/\\\/secure.gravatar.com\\\/avatar\\\/f6d8782c11d12b2d4ad3fbb6931aeab5309937a4d6cd2fc9cfaa28a6396a5aec?s=96&d=mm&r=g\",\"url\":\"https:\\\/\\\/secure.gravatar.com\\\/avatar\\\/f6d8782c11d12b2d4ad3fbb6931aeab5309937a4d6cd2fc9cfaa28a6396a5aec?s=96&d=mm&r=g\",\"contentUrl\":\"https:\\\/\\\/secure.gravatar.com\\\/avatar\\\/f6d8782c11d12b2d4ad3fbb6931aeab5309937a4d6cd2fc9cfaa28a6396a5aec?s=96&d=mm&r=g\",\"caption\":\"Redacci\u00f3n\"},\"url\":\"https:\\\/\\\/fuentesfidedignas.com.mx\\\/index.php\\\/author\\\/redaccion\\\/\"}]}<\/script>\n<!-- \/ Yoast SEO plugin. -->","yoast_head_json":{"title":"Ej\u00e9rcito detiene en Culiac\u00e1n, a siete civiles con armas, chalecos t\u00e1cticos, entre otros objetos il\u00edcitos - Fuentes Fidedignas","robots":{"index":"index","follow":"follow","max-snippet":"max-snippet:-1","max-image-preview":"max-image-preview:large","max-video-preview":"max-video-preview:-1"},"canonical":"https:\/\/fuentesfidedignas.com.mx\/index.php\/2026\/03\/09\/ejercito-detiene-en-culiacan-a-siete-civiles-con-armas-chalecos-tacticos-entre-otros-objetos-ilicitos\/","og_locale":"es_MX","og_type":"article","og_title":"Ej\u00e9rcito detiene en Culiac\u00e1n, a siete civiles con armas, chalecos t\u00e1cticos, entre otros objetos il\u00edcitos - Fuentes Fidedignas","og_description":"Los civiles y los indicios asegurados fueron puestos a disposici\u00f3n del Ministerio P\u00fablico de la Fiscal\u00eda General de la Rep\u00fablica a fin de que lleve a cabo las diligencias pertinentes. Personal del Ej\u00e9rcito Mexicano, en coordinaci\u00f3n con la Guardia Nacional, la Secretar\u00eda de Marina, la Secretar\u00eda de Seguridad y Protecci\u00f3n Ciudadana, la Fiscal\u00eda General de [&hellip;]","og_url":"https:\/\/fuentesfidedignas.com.mx\/index.php\/2026\/03\/09\/ejercito-detiene-en-culiacan-a-siete-civiles-con-armas-chalecos-tacticos-entre-otros-objetos-ilicitos\/","og_site_name":"Fuentes Fidedignas","article_publisher":"https:\/\/www.facebook.com\/Fuentes-Fidedignas-368234489921644","article_published_time":"2026-03-09T16:21:20+00:00","article_modified_time":"2026-03-09T16:26:19+00:00","og_image":[{"width":500,"height":346,"url":"https:\/\/fuentesfidedignas.com.mx\/wp-content\/uploads\/2026\/03\/armados_cln.jpg","type":"image\/jpeg"}],"author":"Redacci\u00f3n","twitter_card":"summary_large_image","twitter_creator":"@fidedignas","twitter_site":"@fidedignas","twitter_misc":{"Escrito por":"Redacci\u00f3n","Tiempo de lectura":"2 minutos"},"schema":{"@context":"https:\/\/schema.org","@graph":[{"@type":"Article","@id":"https:\/\/fuentesfidedignas.com.mx\/index.php\/2026\/03\/09\/ejercito-detiene-en-culiacan-a-siete-civiles-con-armas-chalecos-tacticos-entre-otros-objetos-ilicitos\/#article","isPartOf":{"@id":"https:\/\/fuentesfidedignas.com.mx\/index.php\/2026\/03\/09\/ejercito-detiene-en-culiacan-a-siete-civiles-con-armas-chalecos-tacticos-entre-otros-objetos-ilicitos\/"},"author":{"name":"Redacci\u00f3n","@id":"https:\/\/fuentesfidedignas.com.mx\/#\/schema\/person\/331be9283d37198e2acd5750279085b0"},"headline":"Ej\u00e9rcito detiene en Culiac\u00e1n, a siete civiles con armas, chalecos t\u00e1cticos, entre otros objetos il\u00edcitos","datePublished":"2026-03-09T16:21:20+00:00","dateModified":"2026-03-09T16:26:19+00:00","mainEntityOfPage":{"@id":"https:\/\/fuentesfidedignas.com.mx\/index.php\/2026\/03\/09\/ejercito-detiene-en-culiacan-a-siete-civiles-con-armas-chalecos-tacticos-entre-otros-objetos-ilicitos\/"},"wordCount":311,"commentCount":0,"publisher":{"@id":"https:\/\/fuentesfidedignas.com.mx\/#organization"},"image":{"@id":"https:\/\/fuentesfidedignas.com.mx\/index.php\/2026\/03\/09\/ejercito-detiene-en-culiacan-a-siete-civiles-con-armas-chalecos-tacticos-entre-otros-objetos-ilicitos\/#primaryimage"},"thumbnailUrl":"https:\/\/fuentesfidedignas.com.mx\/wp-content\/uploads\/2026\/03\/armados_cln.jpg","articleSection":["NOTA PRINCIPAL"],"inLanguage":"es","potentialAction":[{"@type":"CommentAction","name":"Comment","target":["https:\/\/fuentesfidedignas.com.mx\/index.php\/2026\/03\/09\/ejercito-detiene-en-culiacan-a-siete-civiles-con-armas-chalecos-tacticos-entre-otros-objetos-ilicitos\/#respond"]}]},{"@type":"WebPage","@id":"https:\/\/fuentesfidedignas.com.mx\/index.php\/2026\/03\/09\/ejercito-detiene-en-culiacan-a-siete-civiles-con-armas-chalecos-tacticos-entre-otros-objetos-ilicitos\/","url":"https:\/\/fuentesfidedignas.com.mx\/index.php\/2026\/03\/09\/ejercito-detiene-en-culiacan-a-siete-civiles-con-armas-chalecos-tacticos-entre-otros-objetos-ilicitos\/","name":"Ej\u00e9rcito detiene en Culiac\u00e1n, a siete civiles con armas, chalecos t\u00e1cticos, entre otros objetos il\u00edcitos - Fuentes Fidedignas","isPartOf":{"@id":"https:\/\/fuentesfidedignas.com.mx\/#website"},"primaryImageOfPage":{"@id":"https:\/\/fuentesfidedignas.com.mx\/index.php\/2026\/03\/09\/ejercito-detiene-en-culiacan-a-siete-civiles-con-armas-chalecos-tacticos-entre-otros-objetos-ilicitos\/#primaryimage"},"image":{"@id":"https:\/\/fuentesfidedignas.com.mx\/index.php\/2026\/03\/09\/ejercito-detiene-en-culiacan-a-siete-civiles-con-armas-chalecos-tacticos-entre-otros-objetos-ilicitos\/#primaryimage"},"thumbnailUrl":"https:\/\/fuentesfidedignas.com.mx\/wp-content\/uploads\/2026\/03\/armados_cln.jpg","datePublished":"2026-03-09T16:21:20+00:00","dateModified":"2026-03-09T16:26:19+00:00","breadcrumb":{"@id":"https:\/\/fuentesfidedignas.com.mx\/index.php\/2026\/03\/09\/ejercito-detiene-en-culiacan-a-siete-civiles-con-armas-chalecos-tacticos-entre-otros-objetos-ilicitos\/#breadcrumb"},"inLanguage":"es","potentialAction":[{"@type":"ReadAction","target":["https:\/\/fuentesfidedignas.com.mx\/index.php\/2026\/03\/09\/ejercito-detiene-en-culiacan-a-siete-civiles-con-armas-chalecos-tacticos-entre-otros-objetos-ilicitos\/"]}]},{"@type":"ImageObject","inLanguage":"es","@id":"https:\/\/fuentesfidedignas.com.mx\/index.php\/2026\/03\/09\/ejercito-detiene-en-culiacan-a-siete-civiles-con-armas-chalecos-tacticos-entre-otros-objetos-ilicitos\/#primaryimage","url":"https:\/\/fuentesfidedignas.com.mx\/wp-content\/uploads\/2026\/03\/armados_cln.jpg","contentUrl":"https:\/\/fuentesfidedignas.com.mx\/wp-content\/uploads\/2026\/03\/armados_cln.jpg","width":500,"height":346},{"@type":"BreadcrumbList","@id":"https:\/\/fuentesfidedignas.com.mx\/index.php\/2026\/03\/09\/ejercito-detiene-en-culiacan-a-siete-civiles-con-armas-chalecos-tacticos-entre-otros-objetos-ilicitos\/#breadcrumb","itemListElement":[{"@type":"ListItem","position":1,"name":"Inicio","item":"https:\/\/fuentesfidedignas.com.mx\/"},{"@type":"ListItem","position":2,"name":"Ej\u00e9rcito detiene en Culiac\u00e1n, a siete civiles con armas, chalecos t\u00e1cticos, entre otros objetos il\u00edcitos"}]},{"@type":"WebSite","@id":"https:\/\/fuentesfidedignas.com.mx\/#website","url":"https:\/\/fuentesfidedignas.com.mx\/","name":"Fuentes Fidedignas","description":"Otro sitio realizado con WordPress","publisher":{"@id":"https:\/\/fuentesfidedignas.com.mx\/#organization"},"potentialAction":[{"@type":"SearchAction","target":{"@type":"EntryPoint","urlTemplate":"https:\/\/fuentesfidedignas.com.mx\/?s={search_term_string}"},"query-input":{"@type":"PropertyValueSpecification","valueRequired":true,"valueName":"search_term_string"}}],"inLanguage":"es"},{"@type":"Organization","@id":"https:\/\/fuentesfidedignas.com.mx\/#organization","name":"Fuentes Fidedignas","url":"https:\/\/fuentesfidedignas.com.mx\/","logo":{"@type":"ImageObject","inLanguage":"es","@id":"https:\/\/fuentesfidedignas.com.mx\/#\/schema\/logo\/image\/","url":"https:\/\/fuentesfidedignas.com.mx\/wp-content\/uploads\/2021\/04\/logo-retina.png","contentUrl":"https:\/\/fuentesfidedignas.com.mx\/wp-content\/uploads\/2021\/04\/logo-retina.png","width":280,"height":51,"caption":"Fuentes Fidedignas"},"image":{"@id":"https:\/\/fuentesfidedignas.com.mx\/#\/schema\/logo\/image\/"},"sameAs":["https:\/\/www.facebook.com\/Fuentes-Fidedignas-368234489921644","https:\/\/x.com\/fidedignas"]},{"@type":"Person","@id":"https:\/\/fuentesfidedignas.com.mx\/#\/schema\/person\/331be9283d37198e2acd5750279085b0","name":"Redacci\u00f3n","image":{"@type":"ImageObject","inLanguage":"es","@id":"https:\/\/secure.gravatar.com\/avatar\/f6d8782c11d12b2d4ad3fbb6931aeab5309937a4d6cd2fc9cfaa28a6396a5aec?s=96&d=mm&r=g","url":"https:\/\/secure.gravatar.com\/avatar\/f6d8782c11d12b2d4ad3fbb6931aeab5309937a4d6cd2fc9cfaa28a6396a5aec?s=96&d=mm&r=g","contentUrl":"https:\/\/secure.gravatar.com\/avatar\/f6d8782c11d12b2d4ad3fbb6931aeab5309937a4d6cd2fc9cfaa28a6396a5aec?s=96&d=mm&r=g","caption":"Redacci\u00f3n"},"url":"https:\/\/fuentesfidedignas.com.mx\/index.php\/author\/redaccion\/"}]}},"_links":{"self":[{"href":"https:\/\/fuentesfidedignas.com.mx\/index.php\/wp-json\/wp\/v2\/posts\/128874","targetHints":{"allow":["GET"]}}],"collection":[{"href":"https:\/\/fuentesfidedignas.com.mx\/index.php\/wp-json\/wp\/v2\/posts"}],"about":[{"href":"https:\/\/fuentesfidedignas.com.mx\/index.php\/wp-json\/wp\/v2\/types\/post"}],"author":[{"embeddable":true,"href":"https:\/\/fuentesfidedignas.com.mx\/index.php\/wp-json\/wp\/v2\/users\/4"}],"replies":[{"embeddable":true,"href":"https:\/\/fuentesfidedignas.com.mx\/index.php\/wp-json\/wp\/v2\/comments?post=128874"}],"version-history":[{"count":3,"href":"https:\/\/fuentesfidedignas.com.mx\/index.php\/wp-json\/wp\/v2\/posts\/128874\/revisions"}],"predecessor-version":[{"id":128879,"href":"https:\/\/fuentesfidedignas.com.mx\/index.php\/wp-json\/wp\/v2\/posts\/128874\/revisions\/128879"}],"wp:featuredmedia":[{"embeddable":true,"href":"https:\/\/fuentesfidedignas.com.mx\/index.php\/wp-json\/wp\/v2\/media\/128875"}],"wp:attachment":[{"href":"https:\/\/fuentesfidedignas.com.mx\/index.php\/wp-json\/wp\/v2\/media?parent=128874"}],"wp:term":[{"taxonomy":"category","embeddable":true,"href":"https:\/\/fuentesfidedignas.com.mx\/index.php\/wp-json\/wp\/v2\/categories?post=128874"},{"taxonomy":"post_tag","embeddable":true,"href":"https:\/\/fuentesfidedignas.com.mx\/index.php\/wp-json\/wp\/v2\/tags?post=128874"}],"curies":[{"name":"wp","href":"https:\/\/api.w.org\/{rel}","templated":true}]}}