{"id":128862,"date":"2026-03-09T05:45:00","date_gmt":"2026-03-09T12:45:00","guid":{"rendered":"https:\/\/fuentesfidedignas.com.mx\/?p=128862"},"modified":"2026-03-09T07:45:36","modified_gmt":"2026-03-09T14:45:36","slug":"video-meteorito-ilumina-el-cielo-y-provoca-danos-en-casas-en-alemania-2","status":"publish","type":"post","link":"https:\/\/fuentesfidedignas.com.mx\/index.php\/2026\/03\/09\/video-meteorito-ilumina-el-cielo-y-provoca-danos-en-casas-en-alemania-2\/","title":{"rendered":"VIDEO: Meteorito ilumina el cielo y provoca da\u00f1os en casas en Alemania"},"content":{"rendered":"\n<p><br>Fragmentos de un meteorito provocaron da\u00f1os en viviendas en el oeste de Alemania el domingo por la noche. La Polic\u00eda inform\u00f3 que nadie result\u00f3 herido, aunque el avistamiento de una luz misteriosa en el cielo provoc\u00f3 confusi\u00f3n y preocupaci\u00f3n entre los lugare\u00f1os. &#8220;Seg\u00fan la informaci\u00f3n de que disponemos, ya no hay peligro&#8221;, asegur\u00f3 la Polic\u00eda.<\/p>\n\n\n\n<figure class=\"wp-block-embed is-provider-twitter wp-block-embed-twitter\"><div class=\"wp-block-embed__wrapper\">\nhttps:\/\/x.com\/Breaking911\/status\/2030742142293823942?ref_src=twsrc%5Etfw%7Ctwcamp%5Etweetembed%7Ctwterm%5E2030742142293823942%7Ctwgr%5E7940924a94f68219ff25c9f1bfd73bc9e5bb6ef6%7Ctwcon%5Es1_&#038;ref_url=https%3A%2F%2Factualidad.rt.com%2Fviral%2F591631-meteorito-ilumina-cielo-provoca-danos-casas-alemania\n<\/div><\/figure>\n","protected":false},"excerpt":{"rendered":"<p>Fragmentos de un meteorito provocaron da\u00f1os en viviendas en el oeste de Alemania el domingo por la noche. La Polic\u00eda inform\u00f3 que nadie result\u00f3 herido, aunque el avistamiento de una luz misteriosa en el cielo provoc\u00f3 confusi\u00f3n y preocupaci\u00f3n entre los lugare\u00f1os. &#8220;Seg\u00fan la informaci\u00f3n de que disponemos, ya no hay peligro&#8221;, asegur\u00f3 la Polic\u00eda.<\/p>\n","protected":false},"author":38,"featured_media":128861,"comment_status":"closed","ping_status":"open","sticky":false,"template":"","format":"standard","meta":{"tdm_status":"","tdm_grid_status":"","footnotes":""},"categories":[40],"tags":[],"class_list":{"0":"post-128862","1":"post","2":"type-post","3":"status-publish","4":"format-standard","5":"has-post-thumbnail","7":"category-las-asombrosas"},"yoast_head":"<!-- This site is optimized with the Yoast SEO plugin v27.4 - https:\/\/yoast.com\/product\/yoast-seo-wordpress\/ -->\n<title>VIDEO: Meteorito ilumina el cielo y provoca da\u00f1os en casas en Alemania - Fuentes Fidedignas<\/title>\n<meta name=\"robots\" content=\"index, follow, max-snippet:-1, max-image-preview:large, max-video-preview:-1\" \/>\n<link rel=\"canonical\" href=\"https:\/\/fuentesfidedignas.com.mx\/index.php\/2026\/03\/09\/video-meteorito-ilumina-el-cielo-y-provoca-danos-en-casas-en-alemania-2\/\" \/>\n<meta property=\"og:locale\" content=\"es_MX\" \/>\n<meta property=\"og:type\" content=\"article\" \/>\n<meta property=\"og:title\" content=\"VIDEO: Meteorito ilumina el cielo y provoca da\u00f1os en casas en Alemania - Fuentes Fidedignas\" \/>\n<meta property=\"og:description\" content=\"Fragmentos de un meteorito provocaron da\u00f1os en viviendas en el oeste de Alemania el domingo por la noche. La Polic\u00eda inform\u00f3 que nadie result\u00f3 herido, aunque el avistamiento de una luz misteriosa en el cielo provoc\u00f3 confusi\u00f3n y preocupaci\u00f3n entre los lugare\u00f1os. &#8220;Seg\u00fan la informaci\u00f3n de que disponemos, ya no hay peligro&#8221;, asegur\u00f3 la Polic\u00eda.\" \/>\n<meta property=\"og:url\" content=\"https:\/\/fuentesfidedignas.com.mx\/index.php\/2026\/03\/09\/video-meteorito-ilumina-el-cielo-y-provoca-danos-en-casas-en-alemania-2\/\" \/>\n<meta property=\"og:site_name\" content=\"Fuentes Fidedignas\" \/>\n<meta property=\"article:publisher\" content=\"https:\/\/www.facebook.com\/Fuentes-Fidedignas-368234489921644\" \/>\n<meta property=\"article:published_time\" content=\"2026-03-09T12:45:00+00:00\" \/>\n<meta property=\"article:modified_time\" content=\"2026-03-09T14:45:36+00:00\" \/>\n<meta property=\"og:image\" content=\"https:\/\/fuentesfidedignas.com.mx\/wp-content\/uploads\/2026\/03\/img_4474.jpg\" \/>\n\t<meta property=\"og:image:width\" content=\"1104\" \/>\n\t<meta property=\"og:image:height\" content=\"622\" \/>\n\t<meta property=\"og:image:type\" content=\"image\/jpeg\" \/>\n<meta name=\"author\" content=\"Actualidad RT\" \/>\n<meta name=\"twitter:card\" content=\"summary_large_image\" \/>\n<meta name=\"twitter:creator\" content=\"@fidedignas\" \/>\n<meta name=\"twitter:site\" content=\"@fidedignas\" \/>\n<meta name=\"twitter:label1\" content=\"Escrito por\" \/>\n\t<meta name=\"twitter:data1\" content=\"Actualidad RT\" \/>\n\t<meta name=\"twitter:label2\" content=\"Tiempo de lectura\" \/>\n\t<meta name=\"twitter:data2\" content=\"1 minuto\" \/>\n<script type=\"application\/ld+json\" class=\"yoast-schema-graph\">{\"@context\":\"https:\\\/\\\/schema.org\",\"@graph\":[{\"@type\":\"Article\",\"@id\":\"https:\\\/\\\/fuentesfidedignas.com.mx\\\/index.php\\\/2026\\\/03\\\/09\\\/video-meteorito-ilumina-el-cielo-y-provoca-danos-en-casas-en-alemania-2\\\/#article\",\"isPartOf\":{\"@id\":\"https:\\\/\\\/fuentesfidedignas.com.mx\\\/index.php\\\/2026\\\/03\\\/09\\\/video-meteorito-ilumina-el-cielo-y-provoca-danos-en-casas-en-alemania-2\\\/\"},\"author\":{\"name\":\"Actualidad RT\",\"@id\":\"https:\\\/\\\/fuentesfidedignas.com.mx\\\/#\\\/schema\\\/person\\\/eade03a5d4a96f9b557ac266e3d63718\"},\"headline\":\"VIDEO: Meteorito ilumina el cielo y provoca da\u00f1os en casas en Alemania\",\"datePublished\":\"2026-03-09T12:45:00+00:00\",\"dateModified\":\"2026-03-09T14:45:36+00:00\",\"mainEntityOfPage\":{\"@id\":\"https:\\\/\\\/fuentesfidedignas.com.mx\\\/index.php\\\/2026\\\/03\\\/09\\\/video-meteorito-ilumina-el-cielo-y-provoca-danos-en-casas-en-alemania-2\\\/\"},\"wordCount\":115,\"publisher\":{\"@id\":\"https:\\\/\\\/fuentesfidedignas.com.mx\\\/#organization\"},\"image\":{\"@id\":\"https:\\\/\\\/fuentesfidedignas.com.mx\\\/index.php\\\/2026\\\/03\\\/09\\\/video-meteorito-ilumina-el-cielo-y-provoca-danos-en-casas-en-alemania-2\\\/#primaryimage\"},\"thumbnailUrl\":\"https:\\\/\\\/fuentesfidedignas.com.mx\\\/wp-content\\\/uploads\\\/2026\\\/03\\\/img_4474.jpg\",\"articleSection\":[\"LAS ASOMBROSAS\"],\"inLanguage\":\"es\"},{\"@type\":\"WebPage\",\"@id\":\"https:\\\/\\\/fuentesfidedignas.com.mx\\\/index.php\\\/2026\\\/03\\\/09\\\/video-meteorito-ilumina-el-cielo-y-provoca-danos-en-casas-en-alemania-2\\\/\",\"url\":\"https:\\\/\\\/fuentesfidedignas.com.mx\\\/index.php\\\/2026\\\/03\\\/09\\\/video-meteorito-ilumina-el-cielo-y-provoca-danos-en-casas-en-alemania-2\\\/\",\"name\":\"VIDEO: Meteorito ilumina el cielo y provoca da\u00f1os en casas en Alemania - Fuentes Fidedignas\",\"isPartOf\":{\"@id\":\"https:\\\/\\\/fuentesfidedignas.com.mx\\\/#website\"},\"primaryImageOfPage\":{\"@id\":\"https:\\\/\\\/fuentesfidedignas.com.mx\\\/index.php\\\/2026\\\/03\\\/09\\\/video-meteorito-ilumina-el-cielo-y-provoca-danos-en-casas-en-alemania-2\\\/#primaryimage\"},\"image\":{\"@id\":\"https:\\\/\\\/fuentesfidedignas.com.mx\\\/index.php\\\/2026\\\/03\\\/09\\\/video-meteorito-ilumina-el-cielo-y-provoca-danos-en-casas-en-alemania-2\\\/#primaryimage\"},\"thumbnailUrl\":\"https:\\\/\\\/fuentesfidedignas.com.mx\\\/wp-content\\\/uploads\\\/2026\\\/03\\\/img_4474.jpg\",\"datePublished\":\"2026-03-09T12:45:00+00:00\",\"dateModified\":\"2026-03-09T14:45:36+00:00\",\"breadcrumb\":{\"@id\":\"https:\\\/\\\/fuentesfidedignas.com.mx\\\/index.php\\\/2026\\\/03\\\/09\\\/video-meteorito-ilumina-el-cielo-y-provoca-danos-en-casas-en-alemania-2\\\/#breadcrumb\"},\"inLanguage\":\"es\",\"potentialAction\":[{\"@type\":\"ReadAction\",\"target\":[\"https:\\\/\\\/fuentesfidedignas.com.mx\\\/index.php\\\/2026\\\/03\\\/09\\\/video-meteorito-ilumina-el-cielo-y-provoca-danos-en-casas-en-alemania-2\\\/\"]}]},{\"@type\":\"ImageObject\",\"inLanguage\":\"es\",\"@id\":\"https:\\\/\\\/fuentesfidedignas.com.mx\\\/index.php\\\/2026\\\/03\\\/09\\\/video-meteorito-ilumina-el-cielo-y-provoca-danos-en-casas-en-alemania-2\\\/#primaryimage\",\"url\":\"https:\\\/\\\/fuentesfidedignas.com.mx\\\/wp-content\\\/uploads\\\/2026\\\/03\\\/img_4474.jpg\",\"contentUrl\":\"https:\\\/\\\/fuentesfidedignas.com.mx\\\/wp-content\\\/uploads\\\/2026\\\/03\\\/img_4474.jpg\",\"width\":1104,\"height\":622},{\"@type\":\"BreadcrumbList\",\"@id\":\"https:\\\/\\\/fuentesfidedignas.com.mx\\\/index.php\\\/2026\\\/03\\\/09\\\/video-meteorito-ilumina-el-cielo-y-provoca-danos-en-casas-en-alemania-2\\\/#breadcrumb\",\"itemListElement\":[{\"@type\":\"ListItem\",\"position\":1,\"name\":\"Inicio\",\"item\":\"https:\\\/\\\/fuentesfidedignas.com.mx\\\/\"},{\"@type\":\"ListItem\",\"position\":2,\"name\":\"VIDEO: Meteorito ilumina el cielo y provoca da\u00f1os en casas en Alemania\"}]},{\"@type\":\"WebSite\",\"@id\":\"https:\\\/\\\/fuentesfidedignas.com.mx\\\/#website\",\"url\":\"https:\\\/\\\/fuentesfidedignas.com.mx\\\/\",\"name\":\"Fuentes Fidedignas\",\"description\":\"Otro sitio realizado con WordPress\",\"publisher\":{\"@id\":\"https:\\\/\\\/fuentesfidedignas.com.mx\\\/#organization\"},\"potentialAction\":[{\"@type\":\"SearchAction\",\"target\":{\"@type\":\"EntryPoint\",\"urlTemplate\":\"https:\\\/\\\/fuentesfidedignas.com.mx\\\/?s={search_term_string}\"},\"query-input\":{\"@type\":\"PropertyValueSpecification\",\"valueRequired\":true,\"valueName\":\"search_term_string\"}}],\"inLanguage\":\"es\"},{\"@type\":\"Organization\",\"@id\":\"https:\\\/\\\/fuentesfidedignas.com.mx\\\/#organization\",\"name\":\"Fuentes Fidedignas\",\"url\":\"https:\\\/\\\/fuentesfidedignas.com.mx\\\/\",\"logo\":{\"@type\":\"ImageObject\",\"inLanguage\":\"es\",\"@id\":\"https:\\\/\\\/fuentesfidedignas.com.mx\\\/#\\\/schema\\\/logo\\\/image\\\/\",\"url\":\"https:\\\/\\\/fuentesfidedignas.com.mx\\\/wp-content\\\/uploads\\\/2021\\\/04\\\/logo-retina.png\",\"contentUrl\":\"https:\\\/\\\/fuentesfidedignas.com.mx\\\/wp-content\\\/uploads\\\/2021\\\/04\\\/logo-retina.png\",\"width\":280,\"height\":51,\"caption\":\"Fuentes Fidedignas\"},\"image\":{\"@id\":\"https:\\\/\\\/fuentesfidedignas.com.mx\\\/#\\\/schema\\\/logo\\\/image\\\/\"},\"sameAs\":[\"https:\\\/\\\/www.facebook.com\\\/Fuentes-Fidedignas-368234489921644\",\"https:\\\/\\\/x.com\\\/fidedignas\"]},{\"@type\":\"Person\",\"@id\":\"https:\\\/\\\/fuentesfidedignas.com.mx\\\/#\\\/schema\\\/person\\\/eade03a5d4a96f9b557ac266e3d63718\",\"name\":\"Actualidad RT\",\"image\":{\"@type\":\"ImageObject\",\"inLanguage\":\"es\",\"@id\":\"https:\\\/\\\/secure.gravatar.com\\\/avatar\\\/443e88260a6a7111cf83d7014ab1894f91a4053ffd4e9da37d79effad3a35c81?s=96&d=mm&r=g\",\"url\":\"https:\\\/\\\/secure.gravatar.com\\\/avatar\\\/443e88260a6a7111cf83d7014ab1894f91a4053ffd4e9da37d79effad3a35c81?s=96&d=mm&r=g\",\"contentUrl\":\"https:\\\/\\\/secure.gravatar.com\\\/avatar\\\/443e88260a6a7111cf83d7014ab1894f91a4053ffd4e9da37d79effad3a35c81?s=96&d=mm&r=g\",\"caption\":\"Actualidad RT\"},\"url\":\"https:\\\/\\\/fuentesfidedignas.com.mx\\\/index.php\\\/author\\\/actualidad\\\/\"}]}<\/script>\n<!-- \/ Yoast SEO plugin. -->","yoast_head_json":{"title":"VIDEO: Meteorito ilumina el cielo y provoca da\u00f1os en casas en Alemania - Fuentes Fidedignas","robots":{"index":"index","follow":"follow","max-snippet":"max-snippet:-1","max-image-preview":"max-image-preview:large","max-video-preview":"max-video-preview:-1"},"canonical":"https:\/\/fuentesfidedignas.com.mx\/index.php\/2026\/03\/09\/video-meteorito-ilumina-el-cielo-y-provoca-danos-en-casas-en-alemania-2\/","og_locale":"es_MX","og_type":"article","og_title":"VIDEO: Meteorito ilumina el cielo y provoca da\u00f1os en casas en Alemania - Fuentes Fidedignas","og_description":"Fragmentos de un meteorito provocaron da\u00f1os en viviendas en el oeste de Alemania el domingo por la noche. La Polic\u00eda inform\u00f3 que nadie result\u00f3 herido, aunque el avistamiento de una luz misteriosa en el cielo provoc\u00f3 confusi\u00f3n y preocupaci\u00f3n entre los lugare\u00f1os. &#8220;Seg\u00fan la informaci\u00f3n de que disponemos, ya no hay peligro&#8221;, asegur\u00f3 la Polic\u00eda.","og_url":"https:\/\/fuentesfidedignas.com.mx\/index.php\/2026\/03\/09\/video-meteorito-ilumina-el-cielo-y-provoca-danos-en-casas-en-alemania-2\/","og_site_name":"Fuentes Fidedignas","article_publisher":"https:\/\/www.facebook.com\/Fuentes-Fidedignas-368234489921644","article_published_time":"2026-03-09T12:45:00+00:00","article_modified_time":"2026-03-09T14:45:36+00:00","og_image":[{"width":1104,"height":622,"url":"https:\/\/fuentesfidedignas.com.mx\/wp-content\/uploads\/2026\/03\/img_4474.jpg","type":"image\/jpeg"}],"author":"Actualidad RT","twitter_card":"summary_large_image","twitter_creator":"@fidedignas","twitter_site":"@fidedignas","twitter_misc":{"Escrito por":"Actualidad RT","Tiempo de lectura":"1 minuto"},"schema":{"@context":"https:\/\/schema.org","@graph":[{"@type":"Article","@id":"https:\/\/fuentesfidedignas.com.mx\/index.php\/2026\/03\/09\/video-meteorito-ilumina-el-cielo-y-provoca-danos-en-casas-en-alemania-2\/#article","isPartOf":{"@id":"https:\/\/fuentesfidedignas.com.mx\/index.php\/2026\/03\/09\/video-meteorito-ilumina-el-cielo-y-provoca-danos-en-casas-en-alemania-2\/"},"author":{"name":"Actualidad RT","@id":"https:\/\/fuentesfidedignas.com.mx\/#\/schema\/person\/eade03a5d4a96f9b557ac266e3d63718"},"headline":"VIDEO: Meteorito ilumina el cielo y provoca da\u00f1os en casas en Alemania","datePublished":"2026-03-09T12:45:00+00:00","dateModified":"2026-03-09T14:45:36+00:00","mainEntityOfPage":{"@id":"https:\/\/fuentesfidedignas.com.mx\/index.php\/2026\/03\/09\/video-meteorito-ilumina-el-cielo-y-provoca-danos-en-casas-en-alemania-2\/"},"wordCount":115,"publisher":{"@id":"https:\/\/fuentesfidedignas.com.mx\/#organization"},"image":{"@id":"https:\/\/fuentesfidedignas.com.mx\/index.php\/2026\/03\/09\/video-meteorito-ilumina-el-cielo-y-provoca-danos-en-casas-en-alemania-2\/#primaryimage"},"thumbnailUrl":"https:\/\/fuentesfidedignas.com.mx\/wp-content\/uploads\/2026\/03\/img_4474.jpg","articleSection":["LAS ASOMBROSAS"],"inLanguage":"es"},{"@type":"WebPage","@id":"https:\/\/fuentesfidedignas.com.mx\/index.php\/2026\/03\/09\/video-meteorito-ilumina-el-cielo-y-provoca-danos-en-casas-en-alemania-2\/","url":"https:\/\/fuentesfidedignas.com.mx\/index.php\/2026\/03\/09\/video-meteorito-ilumina-el-cielo-y-provoca-danos-en-casas-en-alemania-2\/","name":"VIDEO: Meteorito ilumina el cielo y provoca da\u00f1os en casas en Alemania - Fuentes Fidedignas","isPartOf":{"@id":"https:\/\/fuentesfidedignas.com.mx\/#website"},"primaryImageOfPage":{"@id":"https:\/\/fuentesfidedignas.com.mx\/index.php\/2026\/03\/09\/video-meteorito-ilumina-el-cielo-y-provoca-danos-en-casas-en-alemania-2\/#primaryimage"},"image":{"@id":"https:\/\/fuentesfidedignas.com.mx\/index.php\/2026\/03\/09\/video-meteorito-ilumina-el-cielo-y-provoca-danos-en-casas-en-alemania-2\/#primaryimage"},"thumbnailUrl":"https:\/\/fuentesfidedignas.com.mx\/wp-content\/uploads\/2026\/03\/img_4474.jpg","datePublished":"2026-03-09T12:45:00+00:00","dateModified":"2026-03-09T14:45:36+00:00","breadcrumb":{"@id":"https:\/\/fuentesfidedignas.com.mx\/index.php\/2026\/03\/09\/video-meteorito-ilumina-el-cielo-y-provoca-danos-en-casas-en-alemania-2\/#breadcrumb"},"inLanguage":"es","potentialAction":[{"@type":"ReadAction","target":["https:\/\/fuentesfidedignas.com.mx\/index.php\/2026\/03\/09\/video-meteorito-ilumina-el-cielo-y-provoca-danos-en-casas-en-alemania-2\/"]}]},{"@type":"ImageObject","inLanguage":"es","@id":"https:\/\/fuentesfidedignas.com.mx\/index.php\/2026\/03\/09\/video-meteorito-ilumina-el-cielo-y-provoca-danos-en-casas-en-alemania-2\/#primaryimage","url":"https:\/\/fuentesfidedignas.com.mx\/wp-content\/uploads\/2026\/03\/img_4474.jpg","contentUrl":"https:\/\/fuentesfidedignas.com.mx\/wp-content\/uploads\/2026\/03\/img_4474.jpg","width":1104,"height":622},{"@type":"BreadcrumbList","@id":"https:\/\/fuentesfidedignas.com.mx\/index.php\/2026\/03\/09\/video-meteorito-ilumina-el-cielo-y-provoca-danos-en-casas-en-alemania-2\/#breadcrumb","itemListElement":[{"@type":"ListItem","position":1,"name":"Inicio","item":"https:\/\/fuentesfidedignas.com.mx\/"},{"@type":"ListItem","position":2,"name":"VIDEO: Meteorito ilumina el cielo y provoca da\u00f1os en casas en Alemania"}]},{"@type":"WebSite","@id":"https:\/\/fuentesfidedignas.com.mx\/#website","url":"https:\/\/fuentesfidedignas.com.mx\/","name":"Fuentes Fidedignas","description":"Otro sitio realizado con WordPress","publisher":{"@id":"https:\/\/fuentesfidedignas.com.mx\/#organization"},"potentialAction":[{"@type":"SearchAction","target":{"@type":"EntryPoint","urlTemplate":"https:\/\/fuentesfidedignas.com.mx\/?s={search_term_string}"},"query-input":{"@type":"PropertyValueSpecification","valueRequired":true,"valueName":"search_term_string"}}],"inLanguage":"es"},{"@type":"Organization","@id":"https:\/\/fuentesfidedignas.com.mx\/#organization","name":"Fuentes Fidedignas","url":"https:\/\/fuentesfidedignas.com.mx\/","logo":{"@type":"ImageObject","inLanguage":"es","@id":"https:\/\/fuentesfidedignas.com.mx\/#\/schema\/logo\/image\/","url":"https:\/\/fuentesfidedignas.com.mx\/wp-content\/uploads\/2021\/04\/logo-retina.png","contentUrl":"https:\/\/fuentesfidedignas.com.mx\/wp-content\/uploads\/2021\/04\/logo-retina.png","width":280,"height":51,"caption":"Fuentes Fidedignas"},"image":{"@id":"https:\/\/fuentesfidedignas.com.mx\/#\/schema\/logo\/image\/"},"sameAs":["https:\/\/www.facebook.com\/Fuentes-Fidedignas-368234489921644","https:\/\/x.com\/fidedignas"]},{"@type":"Person","@id":"https:\/\/fuentesfidedignas.com.mx\/#\/schema\/person\/eade03a5d4a96f9b557ac266e3d63718","name":"Actualidad RT","image":{"@type":"ImageObject","inLanguage":"es","@id":"https:\/\/secure.gravatar.com\/avatar\/443e88260a6a7111cf83d7014ab1894f91a4053ffd4e9da37d79effad3a35c81?s=96&d=mm&r=g","url":"https:\/\/secure.gravatar.com\/avatar\/443e88260a6a7111cf83d7014ab1894f91a4053ffd4e9da37d79effad3a35c81?s=96&d=mm&r=g","contentUrl":"https:\/\/secure.gravatar.com\/avatar\/443e88260a6a7111cf83d7014ab1894f91a4053ffd4e9da37d79effad3a35c81?s=96&d=mm&r=g","caption":"Actualidad RT"},"url":"https:\/\/fuentesfidedignas.com.mx\/index.php\/author\/actualidad\/"}]}},"_links":{"self":[{"href":"https:\/\/fuentesfidedignas.com.mx\/index.php\/wp-json\/wp\/v2\/posts\/128862","targetHints":{"allow":["GET"]}}],"collection":[{"href":"https:\/\/fuentesfidedignas.com.mx\/index.php\/wp-json\/wp\/v2\/posts"}],"about":[{"href":"https:\/\/fuentesfidedignas.com.mx\/index.php\/wp-json\/wp\/v2\/types\/post"}],"author":[{"embeddable":true,"href":"https:\/\/fuentesfidedignas.com.mx\/index.php\/wp-json\/wp\/v2\/users\/38"}],"replies":[{"embeddable":true,"href":"https:\/\/fuentesfidedignas.com.mx\/index.php\/wp-json\/wp\/v2\/comments?post=128862"}],"version-history":[{"count":1,"href":"https:\/\/fuentesfidedignas.com.mx\/index.php\/wp-json\/wp\/v2\/posts\/128862\/revisions"}],"predecessor-version":[{"id":128863,"href":"https:\/\/fuentesfidedignas.com.mx\/index.php\/wp-json\/wp\/v2\/posts\/128862\/revisions\/128863"}],"wp:featuredmedia":[{"embeddable":true,"href":"https:\/\/fuentesfidedignas.com.mx\/index.php\/wp-json\/wp\/v2\/media\/128861"}],"wp:attachment":[{"href":"https:\/\/fuentesfidedignas.com.mx\/index.php\/wp-json\/wp\/v2\/media?parent=128862"}],"wp:term":[{"taxonomy":"category","embeddable":true,"href":"https:\/\/fuentesfidedignas.com.mx\/index.php\/wp-json\/wp\/v2\/categories?post=128862"},{"taxonomy":"post_tag","embeddable":true,"href":"https:\/\/fuentesfidedignas.com.mx\/index.php\/wp-json\/wp\/v2\/tags?post=128862"}],"curies":[{"name":"wp","href":"https:\/\/api.w.org\/{rel}","templated":true}]}}