{"id":128841,"date":"2026-03-09T01:22:00","date_gmt":"2026-03-09T08:22:00","guid":{"rendered":"https:\/\/fuentesfidedignas.com.mx\/?p=128841"},"modified":"2026-03-08T13:22:49","modified_gmt":"2026-03-08T20:22:49","slug":"talento-estudiantil-destaca-en-brillando-con-la-uas","status":"publish","type":"post","link":"https:\/\/fuentesfidedignas.com.mx\/index.php\/2026\/03\/09\/talento-estudiantil-destaca-en-brillando-con-la-uas\/","title":{"rendered":"Talento estudiantil destaca en \u201cBrillando con la UAS\u201d"},"content":{"rendered":"\n<p><\/p>\n\n\n\n<p>La etapa interna del 2\u00ba Concurso Estatal \u201cBrillando con la UAS: Visi\u00f3n 2029\u201d contin\u00faa descubriendo el talento art\u00edstico de la comunidad universitaria en diversas unidades acad\u00e9micas de la Universidad Aut\u00f3noma de Sinaloa (UAS). En esta ocasi\u00f3n, el turno fue para las preparatorias Central Diurna y Hermanos Flores Mag\u00f3n.<\/p>\n\n\n\n<p>La maestra Angelita Garc\u00eda Gonz\u00e1lez, colaboradora de la Unidad de Bienestar Universitario (UBU) y organizadora del certamen, destac\u00f3 que esta segunda edici\u00f3n ha superado las expectativas de participaci\u00f3n estudiantil. Seg\u00fan se\u00f1al\u00f3, esto refleja el entusiasmo de los j\u00f3venes por contar con espacios de expresi\u00f3n art\u00edstica.<\/p>\n\n\n\n<p>\u201cEstamos muy entusiasmados porque, aunque el a\u00f1o pasado tuvimos una gran respuesta, este a\u00f1o rompimos la meta establecida. Hoy hay m\u00e1s participaci\u00f3n y este evento, organizado por la UBU bajo la direcci\u00f3n de la doctora Sof\u00eda Angulo Olivas, ha sido todo un \u00e9xito\u201d, expres\u00f3 Garc\u00eda Gonz\u00e1lez.<\/p>\n\n\n\n<p>Asimismo, invit\u00f3 a la comunidad universitaria a sumarse a este proyecto que busca potenciar las habilidades dentro de la instituci\u00f3n: \u201cEn Sinaloa hay much\u00edsimo talento; por ello, nuestro rector, el doctor Jes\u00fas Madue\u00f1a Molina, los invita a ser parte de este crecimiento y desarrollo que estamos implementando en la Universidad\u201d.<\/p>\n\n\n\n<p>Por su parte, la doctora Mariela Garc\u00eda Ramos, directora de la Preparatoria Central Diurna, resalt\u00f3 que estos espacios permiten a los j\u00f3venes fortalecer su confianza al presentarse en un escenario. \u201cTenemos una comunidad llena de talento: estudiantes que cantan, bailan, tocan instrumentos o pertenecen al taller de teatro. Los chicos muestran una actitud muy entusiasta por participar\u201d, afirm\u00f3.<\/p>\n\n\n\n<p>Cabe destacar que m\u00e1s de 20 estudiantes compitieron en distintas categor\u00edas en ambas preparatorias. De manera simult\u00e1nea, esta etapa interna se desarroll\u00f3 en la Preparatoria Augusto C\u00e9sar Sandino y en la Facultad de Ciencias de la Nutrici\u00f3n y Gastronom\u00eda, confirmando que el recorrido del concurso sigue avanzando con \u00e9xito por las diversas unidades acad\u00e9micas.<\/p>\n","protected":false},"excerpt":{"rendered":"<p>La etapa interna del 2\u00ba Concurso Estatal \u201cBrillando con la UAS: Visi\u00f3n 2029\u201d contin\u00faa descubriendo el talento art\u00edstico de la comunidad universitaria en diversas unidades acad\u00e9micas de la Universidad Aut\u00f3noma de Sinaloa (UAS). En esta ocasi\u00f3n, el turno fue para las preparatorias Central Diurna y Hermanos Flores Mag\u00f3n. La maestra Angelita Garc\u00eda Gonz\u00e1lez, colaboradora de [&hellip;]<\/p>\n","protected":false},"author":4,"featured_media":128840,"comment_status":"closed","ping_status":"open","sticky":false,"template":"","format":"standard","meta":{"tdm_status":"","tdm_grid_status":"","footnotes":""},"categories":[36,31],"tags":[],"class_list":{"0":"post-128841","1":"post","2":"type-post","3":"status-publish","4":"format-standard","5":"has-post-thumbnail","7":"category-semanales","8":"category-sinaloa-positivo"},"yoast_head":"<!-- This site is optimized with the Yoast SEO plugin v27.5 - https:\/\/yoast.com\/product\/yoast-seo-wordpress\/ -->\n<title>Talento estudiantil destaca en \u201cBrillando con la UAS\u201d - Fuentes Fidedignas<\/title>\n<meta name=\"robots\" content=\"index, follow, max-snippet:-1, max-image-preview:large, max-video-preview:-1\" \/>\n<link rel=\"canonical\" href=\"https:\/\/fuentesfidedignas.com.mx\/index.php\/2026\/03\/09\/talento-estudiantil-destaca-en-brillando-con-la-uas\/\" \/>\n<meta property=\"og:locale\" content=\"es_MX\" \/>\n<meta property=\"og:type\" content=\"article\" \/>\n<meta property=\"og:title\" content=\"Talento estudiantil destaca en \u201cBrillando con la UAS\u201d - Fuentes Fidedignas\" \/>\n<meta property=\"og:description\" content=\"La etapa interna del 2\u00ba Concurso Estatal \u201cBrillando con la UAS: Visi\u00f3n 2029\u201d contin\u00faa descubriendo el talento art\u00edstico de la comunidad universitaria en diversas unidades acad\u00e9micas de la Universidad Aut\u00f3noma de Sinaloa (UAS). En esta ocasi\u00f3n, el turno fue para las preparatorias Central Diurna y Hermanos Flores Mag\u00f3n. La maestra Angelita Garc\u00eda Gonz\u00e1lez, colaboradora de [&hellip;]\" \/>\n<meta property=\"og:url\" content=\"https:\/\/fuentesfidedignas.com.mx\/index.php\/2026\/03\/09\/talento-estudiantil-destaca-en-brillando-con-la-uas\/\" \/>\n<meta property=\"og:site_name\" content=\"Fuentes Fidedignas\" \/>\n<meta property=\"article:publisher\" content=\"https:\/\/www.facebook.com\/Fuentes-Fidedignas-368234489921644\" \/>\n<meta property=\"article:published_time\" content=\"2026-03-09T08:22:00+00:00\" \/>\n<meta property=\"og:image\" content=\"https:\/\/fuentesfidedignas.com.mx\/wp-content\/uploads\/2026\/03\/img_4355.jpg\" \/>\n\t<meta property=\"og:image:width\" content=\"1920\" \/>\n\t<meta property=\"og:image:height\" content=\"1279\" \/>\n\t<meta property=\"og:image:type\" content=\"image\/jpeg\" \/>\n<meta name=\"author\" content=\"Redacci\u00f3n\" \/>\n<meta name=\"twitter:card\" content=\"summary_large_image\" \/>\n<meta name=\"twitter:creator\" content=\"@fidedignas\" \/>\n<meta name=\"twitter:site\" content=\"@fidedignas\" \/>\n<meta name=\"twitter:label1\" content=\"Escrito por\" \/>\n\t<meta name=\"twitter:data1\" content=\"Redacci\u00f3n\" \/>\n\t<meta name=\"twitter:label2\" content=\"Tiempo de lectura\" \/>\n\t<meta name=\"twitter:data2\" content=\"2 minutos\" \/>\n<script type=\"application\/ld+json\" class=\"yoast-schema-graph\">{\"@context\":\"https:\\\/\\\/schema.org\",\"@graph\":[{\"@type\":\"Article\",\"@id\":\"https:\\\/\\\/fuentesfidedignas.com.mx\\\/index.php\\\/2026\\\/03\\\/09\\\/talento-estudiantil-destaca-en-brillando-con-la-uas\\\/#article\",\"isPartOf\":{\"@id\":\"https:\\\/\\\/fuentesfidedignas.com.mx\\\/index.php\\\/2026\\\/03\\\/09\\\/talento-estudiantil-destaca-en-brillando-con-la-uas\\\/\"},\"author\":{\"name\":\"Redacci\u00f3n\",\"@id\":\"https:\\\/\\\/fuentesfidedignas.com.mx\\\/#\\\/schema\\\/person\\\/331be9283d37198e2acd5750279085b0\"},\"headline\":\"Talento estudiantil destaca en \u201cBrillando con la UAS\u201d\",\"datePublished\":\"2026-03-09T08:22:00+00:00\",\"mainEntityOfPage\":{\"@id\":\"https:\\\/\\\/fuentesfidedignas.com.mx\\\/index.php\\\/2026\\\/03\\\/09\\\/talento-estudiantil-destaca-en-brillando-con-la-uas\\\/\"},\"wordCount\":343,\"publisher\":{\"@id\":\"https:\\\/\\\/fuentesfidedignas.com.mx\\\/#organization\"},\"image\":{\"@id\":\"https:\\\/\\\/fuentesfidedignas.com.mx\\\/index.php\\\/2026\\\/03\\\/09\\\/talento-estudiantil-destaca-en-brillando-con-la-uas\\\/#primaryimage\"},\"thumbnailUrl\":\"https:\\\/\\\/fuentesfidedignas.com.mx\\\/wp-content\\\/uploads\\\/2026\\\/03\\\/img_4355.jpg\",\"articleSection\":[\"SEMANALES\",\"SINALOA POSITIVO\"],\"inLanguage\":\"es\"},{\"@type\":\"WebPage\",\"@id\":\"https:\\\/\\\/fuentesfidedignas.com.mx\\\/index.php\\\/2026\\\/03\\\/09\\\/talento-estudiantil-destaca-en-brillando-con-la-uas\\\/\",\"url\":\"https:\\\/\\\/fuentesfidedignas.com.mx\\\/index.php\\\/2026\\\/03\\\/09\\\/talento-estudiantil-destaca-en-brillando-con-la-uas\\\/\",\"name\":\"Talento estudiantil destaca en \u201cBrillando con la UAS\u201d - Fuentes Fidedignas\",\"isPartOf\":{\"@id\":\"https:\\\/\\\/fuentesfidedignas.com.mx\\\/#website\"},\"primaryImageOfPage\":{\"@id\":\"https:\\\/\\\/fuentesfidedignas.com.mx\\\/index.php\\\/2026\\\/03\\\/09\\\/talento-estudiantil-destaca-en-brillando-con-la-uas\\\/#primaryimage\"},\"image\":{\"@id\":\"https:\\\/\\\/fuentesfidedignas.com.mx\\\/index.php\\\/2026\\\/03\\\/09\\\/talento-estudiantil-destaca-en-brillando-con-la-uas\\\/#primaryimage\"},\"thumbnailUrl\":\"https:\\\/\\\/fuentesfidedignas.com.mx\\\/wp-content\\\/uploads\\\/2026\\\/03\\\/img_4355.jpg\",\"datePublished\":\"2026-03-09T08:22:00+00:00\",\"breadcrumb\":{\"@id\":\"https:\\\/\\\/fuentesfidedignas.com.mx\\\/index.php\\\/2026\\\/03\\\/09\\\/talento-estudiantil-destaca-en-brillando-con-la-uas\\\/#breadcrumb\"},\"inLanguage\":\"es\",\"potentialAction\":[{\"@type\":\"ReadAction\",\"target\":[\"https:\\\/\\\/fuentesfidedignas.com.mx\\\/index.php\\\/2026\\\/03\\\/09\\\/talento-estudiantil-destaca-en-brillando-con-la-uas\\\/\"]}]},{\"@type\":\"ImageObject\",\"inLanguage\":\"es\",\"@id\":\"https:\\\/\\\/fuentesfidedignas.com.mx\\\/index.php\\\/2026\\\/03\\\/09\\\/talento-estudiantil-destaca-en-brillando-con-la-uas\\\/#primaryimage\",\"url\":\"https:\\\/\\\/fuentesfidedignas.com.mx\\\/wp-content\\\/uploads\\\/2026\\\/03\\\/img_4355.jpg\",\"contentUrl\":\"https:\\\/\\\/fuentesfidedignas.com.mx\\\/wp-content\\\/uploads\\\/2026\\\/03\\\/img_4355.jpg\",\"width\":1920,\"height\":1279},{\"@type\":\"BreadcrumbList\",\"@id\":\"https:\\\/\\\/fuentesfidedignas.com.mx\\\/index.php\\\/2026\\\/03\\\/09\\\/talento-estudiantil-destaca-en-brillando-con-la-uas\\\/#breadcrumb\",\"itemListElement\":[{\"@type\":\"ListItem\",\"position\":1,\"name\":\"Inicio\",\"item\":\"https:\\\/\\\/fuentesfidedignas.com.mx\\\/\"},{\"@type\":\"ListItem\",\"position\":2,\"name\":\"Talento estudiantil destaca en \u201cBrillando con la UAS\u201d\"}]},{\"@type\":\"WebSite\",\"@id\":\"https:\\\/\\\/fuentesfidedignas.com.mx\\\/#website\",\"url\":\"https:\\\/\\\/fuentesfidedignas.com.mx\\\/\",\"name\":\"Fuentes Fidedignas\",\"description\":\"Otro sitio realizado con WordPress\",\"publisher\":{\"@id\":\"https:\\\/\\\/fuentesfidedignas.com.mx\\\/#organization\"},\"potentialAction\":[{\"@type\":\"SearchAction\",\"target\":{\"@type\":\"EntryPoint\",\"urlTemplate\":\"https:\\\/\\\/fuentesfidedignas.com.mx\\\/?s={search_term_string}\"},\"query-input\":{\"@type\":\"PropertyValueSpecification\",\"valueRequired\":true,\"valueName\":\"search_term_string\"}}],\"inLanguage\":\"es\"},{\"@type\":\"Organization\",\"@id\":\"https:\\\/\\\/fuentesfidedignas.com.mx\\\/#organization\",\"name\":\"Fuentes Fidedignas\",\"url\":\"https:\\\/\\\/fuentesfidedignas.com.mx\\\/\",\"logo\":{\"@type\":\"ImageObject\",\"inLanguage\":\"es\",\"@id\":\"https:\\\/\\\/fuentesfidedignas.com.mx\\\/#\\\/schema\\\/logo\\\/image\\\/\",\"url\":\"https:\\\/\\\/fuentesfidedignas.com.mx\\\/wp-content\\\/uploads\\\/2021\\\/04\\\/logo-retina.png\",\"contentUrl\":\"https:\\\/\\\/fuentesfidedignas.com.mx\\\/wp-content\\\/uploads\\\/2021\\\/04\\\/logo-retina.png\",\"width\":280,\"height\":51,\"caption\":\"Fuentes Fidedignas\"},\"image\":{\"@id\":\"https:\\\/\\\/fuentesfidedignas.com.mx\\\/#\\\/schema\\\/logo\\\/image\\\/\"},\"sameAs\":[\"https:\\\/\\\/www.facebook.com\\\/Fuentes-Fidedignas-368234489921644\",\"https:\\\/\\\/x.com\\\/fidedignas\"]},{\"@type\":\"Person\",\"@id\":\"https:\\\/\\\/fuentesfidedignas.com.mx\\\/#\\\/schema\\\/person\\\/331be9283d37198e2acd5750279085b0\",\"name\":\"Redacci\u00f3n\",\"image\":{\"@type\":\"ImageObject\",\"inLanguage\":\"es\",\"@id\":\"https:\\\/\\\/secure.gravatar.com\\\/avatar\\\/f6d8782c11d12b2d4ad3fbb6931aeab5309937a4d6cd2fc9cfaa28a6396a5aec?s=96&d=mm&r=g\",\"url\":\"https:\\\/\\\/secure.gravatar.com\\\/avatar\\\/f6d8782c11d12b2d4ad3fbb6931aeab5309937a4d6cd2fc9cfaa28a6396a5aec?s=96&d=mm&r=g\",\"contentUrl\":\"https:\\\/\\\/secure.gravatar.com\\\/avatar\\\/f6d8782c11d12b2d4ad3fbb6931aeab5309937a4d6cd2fc9cfaa28a6396a5aec?s=96&d=mm&r=g\",\"caption\":\"Redacci\u00f3n\"},\"url\":\"https:\\\/\\\/fuentesfidedignas.com.mx\\\/index.php\\\/author\\\/redaccion\\\/\"}]}<\/script>\n<!-- \/ Yoast SEO plugin. -->","yoast_head_json":{"title":"Talento estudiantil destaca en \u201cBrillando con la UAS\u201d - Fuentes Fidedignas","robots":{"index":"index","follow":"follow","max-snippet":"max-snippet:-1","max-image-preview":"max-image-preview:large","max-video-preview":"max-video-preview:-1"},"canonical":"https:\/\/fuentesfidedignas.com.mx\/index.php\/2026\/03\/09\/talento-estudiantil-destaca-en-brillando-con-la-uas\/","og_locale":"es_MX","og_type":"article","og_title":"Talento estudiantil destaca en \u201cBrillando con la UAS\u201d - Fuentes Fidedignas","og_description":"La etapa interna del 2\u00ba Concurso Estatal \u201cBrillando con la UAS: Visi\u00f3n 2029\u201d contin\u00faa descubriendo el talento art\u00edstico de la comunidad universitaria en diversas unidades acad\u00e9micas de la Universidad Aut\u00f3noma de Sinaloa (UAS). En esta ocasi\u00f3n, el turno fue para las preparatorias Central Diurna y Hermanos Flores Mag\u00f3n. La maestra Angelita Garc\u00eda Gonz\u00e1lez, colaboradora de [&hellip;]","og_url":"https:\/\/fuentesfidedignas.com.mx\/index.php\/2026\/03\/09\/talento-estudiantil-destaca-en-brillando-con-la-uas\/","og_site_name":"Fuentes Fidedignas","article_publisher":"https:\/\/www.facebook.com\/Fuentes-Fidedignas-368234489921644","article_published_time":"2026-03-09T08:22:00+00:00","og_image":[{"width":1920,"height":1279,"url":"https:\/\/fuentesfidedignas.com.mx\/wp-content\/uploads\/2026\/03\/img_4355.jpg","type":"image\/jpeg"}],"author":"Redacci\u00f3n","twitter_card":"summary_large_image","twitter_creator":"@fidedignas","twitter_site":"@fidedignas","twitter_misc":{"Escrito por":"Redacci\u00f3n","Tiempo de lectura":"2 minutos"},"schema":{"@context":"https:\/\/schema.org","@graph":[{"@type":"Article","@id":"https:\/\/fuentesfidedignas.com.mx\/index.php\/2026\/03\/09\/talento-estudiantil-destaca-en-brillando-con-la-uas\/#article","isPartOf":{"@id":"https:\/\/fuentesfidedignas.com.mx\/index.php\/2026\/03\/09\/talento-estudiantil-destaca-en-brillando-con-la-uas\/"},"author":{"name":"Redacci\u00f3n","@id":"https:\/\/fuentesfidedignas.com.mx\/#\/schema\/person\/331be9283d37198e2acd5750279085b0"},"headline":"Talento estudiantil destaca en \u201cBrillando con la UAS\u201d","datePublished":"2026-03-09T08:22:00+00:00","mainEntityOfPage":{"@id":"https:\/\/fuentesfidedignas.com.mx\/index.php\/2026\/03\/09\/talento-estudiantil-destaca-en-brillando-con-la-uas\/"},"wordCount":343,"publisher":{"@id":"https:\/\/fuentesfidedignas.com.mx\/#organization"},"image":{"@id":"https:\/\/fuentesfidedignas.com.mx\/index.php\/2026\/03\/09\/talento-estudiantil-destaca-en-brillando-con-la-uas\/#primaryimage"},"thumbnailUrl":"https:\/\/fuentesfidedignas.com.mx\/wp-content\/uploads\/2026\/03\/img_4355.jpg","articleSection":["SEMANALES","SINALOA POSITIVO"],"inLanguage":"es"},{"@type":"WebPage","@id":"https:\/\/fuentesfidedignas.com.mx\/index.php\/2026\/03\/09\/talento-estudiantil-destaca-en-brillando-con-la-uas\/","url":"https:\/\/fuentesfidedignas.com.mx\/index.php\/2026\/03\/09\/talento-estudiantil-destaca-en-brillando-con-la-uas\/","name":"Talento estudiantil destaca en \u201cBrillando con la UAS\u201d - Fuentes Fidedignas","isPartOf":{"@id":"https:\/\/fuentesfidedignas.com.mx\/#website"},"primaryImageOfPage":{"@id":"https:\/\/fuentesfidedignas.com.mx\/index.php\/2026\/03\/09\/talento-estudiantil-destaca-en-brillando-con-la-uas\/#primaryimage"},"image":{"@id":"https:\/\/fuentesfidedignas.com.mx\/index.php\/2026\/03\/09\/talento-estudiantil-destaca-en-brillando-con-la-uas\/#primaryimage"},"thumbnailUrl":"https:\/\/fuentesfidedignas.com.mx\/wp-content\/uploads\/2026\/03\/img_4355.jpg","datePublished":"2026-03-09T08:22:00+00:00","breadcrumb":{"@id":"https:\/\/fuentesfidedignas.com.mx\/index.php\/2026\/03\/09\/talento-estudiantil-destaca-en-brillando-con-la-uas\/#breadcrumb"},"inLanguage":"es","potentialAction":[{"@type":"ReadAction","target":["https:\/\/fuentesfidedignas.com.mx\/index.php\/2026\/03\/09\/talento-estudiantil-destaca-en-brillando-con-la-uas\/"]}]},{"@type":"ImageObject","inLanguage":"es","@id":"https:\/\/fuentesfidedignas.com.mx\/index.php\/2026\/03\/09\/talento-estudiantil-destaca-en-brillando-con-la-uas\/#primaryimage","url":"https:\/\/fuentesfidedignas.com.mx\/wp-content\/uploads\/2026\/03\/img_4355.jpg","contentUrl":"https:\/\/fuentesfidedignas.com.mx\/wp-content\/uploads\/2026\/03\/img_4355.jpg","width":1920,"height":1279},{"@type":"BreadcrumbList","@id":"https:\/\/fuentesfidedignas.com.mx\/index.php\/2026\/03\/09\/talento-estudiantil-destaca-en-brillando-con-la-uas\/#breadcrumb","itemListElement":[{"@type":"ListItem","position":1,"name":"Inicio","item":"https:\/\/fuentesfidedignas.com.mx\/"},{"@type":"ListItem","position":2,"name":"Talento estudiantil destaca en \u201cBrillando con la UAS\u201d"}]},{"@type":"WebSite","@id":"https:\/\/fuentesfidedignas.com.mx\/#website","url":"https:\/\/fuentesfidedignas.com.mx\/","name":"Fuentes Fidedignas","description":"Otro sitio realizado con WordPress","publisher":{"@id":"https:\/\/fuentesfidedignas.com.mx\/#organization"},"potentialAction":[{"@type":"SearchAction","target":{"@type":"EntryPoint","urlTemplate":"https:\/\/fuentesfidedignas.com.mx\/?s={search_term_string}"},"query-input":{"@type":"PropertyValueSpecification","valueRequired":true,"valueName":"search_term_string"}}],"inLanguage":"es"},{"@type":"Organization","@id":"https:\/\/fuentesfidedignas.com.mx\/#organization","name":"Fuentes Fidedignas","url":"https:\/\/fuentesfidedignas.com.mx\/","logo":{"@type":"ImageObject","inLanguage":"es","@id":"https:\/\/fuentesfidedignas.com.mx\/#\/schema\/logo\/image\/","url":"https:\/\/fuentesfidedignas.com.mx\/wp-content\/uploads\/2021\/04\/logo-retina.png","contentUrl":"https:\/\/fuentesfidedignas.com.mx\/wp-content\/uploads\/2021\/04\/logo-retina.png","width":280,"height":51,"caption":"Fuentes Fidedignas"},"image":{"@id":"https:\/\/fuentesfidedignas.com.mx\/#\/schema\/logo\/image\/"},"sameAs":["https:\/\/www.facebook.com\/Fuentes-Fidedignas-368234489921644","https:\/\/x.com\/fidedignas"]},{"@type":"Person","@id":"https:\/\/fuentesfidedignas.com.mx\/#\/schema\/person\/331be9283d37198e2acd5750279085b0","name":"Redacci\u00f3n","image":{"@type":"ImageObject","inLanguage":"es","@id":"https:\/\/secure.gravatar.com\/avatar\/f6d8782c11d12b2d4ad3fbb6931aeab5309937a4d6cd2fc9cfaa28a6396a5aec?s=96&d=mm&r=g","url":"https:\/\/secure.gravatar.com\/avatar\/f6d8782c11d12b2d4ad3fbb6931aeab5309937a4d6cd2fc9cfaa28a6396a5aec?s=96&d=mm&r=g","contentUrl":"https:\/\/secure.gravatar.com\/avatar\/f6d8782c11d12b2d4ad3fbb6931aeab5309937a4d6cd2fc9cfaa28a6396a5aec?s=96&d=mm&r=g","caption":"Redacci\u00f3n"},"url":"https:\/\/fuentesfidedignas.com.mx\/index.php\/author\/redaccion\/"}]}},"_links":{"self":[{"href":"https:\/\/fuentesfidedignas.com.mx\/index.php\/wp-json\/wp\/v2\/posts\/128841","targetHints":{"allow":["GET"]}}],"collection":[{"href":"https:\/\/fuentesfidedignas.com.mx\/index.php\/wp-json\/wp\/v2\/posts"}],"about":[{"href":"https:\/\/fuentesfidedignas.com.mx\/index.php\/wp-json\/wp\/v2\/types\/post"}],"author":[{"embeddable":true,"href":"https:\/\/fuentesfidedignas.com.mx\/index.php\/wp-json\/wp\/v2\/users\/4"}],"replies":[{"embeddable":true,"href":"https:\/\/fuentesfidedignas.com.mx\/index.php\/wp-json\/wp\/v2\/comments?post=128841"}],"version-history":[{"count":1,"href":"https:\/\/fuentesfidedignas.com.mx\/index.php\/wp-json\/wp\/v2\/posts\/128841\/revisions"}],"predecessor-version":[{"id":128842,"href":"https:\/\/fuentesfidedignas.com.mx\/index.php\/wp-json\/wp\/v2\/posts\/128841\/revisions\/128842"}],"wp:featuredmedia":[{"embeddable":true,"href":"https:\/\/fuentesfidedignas.com.mx\/index.php\/wp-json\/wp\/v2\/media\/128840"}],"wp:attachment":[{"href":"https:\/\/fuentesfidedignas.com.mx\/index.php\/wp-json\/wp\/v2\/media?parent=128841"}],"wp:term":[{"taxonomy":"category","embeddable":true,"href":"https:\/\/fuentesfidedignas.com.mx\/index.php\/wp-json\/wp\/v2\/categories?post=128841"},{"taxonomy":"post_tag","embeddable":true,"href":"https:\/\/fuentesfidedignas.com.mx\/index.php\/wp-json\/wp\/v2\/tags?post=128841"}],"curies":[{"name":"wp","href":"https:\/\/api.w.org\/{rel}","templated":true}]}}