{"id":128834,"date":"2026-03-08T11:13:33","date_gmt":"2026-03-08T18:13:33","guid":{"rendered":"https:\/\/fuentesfidedignas.com.mx\/?p=128834"},"modified":"2026-03-08T11:13:39","modified_gmt":"2026-03-08T18:13:39","slug":"las-mujeres-son-fuerza-que-transforma-y-ejemplo-de-resiliencia-ana-chiquete-elizalde","status":"publish","type":"post","link":"https:\/\/fuentesfidedignas.com.mx\/index.php\/2026\/03\/08\/las-mujeres-son-fuerza-que-transforma-y-ejemplo-de-resiliencia-ana-chiquete-elizalde\/","title":{"rendered":"Las mujeres son fuerza que transforma y ejemplo de resiliencia: Ana Chiquete Elizalde"},"content":{"rendered":"\n<p><em>Las sinaloenses se unen a la Clase Nacional de Defensa Personal \u201cMujeres Imparables\u201d en el marco del 8M<\/em><\/p>\n\n\n\n<p>Culiac\u00e1n, Sinaloa, 8 de marzo de 2026. En el marco del D\u00eda Internacional de las Mujeres, el Gobierno del Estado de Sinaloa, a trav\u00e9s del Instituto Sinaloense de Cultura F\u00edsica y el Deporte (ISDE) y la Secretar\u00eda de las Mujeres, se sumaron a la Clase Nacional de Defensa Personal \u201cMujeres Imparables\u201d, una iniciativa impulsada a nivel nacional para fortalecer la seguridad, confianza y autonom\u00eda de las mujeres.<\/p>\n\n\n\n<p>Con la afluencia de m\u00e1s de 1,200 mujeres, ni\u00f1as y adolescentes, abarroto el Gimnasio Mar\u00eda del Rosario Espinoza del Centro de Alto Rendimiento Deportivo de Sinaloa (CARD), donde todas participaron en una jornada de aprendizaje de t\u00e9cnicas b\u00e1sicas de defensa personal a trav\u00e9s de la disciplina de judo, con el objetivo de promover el autocuidado y contribuir a la prevenci\u00f3n de la violencia de g\u00e9nero.<\/p>\n\n\n\n<p>La secretaria de las Mujeres de Sinaloa, Ana Francis Chiquete Elizalde, destac\u00f3 que el generar espacios que fortalezcan la autonom\u00eda, la seguridad y el bienestar de las mujeres es un acto de reconocimiento a su fuerza, capacidad y contribuci\u00f3n en la construcci\u00f3n de una sociedad lejos del machismo y de ideas patriarcales que obligan a las mujeres a detenerse, limitando su desarrollo personal y profesional. Siendo este 8 de marzo un d\u00eda para conmemorar esa entereza y fuerza de miles de mujeres que a lo largo de la historia del pa\u00eds y del mundo han tenido que sacudir conciencias, alzar la voz y abrir camino para que hoy m\u00e1s mujeres puedan ejercer plenamente sus derechos.<\/p>\n\n\n\n<p>\u201cPorque ser mujer es sin\u00f3nimo de transformaci\u00f3n, fuerza, lucha y resiliencia. Este 8 de marzo conmemoramos la entereza y la valent\u00eda de miles de mujeres que, a lo largo de la historia de nuestro pa\u00eds y del mundo, han tenido que sacudir conciencias, alzar la voz y abrir camino para que hoy m\u00e1s mujeres podamos ejercer plenamente nuestros derechos. Gracias a esa lucha hoy avanzamos, y nuestro compromiso es seguir trabajando para que las mujeres tengamos libertad y m\u00e1s oportunidades.<br>Tambi\u00e9n es indispensable que la violencia contra las mujeres siga siendo se\u00f1alada y denunciada con firmeza, para que ninguna agresi\u00f3n quede en silencio y que las mujeres tengamos justicia.<br>Por primera vez en nuestro pa\u00eds tenemos una mujer Presidenta, la Dra. Claudia Sheinbaum Pardo, que nos dice que todas podemos ser lo que queramos y nos invita a seguir nombrando a las mujeres.<br>Sabemos que el camino no es sencillo, pero les decimos a las mujeres no est\u00e1n solas: desde el gobierno de Sinaloa que encabeza el Dr. Rub\u00e9n Rocha Moya, y junto con la sociedad seguimos trabajando todos los d\u00edas, que sepan que hoy tenemos m\u00e1s espacios de atenci\u00f3n, que seguimos trabajando en fortalecer la prevenci\u00f3n y construyendo un Sinaloa m\u00e1s igualitario\u201d, enfatiz\u00f3 la Secretaria de las Mujeres en el marco de D\u00eda internacional de las Mujeres.<\/p>\n\n\n\n<p>La clase form\u00f3 parte de la convocatoria nacional impulsada por la Secretar\u00eda de las Mujeres de M\u00e9xico en coordinaci\u00f3n con la Comisi\u00f3n Nacional de Cultura F\u00edsica y Deporte (CONADE), y en Sinaloa fue promovida por el ISDE y la Secretar\u00eda de las Mujeres, quienes convocaron a la poblaci\u00f3n a sumarse a esta actividad que combina activaci\u00f3n f\u00edsica, aprendizaje y fortalecimiento personal.<\/p>\n\n\n\n<p>El director general del ISDE, Armando Camacho Aguilar, dio la bienvenida a las participantes y destac\u00f3 la importancia de la actividad f\u00edsica como herramientas para el desarrollo integral de cada una de las presentes.<\/p>\n\n\n\n<p>La Lcda. Gloria Himelda F\u00e9lix Niebla, Secretaria de Educaci\u00f3n P\u00fablica y Cultura; tuvo a bien dar por inaugurada esta actividad en representaci\u00f3n del Dr. Rub\u00e9n Rocha Moya, Gobernador Constitucional del Estado de Sinaloa en el que brind\u00f3 un mensaje donde se\u00f1al\u00f3 como desde 1975 a la fecha se han punteado momentos hist\u00f3ricos para las mujeres.<\/p>\n\n\n\n<p>\u201cEn este 2026 hemos alcanzado un piso m\u00e1s parejo. Hoy tenemos la oportunidad de tener en nuestra Presidenta la Dra. Claudia Sheinbaum, la primer mujer que representa con mucho liderazgo a las mujeres en el mundo. Hoy tenemos a un hombre que es aliado permanente de las mujeres en el Dr. Rub\u00e9n Rocha Moya, por eso nos da gusto esta ma\u00f1ana que a trav\u00e9s de la Secretar\u00eda de Educaci\u00f3n P\u00fablica a trav\u00e9s de la Secretar\u00eda de Mujeres que tiene la rector\u00eda con mucha responsabilidad de trabajar por la protecci\u00f3n de nuestras ni\u00f1as y de nuestras mujeres, hemos sido convocados al lado de un aliado como lo es el Instituto Sinaloense del Deporte. Mujeres imparables es una forma m\u00e1s de visibilizar que las mujeres podemos ser lo que queramos, que no haya ninguna situaci\u00f3n que limite sus sue\u00f1os y hoy hay una autoridad responsable de la a trav\u00e9s de la Secretar\u00eda de Mujeres y todo el equipo que colabora de manera permanente en el trabajo diario, Ana Francis Chiquete en nuestra Secretaria de Mujeres nos convoca de manera permanente al trabajo solidario, el acompa\u00f1ar a las ni\u00f1as, el empoderar a nuestras mujeres para cumplir sus sue\u00f1os\u201d, expres\u00f3 la Secretaria de Educaci\u00f3n P\u00fablica y Cultura.<\/p>\n\n\n\n<p>Como autoridades que acompa\u00f1aron este evento estuvieron: Lic. Daniel Guti\u00e9rrez, Subdirector de ISDE; Dra. Mercedes Ibarra en representaci\u00f3n de DIF Sinaloa; Lcda. Sandra Angulo C\u00e1rarez, Secretaria de Transparencia; Lcda. Guadalupe C\u00e1zarez, Directora Programas Preventivos de la SSP; Mtra. Paulina Pe\u00f1a, Subsecretaria de Planeacion Educativa de SEPyC; Lcda. Wendy Hern\u00e1ndez, Subsecretaria de Econom\u00eda; Lcda. Gloria Uriarte, titular de la Comisi\u00f3n Estatal de Atenci\u00f3n a V\u00edctimas; Lcda. Connie Zazueta Castro, directora de SIPINNA Sinaloa; y Brenda Roc\u00edo Garc\u00eda F\u00e9lix, directora de ICATSIN.<\/p>\n","protected":false},"excerpt":{"rendered":"<p>Las sinaloenses se unen a la Clase Nacional de Defensa Personal \u201cMujeres Imparables\u201d en el marco del 8M Culiac\u00e1n, Sinaloa, 8 de marzo de 2026. En el marco del D\u00eda Internacional de las Mujeres, el Gobierno del Estado de Sinaloa, a trav\u00e9s del Instituto Sinaloense de Cultura F\u00edsica y el Deporte (ISDE) y la Secretar\u00eda [&hellip;]<\/p>\n","protected":false},"author":4,"featured_media":128835,"comment_status":"open","ping_status":"open","sticky":false,"template":"","format":"standard","meta":{"tdm_status":"","tdm_grid_status":"","footnotes":""},"categories":[37],"tags":[],"class_list":{"0":"post-128834","1":"post","2":"type-post","3":"status-publish","4":"format-standard","5":"has-post-thumbnail","7":"category-nota-principal"},"yoast_head":"<!-- This site is optimized with the Yoast SEO plugin v27.5 - https:\/\/yoast.com\/product\/yoast-seo-wordpress\/ -->\n<title>Las mujeres son fuerza que transforma y ejemplo de resiliencia: Ana Chiquete Elizalde - Fuentes Fidedignas<\/title>\n<meta name=\"robots\" content=\"index, follow, max-snippet:-1, max-image-preview:large, max-video-preview:-1\" \/>\n<link rel=\"canonical\" href=\"https:\/\/fuentesfidedignas.com.mx\/index.php\/2026\/03\/08\/las-mujeres-son-fuerza-que-transforma-y-ejemplo-de-resiliencia-ana-chiquete-elizalde\/\" \/>\n<meta property=\"og:locale\" content=\"es_MX\" \/>\n<meta property=\"og:type\" content=\"article\" \/>\n<meta property=\"og:title\" content=\"Las mujeres son fuerza que transforma y ejemplo de resiliencia: Ana Chiquete Elizalde - Fuentes Fidedignas\" \/>\n<meta property=\"og:description\" content=\"Las sinaloenses se unen a la Clase Nacional de Defensa Personal \u201cMujeres Imparables\u201d en el marco del 8M Culiac\u00e1n, Sinaloa, 8 de marzo de 2026. En el marco del D\u00eda Internacional de las Mujeres, el Gobierno del Estado de Sinaloa, a trav\u00e9s del Instituto Sinaloense de Cultura F\u00edsica y el Deporte (ISDE) y la Secretar\u00eda [&hellip;]\" \/>\n<meta property=\"og:url\" content=\"https:\/\/fuentesfidedignas.com.mx\/index.php\/2026\/03\/08\/las-mujeres-son-fuerza-que-transforma-y-ejemplo-de-resiliencia-ana-chiquete-elizalde\/\" \/>\n<meta property=\"og:site_name\" content=\"Fuentes Fidedignas\" \/>\n<meta property=\"article:publisher\" content=\"https:\/\/www.facebook.com\/Fuentes-Fidedignas-368234489921644\" \/>\n<meta property=\"article:published_time\" content=\"2026-03-08T18:13:33+00:00\" \/>\n<meta property=\"article:modified_time\" content=\"2026-03-08T18:13:39+00:00\" \/>\n<meta property=\"og:image\" content=\"https:\/\/fuentesfidedignas.com.mx\/wp-content\/uploads\/2026\/03\/49622b48-a715-4f44-bf2c-d70b24919cba.jpg\" \/>\n\t<meta property=\"og:image:width\" content=\"1600\" \/>\n\t<meta property=\"og:image:height\" content=\"1066\" \/>\n\t<meta property=\"og:image:type\" content=\"image\/jpeg\" \/>\n<meta name=\"author\" content=\"Redacci\u00f3n\" \/>\n<meta name=\"twitter:card\" content=\"summary_large_image\" \/>\n<meta name=\"twitter:creator\" content=\"@fidedignas\" \/>\n<meta name=\"twitter:site\" content=\"@fidedignas\" \/>\n<meta name=\"twitter:label1\" content=\"Escrito por\" \/>\n\t<meta name=\"twitter:data1\" content=\"Redacci\u00f3n\" \/>\n\t<meta name=\"twitter:label2\" content=\"Tiempo de lectura\" \/>\n\t<meta name=\"twitter:data2\" content=\"5 minutos\" \/>\n<script type=\"application\/ld+json\" class=\"yoast-schema-graph\">{\"@context\":\"https:\\\/\\\/schema.org\",\"@graph\":[{\"@type\":\"Article\",\"@id\":\"https:\\\/\\\/fuentesfidedignas.com.mx\\\/index.php\\\/2026\\\/03\\\/08\\\/las-mujeres-son-fuerza-que-transforma-y-ejemplo-de-resiliencia-ana-chiquete-elizalde\\\/#article\",\"isPartOf\":{\"@id\":\"https:\\\/\\\/fuentesfidedignas.com.mx\\\/index.php\\\/2026\\\/03\\\/08\\\/las-mujeres-son-fuerza-que-transforma-y-ejemplo-de-resiliencia-ana-chiquete-elizalde\\\/\"},\"author\":{\"name\":\"Redacci\u00f3n\",\"@id\":\"https:\\\/\\\/fuentesfidedignas.com.mx\\\/#\\\/schema\\\/person\\\/331be9283d37198e2acd5750279085b0\"},\"headline\":\"Las mujeres son fuerza que transforma y ejemplo de resiliencia: Ana Chiquete Elizalde\",\"datePublished\":\"2026-03-08T18:13:33+00:00\",\"dateModified\":\"2026-03-08T18:13:39+00:00\",\"mainEntityOfPage\":{\"@id\":\"https:\\\/\\\/fuentesfidedignas.com.mx\\\/index.php\\\/2026\\\/03\\\/08\\\/las-mujeres-son-fuerza-que-transforma-y-ejemplo-de-resiliencia-ana-chiquete-elizalde\\\/\"},\"wordCount\":1013,\"commentCount\":0,\"publisher\":{\"@id\":\"https:\\\/\\\/fuentesfidedignas.com.mx\\\/#organization\"},\"image\":{\"@id\":\"https:\\\/\\\/fuentesfidedignas.com.mx\\\/index.php\\\/2026\\\/03\\\/08\\\/las-mujeres-son-fuerza-que-transforma-y-ejemplo-de-resiliencia-ana-chiquete-elizalde\\\/#primaryimage\"},\"thumbnailUrl\":\"https:\\\/\\\/fuentesfidedignas.com.mx\\\/wp-content\\\/uploads\\\/2026\\\/03\\\/49622b48-a715-4f44-bf2c-d70b24919cba.jpg\",\"articleSection\":[\"NOTA PRINCIPAL\"],\"inLanguage\":\"es\",\"potentialAction\":[{\"@type\":\"CommentAction\",\"name\":\"Comment\",\"target\":[\"https:\\\/\\\/fuentesfidedignas.com.mx\\\/index.php\\\/2026\\\/03\\\/08\\\/las-mujeres-son-fuerza-que-transforma-y-ejemplo-de-resiliencia-ana-chiquete-elizalde\\\/#respond\"]}]},{\"@type\":\"WebPage\",\"@id\":\"https:\\\/\\\/fuentesfidedignas.com.mx\\\/index.php\\\/2026\\\/03\\\/08\\\/las-mujeres-son-fuerza-que-transforma-y-ejemplo-de-resiliencia-ana-chiquete-elizalde\\\/\",\"url\":\"https:\\\/\\\/fuentesfidedignas.com.mx\\\/index.php\\\/2026\\\/03\\\/08\\\/las-mujeres-son-fuerza-que-transforma-y-ejemplo-de-resiliencia-ana-chiquete-elizalde\\\/\",\"name\":\"Las mujeres son fuerza que transforma y ejemplo de resiliencia: Ana Chiquete Elizalde - Fuentes Fidedignas\",\"isPartOf\":{\"@id\":\"https:\\\/\\\/fuentesfidedignas.com.mx\\\/#website\"},\"primaryImageOfPage\":{\"@id\":\"https:\\\/\\\/fuentesfidedignas.com.mx\\\/index.php\\\/2026\\\/03\\\/08\\\/las-mujeres-son-fuerza-que-transforma-y-ejemplo-de-resiliencia-ana-chiquete-elizalde\\\/#primaryimage\"},\"image\":{\"@id\":\"https:\\\/\\\/fuentesfidedignas.com.mx\\\/index.php\\\/2026\\\/03\\\/08\\\/las-mujeres-son-fuerza-que-transforma-y-ejemplo-de-resiliencia-ana-chiquete-elizalde\\\/#primaryimage\"},\"thumbnailUrl\":\"https:\\\/\\\/fuentesfidedignas.com.mx\\\/wp-content\\\/uploads\\\/2026\\\/03\\\/49622b48-a715-4f44-bf2c-d70b24919cba.jpg\",\"datePublished\":\"2026-03-08T18:13:33+00:00\",\"dateModified\":\"2026-03-08T18:13:39+00:00\",\"breadcrumb\":{\"@id\":\"https:\\\/\\\/fuentesfidedignas.com.mx\\\/index.php\\\/2026\\\/03\\\/08\\\/las-mujeres-son-fuerza-que-transforma-y-ejemplo-de-resiliencia-ana-chiquete-elizalde\\\/#breadcrumb\"},\"inLanguage\":\"es\",\"potentialAction\":[{\"@type\":\"ReadAction\",\"target\":[\"https:\\\/\\\/fuentesfidedignas.com.mx\\\/index.php\\\/2026\\\/03\\\/08\\\/las-mujeres-son-fuerza-que-transforma-y-ejemplo-de-resiliencia-ana-chiquete-elizalde\\\/\"]}]},{\"@type\":\"ImageObject\",\"inLanguage\":\"es\",\"@id\":\"https:\\\/\\\/fuentesfidedignas.com.mx\\\/index.php\\\/2026\\\/03\\\/08\\\/las-mujeres-son-fuerza-que-transforma-y-ejemplo-de-resiliencia-ana-chiquete-elizalde\\\/#primaryimage\",\"url\":\"https:\\\/\\\/fuentesfidedignas.com.mx\\\/wp-content\\\/uploads\\\/2026\\\/03\\\/49622b48-a715-4f44-bf2c-d70b24919cba.jpg\",\"contentUrl\":\"https:\\\/\\\/fuentesfidedignas.com.mx\\\/wp-content\\\/uploads\\\/2026\\\/03\\\/49622b48-a715-4f44-bf2c-d70b24919cba.jpg\",\"width\":1600,\"height\":1066},{\"@type\":\"BreadcrumbList\",\"@id\":\"https:\\\/\\\/fuentesfidedignas.com.mx\\\/index.php\\\/2026\\\/03\\\/08\\\/las-mujeres-son-fuerza-que-transforma-y-ejemplo-de-resiliencia-ana-chiquete-elizalde\\\/#breadcrumb\",\"itemListElement\":[{\"@type\":\"ListItem\",\"position\":1,\"name\":\"Inicio\",\"item\":\"https:\\\/\\\/fuentesfidedignas.com.mx\\\/\"},{\"@type\":\"ListItem\",\"position\":2,\"name\":\"Las mujeres son fuerza que transforma y ejemplo de resiliencia: Ana Chiquete Elizalde\"}]},{\"@type\":\"WebSite\",\"@id\":\"https:\\\/\\\/fuentesfidedignas.com.mx\\\/#website\",\"url\":\"https:\\\/\\\/fuentesfidedignas.com.mx\\\/\",\"name\":\"Fuentes Fidedignas\",\"description\":\"Otro sitio realizado con WordPress\",\"publisher\":{\"@id\":\"https:\\\/\\\/fuentesfidedignas.com.mx\\\/#organization\"},\"potentialAction\":[{\"@type\":\"SearchAction\",\"target\":{\"@type\":\"EntryPoint\",\"urlTemplate\":\"https:\\\/\\\/fuentesfidedignas.com.mx\\\/?s={search_term_string}\"},\"query-input\":{\"@type\":\"PropertyValueSpecification\",\"valueRequired\":true,\"valueName\":\"search_term_string\"}}],\"inLanguage\":\"es\"},{\"@type\":\"Organization\",\"@id\":\"https:\\\/\\\/fuentesfidedignas.com.mx\\\/#organization\",\"name\":\"Fuentes Fidedignas\",\"url\":\"https:\\\/\\\/fuentesfidedignas.com.mx\\\/\",\"logo\":{\"@type\":\"ImageObject\",\"inLanguage\":\"es\",\"@id\":\"https:\\\/\\\/fuentesfidedignas.com.mx\\\/#\\\/schema\\\/logo\\\/image\\\/\",\"url\":\"https:\\\/\\\/fuentesfidedignas.com.mx\\\/wp-content\\\/uploads\\\/2021\\\/04\\\/logo-retina.png\",\"contentUrl\":\"https:\\\/\\\/fuentesfidedignas.com.mx\\\/wp-content\\\/uploads\\\/2021\\\/04\\\/logo-retina.png\",\"width\":280,\"height\":51,\"caption\":\"Fuentes Fidedignas\"},\"image\":{\"@id\":\"https:\\\/\\\/fuentesfidedignas.com.mx\\\/#\\\/schema\\\/logo\\\/image\\\/\"},\"sameAs\":[\"https:\\\/\\\/www.facebook.com\\\/Fuentes-Fidedignas-368234489921644\",\"https:\\\/\\\/x.com\\\/fidedignas\"]},{\"@type\":\"Person\",\"@id\":\"https:\\\/\\\/fuentesfidedignas.com.mx\\\/#\\\/schema\\\/person\\\/331be9283d37198e2acd5750279085b0\",\"name\":\"Redacci\u00f3n\",\"image\":{\"@type\":\"ImageObject\",\"inLanguage\":\"es\",\"@id\":\"https:\\\/\\\/secure.gravatar.com\\\/avatar\\\/f6d8782c11d12b2d4ad3fbb6931aeab5309937a4d6cd2fc9cfaa28a6396a5aec?s=96&d=mm&r=g\",\"url\":\"https:\\\/\\\/secure.gravatar.com\\\/avatar\\\/f6d8782c11d12b2d4ad3fbb6931aeab5309937a4d6cd2fc9cfaa28a6396a5aec?s=96&d=mm&r=g\",\"contentUrl\":\"https:\\\/\\\/secure.gravatar.com\\\/avatar\\\/f6d8782c11d12b2d4ad3fbb6931aeab5309937a4d6cd2fc9cfaa28a6396a5aec?s=96&d=mm&r=g\",\"caption\":\"Redacci\u00f3n\"},\"url\":\"https:\\\/\\\/fuentesfidedignas.com.mx\\\/index.php\\\/author\\\/redaccion\\\/\"}]}<\/script>\n<!-- \/ Yoast SEO plugin. -->","yoast_head_json":{"title":"Las mujeres son fuerza que transforma y ejemplo de resiliencia: Ana Chiquete Elizalde - Fuentes Fidedignas","robots":{"index":"index","follow":"follow","max-snippet":"max-snippet:-1","max-image-preview":"max-image-preview:large","max-video-preview":"max-video-preview:-1"},"canonical":"https:\/\/fuentesfidedignas.com.mx\/index.php\/2026\/03\/08\/las-mujeres-son-fuerza-que-transforma-y-ejemplo-de-resiliencia-ana-chiquete-elizalde\/","og_locale":"es_MX","og_type":"article","og_title":"Las mujeres son fuerza que transforma y ejemplo de resiliencia: Ana Chiquete Elizalde - Fuentes Fidedignas","og_description":"Las sinaloenses se unen a la Clase Nacional de Defensa Personal \u201cMujeres Imparables\u201d en el marco del 8M Culiac\u00e1n, Sinaloa, 8 de marzo de 2026. En el marco del D\u00eda Internacional de las Mujeres, el Gobierno del Estado de Sinaloa, a trav\u00e9s del Instituto Sinaloense de Cultura F\u00edsica y el Deporte (ISDE) y la Secretar\u00eda [&hellip;]","og_url":"https:\/\/fuentesfidedignas.com.mx\/index.php\/2026\/03\/08\/las-mujeres-son-fuerza-que-transforma-y-ejemplo-de-resiliencia-ana-chiquete-elizalde\/","og_site_name":"Fuentes Fidedignas","article_publisher":"https:\/\/www.facebook.com\/Fuentes-Fidedignas-368234489921644","article_published_time":"2026-03-08T18:13:33+00:00","article_modified_time":"2026-03-08T18:13:39+00:00","og_image":[{"width":1600,"height":1066,"url":"https:\/\/fuentesfidedignas.com.mx\/wp-content\/uploads\/2026\/03\/49622b48-a715-4f44-bf2c-d70b24919cba.jpg","type":"image\/jpeg"}],"author":"Redacci\u00f3n","twitter_card":"summary_large_image","twitter_creator":"@fidedignas","twitter_site":"@fidedignas","twitter_misc":{"Escrito por":"Redacci\u00f3n","Tiempo de lectura":"5 minutos"},"schema":{"@context":"https:\/\/schema.org","@graph":[{"@type":"Article","@id":"https:\/\/fuentesfidedignas.com.mx\/index.php\/2026\/03\/08\/las-mujeres-son-fuerza-que-transforma-y-ejemplo-de-resiliencia-ana-chiquete-elizalde\/#article","isPartOf":{"@id":"https:\/\/fuentesfidedignas.com.mx\/index.php\/2026\/03\/08\/las-mujeres-son-fuerza-que-transforma-y-ejemplo-de-resiliencia-ana-chiquete-elizalde\/"},"author":{"name":"Redacci\u00f3n","@id":"https:\/\/fuentesfidedignas.com.mx\/#\/schema\/person\/331be9283d37198e2acd5750279085b0"},"headline":"Las mujeres son fuerza que transforma y ejemplo de resiliencia: Ana Chiquete Elizalde","datePublished":"2026-03-08T18:13:33+00:00","dateModified":"2026-03-08T18:13:39+00:00","mainEntityOfPage":{"@id":"https:\/\/fuentesfidedignas.com.mx\/index.php\/2026\/03\/08\/las-mujeres-son-fuerza-que-transforma-y-ejemplo-de-resiliencia-ana-chiquete-elizalde\/"},"wordCount":1013,"commentCount":0,"publisher":{"@id":"https:\/\/fuentesfidedignas.com.mx\/#organization"},"image":{"@id":"https:\/\/fuentesfidedignas.com.mx\/index.php\/2026\/03\/08\/las-mujeres-son-fuerza-que-transforma-y-ejemplo-de-resiliencia-ana-chiquete-elizalde\/#primaryimage"},"thumbnailUrl":"https:\/\/fuentesfidedignas.com.mx\/wp-content\/uploads\/2026\/03\/49622b48-a715-4f44-bf2c-d70b24919cba.jpg","articleSection":["NOTA PRINCIPAL"],"inLanguage":"es","potentialAction":[{"@type":"CommentAction","name":"Comment","target":["https:\/\/fuentesfidedignas.com.mx\/index.php\/2026\/03\/08\/las-mujeres-son-fuerza-que-transforma-y-ejemplo-de-resiliencia-ana-chiquete-elizalde\/#respond"]}]},{"@type":"WebPage","@id":"https:\/\/fuentesfidedignas.com.mx\/index.php\/2026\/03\/08\/las-mujeres-son-fuerza-que-transforma-y-ejemplo-de-resiliencia-ana-chiquete-elizalde\/","url":"https:\/\/fuentesfidedignas.com.mx\/index.php\/2026\/03\/08\/las-mujeres-son-fuerza-que-transforma-y-ejemplo-de-resiliencia-ana-chiquete-elizalde\/","name":"Las mujeres son fuerza que transforma y ejemplo de resiliencia: Ana Chiquete Elizalde - Fuentes Fidedignas","isPartOf":{"@id":"https:\/\/fuentesfidedignas.com.mx\/#website"},"primaryImageOfPage":{"@id":"https:\/\/fuentesfidedignas.com.mx\/index.php\/2026\/03\/08\/las-mujeres-son-fuerza-que-transforma-y-ejemplo-de-resiliencia-ana-chiquete-elizalde\/#primaryimage"},"image":{"@id":"https:\/\/fuentesfidedignas.com.mx\/index.php\/2026\/03\/08\/las-mujeres-son-fuerza-que-transforma-y-ejemplo-de-resiliencia-ana-chiquete-elizalde\/#primaryimage"},"thumbnailUrl":"https:\/\/fuentesfidedignas.com.mx\/wp-content\/uploads\/2026\/03\/49622b48-a715-4f44-bf2c-d70b24919cba.jpg","datePublished":"2026-03-08T18:13:33+00:00","dateModified":"2026-03-08T18:13:39+00:00","breadcrumb":{"@id":"https:\/\/fuentesfidedignas.com.mx\/index.php\/2026\/03\/08\/las-mujeres-son-fuerza-que-transforma-y-ejemplo-de-resiliencia-ana-chiquete-elizalde\/#breadcrumb"},"inLanguage":"es","potentialAction":[{"@type":"ReadAction","target":["https:\/\/fuentesfidedignas.com.mx\/index.php\/2026\/03\/08\/las-mujeres-son-fuerza-que-transforma-y-ejemplo-de-resiliencia-ana-chiquete-elizalde\/"]}]},{"@type":"ImageObject","inLanguage":"es","@id":"https:\/\/fuentesfidedignas.com.mx\/index.php\/2026\/03\/08\/las-mujeres-son-fuerza-que-transforma-y-ejemplo-de-resiliencia-ana-chiquete-elizalde\/#primaryimage","url":"https:\/\/fuentesfidedignas.com.mx\/wp-content\/uploads\/2026\/03\/49622b48-a715-4f44-bf2c-d70b24919cba.jpg","contentUrl":"https:\/\/fuentesfidedignas.com.mx\/wp-content\/uploads\/2026\/03\/49622b48-a715-4f44-bf2c-d70b24919cba.jpg","width":1600,"height":1066},{"@type":"BreadcrumbList","@id":"https:\/\/fuentesfidedignas.com.mx\/index.php\/2026\/03\/08\/las-mujeres-son-fuerza-que-transforma-y-ejemplo-de-resiliencia-ana-chiquete-elizalde\/#breadcrumb","itemListElement":[{"@type":"ListItem","position":1,"name":"Inicio","item":"https:\/\/fuentesfidedignas.com.mx\/"},{"@type":"ListItem","position":2,"name":"Las mujeres son fuerza que transforma y ejemplo de resiliencia: Ana Chiquete Elizalde"}]},{"@type":"WebSite","@id":"https:\/\/fuentesfidedignas.com.mx\/#website","url":"https:\/\/fuentesfidedignas.com.mx\/","name":"Fuentes Fidedignas","description":"Otro sitio realizado con WordPress","publisher":{"@id":"https:\/\/fuentesfidedignas.com.mx\/#organization"},"potentialAction":[{"@type":"SearchAction","target":{"@type":"EntryPoint","urlTemplate":"https:\/\/fuentesfidedignas.com.mx\/?s={search_term_string}"},"query-input":{"@type":"PropertyValueSpecification","valueRequired":true,"valueName":"search_term_string"}}],"inLanguage":"es"},{"@type":"Organization","@id":"https:\/\/fuentesfidedignas.com.mx\/#organization","name":"Fuentes Fidedignas","url":"https:\/\/fuentesfidedignas.com.mx\/","logo":{"@type":"ImageObject","inLanguage":"es","@id":"https:\/\/fuentesfidedignas.com.mx\/#\/schema\/logo\/image\/","url":"https:\/\/fuentesfidedignas.com.mx\/wp-content\/uploads\/2021\/04\/logo-retina.png","contentUrl":"https:\/\/fuentesfidedignas.com.mx\/wp-content\/uploads\/2021\/04\/logo-retina.png","width":280,"height":51,"caption":"Fuentes Fidedignas"},"image":{"@id":"https:\/\/fuentesfidedignas.com.mx\/#\/schema\/logo\/image\/"},"sameAs":["https:\/\/www.facebook.com\/Fuentes-Fidedignas-368234489921644","https:\/\/x.com\/fidedignas"]},{"@type":"Person","@id":"https:\/\/fuentesfidedignas.com.mx\/#\/schema\/person\/331be9283d37198e2acd5750279085b0","name":"Redacci\u00f3n","image":{"@type":"ImageObject","inLanguage":"es","@id":"https:\/\/secure.gravatar.com\/avatar\/f6d8782c11d12b2d4ad3fbb6931aeab5309937a4d6cd2fc9cfaa28a6396a5aec?s=96&d=mm&r=g","url":"https:\/\/secure.gravatar.com\/avatar\/f6d8782c11d12b2d4ad3fbb6931aeab5309937a4d6cd2fc9cfaa28a6396a5aec?s=96&d=mm&r=g","contentUrl":"https:\/\/secure.gravatar.com\/avatar\/f6d8782c11d12b2d4ad3fbb6931aeab5309937a4d6cd2fc9cfaa28a6396a5aec?s=96&d=mm&r=g","caption":"Redacci\u00f3n"},"url":"https:\/\/fuentesfidedignas.com.mx\/index.php\/author\/redaccion\/"}]}},"_links":{"self":[{"href":"https:\/\/fuentesfidedignas.com.mx\/index.php\/wp-json\/wp\/v2\/posts\/128834","targetHints":{"allow":["GET"]}}],"collection":[{"href":"https:\/\/fuentesfidedignas.com.mx\/index.php\/wp-json\/wp\/v2\/posts"}],"about":[{"href":"https:\/\/fuentesfidedignas.com.mx\/index.php\/wp-json\/wp\/v2\/types\/post"}],"author":[{"embeddable":true,"href":"https:\/\/fuentesfidedignas.com.mx\/index.php\/wp-json\/wp\/v2\/users\/4"}],"replies":[{"embeddable":true,"href":"https:\/\/fuentesfidedignas.com.mx\/index.php\/wp-json\/wp\/v2\/comments?post=128834"}],"version-history":[{"count":1,"href":"https:\/\/fuentesfidedignas.com.mx\/index.php\/wp-json\/wp\/v2\/posts\/128834\/revisions"}],"predecessor-version":[{"id":128836,"href":"https:\/\/fuentesfidedignas.com.mx\/index.php\/wp-json\/wp\/v2\/posts\/128834\/revisions\/128836"}],"wp:featuredmedia":[{"embeddable":true,"href":"https:\/\/fuentesfidedignas.com.mx\/index.php\/wp-json\/wp\/v2\/media\/128835"}],"wp:attachment":[{"href":"https:\/\/fuentesfidedignas.com.mx\/index.php\/wp-json\/wp\/v2\/media?parent=128834"}],"wp:term":[{"taxonomy":"category","embeddable":true,"href":"https:\/\/fuentesfidedignas.com.mx\/index.php\/wp-json\/wp\/v2\/categories?post=128834"},{"taxonomy":"post_tag","embeddable":true,"href":"https:\/\/fuentesfidedignas.com.mx\/index.php\/wp-json\/wp\/v2\/tags?post=128834"}],"curies":[{"name":"wp","href":"https:\/\/api.w.org\/{rel}","templated":true}]}}