{"id":128825,"date":"2026-03-07T16:11:15","date_gmt":"2026-03-07T23:11:15","guid":{"rendered":"https:\/\/fuentesfidedignas.com.mx\/?p=128825"},"modified":"2026-03-07T16:11:38","modified_gmt":"2026-03-07T23:11:38","slug":"sinaloa-reconoce-a-jovenes-destacados-del-movimiento-juvenil-mas-grande-del-estado-juventudes-2030","status":"publish","type":"post","link":"https:\/\/fuentesfidedignas.com.mx\/index.php\/2026\/03\/07\/sinaloa-reconoce-a-jovenes-destacados-del-movimiento-juvenil-mas-grande-del-estado-juventudes-2030\/","title":{"rendered":"Sinaloa reconoce a j\u00f3venes destacados del movimiento juvenil m\u00e1s grande del estado: Juventudes 2030"},"content":{"rendered":"\n<p><strong><em>Durante el Reconocimiento Juventudes 2030 se distingui\u00f3 a j\u00f3venes sinaloenses por sus acciones y liderazgo en beneficio de sus comunidades.<\/em><\/strong><\/p>\n\n\n\n<p>Culiac\u00e1n, Sin.\u2013 Con el prop\u00f3sito de reconocer a las y los j\u00f3venes destacados de la tercera generaci\u00f3n del movimiento juvenil m\u00e1s grande de Sinaloa, Juventudes 2030, se llev\u00f3 a cabo el Reconocimiento Juventudes 2030 en el Centro Sinaloa de las Artes Centenario, con la participaci\u00f3n de j\u00f3venes provenientes de distintas regiones del estado. Este esfuerzo forma parte de las acciones que impulsa el gobernador Rub\u00e9n Rocha Moya para fortalecer la participaci\u00f3n de las juventudes en el desarrollo social y sustentable de Sinaloa, a trav\u00e9s de la Secretar\u00eda de Bienestar y Desarrollo Sustentable (SEBIDES).<\/p>\n\n\n\n<p>Durante el evento se reconoci\u00f3 el esfuerzo y compromiso de las y los integrantes del movimiento. De los 300 j\u00f3venes que iniciaron su participaci\u00f3n en esta tercera generaci\u00f3n de Juventudes 2030, 45 fueron distinguidos como los m\u00e1s destacados y 8 resultaron ganadores, quienes representar\u00e1n a Sinaloa en encuentros con organismos vinculados con la Organizaci\u00f3n de las Naciones Unidas (ONU), gracias a su destacada labor e impacto socioambiental en sus comunidades.<\/p>\n\n\n\n<p>Las y los j\u00f3venes ganadores fueron Rolando Soto Carrizales, \u00c1ngel Jos\u00e9 Gil Aguilar, Mar\u00eda Fernanda Ruiz Garc\u00eda, Ricardo Arturo G\u00f3mez Salcido y Olga Leticia Moreno Licona, reconocidos por sus iniciativas acad\u00e9micas, sociales y ambientales en beneficio de sus comunidades; as\u00ed como Zuleica Llana Ontiveros, Betzy Arleth Meza Madrigal y Rogelio F\u00e9lix F\u00e9lix, quienes destacaron en la categor\u00eda de voluntariado por su participaci\u00f3n en acciones comunitarias y de apoyo social.<\/p>\n\n\n\n<p>Esta experiencia permitir\u00e1 a las y los j\u00f3venes fortalecer sus conocimientos, intercambiar ideas con liderazgos juveniles de otros lugares y aplicar lo aprendido en beneficio de sus municipios, impulsando iniciativas que promuevan el desarrollo sostenible y el bienestar en Sinaloa.<\/p>\n\n\n\n<p>Este programa es impulsado por el Gobierno del Estado de Sinaloa, a trav\u00e9s de la Secretar\u00eda de Bienestar y Desarrollo Sustentable (SEBIDES) y el Instituto Sinaloense de la Juventud (ISJU), con el objetivo de promover la participaci\u00f3n activa de las juventudes en acciones alineadas con los Objetivos de Desarrollo Sostenible.<\/p>\n\n\n\n<p>En su mensaje, el titular de SEBIDES, Omar L\u00f3pez Campos, se\u00f1al\u00f3 que el impulso a las juventudes es una prioridad para el Gobierno del Estado que encabeza el gobernador Rub\u00e9n Rocha Moya, ya que a trav\u00e9s de su liderazgo y participaci\u00f3n se fortalece el desarrollo social, ambiental y comunitario en Sinaloa.<\/p>\n\n\n\n<p>Posteriormente, el director del Instituto Sinaloense de la Juventud, Sa\u00fal Gerardo Meza L\u00f3pez, reconoci\u00f3 el talento y compromiso de las juventudes sinaloenses, destacando que este movimiento impulsa la participaci\u00f3n activa de las y los j\u00f3venes en la construcci\u00f3n de soluciones para sus comunidades.<\/p>\n\n\n\n<p>Al respecto, expres\u00f3:<\/p>\n\n\n\n<p>\u201cEl d\u00eda de hoy fue la primera entrega de reconocimientos de Juventudes 2030, un proyecto y un programa en donde j\u00f3venes de todo el estado de Sinaloa realizan actividades en los 17 ODS de la ONU. Estos j\u00f3venes se capacitan constantemente, hacen trabajo en territorio y adem\u00e1s se vinculan con \u00e1reas gubernamentales, as\u00ed como con el sector privado y p\u00fablico, para poder llevar a cabo esfuerzos en las comunidades, en donde cada d\u00eda se suma m\u00e1s gente. Esta es una muestra de que los j\u00f3venes sinaloenses est\u00e1n siendo parte activa y propositiva, positivamente, en nuestro estado. Entonces, como Gobierno del Estado de Sinaloa tenemos que seguir apoy\u00e1ndolos y darles estos espacios a quienes realmente lo merecen.\u201d<\/p>\n\n\n\n<p>Gracias a su implementaci\u00f3n, el estado ha recibido un reconocimiento por la aplicaci\u00f3n, consolidaci\u00f3n y sostenibilidad de la metodolog\u00eda del proyecto Generaci\u00f3n 2030, impulsado por el Fondo de Poblaci\u00f3n de las Naciones Unidas (UNFPA).<\/p>\n\n\n\n<p>En el pres\u00eddium estuvieron presentes el Arq. Omar L\u00f3pez Campos, titular de la Secretar\u00eda de Bienestar y Desarrollo Sustentable (SEBIDES); la Dip. Erika Rub\u00ed Rodr\u00edguez Mart\u00ednez, presidenta de la Comisi\u00f3n de Juventud, Cultura F\u00edsica y Deporte; el Lic. Sa\u00fal Gerardo Meza L\u00f3pez, director del Instituto Sinaloense de la Juventud (ISJU); la C. Dalia Mar\u00eda Aguayo Aguilar, representante de Juventudes 2030 Primera Generaci\u00f3n; y la C. Ruth Mar\u00eda Vega Castro, representante de Juventudes 2030 Segunda Generaci\u00f3n.<\/p>\n\n\n\n<p>Con estas acciones, el Gobierno del Estado de Sinaloa, a trav\u00e9s de SEBIDES, refrenda su compromiso de impulsar espacios de participaci\u00f3n y formaci\u00f3n para las juventudes, promoviendo su liderazgo en proyectos que contribuyan al bienestar social, la protecci\u00f3n del medio ambiente y el desarrollo sustentable de las comunidades sinaloenses.<\/p>\n","protected":false},"excerpt":{"rendered":"<p>Durante el Reconocimiento Juventudes 2030 se distingui\u00f3 a j\u00f3venes sinaloenses por sus acciones y liderazgo en beneficio de sus comunidades. Culiac\u00e1n, Sin.\u2013 Con el prop\u00f3sito de reconocer a las y los j\u00f3venes destacados de la tercera generaci\u00f3n del movimiento juvenil m\u00e1s grande de Sinaloa, Juventudes 2030, se llev\u00f3 a cabo el Reconocimiento Juventudes 2030 en [&hellip;]<\/p>\n","protected":false},"author":4,"featured_media":128826,"comment_status":"open","ping_status":"open","sticky":false,"template":"","format":"standard","meta":{"tdm_status":"","tdm_grid_status":"","footnotes":""},"categories":[37],"tags":[],"class_list":{"0":"post-128825","1":"post","2":"type-post","3":"status-publish","4":"format-standard","5":"has-post-thumbnail","7":"category-nota-principal"},"yoast_head":"<!-- This site is optimized with the Yoast SEO plugin v27.5 - https:\/\/yoast.com\/product\/yoast-seo-wordpress\/ -->\n<title>Sinaloa reconoce a j\u00f3venes destacados del movimiento juvenil m\u00e1s grande del estado: Juventudes 2030 - Fuentes Fidedignas<\/title>\n<meta name=\"robots\" content=\"index, follow, max-snippet:-1, max-image-preview:large, max-video-preview:-1\" \/>\n<link rel=\"canonical\" href=\"https:\/\/fuentesfidedignas.com.mx\/index.php\/2026\/03\/07\/sinaloa-reconoce-a-jovenes-destacados-del-movimiento-juvenil-mas-grande-del-estado-juventudes-2030\/\" \/>\n<meta property=\"og:locale\" content=\"es_MX\" \/>\n<meta property=\"og:type\" content=\"article\" \/>\n<meta property=\"og:title\" content=\"Sinaloa reconoce a j\u00f3venes destacados del movimiento juvenil m\u00e1s grande del estado: Juventudes 2030 - Fuentes Fidedignas\" \/>\n<meta property=\"og:description\" content=\"Durante el Reconocimiento Juventudes 2030 se distingui\u00f3 a j\u00f3venes sinaloenses por sus acciones y liderazgo en beneficio de sus comunidades. Culiac\u00e1n, Sin.\u2013 Con el prop\u00f3sito de reconocer a las y los j\u00f3venes destacados de la tercera generaci\u00f3n del movimiento juvenil m\u00e1s grande de Sinaloa, Juventudes 2030, se llev\u00f3 a cabo el Reconocimiento Juventudes 2030 en [&hellip;]\" \/>\n<meta property=\"og:url\" content=\"https:\/\/fuentesfidedignas.com.mx\/index.php\/2026\/03\/07\/sinaloa-reconoce-a-jovenes-destacados-del-movimiento-juvenil-mas-grande-del-estado-juventudes-2030\/\" \/>\n<meta property=\"og:site_name\" content=\"Fuentes Fidedignas\" \/>\n<meta property=\"article:publisher\" content=\"https:\/\/www.facebook.com\/Fuentes-Fidedignas-368234489921644\" \/>\n<meta property=\"article:published_time\" content=\"2026-03-07T23:11:15+00:00\" \/>\n<meta property=\"article:modified_time\" content=\"2026-03-07T23:11:38+00:00\" \/>\n<meta property=\"og:image\" content=\"https:\/\/fuentesfidedignas.com.mx\/wp-content\/uploads\/2026\/03\/WhatsApp-Image-2026-03-07-at-3.32.12-PM.jpeg\" \/>\n\t<meta property=\"og:image:width\" content=\"500\" \/>\n\t<meta property=\"og:image:height\" content=\"333\" \/>\n\t<meta property=\"og:image:type\" content=\"image\/jpeg\" \/>\n<meta name=\"author\" content=\"Redacci\u00f3n\" \/>\n<meta name=\"twitter:card\" content=\"summary_large_image\" \/>\n<meta name=\"twitter:creator\" content=\"@fidedignas\" \/>\n<meta name=\"twitter:site\" content=\"@fidedignas\" \/>\n<meta name=\"twitter:label1\" content=\"Escrito por\" \/>\n\t<meta name=\"twitter:data1\" content=\"Redacci\u00f3n\" \/>\n\t<meta name=\"twitter:label2\" content=\"Tiempo de lectura\" \/>\n\t<meta name=\"twitter:data2\" content=\"4 minutos\" \/>\n<script type=\"application\/ld+json\" class=\"yoast-schema-graph\">{\"@context\":\"https:\\\/\\\/schema.org\",\"@graph\":[{\"@type\":\"Article\",\"@id\":\"https:\\\/\\\/fuentesfidedignas.com.mx\\\/index.php\\\/2026\\\/03\\\/07\\\/sinaloa-reconoce-a-jovenes-destacados-del-movimiento-juvenil-mas-grande-del-estado-juventudes-2030\\\/#article\",\"isPartOf\":{\"@id\":\"https:\\\/\\\/fuentesfidedignas.com.mx\\\/index.php\\\/2026\\\/03\\\/07\\\/sinaloa-reconoce-a-jovenes-destacados-del-movimiento-juvenil-mas-grande-del-estado-juventudes-2030\\\/\"},\"author\":{\"name\":\"Redacci\u00f3n\",\"@id\":\"https:\\\/\\\/fuentesfidedignas.com.mx\\\/#\\\/schema\\\/person\\\/331be9283d37198e2acd5750279085b0\"},\"headline\":\"Sinaloa reconoce a j\u00f3venes destacados del movimiento juvenil m\u00e1s grande del estado: Juventudes 2030\",\"datePublished\":\"2026-03-07T23:11:15+00:00\",\"dateModified\":\"2026-03-07T23:11:38+00:00\",\"mainEntityOfPage\":{\"@id\":\"https:\\\/\\\/fuentesfidedignas.com.mx\\\/index.php\\\/2026\\\/03\\\/07\\\/sinaloa-reconoce-a-jovenes-destacados-del-movimiento-juvenil-mas-grande-del-estado-juventudes-2030\\\/\"},\"wordCount\":790,\"commentCount\":0,\"publisher\":{\"@id\":\"https:\\\/\\\/fuentesfidedignas.com.mx\\\/#organization\"},\"image\":{\"@id\":\"https:\\\/\\\/fuentesfidedignas.com.mx\\\/index.php\\\/2026\\\/03\\\/07\\\/sinaloa-reconoce-a-jovenes-destacados-del-movimiento-juvenil-mas-grande-del-estado-juventudes-2030\\\/#primaryimage\"},\"thumbnailUrl\":\"https:\\\/\\\/fuentesfidedignas.com.mx\\\/wp-content\\\/uploads\\\/2026\\\/03\\\/WhatsApp-Image-2026-03-07-at-3.32.12-PM.jpeg\",\"articleSection\":[\"NOTA PRINCIPAL\"],\"inLanguage\":\"es\",\"potentialAction\":[{\"@type\":\"CommentAction\",\"name\":\"Comment\",\"target\":[\"https:\\\/\\\/fuentesfidedignas.com.mx\\\/index.php\\\/2026\\\/03\\\/07\\\/sinaloa-reconoce-a-jovenes-destacados-del-movimiento-juvenil-mas-grande-del-estado-juventudes-2030\\\/#respond\"]}]},{\"@type\":\"WebPage\",\"@id\":\"https:\\\/\\\/fuentesfidedignas.com.mx\\\/index.php\\\/2026\\\/03\\\/07\\\/sinaloa-reconoce-a-jovenes-destacados-del-movimiento-juvenil-mas-grande-del-estado-juventudes-2030\\\/\",\"url\":\"https:\\\/\\\/fuentesfidedignas.com.mx\\\/index.php\\\/2026\\\/03\\\/07\\\/sinaloa-reconoce-a-jovenes-destacados-del-movimiento-juvenil-mas-grande-del-estado-juventudes-2030\\\/\",\"name\":\"Sinaloa reconoce a j\u00f3venes destacados del movimiento juvenil m\u00e1s grande del estado: Juventudes 2030 - Fuentes Fidedignas\",\"isPartOf\":{\"@id\":\"https:\\\/\\\/fuentesfidedignas.com.mx\\\/#website\"},\"primaryImageOfPage\":{\"@id\":\"https:\\\/\\\/fuentesfidedignas.com.mx\\\/index.php\\\/2026\\\/03\\\/07\\\/sinaloa-reconoce-a-jovenes-destacados-del-movimiento-juvenil-mas-grande-del-estado-juventudes-2030\\\/#primaryimage\"},\"image\":{\"@id\":\"https:\\\/\\\/fuentesfidedignas.com.mx\\\/index.php\\\/2026\\\/03\\\/07\\\/sinaloa-reconoce-a-jovenes-destacados-del-movimiento-juvenil-mas-grande-del-estado-juventudes-2030\\\/#primaryimage\"},\"thumbnailUrl\":\"https:\\\/\\\/fuentesfidedignas.com.mx\\\/wp-content\\\/uploads\\\/2026\\\/03\\\/WhatsApp-Image-2026-03-07-at-3.32.12-PM.jpeg\",\"datePublished\":\"2026-03-07T23:11:15+00:00\",\"dateModified\":\"2026-03-07T23:11:38+00:00\",\"breadcrumb\":{\"@id\":\"https:\\\/\\\/fuentesfidedignas.com.mx\\\/index.php\\\/2026\\\/03\\\/07\\\/sinaloa-reconoce-a-jovenes-destacados-del-movimiento-juvenil-mas-grande-del-estado-juventudes-2030\\\/#breadcrumb\"},\"inLanguage\":\"es\",\"potentialAction\":[{\"@type\":\"ReadAction\",\"target\":[\"https:\\\/\\\/fuentesfidedignas.com.mx\\\/index.php\\\/2026\\\/03\\\/07\\\/sinaloa-reconoce-a-jovenes-destacados-del-movimiento-juvenil-mas-grande-del-estado-juventudes-2030\\\/\"]}]},{\"@type\":\"ImageObject\",\"inLanguage\":\"es\",\"@id\":\"https:\\\/\\\/fuentesfidedignas.com.mx\\\/index.php\\\/2026\\\/03\\\/07\\\/sinaloa-reconoce-a-jovenes-destacados-del-movimiento-juvenil-mas-grande-del-estado-juventudes-2030\\\/#primaryimage\",\"url\":\"https:\\\/\\\/fuentesfidedignas.com.mx\\\/wp-content\\\/uploads\\\/2026\\\/03\\\/WhatsApp-Image-2026-03-07-at-3.32.12-PM.jpeg\",\"contentUrl\":\"https:\\\/\\\/fuentesfidedignas.com.mx\\\/wp-content\\\/uploads\\\/2026\\\/03\\\/WhatsApp-Image-2026-03-07-at-3.32.12-PM.jpeg\",\"width\":500,\"height\":333},{\"@type\":\"BreadcrumbList\",\"@id\":\"https:\\\/\\\/fuentesfidedignas.com.mx\\\/index.php\\\/2026\\\/03\\\/07\\\/sinaloa-reconoce-a-jovenes-destacados-del-movimiento-juvenil-mas-grande-del-estado-juventudes-2030\\\/#breadcrumb\",\"itemListElement\":[{\"@type\":\"ListItem\",\"position\":1,\"name\":\"Inicio\",\"item\":\"https:\\\/\\\/fuentesfidedignas.com.mx\\\/\"},{\"@type\":\"ListItem\",\"position\":2,\"name\":\"Sinaloa reconoce a j\u00f3venes destacados del movimiento juvenil m\u00e1s grande del estado: Juventudes 2030\"}]},{\"@type\":\"WebSite\",\"@id\":\"https:\\\/\\\/fuentesfidedignas.com.mx\\\/#website\",\"url\":\"https:\\\/\\\/fuentesfidedignas.com.mx\\\/\",\"name\":\"Fuentes Fidedignas\",\"description\":\"Otro sitio realizado con WordPress\",\"publisher\":{\"@id\":\"https:\\\/\\\/fuentesfidedignas.com.mx\\\/#organization\"},\"potentialAction\":[{\"@type\":\"SearchAction\",\"target\":{\"@type\":\"EntryPoint\",\"urlTemplate\":\"https:\\\/\\\/fuentesfidedignas.com.mx\\\/?s={search_term_string}\"},\"query-input\":{\"@type\":\"PropertyValueSpecification\",\"valueRequired\":true,\"valueName\":\"search_term_string\"}}],\"inLanguage\":\"es\"},{\"@type\":\"Organization\",\"@id\":\"https:\\\/\\\/fuentesfidedignas.com.mx\\\/#organization\",\"name\":\"Fuentes Fidedignas\",\"url\":\"https:\\\/\\\/fuentesfidedignas.com.mx\\\/\",\"logo\":{\"@type\":\"ImageObject\",\"inLanguage\":\"es\",\"@id\":\"https:\\\/\\\/fuentesfidedignas.com.mx\\\/#\\\/schema\\\/logo\\\/image\\\/\",\"url\":\"https:\\\/\\\/fuentesfidedignas.com.mx\\\/wp-content\\\/uploads\\\/2021\\\/04\\\/logo-retina.png\",\"contentUrl\":\"https:\\\/\\\/fuentesfidedignas.com.mx\\\/wp-content\\\/uploads\\\/2021\\\/04\\\/logo-retina.png\",\"width\":280,\"height\":51,\"caption\":\"Fuentes Fidedignas\"},\"image\":{\"@id\":\"https:\\\/\\\/fuentesfidedignas.com.mx\\\/#\\\/schema\\\/logo\\\/image\\\/\"},\"sameAs\":[\"https:\\\/\\\/www.facebook.com\\\/Fuentes-Fidedignas-368234489921644\",\"https:\\\/\\\/x.com\\\/fidedignas\"]},{\"@type\":\"Person\",\"@id\":\"https:\\\/\\\/fuentesfidedignas.com.mx\\\/#\\\/schema\\\/person\\\/331be9283d37198e2acd5750279085b0\",\"name\":\"Redacci\u00f3n\",\"image\":{\"@type\":\"ImageObject\",\"inLanguage\":\"es\",\"@id\":\"https:\\\/\\\/secure.gravatar.com\\\/avatar\\\/f6d8782c11d12b2d4ad3fbb6931aeab5309937a4d6cd2fc9cfaa28a6396a5aec?s=96&d=mm&r=g\",\"url\":\"https:\\\/\\\/secure.gravatar.com\\\/avatar\\\/f6d8782c11d12b2d4ad3fbb6931aeab5309937a4d6cd2fc9cfaa28a6396a5aec?s=96&d=mm&r=g\",\"contentUrl\":\"https:\\\/\\\/secure.gravatar.com\\\/avatar\\\/f6d8782c11d12b2d4ad3fbb6931aeab5309937a4d6cd2fc9cfaa28a6396a5aec?s=96&d=mm&r=g\",\"caption\":\"Redacci\u00f3n\"},\"url\":\"https:\\\/\\\/fuentesfidedignas.com.mx\\\/index.php\\\/author\\\/redaccion\\\/\"}]}<\/script>\n<!-- \/ Yoast SEO plugin. -->","yoast_head_json":{"title":"Sinaloa reconoce a j\u00f3venes destacados del movimiento juvenil m\u00e1s grande del estado: Juventudes 2030 - Fuentes Fidedignas","robots":{"index":"index","follow":"follow","max-snippet":"max-snippet:-1","max-image-preview":"max-image-preview:large","max-video-preview":"max-video-preview:-1"},"canonical":"https:\/\/fuentesfidedignas.com.mx\/index.php\/2026\/03\/07\/sinaloa-reconoce-a-jovenes-destacados-del-movimiento-juvenil-mas-grande-del-estado-juventudes-2030\/","og_locale":"es_MX","og_type":"article","og_title":"Sinaloa reconoce a j\u00f3venes destacados del movimiento juvenil m\u00e1s grande del estado: Juventudes 2030 - Fuentes Fidedignas","og_description":"Durante el Reconocimiento Juventudes 2030 se distingui\u00f3 a j\u00f3venes sinaloenses por sus acciones y liderazgo en beneficio de sus comunidades. Culiac\u00e1n, Sin.\u2013 Con el prop\u00f3sito de reconocer a las y los j\u00f3venes destacados de la tercera generaci\u00f3n del movimiento juvenil m\u00e1s grande de Sinaloa, Juventudes 2030, se llev\u00f3 a cabo el Reconocimiento Juventudes 2030 en [&hellip;]","og_url":"https:\/\/fuentesfidedignas.com.mx\/index.php\/2026\/03\/07\/sinaloa-reconoce-a-jovenes-destacados-del-movimiento-juvenil-mas-grande-del-estado-juventudes-2030\/","og_site_name":"Fuentes Fidedignas","article_publisher":"https:\/\/www.facebook.com\/Fuentes-Fidedignas-368234489921644","article_published_time":"2026-03-07T23:11:15+00:00","article_modified_time":"2026-03-07T23:11:38+00:00","og_image":[{"width":500,"height":333,"url":"https:\/\/fuentesfidedignas.com.mx\/wp-content\/uploads\/2026\/03\/WhatsApp-Image-2026-03-07-at-3.32.12-PM.jpeg","type":"image\/jpeg"}],"author":"Redacci\u00f3n","twitter_card":"summary_large_image","twitter_creator":"@fidedignas","twitter_site":"@fidedignas","twitter_misc":{"Escrito por":"Redacci\u00f3n","Tiempo de lectura":"4 minutos"},"schema":{"@context":"https:\/\/schema.org","@graph":[{"@type":"Article","@id":"https:\/\/fuentesfidedignas.com.mx\/index.php\/2026\/03\/07\/sinaloa-reconoce-a-jovenes-destacados-del-movimiento-juvenil-mas-grande-del-estado-juventudes-2030\/#article","isPartOf":{"@id":"https:\/\/fuentesfidedignas.com.mx\/index.php\/2026\/03\/07\/sinaloa-reconoce-a-jovenes-destacados-del-movimiento-juvenil-mas-grande-del-estado-juventudes-2030\/"},"author":{"name":"Redacci\u00f3n","@id":"https:\/\/fuentesfidedignas.com.mx\/#\/schema\/person\/331be9283d37198e2acd5750279085b0"},"headline":"Sinaloa reconoce a j\u00f3venes destacados del movimiento juvenil m\u00e1s grande del estado: Juventudes 2030","datePublished":"2026-03-07T23:11:15+00:00","dateModified":"2026-03-07T23:11:38+00:00","mainEntityOfPage":{"@id":"https:\/\/fuentesfidedignas.com.mx\/index.php\/2026\/03\/07\/sinaloa-reconoce-a-jovenes-destacados-del-movimiento-juvenil-mas-grande-del-estado-juventudes-2030\/"},"wordCount":790,"commentCount":0,"publisher":{"@id":"https:\/\/fuentesfidedignas.com.mx\/#organization"},"image":{"@id":"https:\/\/fuentesfidedignas.com.mx\/index.php\/2026\/03\/07\/sinaloa-reconoce-a-jovenes-destacados-del-movimiento-juvenil-mas-grande-del-estado-juventudes-2030\/#primaryimage"},"thumbnailUrl":"https:\/\/fuentesfidedignas.com.mx\/wp-content\/uploads\/2026\/03\/WhatsApp-Image-2026-03-07-at-3.32.12-PM.jpeg","articleSection":["NOTA PRINCIPAL"],"inLanguage":"es","potentialAction":[{"@type":"CommentAction","name":"Comment","target":["https:\/\/fuentesfidedignas.com.mx\/index.php\/2026\/03\/07\/sinaloa-reconoce-a-jovenes-destacados-del-movimiento-juvenil-mas-grande-del-estado-juventudes-2030\/#respond"]}]},{"@type":"WebPage","@id":"https:\/\/fuentesfidedignas.com.mx\/index.php\/2026\/03\/07\/sinaloa-reconoce-a-jovenes-destacados-del-movimiento-juvenil-mas-grande-del-estado-juventudes-2030\/","url":"https:\/\/fuentesfidedignas.com.mx\/index.php\/2026\/03\/07\/sinaloa-reconoce-a-jovenes-destacados-del-movimiento-juvenil-mas-grande-del-estado-juventudes-2030\/","name":"Sinaloa reconoce a j\u00f3venes destacados del movimiento juvenil m\u00e1s grande del estado: Juventudes 2030 - Fuentes Fidedignas","isPartOf":{"@id":"https:\/\/fuentesfidedignas.com.mx\/#website"},"primaryImageOfPage":{"@id":"https:\/\/fuentesfidedignas.com.mx\/index.php\/2026\/03\/07\/sinaloa-reconoce-a-jovenes-destacados-del-movimiento-juvenil-mas-grande-del-estado-juventudes-2030\/#primaryimage"},"image":{"@id":"https:\/\/fuentesfidedignas.com.mx\/index.php\/2026\/03\/07\/sinaloa-reconoce-a-jovenes-destacados-del-movimiento-juvenil-mas-grande-del-estado-juventudes-2030\/#primaryimage"},"thumbnailUrl":"https:\/\/fuentesfidedignas.com.mx\/wp-content\/uploads\/2026\/03\/WhatsApp-Image-2026-03-07-at-3.32.12-PM.jpeg","datePublished":"2026-03-07T23:11:15+00:00","dateModified":"2026-03-07T23:11:38+00:00","breadcrumb":{"@id":"https:\/\/fuentesfidedignas.com.mx\/index.php\/2026\/03\/07\/sinaloa-reconoce-a-jovenes-destacados-del-movimiento-juvenil-mas-grande-del-estado-juventudes-2030\/#breadcrumb"},"inLanguage":"es","potentialAction":[{"@type":"ReadAction","target":["https:\/\/fuentesfidedignas.com.mx\/index.php\/2026\/03\/07\/sinaloa-reconoce-a-jovenes-destacados-del-movimiento-juvenil-mas-grande-del-estado-juventudes-2030\/"]}]},{"@type":"ImageObject","inLanguage":"es","@id":"https:\/\/fuentesfidedignas.com.mx\/index.php\/2026\/03\/07\/sinaloa-reconoce-a-jovenes-destacados-del-movimiento-juvenil-mas-grande-del-estado-juventudes-2030\/#primaryimage","url":"https:\/\/fuentesfidedignas.com.mx\/wp-content\/uploads\/2026\/03\/WhatsApp-Image-2026-03-07-at-3.32.12-PM.jpeg","contentUrl":"https:\/\/fuentesfidedignas.com.mx\/wp-content\/uploads\/2026\/03\/WhatsApp-Image-2026-03-07-at-3.32.12-PM.jpeg","width":500,"height":333},{"@type":"BreadcrumbList","@id":"https:\/\/fuentesfidedignas.com.mx\/index.php\/2026\/03\/07\/sinaloa-reconoce-a-jovenes-destacados-del-movimiento-juvenil-mas-grande-del-estado-juventudes-2030\/#breadcrumb","itemListElement":[{"@type":"ListItem","position":1,"name":"Inicio","item":"https:\/\/fuentesfidedignas.com.mx\/"},{"@type":"ListItem","position":2,"name":"Sinaloa reconoce a j\u00f3venes destacados del movimiento juvenil m\u00e1s grande del estado: Juventudes 2030"}]},{"@type":"WebSite","@id":"https:\/\/fuentesfidedignas.com.mx\/#website","url":"https:\/\/fuentesfidedignas.com.mx\/","name":"Fuentes Fidedignas","description":"Otro sitio realizado con WordPress","publisher":{"@id":"https:\/\/fuentesfidedignas.com.mx\/#organization"},"potentialAction":[{"@type":"SearchAction","target":{"@type":"EntryPoint","urlTemplate":"https:\/\/fuentesfidedignas.com.mx\/?s={search_term_string}"},"query-input":{"@type":"PropertyValueSpecification","valueRequired":true,"valueName":"search_term_string"}}],"inLanguage":"es"},{"@type":"Organization","@id":"https:\/\/fuentesfidedignas.com.mx\/#organization","name":"Fuentes Fidedignas","url":"https:\/\/fuentesfidedignas.com.mx\/","logo":{"@type":"ImageObject","inLanguage":"es","@id":"https:\/\/fuentesfidedignas.com.mx\/#\/schema\/logo\/image\/","url":"https:\/\/fuentesfidedignas.com.mx\/wp-content\/uploads\/2021\/04\/logo-retina.png","contentUrl":"https:\/\/fuentesfidedignas.com.mx\/wp-content\/uploads\/2021\/04\/logo-retina.png","width":280,"height":51,"caption":"Fuentes Fidedignas"},"image":{"@id":"https:\/\/fuentesfidedignas.com.mx\/#\/schema\/logo\/image\/"},"sameAs":["https:\/\/www.facebook.com\/Fuentes-Fidedignas-368234489921644","https:\/\/x.com\/fidedignas"]},{"@type":"Person","@id":"https:\/\/fuentesfidedignas.com.mx\/#\/schema\/person\/331be9283d37198e2acd5750279085b0","name":"Redacci\u00f3n","image":{"@type":"ImageObject","inLanguage":"es","@id":"https:\/\/secure.gravatar.com\/avatar\/f6d8782c11d12b2d4ad3fbb6931aeab5309937a4d6cd2fc9cfaa28a6396a5aec?s=96&d=mm&r=g","url":"https:\/\/secure.gravatar.com\/avatar\/f6d8782c11d12b2d4ad3fbb6931aeab5309937a4d6cd2fc9cfaa28a6396a5aec?s=96&d=mm&r=g","contentUrl":"https:\/\/secure.gravatar.com\/avatar\/f6d8782c11d12b2d4ad3fbb6931aeab5309937a4d6cd2fc9cfaa28a6396a5aec?s=96&d=mm&r=g","caption":"Redacci\u00f3n"},"url":"https:\/\/fuentesfidedignas.com.mx\/index.php\/author\/redaccion\/"}]}},"_links":{"self":[{"href":"https:\/\/fuentesfidedignas.com.mx\/index.php\/wp-json\/wp\/v2\/posts\/128825","targetHints":{"allow":["GET"]}}],"collection":[{"href":"https:\/\/fuentesfidedignas.com.mx\/index.php\/wp-json\/wp\/v2\/posts"}],"about":[{"href":"https:\/\/fuentesfidedignas.com.mx\/index.php\/wp-json\/wp\/v2\/types\/post"}],"author":[{"embeddable":true,"href":"https:\/\/fuentesfidedignas.com.mx\/index.php\/wp-json\/wp\/v2\/users\/4"}],"replies":[{"embeddable":true,"href":"https:\/\/fuentesfidedignas.com.mx\/index.php\/wp-json\/wp\/v2\/comments?post=128825"}],"version-history":[{"count":1,"href":"https:\/\/fuentesfidedignas.com.mx\/index.php\/wp-json\/wp\/v2\/posts\/128825\/revisions"}],"predecessor-version":[{"id":128827,"href":"https:\/\/fuentesfidedignas.com.mx\/index.php\/wp-json\/wp\/v2\/posts\/128825\/revisions\/128827"}],"wp:featuredmedia":[{"embeddable":true,"href":"https:\/\/fuentesfidedignas.com.mx\/index.php\/wp-json\/wp\/v2\/media\/128826"}],"wp:attachment":[{"href":"https:\/\/fuentesfidedignas.com.mx\/index.php\/wp-json\/wp\/v2\/media?parent=128825"}],"wp:term":[{"taxonomy":"category","embeddable":true,"href":"https:\/\/fuentesfidedignas.com.mx\/index.php\/wp-json\/wp\/v2\/categories?post=128825"},{"taxonomy":"post_tag","embeddable":true,"href":"https:\/\/fuentesfidedignas.com.mx\/index.php\/wp-json\/wp\/v2\/tags?post=128825"}],"curies":[{"name":"wp","href":"https:\/\/api.w.org\/{rel}","templated":true}]}}