{"id":128814,"date":"2026-03-07T15:22:11","date_gmt":"2026-03-07T22:22:11","guid":{"rendered":"https:\/\/fuentesfidedignas.com.mx\/?p=128814"},"modified":"2026-03-07T15:22:16","modified_gmt":"2026-03-07T22:22:16","slug":"en-la-uas-se-dio-la-prevision-antes-de-la-tormenta","status":"publish","type":"post","link":"https:\/\/fuentesfidedignas.com.mx\/index.php\/2026\/03\/07\/en-la-uas-se-dio-la-prevision-antes-de-la-tormenta\/","title":{"rendered":"En la UAS se dio la previsi\u00f3n antes de la tormenta"},"content":{"rendered":"\n<p>Hay decisiones administrativas que en su momento generan incomodidad, debate e incluso incomprensi\u00f3n. Sin embargo, con el paso del tiempo suelen revelar su verdadero valor: el de haber anticipado los cambios del entorno y proteger, con responsabilidad, el futuro de una instituci\u00f3n y de su comunidad. Algo as\u00ed ocurre hoy con la reingenier\u00eda financiera emprendida por la Universidad Aut\u00f3noma de Sinaloa.<br>La reciente jurisprudencia de la Suprema Corte de Justicia de la Naci\u00f3n ha vuelto a colocar sobre la mesa un tema delicado: la duplicidad de prestaciones en materia de retiro. La Segunda Sala del m\u00e1ximo tribunal resolvi\u00f3 que no es procedente recibir simult\u00e1neamente una jubilaci\u00f3n contractual y una pensi\u00f3n por vejez cuando ambas cubren el mismo riesgo: la p\u00e9rdida de ingresos por envejecimiento laboral. En otras palabras, se termin\u00f3 el esquema de pagos dobles en casos como el de trabajadores del propio IMSS que, durante a\u00f1os, hab\u00edan litigado para obtener ambas prestaciones.<br>El criterio, aprobado por unanimidad en el Amparo Directo en Revisi\u00f3n 5192\/2024 bajo la ponencia de la ministra Yasm\u00edn Esquivel Mossa, se convirti\u00f3 ya en jurisprudencia obligatoria. La Corte fue clara: permitir el cobro simult\u00e1neo representar\u00eda una duplicidad injustificada de recursos p\u00fablicos. La resoluci\u00f3n incluso abre la puerta a revisar pagos actuales donde exista esta condici\u00f3n.<br>Este precedente nacional obliga a reflexionar sobre la importancia de actuar con previsi\u00f3n institucional. En el caso de la Universidad Aut\u00f3noma de Sinaloa, la llamada reingenier\u00eda financiera tuvo precisamente ese esp\u00edritu: ordenar, prever y proteger.<br>Porque la realidad es esta: los trabajadores universitarios cuentan con su pensi\u00f3n del IMSS, como millones de mexicanos, y adem\u00e1s con la Jubilaci\u00f3n Din\u00e1mica que otorga la UAS, un esquema que garantiza ingresos de por vida. En los hechos \u2014aunque algunos discutan la definici\u00f3n\u2014 se trata de una doble protecci\u00f3n para el retiro.<br>En un contexto nacional donde cada vez se revisan con mayor rigor las duplicidades en el uso de recursos p\u00fablicos, la decisi\u00f3n de ordenar y fortalecer el sistema universitario de jubilaciones no fue menor. Fue, en muchos sentidos, un acto de responsabilidad institucional.<br>El rector Dr. Jes\u00fas Madue\u00f1a Molina asumi\u00f3 esa tarea con una mezcla de sensatez y valent\u00eda que no siempre es f\u00e1cil encontrar en la vida p\u00fablica. Porque reformar sistemas heredados, revisar compromisos financieros de largo plazo y pensar en la sostenibilidad de una universidad no suele ser una decisi\u00f3n popular. Pero s\u00ed es una decisi\u00f3n necesaria.<br>El fil\u00f3sofo espa\u00f1ol Jos\u00e9 Ortega y Gasset escribi\u00f3 alguna vez que \u201cgobernar es prever\u201d. Y pocas frases describen mejor lo que implica dirigir una instituci\u00f3n del tama\u00f1o y la trascendencia de la Universidad Aut\u00f3noma de Sinaloa.<br>La reingenier\u00eda universitaria no fue simplemente un ajuste administrativo. Fue una forma de blindar el futuro de la universidad y, al mismo tiempo, proteger derechos laborales en un contexto nacional cada vez m\u00e1s exigente en materia de disciplina financiera.<br>Hoy, cuando la Suprema Corte marca un precedente que redefine los l\u00edmites de las prestaciones de retiro en M\u00e9xico, queda claro que las instituciones que se anticipan a los cambios no s\u00f3lo sobreviven: se fortalecen.<br>En tiempos donde muchas decisiones p\u00fablicas se toman pensando en el corto plazo, la UAS opt\u00f3 por mirar hacia adelante. Y esa, quiz\u00e1, sea la mayor virtud de la previsi\u00f3n: actuar antes de que la tormenta llegue.<\/p>\n","protected":false},"excerpt":{"rendered":"<p>Hay decisiones administrativas que en su momento generan incomodidad, debate e incluso incomprensi\u00f3n. Sin embargo, con el paso del tiempo suelen revelar su verdadero valor: el de haber anticipado los cambios del entorno y proteger, con responsabilidad, el futuro de una instituci\u00f3n y de su comunidad. Algo as\u00ed ocurre hoy con la reingenier\u00eda financiera emprendida [&hellip;]<\/p>\n","protected":false},"author":140,"featured_media":62525,"comment_status":"open","ping_status":"open","sticky":false,"template":"","format":"standard","meta":{"tdm_status":"","tdm_grid_status":"","footnotes":""},"categories":[3064,3086],"tags":[],"class_list":{"0":"post-128814","1":"post","2":"type-post","3":"status-publish","4":"format-standard","5":"has-post-thumbnail","7":"category-columnas","8":"category-cuando-el-rio-suena"},"yoast_head":"<!-- This site is optimized with the Yoast SEO plugin v27.5 - https:\/\/yoast.com\/product\/yoast-seo-wordpress\/ -->\n<title>En la UAS se dio la previsi\u00f3n antes de la tormenta - Fuentes Fidedignas<\/title>\n<meta name=\"robots\" content=\"index, follow, max-snippet:-1, max-image-preview:large, max-video-preview:-1\" \/>\n<link rel=\"canonical\" href=\"https:\/\/fuentesfidedignas.com.mx\/index.php\/2026\/03\/07\/en-la-uas-se-dio-la-prevision-antes-de-la-tormenta\/\" \/>\n<meta property=\"og:locale\" content=\"es_MX\" \/>\n<meta property=\"og:type\" content=\"article\" \/>\n<meta property=\"og:title\" content=\"En la UAS se dio la previsi\u00f3n antes de la tormenta - Fuentes Fidedignas\" \/>\n<meta property=\"og:description\" content=\"Hay decisiones administrativas que en su momento generan incomodidad, debate e incluso incomprensi\u00f3n. Sin embargo, con el paso del tiempo suelen revelar su verdadero valor: el de haber anticipado los cambios del entorno y proteger, con responsabilidad, el futuro de una instituci\u00f3n y de su comunidad. Algo as\u00ed ocurre hoy con la reingenier\u00eda financiera emprendida [&hellip;]\" \/>\n<meta property=\"og:url\" content=\"https:\/\/fuentesfidedignas.com.mx\/index.php\/2026\/03\/07\/en-la-uas-se-dio-la-prevision-antes-de-la-tormenta\/\" \/>\n<meta property=\"og:site_name\" content=\"Fuentes Fidedignas\" \/>\n<meta property=\"article:publisher\" content=\"https:\/\/www.facebook.com\/Fuentes-Fidedignas-368234489921644\" \/>\n<meta property=\"article:published_time\" content=\"2026-03-07T22:22:11+00:00\" \/>\n<meta property=\"article:modified_time\" content=\"2026-03-07T22:22:16+00:00\" \/>\n<meta property=\"og:image\" content=\"https:\/\/fuentesfidedignas.com.mx\/wp-content\/uploads\/2023\/10\/Rectoria_UAS-2.jpg\" \/>\n\t<meta property=\"og:image:width\" content=\"1280\" \/>\n\t<meta property=\"og:image:height\" content=\"960\" \/>\n\t<meta property=\"og:image:type\" content=\"image\/jpeg\" \/>\n<meta name=\"author\" content=\"F.F\" \/>\n<meta name=\"twitter:card\" content=\"summary_large_image\" \/>\n<meta name=\"twitter:creator\" content=\"@fidedignas\" \/>\n<meta name=\"twitter:site\" content=\"@fidedignas\" \/>\n<meta name=\"twitter:label1\" content=\"Escrito por\" \/>\n\t<meta name=\"twitter:data1\" content=\"F.F\" \/>\n\t<meta name=\"twitter:label2\" content=\"Tiempo de lectura\" \/>\n\t<meta name=\"twitter:data2\" content=\"3 minutos\" \/>\n<script type=\"application\/ld+json\" class=\"yoast-schema-graph\">{\"@context\":\"https:\\\/\\\/schema.org\",\"@graph\":[{\"@type\":\"Article\",\"@id\":\"https:\\\/\\\/fuentesfidedignas.com.mx\\\/index.php\\\/2026\\\/03\\\/07\\\/en-la-uas-se-dio-la-prevision-antes-de-la-tormenta\\\/#article\",\"isPartOf\":{\"@id\":\"https:\\\/\\\/fuentesfidedignas.com.mx\\\/index.php\\\/2026\\\/03\\\/07\\\/en-la-uas-se-dio-la-prevision-antes-de-la-tormenta\\\/\"},\"author\":{\"name\":\"F.F\",\"@id\":\"https:\\\/\\\/fuentesfidedignas.com.mx\\\/#\\\/schema\\\/person\\\/257ce668995e70619a0423d4063f7539\"},\"headline\":\"En la UAS se dio la previsi\u00f3n antes de la tormenta\",\"datePublished\":\"2026-03-07T22:22:11+00:00\",\"dateModified\":\"2026-03-07T22:22:16+00:00\",\"mainEntityOfPage\":{\"@id\":\"https:\\\/\\\/fuentesfidedignas.com.mx\\\/index.php\\\/2026\\\/03\\\/07\\\/en-la-uas-se-dio-la-prevision-antes-de-la-tormenta\\\/\"},\"wordCount\":604,\"commentCount\":0,\"publisher\":{\"@id\":\"https:\\\/\\\/fuentesfidedignas.com.mx\\\/#organization\"},\"image\":{\"@id\":\"https:\\\/\\\/fuentesfidedignas.com.mx\\\/index.php\\\/2026\\\/03\\\/07\\\/en-la-uas-se-dio-la-prevision-antes-de-la-tormenta\\\/#primaryimage\"},\"thumbnailUrl\":\"https:\\\/\\\/fuentesfidedignas.com.mx\\\/wp-content\\\/uploads\\\/2023\\\/10\\\/Rectoria_UAS-2.jpg\",\"articleSection\":[\"COLUMNAS\",\"CUANDO EL RIO SUENA\"],\"inLanguage\":\"es\",\"potentialAction\":[{\"@type\":\"CommentAction\",\"name\":\"Comment\",\"target\":[\"https:\\\/\\\/fuentesfidedignas.com.mx\\\/index.php\\\/2026\\\/03\\\/07\\\/en-la-uas-se-dio-la-prevision-antes-de-la-tormenta\\\/#respond\"]}]},{\"@type\":\"WebPage\",\"@id\":\"https:\\\/\\\/fuentesfidedignas.com.mx\\\/index.php\\\/2026\\\/03\\\/07\\\/en-la-uas-se-dio-la-prevision-antes-de-la-tormenta\\\/\",\"url\":\"https:\\\/\\\/fuentesfidedignas.com.mx\\\/index.php\\\/2026\\\/03\\\/07\\\/en-la-uas-se-dio-la-prevision-antes-de-la-tormenta\\\/\",\"name\":\"En la UAS se dio la previsi\u00f3n antes de la tormenta - Fuentes Fidedignas\",\"isPartOf\":{\"@id\":\"https:\\\/\\\/fuentesfidedignas.com.mx\\\/#website\"},\"primaryImageOfPage\":{\"@id\":\"https:\\\/\\\/fuentesfidedignas.com.mx\\\/index.php\\\/2026\\\/03\\\/07\\\/en-la-uas-se-dio-la-prevision-antes-de-la-tormenta\\\/#primaryimage\"},\"image\":{\"@id\":\"https:\\\/\\\/fuentesfidedignas.com.mx\\\/index.php\\\/2026\\\/03\\\/07\\\/en-la-uas-se-dio-la-prevision-antes-de-la-tormenta\\\/#primaryimage\"},\"thumbnailUrl\":\"https:\\\/\\\/fuentesfidedignas.com.mx\\\/wp-content\\\/uploads\\\/2023\\\/10\\\/Rectoria_UAS-2.jpg\",\"datePublished\":\"2026-03-07T22:22:11+00:00\",\"dateModified\":\"2026-03-07T22:22:16+00:00\",\"breadcrumb\":{\"@id\":\"https:\\\/\\\/fuentesfidedignas.com.mx\\\/index.php\\\/2026\\\/03\\\/07\\\/en-la-uas-se-dio-la-prevision-antes-de-la-tormenta\\\/#breadcrumb\"},\"inLanguage\":\"es\",\"potentialAction\":[{\"@type\":\"ReadAction\",\"target\":[\"https:\\\/\\\/fuentesfidedignas.com.mx\\\/index.php\\\/2026\\\/03\\\/07\\\/en-la-uas-se-dio-la-prevision-antes-de-la-tormenta\\\/\"]}]},{\"@type\":\"ImageObject\",\"inLanguage\":\"es\",\"@id\":\"https:\\\/\\\/fuentesfidedignas.com.mx\\\/index.php\\\/2026\\\/03\\\/07\\\/en-la-uas-se-dio-la-prevision-antes-de-la-tormenta\\\/#primaryimage\",\"url\":\"https:\\\/\\\/fuentesfidedignas.com.mx\\\/wp-content\\\/uploads\\\/2023\\\/10\\\/Rectoria_UAS-2.jpg\",\"contentUrl\":\"https:\\\/\\\/fuentesfidedignas.com.mx\\\/wp-content\\\/uploads\\\/2023\\\/10\\\/Rectoria_UAS-2.jpg\",\"width\":1280,\"height\":960},{\"@type\":\"BreadcrumbList\",\"@id\":\"https:\\\/\\\/fuentesfidedignas.com.mx\\\/index.php\\\/2026\\\/03\\\/07\\\/en-la-uas-se-dio-la-prevision-antes-de-la-tormenta\\\/#breadcrumb\",\"itemListElement\":[{\"@type\":\"ListItem\",\"position\":1,\"name\":\"Inicio\",\"item\":\"https:\\\/\\\/fuentesfidedignas.com.mx\\\/\"},{\"@type\":\"ListItem\",\"position\":2,\"name\":\"En la UAS se dio la previsi\u00f3n antes de la tormenta\"}]},{\"@type\":\"WebSite\",\"@id\":\"https:\\\/\\\/fuentesfidedignas.com.mx\\\/#website\",\"url\":\"https:\\\/\\\/fuentesfidedignas.com.mx\\\/\",\"name\":\"Fuentes Fidedignas\",\"description\":\"Otro sitio realizado con WordPress\",\"publisher\":{\"@id\":\"https:\\\/\\\/fuentesfidedignas.com.mx\\\/#organization\"},\"potentialAction\":[{\"@type\":\"SearchAction\",\"target\":{\"@type\":\"EntryPoint\",\"urlTemplate\":\"https:\\\/\\\/fuentesfidedignas.com.mx\\\/?s={search_term_string}\"},\"query-input\":{\"@type\":\"PropertyValueSpecification\",\"valueRequired\":true,\"valueName\":\"search_term_string\"}}],\"inLanguage\":\"es\"},{\"@type\":\"Organization\",\"@id\":\"https:\\\/\\\/fuentesfidedignas.com.mx\\\/#organization\",\"name\":\"Fuentes Fidedignas\",\"url\":\"https:\\\/\\\/fuentesfidedignas.com.mx\\\/\",\"logo\":{\"@type\":\"ImageObject\",\"inLanguage\":\"es\",\"@id\":\"https:\\\/\\\/fuentesfidedignas.com.mx\\\/#\\\/schema\\\/logo\\\/image\\\/\",\"url\":\"https:\\\/\\\/fuentesfidedignas.com.mx\\\/wp-content\\\/uploads\\\/2021\\\/04\\\/logo-retina.png\",\"contentUrl\":\"https:\\\/\\\/fuentesfidedignas.com.mx\\\/wp-content\\\/uploads\\\/2021\\\/04\\\/logo-retina.png\",\"width\":280,\"height\":51,\"caption\":\"Fuentes Fidedignas\"},\"image\":{\"@id\":\"https:\\\/\\\/fuentesfidedignas.com.mx\\\/#\\\/schema\\\/logo\\\/image\\\/\"},\"sameAs\":[\"https:\\\/\\\/www.facebook.com\\\/Fuentes-Fidedignas-368234489921644\",\"https:\\\/\\\/x.com\\\/fidedignas\"]},{\"@type\":\"Person\",\"@id\":\"https:\\\/\\\/fuentesfidedignas.com.mx\\\/#\\\/schema\\\/person\\\/257ce668995e70619a0423d4063f7539\",\"name\":\"F.F\",\"image\":{\"@type\":\"ImageObject\",\"inLanguage\":\"es\",\"@id\":\"https:\\\/\\\/secure.gravatar.com\\\/avatar\\\/852c26b8e524fd0d5d40b1dd4f3b01abe244b22e1008620d24eeae20a74a9353?s=96&d=mm&r=g\",\"url\":\"https:\\\/\\\/secure.gravatar.com\\\/avatar\\\/852c26b8e524fd0d5d40b1dd4f3b01abe244b22e1008620d24eeae20a74a9353?s=96&d=mm&r=g\",\"contentUrl\":\"https:\\\/\\\/secure.gravatar.com\\\/avatar\\\/852c26b8e524fd0d5d40b1dd4f3b01abe244b22e1008620d24eeae20a74a9353?s=96&d=mm&r=g\",\"caption\":\"F.F\"},\"url\":\"https:\\\/\\\/fuentesfidedignas.com.mx\\\/index.php\\\/author\\\/f-f\\\/\"}]}<\/script>\n<!-- \/ Yoast SEO plugin. -->","yoast_head_json":{"title":"En la UAS se dio la previsi\u00f3n antes de la tormenta - Fuentes Fidedignas","robots":{"index":"index","follow":"follow","max-snippet":"max-snippet:-1","max-image-preview":"max-image-preview:large","max-video-preview":"max-video-preview:-1"},"canonical":"https:\/\/fuentesfidedignas.com.mx\/index.php\/2026\/03\/07\/en-la-uas-se-dio-la-prevision-antes-de-la-tormenta\/","og_locale":"es_MX","og_type":"article","og_title":"En la UAS se dio la previsi\u00f3n antes de la tormenta - Fuentes Fidedignas","og_description":"Hay decisiones administrativas que en su momento generan incomodidad, debate e incluso incomprensi\u00f3n. Sin embargo, con el paso del tiempo suelen revelar su verdadero valor: el de haber anticipado los cambios del entorno y proteger, con responsabilidad, el futuro de una instituci\u00f3n y de su comunidad. Algo as\u00ed ocurre hoy con la reingenier\u00eda financiera emprendida [&hellip;]","og_url":"https:\/\/fuentesfidedignas.com.mx\/index.php\/2026\/03\/07\/en-la-uas-se-dio-la-prevision-antes-de-la-tormenta\/","og_site_name":"Fuentes Fidedignas","article_publisher":"https:\/\/www.facebook.com\/Fuentes-Fidedignas-368234489921644","article_published_time":"2026-03-07T22:22:11+00:00","article_modified_time":"2026-03-07T22:22:16+00:00","og_image":[{"width":1280,"height":960,"url":"https:\/\/fuentesfidedignas.com.mx\/wp-content\/uploads\/2023\/10\/Rectoria_UAS-2.jpg","type":"image\/jpeg"}],"author":"F.F","twitter_card":"summary_large_image","twitter_creator":"@fidedignas","twitter_site":"@fidedignas","twitter_misc":{"Escrito por":"F.F","Tiempo de lectura":"3 minutos"},"schema":{"@context":"https:\/\/schema.org","@graph":[{"@type":"Article","@id":"https:\/\/fuentesfidedignas.com.mx\/index.php\/2026\/03\/07\/en-la-uas-se-dio-la-prevision-antes-de-la-tormenta\/#article","isPartOf":{"@id":"https:\/\/fuentesfidedignas.com.mx\/index.php\/2026\/03\/07\/en-la-uas-se-dio-la-prevision-antes-de-la-tormenta\/"},"author":{"name":"F.F","@id":"https:\/\/fuentesfidedignas.com.mx\/#\/schema\/person\/257ce668995e70619a0423d4063f7539"},"headline":"En la UAS se dio la previsi\u00f3n antes de la tormenta","datePublished":"2026-03-07T22:22:11+00:00","dateModified":"2026-03-07T22:22:16+00:00","mainEntityOfPage":{"@id":"https:\/\/fuentesfidedignas.com.mx\/index.php\/2026\/03\/07\/en-la-uas-se-dio-la-prevision-antes-de-la-tormenta\/"},"wordCount":604,"commentCount":0,"publisher":{"@id":"https:\/\/fuentesfidedignas.com.mx\/#organization"},"image":{"@id":"https:\/\/fuentesfidedignas.com.mx\/index.php\/2026\/03\/07\/en-la-uas-se-dio-la-prevision-antes-de-la-tormenta\/#primaryimage"},"thumbnailUrl":"https:\/\/fuentesfidedignas.com.mx\/wp-content\/uploads\/2023\/10\/Rectoria_UAS-2.jpg","articleSection":["COLUMNAS","CUANDO EL RIO SUENA"],"inLanguage":"es","potentialAction":[{"@type":"CommentAction","name":"Comment","target":["https:\/\/fuentesfidedignas.com.mx\/index.php\/2026\/03\/07\/en-la-uas-se-dio-la-prevision-antes-de-la-tormenta\/#respond"]}]},{"@type":"WebPage","@id":"https:\/\/fuentesfidedignas.com.mx\/index.php\/2026\/03\/07\/en-la-uas-se-dio-la-prevision-antes-de-la-tormenta\/","url":"https:\/\/fuentesfidedignas.com.mx\/index.php\/2026\/03\/07\/en-la-uas-se-dio-la-prevision-antes-de-la-tormenta\/","name":"En la UAS se dio la previsi\u00f3n antes de la tormenta - Fuentes Fidedignas","isPartOf":{"@id":"https:\/\/fuentesfidedignas.com.mx\/#website"},"primaryImageOfPage":{"@id":"https:\/\/fuentesfidedignas.com.mx\/index.php\/2026\/03\/07\/en-la-uas-se-dio-la-prevision-antes-de-la-tormenta\/#primaryimage"},"image":{"@id":"https:\/\/fuentesfidedignas.com.mx\/index.php\/2026\/03\/07\/en-la-uas-se-dio-la-prevision-antes-de-la-tormenta\/#primaryimage"},"thumbnailUrl":"https:\/\/fuentesfidedignas.com.mx\/wp-content\/uploads\/2023\/10\/Rectoria_UAS-2.jpg","datePublished":"2026-03-07T22:22:11+00:00","dateModified":"2026-03-07T22:22:16+00:00","breadcrumb":{"@id":"https:\/\/fuentesfidedignas.com.mx\/index.php\/2026\/03\/07\/en-la-uas-se-dio-la-prevision-antes-de-la-tormenta\/#breadcrumb"},"inLanguage":"es","potentialAction":[{"@type":"ReadAction","target":["https:\/\/fuentesfidedignas.com.mx\/index.php\/2026\/03\/07\/en-la-uas-se-dio-la-prevision-antes-de-la-tormenta\/"]}]},{"@type":"ImageObject","inLanguage":"es","@id":"https:\/\/fuentesfidedignas.com.mx\/index.php\/2026\/03\/07\/en-la-uas-se-dio-la-prevision-antes-de-la-tormenta\/#primaryimage","url":"https:\/\/fuentesfidedignas.com.mx\/wp-content\/uploads\/2023\/10\/Rectoria_UAS-2.jpg","contentUrl":"https:\/\/fuentesfidedignas.com.mx\/wp-content\/uploads\/2023\/10\/Rectoria_UAS-2.jpg","width":1280,"height":960},{"@type":"BreadcrumbList","@id":"https:\/\/fuentesfidedignas.com.mx\/index.php\/2026\/03\/07\/en-la-uas-se-dio-la-prevision-antes-de-la-tormenta\/#breadcrumb","itemListElement":[{"@type":"ListItem","position":1,"name":"Inicio","item":"https:\/\/fuentesfidedignas.com.mx\/"},{"@type":"ListItem","position":2,"name":"En la UAS se dio la previsi\u00f3n antes de la tormenta"}]},{"@type":"WebSite","@id":"https:\/\/fuentesfidedignas.com.mx\/#website","url":"https:\/\/fuentesfidedignas.com.mx\/","name":"Fuentes Fidedignas","description":"Otro sitio realizado con WordPress","publisher":{"@id":"https:\/\/fuentesfidedignas.com.mx\/#organization"},"potentialAction":[{"@type":"SearchAction","target":{"@type":"EntryPoint","urlTemplate":"https:\/\/fuentesfidedignas.com.mx\/?s={search_term_string}"},"query-input":{"@type":"PropertyValueSpecification","valueRequired":true,"valueName":"search_term_string"}}],"inLanguage":"es"},{"@type":"Organization","@id":"https:\/\/fuentesfidedignas.com.mx\/#organization","name":"Fuentes Fidedignas","url":"https:\/\/fuentesfidedignas.com.mx\/","logo":{"@type":"ImageObject","inLanguage":"es","@id":"https:\/\/fuentesfidedignas.com.mx\/#\/schema\/logo\/image\/","url":"https:\/\/fuentesfidedignas.com.mx\/wp-content\/uploads\/2021\/04\/logo-retina.png","contentUrl":"https:\/\/fuentesfidedignas.com.mx\/wp-content\/uploads\/2021\/04\/logo-retina.png","width":280,"height":51,"caption":"Fuentes Fidedignas"},"image":{"@id":"https:\/\/fuentesfidedignas.com.mx\/#\/schema\/logo\/image\/"},"sameAs":["https:\/\/www.facebook.com\/Fuentes-Fidedignas-368234489921644","https:\/\/x.com\/fidedignas"]},{"@type":"Person","@id":"https:\/\/fuentesfidedignas.com.mx\/#\/schema\/person\/257ce668995e70619a0423d4063f7539","name":"F.F","image":{"@type":"ImageObject","inLanguage":"es","@id":"https:\/\/secure.gravatar.com\/avatar\/852c26b8e524fd0d5d40b1dd4f3b01abe244b22e1008620d24eeae20a74a9353?s=96&d=mm&r=g","url":"https:\/\/secure.gravatar.com\/avatar\/852c26b8e524fd0d5d40b1dd4f3b01abe244b22e1008620d24eeae20a74a9353?s=96&d=mm&r=g","contentUrl":"https:\/\/secure.gravatar.com\/avatar\/852c26b8e524fd0d5d40b1dd4f3b01abe244b22e1008620d24eeae20a74a9353?s=96&d=mm&r=g","caption":"F.F"},"url":"https:\/\/fuentesfidedignas.com.mx\/index.php\/author\/f-f\/"}]}},"_links":{"self":[{"href":"https:\/\/fuentesfidedignas.com.mx\/index.php\/wp-json\/wp\/v2\/posts\/128814","targetHints":{"allow":["GET"]}}],"collection":[{"href":"https:\/\/fuentesfidedignas.com.mx\/index.php\/wp-json\/wp\/v2\/posts"}],"about":[{"href":"https:\/\/fuentesfidedignas.com.mx\/index.php\/wp-json\/wp\/v2\/types\/post"}],"author":[{"embeddable":true,"href":"https:\/\/fuentesfidedignas.com.mx\/index.php\/wp-json\/wp\/v2\/users\/140"}],"replies":[{"embeddable":true,"href":"https:\/\/fuentesfidedignas.com.mx\/index.php\/wp-json\/wp\/v2\/comments?post=128814"}],"version-history":[{"count":1,"href":"https:\/\/fuentesfidedignas.com.mx\/index.php\/wp-json\/wp\/v2\/posts\/128814\/revisions"}],"predecessor-version":[{"id":128815,"href":"https:\/\/fuentesfidedignas.com.mx\/index.php\/wp-json\/wp\/v2\/posts\/128814\/revisions\/128815"}],"wp:featuredmedia":[{"embeddable":true,"href":"https:\/\/fuentesfidedignas.com.mx\/index.php\/wp-json\/wp\/v2\/media\/62525"}],"wp:attachment":[{"href":"https:\/\/fuentesfidedignas.com.mx\/index.php\/wp-json\/wp\/v2\/media?parent=128814"}],"wp:term":[{"taxonomy":"category","embeddable":true,"href":"https:\/\/fuentesfidedignas.com.mx\/index.php\/wp-json\/wp\/v2\/categories?post=128814"},{"taxonomy":"post_tag","embeddable":true,"href":"https:\/\/fuentesfidedignas.com.mx\/index.php\/wp-json\/wp\/v2\/tags?post=128814"}],"curies":[{"name":"wp","href":"https:\/\/api.w.org\/{rel}","templated":true}]}}