{"id":128809,"date":"2026-03-07T13:41:13","date_gmt":"2026-03-07T20:41:13","guid":{"rendered":"https:\/\/fuentesfidedignas.com.mx\/?p=128809"},"modified":"2026-03-07T13:41:13","modified_gmt":"2026-03-07T20:41:13","slug":"gobierno-de-sinaloa-fortalece-espacios-de-convivencia-con-nueva-cancha-y-parque-en-los-huertos","status":"publish","type":"post","link":"https:\/\/fuentesfidedignas.com.mx\/index.php\/2026\/03\/07\/gobierno-de-sinaloa-fortalece-espacios-de-convivencia-con-nueva-cancha-y-parque-en-los-huertos\/","title":{"rendered":"Gobierno de Sinaloa fortalece espacios de convivencia con nueva cancha y parque en Los Huertos"},"content":{"rendered":"\n<p><\/p>\n\n\n\n<p><strong><em>Recorrido de supervisi\u00f3n permiti\u00f3 constatar los trabajos realizados en una cancha de f\u00fatbol y un parque que ya presentan un avance del 100 por ciento.<\/em><\/strong><\/p>\n\n\n\n<p><em>Culiac\u00e1n, Sinaloa.\u2013<\/em> Como parte de las acciones impulsadas por el gobernador Rub\u00e9n Rocha Moya para fortalecer el bienestar y mejorar los espacios p\u00fablicos en las colonias de Sinaloa, el secretario de Bienestar y Desarrollo Sustentable, Omar L\u00f3pez Campos, realiz\u00f3 un recorrido de supervisi\u00f3n de obras financiadas a trav\u00e9s del Fondo de Infraestructura Social para las Entidades (FISE), acompa\u00f1ado por el secretario de Obras P\u00fablicas, Ra\u00fal Montero Zamudio.<\/p>\n\n\n\n<p>Durante la visita, se supervis\u00f3 una cancha de f\u00fatbol y un parque en la colonia Los Huertos, obra que actualmente presenta un avance del 100 por ciento, y que permitir\u00e1 fortalecer la convivencia comunitaria, la recreaci\u00f3n y la pr\u00e1ctica deportiva de ni\u00f1as, ni\u00f1os, j\u00f3venes y familias del sector.<\/p>\n\n\n\n<p>El titular de SEBIDES celebr\u00f3 que se contin\u00faen impulsando este tipo de obras que generan beneficios directos para las y los sinaloenses, especialmente para ni\u00f1as, ni\u00f1os y j\u00f3venes, al brindar espacios adecuados que fomentan la sana convivencia, la recreaci\u00f3n y la pr\u00e1ctica del deporte.<\/p>\n\n\n\n<p>Asimismo, durante el recorrido se revisaron los detalles finales de la obra con el objetivo de garantizar que los espacios cumplan con las condiciones adecuadas para su uso por parte de la ciudadan\u00eda.<\/p>\n\n\n\n<p>Con estas acciones, el Gobierno de Sinaloa contin\u00faa impulsando proyectos que fortalecen el bienestar social y el desarrollo de las comunidades, priorizando obras que impacten directamente en la calidad de vida de las y los sinaloenses.<\/p>\n","protected":false},"excerpt":{"rendered":"<p>Recorrido de supervisi\u00f3n permiti\u00f3 constatar los trabajos realizados en una cancha de f\u00fatbol y un parque que ya presentan un avance del 100 por ciento. Culiac\u00e1n, Sinaloa.\u2013 Como parte de las acciones impulsadas por el gobernador Rub\u00e9n Rocha Moya para fortalecer el bienestar y mejorar los espacios p\u00fablicos en las colonias de Sinaloa, el secretario [&hellip;]<\/p>\n","protected":false},"author":4,"featured_media":128808,"comment_status":"closed","ping_status":"open","sticky":false,"template":"","format":"standard","meta":{"tdm_status":"","tdm_grid_status":"","footnotes":""},"categories":[37],"tags":[],"class_list":{"0":"post-128809","1":"post","2":"type-post","3":"status-publish","4":"format-standard","5":"has-post-thumbnail","7":"category-nota-principal"},"yoast_head":"<!-- This site is optimized with the Yoast SEO plugin v27.5 - https:\/\/yoast.com\/product\/yoast-seo-wordpress\/ -->\n<title>Gobierno de Sinaloa fortalece espacios de convivencia con nueva cancha y parque en Los Huertos - Fuentes Fidedignas<\/title>\n<meta name=\"robots\" content=\"index, follow, max-snippet:-1, max-image-preview:large, max-video-preview:-1\" \/>\n<link rel=\"canonical\" href=\"https:\/\/fuentesfidedignas.com.mx\/index.php\/2026\/03\/07\/gobierno-de-sinaloa-fortalece-espacios-de-convivencia-con-nueva-cancha-y-parque-en-los-huertos\/\" \/>\n<meta property=\"og:locale\" content=\"es_MX\" \/>\n<meta property=\"og:type\" content=\"article\" \/>\n<meta property=\"og:title\" content=\"Gobierno de Sinaloa fortalece espacios de convivencia con nueva cancha y parque en Los Huertos - Fuentes Fidedignas\" \/>\n<meta property=\"og:description\" content=\"Recorrido de supervisi\u00f3n permiti\u00f3 constatar los trabajos realizados en una cancha de f\u00fatbol y un parque que ya presentan un avance del 100 por ciento. Culiac\u00e1n, Sinaloa.\u2013 Como parte de las acciones impulsadas por el gobernador Rub\u00e9n Rocha Moya para fortalecer el bienestar y mejorar los espacios p\u00fablicos en las colonias de Sinaloa, el secretario [&hellip;]\" \/>\n<meta property=\"og:url\" content=\"https:\/\/fuentesfidedignas.com.mx\/index.php\/2026\/03\/07\/gobierno-de-sinaloa-fortalece-espacios-de-convivencia-con-nueva-cancha-y-parque-en-los-huertos\/\" \/>\n<meta property=\"og:site_name\" content=\"Fuentes Fidedignas\" \/>\n<meta property=\"article:publisher\" content=\"https:\/\/www.facebook.com\/Fuentes-Fidedignas-368234489921644\" \/>\n<meta property=\"article:published_time\" content=\"2026-03-07T20:41:13+00:00\" \/>\n<meta property=\"og:image\" content=\"https:\/\/fuentesfidedignas.com.mx\/wp-content\/uploads\/2026\/03\/ae3c3730-16e5-4185-968b-c63d65c2ff8d.jpg\" \/>\n\t<meta property=\"og:image:width\" content=\"1280\" \/>\n\t<meta property=\"og:image:height\" content=\"854\" \/>\n\t<meta property=\"og:image:type\" content=\"image\/jpeg\" \/>\n<meta name=\"author\" content=\"Redacci\u00f3n\" \/>\n<meta name=\"twitter:card\" content=\"summary_large_image\" \/>\n<meta name=\"twitter:creator\" content=\"@fidedignas\" \/>\n<meta name=\"twitter:site\" content=\"@fidedignas\" \/>\n<meta name=\"twitter:label1\" content=\"Escrito por\" \/>\n\t<meta name=\"twitter:data1\" content=\"Redacci\u00f3n\" \/>\n\t<meta name=\"twitter:label2\" content=\"Tiempo de lectura\" \/>\n\t<meta name=\"twitter:data2\" content=\"1 minuto\" \/>\n<script type=\"application\/ld+json\" class=\"yoast-schema-graph\">{\"@context\":\"https:\\\/\\\/schema.org\",\"@graph\":[{\"@type\":\"Article\",\"@id\":\"https:\\\/\\\/fuentesfidedignas.com.mx\\\/index.php\\\/2026\\\/03\\\/07\\\/gobierno-de-sinaloa-fortalece-espacios-de-convivencia-con-nueva-cancha-y-parque-en-los-huertos\\\/#article\",\"isPartOf\":{\"@id\":\"https:\\\/\\\/fuentesfidedignas.com.mx\\\/index.php\\\/2026\\\/03\\\/07\\\/gobierno-de-sinaloa-fortalece-espacios-de-convivencia-con-nueva-cancha-y-parque-en-los-huertos\\\/\"},\"author\":{\"name\":\"Redacci\u00f3n\",\"@id\":\"https:\\\/\\\/fuentesfidedignas.com.mx\\\/#\\\/schema\\\/person\\\/331be9283d37198e2acd5750279085b0\"},\"headline\":\"Gobierno de Sinaloa fortalece espacios de convivencia con nueva cancha y parque en Los Huertos\",\"datePublished\":\"2026-03-07T20:41:13+00:00\",\"mainEntityOfPage\":{\"@id\":\"https:\\\/\\\/fuentesfidedignas.com.mx\\\/index.php\\\/2026\\\/03\\\/07\\\/gobierno-de-sinaloa-fortalece-espacios-de-convivencia-con-nueva-cancha-y-parque-en-los-huertos\\\/\"},\"wordCount\":291,\"publisher\":{\"@id\":\"https:\\\/\\\/fuentesfidedignas.com.mx\\\/#organization\"},\"image\":{\"@id\":\"https:\\\/\\\/fuentesfidedignas.com.mx\\\/index.php\\\/2026\\\/03\\\/07\\\/gobierno-de-sinaloa-fortalece-espacios-de-convivencia-con-nueva-cancha-y-parque-en-los-huertos\\\/#primaryimage\"},\"thumbnailUrl\":\"https:\\\/\\\/fuentesfidedignas.com.mx\\\/wp-content\\\/uploads\\\/2026\\\/03\\\/ae3c3730-16e5-4185-968b-c63d65c2ff8d.jpg\",\"articleSection\":[\"NOTA PRINCIPAL\"],\"inLanguage\":\"es\"},{\"@type\":\"WebPage\",\"@id\":\"https:\\\/\\\/fuentesfidedignas.com.mx\\\/index.php\\\/2026\\\/03\\\/07\\\/gobierno-de-sinaloa-fortalece-espacios-de-convivencia-con-nueva-cancha-y-parque-en-los-huertos\\\/\",\"url\":\"https:\\\/\\\/fuentesfidedignas.com.mx\\\/index.php\\\/2026\\\/03\\\/07\\\/gobierno-de-sinaloa-fortalece-espacios-de-convivencia-con-nueva-cancha-y-parque-en-los-huertos\\\/\",\"name\":\"Gobierno de Sinaloa fortalece espacios de convivencia con nueva cancha y parque en Los Huertos - Fuentes Fidedignas\",\"isPartOf\":{\"@id\":\"https:\\\/\\\/fuentesfidedignas.com.mx\\\/#website\"},\"primaryImageOfPage\":{\"@id\":\"https:\\\/\\\/fuentesfidedignas.com.mx\\\/index.php\\\/2026\\\/03\\\/07\\\/gobierno-de-sinaloa-fortalece-espacios-de-convivencia-con-nueva-cancha-y-parque-en-los-huertos\\\/#primaryimage\"},\"image\":{\"@id\":\"https:\\\/\\\/fuentesfidedignas.com.mx\\\/index.php\\\/2026\\\/03\\\/07\\\/gobierno-de-sinaloa-fortalece-espacios-de-convivencia-con-nueva-cancha-y-parque-en-los-huertos\\\/#primaryimage\"},\"thumbnailUrl\":\"https:\\\/\\\/fuentesfidedignas.com.mx\\\/wp-content\\\/uploads\\\/2026\\\/03\\\/ae3c3730-16e5-4185-968b-c63d65c2ff8d.jpg\",\"datePublished\":\"2026-03-07T20:41:13+00:00\",\"breadcrumb\":{\"@id\":\"https:\\\/\\\/fuentesfidedignas.com.mx\\\/index.php\\\/2026\\\/03\\\/07\\\/gobierno-de-sinaloa-fortalece-espacios-de-convivencia-con-nueva-cancha-y-parque-en-los-huertos\\\/#breadcrumb\"},\"inLanguage\":\"es\",\"potentialAction\":[{\"@type\":\"ReadAction\",\"target\":[\"https:\\\/\\\/fuentesfidedignas.com.mx\\\/index.php\\\/2026\\\/03\\\/07\\\/gobierno-de-sinaloa-fortalece-espacios-de-convivencia-con-nueva-cancha-y-parque-en-los-huertos\\\/\"]}]},{\"@type\":\"ImageObject\",\"inLanguage\":\"es\",\"@id\":\"https:\\\/\\\/fuentesfidedignas.com.mx\\\/index.php\\\/2026\\\/03\\\/07\\\/gobierno-de-sinaloa-fortalece-espacios-de-convivencia-con-nueva-cancha-y-parque-en-los-huertos\\\/#primaryimage\",\"url\":\"https:\\\/\\\/fuentesfidedignas.com.mx\\\/wp-content\\\/uploads\\\/2026\\\/03\\\/ae3c3730-16e5-4185-968b-c63d65c2ff8d.jpg\",\"contentUrl\":\"https:\\\/\\\/fuentesfidedignas.com.mx\\\/wp-content\\\/uploads\\\/2026\\\/03\\\/ae3c3730-16e5-4185-968b-c63d65c2ff8d.jpg\",\"width\":1280,\"height\":854},{\"@type\":\"BreadcrumbList\",\"@id\":\"https:\\\/\\\/fuentesfidedignas.com.mx\\\/index.php\\\/2026\\\/03\\\/07\\\/gobierno-de-sinaloa-fortalece-espacios-de-convivencia-con-nueva-cancha-y-parque-en-los-huertos\\\/#breadcrumb\",\"itemListElement\":[{\"@type\":\"ListItem\",\"position\":1,\"name\":\"Inicio\",\"item\":\"https:\\\/\\\/fuentesfidedignas.com.mx\\\/\"},{\"@type\":\"ListItem\",\"position\":2,\"name\":\"Gobierno de Sinaloa fortalece espacios de convivencia con nueva cancha y parque en Los Huertos\"}]},{\"@type\":\"WebSite\",\"@id\":\"https:\\\/\\\/fuentesfidedignas.com.mx\\\/#website\",\"url\":\"https:\\\/\\\/fuentesfidedignas.com.mx\\\/\",\"name\":\"Fuentes Fidedignas\",\"description\":\"Otro sitio realizado con WordPress\",\"publisher\":{\"@id\":\"https:\\\/\\\/fuentesfidedignas.com.mx\\\/#organization\"},\"potentialAction\":[{\"@type\":\"SearchAction\",\"target\":{\"@type\":\"EntryPoint\",\"urlTemplate\":\"https:\\\/\\\/fuentesfidedignas.com.mx\\\/?s={search_term_string}\"},\"query-input\":{\"@type\":\"PropertyValueSpecification\",\"valueRequired\":true,\"valueName\":\"search_term_string\"}}],\"inLanguage\":\"es\"},{\"@type\":\"Organization\",\"@id\":\"https:\\\/\\\/fuentesfidedignas.com.mx\\\/#organization\",\"name\":\"Fuentes Fidedignas\",\"url\":\"https:\\\/\\\/fuentesfidedignas.com.mx\\\/\",\"logo\":{\"@type\":\"ImageObject\",\"inLanguage\":\"es\",\"@id\":\"https:\\\/\\\/fuentesfidedignas.com.mx\\\/#\\\/schema\\\/logo\\\/image\\\/\",\"url\":\"https:\\\/\\\/fuentesfidedignas.com.mx\\\/wp-content\\\/uploads\\\/2021\\\/04\\\/logo-retina.png\",\"contentUrl\":\"https:\\\/\\\/fuentesfidedignas.com.mx\\\/wp-content\\\/uploads\\\/2021\\\/04\\\/logo-retina.png\",\"width\":280,\"height\":51,\"caption\":\"Fuentes Fidedignas\"},\"image\":{\"@id\":\"https:\\\/\\\/fuentesfidedignas.com.mx\\\/#\\\/schema\\\/logo\\\/image\\\/\"},\"sameAs\":[\"https:\\\/\\\/www.facebook.com\\\/Fuentes-Fidedignas-368234489921644\",\"https:\\\/\\\/x.com\\\/fidedignas\"]},{\"@type\":\"Person\",\"@id\":\"https:\\\/\\\/fuentesfidedignas.com.mx\\\/#\\\/schema\\\/person\\\/331be9283d37198e2acd5750279085b0\",\"name\":\"Redacci\u00f3n\",\"image\":{\"@type\":\"ImageObject\",\"inLanguage\":\"es\",\"@id\":\"https:\\\/\\\/secure.gravatar.com\\\/avatar\\\/f6d8782c11d12b2d4ad3fbb6931aeab5309937a4d6cd2fc9cfaa28a6396a5aec?s=96&d=mm&r=g\",\"url\":\"https:\\\/\\\/secure.gravatar.com\\\/avatar\\\/f6d8782c11d12b2d4ad3fbb6931aeab5309937a4d6cd2fc9cfaa28a6396a5aec?s=96&d=mm&r=g\",\"contentUrl\":\"https:\\\/\\\/secure.gravatar.com\\\/avatar\\\/f6d8782c11d12b2d4ad3fbb6931aeab5309937a4d6cd2fc9cfaa28a6396a5aec?s=96&d=mm&r=g\",\"caption\":\"Redacci\u00f3n\"},\"url\":\"https:\\\/\\\/fuentesfidedignas.com.mx\\\/index.php\\\/author\\\/redaccion\\\/\"}]}<\/script>\n<!-- \/ Yoast SEO plugin. -->","yoast_head_json":{"title":"Gobierno de Sinaloa fortalece espacios de convivencia con nueva cancha y parque en Los Huertos - Fuentes Fidedignas","robots":{"index":"index","follow":"follow","max-snippet":"max-snippet:-1","max-image-preview":"max-image-preview:large","max-video-preview":"max-video-preview:-1"},"canonical":"https:\/\/fuentesfidedignas.com.mx\/index.php\/2026\/03\/07\/gobierno-de-sinaloa-fortalece-espacios-de-convivencia-con-nueva-cancha-y-parque-en-los-huertos\/","og_locale":"es_MX","og_type":"article","og_title":"Gobierno de Sinaloa fortalece espacios de convivencia con nueva cancha y parque en Los Huertos - Fuentes Fidedignas","og_description":"Recorrido de supervisi\u00f3n permiti\u00f3 constatar los trabajos realizados en una cancha de f\u00fatbol y un parque que ya presentan un avance del 100 por ciento. Culiac\u00e1n, Sinaloa.\u2013 Como parte de las acciones impulsadas por el gobernador Rub\u00e9n Rocha Moya para fortalecer el bienestar y mejorar los espacios p\u00fablicos en las colonias de Sinaloa, el secretario [&hellip;]","og_url":"https:\/\/fuentesfidedignas.com.mx\/index.php\/2026\/03\/07\/gobierno-de-sinaloa-fortalece-espacios-de-convivencia-con-nueva-cancha-y-parque-en-los-huertos\/","og_site_name":"Fuentes Fidedignas","article_publisher":"https:\/\/www.facebook.com\/Fuentes-Fidedignas-368234489921644","article_published_time":"2026-03-07T20:41:13+00:00","og_image":[{"width":1280,"height":854,"url":"https:\/\/fuentesfidedignas.com.mx\/wp-content\/uploads\/2026\/03\/ae3c3730-16e5-4185-968b-c63d65c2ff8d.jpg","type":"image\/jpeg"}],"author":"Redacci\u00f3n","twitter_card":"summary_large_image","twitter_creator":"@fidedignas","twitter_site":"@fidedignas","twitter_misc":{"Escrito por":"Redacci\u00f3n","Tiempo de lectura":"1 minuto"},"schema":{"@context":"https:\/\/schema.org","@graph":[{"@type":"Article","@id":"https:\/\/fuentesfidedignas.com.mx\/index.php\/2026\/03\/07\/gobierno-de-sinaloa-fortalece-espacios-de-convivencia-con-nueva-cancha-y-parque-en-los-huertos\/#article","isPartOf":{"@id":"https:\/\/fuentesfidedignas.com.mx\/index.php\/2026\/03\/07\/gobierno-de-sinaloa-fortalece-espacios-de-convivencia-con-nueva-cancha-y-parque-en-los-huertos\/"},"author":{"name":"Redacci\u00f3n","@id":"https:\/\/fuentesfidedignas.com.mx\/#\/schema\/person\/331be9283d37198e2acd5750279085b0"},"headline":"Gobierno de Sinaloa fortalece espacios de convivencia con nueva cancha y parque en Los Huertos","datePublished":"2026-03-07T20:41:13+00:00","mainEntityOfPage":{"@id":"https:\/\/fuentesfidedignas.com.mx\/index.php\/2026\/03\/07\/gobierno-de-sinaloa-fortalece-espacios-de-convivencia-con-nueva-cancha-y-parque-en-los-huertos\/"},"wordCount":291,"publisher":{"@id":"https:\/\/fuentesfidedignas.com.mx\/#organization"},"image":{"@id":"https:\/\/fuentesfidedignas.com.mx\/index.php\/2026\/03\/07\/gobierno-de-sinaloa-fortalece-espacios-de-convivencia-con-nueva-cancha-y-parque-en-los-huertos\/#primaryimage"},"thumbnailUrl":"https:\/\/fuentesfidedignas.com.mx\/wp-content\/uploads\/2026\/03\/ae3c3730-16e5-4185-968b-c63d65c2ff8d.jpg","articleSection":["NOTA PRINCIPAL"],"inLanguage":"es"},{"@type":"WebPage","@id":"https:\/\/fuentesfidedignas.com.mx\/index.php\/2026\/03\/07\/gobierno-de-sinaloa-fortalece-espacios-de-convivencia-con-nueva-cancha-y-parque-en-los-huertos\/","url":"https:\/\/fuentesfidedignas.com.mx\/index.php\/2026\/03\/07\/gobierno-de-sinaloa-fortalece-espacios-de-convivencia-con-nueva-cancha-y-parque-en-los-huertos\/","name":"Gobierno de Sinaloa fortalece espacios de convivencia con nueva cancha y parque en Los Huertos - Fuentes Fidedignas","isPartOf":{"@id":"https:\/\/fuentesfidedignas.com.mx\/#website"},"primaryImageOfPage":{"@id":"https:\/\/fuentesfidedignas.com.mx\/index.php\/2026\/03\/07\/gobierno-de-sinaloa-fortalece-espacios-de-convivencia-con-nueva-cancha-y-parque-en-los-huertos\/#primaryimage"},"image":{"@id":"https:\/\/fuentesfidedignas.com.mx\/index.php\/2026\/03\/07\/gobierno-de-sinaloa-fortalece-espacios-de-convivencia-con-nueva-cancha-y-parque-en-los-huertos\/#primaryimage"},"thumbnailUrl":"https:\/\/fuentesfidedignas.com.mx\/wp-content\/uploads\/2026\/03\/ae3c3730-16e5-4185-968b-c63d65c2ff8d.jpg","datePublished":"2026-03-07T20:41:13+00:00","breadcrumb":{"@id":"https:\/\/fuentesfidedignas.com.mx\/index.php\/2026\/03\/07\/gobierno-de-sinaloa-fortalece-espacios-de-convivencia-con-nueva-cancha-y-parque-en-los-huertos\/#breadcrumb"},"inLanguage":"es","potentialAction":[{"@type":"ReadAction","target":["https:\/\/fuentesfidedignas.com.mx\/index.php\/2026\/03\/07\/gobierno-de-sinaloa-fortalece-espacios-de-convivencia-con-nueva-cancha-y-parque-en-los-huertos\/"]}]},{"@type":"ImageObject","inLanguage":"es","@id":"https:\/\/fuentesfidedignas.com.mx\/index.php\/2026\/03\/07\/gobierno-de-sinaloa-fortalece-espacios-de-convivencia-con-nueva-cancha-y-parque-en-los-huertos\/#primaryimage","url":"https:\/\/fuentesfidedignas.com.mx\/wp-content\/uploads\/2026\/03\/ae3c3730-16e5-4185-968b-c63d65c2ff8d.jpg","contentUrl":"https:\/\/fuentesfidedignas.com.mx\/wp-content\/uploads\/2026\/03\/ae3c3730-16e5-4185-968b-c63d65c2ff8d.jpg","width":1280,"height":854},{"@type":"BreadcrumbList","@id":"https:\/\/fuentesfidedignas.com.mx\/index.php\/2026\/03\/07\/gobierno-de-sinaloa-fortalece-espacios-de-convivencia-con-nueva-cancha-y-parque-en-los-huertos\/#breadcrumb","itemListElement":[{"@type":"ListItem","position":1,"name":"Inicio","item":"https:\/\/fuentesfidedignas.com.mx\/"},{"@type":"ListItem","position":2,"name":"Gobierno de Sinaloa fortalece espacios de convivencia con nueva cancha y parque en Los Huertos"}]},{"@type":"WebSite","@id":"https:\/\/fuentesfidedignas.com.mx\/#website","url":"https:\/\/fuentesfidedignas.com.mx\/","name":"Fuentes Fidedignas","description":"Otro sitio realizado con WordPress","publisher":{"@id":"https:\/\/fuentesfidedignas.com.mx\/#organization"},"potentialAction":[{"@type":"SearchAction","target":{"@type":"EntryPoint","urlTemplate":"https:\/\/fuentesfidedignas.com.mx\/?s={search_term_string}"},"query-input":{"@type":"PropertyValueSpecification","valueRequired":true,"valueName":"search_term_string"}}],"inLanguage":"es"},{"@type":"Organization","@id":"https:\/\/fuentesfidedignas.com.mx\/#organization","name":"Fuentes Fidedignas","url":"https:\/\/fuentesfidedignas.com.mx\/","logo":{"@type":"ImageObject","inLanguage":"es","@id":"https:\/\/fuentesfidedignas.com.mx\/#\/schema\/logo\/image\/","url":"https:\/\/fuentesfidedignas.com.mx\/wp-content\/uploads\/2021\/04\/logo-retina.png","contentUrl":"https:\/\/fuentesfidedignas.com.mx\/wp-content\/uploads\/2021\/04\/logo-retina.png","width":280,"height":51,"caption":"Fuentes Fidedignas"},"image":{"@id":"https:\/\/fuentesfidedignas.com.mx\/#\/schema\/logo\/image\/"},"sameAs":["https:\/\/www.facebook.com\/Fuentes-Fidedignas-368234489921644","https:\/\/x.com\/fidedignas"]},{"@type":"Person","@id":"https:\/\/fuentesfidedignas.com.mx\/#\/schema\/person\/331be9283d37198e2acd5750279085b0","name":"Redacci\u00f3n","image":{"@type":"ImageObject","inLanguage":"es","@id":"https:\/\/secure.gravatar.com\/avatar\/f6d8782c11d12b2d4ad3fbb6931aeab5309937a4d6cd2fc9cfaa28a6396a5aec?s=96&d=mm&r=g","url":"https:\/\/secure.gravatar.com\/avatar\/f6d8782c11d12b2d4ad3fbb6931aeab5309937a4d6cd2fc9cfaa28a6396a5aec?s=96&d=mm&r=g","contentUrl":"https:\/\/secure.gravatar.com\/avatar\/f6d8782c11d12b2d4ad3fbb6931aeab5309937a4d6cd2fc9cfaa28a6396a5aec?s=96&d=mm&r=g","caption":"Redacci\u00f3n"},"url":"https:\/\/fuentesfidedignas.com.mx\/index.php\/author\/redaccion\/"}]}},"_links":{"self":[{"href":"https:\/\/fuentesfidedignas.com.mx\/index.php\/wp-json\/wp\/v2\/posts\/128809","targetHints":{"allow":["GET"]}}],"collection":[{"href":"https:\/\/fuentesfidedignas.com.mx\/index.php\/wp-json\/wp\/v2\/posts"}],"about":[{"href":"https:\/\/fuentesfidedignas.com.mx\/index.php\/wp-json\/wp\/v2\/types\/post"}],"author":[{"embeddable":true,"href":"https:\/\/fuentesfidedignas.com.mx\/index.php\/wp-json\/wp\/v2\/users\/4"}],"replies":[{"embeddable":true,"href":"https:\/\/fuentesfidedignas.com.mx\/index.php\/wp-json\/wp\/v2\/comments?post=128809"}],"version-history":[{"count":1,"href":"https:\/\/fuentesfidedignas.com.mx\/index.php\/wp-json\/wp\/v2\/posts\/128809\/revisions"}],"predecessor-version":[{"id":128810,"href":"https:\/\/fuentesfidedignas.com.mx\/index.php\/wp-json\/wp\/v2\/posts\/128809\/revisions\/128810"}],"wp:featuredmedia":[{"embeddable":true,"href":"https:\/\/fuentesfidedignas.com.mx\/index.php\/wp-json\/wp\/v2\/media\/128808"}],"wp:attachment":[{"href":"https:\/\/fuentesfidedignas.com.mx\/index.php\/wp-json\/wp\/v2\/media?parent=128809"}],"wp:term":[{"taxonomy":"category","embeddable":true,"href":"https:\/\/fuentesfidedignas.com.mx\/index.php\/wp-json\/wp\/v2\/categories?post=128809"},{"taxonomy":"post_tag","embeddable":true,"href":"https:\/\/fuentesfidedignas.com.mx\/index.php\/wp-json\/wp\/v2\/tags?post=128809"}],"curies":[{"name":"wp","href":"https:\/\/api.w.org\/{rel}","templated":true}]}}