{"id":128803,"date":"2026-03-07T12:28:07","date_gmt":"2026-03-07T19:28:07","guid":{"rendered":"https:\/\/fuentesfidedignas.com.mx\/?p=128803"},"modified":"2026-03-07T12:28:07","modified_gmt":"2026-03-07T19:28:07","slug":"sheinbaum-llama-a-mantener-cabeza-fria-ante-criticas-de-trump-sobre-violencia-en-mexico","status":"publish","type":"post","link":"https:\/\/fuentesfidedignas.com.mx\/index.php\/2026\/03\/07\/sheinbaum-llama-a-mantener-cabeza-fria-ante-criticas-de-trump-sobre-violencia-en-mexico\/","title":{"rendered":"Sheinbaum llama a mantener \u201ccabeza fr\u00eda\u201d ante cr\u00edticas de Trump sobre violencia en M\u00e9xico"},"content":{"rendered":"\n<p><strong><em>Claudia Sheinbaum advirti\u00f3 que el tema ser\u00eda comentado durante su conferencia matutina del d\u00eda lunes<\/em><\/strong><\/p>\n\n\n\n<p>La presidenta de M\u00e9xico,&nbsp;<strong>Claudia Sheinbaum<\/strong>, fue cuestionada este s\u00e1bado por las declaraciones que&nbsp;<strong>Donald Trump<\/strong>&nbsp;realiz\u00f3 durante su cumbre con l\u00edderes latinoamericanos&nbsp;<strong>\u2018Escudo de las Am\u00e9ricas\u2019<\/strong>&nbsp;donde calific\u00f3 a M\u00e9xico como \u201cel epicentro de la violencia\u201d de los carteles del narcotr\u00e1fico.<\/p>\n\n\n\n<p>La jefa del ejecutivo federal advirti\u00f3 que ese tema se tratar\u00eda durante su conferencia matutina del d\u00eda lunes y pidi\u00f3 tener \u201ccabeza fr\u00eda\u201d.<\/p>\n\n\n\n<h2 class=\"wp-block-heading\">\u00bfQu\u00e9 ocurri\u00f3 durante la cumbre con l\u00edderes latinoamericanos?<\/h2>\n\n\n\n<p>Donald Trump, quien antes amenaz\u00f3 con bombardear a narcotraficantes en&nbsp;<strong>M\u00e9xico,<\/strong>&nbsp;insisti\u00f3&nbsp;en que los \u201c<strong>carteles mexicanos<\/strong>&nbsp;est\u00e1n impulsando y orquestando mucho del derrame de sangre y caos en el hemisferio\u201d.<\/p>\n\n\n\n<blockquote class=\"wp-block-quote is-layout-flow wp-block-quote-is-layout-flow\">\n<p>Por ello, avis\u00f3 que el \u201cGobierno de Estados Unidos har\u00e1 lo que sea necesario para defender la seguridad nacional y proteger la seguridad del pueblo estadounidense\u201d.<\/p>\n<\/blockquote>\n\n\n\n<p><strong>Trump<\/strong>&nbsp;hizo estas declaraciones tras anunciar este s\u00e1bado una nueva \u201ccoalici\u00f3n militar\u201d en Latinoam\u00e9rica contra los carteles del narcotr\u00e1fico durante su cumbre en&nbsp;<strong>Miami<\/strong>&nbsp;con l\u00edderes de derecha de la regi\u00f3n, pero a la que no invit\u00f3 a Sheinbaum ni a representantes de pa\u00edses como&nbsp;<strong>Colombia<\/strong>o&nbsp;<strong>Brasil.<\/strong><\/p>\n\n\n\n<p>La reuni\u00f3n ocurre tras la captura y muerte en febrero del l\u00edder del Cartel Jalisco Nueva Generaci\u00f3n&nbsp;<strong>(CJNG),<\/strong>Nemesio Oseguera Cervantes, \u201c<strong>El Mencho\u201d<\/strong>, el capo mexicano del narcotr\u00e1fico m\u00e1s buscado por ambos pa\u00edses, con ayuda de inteligencia estadounidense.<\/p>\n\n\n\n<p>Aun as\u00ed,&nbsp;<strong>Trump<\/strong>&nbsp;sostuvo que \u201clos carteles est\u00e1n empeorando, est\u00e1n tomando control de su pa\u00eds y&nbsp;<strong>los carteles est\u00e1n dirigiendo M\u00e9xico<\/strong>\u201c.<\/p>\n\n\n\n<p>Por ello, record\u00f3 que en sus llamadas con&nbsp;<strong>Sheinbaum<\/strong>&nbsp;ha insistido en que&nbsp;<strong>Estados Unidos<\/strong>&nbsp;debe bombardear o enviar tropas estadounidenses para combatir a los&nbsp;<strong>carteles mexicanos<\/strong>.<\/p>\n\n\n\n<blockquote class=\"wp-block-quote is-layout-flow wp-block-quote-is-layout-flow\">\n<p>\u201cElla (la presidenta de M\u00e9xico) es una muy buena persona, ella tiene una voz hermosa, es una hermosa mujer. Pero con una voz hermosa. \u2018Presidenta, presidenta\u2019, le dije, \u2018d\u00e9jeme erradicar a los carteles\u2019. (Contest\u00f3): \u2018no, no, no\u2019. Por favor, presidenta, tenemos que erradicarlos\u201d, relat\u00f3.<\/p>\n<\/blockquote>\n","protected":false},"excerpt":{"rendered":"<p>Claudia Sheinbaum advirti\u00f3 que el tema ser\u00eda comentado durante su conferencia matutina del d\u00eda lunes La presidenta de M\u00e9xico,&nbsp;Claudia Sheinbaum, fue cuestionada este s\u00e1bado por las declaraciones que&nbsp;Donald Trump&nbsp;realiz\u00f3 durante su cumbre con l\u00edderes latinoamericanos&nbsp;\u2018Escudo de las Am\u00e9ricas\u2019&nbsp;donde calific\u00f3 a M\u00e9xico como \u201cel epicentro de la violencia\u201d de los carteles del narcotr\u00e1fico. La jefa del [&hellip;]<\/p>\n","protected":false},"author":21,"featured_media":100665,"comment_status":"closed","ping_status":"open","sticky":false,"template":"","format":"standard","meta":{"tdm_status":"","tdm_grid_status":"","footnotes":""},"categories":[39],"tags":[],"class_list":{"0":"post-128803","1":"post","2":"type-post","3":"status-publish","4":"format-standard","5":"has-post-thumbnail","7":"category-noticias-nacionales"},"yoast_head":"<!-- This site is optimized with the Yoast SEO plugin v27.5 - https:\/\/yoast.com\/product\/yoast-seo-wordpress\/ -->\n<title>Sheinbaum llama a mantener \u201ccabeza fr\u00eda\u201d ante cr\u00edticas de Trump sobre violencia en M\u00e9xico - Fuentes Fidedignas<\/title>\n<meta name=\"robots\" content=\"index, follow, max-snippet:-1, max-image-preview:large, max-video-preview:-1\" \/>\n<link rel=\"canonical\" href=\"https:\/\/fuentesfidedignas.com.mx\/index.php\/2026\/03\/07\/sheinbaum-llama-a-mantener-cabeza-fria-ante-criticas-de-trump-sobre-violencia-en-mexico\/\" \/>\n<meta property=\"og:locale\" content=\"es_MX\" \/>\n<meta property=\"og:type\" content=\"article\" \/>\n<meta property=\"og:title\" content=\"Sheinbaum llama a mantener \u201ccabeza fr\u00eda\u201d ante cr\u00edticas de Trump sobre violencia en M\u00e9xico - Fuentes Fidedignas\" \/>\n<meta property=\"og:description\" content=\"Claudia Sheinbaum advirti\u00f3 que el tema ser\u00eda comentado durante su conferencia matutina del d\u00eda lunes La presidenta de M\u00e9xico,&nbsp;Claudia Sheinbaum, fue cuestionada este s\u00e1bado por las declaraciones que&nbsp;Donald Trump&nbsp;realiz\u00f3 durante su cumbre con l\u00edderes latinoamericanos&nbsp;\u2018Escudo de las Am\u00e9ricas\u2019&nbsp;donde calific\u00f3 a M\u00e9xico como \u201cel epicentro de la violencia\u201d de los carteles del narcotr\u00e1fico. La jefa del [&hellip;]\" \/>\n<meta property=\"og:url\" content=\"https:\/\/fuentesfidedignas.com.mx\/index.php\/2026\/03\/07\/sheinbaum-llama-a-mantener-cabeza-fria-ante-criticas-de-trump-sobre-violencia-en-mexico\/\" \/>\n<meta property=\"og:site_name\" content=\"Fuentes Fidedignas\" \/>\n<meta property=\"article:publisher\" content=\"https:\/\/www.facebook.com\/Fuentes-Fidedignas-368234489921644\" \/>\n<meta property=\"article:published_time\" content=\"2026-03-07T19:28:07+00:00\" \/>\n<meta property=\"og:image\" content=\"https:\/\/fuentesfidedignas.com.mx\/wp-content\/uploads\/2025\/01\/trump_sheinbaum.jpg\" \/>\n\t<meta property=\"og:image:width\" content=\"600\" \/>\n\t<meta property=\"og:image:height\" content=\"334\" \/>\n\t<meta property=\"og:image:type\" content=\"image\/jpeg\" \/>\n<meta name=\"author\" content=\"El Financiero\" \/>\n<meta name=\"twitter:card\" content=\"summary_large_image\" \/>\n<meta name=\"twitter:creator\" content=\"@fidedignas\" \/>\n<meta name=\"twitter:site\" content=\"@fidedignas\" \/>\n<meta name=\"twitter:label1\" content=\"Escrito por\" \/>\n\t<meta name=\"twitter:data1\" content=\"El Financiero\" \/>\n\t<meta name=\"twitter:label2\" content=\"Tiempo de lectura\" \/>\n\t<meta name=\"twitter:data2\" content=\"2 minutos\" \/>\n<script type=\"application\/ld+json\" class=\"yoast-schema-graph\">{\"@context\":\"https:\\\/\\\/schema.org\",\"@graph\":[{\"@type\":\"Article\",\"@id\":\"https:\\\/\\\/fuentesfidedignas.com.mx\\\/index.php\\\/2026\\\/03\\\/07\\\/sheinbaum-llama-a-mantener-cabeza-fria-ante-criticas-de-trump-sobre-violencia-en-mexico\\\/#article\",\"isPartOf\":{\"@id\":\"https:\\\/\\\/fuentesfidedignas.com.mx\\\/index.php\\\/2026\\\/03\\\/07\\\/sheinbaum-llama-a-mantener-cabeza-fria-ante-criticas-de-trump-sobre-violencia-en-mexico\\\/\"},\"author\":{\"name\":\"El Financiero\",\"@id\":\"https:\\\/\\\/fuentesfidedignas.com.mx\\\/#\\\/schema\\\/person\\\/494f7e0dce8dfaaec5b64f16615b78e9\"},\"headline\":\"Sheinbaum llama a mantener \u201ccabeza fr\u00eda\u201d ante cr\u00edticas de Trump sobre violencia en M\u00e9xico\",\"datePublished\":\"2026-03-07T19:28:07+00:00\",\"mainEntityOfPage\":{\"@id\":\"https:\\\/\\\/fuentesfidedignas.com.mx\\\/index.php\\\/2026\\\/03\\\/07\\\/sheinbaum-llama-a-mantener-cabeza-fria-ante-criticas-de-trump-sobre-violencia-en-mexico\\\/\"},\"wordCount\":396,\"publisher\":{\"@id\":\"https:\\\/\\\/fuentesfidedignas.com.mx\\\/#organization\"},\"image\":{\"@id\":\"https:\\\/\\\/fuentesfidedignas.com.mx\\\/index.php\\\/2026\\\/03\\\/07\\\/sheinbaum-llama-a-mantener-cabeza-fria-ante-criticas-de-trump-sobre-violencia-en-mexico\\\/#primaryimage\"},\"thumbnailUrl\":\"https:\\\/\\\/fuentesfidedignas.com.mx\\\/wp-content\\\/uploads\\\/2025\\\/01\\\/trump_sheinbaum.jpg\",\"articleSection\":[\"NOTICIAS NACIONALES\"],\"inLanguage\":\"es\"},{\"@type\":\"WebPage\",\"@id\":\"https:\\\/\\\/fuentesfidedignas.com.mx\\\/index.php\\\/2026\\\/03\\\/07\\\/sheinbaum-llama-a-mantener-cabeza-fria-ante-criticas-de-trump-sobre-violencia-en-mexico\\\/\",\"url\":\"https:\\\/\\\/fuentesfidedignas.com.mx\\\/index.php\\\/2026\\\/03\\\/07\\\/sheinbaum-llama-a-mantener-cabeza-fria-ante-criticas-de-trump-sobre-violencia-en-mexico\\\/\",\"name\":\"Sheinbaum llama a mantener \u201ccabeza fr\u00eda\u201d ante cr\u00edticas de Trump sobre violencia en M\u00e9xico - Fuentes Fidedignas\",\"isPartOf\":{\"@id\":\"https:\\\/\\\/fuentesfidedignas.com.mx\\\/#website\"},\"primaryImageOfPage\":{\"@id\":\"https:\\\/\\\/fuentesfidedignas.com.mx\\\/index.php\\\/2026\\\/03\\\/07\\\/sheinbaum-llama-a-mantener-cabeza-fria-ante-criticas-de-trump-sobre-violencia-en-mexico\\\/#primaryimage\"},\"image\":{\"@id\":\"https:\\\/\\\/fuentesfidedignas.com.mx\\\/index.php\\\/2026\\\/03\\\/07\\\/sheinbaum-llama-a-mantener-cabeza-fria-ante-criticas-de-trump-sobre-violencia-en-mexico\\\/#primaryimage\"},\"thumbnailUrl\":\"https:\\\/\\\/fuentesfidedignas.com.mx\\\/wp-content\\\/uploads\\\/2025\\\/01\\\/trump_sheinbaum.jpg\",\"datePublished\":\"2026-03-07T19:28:07+00:00\",\"breadcrumb\":{\"@id\":\"https:\\\/\\\/fuentesfidedignas.com.mx\\\/index.php\\\/2026\\\/03\\\/07\\\/sheinbaum-llama-a-mantener-cabeza-fria-ante-criticas-de-trump-sobre-violencia-en-mexico\\\/#breadcrumb\"},\"inLanguage\":\"es\",\"potentialAction\":[{\"@type\":\"ReadAction\",\"target\":[\"https:\\\/\\\/fuentesfidedignas.com.mx\\\/index.php\\\/2026\\\/03\\\/07\\\/sheinbaum-llama-a-mantener-cabeza-fria-ante-criticas-de-trump-sobre-violencia-en-mexico\\\/\"]}]},{\"@type\":\"ImageObject\",\"inLanguage\":\"es\",\"@id\":\"https:\\\/\\\/fuentesfidedignas.com.mx\\\/index.php\\\/2026\\\/03\\\/07\\\/sheinbaum-llama-a-mantener-cabeza-fria-ante-criticas-de-trump-sobre-violencia-en-mexico\\\/#primaryimage\",\"url\":\"https:\\\/\\\/fuentesfidedignas.com.mx\\\/wp-content\\\/uploads\\\/2025\\\/01\\\/trump_sheinbaum.jpg\",\"contentUrl\":\"https:\\\/\\\/fuentesfidedignas.com.mx\\\/wp-content\\\/uploads\\\/2025\\\/01\\\/trump_sheinbaum.jpg\",\"width\":600,\"height\":334},{\"@type\":\"BreadcrumbList\",\"@id\":\"https:\\\/\\\/fuentesfidedignas.com.mx\\\/index.php\\\/2026\\\/03\\\/07\\\/sheinbaum-llama-a-mantener-cabeza-fria-ante-criticas-de-trump-sobre-violencia-en-mexico\\\/#breadcrumb\",\"itemListElement\":[{\"@type\":\"ListItem\",\"position\":1,\"name\":\"Inicio\",\"item\":\"https:\\\/\\\/fuentesfidedignas.com.mx\\\/\"},{\"@type\":\"ListItem\",\"position\":2,\"name\":\"Sheinbaum llama a mantener \u201ccabeza fr\u00eda\u201d ante cr\u00edticas de Trump sobre violencia en M\u00e9xico\"}]},{\"@type\":\"WebSite\",\"@id\":\"https:\\\/\\\/fuentesfidedignas.com.mx\\\/#website\",\"url\":\"https:\\\/\\\/fuentesfidedignas.com.mx\\\/\",\"name\":\"Fuentes Fidedignas\",\"description\":\"Otro sitio realizado con WordPress\",\"publisher\":{\"@id\":\"https:\\\/\\\/fuentesfidedignas.com.mx\\\/#organization\"},\"potentialAction\":[{\"@type\":\"SearchAction\",\"target\":{\"@type\":\"EntryPoint\",\"urlTemplate\":\"https:\\\/\\\/fuentesfidedignas.com.mx\\\/?s={search_term_string}\"},\"query-input\":{\"@type\":\"PropertyValueSpecification\",\"valueRequired\":true,\"valueName\":\"search_term_string\"}}],\"inLanguage\":\"es\"},{\"@type\":\"Organization\",\"@id\":\"https:\\\/\\\/fuentesfidedignas.com.mx\\\/#organization\",\"name\":\"Fuentes Fidedignas\",\"url\":\"https:\\\/\\\/fuentesfidedignas.com.mx\\\/\",\"logo\":{\"@type\":\"ImageObject\",\"inLanguage\":\"es\",\"@id\":\"https:\\\/\\\/fuentesfidedignas.com.mx\\\/#\\\/schema\\\/logo\\\/image\\\/\",\"url\":\"https:\\\/\\\/fuentesfidedignas.com.mx\\\/wp-content\\\/uploads\\\/2021\\\/04\\\/logo-retina.png\",\"contentUrl\":\"https:\\\/\\\/fuentesfidedignas.com.mx\\\/wp-content\\\/uploads\\\/2021\\\/04\\\/logo-retina.png\",\"width\":280,\"height\":51,\"caption\":\"Fuentes Fidedignas\"},\"image\":{\"@id\":\"https:\\\/\\\/fuentesfidedignas.com.mx\\\/#\\\/schema\\\/logo\\\/image\\\/\"},\"sameAs\":[\"https:\\\/\\\/www.facebook.com\\\/Fuentes-Fidedignas-368234489921644\",\"https:\\\/\\\/x.com\\\/fidedignas\"]},{\"@type\":\"Person\",\"@id\":\"https:\\\/\\\/fuentesfidedignas.com.mx\\\/#\\\/schema\\\/person\\\/494f7e0dce8dfaaec5b64f16615b78e9\",\"name\":\"El Financiero\",\"image\":{\"@type\":\"ImageObject\",\"inLanguage\":\"es\",\"@id\":\"https:\\\/\\\/secure.gravatar.com\\\/avatar\\\/88c0f3f2079389318ef8dd35c22cb997212aa89646e357ba59b318db26ed91a9?s=96&d=mm&r=g\",\"url\":\"https:\\\/\\\/secure.gravatar.com\\\/avatar\\\/88c0f3f2079389318ef8dd35c22cb997212aa89646e357ba59b318db26ed91a9?s=96&d=mm&r=g\",\"contentUrl\":\"https:\\\/\\\/secure.gravatar.com\\\/avatar\\\/88c0f3f2079389318ef8dd35c22cb997212aa89646e357ba59b318db26ed91a9?s=96&d=mm&r=g\",\"caption\":\"El Financiero\"},\"url\":\"https:\\\/\\\/fuentesfidedignas.com.mx\\\/index.php\\\/author\\\/financiero\\\/\"}]}<\/script>\n<!-- \/ Yoast SEO plugin. -->","yoast_head_json":{"title":"Sheinbaum llama a mantener \u201ccabeza fr\u00eda\u201d ante cr\u00edticas de Trump sobre violencia en M\u00e9xico - Fuentes Fidedignas","robots":{"index":"index","follow":"follow","max-snippet":"max-snippet:-1","max-image-preview":"max-image-preview:large","max-video-preview":"max-video-preview:-1"},"canonical":"https:\/\/fuentesfidedignas.com.mx\/index.php\/2026\/03\/07\/sheinbaum-llama-a-mantener-cabeza-fria-ante-criticas-de-trump-sobre-violencia-en-mexico\/","og_locale":"es_MX","og_type":"article","og_title":"Sheinbaum llama a mantener \u201ccabeza fr\u00eda\u201d ante cr\u00edticas de Trump sobre violencia en M\u00e9xico - Fuentes Fidedignas","og_description":"Claudia Sheinbaum advirti\u00f3 que el tema ser\u00eda comentado durante su conferencia matutina del d\u00eda lunes La presidenta de M\u00e9xico,&nbsp;Claudia Sheinbaum, fue cuestionada este s\u00e1bado por las declaraciones que&nbsp;Donald Trump&nbsp;realiz\u00f3 durante su cumbre con l\u00edderes latinoamericanos&nbsp;\u2018Escudo de las Am\u00e9ricas\u2019&nbsp;donde calific\u00f3 a M\u00e9xico como \u201cel epicentro de la violencia\u201d de los carteles del narcotr\u00e1fico. La jefa del [&hellip;]","og_url":"https:\/\/fuentesfidedignas.com.mx\/index.php\/2026\/03\/07\/sheinbaum-llama-a-mantener-cabeza-fria-ante-criticas-de-trump-sobre-violencia-en-mexico\/","og_site_name":"Fuentes Fidedignas","article_publisher":"https:\/\/www.facebook.com\/Fuentes-Fidedignas-368234489921644","article_published_time":"2026-03-07T19:28:07+00:00","og_image":[{"width":600,"height":334,"url":"https:\/\/fuentesfidedignas.com.mx\/wp-content\/uploads\/2025\/01\/trump_sheinbaum.jpg","type":"image\/jpeg"}],"author":"El Financiero","twitter_card":"summary_large_image","twitter_creator":"@fidedignas","twitter_site":"@fidedignas","twitter_misc":{"Escrito por":"El Financiero","Tiempo de lectura":"2 minutos"},"schema":{"@context":"https:\/\/schema.org","@graph":[{"@type":"Article","@id":"https:\/\/fuentesfidedignas.com.mx\/index.php\/2026\/03\/07\/sheinbaum-llama-a-mantener-cabeza-fria-ante-criticas-de-trump-sobre-violencia-en-mexico\/#article","isPartOf":{"@id":"https:\/\/fuentesfidedignas.com.mx\/index.php\/2026\/03\/07\/sheinbaum-llama-a-mantener-cabeza-fria-ante-criticas-de-trump-sobre-violencia-en-mexico\/"},"author":{"name":"El Financiero","@id":"https:\/\/fuentesfidedignas.com.mx\/#\/schema\/person\/494f7e0dce8dfaaec5b64f16615b78e9"},"headline":"Sheinbaum llama a mantener \u201ccabeza fr\u00eda\u201d ante cr\u00edticas de Trump sobre violencia en M\u00e9xico","datePublished":"2026-03-07T19:28:07+00:00","mainEntityOfPage":{"@id":"https:\/\/fuentesfidedignas.com.mx\/index.php\/2026\/03\/07\/sheinbaum-llama-a-mantener-cabeza-fria-ante-criticas-de-trump-sobre-violencia-en-mexico\/"},"wordCount":396,"publisher":{"@id":"https:\/\/fuentesfidedignas.com.mx\/#organization"},"image":{"@id":"https:\/\/fuentesfidedignas.com.mx\/index.php\/2026\/03\/07\/sheinbaum-llama-a-mantener-cabeza-fria-ante-criticas-de-trump-sobre-violencia-en-mexico\/#primaryimage"},"thumbnailUrl":"https:\/\/fuentesfidedignas.com.mx\/wp-content\/uploads\/2025\/01\/trump_sheinbaum.jpg","articleSection":["NOTICIAS NACIONALES"],"inLanguage":"es"},{"@type":"WebPage","@id":"https:\/\/fuentesfidedignas.com.mx\/index.php\/2026\/03\/07\/sheinbaum-llama-a-mantener-cabeza-fria-ante-criticas-de-trump-sobre-violencia-en-mexico\/","url":"https:\/\/fuentesfidedignas.com.mx\/index.php\/2026\/03\/07\/sheinbaum-llama-a-mantener-cabeza-fria-ante-criticas-de-trump-sobre-violencia-en-mexico\/","name":"Sheinbaum llama a mantener \u201ccabeza fr\u00eda\u201d ante cr\u00edticas de Trump sobre violencia en M\u00e9xico - Fuentes Fidedignas","isPartOf":{"@id":"https:\/\/fuentesfidedignas.com.mx\/#website"},"primaryImageOfPage":{"@id":"https:\/\/fuentesfidedignas.com.mx\/index.php\/2026\/03\/07\/sheinbaum-llama-a-mantener-cabeza-fria-ante-criticas-de-trump-sobre-violencia-en-mexico\/#primaryimage"},"image":{"@id":"https:\/\/fuentesfidedignas.com.mx\/index.php\/2026\/03\/07\/sheinbaum-llama-a-mantener-cabeza-fria-ante-criticas-de-trump-sobre-violencia-en-mexico\/#primaryimage"},"thumbnailUrl":"https:\/\/fuentesfidedignas.com.mx\/wp-content\/uploads\/2025\/01\/trump_sheinbaum.jpg","datePublished":"2026-03-07T19:28:07+00:00","breadcrumb":{"@id":"https:\/\/fuentesfidedignas.com.mx\/index.php\/2026\/03\/07\/sheinbaum-llama-a-mantener-cabeza-fria-ante-criticas-de-trump-sobre-violencia-en-mexico\/#breadcrumb"},"inLanguage":"es","potentialAction":[{"@type":"ReadAction","target":["https:\/\/fuentesfidedignas.com.mx\/index.php\/2026\/03\/07\/sheinbaum-llama-a-mantener-cabeza-fria-ante-criticas-de-trump-sobre-violencia-en-mexico\/"]}]},{"@type":"ImageObject","inLanguage":"es","@id":"https:\/\/fuentesfidedignas.com.mx\/index.php\/2026\/03\/07\/sheinbaum-llama-a-mantener-cabeza-fria-ante-criticas-de-trump-sobre-violencia-en-mexico\/#primaryimage","url":"https:\/\/fuentesfidedignas.com.mx\/wp-content\/uploads\/2025\/01\/trump_sheinbaum.jpg","contentUrl":"https:\/\/fuentesfidedignas.com.mx\/wp-content\/uploads\/2025\/01\/trump_sheinbaum.jpg","width":600,"height":334},{"@type":"BreadcrumbList","@id":"https:\/\/fuentesfidedignas.com.mx\/index.php\/2026\/03\/07\/sheinbaum-llama-a-mantener-cabeza-fria-ante-criticas-de-trump-sobre-violencia-en-mexico\/#breadcrumb","itemListElement":[{"@type":"ListItem","position":1,"name":"Inicio","item":"https:\/\/fuentesfidedignas.com.mx\/"},{"@type":"ListItem","position":2,"name":"Sheinbaum llama a mantener \u201ccabeza fr\u00eda\u201d ante cr\u00edticas de Trump sobre violencia en M\u00e9xico"}]},{"@type":"WebSite","@id":"https:\/\/fuentesfidedignas.com.mx\/#website","url":"https:\/\/fuentesfidedignas.com.mx\/","name":"Fuentes Fidedignas","description":"Otro sitio realizado con WordPress","publisher":{"@id":"https:\/\/fuentesfidedignas.com.mx\/#organization"},"potentialAction":[{"@type":"SearchAction","target":{"@type":"EntryPoint","urlTemplate":"https:\/\/fuentesfidedignas.com.mx\/?s={search_term_string}"},"query-input":{"@type":"PropertyValueSpecification","valueRequired":true,"valueName":"search_term_string"}}],"inLanguage":"es"},{"@type":"Organization","@id":"https:\/\/fuentesfidedignas.com.mx\/#organization","name":"Fuentes Fidedignas","url":"https:\/\/fuentesfidedignas.com.mx\/","logo":{"@type":"ImageObject","inLanguage":"es","@id":"https:\/\/fuentesfidedignas.com.mx\/#\/schema\/logo\/image\/","url":"https:\/\/fuentesfidedignas.com.mx\/wp-content\/uploads\/2021\/04\/logo-retina.png","contentUrl":"https:\/\/fuentesfidedignas.com.mx\/wp-content\/uploads\/2021\/04\/logo-retina.png","width":280,"height":51,"caption":"Fuentes Fidedignas"},"image":{"@id":"https:\/\/fuentesfidedignas.com.mx\/#\/schema\/logo\/image\/"},"sameAs":["https:\/\/www.facebook.com\/Fuentes-Fidedignas-368234489921644","https:\/\/x.com\/fidedignas"]},{"@type":"Person","@id":"https:\/\/fuentesfidedignas.com.mx\/#\/schema\/person\/494f7e0dce8dfaaec5b64f16615b78e9","name":"El Financiero","image":{"@type":"ImageObject","inLanguage":"es","@id":"https:\/\/secure.gravatar.com\/avatar\/88c0f3f2079389318ef8dd35c22cb997212aa89646e357ba59b318db26ed91a9?s=96&d=mm&r=g","url":"https:\/\/secure.gravatar.com\/avatar\/88c0f3f2079389318ef8dd35c22cb997212aa89646e357ba59b318db26ed91a9?s=96&d=mm&r=g","contentUrl":"https:\/\/secure.gravatar.com\/avatar\/88c0f3f2079389318ef8dd35c22cb997212aa89646e357ba59b318db26ed91a9?s=96&d=mm&r=g","caption":"El Financiero"},"url":"https:\/\/fuentesfidedignas.com.mx\/index.php\/author\/financiero\/"}]}},"_links":{"self":[{"href":"https:\/\/fuentesfidedignas.com.mx\/index.php\/wp-json\/wp\/v2\/posts\/128803","targetHints":{"allow":["GET"]}}],"collection":[{"href":"https:\/\/fuentesfidedignas.com.mx\/index.php\/wp-json\/wp\/v2\/posts"}],"about":[{"href":"https:\/\/fuentesfidedignas.com.mx\/index.php\/wp-json\/wp\/v2\/types\/post"}],"author":[{"embeddable":true,"href":"https:\/\/fuentesfidedignas.com.mx\/index.php\/wp-json\/wp\/v2\/users\/21"}],"replies":[{"embeddable":true,"href":"https:\/\/fuentesfidedignas.com.mx\/index.php\/wp-json\/wp\/v2\/comments?post=128803"}],"version-history":[{"count":1,"href":"https:\/\/fuentesfidedignas.com.mx\/index.php\/wp-json\/wp\/v2\/posts\/128803\/revisions"}],"predecessor-version":[{"id":128804,"href":"https:\/\/fuentesfidedignas.com.mx\/index.php\/wp-json\/wp\/v2\/posts\/128803\/revisions\/128804"}],"wp:featuredmedia":[{"embeddable":true,"href":"https:\/\/fuentesfidedignas.com.mx\/index.php\/wp-json\/wp\/v2\/media\/100665"}],"wp:attachment":[{"href":"https:\/\/fuentesfidedignas.com.mx\/index.php\/wp-json\/wp\/v2\/media?parent=128803"}],"wp:term":[{"taxonomy":"category","embeddable":true,"href":"https:\/\/fuentesfidedignas.com.mx\/index.php\/wp-json\/wp\/v2\/categories?post=128803"},{"taxonomy":"post_tag","embeddable":true,"href":"https:\/\/fuentesfidedignas.com.mx\/index.php\/wp-json\/wp\/v2\/tags?post=128803"}],"curies":[{"name":"wp","href":"https:\/\/api.w.org\/{rel}","templated":true}]}}