{"id":128801,"date":"2026-03-07T10:49:35","date_gmt":"2026-03-07T17:49:35","guid":{"rendered":"https:\/\/fuentesfidedignas.com.mx\/?p=128801"},"modified":"2026-03-07T10:49:35","modified_gmt":"2026-03-07T17:49:35","slug":"trump-anuncia-alianza-con-17-paises-de-america-para-destruir-a-los-carteles-no-figura-mexico","status":"publish","type":"post","link":"https:\/\/fuentesfidedignas.com.mx\/index.php\/2026\/03\/07\/trump-anuncia-alianza-con-17-paises-de-america-para-destruir-a-los-carteles-no-figura-mexico\/","title":{"rendered":"Trump anuncia alianza con 17 pa\u00edses de Am\u00e9rica para &#8216;destruir&#8217; a los c\u00e1rteles; no figura M\u00e9xico"},"content":{"rendered":"\n<p><\/p>\n\n\n\n<p><strong><em>Donald Trump se\u00f1al\u00f3 HOY a M\u00e9xico como \u2018el epicentro de la violencia de los c\u00e1rteles\u2019 que alimentan \u2018gran parte del derramamiento de sangre\u2019 en Am\u00e9rica <\/em><\/strong><\/p>\n\n\n\n<p>El presidente estadounidense, Donald Trump, anunci\u00f3 este s\u00e1bado la creaci\u00f3n de una alianza de 17 pa\u00edses americanos para &#8220;destruir&#8221; a los c\u00e1rteles de narcotraficantes del continente, durante una cumbre celebrada en su club de golf en Doral (Florida) con una docena de mandatarios afines.<\/p>\n\n\n\n<p>&#8220;El coraz\u00f3n de nuestro acuerdo es el compromiso de utilizar fuerza militar letal para destruir estos siniestros c\u00e1rteles y redes terroristas. De una vez por todas, vamos a acabar con ellos&#8221;, declar\u00f3 Trump ante sus invitados.<\/p>\n\n\n\n<p>&#8220;Los l\u00edderes de esta regi\u00f3n han permitido que grandes franjas de territorio en el hemisferio occidental queden bajo el control de pandillas transnacionales (\u2026) No vamos a permitir que eso ocurra. Vamos a ayudar&#8221;, a\u00f1adi\u00f3 el mandatario republicano. &#8220;\u00bfQuieren que usemos un misil? Son extremadamente precisos. \u00a1Piu! Lo mandamos directo a la sala de estar y se acab\u00f3 el miembro del c\u00e1rtel&#8221;.<\/p>\n\n\n\n<p>Antes de su anuncio, Trump salud\u00f3 a sus 12 invitados, entre ellos aliados fieles como el argentino Javier Milei, el ecuatoriano Daniel Noboa o el salvadore\u00f1o Nayib Bukele, al que calific\u00f3 de &#8220;gran presidente&#8221;.<\/p>\n\n\n\n<p>La cita se enmarca en su versi\u00f3n de la hist\u00f3rica Doctrina Monroe, con la que ha prometido intervenir para promover los intereses de Washington en las Am\u00e9ricas, aumentar la seguridad del pa\u00eds y frenar la influencia de potencias como China.<\/p>\n\n\n\n<p>Un ejemplo de esta postura fue la operaci\u00f3n de las fuerzas estadounidenses que se sald\u00f3 con el derrocamiento y la captura del presidente venezolano, Nicol\u00e1s Maduro, el 3 de enero en Caracas, o el bloqueo impuesto a la entrega de petr\u00f3leo a Cuba.<\/p>\n\n\n\n<p>El encuentro coincide asimismo con la guerra emprendida por Washington e Israel contra Ir\u00e1n, la semana pasada.<\/p>\n\n\n\n<p>&nbsp;<strong>INSEGURIDAD<\/strong>&nbsp;&nbsp;<\/p>\n\n\n\n<p>Adem\u00e1s de Bukele, Milei y Noboa, Trump recibi\u00f3 en Doral, cerca de Miami, a los presidentes de Bolivia, Costa Rica, Rep\u00fablica Dominicana, Honduras, Panam\u00e1, Paraguay, Guyana y Trinidad y Tobago, as\u00ed como al presidente electo de Chile, Jos\u00e9 Antonio Kast.<\/p>\n\n\n\n<p>La mayor\u00eda de los invitados comparte la preocupaci\u00f3n de Washington por el auge del crimen organizado en el continente, un fen\u00f3meno que afecta a pa\u00edses que hasta hace poco se consideraban bastante seguros, como Chile y Ecuador, explica Irene Mia, experta sobre Am\u00e9rica Latina en el Instituto Internacional de Estudios Estrat\u00e9gicos (IISS, por sus siglas en ingl\u00e9s). \u00a9 2025 Imagen &#8211; Exc\u00e9lsior. Todos los derechos reservados. El contenido de este sitio y de la edici\u00f3n impresa est\u00e1 protegido por la Ley Federal del Derecho de Autor. Prohibida la reproducci\u00f3n total o parcial sin autorizaci\u00f3n previa y por escrito. El material de terceros conserva sus propios derechos.<\/p>\n","protected":false},"excerpt":{"rendered":"<p>Donald Trump se\u00f1al\u00f3 HOY a M\u00e9xico como \u2018el epicentro de la violencia de los c\u00e1rteles\u2019 que alimentan \u2018gran parte del derramamiento de sangre\u2019 en Am\u00e9rica El presidente estadounidense, Donald Trump, anunci\u00f3 este s\u00e1bado la creaci\u00f3n de una alianza de 17 pa\u00edses americanos para &#8220;destruir&#8221; a los c\u00e1rteles de narcotraficantes del continente, durante una cumbre celebrada [&hellip;]<\/p>\n","protected":false},"author":7,"featured_media":128800,"comment_status":"closed","ping_status":"open","sticky":false,"template":"","format":"standard","meta":{"tdm_status":"","tdm_grid_status":"","footnotes":""},"categories":[39],"tags":[],"class_list":{"0":"post-128801","1":"post","2":"type-post","3":"status-publish","4":"format-standard","5":"has-post-thumbnail","7":"category-noticias-nacionales"},"yoast_head":"<!-- This site is optimized with the Yoast SEO plugin v27.5 - https:\/\/yoast.com\/product\/yoast-seo-wordpress\/ -->\n<title>Trump anuncia alianza con 17 pa\u00edses de Am\u00e9rica para &#039;destruir&#039; a los c\u00e1rteles; no figura M\u00e9xico - Fuentes Fidedignas<\/title>\n<meta name=\"robots\" content=\"index, follow, max-snippet:-1, max-image-preview:large, max-video-preview:-1\" \/>\n<link rel=\"canonical\" href=\"https:\/\/fuentesfidedignas.com.mx\/index.php\/2026\/03\/07\/trump-anuncia-alianza-con-17-paises-de-america-para-destruir-a-los-carteles-no-figura-mexico\/\" \/>\n<meta property=\"og:locale\" content=\"es_MX\" \/>\n<meta property=\"og:type\" content=\"article\" \/>\n<meta property=\"og:title\" content=\"Trump anuncia alianza con 17 pa\u00edses de Am\u00e9rica para &#039;destruir&#039; a los c\u00e1rteles; no figura M\u00e9xico - Fuentes Fidedignas\" \/>\n<meta property=\"og:description\" content=\"Donald Trump se\u00f1al\u00f3 HOY a M\u00e9xico como \u2018el epicentro de la violencia de los c\u00e1rteles\u2019 que alimentan \u2018gran parte del derramamiento de sangre\u2019 en Am\u00e9rica El presidente estadounidense, Donald Trump, anunci\u00f3 este s\u00e1bado la creaci\u00f3n de una alianza de 17 pa\u00edses americanos para &#8220;destruir&#8221; a los c\u00e1rteles de narcotraficantes del continente, durante una cumbre celebrada [&hellip;]\" \/>\n<meta property=\"og:url\" content=\"https:\/\/fuentesfidedignas.com.mx\/index.php\/2026\/03\/07\/trump-anuncia-alianza-con-17-paises-de-america-para-destruir-a-los-carteles-no-figura-mexico\/\" \/>\n<meta property=\"og:site_name\" content=\"Fuentes Fidedignas\" \/>\n<meta property=\"article:publisher\" content=\"https:\/\/www.facebook.com\/Fuentes-Fidedignas-368234489921644\" \/>\n<meta property=\"article:published_time\" content=\"2026-03-07T17:49:35+00:00\" \/>\n<meta property=\"og:image\" content=\"https:\/\/fuentesfidedignas.com.mx\/wp-content\/uploads\/2026\/03\/img_4262.jpg\" \/>\n\t<meta property=\"og:image:width\" content=\"375\" \/>\n\t<meta property=\"og:image:height\" content=\"249\" \/>\n\t<meta property=\"og:image:type\" content=\"image\/jpeg\" \/>\n<meta name=\"author\" content=\"Exc\u00e9lsior\" \/>\n<meta name=\"twitter:card\" content=\"summary_large_image\" \/>\n<meta name=\"twitter:creator\" content=\"@fidedignas\" \/>\n<meta name=\"twitter:site\" content=\"@fidedignas\" \/>\n<meta name=\"twitter:label1\" content=\"Escrito por\" \/>\n\t<meta name=\"twitter:data1\" content=\"Exc\u00e9lsior\" \/>\n\t<meta name=\"twitter:label2\" content=\"Tiempo de lectura\" \/>\n\t<meta name=\"twitter:data2\" content=\"2 minutos\" \/>\n<script type=\"application\/ld+json\" class=\"yoast-schema-graph\">{\"@context\":\"https:\\\/\\\/schema.org\",\"@graph\":[{\"@type\":\"Article\",\"@id\":\"https:\\\/\\\/fuentesfidedignas.com.mx\\\/index.php\\\/2026\\\/03\\\/07\\\/trump-anuncia-alianza-con-17-paises-de-america-para-destruir-a-los-carteles-no-figura-mexico\\\/#article\",\"isPartOf\":{\"@id\":\"https:\\\/\\\/fuentesfidedignas.com.mx\\\/index.php\\\/2026\\\/03\\\/07\\\/trump-anuncia-alianza-con-17-paises-de-america-para-destruir-a-los-carteles-no-figura-mexico\\\/\"},\"author\":{\"name\":\"Exc\u00e9lsior\",\"@id\":\"https:\\\/\\\/fuentesfidedignas.com.mx\\\/#\\\/schema\\\/person\\\/ec4edd1fbf5efa3e44fce34fe2787780\"},\"headline\":\"Trump anuncia alianza con 17 pa\u00edses de Am\u00e9rica para &#8216;destruir&#8217; a los c\u00e1rteles; no figura M\u00e9xico\",\"datePublished\":\"2026-03-07T17:49:35+00:00\",\"mainEntityOfPage\":{\"@id\":\"https:\\\/\\\/fuentesfidedignas.com.mx\\\/index.php\\\/2026\\\/03\\\/07\\\/trump-anuncia-alianza-con-17-paises-de-america-para-destruir-a-los-carteles-no-figura-mexico\\\/\"},\"wordCount\":500,\"publisher\":{\"@id\":\"https:\\\/\\\/fuentesfidedignas.com.mx\\\/#organization\"},\"image\":{\"@id\":\"https:\\\/\\\/fuentesfidedignas.com.mx\\\/index.php\\\/2026\\\/03\\\/07\\\/trump-anuncia-alianza-con-17-paises-de-america-para-destruir-a-los-carteles-no-figura-mexico\\\/#primaryimage\"},\"thumbnailUrl\":\"https:\\\/\\\/fuentesfidedignas.com.mx\\\/wp-content\\\/uploads\\\/2026\\\/03\\\/img_4262.jpg\",\"articleSection\":[\"NOTICIAS NACIONALES\"],\"inLanguage\":\"es\"},{\"@type\":\"WebPage\",\"@id\":\"https:\\\/\\\/fuentesfidedignas.com.mx\\\/index.php\\\/2026\\\/03\\\/07\\\/trump-anuncia-alianza-con-17-paises-de-america-para-destruir-a-los-carteles-no-figura-mexico\\\/\",\"url\":\"https:\\\/\\\/fuentesfidedignas.com.mx\\\/index.php\\\/2026\\\/03\\\/07\\\/trump-anuncia-alianza-con-17-paises-de-america-para-destruir-a-los-carteles-no-figura-mexico\\\/\",\"name\":\"Trump anuncia alianza con 17 pa\u00edses de Am\u00e9rica para 'destruir' a los c\u00e1rteles; no figura M\u00e9xico - Fuentes Fidedignas\",\"isPartOf\":{\"@id\":\"https:\\\/\\\/fuentesfidedignas.com.mx\\\/#website\"},\"primaryImageOfPage\":{\"@id\":\"https:\\\/\\\/fuentesfidedignas.com.mx\\\/index.php\\\/2026\\\/03\\\/07\\\/trump-anuncia-alianza-con-17-paises-de-america-para-destruir-a-los-carteles-no-figura-mexico\\\/#primaryimage\"},\"image\":{\"@id\":\"https:\\\/\\\/fuentesfidedignas.com.mx\\\/index.php\\\/2026\\\/03\\\/07\\\/trump-anuncia-alianza-con-17-paises-de-america-para-destruir-a-los-carteles-no-figura-mexico\\\/#primaryimage\"},\"thumbnailUrl\":\"https:\\\/\\\/fuentesfidedignas.com.mx\\\/wp-content\\\/uploads\\\/2026\\\/03\\\/img_4262.jpg\",\"datePublished\":\"2026-03-07T17:49:35+00:00\",\"breadcrumb\":{\"@id\":\"https:\\\/\\\/fuentesfidedignas.com.mx\\\/index.php\\\/2026\\\/03\\\/07\\\/trump-anuncia-alianza-con-17-paises-de-america-para-destruir-a-los-carteles-no-figura-mexico\\\/#breadcrumb\"},\"inLanguage\":\"es\",\"potentialAction\":[{\"@type\":\"ReadAction\",\"target\":[\"https:\\\/\\\/fuentesfidedignas.com.mx\\\/index.php\\\/2026\\\/03\\\/07\\\/trump-anuncia-alianza-con-17-paises-de-america-para-destruir-a-los-carteles-no-figura-mexico\\\/\"]}]},{\"@type\":\"ImageObject\",\"inLanguage\":\"es\",\"@id\":\"https:\\\/\\\/fuentesfidedignas.com.mx\\\/index.php\\\/2026\\\/03\\\/07\\\/trump-anuncia-alianza-con-17-paises-de-america-para-destruir-a-los-carteles-no-figura-mexico\\\/#primaryimage\",\"url\":\"https:\\\/\\\/fuentesfidedignas.com.mx\\\/wp-content\\\/uploads\\\/2026\\\/03\\\/img_4262.jpg\",\"contentUrl\":\"https:\\\/\\\/fuentesfidedignas.com.mx\\\/wp-content\\\/uploads\\\/2026\\\/03\\\/img_4262.jpg\",\"width\":375,\"height\":249},{\"@type\":\"BreadcrumbList\",\"@id\":\"https:\\\/\\\/fuentesfidedignas.com.mx\\\/index.php\\\/2026\\\/03\\\/07\\\/trump-anuncia-alianza-con-17-paises-de-america-para-destruir-a-los-carteles-no-figura-mexico\\\/#breadcrumb\",\"itemListElement\":[{\"@type\":\"ListItem\",\"position\":1,\"name\":\"Inicio\",\"item\":\"https:\\\/\\\/fuentesfidedignas.com.mx\\\/\"},{\"@type\":\"ListItem\",\"position\":2,\"name\":\"Trump anuncia alianza con 17 pa\u00edses de Am\u00e9rica para &#8216;destruir&#8217; a los c\u00e1rteles; no figura M\u00e9xico\"}]},{\"@type\":\"WebSite\",\"@id\":\"https:\\\/\\\/fuentesfidedignas.com.mx\\\/#website\",\"url\":\"https:\\\/\\\/fuentesfidedignas.com.mx\\\/\",\"name\":\"Fuentes Fidedignas\",\"description\":\"Otro sitio realizado con WordPress\",\"publisher\":{\"@id\":\"https:\\\/\\\/fuentesfidedignas.com.mx\\\/#organization\"},\"potentialAction\":[{\"@type\":\"SearchAction\",\"target\":{\"@type\":\"EntryPoint\",\"urlTemplate\":\"https:\\\/\\\/fuentesfidedignas.com.mx\\\/?s={search_term_string}\"},\"query-input\":{\"@type\":\"PropertyValueSpecification\",\"valueRequired\":true,\"valueName\":\"search_term_string\"}}],\"inLanguage\":\"es\"},{\"@type\":\"Organization\",\"@id\":\"https:\\\/\\\/fuentesfidedignas.com.mx\\\/#organization\",\"name\":\"Fuentes Fidedignas\",\"url\":\"https:\\\/\\\/fuentesfidedignas.com.mx\\\/\",\"logo\":{\"@type\":\"ImageObject\",\"inLanguage\":\"es\",\"@id\":\"https:\\\/\\\/fuentesfidedignas.com.mx\\\/#\\\/schema\\\/logo\\\/image\\\/\",\"url\":\"https:\\\/\\\/fuentesfidedignas.com.mx\\\/wp-content\\\/uploads\\\/2021\\\/04\\\/logo-retina.png\",\"contentUrl\":\"https:\\\/\\\/fuentesfidedignas.com.mx\\\/wp-content\\\/uploads\\\/2021\\\/04\\\/logo-retina.png\",\"width\":280,\"height\":51,\"caption\":\"Fuentes Fidedignas\"},\"image\":{\"@id\":\"https:\\\/\\\/fuentesfidedignas.com.mx\\\/#\\\/schema\\\/logo\\\/image\\\/\"},\"sameAs\":[\"https:\\\/\\\/www.facebook.com\\\/Fuentes-Fidedignas-368234489921644\",\"https:\\\/\\\/x.com\\\/fidedignas\"]},{\"@type\":\"Person\",\"@id\":\"https:\\\/\\\/fuentesfidedignas.com.mx\\\/#\\\/schema\\\/person\\\/ec4edd1fbf5efa3e44fce34fe2787780\",\"name\":\"Exc\u00e9lsior\",\"image\":{\"@type\":\"ImageObject\",\"inLanguage\":\"es\",\"@id\":\"https:\\\/\\\/secure.gravatar.com\\\/avatar\\\/4b7ee9206b48be08447852b3f0814dbc7c0f3b51541b164f1464a2725614020b?s=96&d=mm&r=g\",\"url\":\"https:\\\/\\\/secure.gravatar.com\\\/avatar\\\/4b7ee9206b48be08447852b3f0814dbc7c0f3b51541b164f1464a2725614020b?s=96&d=mm&r=g\",\"contentUrl\":\"https:\\\/\\\/secure.gravatar.com\\\/avatar\\\/4b7ee9206b48be08447852b3f0814dbc7c0f3b51541b164f1464a2725614020b?s=96&d=mm&r=g\",\"caption\":\"Exc\u00e9lsior\"},\"url\":\"https:\\\/\\\/fuentesfidedignas.com.mx\\\/index.php\\\/author\\\/excelsior\\\/\"}]}<\/script>\n<!-- \/ Yoast SEO plugin. -->","yoast_head_json":{"title":"Trump anuncia alianza con 17 pa\u00edses de Am\u00e9rica para 'destruir' a los c\u00e1rteles; no figura M\u00e9xico - Fuentes Fidedignas","robots":{"index":"index","follow":"follow","max-snippet":"max-snippet:-1","max-image-preview":"max-image-preview:large","max-video-preview":"max-video-preview:-1"},"canonical":"https:\/\/fuentesfidedignas.com.mx\/index.php\/2026\/03\/07\/trump-anuncia-alianza-con-17-paises-de-america-para-destruir-a-los-carteles-no-figura-mexico\/","og_locale":"es_MX","og_type":"article","og_title":"Trump anuncia alianza con 17 pa\u00edses de Am\u00e9rica para 'destruir' a los c\u00e1rteles; no figura M\u00e9xico - Fuentes Fidedignas","og_description":"Donald Trump se\u00f1al\u00f3 HOY a M\u00e9xico como \u2018el epicentro de la violencia de los c\u00e1rteles\u2019 que alimentan \u2018gran parte del derramamiento de sangre\u2019 en Am\u00e9rica El presidente estadounidense, Donald Trump, anunci\u00f3 este s\u00e1bado la creaci\u00f3n de una alianza de 17 pa\u00edses americanos para &#8220;destruir&#8221; a los c\u00e1rteles de narcotraficantes del continente, durante una cumbre celebrada [&hellip;]","og_url":"https:\/\/fuentesfidedignas.com.mx\/index.php\/2026\/03\/07\/trump-anuncia-alianza-con-17-paises-de-america-para-destruir-a-los-carteles-no-figura-mexico\/","og_site_name":"Fuentes Fidedignas","article_publisher":"https:\/\/www.facebook.com\/Fuentes-Fidedignas-368234489921644","article_published_time":"2026-03-07T17:49:35+00:00","og_image":[{"width":375,"height":249,"url":"https:\/\/fuentesfidedignas.com.mx\/wp-content\/uploads\/2026\/03\/img_4262.jpg","type":"image\/jpeg"}],"author":"Exc\u00e9lsior","twitter_card":"summary_large_image","twitter_creator":"@fidedignas","twitter_site":"@fidedignas","twitter_misc":{"Escrito por":"Exc\u00e9lsior","Tiempo de lectura":"2 minutos"},"schema":{"@context":"https:\/\/schema.org","@graph":[{"@type":"Article","@id":"https:\/\/fuentesfidedignas.com.mx\/index.php\/2026\/03\/07\/trump-anuncia-alianza-con-17-paises-de-america-para-destruir-a-los-carteles-no-figura-mexico\/#article","isPartOf":{"@id":"https:\/\/fuentesfidedignas.com.mx\/index.php\/2026\/03\/07\/trump-anuncia-alianza-con-17-paises-de-america-para-destruir-a-los-carteles-no-figura-mexico\/"},"author":{"name":"Exc\u00e9lsior","@id":"https:\/\/fuentesfidedignas.com.mx\/#\/schema\/person\/ec4edd1fbf5efa3e44fce34fe2787780"},"headline":"Trump anuncia alianza con 17 pa\u00edses de Am\u00e9rica para &#8216;destruir&#8217; a los c\u00e1rteles; no figura M\u00e9xico","datePublished":"2026-03-07T17:49:35+00:00","mainEntityOfPage":{"@id":"https:\/\/fuentesfidedignas.com.mx\/index.php\/2026\/03\/07\/trump-anuncia-alianza-con-17-paises-de-america-para-destruir-a-los-carteles-no-figura-mexico\/"},"wordCount":500,"publisher":{"@id":"https:\/\/fuentesfidedignas.com.mx\/#organization"},"image":{"@id":"https:\/\/fuentesfidedignas.com.mx\/index.php\/2026\/03\/07\/trump-anuncia-alianza-con-17-paises-de-america-para-destruir-a-los-carteles-no-figura-mexico\/#primaryimage"},"thumbnailUrl":"https:\/\/fuentesfidedignas.com.mx\/wp-content\/uploads\/2026\/03\/img_4262.jpg","articleSection":["NOTICIAS NACIONALES"],"inLanguage":"es"},{"@type":"WebPage","@id":"https:\/\/fuentesfidedignas.com.mx\/index.php\/2026\/03\/07\/trump-anuncia-alianza-con-17-paises-de-america-para-destruir-a-los-carteles-no-figura-mexico\/","url":"https:\/\/fuentesfidedignas.com.mx\/index.php\/2026\/03\/07\/trump-anuncia-alianza-con-17-paises-de-america-para-destruir-a-los-carteles-no-figura-mexico\/","name":"Trump anuncia alianza con 17 pa\u00edses de Am\u00e9rica para 'destruir' a los c\u00e1rteles; no figura M\u00e9xico - Fuentes Fidedignas","isPartOf":{"@id":"https:\/\/fuentesfidedignas.com.mx\/#website"},"primaryImageOfPage":{"@id":"https:\/\/fuentesfidedignas.com.mx\/index.php\/2026\/03\/07\/trump-anuncia-alianza-con-17-paises-de-america-para-destruir-a-los-carteles-no-figura-mexico\/#primaryimage"},"image":{"@id":"https:\/\/fuentesfidedignas.com.mx\/index.php\/2026\/03\/07\/trump-anuncia-alianza-con-17-paises-de-america-para-destruir-a-los-carteles-no-figura-mexico\/#primaryimage"},"thumbnailUrl":"https:\/\/fuentesfidedignas.com.mx\/wp-content\/uploads\/2026\/03\/img_4262.jpg","datePublished":"2026-03-07T17:49:35+00:00","breadcrumb":{"@id":"https:\/\/fuentesfidedignas.com.mx\/index.php\/2026\/03\/07\/trump-anuncia-alianza-con-17-paises-de-america-para-destruir-a-los-carteles-no-figura-mexico\/#breadcrumb"},"inLanguage":"es","potentialAction":[{"@type":"ReadAction","target":["https:\/\/fuentesfidedignas.com.mx\/index.php\/2026\/03\/07\/trump-anuncia-alianza-con-17-paises-de-america-para-destruir-a-los-carteles-no-figura-mexico\/"]}]},{"@type":"ImageObject","inLanguage":"es","@id":"https:\/\/fuentesfidedignas.com.mx\/index.php\/2026\/03\/07\/trump-anuncia-alianza-con-17-paises-de-america-para-destruir-a-los-carteles-no-figura-mexico\/#primaryimage","url":"https:\/\/fuentesfidedignas.com.mx\/wp-content\/uploads\/2026\/03\/img_4262.jpg","contentUrl":"https:\/\/fuentesfidedignas.com.mx\/wp-content\/uploads\/2026\/03\/img_4262.jpg","width":375,"height":249},{"@type":"BreadcrumbList","@id":"https:\/\/fuentesfidedignas.com.mx\/index.php\/2026\/03\/07\/trump-anuncia-alianza-con-17-paises-de-america-para-destruir-a-los-carteles-no-figura-mexico\/#breadcrumb","itemListElement":[{"@type":"ListItem","position":1,"name":"Inicio","item":"https:\/\/fuentesfidedignas.com.mx\/"},{"@type":"ListItem","position":2,"name":"Trump anuncia alianza con 17 pa\u00edses de Am\u00e9rica para &#8216;destruir&#8217; a los c\u00e1rteles; no figura M\u00e9xico"}]},{"@type":"WebSite","@id":"https:\/\/fuentesfidedignas.com.mx\/#website","url":"https:\/\/fuentesfidedignas.com.mx\/","name":"Fuentes Fidedignas","description":"Otro sitio realizado con WordPress","publisher":{"@id":"https:\/\/fuentesfidedignas.com.mx\/#organization"},"potentialAction":[{"@type":"SearchAction","target":{"@type":"EntryPoint","urlTemplate":"https:\/\/fuentesfidedignas.com.mx\/?s={search_term_string}"},"query-input":{"@type":"PropertyValueSpecification","valueRequired":true,"valueName":"search_term_string"}}],"inLanguage":"es"},{"@type":"Organization","@id":"https:\/\/fuentesfidedignas.com.mx\/#organization","name":"Fuentes Fidedignas","url":"https:\/\/fuentesfidedignas.com.mx\/","logo":{"@type":"ImageObject","inLanguage":"es","@id":"https:\/\/fuentesfidedignas.com.mx\/#\/schema\/logo\/image\/","url":"https:\/\/fuentesfidedignas.com.mx\/wp-content\/uploads\/2021\/04\/logo-retina.png","contentUrl":"https:\/\/fuentesfidedignas.com.mx\/wp-content\/uploads\/2021\/04\/logo-retina.png","width":280,"height":51,"caption":"Fuentes Fidedignas"},"image":{"@id":"https:\/\/fuentesfidedignas.com.mx\/#\/schema\/logo\/image\/"},"sameAs":["https:\/\/www.facebook.com\/Fuentes-Fidedignas-368234489921644","https:\/\/x.com\/fidedignas"]},{"@type":"Person","@id":"https:\/\/fuentesfidedignas.com.mx\/#\/schema\/person\/ec4edd1fbf5efa3e44fce34fe2787780","name":"Exc\u00e9lsior","image":{"@type":"ImageObject","inLanguage":"es","@id":"https:\/\/secure.gravatar.com\/avatar\/4b7ee9206b48be08447852b3f0814dbc7c0f3b51541b164f1464a2725614020b?s=96&d=mm&r=g","url":"https:\/\/secure.gravatar.com\/avatar\/4b7ee9206b48be08447852b3f0814dbc7c0f3b51541b164f1464a2725614020b?s=96&d=mm&r=g","contentUrl":"https:\/\/secure.gravatar.com\/avatar\/4b7ee9206b48be08447852b3f0814dbc7c0f3b51541b164f1464a2725614020b?s=96&d=mm&r=g","caption":"Exc\u00e9lsior"},"url":"https:\/\/fuentesfidedignas.com.mx\/index.php\/author\/excelsior\/"}]}},"_links":{"self":[{"href":"https:\/\/fuentesfidedignas.com.mx\/index.php\/wp-json\/wp\/v2\/posts\/128801","targetHints":{"allow":["GET"]}}],"collection":[{"href":"https:\/\/fuentesfidedignas.com.mx\/index.php\/wp-json\/wp\/v2\/posts"}],"about":[{"href":"https:\/\/fuentesfidedignas.com.mx\/index.php\/wp-json\/wp\/v2\/types\/post"}],"author":[{"embeddable":true,"href":"https:\/\/fuentesfidedignas.com.mx\/index.php\/wp-json\/wp\/v2\/users\/7"}],"replies":[{"embeddable":true,"href":"https:\/\/fuentesfidedignas.com.mx\/index.php\/wp-json\/wp\/v2\/comments?post=128801"}],"version-history":[{"count":1,"href":"https:\/\/fuentesfidedignas.com.mx\/index.php\/wp-json\/wp\/v2\/posts\/128801\/revisions"}],"predecessor-version":[{"id":128802,"href":"https:\/\/fuentesfidedignas.com.mx\/index.php\/wp-json\/wp\/v2\/posts\/128801\/revisions\/128802"}],"wp:featuredmedia":[{"embeddable":true,"href":"https:\/\/fuentesfidedignas.com.mx\/index.php\/wp-json\/wp\/v2\/media\/128800"}],"wp:attachment":[{"href":"https:\/\/fuentesfidedignas.com.mx\/index.php\/wp-json\/wp\/v2\/media?parent=128801"}],"wp:term":[{"taxonomy":"category","embeddable":true,"href":"https:\/\/fuentesfidedignas.com.mx\/index.php\/wp-json\/wp\/v2\/categories?post=128801"},{"taxonomy":"post_tag","embeddable":true,"href":"https:\/\/fuentesfidedignas.com.mx\/index.php\/wp-json\/wp\/v2\/tags?post=128801"}],"curies":[{"name":"wp","href":"https:\/\/api.w.org\/{rel}","templated":true}]}}