{"id":128740,"date":"2026-03-06T16:16:14","date_gmt":"2026-03-06T23:16:14","guid":{"rendered":"https:\/\/fuentesfidedignas.com.mx\/?p=128740"},"modified":"2026-03-06T18:00:48","modified_gmt":"2026-03-07T01:00:48","slug":"8m-por-las-ninas-que-fuimos-y-las-mujeres-que-somos","status":"publish","type":"post","link":"https:\/\/fuentesfidedignas.com.mx\/index.php\/2026\/03\/06\/8m-por-las-ninas-que-fuimos-y-las-mujeres-que-somos\/","title":{"rendered":"8M: Por las ni\u00f1as que fuimos y las mujeres que somos"},"content":{"rendered":"\n<p>Durante a\u00f1os, cada vez que llega el D\u00eda Internacional de la Mujer, vuelve la misma discusi\u00f3n.<\/p>\n\n\n\n<p>Hay quienes ven las marchas del 8M y se quedan solo con la superficie: mujeres gritando consignas, calles cerradas, monumentos intervenidos. Y entonces aparecen las mismas preguntas de siempre:<br \/>\u201c\u00bfPor qu\u00e9 protestan si ya tienen los mismos derechos que los hombres?\u201d<br \/>\u201c\u00bfQu\u00e9 m\u00e1s quieren?\u201d<\/p>\n\n\n\n<p>Les dir\u00e9 por qu\u00e9 seguimos protestando a\u00f1o con a\u00f1o:<\/p>\n\n\n\n<p>Porque en esas marchas me veo a m\u00ed luchando por mi yo de ni\u00f1a que sufri\u00f3 abuso por parte de familiares; por esa peque\u00f1ita que fue sexualizada desde temprana edad y tuvo miedo de contarlo, incluso siendo adulta. Me veo representando a mi madre, a mis hermanas, a mis primas, a mis abuelas y a mis amigas que han sido violentadas f\u00edsica, econ\u00f3mica y psicol\u00f3gicamente.<\/p>\n\n\n\n<p>Veo a mujeres que tienen que mandar su ubicaci\u00f3n en tiempo real y avisar cuando llegan a casa. Y no es exageraci\u00f3n: en M\u00e9xico, el \u00faltimo a\u00f1o cerr\u00f3 con m\u00e1s de 800 feminicidios registrados oficialmente, adem\u00e1s de m\u00e1s de 3 mil asesinatos de mujeres en general. A eso se suman miles de denuncias por violencia familiar y agresiones que muchas veces ni siquiera llegan a denunciarse.<\/p>\n\n\n\n<p>Veo a mujeres que quieren acabar con la idealizaci\u00f3n del amor rom\u00e1ntico que justifica aguantar violencia por parte de quien dice amarlas.<br \/>Veo a mujeres que encuentran en estos espacios un lugar seguro para expresarse y una red de apoyo donde pueden hablar de lo que antes se callaba.<\/p>\n\n\n\n<p>Lo que yo veo son mujeres que ya no quieren ser sumisas ni seguir estereotipos de belleza que las hacen infelices con tal de ser aceptadas. Mujeres conscientes de que m\u00e1s del 70% de las mexicanas ha vivido alg\u00fan tipo de violencia a lo largo de su vida, de que la brecha salarial en el pa\u00eds ronda el 14%, y de que el trabajo dom\u00e9stico y de cuidados no remunerado sigue recayendo mayoritariamente en ellas, con casi tres veces m\u00e1s carga que los hombres.<\/p>\n\n\n\n<p>Veo a mujeres preocupadas porque muchas veces convertirse en madres implica sacrificar su desarrollo profesional. Porque todav\u00eda hay mujeres que pierden oportunidades laborales al quedar embarazadas. Porque, aunque cada vez hay m\u00e1s participaci\u00f3n femenina en todos los \u00e1mbitos, menos de un tercio de los puestos directivos en M\u00e9xico son ocupados por mujeres.<\/p>\n\n\n\n<p>Hace algunos d\u00edas me cuestionaron sobre la \u201cnecesidad\u201d de manifestarse este 8 de marzo. Y me qued\u00f3 claro que justamente por esas preguntas la lucha debe seguir visibiliz\u00e1ndose, porque se trata de mantenernos conscientes de las situaciones de violencia e injusticia que millones de mujeres enfrentan todos los d\u00edas.<\/p>\n\n\n\n<p>\u00bfY ha funcionado?<\/p>\n\n\n\n<p>Basta con mirar atr\u00e1s. Recordar c\u00f3mo se viv\u00eda esta fecha hace diez o quince a\u00f1os. Ver a las nuevas generaciones hablar abiertamente de feminismo. Observar c\u00f3mo cada vez m\u00e1s mujeres se reconocen como aliadas y no como competencia. Notar cu\u00e1ntas ya no est\u00e1n dispuestas a quedarse en un lugar donde no se les respeta y aprenden a poner l\u00edmites.<\/p>\n\n\n\n<p class=\"p1\">\u00bfPor qu\u00e9 siguen marchando las mujeres cada 8 de marzo?<\/p>\n\n\n\n<p class=\"p1\">Porque en esas marchas muchas vemos a la ni\u00f1a que fuimos.<\/p>\n\n\n\n<p class=\"p1\">La que tuvo miedo.<\/p>\n\n\n\n<p class=\"p1\">La que call\u00f3.<\/p>\n\n\n\n<p class=\"p1\">La que aprendi\u00f3 demasiado pronto lo que era la violencia.<\/p>\n\n\n\n<p class=\"p1\">Por eso tantas mujeres salen a las calles: no por odio, no por moda, sino por memoria, por justicia y por las que todav\u00eda tienen miedo de hablar. <\/p>\n\n\n\n<p>\u201cJuntas somos tormenta que transforma. Solas una gota; juntas, un aguacero\u201d.<\/p>\n\n\n\n<figure class=\"wp-block-image size-full\"><img decoding=\"async\" width=\"194\" height=\"259\" src=\"https:\/\/fuentesfidedignas.com.mx\/wp-content\/uploads\/2026\/03\/images-2.jpg\" alt=\"\" class=\"wp-image-128764\"\/><\/figure>\n","protected":false},"excerpt":{"rendered":"<p>Durante a\u00f1os, cada vez que llega el D\u00eda Internacional de la Mujer, vuelve la misma discusi\u00f3n. Hay quienes ven las marchas del 8M y se quedan solo con la superficie: mujeres gritando consignas, calles cerradas, monumentos intervenidos. Y entonces aparecen las mismas preguntas de siempre:\u201c\u00bfPor qu\u00e9 protestan si ya tienen los mismos derechos que los [&hellip;]<\/p>\n","protected":false},"author":11,"featured_media":128767,"comment_status":"open","ping_status":"open","sticky":false,"template":"","format":"standard","meta":{"tdm_status":"","tdm_grid_status":"","footnotes":""},"categories":[3064,2772],"tags":[],"class_list":{"0":"post-128740","1":"post","2":"type-post","3":"status-publish","4":"format-standard","5":"has-post-thumbnail","7":"category-columnas","8":"category-vis-a-vis"},"yoast_head":"<!-- This site is optimized with the Yoast SEO plugin v27.5 - https:\/\/yoast.com\/product\/yoast-seo-wordpress\/ -->\n<title>8M: Por las ni\u00f1as que fuimos y las mujeres que somos - Fuentes Fidedignas<\/title>\n<meta name=\"robots\" content=\"index, follow, max-snippet:-1, max-image-preview:large, max-video-preview:-1\" \/>\n<link rel=\"canonical\" href=\"https:\/\/fuentesfidedignas.com.mx\/index.php\/2026\/03\/06\/8m-por-las-ninas-que-fuimos-y-las-mujeres-que-somos\/\" \/>\n<meta property=\"og:locale\" content=\"es_MX\" \/>\n<meta property=\"og:type\" content=\"article\" \/>\n<meta property=\"og:title\" content=\"8M: Por las ni\u00f1as que fuimos y las mujeres que somos - Fuentes Fidedignas\" \/>\n<meta property=\"og:description\" content=\"Durante a\u00f1os, cada vez que llega el D\u00eda Internacional de la Mujer, vuelve la misma discusi\u00f3n. Hay quienes ven las marchas del 8M y se quedan solo con la superficie: mujeres gritando consignas, calles cerradas, monumentos intervenidos. Y entonces aparecen las mismas preguntas de siempre:\u201c\u00bfPor qu\u00e9 protestan si ya tienen los mismos derechos que los [&hellip;]\" \/>\n<meta property=\"og:url\" content=\"https:\/\/fuentesfidedignas.com.mx\/index.php\/2026\/03\/06\/8m-por-las-ninas-que-fuimos-y-las-mujeres-que-somos\/\" \/>\n<meta property=\"og:site_name\" content=\"Fuentes Fidedignas\" \/>\n<meta property=\"article:publisher\" content=\"https:\/\/www.facebook.com\/Fuentes-Fidedignas-368234489921644\" \/>\n<meta property=\"article:published_time\" content=\"2026-03-06T23:16:14+00:00\" \/>\n<meta property=\"article:modified_time\" content=\"2026-03-07T01:00:48+00:00\" \/>\n<meta property=\"og:image\" content=\"https:\/\/fuentesfidedignas.com.mx\/wp-content\/uploads\/2026\/03\/img_4198.jpg\" \/>\n\t<meta property=\"og:image:width\" content=\"957\" \/>\n\t<meta property=\"og:image:height\" content=\"637\" \/>\n\t<meta property=\"og:image:type\" content=\"image\/jpeg\" \/>\n<meta name=\"author\" content=\"Marissa Palafox\" \/>\n<meta name=\"twitter:card\" content=\"summary_large_image\" \/>\n<meta name=\"twitter:creator\" content=\"@fidedignas\" \/>\n<meta name=\"twitter:site\" content=\"@fidedignas\" \/>\n<meta name=\"twitter:label1\" content=\"Escrito por\" \/>\n\t<meta name=\"twitter:data1\" content=\"Marissa Palafox\" \/>\n\t<meta name=\"twitter:label2\" content=\"Tiempo de lectura\" \/>\n\t<meta name=\"twitter:data2\" content=\"3 minutos\" \/>\n<script type=\"application\/ld+json\" class=\"yoast-schema-graph\">{\"@context\":\"https:\\\/\\\/schema.org\",\"@graph\":[{\"@type\":\"Article\",\"@id\":\"https:\\\/\\\/fuentesfidedignas.com.mx\\\/index.php\\\/2026\\\/03\\\/06\\\/8m-por-las-ninas-que-fuimos-y-las-mujeres-que-somos\\\/#article\",\"isPartOf\":{\"@id\":\"https:\\\/\\\/fuentesfidedignas.com.mx\\\/index.php\\\/2026\\\/03\\\/06\\\/8m-por-las-ninas-que-fuimos-y-las-mujeres-que-somos\\\/\"},\"author\":{\"name\":\"Marissa Palafox\",\"@id\":\"https:\\\/\\\/fuentesfidedignas.com.mx\\\/#\\\/schema\\\/person\\\/2c10028b4a30078c05a056a215342ab9\"},\"headline\":\"8M: Por las ni\u00f1as que fuimos y las mujeres que somos\",\"datePublished\":\"2026-03-06T23:16:14+00:00\",\"dateModified\":\"2026-03-07T01:00:48+00:00\",\"mainEntityOfPage\":{\"@id\":\"https:\\\/\\\/fuentesfidedignas.com.mx\\\/index.php\\\/2026\\\/03\\\/06\\\/8m-por-las-ninas-que-fuimos-y-las-mujeres-que-somos\\\/\"},\"wordCount\":622,\"commentCount\":0,\"publisher\":{\"@id\":\"https:\\\/\\\/fuentesfidedignas.com.mx\\\/#organization\"},\"image\":{\"@id\":\"https:\\\/\\\/fuentesfidedignas.com.mx\\\/index.php\\\/2026\\\/03\\\/06\\\/8m-por-las-ninas-que-fuimos-y-las-mujeres-que-somos\\\/#primaryimage\"},\"thumbnailUrl\":\"https:\\\/\\\/fuentesfidedignas.com.mx\\\/wp-content\\\/uploads\\\/2026\\\/03\\\/img_4198.jpg\",\"articleSection\":[\"COLUMNAS\",\"VIS \u00c0 VIS\"],\"inLanguage\":\"es\",\"potentialAction\":[{\"@type\":\"CommentAction\",\"name\":\"Comment\",\"target\":[\"https:\\\/\\\/fuentesfidedignas.com.mx\\\/index.php\\\/2026\\\/03\\\/06\\\/8m-por-las-ninas-que-fuimos-y-las-mujeres-que-somos\\\/#respond\"]}]},{\"@type\":\"WebPage\",\"@id\":\"https:\\\/\\\/fuentesfidedignas.com.mx\\\/index.php\\\/2026\\\/03\\\/06\\\/8m-por-las-ninas-que-fuimos-y-las-mujeres-que-somos\\\/\",\"url\":\"https:\\\/\\\/fuentesfidedignas.com.mx\\\/index.php\\\/2026\\\/03\\\/06\\\/8m-por-las-ninas-que-fuimos-y-las-mujeres-que-somos\\\/\",\"name\":\"8M: Por las ni\u00f1as que fuimos y las mujeres que somos - Fuentes Fidedignas\",\"isPartOf\":{\"@id\":\"https:\\\/\\\/fuentesfidedignas.com.mx\\\/#website\"},\"primaryImageOfPage\":{\"@id\":\"https:\\\/\\\/fuentesfidedignas.com.mx\\\/index.php\\\/2026\\\/03\\\/06\\\/8m-por-las-ninas-que-fuimos-y-las-mujeres-que-somos\\\/#primaryimage\"},\"image\":{\"@id\":\"https:\\\/\\\/fuentesfidedignas.com.mx\\\/index.php\\\/2026\\\/03\\\/06\\\/8m-por-las-ninas-que-fuimos-y-las-mujeres-que-somos\\\/#primaryimage\"},\"thumbnailUrl\":\"https:\\\/\\\/fuentesfidedignas.com.mx\\\/wp-content\\\/uploads\\\/2026\\\/03\\\/img_4198.jpg\",\"datePublished\":\"2026-03-06T23:16:14+00:00\",\"dateModified\":\"2026-03-07T01:00:48+00:00\",\"breadcrumb\":{\"@id\":\"https:\\\/\\\/fuentesfidedignas.com.mx\\\/index.php\\\/2026\\\/03\\\/06\\\/8m-por-las-ninas-que-fuimos-y-las-mujeres-que-somos\\\/#breadcrumb\"},\"inLanguage\":\"es\",\"potentialAction\":[{\"@type\":\"ReadAction\",\"target\":[\"https:\\\/\\\/fuentesfidedignas.com.mx\\\/index.php\\\/2026\\\/03\\\/06\\\/8m-por-las-ninas-que-fuimos-y-las-mujeres-que-somos\\\/\"]}]},{\"@type\":\"ImageObject\",\"inLanguage\":\"es\",\"@id\":\"https:\\\/\\\/fuentesfidedignas.com.mx\\\/index.php\\\/2026\\\/03\\\/06\\\/8m-por-las-ninas-que-fuimos-y-las-mujeres-que-somos\\\/#primaryimage\",\"url\":\"https:\\\/\\\/fuentesfidedignas.com.mx\\\/wp-content\\\/uploads\\\/2026\\\/03\\\/img_4198.jpg\",\"contentUrl\":\"https:\\\/\\\/fuentesfidedignas.com.mx\\\/wp-content\\\/uploads\\\/2026\\\/03\\\/img_4198.jpg\",\"width\":957,\"height\":637},{\"@type\":\"BreadcrumbList\",\"@id\":\"https:\\\/\\\/fuentesfidedignas.com.mx\\\/index.php\\\/2026\\\/03\\\/06\\\/8m-por-las-ninas-que-fuimos-y-las-mujeres-que-somos\\\/#breadcrumb\",\"itemListElement\":[{\"@type\":\"ListItem\",\"position\":1,\"name\":\"Inicio\",\"item\":\"https:\\\/\\\/fuentesfidedignas.com.mx\\\/\"},{\"@type\":\"ListItem\",\"position\":2,\"name\":\"8M: Por las ni\u00f1as que fuimos y las mujeres que somos\"}]},{\"@type\":\"WebSite\",\"@id\":\"https:\\\/\\\/fuentesfidedignas.com.mx\\\/#website\",\"url\":\"https:\\\/\\\/fuentesfidedignas.com.mx\\\/\",\"name\":\"Fuentes Fidedignas\",\"description\":\"Otro sitio realizado con WordPress\",\"publisher\":{\"@id\":\"https:\\\/\\\/fuentesfidedignas.com.mx\\\/#organization\"},\"potentialAction\":[{\"@type\":\"SearchAction\",\"target\":{\"@type\":\"EntryPoint\",\"urlTemplate\":\"https:\\\/\\\/fuentesfidedignas.com.mx\\\/?s={search_term_string}\"},\"query-input\":{\"@type\":\"PropertyValueSpecification\",\"valueRequired\":true,\"valueName\":\"search_term_string\"}}],\"inLanguage\":\"es\"},{\"@type\":\"Organization\",\"@id\":\"https:\\\/\\\/fuentesfidedignas.com.mx\\\/#organization\",\"name\":\"Fuentes Fidedignas\",\"url\":\"https:\\\/\\\/fuentesfidedignas.com.mx\\\/\",\"logo\":{\"@type\":\"ImageObject\",\"inLanguage\":\"es\",\"@id\":\"https:\\\/\\\/fuentesfidedignas.com.mx\\\/#\\\/schema\\\/logo\\\/image\\\/\",\"url\":\"https:\\\/\\\/fuentesfidedignas.com.mx\\\/wp-content\\\/uploads\\\/2021\\\/04\\\/logo-retina.png\",\"contentUrl\":\"https:\\\/\\\/fuentesfidedignas.com.mx\\\/wp-content\\\/uploads\\\/2021\\\/04\\\/logo-retina.png\",\"width\":280,\"height\":51,\"caption\":\"Fuentes Fidedignas\"},\"image\":{\"@id\":\"https:\\\/\\\/fuentesfidedignas.com.mx\\\/#\\\/schema\\\/logo\\\/image\\\/\"},\"sameAs\":[\"https:\\\/\\\/www.facebook.com\\\/Fuentes-Fidedignas-368234489921644\",\"https:\\\/\\\/x.com\\\/fidedignas\"]},{\"@type\":\"Person\",\"@id\":\"https:\\\/\\\/fuentesfidedignas.com.mx\\\/#\\\/schema\\\/person\\\/2c10028b4a30078c05a056a215342ab9\",\"name\":\"Marissa Palafox\",\"image\":{\"@type\":\"ImageObject\",\"inLanguage\":\"es\",\"@id\":\"https:\\\/\\\/secure.gravatar.com\\\/avatar\\\/20a43bdb2f2db10f20b22d4e98b96eb027faf98f7f76d29854dc5fab46d1cf71?s=96&d=mm&r=g\",\"url\":\"https:\\\/\\\/secure.gravatar.com\\\/avatar\\\/20a43bdb2f2db10f20b22d4e98b96eb027faf98f7f76d29854dc5fab46d1cf71?s=96&d=mm&r=g\",\"contentUrl\":\"https:\\\/\\\/secure.gravatar.com\\\/avatar\\\/20a43bdb2f2db10f20b22d4e98b96eb027faf98f7f76d29854dc5fab46d1cf71?s=96&d=mm&r=g\",\"caption\":\"Marissa Palafox\"},\"url\":\"https:\\\/\\\/fuentesfidedignas.com.mx\\\/index.php\\\/author\\\/marissa\\\/\"}]}<\/script>\n<!-- \/ Yoast SEO plugin. -->","yoast_head_json":{"title":"8M: Por las ni\u00f1as que fuimos y las mujeres que somos - Fuentes Fidedignas","robots":{"index":"index","follow":"follow","max-snippet":"max-snippet:-1","max-image-preview":"max-image-preview:large","max-video-preview":"max-video-preview:-1"},"canonical":"https:\/\/fuentesfidedignas.com.mx\/index.php\/2026\/03\/06\/8m-por-las-ninas-que-fuimos-y-las-mujeres-que-somos\/","og_locale":"es_MX","og_type":"article","og_title":"8M: Por las ni\u00f1as que fuimos y las mujeres que somos - Fuentes Fidedignas","og_description":"Durante a\u00f1os, cada vez que llega el D\u00eda Internacional de la Mujer, vuelve la misma discusi\u00f3n. Hay quienes ven las marchas del 8M y se quedan solo con la superficie: mujeres gritando consignas, calles cerradas, monumentos intervenidos. Y entonces aparecen las mismas preguntas de siempre:\u201c\u00bfPor qu\u00e9 protestan si ya tienen los mismos derechos que los [&hellip;]","og_url":"https:\/\/fuentesfidedignas.com.mx\/index.php\/2026\/03\/06\/8m-por-las-ninas-que-fuimos-y-las-mujeres-que-somos\/","og_site_name":"Fuentes Fidedignas","article_publisher":"https:\/\/www.facebook.com\/Fuentes-Fidedignas-368234489921644","article_published_time":"2026-03-06T23:16:14+00:00","article_modified_time":"2026-03-07T01:00:48+00:00","og_image":[{"width":957,"height":637,"url":"https:\/\/fuentesfidedignas.com.mx\/wp-content\/uploads\/2026\/03\/img_4198.jpg","type":"image\/jpeg"}],"author":"Marissa Palafox","twitter_card":"summary_large_image","twitter_creator":"@fidedignas","twitter_site":"@fidedignas","twitter_misc":{"Escrito por":"Marissa Palafox","Tiempo de lectura":"3 minutos"},"schema":{"@context":"https:\/\/schema.org","@graph":[{"@type":"Article","@id":"https:\/\/fuentesfidedignas.com.mx\/index.php\/2026\/03\/06\/8m-por-las-ninas-que-fuimos-y-las-mujeres-que-somos\/#article","isPartOf":{"@id":"https:\/\/fuentesfidedignas.com.mx\/index.php\/2026\/03\/06\/8m-por-las-ninas-que-fuimos-y-las-mujeres-que-somos\/"},"author":{"name":"Marissa Palafox","@id":"https:\/\/fuentesfidedignas.com.mx\/#\/schema\/person\/2c10028b4a30078c05a056a215342ab9"},"headline":"8M: Por las ni\u00f1as que fuimos y las mujeres que somos","datePublished":"2026-03-06T23:16:14+00:00","dateModified":"2026-03-07T01:00:48+00:00","mainEntityOfPage":{"@id":"https:\/\/fuentesfidedignas.com.mx\/index.php\/2026\/03\/06\/8m-por-las-ninas-que-fuimos-y-las-mujeres-que-somos\/"},"wordCount":622,"commentCount":0,"publisher":{"@id":"https:\/\/fuentesfidedignas.com.mx\/#organization"},"image":{"@id":"https:\/\/fuentesfidedignas.com.mx\/index.php\/2026\/03\/06\/8m-por-las-ninas-que-fuimos-y-las-mujeres-que-somos\/#primaryimage"},"thumbnailUrl":"https:\/\/fuentesfidedignas.com.mx\/wp-content\/uploads\/2026\/03\/img_4198.jpg","articleSection":["COLUMNAS","VIS \u00c0 VIS"],"inLanguage":"es","potentialAction":[{"@type":"CommentAction","name":"Comment","target":["https:\/\/fuentesfidedignas.com.mx\/index.php\/2026\/03\/06\/8m-por-las-ninas-que-fuimos-y-las-mujeres-que-somos\/#respond"]}]},{"@type":"WebPage","@id":"https:\/\/fuentesfidedignas.com.mx\/index.php\/2026\/03\/06\/8m-por-las-ninas-que-fuimos-y-las-mujeres-que-somos\/","url":"https:\/\/fuentesfidedignas.com.mx\/index.php\/2026\/03\/06\/8m-por-las-ninas-que-fuimos-y-las-mujeres-que-somos\/","name":"8M: Por las ni\u00f1as que fuimos y las mujeres que somos - Fuentes Fidedignas","isPartOf":{"@id":"https:\/\/fuentesfidedignas.com.mx\/#website"},"primaryImageOfPage":{"@id":"https:\/\/fuentesfidedignas.com.mx\/index.php\/2026\/03\/06\/8m-por-las-ninas-que-fuimos-y-las-mujeres-que-somos\/#primaryimage"},"image":{"@id":"https:\/\/fuentesfidedignas.com.mx\/index.php\/2026\/03\/06\/8m-por-las-ninas-que-fuimos-y-las-mujeres-que-somos\/#primaryimage"},"thumbnailUrl":"https:\/\/fuentesfidedignas.com.mx\/wp-content\/uploads\/2026\/03\/img_4198.jpg","datePublished":"2026-03-06T23:16:14+00:00","dateModified":"2026-03-07T01:00:48+00:00","breadcrumb":{"@id":"https:\/\/fuentesfidedignas.com.mx\/index.php\/2026\/03\/06\/8m-por-las-ninas-que-fuimos-y-las-mujeres-que-somos\/#breadcrumb"},"inLanguage":"es","potentialAction":[{"@type":"ReadAction","target":["https:\/\/fuentesfidedignas.com.mx\/index.php\/2026\/03\/06\/8m-por-las-ninas-que-fuimos-y-las-mujeres-que-somos\/"]}]},{"@type":"ImageObject","inLanguage":"es","@id":"https:\/\/fuentesfidedignas.com.mx\/index.php\/2026\/03\/06\/8m-por-las-ninas-que-fuimos-y-las-mujeres-que-somos\/#primaryimage","url":"https:\/\/fuentesfidedignas.com.mx\/wp-content\/uploads\/2026\/03\/img_4198.jpg","contentUrl":"https:\/\/fuentesfidedignas.com.mx\/wp-content\/uploads\/2026\/03\/img_4198.jpg","width":957,"height":637},{"@type":"BreadcrumbList","@id":"https:\/\/fuentesfidedignas.com.mx\/index.php\/2026\/03\/06\/8m-por-las-ninas-que-fuimos-y-las-mujeres-que-somos\/#breadcrumb","itemListElement":[{"@type":"ListItem","position":1,"name":"Inicio","item":"https:\/\/fuentesfidedignas.com.mx\/"},{"@type":"ListItem","position":2,"name":"8M: Por las ni\u00f1as que fuimos y las mujeres que somos"}]},{"@type":"WebSite","@id":"https:\/\/fuentesfidedignas.com.mx\/#website","url":"https:\/\/fuentesfidedignas.com.mx\/","name":"Fuentes Fidedignas","description":"Otro sitio realizado con WordPress","publisher":{"@id":"https:\/\/fuentesfidedignas.com.mx\/#organization"},"potentialAction":[{"@type":"SearchAction","target":{"@type":"EntryPoint","urlTemplate":"https:\/\/fuentesfidedignas.com.mx\/?s={search_term_string}"},"query-input":{"@type":"PropertyValueSpecification","valueRequired":true,"valueName":"search_term_string"}}],"inLanguage":"es"},{"@type":"Organization","@id":"https:\/\/fuentesfidedignas.com.mx\/#organization","name":"Fuentes Fidedignas","url":"https:\/\/fuentesfidedignas.com.mx\/","logo":{"@type":"ImageObject","inLanguage":"es","@id":"https:\/\/fuentesfidedignas.com.mx\/#\/schema\/logo\/image\/","url":"https:\/\/fuentesfidedignas.com.mx\/wp-content\/uploads\/2021\/04\/logo-retina.png","contentUrl":"https:\/\/fuentesfidedignas.com.mx\/wp-content\/uploads\/2021\/04\/logo-retina.png","width":280,"height":51,"caption":"Fuentes Fidedignas"},"image":{"@id":"https:\/\/fuentesfidedignas.com.mx\/#\/schema\/logo\/image\/"},"sameAs":["https:\/\/www.facebook.com\/Fuentes-Fidedignas-368234489921644","https:\/\/x.com\/fidedignas"]},{"@type":"Person","@id":"https:\/\/fuentesfidedignas.com.mx\/#\/schema\/person\/2c10028b4a30078c05a056a215342ab9","name":"Marissa Palafox","image":{"@type":"ImageObject","inLanguage":"es","@id":"https:\/\/secure.gravatar.com\/avatar\/20a43bdb2f2db10f20b22d4e98b96eb027faf98f7f76d29854dc5fab46d1cf71?s=96&d=mm&r=g","url":"https:\/\/secure.gravatar.com\/avatar\/20a43bdb2f2db10f20b22d4e98b96eb027faf98f7f76d29854dc5fab46d1cf71?s=96&d=mm&r=g","contentUrl":"https:\/\/secure.gravatar.com\/avatar\/20a43bdb2f2db10f20b22d4e98b96eb027faf98f7f76d29854dc5fab46d1cf71?s=96&d=mm&r=g","caption":"Marissa Palafox"},"url":"https:\/\/fuentesfidedignas.com.mx\/index.php\/author\/marissa\/"}]}},"_links":{"self":[{"href":"https:\/\/fuentesfidedignas.com.mx\/index.php\/wp-json\/wp\/v2\/posts\/128740","targetHints":{"allow":["GET"]}}],"collection":[{"href":"https:\/\/fuentesfidedignas.com.mx\/index.php\/wp-json\/wp\/v2\/posts"}],"about":[{"href":"https:\/\/fuentesfidedignas.com.mx\/index.php\/wp-json\/wp\/v2\/types\/post"}],"author":[{"embeddable":true,"href":"https:\/\/fuentesfidedignas.com.mx\/index.php\/wp-json\/wp\/v2\/users\/11"}],"replies":[{"embeddable":true,"href":"https:\/\/fuentesfidedignas.com.mx\/index.php\/wp-json\/wp\/v2\/comments?post=128740"}],"version-history":[{"count":3,"href":"https:\/\/fuentesfidedignas.com.mx\/index.php\/wp-json\/wp\/v2\/posts\/128740\/revisions"}],"predecessor-version":[{"id":128768,"href":"https:\/\/fuentesfidedignas.com.mx\/index.php\/wp-json\/wp\/v2\/posts\/128740\/revisions\/128768"}],"wp:featuredmedia":[{"embeddable":true,"href":"https:\/\/fuentesfidedignas.com.mx\/index.php\/wp-json\/wp\/v2\/media\/128767"}],"wp:attachment":[{"href":"https:\/\/fuentesfidedignas.com.mx\/index.php\/wp-json\/wp\/v2\/media?parent=128740"}],"wp:term":[{"taxonomy":"category","embeddable":true,"href":"https:\/\/fuentesfidedignas.com.mx\/index.php\/wp-json\/wp\/v2\/categories?post=128740"},{"taxonomy":"post_tag","embeddable":true,"href":"https:\/\/fuentesfidedignas.com.mx\/index.php\/wp-json\/wp\/v2\/tags?post=128740"}],"curies":[{"name":"wp","href":"https:\/\/api.w.org\/{rel}","templated":true}]}}