{"id":128738,"date":"2026-03-06T12:23:50","date_gmt":"2026-03-06T19:23:50","guid":{"rendered":"https:\/\/fuentesfidedignas.com.mx\/?p=128738"},"modified":"2026-03-06T12:24:10","modified_gmt":"2026-03-06T19:24:10","slug":"trump-asegura-que-el-gobierno-de-cuba-caera-muy-pronto-y-lo-apunta-como-su-siguiente-objetivo","status":"publish","type":"post","link":"https:\/\/fuentesfidedignas.com.mx\/index.php\/2026\/03\/06\/trump-asegura-que-el-gobierno-de-cuba-caera-muy-pronto-y-lo-apunta-como-su-siguiente-objetivo\/","title":{"rendered":"Trump asegura que el Gobierno de Cuba \u201ccaer\u00e1 muy pronto\u201d y lo apunta como su siguiente objetivo"},"content":{"rendered":"\n<p><strong><em>Las declaraciones se produjeron durante una entrevista con\u00a0CNN, en la que el mandatario abord\u00f3 la\u00a0operaci\u00f3n militar\u00a0que\u00a0Estados Unidos\u00a0ejecuta junto con\u00a0Israel\u00a0contra\u00a0Ir\u00e1n. <\/em><\/strong><\/p>\n\n\n\n<p>El presidente de Estados Unidos, Donald Trump, asegur\u00f3 este viernes 6 de marzo de 2026 que el Gobierno de Cuba \u201cva a caer muy pronto\u201d y coloc\u00f3 nuevamente a la isla en el centro del debate pol\u00edtico en Washington.&nbsp;<\/p>\n\n\n\n<p>Las declaraciones se produjeron durante una entrevista con\u00a0CNN, en la que el mandatario abord\u00f3 la\u00a0operaci\u00f3n militar\u00a0que\u00a0Estados Unidos\u00a0ejecuta junto con\u00a0Israel\u00a0contra\u00a0Ir\u00e1n. <\/p>\n\n\n\n<p>Cuba, pr\u00f3ximo en la mira de Trump tras ofensiva en Ir\u00e1n<br>Durante la conversaci\u00f3n, Trump afirm\u00f3 que, una vez finalizada la campa\u00f1a militar en el pa\u00eds persa, Cuba podr\u00eda convertirse en el siguiente foco de atenci\u00f3n de su administraci\u00f3n.&nbsp;<\/p>\n\n\n\n<p>La declaraci\u00f3n a\u00f1ade presi\u00f3n al\u00a0escenario regional\u00a0y abre un nuevo cap\u00edtulo en la compleja relaci\u00f3n entre\u00a0Washington\u00a0y\u00a0La Habana, en medio de versiones sobre contactos diplom\u00e1ticos liderados por el secretario de Estado\u00a0Marco Rubio. <\/p>\n\n\n\n<p>El mandatario sostuvo que Cuba \u201ctiene much\u00edsimas ganas\u201d de negociar con Estados Unidos y asegur\u00f3 que el sistema pol\u00edtico de la isla enfrenta un momento decisivo.&nbsp;<\/p>\n\n\n\n<p>\u201cCuba va a caer muy pronto\u201d, dijo el presidente, al tiempo que afirm\u00f3 que&nbsp;La Habana&nbsp;busca alcanzar un&nbsp;acuerdo&nbsp;con su administraci\u00f3n.<\/p>\n\n\n\n<p>Trump explic\u00f3 que ha encargado a Marco Rubio la tarea de explorar conversaciones con actores vinculados al gobierno cubano. Seg\u00fan el presidente, los cubanos \u201cquieren llegar a un acuerdo\u201d, aunque aclar\u00f3 que el enfoque principal de su equipo contin\u00faa centrado en la operaci\u00f3n militar en Ir\u00e1n.<\/p>\n\n\n\n<p>El mandatario tambi\u00e9n se\u00f1al\u00f3 que observa la evoluci\u00f3n pol\u00edtica de la isla desde hace d\u00e9cadas. \u201cCuba est\u00e1 lista, despu\u00e9s de 50 a\u00f1os\u201d, afirm\u00f3, al insistir en que su Gobierno dispone de \u201ctiempo de sobra\u201d para abordar la relaci\u00f3n bilateral una vez que se estabilice el escenario internacional actual.&nbsp;<\/p>\n\n\n\n<p>Las declaraciones se produjeron mientras Estados Unidos e Israel mantienen una ofensiva militar en Ir\u00e1n que cumple siete d\u00edas. En los ataques iniciales muri\u00f3 el l\u00edder supremo iran\u00ed, Ali Khamenei, junto con varios integrantes de su c\u00fapula pol\u00edtica y militar. <\/p>\n\n\n\n<p>Trump calific\u00f3 la campa\u00f1a como \u201cexitosa\u201d y adelant\u00f3 que su administraci\u00f3n podr\u00eda redirigir la atenci\u00f3n estrat\u00e9gica hacia Cuba una vez concluida la operaci\u00f3n. Un d\u00eda antes, el presidente hab\u00eda afirmado que La Habana est\u00e1 \u201cdesesperada\u201d por alcanzar un acuerdo inmediato con Washington.<\/p>\n","protected":false},"excerpt":{"rendered":"<p>Las declaraciones se produjeron durante una entrevista con\u00a0CNN, en la que el mandatario abord\u00f3 la\u00a0operaci\u00f3n militar\u00a0que\u00a0Estados Unidos\u00a0ejecuta junto con\u00a0Israel\u00a0contra\u00a0Ir\u00e1n. El presidente de Estados Unidos, Donald Trump, asegur\u00f3 este viernes 6 de marzo de 2026 que el Gobierno de Cuba \u201cva a caer muy pronto\u201d y coloc\u00f3 nuevamente a la isla en el centro del debate [&hellip;]<\/p>\n","protected":false},"author":7,"featured_media":128739,"comment_status":"open","ping_status":"open","sticky":false,"template":"","format":"standard","meta":{"tdm_status":"","tdm_grid_status":"","footnotes":""},"categories":[39],"tags":[],"class_list":{"0":"post-128738","1":"post","2":"type-post","3":"status-publish","4":"format-standard","5":"has-post-thumbnail","7":"category-noticias-nacionales"},"yoast_head":"<!-- This site is optimized with the Yoast SEO plugin v27.5 - https:\/\/yoast.com\/product\/yoast-seo-wordpress\/ -->\n<title>Trump asegura que el Gobierno de Cuba \u201ccaer\u00e1 muy pronto\u201d y lo apunta como su siguiente objetivo - Fuentes Fidedignas<\/title>\n<meta name=\"robots\" content=\"index, follow, max-snippet:-1, max-image-preview:large, max-video-preview:-1\" \/>\n<link rel=\"canonical\" href=\"https:\/\/fuentesfidedignas.com.mx\/index.php\/2026\/03\/06\/trump-asegura-que-el-gobierno-de-cuba-caera-muy-pronto-y-lo-apunta-como-su-siguiente-objetivo\/\" \/>\n<meta property=\"og:locale\" content=\"es_MX\" \/>\n<meta property=\"og:type\" content=\"article\" \/>\n<meta property=\"og:title\" content=\"Trump asegura que el Gobierno de Cuba \u201ccaer\u00e1 muy pronto\u201d y lo apunta como su siguiente objetivo - Fuentes Fidedignas\" \/>\n<meta property=\"og:description\" content=\"Las declaraciones se produjeron durante una entrevista con\u00a0CNN, en la que el mandatario abord\u00f3 la\u00a0operaci\u00f3n militar\u00a0que\u00a0Estados Unidos\u00a0ejecuta junto con\u00a0Israel\u00a0contra\u00a0Ir\u00e1n. El presidente de Estados Unidos, Donald Trump, asegur\u00f3 este viernes 6 de marzo de 2026 que el Gobierno de Cuba \u201cva a caer muy pronto\u201d y coloc\u00f3 nuevamente a la isla en el centro del debate [&hellip;]\" \/>\n<meta property=\"og:url\" content=\"https:\/\/fuentesfidedignas.com.mx\/index.php\/2026\/03\/06\/trump-asegura-que-el-gobierno-de-cuba-caera-muy-pronto-y-lo-apunta-como-su-siguiente-objetivo\/\" \/>\n<meta property=\"og:site_name\" content=\"Fuentes Fidedignas\" \/>\n<meta property=\"article:publisher\" content=\"https:\/\/www.facebook.com\/Fuentes-Fidedignas-368234489921644\" \/>\n<meta property=\"article:published_time\" content=\"2026-03-06T19:23:50+00:00\" \/>\n<meta property=\"article:modified_time\" content=\"2026-03-06T19:24:10+00:00\" \/>\n<meta property=\"og:image\" content=\"https:\/\/fuentesfidedignas.com.mx\/wp-content\/uploads\/2026\/03\/trump_cuba.jpg\" \/>\n\t<meta property=\"og:image:width\" content=\"500\" \/>\n\t<meta property=\"og:image:height\" content=\"333\" \/>\n\t<meta property=\"og:image:type\" content=\"image\/jpeg\" \/>\n<meta name=\"author\" content=\"Exc\u00e9lsior\" \/>\n<meta name=\"twitter:card\" content=\"summary_large_image\" \/>\n<meta name=\"twitter:creator\" content=\"@fidedignas\" \/>\n<meta name=\"twitter:site\" content=\"@fidedignas\" \/>\n<meta name=\"twitter:label1\" content=\"Escrito por\" \/>\n\t<meta name=\"twitter:data1\" content=\"Exc\u00e9lsior\" \/>\n\t<meta name=\"twitter:label2\" content=\"Tiempo de lectura\" \/>\n\t<meta name=\"twitter:data2\" content=\"3 minutos\" \/>\n<script type=\"application\/ld+json\" class=\"yoast-schema-graph\">{\"@context\":\"https:\\\/\\\/schema.org\",\"@graph\":[{\"@type\":\"Article\",\"@id\":\"https:\\\/\\\/fuentesfidedignas.com.mx\\\/index.php\\\/2026\\\/03\\\/06\\\/trump-asegura-que-el-gobierno-de-cuba-caera-muy-pronto-y-lo-apunta-como-su-siguiente-objetivo\\\/#article\",\"isPartOf\":{\"@id\":\"https:\\\/\\\/fuentesfidedignas.com.mx\\\/index.php\\\/2026\\\/03\\\/06\\\/trump-asegura-que-el-gobierno-de-cuba-caera-muy-pronto-y-lo-apunta-como-su-siguiente-objetivo\\\/\"},\"author\":{\"name\":\"Exc\u00e9lsior\",\"@id\":\"https:\\\/\\\/fuentesfidedignas.com.mx\\\/#\\\/schema\\\/person\\\/ec4edd1fbf5efa3e44fce34fe2787780\"},\"headline\":\"Trump asegura que el Gobierno de Cuba \u201ccaer\u00e1 muy pronto\u201d y lo apunta como su siguiente objetivo\",\"datePublished\":\"2026-03-06T19:23:50+00:00\",\"dateModified\":\"2026-03-06T19:24:10+00:00\",\"mainEntityOfPage\":{\"@id\":\"https:\\\/\\\/fuentesfidedignas.com.mx\\\/index.php\\\/2026\\\/03\\\/06\\\/trump-asegura-que-el-gobierno-de-cuba-caera-muy-pronto-y-lo-apunta-como-su-siguiente-objetivo\\\/\"},\"wordCount\":461,\"commentCount\":0,\"publisher\":{\"@id\":\"https:\\\/\\\/fuentesfidedignas.com.mx\\\/#organization\"},\"image\":{\"@id\":\"https:\\\/\\\/fuentesfidedignas.com.mx\\\/index.php\\\/2026\\\/03\\\/06\\\/trump-asegura-que-el-gobierno-de-cuba-caera-muy-pronto-y-lo-apunta-como-su-siguiente-objetivo\\\/#primaryimage\"},\"thumbnailUrl\":\"https:\\\/\\\/fuentesfidedignas.com.mx\\\/wp-content\\\/uploads\\\/2026\\\/03\\\/trump_cuba.jpg\",\"articleSection\":[\"NOTICIAS NACIONALES\"],\"inLanguage\":\"es\",\"potentialAction\":[{\"@type\":\"CommentAction\",\"name\":\"Comment\",\"target\":[\"https:\\\/\\\/fuentesfidedignas.com.mx\\\/index.php\\\/2026\\\/03\\\/06\\\/trump-asegura-que-el-gobierno-de-cuba-caera-muy-pronto-y-lo-apunta-como-su-siguiente-objetivo\\\/#respond\"]}]},{\"@type\":\"WebPage\",\"@id\":\"https:\\\/\\\/fuentesfidedignas.com.mx\\\/index.php\\\/2026\\\/03\\\/06\\\/trump-asegura-que-el-gobierno-de-cuba-caera-muy-pronto-y-lo-apunta-como-su-siguiente-objetivo\\\/\",\"url\":\"https:\\\/\\\/fuentesfidedignas.com.mx\\\/index.php\\\/2026\\\/03\\\/06\\\/trump-asegura-que-el-gobierno-de-cuba-caera-muy-pronto-y-lo-apunta-como-su-siguiente-objetivo\\\/\",\"name\":\"Trump asegura que el Gobierno de Cuba \u201ccaer\u00e1 muy pronto\u201d y lo apunta como su siguiente objetivo - Fuentes Fidedignas\",\"isPartOf\":{\"@id\":\"https:\\\/\\\/fuentesfidedignas.com.mx\\\/#website\"},\"primaryImageOfPage\":{\"@id\":\"https:\\\/\\\/fuentesfidedignas.com.mx\\\/index.php\\\/2026\\\/03\\\/06\\\/trump-asegura-que-el-gobierno-de-cuba-caera-muy-pronto-y-lo-apunta-como-su-siguiente-objetivo\\\/#primaryimage\"},\"image\":{\"@id\":\"https:\\\/\\\/fuentesfidedignas.com.mx\\\/index.php\\\/2026\\\/03\\\/06\\\/trump-asegura-que-el-gobierno-de-cuba-caera-muy-pronto-y-lo-apunta-como-su-siguiente-objetivo\\\/#primaryimage\"},\"thumbnailUrl\":\"https:\\\/\\\/fuentesfidedignas.com.mx\\\/wp-content\\\/uploads\\\/2026\\\/03\\\/trump_cuba.jpg\",\"datePublished\":\"2026-03-06T19:23:50+00:00\",\"dateModified\":\"2026-03-06T19:24:10+00:00\",\"breadcrumb\":{\"@id\":\"https:\\\/\\\/fuentesfidedignas.com.mx\\\/index.php\\\/2026\\\/03\\\/06\\\/trump-asegura-que-el-gobierno-de-cuba-caera-muy-pronto-y-lo-apunta-como-su-siguiente-objetivo\\\/#breadcrumb\"},\"inLanguage\":\"es\",\"potentialAction\":[{\"@type\":\"ReadAction\",\"target\":[\"https:\\\/\\\/fuentesfidedignas.com.mx\\\/index.php\\\/2026\\\/03\\\/06\\\/trump-asegura-que-el-gobierno-de-cuba-caera-muy-pronto-y-lo-apunta-como-su-siguiente-objetivo\\\/\"]}]},{\"@type\":\"ImageObject\",\"inLanguage\":\"es\",\"@id\":\"https:\\\/\\\/fuentesfidedignas.com.mx\\\/index.php\\\/2026\\\/03\\\/06\\\/trump-asegura-que-el-gobierno-de-cuba-caera-muy-pronto-y-lo-apunta-como-su-siguiente-objetivo\\\/#primaryimage\",\"url\":\"https:\\\/\\\/fuentesfidedignas.com.mx\\\/wp-content\\\/uploads\\\/2026\\\/03\\\/trump_cuba.jpg\",\"contentUrl\":\"https:\\\/\\\/fuentesfidedignas.com.mx\\\/wp-content\\\/uploads\\\/2026\\\/03\\\/trump_cuba.jpg\",\"width\":500,\"height\":333},{\"@type\":\"BreadcrumbList\",\"@id\":\"https:\\\/\\\/fuentesfidedignas.com.mx\\\/index.php\\\/2026\\\/03\\\/06\\\/trump-asegura-que-el-gobierno-de-cuba-caera-muy-pronto-y-lo-apunta-como-su-siguiente-objetivo\\\/#breadcrumb\",\"itemListElement\":[{\"@type\":\"ListItem\",\"position\":1,\"name\":\"Inicio\",\"item\":\"https:\\\/\\\/fuentesfidedignas.com.mx\\\/\"},{\"@type\":\"ListItem\",\"position\":2,\"name\":\"Trump asegura que el Gobierno de Cuba \u201ccaer\u00e1 muy pronto\u201d y lo apunta como su siguiente objetivo\"}]},{\"@type\":\"WebSite\",\"@id\":\"https:\\\/\\\/fuentesfidedignas.com.mx\\\/#website\",\"url\":\"https:\\\/\\\/fuentesfidedignas.com.mx\\\/\",\"name\":\"Fuentes Fidedignas\",\"description\":\"Otro sitio realizado con WordPress\",\"publisher\":{\"@id\":\"https:\\\/\\\/fuentesfidedignas.com.mx\\\/#organization\"},\"potentialAction\":[{\"@type\":\"SearchAction\",\"target\":{\"@type\":\"EntryPoint\",\"urlTemplate\":\"https:\\\/\\\/fuentesfidedignas.com.mx\\\/?s={search_term_string}\"},\"query-input\":{\"@type\":\"PropertyValueSpecification\",\"valueRequired\":true,\"valueName\":\"search_term_string\"}}],\"inLanguage\":\"es\"},{\"@type\":\"Organization\",\"@id\":\"https:\\\/\\\/fuentesfidedignas.com.mx\\\/#organization\",\"name\":\"Fuentes Fidedignas\",\"url\":\"https:\\\/\\\/fuentesfidedignas.com.mx\\\/\",\"logo\":{\"@type\":\"ImageObject\",\"inLanguage\":\"es\",\"@id\":\"https:\\\/\\\/fuentesfidedignas.com.mx\\\/#\\\/schema\\\/logo\\\/image\\\/\",\"url\":\"https:\\\/\\\/fuentesfidedignas.com.mx\\\/wp-content\\\/uploads\\\/2021\\\/04\\\/logo-retina.png\",\"contentUrl\":\"https:\\\/\\\/fuentesfidedignas.com.mx\\\/wp-content\\\/uploads\\\/2021\\\/04\\\/logo-retina.png\",\"width\":280,\"height\":51,\"caption\":\"Fuentes Fidedignas\"},\"image\":{\"@id\":\"https:\\\/\\\/fuentesfidedignas.com.mx\\\/#\\\/schema\\\/logo\\\/image\\\/\"},\"sameAs\":[\"https:\\\/\\\/www.facebook.com\\\/Fuentes-Fidedignas-368234489921644\",\"https:\\\/\\\/x.com\\\/fidedignas\"]},{\"@type\":\"Person\",\"@id\":\"https:\\\/\\\/fuentesfidedignas.com.mx\\\/#\\\/schema\\\/person\\\/ec4edd1fbf5efa3e44fce34fe2787780\",\"name\":\"Exc\u00e9lsior\",\"image\":{\"@type\":\"ImageObject\",\"inLanguage\":\"es\",\"@id\":\"https:\\\/\\\/secure.gravatar.com\\\/avatar\\\/4b7ee9206b48be08447852b3f0814dbc7c0f3b51541b164f1464a2725614020b?s=96&d=mm&r=g\",\"url\":\"https:\\\/\\\/secure.gravatar.com\\\/avatar\\\/4b7ee9206b48be08447852b3f0814dbc7c0f3b51541b164f1464a2725614020b?s=96&d=mm&r=g\",\"contentUrl\":\"https:\\\/\\\/secure.gravatar.com\\\/avatar\\\/4b7ee9206b48be08447852b3f0814dbc7c0f3b51541b164f1464a2725614020b?s=96&d=mm&r=g\",\"caption\":\"Exc\u00e9lsior\"},\"url\":\"https:\\\/\\\/fuentesfidedignas.com.mx\\\/index.php\\\/author\\\/excelsior\\\/\"}]}<\/script>\n<!-- \/ Yoast SEO plugin. -->","yoast_head_json":{"title":"Trump asegura que el Gobierno de Cuba \u201ccaer\u00e1 muy pronto\u201d y lo apunta como su siguiente objetivo - Fuentes Fidedignas","robots":{"index":"index","follow":"follow","max-snippet":"max-snippet:-1","max-image-preview":"max-image-preview:large","max-video-preview":"max-video-preview:-1"},"canonical":"https:\/\/fuentesfidedignas.com.mx\/index.php\/2026\/03\/06\/trump-asegura-que-el-gobierno-de-cuba-caera-muy-pronto-y-lo-apunta-como-su-siguiente-objetivo\/","og_locale":"es_MX","og_type":"article","og_title":"Trump asegura que el Gobierno de Cuba \u201ccaer\u00e1 muy pronto\u201d y lo apunta como su siguiente objetivo - Fuentes Fidedignas","og_description":"Las declaraciones se produjeron durante una entrevista con\u00a0CNN, en la que el mandatario abord\u00f3 la\u00a0operaci\u00f3n militar\u00a0que\u00a0Estados Unidos\u00a0ejecuta junto con\u00a0Israel\u00a0contra\u00a0Ir\u00e1n. El presidente de Estados Unidos, Donald Trump, asegur\u00f3 este viernes 6 de marzo de 2026 que el Gobierno de Cuba \u201cva a caer muy pronto\u201d y coloc\u00f3 nuevamente a la isla en el centro del debate [&hellip;]","og_url":"https:\/\/fuentesfidedignas.com.mx\/index.php\/2026\/03\/06\/trump-asegura-que-el-gobierno-de-cuba-caera-muy-pronto-y-lo-apunta-como-su-siguiente-objetivo\/","og_site_name":"Fuentes Fidedignas","article_publisher":"https:\/\/www.facebook.com\/Fuentes-Fidedignas-368234489921644","article_published_time":"2026-03-06T19:23:50+00:00","article_modified_time":"2026-03-06T19:24:10+00:00","og_image":[{"width":500,"height":333,"url":"https:\/\/fuentesfidedignas.com.mx\/wp-content\/uploads\/2026\/03\/trump_cuba.jpg","type":"image\/jpeg"}],"author":"Exc\u00e9lsior","twitter_card":"summary_large_image","twitter_creator":"@fidedignas","twitter_site":"@fidedignas","twitter_misc":{"Escrito por":"Exc\u00e9lsior","Tiempo de lectura":"3 minutos"},"schema":{"@context":"https:\/\/schema.org","@graph":[{"@type":"Article","@id":"https:\/\/fuentesfidedignas.com.mx\/index.php\/2026\/03\/06\/trump-asegura-que-el-gobierno-de-cuba-caera-muy-pronto-y-lo-apunta-como-su-siguiente-objetivo\/#article","isPartOf":{"@id":"https:\/\/fuentesfidedignas.com.mx\/index.php\/2026\/03\/06\/trump-asegura-que-el-gobierno-de-cuba-caera-muy-pronto-y-lo-apunta-como-su-siguiente-objetivo\/"},"author":{"name":"Exc\u00e9lsior","@id":"https:\/\/fuentesfidedignas.com.mx\/#\/schema\/person\/ec4edd1fbf5efa3e44fce34fe2787780"},"headline":"Trump asegura que el Gobierno de Cuba \u201ccaer\u00e1 muy pronto\u201d y lo apunta como su siguiente objetivo","datePublished":"2026-03-06T19:23:50+00:00","dateModified":"2026-03-06T19:24:10+00:00","mainEntityOfPage":{"@id":"https:\/\/fuentesfidedignas.com.mx\/index.php\/2026\/03\/06\/trump-asegura-que-el-gobierno-de-cuba-caera-muy-pronto-y-lo-apunta-como-su-siguiente-objetivo\/"},"wordCount":461,"commentCount":0,"publisher":{"@id":"https:\/\/fuentesfidedignas.com.mx\/#organization"},"image":{"@id":"https:\/\/fuentesfidedignas.com.mx\/index.php\/2026\/03\/06\/trump-asegura-que-el-gobierno-de-cuba-caera-muy-pronto-y-lo-apunta-como-su-siguiente-objetivo\/#primaryimage"},"thumbnailUrl":"https:\/\/fuentesfidedignas.com.mx\/wp-content\/uploads\/2026\/03\/trump_cuba.jpg","articleSection":["NOTICIAS NACIONALES"],"inLanguage":"es","potentialAction":[{"@type":"CommentAction","name":"Comment","target":["https:\/\/fuentesfidedignas.com.mx\/index.php\/2026\/03\/06\/trump-asegura-que-el-gobierno-de-cuba-caera-muy-pronto-y-lo-apunta-como-su-siguiente-objetivo\/#respond"]}]},{"@type":"WebPage","@id":"https:\/\/fuentesfidedignas.com.mx\/index.php\/2026\/03\/06\/trump-asegura-que-el-gobierno-de-cuba-caera-muy-pronto-y-lo-apunta-como-su-siguiente-objetivo\/","url":"https:\/\/fuentesfidedignas.com.mx\/index.php\/2026\/03\/06\/trump-asegura-que-el-gobierno-de-cuba-caera-muy-pronto-y-lo-apunta-como-su-siguiente-objetivo\/","name":"Trump asegura que el Gobierno de Cuba \u201ccaer\u00e1 muy pronto\u201d y lo apunta como su siguiente objetivo - Fuentes Fidedignas","isPartOf":{"@id":"https:\/\/fuentesfidedignas.com.mx\/#website"},"primaryImageOfPage":{"@id":"https:\/\/fuentesfidedignas.com.mx\/index.php\/2026\/03\/06\/trump-asegura-que-el-gobierno-de-cuba-caera-muy-pronto-y-lo-apunta-como-su-siguiente-objetivo\/#primaryimage"},"image":{"@id":"https:\/\/fuentesfidedignas.com.mx\/index.php\/2026\/03\/06\/trump-asegura-que-el-gobierno-de-cuba-caera-muy-pronto-y-lo-apunta-como-su-siguiente-objetivo\/#primaryimage"},"thumbnailUrl":"https:\/\/fuentesfidedignas.com.mx\/wp-content\/uploads\/2026\/03\/trump_cuba.jpg","datePublished":"2026-03-06T19:23:50+00:00","dateModified":"2026-03-06T19:24:10+00:00","breadcrumb":{"@id":"https:\/\/fuentesfidedignas.com.mx\/index.php\/2026\/03\/06\/trump-asegura-que-el-gobierno-de-cuba-caera-muy-pronto-y-lo-apunta-como-su-siguiente-objetivo\/#breadcrumb"},"inLanguage":"es","potentialAction":[{"@type":"ReadAction","target":["https:\/\/fuentesfidedignas.com.mx\/index.php\/2026\/03\/06\/trump-asegura-que-el-gobierno-de-cuba-caera-muy-pronto-y-lo-apunta-como-su-siguiente-objetivo\/"]}]},{"@type":"ImageObject","inLanguage":"es","@id":"https:\/\/fuentesfidedignas.com.mx\/index.php\/2026\/03\/06\/trump-asegura-que-el-gobierno-de-cuba-caera-muy-pronto-y-lo-apunta-como-su-siguiente-objetivo\/#primaryimage","url":"https:\/\/fuentesfidedignas.com.mx\/wp-content\/uploads\/2026\/03\/trump_cuba.jpg","contentUrl":"https:\/\/fuentesfidedignas.com.mx\/wp-content\/uploads\/2026\/03\/trump_cuba.jpg","width":500,"height":333},{"@type":"BreadcrumbList","@id":"https:\/\/fuentesfidedignas.com.mx\/index.php\/2026\/03\/06\/trump-asegura-que-el-gobierno-de-cuba-caera-muy-pronto-y-lo-apunta-como-su-siguiente-objetivo\/#breadcrumb","itemListElement":[{"@type":"ListItem","position":1,"name":"Inicio","item":"https:\/\/fuentesfidedignas.com.mx\/"},{"@type":"ListItem","position":2,"name":"Trump asegura que el Gobierno de Cuba \u201ccaer\u00e1 muy pronto\u201d y lo apunta como su siguiente objetivo"}]},{"@type":"WebSite","@id":"https:\/\/fuentesfidedignas.com.mx\/#website","url":"https:\/\/fuentesfidedignas.com.mx\/","name":"Fuentes Fidedignas","description":"Otro sitio realizado con WordPress","publisher":{"@id":"https:\/\/fuentesfidedignas.com.mx\/#organization"},"potentialAction":[{"@type":"SearchAction","target":{"@type":"EntryPoint","urlTemplate":"https:\/\/fuentesfidedignas.com.mx\/?s={search_term_string}"},"query-input":{"@type":"PropertyValueSpecification","valueRequired":true,"valueName":"search_term_string"}}],"inLanguage":"es"},{"@type":"Organization","@id":"https:\/\/fuentesfidedignas.com.mx\/#organization","name":"Fuentes Fidedignas","url":"https:\/\/fuentesfidedignas.com.mx\/","logo":{"@type":"ImageObject","inLanguage":"es","@id":"https:\/\/fuentesfidedignas.com.mx\/#\/schema\/logo\/image\/","url":"https:\/\/fuentesfidedignas.com.mx\/wp-content\/uploads\/2021\/04\/logo-retina.png","contentUrl":"https:\/\/fuentesfidedignas.com.mx\/wp-content\/uploads\/2021\/04\/logo-retina.png","width":280,"height":51,"caption":"Fuentes Fidedignas"},"image":{"@id":"https:\/\/fuentesfidedignas.com.mx\/#\/schema\/logo\/image\/"},"sameAs":["https:\/\/www.facebook.com\/Fuentes-Fidedignas-368234489921644","https:\/\/x.com\/fidedignas"]},{"@type":"Person","@id":"https:\/\/fuentesfidedignas.com.mx\/#\/schema\/person\/ec4edd1fbf5efa3e44fce34fe2787780","name":"Exc\u00e9lsior","image":{"@type":"ImageObject","inLanguage":"es","@id":"https:\/\/secure.gravatar.com\/avatar\/4b7ee9206b48be08447852b3f0814dbc7c0f3b51541b164f1464a2725614020b?s=96&d=mm&r=g","url":"https:\/\/secure.gravatar.com\/avatar\/4b7ee9206b48be08447852b3f0814dbc7c0f3b51541b164f1464a2725614020b?s=96&d=mm&r=g","contentUrl":"https:\/\/secure.gravatar.com\/avatar\/4b7ee9206b48be08447852b3f0814dbc7c0f3b51541b164f1464a2725614020b?s=96&d=mm&r=g","caption":"Exc\u00e9lsior"},"url":"https:\/\/fuentesfidedignas.com.mx\/index.php\/author\/excelsior\/"}]}},"_links":{"self":[{"href":"https:\/\/fuentesfidedignas.com.mx\/index.php\/wp-json\/wp\/v2\/posts\/128738","targetHints":{"allow":["GET"]}}],"collection":[{"href":"https:\/\/fuentesfidedignas.com.mx\/index.php\/wp-json\/wp\/v2\/posts"}],"about":[{"href":"https:\/\/fuentesfidedignas.com.mx\/index.php\/wp-json\/wp\/v2\/types\/post"}],"author":[{"embeddable":true,"href":"https:\/\/fuentesfidedignas.com.mx\/index.php\/wp-json\/wp\/v2\/users\/7"}],"replies":[{"embeddable":true,"href":"https:\/\/fuentesfidedignas.com.mx\/index.php\/wp-json\/wp\/v2\/comments?post=128738"}],"version-history":[{"count":1,"href":"https:\/\/fuentesfidedignas.com.mx\/index.php\/wp-json\/wp\/v2\/posts\/128738\/revisions"}],"predecessor-version":[{"id":128741,"href":"https:\/\/fuentesfidedignas.com.mx\/index.php\/wp-json\/wp\/v2\/posts\/128738\/revisions\/128741"}],"wp:featuredmedia":[{"embeddable":true,"href":"https:\/\/fuentesfidedignas.com.mx\/index.php\/wp-json\/wp\/v2\/media\/128739"}],"wp:attachment":[{"href":"https:\/\/fuentesfidedignas.com.mx\/index.php\/wp-json\/wp\/v2\/media?parent=128738"}],"wp:term":[{"taxonomy":"category","embeddable":true,"href":"https:\/\/fuentesfidedignas.com.mx\/index.php\/wp-json\/wp\/v2\/categories?post=128738"},{"taxonomy":"post_tag","embeddable":true,"href":"https:\/\/fuentesfidedignas.com.mx\/index.php\/wp-json\/wp\/v2\/tags?post=128738"}],"curies":[{"name":"wp","href":"https:\/\/api.w.org\/{rel}","templated":true}]}}