{"id":128676,"date":"2026-03-05T18:27:01","date_gmt":"2026-03-06T01:27:01","guid":{"rendered":"https:\/\/fuentesfidedignas.com.mx\/?p=128676"},"modified":"2026-03-05T18:27:01","modified_gmt":"2026-03-06T01:27:01","slug":"avanza-construccion-de-208-viviendas-del-bienestar-en-el-fuerte","status":"publish","type":"post","link":"https:\/\/fuentesfidedignas.com.mx\/index.php\/2026\/03\/05\/avanza-construccion-de-208-viviendas-del-bienestar-en-el-fuerte\/","title":{"rendered":"Avanza construcci\u00f3n de 208 Viviendas del Bienestar en El Fuerte"},"content":{"rendered":"\n<p><\/p>\n\n\n\n<p>El alcalde Gildardo Leyva Ortega constat\u00f3 el avance de las primeras viviendas del programa federal a cargo de CONAVI y agradeci\u00f3 a la presidenta Claudia Sheinbaum por impulsar este proyecto que busca brindar hogares dignos a quienes no cuentan con cr\u00e9dito de Infonavit.<\/p>\n\n\n\n<p>El Fuerte, Sinaloa, a 05 de marzo del 2026.- La construcci\u00f3n de las primeras 208 Viviendas del Bienestar en el municipio de El Fuerte registra avances importantes, como parte del programa federal que busca garantizar acceso a un hogar digno para familias que no cuentan con cr\u00e9dito de Infonavit.<\/p>\n\n\n\n<p>Durante un recorrido por el \u00e1rea donde se desarrollan los trabajos, el alcalde Gildardo Leyva Ortega constat\u00f3 el progreso de las viviendas y destac\u00f3 la importancia de este programa que representa una oportunidad real para muchas familias fortenses.<\/p>\n\n\n\n<p>En el marco de este proyecto, ya se llev\u00f3 a cabo el primer sorteo entre los aspirantes registrados que lograron pasar los filtros iniciales, resultando 75 personas seleccionadas en esta primera etapa del proceso.<\/p>\n\n\n\n<p>La construcci\u00f3n y el proceso de asignaci\u00f3n de estas viviendas se encuentran a cargo de la Comisi\u00f3n Nacional de Vivienda (CONAVI), instancia responsable de coordinar el desarrollo del programa y garantizar que los apoyos lleguen a quienes m\u00e1s lo necesitan.<\/p>\n\n\n\n<p>El presidente municipal agradeci\u00f3 a la presidenta de M\u00e9xico, Claudia Sheinbaum Pardo, por impulsar este programa social que tiene como objetivo brindar viviendas dignas, accesibles y seguras a personas que actualmente no cuentan con acceso a cr\u00e9ditos de vivienda tradicionales.<\/p>\n\n\n\n<p>\u201cEste es un programa muy noble que viene a beneficiar directamente a las familias que m\u00e1s lo necesitan. Agradecemos a la presidenta Claudia Sheinbaum Pardo, a nuestro gobernador Rubem Rocha Moya y a Conavi por estas 208 viviendas, que ya son una realidad y estamos muy contentos por nuestra gente\u201d, expres\u00f3.<\/p>\n\n\n\n<p>Las Viviendas del Bienestar forman parte de una estrategia nacional enfocada en ampliar las oportunidades de acceso a vivienda para sectores que hist\u00f3ricamente han enfrentado mayores dificultades para adquirir un hogar.<\/p>\n\n\n\n<p>Con este avance en la construcci\u00f3n y el primer proceso de selecci\u00f3n de beneficiarios, el municipio de El Fuerte contin\u00faa sum\u00e1ndose a las acciones que buscan fortalecer el bienestar y el desarrollo de las familias sinaloenses.<\/p>\n","protected":false},"excerpt":{"rendered":"<p>El alcalde Gildardo Leyva Ortega constat\u00f3 el avance de las primeras viviendas del programa federal a cargo de CONAVI y agradeci\u00f3 a la presidenta Claudia Sheinbaum por impulsar este proyecto que busca brindar hogares dignos a quienes no cuentan con cr\u00e9dito de Infonavit. El Fuerte, Sinaloa, a 05 de marzo del 2026.- La construcci\u00f3n de [&hellip;]<\/p>\n","protected":false},"author":4,"featured_media":128675,"comment_status":"closed","ping_status":"open","sticky":false,"template":"","format":"standard","meta":{"tdm_status":"","tdm_grid_status":"","footnotes":""},"categories":[38],"tags":[],"class_list":{"0":"post-128676","1":"post","2":"type-post","3":"status-publish","4":"format-standard","5":"has-post-thumbnail","7":"category-noticias-locales"},"yoast_head":"<!-- This site is optimized with the Yoast SEO plugin v27.5 - https:\/\/yoast.com\/product\/yoast-seo-wordpress\/ -->\n<title>Avanza construcci\u00f3n de 208 Viviendas del Bienestar en El Fuerte - Fuentes Fidedignas<\/title>\n<meta name=\"robots\" content=\"index, follow, max-snippet:-1, max-image-preview:large, max-video-preview:-1\" \/>\n<link rel=\"canonical\" href=\"https:\/\/fuentesfidedignas.com.mx\/index.php\/2026\/03\/05\/avanza-construccion-de-208-viviendas-del-bienestar-en-el-fuerte\/\" \/>\n<meta property=\"og:locale\" content=\"es_MX\" \/>\n<meta property=\"og:type\" content=\"article\" \/>\n<meta property=\"og:title\" content=\"Avanza construcci\u00f3n de 208 Viviendas del Bienestar en El Fuerte - Fuentes Fidedignas\" \/>\n<meta property=\"og:description\" content=\"El alcalde Gildardo Leyva Ortega constat\u00f3 el avance de las primeras viviendas del programa federal a cargo de CONAVI y agradeci\u00f3 a la presidenta Claudia Sheinbaum por impulsar este proyecto que busca brindar hogares dignos a quienes no cuentan con cr\u00e9dito de Infonavit. El Fuerte, Sinaloa, a 05 de marzo del 2026.- La construcci\u00f3n de [&hellip;]\" \/>\n<meta property=\"og:url\" content=\"https:\/\/fuentesfidedignas.com.mx\/index.php\/2026\/03\/05\/avanza-construccion-de-208-viviendas-del-bienestar-en-el-fuerte\/\" \/>\n<meta property=\"og:site_name\" content=\"Fuentes Fidedignas\" \/>\n<meta property=\"article:publisher\" content=\"https:\/\/www.facebook.com\/Fuentes-Fidedignas-368234489921644\" \/>\n<meta property=\"article:published_time\" content=\"2026-03-06T01:27:01+00:00\" \/>\n<meta property=\"og:image\" content=\"https:\/\/fuentesfidedignas.com.mx\/wp-content\/uploads\/2026\/03\/b6e81a70-70ad-44d5-b203-b4710bddce62.jpg\" \/>\n\t<meta property=\"og:image:width\" content=\"1600\" \/>\n\t<meta property=\"og:image:height\" content=\"900\" \/>\n\t<meta property=\"og:image:type\" content=\"image\/jpeg\" \/>\n<meta name=\"author\" content=\"Redacci\u00f3n\" \/>\n<meta name=\"twitter:card\" content=\"summary_large_image\" \/>\n<meta name=\"twitter:creator\" content=\"@fidedignas\" \/>\n<meta name=\"twitter:site\" content=\"@fidedignas\" \/>\n<meta name=\"twitter:label1\" content=\"Escrito por\" \/>\n\t<meta name=\"twitter:data1\" content=\"Redacci\u00f3n\" \/>\n\t<meta name=\"twitter:label2\" content=\"Tiempo de lectura\" \/>\n\t<meta name=\"twitter:data2\" content=\"2 minutos\" \/>\n<script type=\"application\/ld+json\" class=\"yoast-schema-graph\">{\"@context\":\"https:\\\/\\\/schema.org\",\"@graph\":[{\"@type\":\"Article\",\"@id\":\"https:\\\/\\\/fuentesfidedignas.com.mx\\\/index.php\\\/2026\\\/03\\\/05\\\/avanza-construccion-de-208-viviendas-del-bienestar-en-el-fuerte\\\/#article\",\"isPartOf\":{\"@id\":\"https:\\\/\\\/fuentesfidedignas.com.mx\\\/index.php\\\/2026\\\/03\\\/05\\\/avanza-construccion-de-208-viviendas-del-bienestar-en-el-fuerte\\\/\"},\"author\":{\"name\":\"Redacci\u00f3n\",\"@id\":\"https:\\\/\\\/fuentesfidedignas.com.mx\\\/#\\\/schema\\\/person\\\/331be9283d37198e2acd5750279085b0\"},\"headline\":\"Avanza construcci\u00f3n de 208 Viviendas del Bienestar en El Fuerte\",\"datePublished\":\"2026-03-06T01:27:01+00:00\",\"mainEntityOfPage\":{\"@id\":\"https:\\\/\\\/fuentesfidedignas.com.mx\\\/index.php\\\/2026\\\/03\\\/05\\\/avanza-construccion-de-208-viviendas-del-bienestar-en-el-fuerte\\\/\"},\"wordCount\":383,\"publisher\":{\"@id\":\"https:\\\/\\\/fuentesfidedignas.com.mx\\\/#organization\"},\"image\":{\"@id\":\"https:\\\/\\\/fuentesfidedignas.com.mx\\\/index.php\\\/2026\\\/03\\\/05\\\/avanza-construccion-de-208-viviendas-del-bienestar-en-el-fuerte\\\/#primaryimage\"},\"thumbnailUrl\":\"https:\\\/\\\/fuentesfidedignas.com.mx\\\/wp-content\\\/uploads\\\/2026\\\/03\\\/b6e81a70-70ad-44d5-b203-b4710bddce62.jpg\",\"articleSection\":[\"NOTICIAS LOCALES\"],\"inLanguage\":\"es\"},{\"@type\":\"WebPage\",\"@id\":\"https:\\\/\\\/fuentesfidedignas.com.mx\\\/index.php\\\/2026\\\/03\\\/05\\\/avanza-construccion-de-208-viviendas-del-bienestar-en-el-fuerte\\\/\",\"url\":\"https:\\\/\\\/fuentesfidedignas.com.mx\\\/index.php\\\/2026\\\/03\\\/05\\\/avanza-construccion-de-208-viviendas-del-bienestar-en-el-fuerte\\\/\",\"name\":\"Avanza construcci\u00f3n de 208 Viviendas del Bienestar en El Fuerte - Fuentes Fidedignas\",\"isPartOf\":{\"@id\":\"https:\\\/\\\/fuentesfidedignas.com.mx\\\/#website\"},\"primaryImageOfPage\":{\"@id\":\"https:\\\/\\\/fuentesfidedignas.com.mx\\\/index.php\\\/2026\\\/03\\\/05\\\/avanza-construccion-de-208-viviendas-del-bienestar-en-el-fuerte\\\/#primaryimage\"},\"image\":{\"@id\":\"https:\\\/\\\/fuentesfidedignas.com.mx\\\/index.php\\\/2026\\\/03\\\/05\\\/avanza-construccion-de-208-viviendas-del-bienestar-en-el-fuerte\\\/#primaryimage\"},\"thumbnailUrl\":\"https:\\\/\\\/fuentesfidedignas.com.mx\\\/wp-content\\\/uploads\\\/2026\\\/03\\\/b6e81a70-70ad-44d5-b203-b4710bddce62.jpg\",\"datePublished\":\"2026-03-06T01:27:01+00:00\",\"breadcrumb\":{\"@id\":\"https:\\\/\\\/fuentesfidedignas.com.mx\\\/index.php\\\/2026\\\/03\\\/05\\\/avanza-construccion-de-208-viviendas-del-bienestar-en-el-fuerte\\\/#breadcrumb\"},\"inLanguage\":\"es\",\"potentialAction\":[{\"@type\":\"ReadAction\",\"target\":[\"https:\\\/\\\/fuentesfidedignas.com.mx\\\/index.php\\\/2026\\\/03\\\/05\\\/avanza-construccion-de-208-viviendas-del-bienestar-en-el-fuerte\\\/\"]}]},{\"@type\":\"ImageObject\",\"inLanguage\":\"es\",\"@id\":\"https:\\\/\\\/fuentesfidedignas.com.mx\\\/index.php\\\/2026\\\/03\\\/05\\\/avanza-construccion-de-208-viviendas-del-bienestar-en-el-fuerte\\\/#primaryimage\",\"url\":\"https:\\\/\\\/fuentesfidedignas.com.mx\\\/wp-content\\\/uploads\\\/2026\\\/03\\\/b6e81a70-70ad-44d5-b203-b4710bddce62.jpg\",\"contentUrl\":\"https:\\\/\\\/fuentesfidedignas.com.mx\\\/wp-content\\\/uploads\\\/2026\\\/03\\\/b6e81a70-70ad-44d5-b203-b4710bddce62.jpg\",\"width\":1600,\"height\":900},{\"@type\":\"BreadcrumbList\",\"@id\":\"https:\\\/\\\/fuentesfidedignas.com.mx\\\/index.php\\\/2026\\\/03\\\/05\\\/avanza-construccion-de-208-viviendas-del-bienestar-en-el-fuerte\\\/#breadcrumb\",\"itemListElement\":[{\"@type\":\"ListItem\",\"position\":1,\"name\":\"Inicio\",\"item\":\"https:\\\/\\\/fuentesfidedignas.com.mx\\\/\"},{\"@type\":\"ListItem\",\"position\":2,\"name\":\"Avanza construcci\u00f3n de 208 Viviendas del Bienestar en El Fuerte\"}]},{\"@type\":\"WebSite\",\"@id\":\"https:\\\/\\\/fuentesfidedignas.com.mx\\\/#website\",\"url\":\"https:\\\/\\\/fuentesfidedignas.com.mx\\\/\",\"name\":\"Fuentes Fidedignas\",\"description\":\"Otro sitio realizado con WordPress\",\"publisher\":{\"@id\":\"https:\\\/\\\/fuentesfidedignas.com.mx\\\/#organization\"},\"potentialAction\":[{\"@type\":\"SearchAction\",\"target\":{\"@type\":\"EntryPoint\",\"urlTemplate\":\"https:\\\/\\\/fuentesfidedignas.com.mx\\\/?s={search_term_string}\"},\"query-input\":{\"@type\":\"PropertyValueSpecification\",\"valueRequired\":true,\"valueName\":\"search_term_string\"}}],\"inLanguage\":\"es\"},{\"@type\":\"Organization\",\"@id\":\"https:\\\/\\\/fuentesfidedignas.com.mx\\\/#organization\",\"name\":\"Fuentes Fidedignas\",\"url\":\"https:\\\/\\\/fuentesfidedignas.com.mx\\\/\",\"logo\":{\"@type\":\"ImageObject\",\"inLanguage\":\"es\",\"@id\":\"https:\\\/\\\/fuentesfidedignas.com.mx\\\/#\\\/schema\\\/logo\\\/image\\\/\",\"url\":\"https:\\\/\\\/fuentesfidedignas.com.mx\\\/wp-content\\\/uploads\\\/2021\\\/04\\\/logo-retina.png\",\"contentUrl\":\"https:\\\/\\\/fuentesfidedignas.com.mx\\\/wp-content\\\/uploads\\\/2021\\\/04\\\/logo-retina.png\",\"width\":280,\"height\":51,\"caption\":\"Fuentes Fidedignas\"},\"image\":{\"@id\":\"https:\\\/\\\/fuentesfidedignas.com.mx\\\/#\\\/schema\\\/logo\\\/image\\\/\"},\"sameAs\":[\"https:\\\/\\\/www.facebook.com\\\/Fuentes-Fidedignas-368234489921644\",\"https:\\\/\\\/x.com\\\/fidedignas\"]},{\"@type\":\"Person\",\"@id\":\"https:\\\/\\\/fuentesfidedignas.com.mx\\\/#\\\/schema\\\/person\\\/331be9283d37198e2acd5750279085b0\",\"name\":\"Redacci\u00f3n\",\"image\":{\"@type\":\"ImageObject\",\"inLanguage\":\"es\",\"@id\":\"https:\\\/\\\/secure.gravatar.com\\\/avatar\\\/f6d8782c11d12b2d4ad3fbb6931aeab5309937a4d6cd2fc9cfaa28a6396a5aec?s=96&d=mm&r=g\",\"url\":\"https:\\\/\\\/secure.gravatar.com\\\/avatar\\\/f6d8782c11d12b2d4ad3fbb6931aeab5309937a4d6cd2fc9cfaa28a6396a5aec?s=96&d=mm&r=g\",\"contentUrl\":\"https:\\\/\\\/secure.gravatar.com\\\/avatar\\\/f6d8782c11d12b2d4ad3fbb6931aeab5309937a4d6cd2fc9cfaa28a6396a5aec?s=96&d=mm&r=g\",\"caption\":\"Redacci\u00f3n\"},\"url\":\"https:\\\/\\\/fuentesfidedignas.com.mx\\\/index.php\\\/author\\\/redaccion\\\/\"}]}<\/script>\n<!-- \/ Yoast SEO plugin. -->","yoast_head_json":{"title":"Avanza construcci\u00f3n de 208 Viviendas del Bienestar en El Fuerte - Fuentes Fidedignas","robots":{"index":"index","follow":"follow","max-snippet":"max-snippet:-1","max-image-preview":"max-image-preview:large","max-video-preview":"max-video-preview:-1"},"canonical":"https:\/\/fuentesfidedignas.com.mx\/index.php\/2026\/03\/05\/avanza-construccion-de-208-viviendas-del-bienestar-en-el-fuerte\/","og_locale":"es_MX","og_type":"article","og_title":"Avanza construcci\u00f3n de 208 Viviendas del Bienestar en El Fuerte - Fuentes Fidedignas","og_description":"El alcalde Gildardo Leyva Ortega constat\u00f3 el avance de las primeras viviendas del programa federal a cargo de CONAVI y agradeci\u00f3 a la presidenta Claudia Sheinbaum por impulsar este proyecto que busca brindar hogares dignos a quienes no cuentan con cr\u00e9dito de Infonavit. El Fuerte, Sinaloa, a 05 de marzo del 2026.- La construcci\u00f3n de [&hellip;]","og_url":"https:\/\/fuentesfidedignas.com.mx\/index.php\/2026\/03\/05\/avanza-construccion-de-208-viviendas-del-bienestar-en-el-fuerte\/","og_site_name":"Fuentes Fidedignas","article_publisher":"https:\/\/www.facebook.com\/Fuentes-Fidedignas-368234489921644","article_published_time":"2026-03-06T01:27:01+00:00","og_image":[{"width":1600,"height":900,"url":"https:\/\/fuentesfidedignas.com.mx\/wp-content\/uploads\/2026\/03\/b6e81a70-70ad-44d5-b203-b4710bddce62.jpg","type":"image\/jpeg"}],"author":"Redacci\u00f3n","twitter_card":"summary_large_image","twitter_creator":"@fidedignas","twitter_site":"@fidedignas","twitter_misc":{"Escrito por":"Redacci\u00f3n","Tiempo de lectura":"2 minutos"},"schema":{"@context":"https:\/\/schema.org","@graph":[{"@type":"Article","@id":"https:\/\/fuentesfidedignas.com.mx\/index.php\/2026\/03\/05\/avanza-construccion-de-208-viviendas-del-bienestar-en-el-fuerte\/#article","isPartOf":{"@id":"https:\/\/fuentesfidedignas.com.mx\/index.php\/2026\/03\/05\/avanza-construccion-de-208-viviendas-del-bienestar-en-el-fuerte\/"},"author":{"name":"Redacci\u00f3n","@id":"https:\/\/fuentesfidedignas.com.mx\/#\/schema\/person\/331be9283d37198e2acd5750279085b0"},"headline":"Avanza construcci\u00f3n de 208 Viviendas del Bienestar en El Fuerte","datePublished":"2026-03-06T01:27:01+00:00","mainEntityOfPage":{"@id":"https:\/\/fuentesfidedignas.com.mx\/index.php\/2026\/03\/05\/avanza-construccion-de-208-viviendas-del-bienestar-en-el-fuerte\/"},"wordCount":383,"publisher":{"@id":"https:\/\/fuentesfidedignas.com.mx\/#organization"},"image":{"@id":"https:\/\/fuentesfidedignas.com.mx\/index.php\/2026\/03\/05\/avanza-construccion-de-208-viviendas-del-bienestar-en-el-fuerte\/#primaryimage"},"thumbnailUrl":"https:\/\/fuentesfidedignas.com.mx\/wp-content\/uploads\/2026\/03\/b6e81a70-70ad-44d5-b203-b4710bddce62.jpg","articleSection":["NOTICIAS LOCALES"],"inLanguage":"es"},{"@type":"WebPage","@id":"https:\/\/fuentesfidedignas.com.mx\/index.php\/2026\/03\/05\/avanza-construccion-de-208-viviendas-del-bienestar-en-el-fuerte\/","url":"https:\/\/fuentesfidedignas.com.mx\/index.php\/2026\/03\/05\/avanza-construccion-de-208-viviendas-del-bienestar-en-el-fuerte\/","name":"Avanza construcci\u00f3n de 208 Viviendas del Bienestar en El Fuerte - Fuentes Fidedignas","isPartOf":{"@id":"https:\/\/fuentesfidedignas.com.mx\/#website"},"primaryImageOfPage":{"@id":"https:\/\/fuentesfidedignas.com.mx\/index.php\/2026\/03\/05\/avanza-construccion-de-208-viviendas-del-bienestar-en-el-fuerte\/#primaryimage"},"image":{"@id":"https:\/\/fuentesfidedignas.com.mx\/index.php\/2026\/03\/05\/avanza-construccion-de-208-viviendas-del-bienestar-en-el-fuerte\/#primaryimage"},"thumbnailUrl":"https:\/\/fuentesfidedignas.com.mx\/wp-content\/uploads\/2026\/03\/b6e81a70-70ad-44d5-b203-b4710bddce62.jpg","datePublished":"2026-03-06T01:27:01+00:00","breadcrumb":{"@id":"https:\/\/fuentesfidedignas.com.mx\/index.php\/2026\/03\/05\/avanza-construccion-de-208-viviendas-del-bienestar-en-el-fuerte\/#breadcrumb"},"inLanguage":"es","potentialAction":[{"@type":"ReadAction","target":["https:\/\/fuentesfidedignas.com.mx\/index.php\/2026\/03\/05\/avanza-construccion-de-208-viviendas-del-bienestar-en-el-fuerte\/"]}]},{"@type":"ImageObject","inLanguage":"es","@id":"https:\/\/fuentesfidedignas.com.mx\/index.php\/2026\/03\/05\/avanza-construccion-de-208-viviendas-del-bienestar-en-el-fuerte\/#primaryimage","url":"https:\/\/fuentesfidedignas.com.mx\/wp-content\/uploads\/2026\/03\/b6e81a70-70ad-44d5-b203-b4710bddce62.jpg","contentUrl":"https:\/\/fuentesfidedignas.com.mx\/wp-content\/uploads\/2026\/03\/b6e81a70-70ad-44d5-b203-b4710bddce62.jpg","width":1600,"height":900},{"@type":"BreadcrumbList","@id":"https:\/\/fuentesfidedignas.com.mx\/index.php\/2026\/03\/05\/avanza-construccion-de-208-viviendas-del-bienestar-en-el-fuerte\/#breadcrumb","itemListElement":[{"@type":"ListItem","position":1,"name":"Inicio","item":"https:\/\/fuentesfidedignas.com.mx\/"},{"@type":"ListItem","position":2,"name":"Avanza construcci\u00f3n de 208 Viviendas del Bienestar en El Fuerte"}]},{"@type":"WebSite","@id":"https:\/\/fuentesfidedignas.com.mx\/#website","url":"https:\/\/fuentesfidedignas.com.mx\/","name":"Fuentes Fidedignas","description":"Otro sitio realizado con WordPress","publisher":{"@id":"https:\/\/fuentesfidedignas.com.mx\/#organization"},"potentialAction":[{"@type":"SearchAction","target":{"@type":"EntryPoint","urlTemplate":"https:\/\/fuentesfidedignas.com.mx\/?s={search_term_string}"},"query-input":{"@type":"PropertyValueSpecification","valueRequired":true,"valueName":"search_term_string"}}],"inLanguage":"es"},{"@type":"Organization","@id":"https:\/\/fuentesfidedignas.com.mx\/#organization","name":"Fuentes Fidedignas","url":"https:\/\/fuentesfidedignas.com.mx\/","logo":{"@type":"ImageObject","inLanguage":"es","@id":"https:\/\/fuentesfidedignas.com.mx\/#\/schema\/logo\/image\/","url":"https:\/\/fuentesfidedignas.com.mx\/wp-content\/uploads\/2021\/04\/logo-retina.png","contentUrl":"https:\/\/fuentesfidedignas.com.mx\/wp-content\/uploads\/2021\/04\/logo-retina.png","width":280,"height":51,"caption":"Fuentes Fidedignas"},"image":{"@id":"https:\/\/fuentesfidedignas.com.mx\/#\/schema\/logo\/image\/"},"sameAs":["https:\/\/www.facebook.com\/Fuentes-Fidedignas-368234489921644","https:\/\/x.com\/fidedignas"]},{"@type":"Person","@id":"https:\/\/fuentesfidedignas.com.mx\/#\/schema\/person\/331be9283d37198e2acd5750279085b0","name":"Redacci\u00f3n","image":{"@type":"ImageObject","inLanguage":"es","@id":"https:\/\/secure.gravatar.com\/avatar\/f6d8782c11d12b2d4ad3fbb6931aeab5309937a4d6cd2fc9cfaa28a6396a5aec?s=96&d=mm&r=g","url":"https:\/\/secure.gravatar.com\/avatar\/f6d8782c11d12b2d4ad3fbb6931aeab5309937a4d6cd2fc9cfaa28a6396a5aec?s=96&d=mm&r=g","contentUrl":"https:\/\/secure.gravatar.com\/avatar\/f6d8782c11d12b2d4ad3fbb6931aeab5309937a4d6cd2fc9cfaa28a6396a5aec?s=96&d=mm&r=g","caption":"Redacci\u00f3n"},"url":"https:\/\/fuentesfidedignas.com.mx\/index.php\/author\/redaccion\/"}]}},"_links":{"self":[{"href":"https:\/\/fuentesfidedignas.com.mx\/index.php\/wp-json\/wp\/v2\/posts\/128676","targetHints":{"allow":["GET"]}}],"collection":[{"href":"https:\/\/fuentesfidedignas.com.mx\/index.php\/wp-json\/wp\/v2\/posts"}],"about":[{"href":"https:\/\/fuentesfidedignas.com.mx\/index.php\/wp-json\/wp\/v2\/types\/post"}],"author":[{"embeddable":true,"href":"https:\/\/fuentesfidedignas.com.mx\/index.php\/wp-json\/wp\/v2\/users\/4"}],"replies":[{"embeddable":true,"href":"https:\/\/fuentesfidedignas.com.mx\/index.php\/wp-json\/wp\/v2\/comments?post=128676"}],"version-history":[{"count":1,"href":"https:\/\/fuentesfidedignas.com.mx\/index.php\/wp-json\/wp\/v2\/posts\/128676\/revisions"}],"predecessor-version":[{"id":128677,"href":"https:\/\/fuentesfidedignas.com.mx\/index.php\/wp-json\/wp\/v2\/posts\/128676\/revisions\/128677"}],"wp:featuredmedia":[{"embeddable":true,"href":"https:\/\/fuentesfidedignas.com.mx\/index.php\/wp-json\/wp\/v2\/media\/128675"}],"wp:attachment":[{"href":"https:\/\/fuentesfidedignas.com.mx\/index.php\/wp-json\/wp\/v2\/media?parent=128676"}],"wp:term":[{"taxonomy":"category","embeddable":true,"href":"https:\/\/fuentesfidedignas.com.mx\/index.php\/wp-json\/wp\/v2\/categories?post=128676"},{"taxonomy":"post_tag","embeddable":true,"href":"https:\/\/fuentesfidedignas.com.mx\/index.php\/wp-json\/wp\/v2\/tags?post=128676"}],"curies":[{"name":"wp","href":"https:\/\/api.w.org\/{rel}","templated":true}]}}