{"id":128673,"date":"2026-03-05T18:04:51","date_gmt":"2026-03-06T01:04:51","guid":{"rendered":"https:\/\/fuentesfidedignas.com.mx\/?p=128673"},"modified":"2026-03-05T18:04:51","modified_gmt":"2026-03-06T01:04:51","slug":"vocalista-de-los-recoditos-es-acusado-por-su-esposa-de-agresion-banda-lo-suspende","status":"publish","type":"post","link":"https:\/\/fuentesfidedignas.com.mx\/index.php\/2026\/03\/05\/vocalista-de-los-recoditos-es-acusado-por-su-esposa-de-agresion-banda-lo-suspende\/","title":{"rendered":"Vocalista de Los Recoditos es acusado por su esposa de agresi\u00f3n; banda lo suspende"},"content":{"rendered":"\n<p>El nombre de la banda de regional mexicano Los Recoditos se ha vuelto tendencia en redes sociales luego de que su vocalista, Rafa Gonz\u00e1lez, fuera se\u00f1alado por su esposa de haberla golpeado en reiteradas ocasiones e incluso agredirla con un arma blanca frente a sus hijos.<\/p>\n\n\n\n<p>Mediante un video compartido en&nbsp;<strong>TikTok<\/strong>,&nbsp;<strong>Fernanda Redondo<\/strong>&nbsp;asegur\u00f3 haber sido agredida f\u00edsicamente por el cantante, mostrando&nbsp;<strong>golpes en el rostro<\/strong>&nbsp;mientras ambos viajaban en un autom\u00f3vil.<\/p>\n\n\n\n<p>\u201c<em>Amiga, gu\u00e1rdame este video, por favor, mira c\u00f3mo me tiene, \u00e9l, mira, mira\u201d, aparece diciendo la mujer al mismo tiempo que llora, enfoca al vocalista de&nbsp;<strong>Los Recoditos<\/strong>&nbsp;y muestra algunas lesiones que tiene en la cara, mientras el cantante contin\u00faa conduciendo&nbsp;<strong>sin siquiera voltear a verla<\/strong>.\u201d<\/em><\/p>\n\n\n\n<figure class=\"wp-block-embed\"><div class=\"wp-block-embed__wrapper\">\n<blockquote class=\"tiktok-embed\" cite=\"https:\/\/www.tiktok.com\/@fergcortez\/video\/7613141685698088213\" data-video-id=\"7613141685698088213\" data-embed-from=\"oembed\" style=\"max-width:605px; min-width:325px;\"> <section> <a target=\"_blank\" title=\"@fergcortez\" href=\"https:\/\/www.tiktok.com\/@fergcortez?refer=embed\">@fergcortez<\/a> <p><a title=\"viral\" target=\"_blank\" href=\"https:\/\/www.tiktok.com\/tag\/viral?refer=embed\">#viral<\/a> es el vocalista de los recoditos y he vivido 12 a\u00f1os de agresiones por favor si me ayudaran a difundir por qu\u00e9 el d\u00eda que por su empresa no le hacen nada y yo estoy sola por favor compartan en las redes est\u00e1 como Rafa Glz <\/p> <a target=\"_blank\" title=\"\u266c sonido original - fergcortez\" href=\"https:\/\/www.tiktok.com\/music\/sonido-original-7613141748767820562?refer=embed\">\u266c sonido original &#8211; fergcortez<\/a> <\/section> <\/blockquote> <script async src=\"https:\/\/www.tiktok.com\/embed.js\"><\/script>\n<\/div><\/figure>\n\n\n\n<p><strong>Se\u00f1ala supuestas influencias del cantante<\/strong><\/p>\n\n\n\n<p>La mujer tambi\u00e9n indic\u00f3 que&nbsp;<strong>ha enfrentado dificultades para denunciar<\/strong>, se\u00f1alando que el cantante tendr\u00eda influencias que lo proteger\u00edan.<\/p>\n\n\n\n<p>Han sido 12 a\u00f1os de manipulaci\u00f3n, donde \u00e9l me ha dicho que no van a proceder en contra de \u00e9l porque la empresa lo respalda, porque el m\u00e1nager, su pap\u00e1, era el alcalde de Mazatl\u00e1n, y todo eso, \u00bfverdad? Pero ya atentar contra mi vida, estando mis hijos, creo que ya tengo que alzar la voz\u201d, agreg\u00f3.<\/p>\n\n\n\n<p>Hasta el momento,&nbsp;<strong>Rafa Gonz\u00e1lez no se ha manifestado p\u00fablicamente<\/strong>&nbsp;respecto a estas acusaciones, sin embargo, la banda&nbsp;<strong>Los Recoditos<\/strong>&nbsp;si emiti\u00f3 un comunicado en el cual informa que el vocalista est\u00e1 fuera de la agrupaci\u00f3n, al menos de manera temporal.&nbsp;<\/p>\n\n\n\n<p>Por lo anterior y de com\u00fan acuerdo con Rafael, tomamos la decisi\u00f3n de pausar temporalmente sus actividades como cantante en la Banda, con el fin de que pueda concentrarse en atender y esclarecer la situaci\u00f3n que actualmente enfrenta.<\/p>\n\n\n\n<p>Suspensi\u00f3n:<\/p>\n\n\n\n<figure class=\"wp-block-image size-large\"><img decoding=\"async\" width=\"1024\" height=\"1002\" src=\"https:\/\/fuentesfidedignas.com.mx\/wp-content\/uploads\/2026\/03\/img_4167-1024x1002.jpg\" class=\"wp-image-128671\" srcset=\"https:\/\/fuentesfidedignas.com.mx\/wp-content\/uploads\/2026\/03\/img_4167-1024x1002.jpg 1024w, https:\/\/fuentesfidedignas.com.mx\/wp-content\/uploads\/2026\/03\/img_4167-300x294.jpg 300w, https:\/\/fuentesfidedignas.com.mx\/wp-content\/uploads\/2026\/03\/img_4167-768x752.jpg 768w, https:\/\/fuentesfidedignas.com.mx\/wp-content\/uploads\/2026\/03\/img_4167.jpg 1077w\" sizes=\"(max-width: 1024px) 100vw, 1024px\" \/><\/figure>\n\n\n\n<p><\/p>\n","protected":false},"excerpt":{"rendered":"<p>El nombre de la banda de regional mexicano Los Recoditos se ha vuelto tendencia en redes sociales luego de que su vocalista, Rafa Gonz\u00e1lez, fuera se\u00f1alado por su esposa de haberla golpeado en reiteradas ocasiones e incluso agredirla con un arma blanca frente a sus hijos. Mediante un video compartido en&nbsp;TikTok,&nbsp;Fernanda Redondo&nbsp;asegur\u00f3 haber sido agredida [&hellip;]<\/p>\n","protected":false},"author":150,"featured_media":128672,"comment_status":"closed","ping_status":"open","sticky":false,"template":"","format":"standard","meta":{"tdm_status":"","tdm_grid_status":"","footnotes":""},"categories":[39],"tags":[],"class_list":{"0":"post-128673","1":"post","2":"type-post","3":"status-publish","4":"format-standard","5":"has-post-thumbnail","7":"category-noticias-nacionales"},"yoast_head":"<!-- This site is optimized with the Yoast SEO plugin v27.5 - https:\/\/yoast.com\/product\/yoast-seo-wordpress\/ -->\n<title>Vocalista de Los Recoditos es acusado por su esposa de agresi\u00f3n; banda lo suspende - Fuentes Fidedignas<\/title>\n<meta name=\"robots\" content=\"index, follow, max-snippet:-1, max-image-preview:large, max-video-preview:-1\" \/>\n<link rel=\"canonical\" href=\"https:\/\/fuentesfidedignas.com.mx\/index.php\/2026\/03\/05\/vocalista-de-los-recoditos-es-acusado-por-su-esposa-de-agresion-banda-lo-suspende\/\" \/>\n<meta property=\"og:locale\" content=\"es_MX\" \/>\n<meta property=\"og:type\" content=\"article\" \/>\n<meta property=\"og:title\" content=\"Vocalista de Los Recoditos es acusado por su esposa de agresi\u00f3n; banda lo suspende - Fuentes Fidedignas\" \/>\n<meta property=\"og:description\" content=\"El nombre de la banda de regional mexicano Los Recoditos se ha vuelto tendencia en redes sociales luego de que su vocalista, Rafa Gonz\u00e1lez, fuera se\u00f1alado por su esposa de haberla golpeado en reiteradas ocasiones e incluso agredirla con un arma blanca frente a sus hijos. Mediante un video compartido en&nbsp;TikTok,&nbsp;Fernanda Redondo&nbsp;asegur\u00f3 haber sido agredida [&hellip;]\" \/>\n<meta property=\"og:url\" content=\"https:\/\/fuentesfidedignas.com.mx\/index.php\/2026\/03\/05\/vocalista-de-los-recoditos-es-acusado-por-su-esposa-de-agresion-banda-lo-suspende\/\" \/>\n<meta property=\"og:site_name\" content=\"Fuentes Fidedignas\" \/>\n<meta property=\"article:publisher\" content=\"https:\/\/www.facebook.com\/Fuentes-Fidedignas-368234489921644\" \/>\n<meta property=\"article:published_time\" content=\"2026-03-06T01:04:51+00:00\" \/>\n<meta property=\"og:image\" content=\"https:\/\/fuentesfidedignas.com.mx\/wp-content\/uploads\/2026\/03\/img_4166.jpg\" \/>\n\t<meta property=\"og:image:width\" content=\"860\" \/>\n\t<meta property=\"og:image:height\" content=\"484\" \/>\n\t<meta property=\"og:image:type\" content=\"image\/jpeg\" \/>\n<meta name=\"author\" content=\"R\u00e9cord\" \/>\n<meta name=\"twitter:card\" content=\"summary_large_image\" \/>\n<meta name=\"twitter:creator\" content=\"@fidedignas\" \/>\n<meta name=\"twitter:site\" content=\"@fidedignas\" \/>\n<meta name=\"twitter:label1\" content=\"Escrito por\" \/>\n\t<meta name=\"twitter:data1\" content=\"R\u00e9cord\" \/>\n\t<meta name=\"twitter:label2\" content=\"Tiempo de lectura\" \/>\n\t<meta name=\"twitter:data2\" content=\"2 minutos\" \/>\n<script type=\"application\/ld+json\" class=\"yoast-schema-graph\">{\"@context\":\"https:\\\/\\\/schema.org\",\"@graph\":[{\"@type\":\"Article\",\"@id\":\"https:\\\/\\\/fuentesfidedignas.com.mx\\\/index.php\\\/2026\\\/03\\\/05\\\/vocalista-de-los-recoditos-es-acusado-por-su-esposa-de-agresion-banda-lo-suspende\\\/#article\",\"isPartOf\":{\"@id\":\"https:\\\/\\\/fuentesfidedignas.com.mx\\\/index.php\\\/2026\\\/03\\\/05\\\/vocalista-de-los-recoditos-es-acusado-por-su-esposa-de-agresion-banda-lo-suspende\\\/\"},\"author\":{\"name\":\"R\u00e9cord\",\"@id\":\"https:\\\/\\\/fuentesfidedignas.com.mx\\\/#\\\/schema\\\/person\\\/39b91b7742a24e842156ffcfe0db5e08\"},\"headline\":\"Vocalista de Los Recoditos es acusado por su esposa de agresi\u00f3n; banda lo suspende\",\"datePublished\":\"2026-03-06T01:04:51+00:00\",\"mainEntityOfPage\":{\"@id\":\"https:\\\/\\\/fuentesfidedignas.com.mx\\\/index.php\\\/2026\\\/03\\\/05\\\/vocalista-de-los-recoditos-es-acusado-por-su-esposa-de-agresion-banda-lo-suspende\\\/\"},\"wordCount\":338,\"publisher\":{\"@id\":\"https:\\\/\\\/fuentesfidedignas.com.mx\\\/#organization\"},\"image\":{\"@id\":\"https:\\\/\\\/fuentesfidedignas.com.mx\\\/index.php\\\/2026\\\/03\\\/05\\\/vocalista-de-los-recoditos-es-acusado-por-su-esposa-de-agresion-banda-lo-suspende\\\/#primaryimage\"},\"thumbnailUrl\":\"https:\\\/\\\/fuentesfidedignas.com.mx\\\/wp-content\\\/uploads\\\/2026\\\/03\\\/img_4166.jpg\",\"articleSection\":[\"NOTICIAS NACIONALES\"],\"inLanguage\":\"es\"},{\"@type\":\"WebPage\",\"@id\":\"https:\\\/\\\/fuentesfidedignas.com.mx\\\/index.php\\\/2026\\\/03\\\/05\\\/vocalista-de-los-recoditos-es-acusado-por-su-esposa-de-agresion-banda-lo-suspende\\\/\",\"url\":\"https:\\\/\\\/fuentesfidedignas.com.mx\\\/index.php\\\/2026\\\/03\\\/05\\\/vocalista-de-los-recoditos-es-acusado-por-su-esposa-de-agresion-banda-lo-suspende\\\/\",\"name\":\"Vocalista de Los Recoditos es acusado por su esposa de agresi\u00f3n; banda lo suspende - Fuentes Fidedignas\",\"isPartOf\":{\"@id\":\"https:\\\/\\\/fuentesfidedignas.com.mx\\\/#website\"},\"primaryImageOfPage\":{\"@id\":\"https:\\\/\\\/fuentesfidedignas.com.mx\\\/index.php\\\/2026\\\/03\\\/05\\\/vocalista-de-los-recoditos-es-acusado-por-su-esposa-de-agresion-banda-lo-suspende\\\/#primaryimage\"},\"image\":{\"@id\":\"https:\\\/\\\/fuentesfidedignas.com.mx\\\/index.php\\\/2026\\\/03\\\/05\\\/vocalista-de-los-recoditos-es-acusado-por-su-esposa-de-agresion-banda-lo-suspende\\\/#primaryimage\"},\"thumbnailUrl\":\"https:\\\/\\\/fuentesfidedignas.com.mx\\\/wp-content\\\/uploads\\\/2026\\\/03\\\/img_4166.jpg\",\"datePublished\":\"2026-03-06T01:04:51+00:00\",\"breadcrumb\":{\"@id\":\"https:\\\/\\\/fuentesfidedignas.com.mx\\\/index.php\\\/2026\\\/03\\\/05\\\/vocalista-de-los-recoditos-es-acusado-por-su-esposa-de-agresion-banda-lo-suspende\\\/#breadcrumb\"},\"inLanguage\":\"es\",\"potentialAction\":[{\"@type\":\"ReadAction\",\"target\":[\"https:\\\/\\\/fuentesfidedignas.com.mx\\\/index.php\\\/2026\\\/03\\\/05\\\/vocalista-de-los-recoditos-es-acusado-por-su-esposa-de-agresion-banda-lo-suspende\\\/\"]}]},{\"@type\":\"ImageObject\",\"inLanguage\":\"es\",\"@id\":\"https:\\\/\\\/fuentesfidedignas.com.mx\\\/index.php\\\/2026\\\/03\\\/05\\\/vocalista-de-los-recoditos-es-acusado-por-su-esposa-de-agresion-banda-lo-suspende\\\/#primaryimage\",\"url\":\"https:\\\/\\\/fuentesfidedignas.com.mx\\\/wp-content\\\/uploads\\\/2026\\\/03\\\/img_4166.jpg\",\"contentUrl\":\"https:\\\/\\\/fuentesfidedignas.com.mx\\\/wp-content\\\/uploads\\\/2026\\\/03\\\/img_4166.jpg\",\"width\":860,\"height\":484},{\"@type\":\"BreadcrumbList\",\"@id\":\"https:\\\/\\\/fuentesfidedignas.com.mx\\\/index.php\\\/2026\\\/03\\\/05\\\/vocalista-de-los-recoditos-es-acusado-por-su-esposa-de-agresion-banda-lo-suspende\\\/#breadcrumb\",\"itemListElement\":[{\"@type\":\"ListItem\",\"position\":1,\"name\":\"Inicio\",\"item\":\"https:\\\/\\\/fuentesfidedignas.com.mx\\\/\"},{\"@type\":\"ListItem\",\"position\":2,\"name\":\"Vocalista de Los Recoditos es acusado por su esposa de agresi\u00f3n; banda lo suspende\"}]},{\"@type\":\"WebSite\",\"@id\":\"https:\\\/\\\/fuentesfidedignas.com.mx\\\/#website\",\"url\":\"https:\\\/\\\/fuentesfidedignas.com.mx\\\/\",\"name\":\"Fuentes Fidedignas\",\"description\":\"Otro sitio realizado con WordPress\",\"publisher\":{\"@id\":\"https:\\\/\\\/fuentesfidedignas.com.mx\\\/#organization\"},\"potentialAction\":[{\"@type\":\"SearchAction\",\"target\":{\"@type\":\"EntryPoint\",\"urlTemplate\":\"https:\\\/\\\/fuentesfidedignas.com.mx\\\/?s={search_term_string}\"},\"query-input\":{\"@type\":\"PropertyValueSpecification\",\"valueRequired\":true,\"valueName\":\"search_term_string\"}}],\"inLanguage\":\"es\"},{\"@type\":\"Organization\",\"@id\":\"https:\\\/\\\/fuentesfidedignas.com.mx\\\/#organization\",\"name\":\"Fuentes Fidedignas\",\"url\":\"https:\\\/\\\/fuentesfidedignas.com.mx\\\/\",\"logo\":{\"@type\":\"ImageObject\",\"inLanguage\":\"es\",\"@id\":\"https:\\\/\\\/fuentesfidedignas.com.mx\\\/#\\\/schema\\\/logo\\\/image\\\/\",\"url\":\"https:\\\/\\\/fuentesfidedignas.com.mx\\\/wp-content\\\/uploads\\\/2021\\\/04\\\/logo-retina.png\",\"contentUrl\":\"https:\\\/\\\/fuentesfidedignas.com.mx\\\/wp-content\\\/uploads\\\/2021\\\/04\\\/logo-retina.png\",\"width\":280,\"height\":51,\"caption\":\"Fuentes Fidedignas\"},\"image\":{\"@id\":\"https:\\\/\\\/fuentesfidedignas.com.mx\\\/#\\\/schema\\\/logo\\\/image\\\/\"},\"sameAs\":[\"https:\\\/\\\/www.facebook.com\\\/Fuentes-Fidedignas-368234489921644\",\"https:\\\/\\\/x.com\\\/fidedignas\"]},{\"@type\":\"Person\",\"@id\":\"https:\\\/\\\/fuentesfidedignas.com.mx\\\/#\\\/schema\\\/person\\\/39b91b7742a24e842156ffcfe0db5e08\",\"name\":\"R\u00e9cord\",\"image\":{\"@type\":\"ImageObject\",\"inLanguage\":\"es\",\"@id\":\"https:\\\/\\\/secure.gravatar.com\\\/avatar\\\/cad55ab2ec2e0bbf0574d37345ae3b4418ebda31f830f0e27608291299b95841?s=96&d=mm&r=g\",\"url\":\"https:\\\/\\\/secure.gravatar.com\\\/avatar\\\/cad55ab2ec2e0bbf0574d37345ae3b4418ebda31f830f0e27608291299b95841?s=96&d=mm&r=g\",\"contentUrl\":\"https:\\\/\\\/secure.gravatar.com\\\/avatar\\\/cad55ab2ec2e0bbf0574d37345ae3b4418ebda31f830f0e27608291299b95841?s=96&d=mm&r=g\",\"caption\":\"R\u00e9cord\"},\"url\":\"https:\\\/\\\/fuentesfidedignas.com.mx\\\/index.php\\\/author\\\/record\\\/\"}]}<\/script>\n<!-- \/ Yoast SEO plugin. -->","yoast_head_json":{"title":"Vocalista de Los Recoditos es acusado por su esposa de agresi\u00f3n; banda lo suspende - Fuentes Fidedignas","robots":{"index":"index","follow":"follow","max-snippet":"max-snippet:-1","max-image-preview":"max-image-preview:large","max-video-preview":"max-video-preview:-1"},"canonical":"https:\/\/fuentesfidedignas.com.mx\/index.php\/2026\/03\/05\/vocalista-de-los-recoditos-es-acusado-por-su-esposa-de-agresion-banda-lo-suspende\/","og_locale":"es_MX","og_type":"article","og_title":"Vocalista de Los Recoditos es acusado por su esposa de agresi\u00f3n; banda lo suspende - Fuentes Fidedignas","og_description":"El nombre de la banda de regional mexicano Los Recoditos se ha vuelto tendencia en redes sociales luego de que su vocalista, Rafa Gonz\u00e1lez, fuera se\u00f1alado por su esposa de haberla golpeado en reiteradas ocasiones e incluso agredirla con un arma blanca frente a sus hijos. Mediante un video compartido en&nbsp;TikTok,&nbsp;Fernanda Redondo&nbsp;asegur\u00f3 haber sido agredida [&hellip;]","og_url":"https:\/\/fuentesfidedignas.com.mx\/index.php\/2026\/03\/05\/vocalista-de-los-recoditos-es-acusado-por-su-esposa-de-agresion-banda-lo-suspende\/","og_site_name":"Fuentes Fidedignas","article_publisher":"https:\/\/www.facebook.com\/Fuentes-Fidedignas-368234489921644","article_published_time":"2026-03-06T01:04:51+00:00","og_image":[{"width":860,"height":484,"url":"https:\/\/fuentesfidedignas.com.mx\/wp-content\/uploads\/2026\/03\/img_4166.jpg","type":"image\/jpeg"}],"author":"R\u00e9cord","twitter_card":"summary_large_image","twitter_creator":"@fidedignas","twitter_site":"@fidedignas","twitter_misc":{"Escrito por":"R\u00e9cord","Tiempo de lectura":"2 minutos"},"schema":{"@context":"https:\/\/schema.org","@graph":[{"@type":"Article","@id":"https:\/\/fuentesfidedignas.com.mx\/index.php\/2026\/03\/05\/vocalista-de-los-recoditos-es-acusado-por-su-esposa-de-agresion-banda-lo-suspende\/#article","isPartOf":{"@id":"https:\/\/fuentesfidedignas.com.mx\/index.php\/2026\/03\/05\/vocalista-de-los-recoditos-es-acusado-por-su-esposa-de-agresion-banda-lo-suspende\/"},"author":{"name":"R\u00e9cord","@id":"https:\/\/fuentesfidedignas.com.mx\/#\/schema\/person\/39b91b7742a24e842156ffcfe0db5e08"},"headline":"Vocalista de Los Recoditos es acusado por su esposa de agresi\u00f3n; banda lo suspende","datePublished":"2026-03-06T01:04:51+00:00","mainEntityOfPage":{"@id":"https:\/\/fuentesfidedignas.com.mx\/index.php\/2026\/03\/05\/vocalista-de-los-recoditos-es-acusado-por-su-esposa-de-agresion-banda-lo-suspende\/"},"wordCount":338,"publisher":{"@id":"https:\/\/fuentesfidedignas.com.mx\/#organization"},"image":{"@id":"https:\/\/fuentesfidedignas.com.mx\/index.php\/2026\/03\/05\/vocalista-de-los-recoditos-es-acusado-por-su-esposa-de-agresion-banda-lo-suspende\/#primaryimage"},"thumbnailUrl":"https:\/\/fuentesfidedignas.com.mx\/wp-content\/uploads\/2026\/03\/img_4166.jpg","articleSection":["NOTICIAS NACIONALES"],"inLanguage":"es"},{"@type":"WebPage","@id":"https:\/\/fuentesfidedignas.com.mx\/index.php\/2026\/03\/05\/vocalista-de-los-recoditos-es-acusado-por-su-esposa-de-agresion-banda-lo-suspende\/","url":"https:\/\/fuentesfidedignas.com.mx\/index.php\/2026\/03\/05\/vocalista-de-los-recoditos-es-acusado-por-su-esposa-de-agresion-banda-lo-suspende\/","name":"Vocalista de Los Recoditos es acusado por su esposa de agresi\u00f3n; banda lo suspende - Fuentes Fidedignas","isPartOf":{"@id":"https:\/\/fuentesfidedignas.com.mx\/#website"},"primaryImageOfPage":{"@id":"https:\/\/fuentesfidedignas.com.mx\/index.php\/2026\/03\/05\/vocalista-de-los-recoditos-es-acusado-por-su-esposa-de-agresion-banda-lo-suspende\/#primaryimage"},"image":{"@id":"https:\/\/fuentesfidedignas.com.mx\/index.php\/2026\/03\/05\/vocalista-de-los-recoditos-es-acusado-por-su-esposa-de-agresion-banda-lo-suspende\/#primaryimage"},"thumbnailUrl":"https:\/\/fuentesfidedignas.com.mx\/wp-content\/uploads\/2026\/03\/img_4166.jpg","datePublished":"2026-03-06T01:04:51+00:00","breadcrumb":{"@id":"https:\/\/fuentesfidedignas.com.mx\/index.php\/2026\/03\/05\/vocalista-de-los-recoditos-es-acusado-por-su-esposa-de-agresion-banda-lo-suspende\/#breadcrumb"},"inLanguage":"es","potentialAction":[{"@type":"ReadAction","target":["https:\/\/fuentesfidedignas.com.mx\/index.php\/2026\/03\/05\/vocalista-de-los-recoditos-es-acusado-por-su-esposa-de-agresion-banda-lo-suspende\/"]}]},{"@type":"ImageObject","inLanguage":"es","@id":"https:\/\/fuentesfidedignas.com.mx\/index.php\/2026\/03\/05\/vocalista-de-los-recoditos-es-acusado-por-su-esposa-de-agresion-banda-lo-suspende\/#primaryimage","url":"https:\/\/fuentesfidedignas.com.mx\/wp-content\/uploads\/2026\/03\/img_4166.jpg","contentUrl":"https:\/\/fuentesfidedignas.com.mx\/wp-content\/uploads\/2026\/03\/img_4166.jpg","width":860,"height":484},{"@type":"BreadcrumbList","@id":"https:\/\/fuentesfidedignas.com.mx\/index.php\/2026\/03\/05\/vocalista-de-los-recoditos-es-acusado-por-su-esposa-de-agresion-banda-lo-suspende\/#breadcrumb","itemListElement":[{"@type":"ListItem","position":1,"name":"Inicio","item":"https:\/\/fuentesfidedignas.com.mx\/"},{"@type":"ListItem","position":2,"name":"Vocalista de Los Recoditos es acusado por su esposa de agresi\u00f3n; banda lo suspende"}]},{"@type":"WebSite","@id":"https:\/\/fuentesfidedignas.com.mx\/#website","url":"https:\/\/fuentesfidedignas.com.mx\/","name":"Fuentes Fidedignas","description":"Otro sitio realizado con WordPress","publisher":{"@id":"https:\/\/fuentesfidedignas.com.mx\/#organization"},"potentialAction":[{"@type":"SearchAction","target":{"@type":"EntryPoint","urlTemplate":"https:\/\/fuentesfidedignas.com.mx\/?s={search_term_string}"},"query-input":{"@type":"PropertyValueSpecification","valueRequired":true,"valueName":"search_term_string"}}],"inLanguage":"es"},{"@type":"Organization","@id":"https:\/\/fuentesfidedignas.com.mx\/#organization","name":"Fuentes Fidedignas","url":"https:\/\/fuentesfidedignas.com.mx\/","logo":{"@type":"ImageObject","inLanguage":"es","@id":"https:\/\/fuentesfidedignas.com.mx\/#\/schema\/logo\/image\/","url":"https:\/\/fuentesfidedignas.com.mx\/wp-content\/uploads\/2021\/04\/logo-retina.png","contentUrl":"https:\/\/fuentesfidedignas.com.mx\/wp-content\/uploads\/2021\/04\/logo-retina.png","width":280,"height":51,"caption":"Fuentes Fidedignas"},"image":{"@id":"https:\/\/fuentesfidedignas.com.mx\/#\/schema\/logo\/image\/"},"sameAs":["https:\/\/www.facebook.com\/Fuentes-Fidedignas-368234489921644","https:\/\/x.com\/fidedignas"]},{"@type":"Person","@id":"https:\/\/fuentesfidedignas.com.mx\/#\/schema\/person\/39b91b7742a24e842156ffcfe0db5e08","name":"R\u00e9cord","image":{"@type":"ImageObject","inLanguage":"es","@id":"https:\/\/secure.gravatar.com\/avatar\/cad55ab2ec2e0bbf0574d37345ae3b4418ebda31f830f0e27608291299b95841?s=96&d=mm&r=g","url":"https:\/\/secure.gravatar.com\/avatar\/cad55ab2ec2e0bbf0574d37345ae3b4418ebda31f830f0e27608291299b95841?s=96&d=mm&r=g","contentUrl":"https:\/\/secure.gravatar.com\/avatar\/cad55ab2ec2e0bbf0574d37345ae3b4418ebda31f830f0e27608291299b95841?s=96&d=mm&r=g","caption":"R\u00e9cord"},"url":"https:\/\/fuentesfidedignas.com.mx\/index.php\/author\/record\/"}]}},"_links":{"self":[{"href":"https:\/\/fuentesfidedignas.com.mx\/index.php\/wp-json\/wp\/v2\/posts\/128673","targetHints":{"allow":["GET"]}}],"collection":[{"href":"https:\/\/fuentesfidedignas.com.mx\/index.php\/wp-json\/wp\/v2\/posts"}],"about":[{"href":"https:\/\/fuentesfidedignas.com.mx\/index.php\/wp-json\/wp\/v2\/types\/post"}],"author":[{"embeddable":true,"href":"https:\/\/fuentesfidedignas.com.mx\/index.php\/wp-json\/wp\/v2\/users\/150"}],"replies":[{"embeddable":true,"href":"https:\/\/fuentesfidedignas.com.mx\/index.php\/wp-json\/wp\/v2\/comments?post=128673"}],"version-history":[{"count":1,"href":"https:\/\/fuentesfidedignas.com.mx\/index.php\/wp-json\/wp\/v2\/posts\/128673\/revisions"}],"predecessor-version":[{"id":128674,"href":"https:\/\/fuentesfidedignas.com.mx\/index.php\/wp-json\/wp\/v2\/posts\/128673\/revisions\/128674"}],"wp:featuredmedia":[{"embeddable":true,"href":"https:\/\/fuentesfidedignas.com.mx\/index.php\/wp-json\/wp\/v2\/media\/128672"}],"wp:attachment":[{"href":"https:\/\/fuentesfidedignas.com.mx\/index.php\/wp-json\/wp\/v2\/media?parent=128673"}],"wp:term":[{"taxonomy":"category","embeddable":true,"href":"https:\/\/fuentesfidedignas.com.mx\/index.php\/wp-json\/wp\/v2\/categories?post=128673"},{"taxonomy":"post_tag","embeddable":true,"href":"https:\/\/fuentesfidedignas.com.mx\/index.php\/wp-json\/wp\/v2\/tags?post=128673"}],"curies":[{"name":"wp","href":"https:\/\/api.w.org\/{rel}","templated":true}]}}