{"id":128666,"date":"2026-03-05T16:56:18","date_gmt":"2026-03-05T23:56:18","guid":{"rendered":"https:\/\/fuentesfidedignas.com.mx\/?p=128666"},"modified":"2026-03-05T16:56:18","modified_gmt":"2026-03-05T23:56:18","slug":"salud-confirma-la-primer-fallecimiento-por-sarampion-en-sinaloa","status":"publish","type":"post","link":"https:\/\/fuentesfidedignas.com.mx\/index.php\/2026\/03\/05\/salud-confirma-la-primer-fallecimiento-por-sarampion-en-sinaloa\/","title":{"rendered":"Salud confirma la primer fallecimiento por sarampi\u00f3n en Sinaloa"},"content":{"rendered":"\n<p><em>Se trata de una mujer de 34 a\u00f1os de edad quien no contaba con antecedente de vacunaci\u00f3n contra esta enfermedad<\/em><\/p>\n\n\n\n<p>La Secretar\u00eda de Salud de Sinaloa inform\u00f3 sobre el primer fallecimiento por sarampi\u00f3n en el estado. Se trata de una mujer de 34 a\u00f1os de edad, originaria de Nayarit, quien se encontraba laborando en Isla del Bosque, en el municipio de Escuinapa, y no contaba con antecedente de vacunaci\u00f3n contra esta enfermedad.<\/p>\n\n\n\n<p>El secretario de Salud, Dr. Cuitl\u00e1huac Gonz\u00e1lez Galindo, explic\u00f3 que la paciente presentaba diagn\u00f3stico previo de diabetes, lo que provoc\u00f3 una descompensaci\u00f3n diab\u00e9tica que requiri\u00f3 hospitalizaci\u00f3n. Posteriormente desarroll\u00f3 sarampi\u00f3n, situaci\u00f3n que complic\u00f3 su estado de salud y deriv\u00f3 en su fallecimiento.<\/p>\n\n\n\n<p>Asimismo, detall\u00f3 que el hijo de la paciente, de un a\u00f1o de edad, tambi\u00e9n se contagi\u00f3 de sarampi\u00f3n, lo que permiti\u00f3 identificar el caso.<\/p>\n\n\n\n<p>El titular de Salud se\u00f1al\u00f3 que, aunque se ha realizado un importante esfuerzo en materia de vacunaci\u00f3n en el estado, existen personas que son m\u00e1s susceptibles a la enfermedad, particularmente quienes no cuentan con el esquema de vacunaci\u00f3n completo.<\/p>\n\n\n\n<p>En ese sentido, hizo un llamado a la poblaci\u00f3n a acudir a vacunarse en las unidades m\u00e9dicas disponibles.<\/p>\n\n\n\n<p>De acuerdo con la Secretar\u00eda de Salud, actualmente se tienen registrados 192 casos de sarampi\u00f3n en Sinaloa, principalmente en la zona sur del estado. No obstante, las autoridades informaron que no se cuenta con pacientes hospitalizados en este momento.<\/p>\n\n\n\n<p>Finalmente, el secretario de Salud indic\u00f3 que las brigadas sanitarias contin\u00faan trabajando para controlar la propagaci\u00f3n del virus, particularmente ante el movimiento de trabajadores agr\u00edcolas durante la temporada de zafra, que podr\u00eda extenderse hacia municipios del norte como Juan Jos\u00e9 R\u00edos, Ruiz Cortines y Guasave.<\/p>\n\n\n\n<p>La dependencia reiter\u00f3 el llamado a reforzar la vacunaci\u00f3n y mantener las medidas de prevenci\u00f3n para evitar nuevos contagios.<\/p>\n","protected":false},"excerpt":{"rendered":"<p>Se trata de una mujer de 34 a\u00f1os de edad quien no contaba con antecedente de vacunaci\u00f3n contra esta enfermedad La Secretar\u00eda de Salud de Sinaloa inform\u00f3 sobre el primer fallecimiento por sarampi\u00f3n en el estado. Se trata de una mujer de 34 a\u00f1os de edad, originaria de Nayarit, quien se encontraba laborando en Isla [&hellip;]<\/p>\n","protected":false},"author":4,"featured_media":128665,"comment_status":"closed","ping_status":"open","sticky":false,"template":"","format":"standard","meta":{"tdm_status":"","tdm_grid_status":"","footnotes":""},"categories":[37],"tags":[],"class_list":{"0":"post-128666","1":"post","2":"type-post","3":"status-publish","4":"format-standard","5":"has-post-thumbnail","7":"category-nota-principal"},"yoast_head":"<!-- This site is optimized with the Yoast SEO plugin v27.5 - https:\/\/yoast.com\/product\/yoast-seo-wordpress\/ -->\n<title>Salud confirma la primer fallecimiento por sarampi\u00f3n en Sinaloa - Fuentes Fidedignas<\/title>\n<meta name=\"robots\" content=\"index, follow, max-snippet:-1, max-image-preview:large, max-video-preview:-1\" \/>\n<link rel=\"canonical\" href=\"https:\/\/fuentesfidedignas.com.mx\/index.php\/2026\/03\/05\/salud-confirma-la-primer-fallecimiento-por-sarampion-en-sinaloa\/\" \/>\n<meta property=\"og:locale\" content=\"es_MX\" \/>\n<meta property=\"og:type\" content=\"article\" \/>\n<meta property=\"og:title\" content=\"Salud confirma la primer fallecimiento por sarampi\u00f3n en Sinaloa - Fuentes Fidedignas\" \/>\n<meta property=\"og:description\" content=\"Se trata de una mujer de 34 a\u00f1os de edad quien no contaba con antecedente de vacunaci\u00f3n contra esta enfermedad La Secretar\u00eda de Salud de Sinaloa inform\u00f3 sobre el primer fallecimiento por sarampi\u00f3n en el estado. Se trata de una mujer de 34 a\u00f1os de edad, originaria de Nayarit, quien se encontraba laborando en Isla [&hellip;]\" \/>\n<meta property=\"og:url\" content=\"https:\/\/fuentesfidedignas.com.mx\/index.php\/2026\/03\/05\/salud-confirma-la-primer-fallecimiento-por-sarampion-en-sinaloa\/\" \/>\n<meta property=\"og:site_name\" content=\"Fuentes Fidedignas\" \/>\n<meta property=\"article:publisher\" content=\"https:\/\/www.facebook.com\/Fuentes-Fidedignas-368234489921644\" \/>\n<meta property=\"article:published_time\" content=\"2026-03-05T23:56:18+00:00\" \/>\n<meta property=\"og:image\" content=\"https:\/\/fuentesfidedignas.com.mx\/wp-content\/uploads\/2026\/03\/31bb629c-7478-436d-bdec-e289d0d75f31.jpg\" \/>\n\t<meta property=\"og:image:width\" content=\"1280\" \/>\n\t<meta property=\"og:image:height\" content=\"854\" \/>\n\t<meta property=\"og:image:type\" content=\"image\/jpeg\" \/>\n<meta name=\"author\" content=\"Redacci\u00f3n\" \/>\n<meta name=\"twitter:card\" content=\"summary_large_image\" \/>\n<meta name=\"twitter:creator\" content=\"@fidedignas\" \/>\n<meta name=\"twitter:site\" content=\"@fidedignas\" \/>\n<meta name=\"twitter:label1\" content=\"Escrito por\" \/>\n\t<meta name=\"twitter:data1\" content=\"Redacci\u00f3n\" \/>\n\t<meta name=\"twitter:label2\" content=\"Tiempo de lectura\" \/>\n\t<meta name=\"twitter:data2\" content=\"2 minutos\" \/>\n<script type=\"application\/ld+json\" class=\"yoast-schema-graph\">{\"@context\":\"https:\\\/\\\/schema.org\",\"@graph\":[{\"@type\":\"Article\",\"@id\":\"https:\\\/\\\/fuentesfidedignas.com.mx\\\/index.php\\\/2026\\\/03\\\/05\\\/salud-confirma-la-primer-fallecimiento-por-sarampion-en-sinaloa\\\/#article\",\"isPartOf\":{\"@id\":\"https:\\\/\\\/fuentesfidedignas.com.mx\\\/index.php\\\/2026\\\/03\\\/05\\\/salud-confirma-la-primer-fallecimiento-por-sarampion-en-sinaloa\\\/\"},\"author\":{\"name\":\"Redacci\u00f3n\",\"@id\":\"https:\\\/\\\/fuentesfidedignas.com.mx\\\/#\\\/schema\\\/person\\\/331be9283d37198e2acd5750279085b0\"},\"headline\":\"Salud confirma la primer fallecimiento por sarampi\u00f3n en Sinaloa\",\"datePublished\":\"2026-03-05T23:56:18+00:00\",\"mainEntityOfPage\":{\"@id\":\"https:\\\/\\\/fuentesfidedignas.com.mx\\\/index.php\\\/2026\\\/03\\\/05\\\/salud-confirma-la-primer-fallecimiento-por-sarampion-en-sinaloa\\\/\"},\"wordCount\":336,\"publisher\":{\"@id\":\"https:\\\/\\\/fuentesfidedignas.com.mx\\\/#organization\"},\"image\":{\"@id\":\"https:\\\/\\\/fuentesfidedignas.com.mx\\\/index.php\\\/2026\\\/03\\\/05\\\/salud-confirma-la-primer-fallecimiento-por-sarampion-en-sinaloa\\\/#primaryimage\"},\"thumbnailUrl\":\"https:\\\/\\\/fuentesfidedignas.com.mx\\\/wp-content\\\/uploads\\\/2026\\\/03\\\/31bb629c-7478-436d-bdec-e289d0d75f31.jpg\",\"articleSection\":[\"NOTA PRINCIPAL\"],\"inLanguage\":\"es\"},{\"@type\":\"WebPage\",\"@id\":\"https:\\\/\\\/fuentesfidedignas.com.mx\\\/index.php\\\/2026\\\/03\\\/05\\\/salud-confirma-la-primer-fallecimiento-por-sarampion-en-sinaloa\\\/\",\"url\":\"https:\\\/\\\/fuentesfidedignas.com.mx\\\/index.php\\\/2026\\\/03\\\/05\\\/salud-confirma-la-primer-fallecimiento-por-sarampion-en-sinaloa\\\/\",\"name\":\"Salud confirma la primer fallecimiento por sarampi\u00f3n en Sinaloa - Fuentes Fidedignas\",\"isPartOf\":{\"@id\":\"https:\\\/\\\/fuentesfidedignas.com.mx\\\/#website\"},\"primaryImageOfPage\":{\"@id\":\"https:\\\/\\\/fuentesfidedignas.com.mx\\\/index.php\\\/2026\\\/03\\\/05\\\/salud-confirma-la-primer-fallecimiento-por-sarampion-en-sinaloa\\\/#primaryimage\"},\"image\":{\"@id\":\"https:\\\/\\\/fuentesfidedignas.com.mx\\\/index.php\\\/2026\\\/03\\\/05\\\/salud-confirma-la-primer-fallecimiento-por-sarampion-en-sinaloa\\\/#primaryimage\"},\"thumbnailUrl\":\"https:\\\/\\\/fuentesfidedignas.com.mx\\\/wp-content\\\/uploads\\\/2026\\\/03\\\/31bb629c-7478-436d-bdec-e289d0d75f31.jpg\",\"datePublished\":\"2026-03-05T23:56:18+00:00\",\"breadcrumb\":{\"@id\":\"https:\\\/\\\/fuentesfidedignas.com.mx\\\/index.php\\\/2026\\\/03\\\/05\\\/salud-confirma-la-primer-fallecimiento-por-sarampion-en-sinaloa\\\/#breadcrumb\"},\"inLanguage\":\"es\",\"potentialAction\":[{\"@type\":\"ReadAction\",\"target\":[\"https:\\\/\\\/fuentesfidedignas.com.mx\\\/index.php\\\/2026\\\/03\\\/05\\\/salud-confirma-la-primer-fallecimiento-por-sarampion-en-sinaloa\\\/\"]}]},{\"@type\":\"ImageObject\",\"inLanguage\":\"es\",\"@id\":\"https:\\\/\\\/fuentesfidedignas.com.mx\\\/index.php\\\/2026\\\/03\\\/05\\\/salud-confirma-la-primer-fallecimiento-por-sarampion-en-sinaloa\\\/#primaryimage\",\"url\":\"https:\\\/\\\/fuentesfidedignas.com.mx\\\/wp-content\\\/uploads\\\/2026\\\/03\\\/31bb629c-7478-436d-bdec-e289d0d75f31.jpg\",\"contentUrl\":\"https:\\\/\\\/fuentesfidedignas.com.mx\\\/wp-content\\\/uploads\\\/2026\\\/03\\\/31bb629c-7478-436d-bdec-e289d0d75f31.jpg\",\"width\":1280,\"height\":854},{\"@type\":\"BreadcrumbList\",\"@id\":\"https:\\\/\\\/fuentesfidedignas.com.mx\\\/index.php\\\/2026\\\/03\\\/05\\\/salud-confirma-la-primer-fallecimiento-por-sarampion-en-sinaloa\\\/#breadcrumb\",\"itemListElement\":[{\"@type\":\"ListItem\",\"position\":1,\"name\":\"Inicio\",\"item\":\"https:\\\/\\\/fuentesfidedignas.com.mx\\\/\"},{\"@type\":\"ListItem\",\"position\":2,\"name\":\"Salud confirma la primer fallecimiento por sarampi\u00f3n en Sinaloa\"}]},{\"@type\":\"WebSite\",\"@id\":\"https:\\\/\\\/fuentesfidedignas.com.mx\\\/#website\",\"url\":\"https:\\\/\\\/fuentesfidedignas.com.mx\\\/\",\"name\":\"Fuentes Fidedignas\",\"description\":\"Otro sitio realizado con WordPress\",\"publisher\":{\"@id\":\"https:\\\/\\\/fuentesfidedignas.com.mx\\\/#organization\"},\"potentialAction\":[{\"@type\":\"SearchAction\",\"target\":{\"@type\":\"EntryPoint\",\"urlTemplate\":\"https:\\\/\\\/fuentesfidedignas.com.mx\\\/?s={search_term_string}\"},\"query-input\":{\"@type\":\"PropertyValueSpecification\",\"valueRequired\":true,\"valueName\":\"search_term_string\"}}],\"inLanguage\":\"es\"},{\"@type\":\"Organization\",\"@id\":\"https:\\\/\\\/fuentesfidedignas.com.mx\\\/#organization\",\"name\":\"Fuentes Fidedignas\",\"url\":\"https:\\\/\\\/fuentesfidedignas.com.mx\\\/\",\"logo\":{\"@type\":\"ImageObject\",\"inLanguage\":\"es\",\"@id\":\"https:\\\/\\\/fuentesfidedignas.com.mx\\\/#\\\/schema\\\/logo\\\/image\\\/\",\"url\":\"https:\\\/\\\/fuentesfidedignas.com.mx\\\/wp-content\\\/uploads\\\/2021\\\/04\\\/logo-retina.png\",\"contentUrl\":\"https:\\\/\\\/fuentesfidedignas.com.mx\\\/wp-content\\\/uploads\\\/2021\\\/04\\\/logo-retina.png\",\"width\":280,\"height\":51,\"caption\":\"Fuentes Fidedignas\"},\"image\":{\"@id\":\"https:\\\/\\\/fuentesfidedignas.com.mx\\\/#\\\/schema\\\/logo\\\/image\\\/\"},\"sameAs\":[\"https:\\\/\\\/www.facebook.com\\\/Fuentes-Fidedignas-368234489921644\",\"https:\\\/\\\/x.com\\\/fidedignas\"]},{\"@type\":\"Person\",\"@id\":\"https:\\\/\\\/fuentesfidedignas.com.mx\\\/#\\\/schema\\\/person\\\/331be9283d37198e2acd5750279085b0\",\"name\":\"Redacci\u00f3n\",\"image\":{\"@type\":\"ImageObject\",\"inLanguage\":\"es\",\"@id\":\"https:\\\/\\\/secure.gravatar.com\\\/avatar\\\/f6d8782c11d12b2d4ad3fbb6931aeab5309937a4d6cd2fc9cfaa28a6396a5aec?s=96&d=mm&r=g\",\"url\":\"https:\\\/\\\/secure.gravatar.com\\\/avatar\\\/f6d8782c11d12b2d4ad3fbb6931aeab5309937a4d6cd2fc9cfaa28a6396a5aec?s=96&d=mm&r=g\",\"contentUrl\":\"https:\\\/\\\/secure.gravatar.com\\\/avatar\\\/f6d8782c11d12b2d4ad3fbb6931aeab5309937a4d6cd2fc9cfaa28a6396a5aec?s=96&d=mm&r=g\",\"caption\":\"Redacci\u00f3n\"},\"url\":\"https:\\\/\\\/fuentesfidedignas.com.mx\\\/index.php\\\/author\\\/redaccion\\\/\"}]}<\/script>\n<!-- \/ Yoast SEO plugin. -->","yoast_head_json":{"title":"Salud confirma la primer fallecimiento por sarampi\u00f3n en Sinaloa - Fuentes Fidedignas","robots":{"index":"index","follow":"follow","max-snippet":"max-snippet:-1","max-image-preview":"max-image-preview:large","max-video-preview":"max-video-preview:-1"},"canonical":"https:\/\/fuentesfidedignas.com.mx\/index.php\/2026\/03\/05\/salud-confirma-la-primer-fallecimiento-por-sarampion-en-sinaloa\/","og_locale":"es_MX","og_type":"article","og_title":"Salud confirma la primer fallecimiento por sarampi\u00f3n en Sinaloa - Fuentes Fidedignas","og_description":"Se trata de una mujer de 34 a\u00f1os de edad quien no contaba con antecedente de vacunaci\u00f3n contra esta enfermedad La Secretar\u00eda de Salud de Sinaloa inform\u00f3 sobre el primer fallecimiento por sarampi\u00f3n en el estado. Se trata de una mujer de 34 a\u00f1os de edad, originaria de Nayarit, quien se encontraba laborando en Isla [&hellip;]","og_url":"https:\/\/fuentesfidedignas.com.mx\/index.php\/2026\/03\/05\/salud-confirma-la-primer-fallecimiento-por-sarampion-en-sinaloa\/","og_site_name":"Fuentes Fidedignas","article_publisher":"https:\/\/www.facebook.com\/Fuentes-Fidedignas-368234489921644","article_published_time":"2026-03-05T23:56:18+00:00","og_image":[{"width":1280,"height":854,"url":"https:\/\/fuentesfidedignas.com.mx\/wp-content\/uploads\/2026\/03\/31bb629c-7478-436d-bdec-e289d0d75f31.jpg","type":"image\/jpeg"}],"author":"Redacci\u00f3n","twitter_card":"summary_large_image","twitter_creator":"@fidedignas","twitter_site":"@fidedignas","twitter_misc":{"Escrito por":"Redacci\u00f3n","Tiempo de lectura":"2 minutos"},"schema":{"@context":"https:\/\/schema.org","@graph":[{"@type":"Article","@id":"https:\/\/fuentesfidedignas.com.mx\/index.php\/2026\/03\/05\/salud-confirma-la-primer-fallecimiento-por-sarampion-en-sinaloa\/#article","isPartOf":{"@id":"https:\/\/fuentesfidedignas.com.mx\/index.php\/2026\/03\/05\/salud-confirma-la-primer-fallecimiento-por-sarampion-en-sinaloa\/"},"author":{"name":"Redacci\u00f3n","@id":"https:\/\/fuentesfidedignas.com.mx\/#\/schema\/person\/331be9283d37198e2acd5750279085b0"},"headline":"Salud confirma la primer fallecimiento por sarampi\u00f3n en Sinaloa","datePublished":"2026-03-05T23:56:18+00:00","mainEntityOfPage":{"@id":"https:\/\/fuentesfidedignas.com.mx\/index.php\/2026\/03\/05\/salud-confirma-la-primer-fallecimiento-por-sarampion-en-sinaloa\/"},"wordCount":336,"publisher":{"@id":"https:\/\/fuentesfidedignas.com.mx\/#organization"},"image":{"@id":"https:\/\/fuentesfidedignas.com.mx\/index.php\/2026\/03\/05\/salud-confirma-la-primer-fallecimiento-por-sarampion-en-sinaloa\/#primaryimage"},"thumbnailUrl":"https:\/\/fuentesfidedignas.com.mx\/wp-content\/uploads\/2026\/03\/31bb629c-7478-436d-bdec-e289d0d75f31.jpg","articleSection":["NOTA PRINCIPAL"],"inLanguage":"es"},{"@type":"WebPage","@id":"https:\/\/fuentesfidedignas.com.mx\/index.php\/2026\/03\/05\/salud-confirma-la-primer-fallecimiento-por-sarampion-en-sinaloa\/","url":"https:\/\/fuentesfidedignas.com.mx\/index.php\/2026\/03\/05\/salud-confirma-la-primer-fallecimiento-por-sarampion-en-sinaloa\/","name":"Salud confirma la primer fallecimiento por sarampi\u00f3n en Sinaloa - Fuentes Fidedignas","isPartOf":{"@id":"https:\/\/fuentesfidedignas.com.mx\/#website"},"primaryImageOfPage":{"@id":"https:\/\/fuentesfidedignas.com.mx\/index.php\/2026\/03\/05\/salud-confirma-la-primer-fallecimiento-por-sarampion-en-sinaloa\/#primaryimage"},"image":{"@id":"https:\/\/fuentesfidedignas.com.mx\/index.php\/2026\/03\/05\/salud-confirma-la-primer-fallecimiento-por-sarampion-en-sinaloa\/#primaryimage"},"thumbnailUrl":"https:\/\/fuentesfidedignas.com.mx\/wp-content\/uploads\/2026\/03\/31bb629c-7478-436d-bdec-e289d0d75f31.jpg","datePublished":"2026-03-05T23:56:18+00:00","breadcrumb":{"@id":"https:\/\/fuentesfidedignas.com.mx\/index.php\/2026\/03\/05\/salud-confirma-la-primer-fallecimiento-por-sarampion-en-sinaloa\/#breadcrumb"},"inLanguage":"es","potentialAction":[{"@type":"ReadAction","target":["https:\/\/fuentesfidedignas.com.mx\/index.php\/2026\/03\/05\/salud-confirma-la-primer-fallecimiento-por-sarampion-en-sinaloa\/"]}]},{"@type":"ImageObject","inLanguage":"es","@id":"https:\/\/fuentesfidedignas.com.mx\/index.php\/2026\/03\/05\/salud-confirma-la-primer-fallecimiento-por-sarampion-en-sinaloa\/#primaryimage","url":"https:\/\/fuentesfidedignas.com.mx\/wp-content\/uploads\/2026\/03\/31bb629c-7478-436d-bdec-e289d0d75f31.jpg","contentUrl":"https:\/\/fuentesfidedignas.com.mx\/wp-content\/uploads\/2026\/03\/31bb629c-7478-436d-bdec-e289d0d75f31.jpg","width":1280,"height":854},{"@type":"BreadcrumbList","@id":"https:\/\/fuentesfidedignas.com.mx\/index.php\/2026\/03\/05\/salud-confirma-la-primer-fallecimiento-por-sarampion-en-sinaloa\/#breadcrumb","itemListElement":[{"@type":"ListItem","position":1,"name":"Inicio","item":"https:\/\/fuentesfidedignas.com.mx\/"},{"@type":"ListItem","position":2,"name":"Salud confirma la primer fallecimiento por sarampi\u00f3n en Sinaloa"}]},{"@type":"WebSite","@id":"https:\/\/fuentesfidedignas.com.mx\/#website","url":"https:\/\/fuentesfidedignas.com.mx\/","name":"Fuentes Fidedignas","description":"Otro sitio realizado con WordPress","publisher":{"@id":"https:\/\/fuentesfidedignas.com.mx\/#organization"},"potentialAction":[{"@type":"SearchAction","target":{"@type":"EntryPoint","urlTemplate":"https:\/\/fuentesfidedignas.com.mx\/?s={search_term_string}"},"query-input":{"@type":"PropertyValueSpecification","valueRequired":true,"valueName":"search_term_string"}}],"inLanguage":"es"},{"@type":"Organization","@id":"https:\/\/fuentesfidedignas.com.mx\/#organization","name":"Fuentes Fidedignas","url":"https:\/\/fuentesfidedignas.com.mx\/","logo":{"@type":"ImageObject","inLanguage":"es","@id":"https:\/\/fuentesfidedignas.com.mx\/#\/schema\/logo\/image\/","url":"https:\/\/fuentesfidedignas.com.mx\/wp-content\/uploads\/2021\/04\/logo-retina.png","contentUrl":"https:\/\/fuentesfidedignas.com.mx\/wp-content\/uploads\/2021\/04\/logo-retina.png","width":280,"height":51,"caption":"Fuentes Fidedignas"},"image":{"@id":"https:\/\/fuentesfidedignas.com.mx\/#\/schema\/logo\/image\/"},"sameAs":["https:\/\/www.facebook.com\/Fuentes-Fidedignas-368234489921644","https:\/\/x.com\/fidedignas"]},{"@type":"Person","@id":"https:\/\/fuentesfidedignas.com.mx\/#\/schema\/person\/331be9283d37198e2acd5750279085b0","name":"Redacci\u00f3n","image":{"@type":"ImageObject","inLanguage":"es","@id":"https:\/\/secure.gravatar.com\/avatar\/f6d8782c11d12b2d4ad3fbb6931aeab5309937a4d6cd2fc9cfaa28a6396a5aec?s=96&d=mm&r=g","url":"https:\/\/secure.gravatar.com\/avatar\/f6d8782c11d12b2d4ad3fbb6931aeab5309937a4d6cd2fc9cfaa28a6396a5aec?s=96&d=mm&r=g","contentUrl":"https:\/\/secure.gravatar.com\/avatar\/f6d8782c11d12b2d4ad3fbb6931aeab5309937a4d6cd2fc9cfaa28a6396a5aec?s=96&d=mm&r=g","caption":"Redacci\u00f3n"},"url":"https:\/\/fuentesfidedignas.com.mx\/index.php\/author\/redaccion\/"}]}},"_links":{"self":[{"href":"https:\/\/fuentesfidedignas.com.mx\/index.php\/wp-json\/wp\/v2\/posts\/128666","targetHints":{"allow":["GET"]}}],"collection":[{"href":"https:\/\/fuentesfidedignas.com.mx\/index.php\/wp-json\/wp\/v2\/posts"}],"about":[{"href":"https:\/\/fuentesfidedignas.com.mx\/index.php\/wp-json\/wp\/v2\/types\/post"}],"author":[{"embeddable":true,"href":"https:\/\/fuentesfidedignas.com.mx\/index.php\/wp-json\/wp\/v2\/users\/4"}],"replies":[{"embeddable":true,"href":"https:\/\/fuentesfidedignas.com.mx\/index.php\/wp-json\/wp\/v2\/comments?post=128666"}],"version-history":[{"count":1,"href":"https:\/\/fuentesfidedignas.com.mx\/index.php\/wp-json\/wp\/v2\/posts\/128666\/revisions"}],"predecessor-version":[{"id":128667,"href":"https:\/\/fuentesfidedignas.com.mx\/index.php\/wp-json\/wp\/v2\/posts\/128666\/revisions\/128667"}],"wp:featuredmedia":[{"embeddable":true,"href":"https:\/\/fuentesfidedignas.com.mx\/index.php\/wp-json\/wp\/v2\/media\/128665"}],"wp:attachment":[{"href":"https:\/\/fuentesfidedignas.com.mx\/index.php\/wp-json\/wp\/v2\/media?parent=128666"}],"wp:term":[{"taxonomy":"category","embeddable":true,"href":"https:\/\/fuentesfidedignas.com.mx\/index.php\/wp-json\/wp\/v2\/categories?post=128666"},{"taxonomy":"post_tag","embeddable":true,"href":"https:\/\/fuentesfidedignas.com.mx\/index.php\/wp-json\/wp\/v2\/tags?post=128666"}],"curies":[{"name":"wp","href":"https:\/\/api.w.org\/{rel}","templated":true}]}}