{"id":128628,"date":"2026-03-05T11:28:09","date_gmt":"2026-03-05T18:28:09","guid":{"rendered":"https:\/\/fuentesfidedignas.com.mx\/?p=128628"},"modified":"2026-03-05T11:28:11","modified_gmt":"2026-03-05T18:28:11","slug":"ayuntamiento-de-culiacan-continua-rehabilitando-espacios-deportivos","status":"publish","type":"post","link":"https:\/\/fuentesfidedignas.com.mx\/index.php\/2026\/03\/05\/ayuntamiento-de-culiacan-continua-rehabilitando-espacios-deportivos\/","title":{"rendered":"Ayuntamiento de Culiac\u00e1n contin\u00faa rehabilitando espacios deportivos"},"content":{"rendered":"\n<p><strong>Se acondicionaron canchas de usos m\u00faltiples de Loma de Redo y Ejido El Mel\u00f3n en la sindicatura de Quil\u00e1.<\/strong><\/p>\n\n\n\n<p>Culiac\u00e1n, Sin.\u2013 El Ayuntamiento de Culiac\u00e1n, a trav\u00e9s del Instituto Municipal del Deporte y la Cultura F\u00edsica, contin\u00faa llevando a cabo trabajos de rehabilitaci\u00f3n en distintos espacios deportivos del municipio.<\/p>\n\n\n\n<p>Estas acciones se realizan con el objetivo de mejorar las condiciones de las instalaciones y fomentar la pr\u00e1ctica del deporte entre la poblaci\u00f3n, especialmente entre ni\u00f1as, ni\u00f1os y j\u00f3venes de las sindicaturas.<\/p>\n\n\n\n<p>En esta ocasi\u00f3n, fueron beneficiados dos espacios en comunidades de la sindicatura de Quil\u00e1.<\/p>\n\n\n\n<p>En Loma de Redo, se pint\u00f3 la cancha de usos m\u00faltiples, as\u00ed como toda la estructura del espacio, y se fabricaron y se instalaron tableros, obra que beneficiar\u00e1 a cerca de 300 habitantes.<\/p>\n\n\n\n<p>Tambi\u00e9n en el Ejido El Mel\u00f3n, se acondicion\u00f3 la cancha de usos m\u00faltiples con pintura en su totalidad, as\u00ed como dos porter\u00edas movibles, espacio en el que se beneficiar\u00e1n m\u00e1s de 600 personas.<\/p>\n\n\n\n<p>A trav\u00e9s de estas labores, el alcalde Juan de Dios G\u00e1mez Mend\u00edvil, mantiene el compromiso de fortalecer los espacios p\u00fablicos destinados a la actividad f\u00edsica y recreativa, brindando lugares adecuados, seguros y dignos para el desarrollo deportivo de la comunidad.<\/p>\n","protected":false},"excerpt":{"rendered":"<p>Se acondicionaron canchas de usos m\u00faltiples de Loma de Redo y Ejido El Mel\u00f3n en la sindicatura de Quil\u00e1. Culiac\u00e1n, Sin.\u2013 El Ayuntamiento de Culiac\u00e1n, a trav\u00e9s del Instituto Municipal del Deporte y la Cultura F\u00edsica, contin\u00faa llevando a cabo trabajos de rehabilitaci\u00f3n en distintos espacios deportivos del municipio. Estas acciones se realizan con el [&hellip;]<\/p>\n","protected":false},"author":4,"featured_media":128629,"comment_status":"open","ping_status":"open","sticky":false,"template":"","format":"standard","meta":{"tdm_status":"","tdm_grid_status":"","footnotes":""},"categories":[1],"tags":[],"class_list":{"0":"post-128628","1":"post","2":"type-post","3":"status-publish","4":"format-standard","5":"has-post-thumbnail","7":"category-sin-categoria"},"yoast_head":"<!-- This site is optimized with the Yoast SEO plugin v27.5 - https:\/\/yoast.com\/product\/yoast-seo-wordpress\/ -->\n<title>Ayuntamiento de Culiac\u00e1n contin\u00faa rehabilitando espacios deportivos - Fuentes Fidedignas<\/title>\n<meta name=\"robots\" content=\"index, follow, max-snippet:-1, max-image-preview:large, max-video-preview:-1\" \/>\n<link rel=\"canonical\" href=\"https:\/\/fuentesfidedignas.com.mx\/index.php\/2026\/03\/05\/ayuntamiento-de-culiacan-continua-rehabilitando-espacios-deportivos\/\" \/>\n<meta property=\"og:locale\" content=\"es_MX\" \/>\n<meta property=\"og:type\" content=\"article\" \/>\n<meta property=\"og:title\" content=\"Ayuntamiento de Culiac\u00e1n contin\u00faa rehabilitando espacios deportivos - Fuentes Fidedignas\" \/>\n<meta property=\"og:description\" content=\"Se acondicionaron canchas de usos m\u00faltiples de Loma de Redo y Ejido El Mel\u00f3n en la sindicatura de Quil\u00e1. Culiac\u00e1n, Sin.\u2013 El Ayuntamiento de Culiac\u00e1n, a trav\u00e9s del Instituto Municipal del Deporte y la Cultura F\u00edsica, contin\u00faa llevando a cabo trabajos de rehabilitaci\u00f3n en distintos espacios deportivos del municipio. Estas acciones se realizan con el [&hellip;]\" \/>\n<meta property=\"og:url\" content=\"https:\/\/fuentesfidedignas.com.mx\/index.php\/2026\/03\/05\/ayuntamiento-de-culiacan-continua-rehabilitando-espacios-deportivos\/\" \/>\n<meta property=\"og:site_name\" content=\"Fuentes Fidedignas\" \/>\n<meta property=\"article:publisher\" content=\"https:\/\/www.facebook.com\/Fuentes-Fidedignas-368234489921644\" \/>\n<meta property=\"article:published_time\" content=\"2026-03-05T18:28:09+00:00\" \/>\n<meta property=\"article:modified_time\" content=\"2026-03-05T18:28:11+00:00\" \/>\n<meta property=\"og:image\" content=\"https:\/\/fuentesfidedignas.com.mx\/wp-content\/uploads\/2026\/03\/WhatsApp-Image-2026-03-05-at-10.23.47-AM.jpeg\" \/>\n\t<meta property=\"og:image:width\" content=\"500\" \/>\n\t<meta property=\"og:image:height\" content=\"370\" \/>\n\t<meta property=\"og:image:type\" content=\"image\/jpeg\" \/>\n<meta name=\"author\" content=\"Redacci\u00f3n\" \/>\n<meta name=\"twitter:card\" content=\"summary_large_image\" \/>\n<meta name=\"twitter:creator\" content=\"@fidedignas\" \/>\n<meta name=\"twitter:site\" content=\"@fidedignas\" \/>\n<meta name=\"twitter:label1\" content=\"Escrito por\" \/>\n\t<meta name=\"twitter:data1\" content=\"Redacci\u00f3n\" \/>\n\t<meta name=\"twitter:label2\" content=\"Tiempo de lectura\" \/>\n\t<meta name=\"twitter:data2\" content=\"2 minutos\" \/>\n<script type=\"application\/ld+json\" class=\"yoast-schema-graph\">{\"@context\":\"https:\\\/\\\/schema.org\",\"@graph\":[{\"@type\":\"Article\",\"@id\":\"https:\\\/\\\/fuentesfidedignas.com.mx\\\/index.php\\\/2026\\\/03\\\/05\\\/ayuntamiento-de-culiacan-continua-rehabilitando-espacios-deportivos\\\/#article\",\"isPartOf\":{\"@id\":\"https:\\\/\\\/fuentesfidedignas.com.mx\\\/index.php\\\/2026\\\/03\\\/05\\\/ayuntamiento-de-culiacan-continua-rehabilitando-espacios-deportivos\\\/\"},\"author\":{\"name\":\"Redacci\u00f3n\",\"@id\":\"https:\\\/\\\/fuentesfidedignas.com.mx\\\/#\\\/schema\\\/person\\\/331be9283d37198e2acd5750279085b0\"},\"headline\":\"Ayuntamiento de Culiac\u00e1n contin\u00faa rehabilitando espacios deportivos\",\"datePublished\":\"2026-03-05T18:28:09+00:00\",\"dateModified\":\"2026-03-05T18:28:11+00:00\",\"mainEntityOfPage\":{\"@id\":\"https:\\\/\\\/fuentesfidedignas.com.mx\\\/index.php\\\/2026\\\/03\\\/05\\\/ayuntamiento-de-culiacan-continua-rehabilitando-espacios-deportivos\\\/\"},\"wordCount\":234,\"commentCount\":0,\"publisher\":{\"@id\":\"https:\\\/\\\/fuentesfidedignas.com.mx\\\/#organization\"},\"image\":{\"@id\":\"https:\\\/\\\/fuentesfidedignas.com.mx\\\/index.php\\\/2026\\\/03\\\/05\\\/ayuntamiento-de-culiacan-continua-rehabilitando-espacios-deportivos\\\/#primaryimage\"},\"thumbnailUrl\":\"https:\\\/\\\/fuentesfidedignas.com.mx\\\/wp-content\\\/uploads\\\/2026\\\/03\\\/WhatsApp-Image-2026-03-05-at-10.23.47-AM.jpeg\",\"inLanguage\":\"es\",\"potentialAction\":[{\"@type\":\"CommentAction\",\"name\":\"Comment\",\"target\":[\"https:\\\/\\\/fuentesfidedignas.com.mx\\\/index.php\\\/2026\\\/03\\\/05\\\/ayuntamiento-de-culiacan-continua-rehabilitando-espacios-deportivos\\\/#respond\"]}]},{\"@type\":\"WebPage\",\"@id\":\"https:\\\/\\\/fuentesfidedignas.com.mx\\\/index.php\\\/2026\\\/03\\\/05\\\/ayuntamiento-de-culiacan-continua-rehabilitando-espacios-deportivos\\\/\",\"url\":\"https:\\\/\\\/fuentesfidedignas.com.mx\\\/index.php\\\/2026\\\/03\\\/05\\\/ayuntamiento-de-culiacan-continua-rehabilitando-espacios-deportivos\\\/\",\"name\":\"Ayuntamiento de Culiac\u00e1n contin\u00faa rehabilitando espacios deportivos - Fuentes Fidedignas\",\"isPartOf\":{\"@id\":\"https:\\\/\\\/fuentesfidedignas.com.mx\\\/#website\"},\"primaryImageOfPage\":{\"@id\":\"https:\\\/\\\/fuentesfidedignas.com.mx\\\/index.php\\\/2026\\\/03\\\/05\\\/ayuntamiento-de-culiacan-continua-rehabilitando-espacios-deportivos\\\/#primaryimage\"},\"image\":{\"@id\":\"https:\\\/\\\/fuentesfidedignas.com.mx\\\/index.php\\\/2026\\\/03\\\/05\\\/ayuntamiento-de-culiacan-continua-rehabilitando-espacios-deportivos\\\/#primaryimage\"},\"thumbnailUrl\":\"https:\\\/\\\/fuentesfidedignas.com.mx\\\/wp-content\\\/uploads\\\/2026\\\/03\\\/WhatsApp-Image-2026-03-05-at-10.23.47-AM.jpeg\",\"datePublished\":\"2026-03-05T18:28:09+00:00\",\"dateModified\":\"2026-03-05T18:28:11+00:00\",\"breadcrumb\":{\"@id\":\"https:\\\/\\\/fuentesfidedignas.com.mx\\\/index.php\\\/2026\\\/03\\\/05\\\/ayuntamiento-de-culiacan-continua-rehabilitando-espacios-deportivos\\\/#breadcrumb\"},\"inLanguage\":\"es\",\"potentialAction\":[{\"@type\":\"ReadAction\",\"target\":[\"https:\\\/\\\/fuentesfidedignas.com.mx\\\/index.php\\\/2026\\\/03\\\/05\\\/ayuntamiento-de-culiacan-continua-rehabilitando-espacios-deportivos\\\/\"]}]},{\"@type\":\"ImageObject\",\"inLanguage\":\"es\",\"@id\":\"https:\\\/\\\/fuentesfidedignas.com.mx\\\/index.php\\\/2026\\\/03\\\/05\\\/ayuntamiento-de-culiacan-continua-rehabilitando-espacios-deportivos\\\/#primaryimage\",\"url\":\"https:\\\/\\\/fuentesfidedignas.com.mx\\\/wp-content\\\/uploads\\\/2026\\\/03\\\/WhatsApp-Image-2026-03-05-at-10.23.47-AM.jpeg\",\"contentUrl\":\"https:\\\/\\\/fuentesfidedignas.com.mx\\\/wp-content\\\/uploads\\\/2026\\\/03\\\/WhatsApp-Image-2026-03-05-at-10.23.47-AM.jpeg\",\"width\":500,\"height\":370},{\"@type\":\"BreadcrumbList\",\"@id\":\"https:\\\/\\\/fuentesfidedignas.com.mx\\\/index.php\\\/2026\\\/03\\\/05\\\/ayuntamiento-de-culiacan-continua-rehabilitando-espacios-deportivos\\\/#breadcrumb\",\"itemListElement\":[{\"@type\":\"ListItem\",\"position\":1,\"name\":\"Inicio\",\"item\":\"https:\\\/\\\/fuentesfidedignas.com.mx\\\/\"},{\"@type\":\"ListItem\",\"position\":2,\"name\":\"Ayuntamiento de Culiac\u00e1n contin\u00faa rehabilitando espacios deportivos\"}]},{\"@type\":\"WebSite\",\"@id\":\"https:\\\/\\\/fuentesfidedignas.com.mx\\\/#website\",\"url\":\"https:\\\/\\\/fuentesfidedignas.com.mx\\\/\",\"name\":\"Fuentes Fidedignas\",\"description\":\"Otro sitio realizado con WordPress\",\"publisher\":{\"@id\":\"https:\\\/\\\/fuentesfidedignas.com.mx\\\/#organization\"},\"potentialAction\":[{\"@type\":\"SearchAction\",\"target\":{\"@type\":\"EntryPoint\",\"urlTemplate\":\"https:\\\/\\\/fuentesfidedignas.com.mx\\\/?s={search_term_string}\"},\"query-input\":{\"@type\":\"PropertyValueSpecification\",\"valueRequired\":true,\"valueName\":\"search_term_string\"}}],\"inLanguage\":\"es\"},{\"@type\":\"Organization\",\"@id\":\"https:\\\/\\\/fuentesfidedignas.com.mx\\\/#organization\",\"name\":\"Fuentes Fidedignas\",\"url\":\"https:\\\/\\\/fuentesfidedignas.com.mx\\\/\",\"logo\":{\"@type\":\"ImageObject\",\"inLanguage\":\"es\",\"@id\":\"https:\\\/\\\/fuentesfidedignas.com.mx\\\/#\\\/schema\\\/logo\\\/image\\\/\",\"url\":\"https:\\\/\\\/fuentesfidedignas.com.mx\\\/wp-content\\\/uploads\\\/2021\\\/04\\\/logo-retina.png\",\"contentUrl\":\"https:\\\/\\\/fuentesfidedignas.com.mx\\\/wp-content\\\/uploads\\\/2021\\\/04\\\/logo-retina.png\",\"width\":280,\"height\":51,\"caption\":\"Fuentes Fidedignas\"},\"image\":{\"@id\":\"https:\\\/\\\/fuentesfidedignas.com.mx\\\/#\\\/schema\\\/logo\\\/image\\\/\"},\"sameAs\":[\"https:\\\/\\\/www.facebook.com\\\/Fuentes-Fidedignas-368234489921644\",\"https:\\\/\\\/x.com\\\/fidedignas\"]},{\"@type\":\"Person\",\"@id\":\"https:\\\/\\\/fuentesfidedignas.com.mx\\\/#\\\/schema\\\/person\\\/331be9283d37198e2acd5750279085b0\",\"name\":\"Redacci\u00f3n\",\"image\":{\"@type\":\"ImageObject\",\"inLanguage\":\"es\",\"@id\":\"https:\\\/\\\/secure.gravatar.com\\\/avatar\\\/f6d8782c11d12b2d4ad3fbb6931aeab5309937a4d6cd2fc9cfaa28a6396a5aec?s=96&d=mm&r=g\",\"url\":\"https:\\\/\\\/secure.gravatar.com\\\/avatar\\\/f6d8782c11d12b2d4ad3fbb6931aeab5309937a4d6cd2fc9cfaa28a6396a5aec?s=96&d=mm&r=g\",\"contentUrl\":\"https:\\\/\\\/secure.gravatar.com\\\/avatar\\\/f6d8782c11d12b2d4ad3fbb6931aeab5309937a4d6cd2fc9cfaa28a6396a5aec?s=96&d=mm&r=g\",\"caption\":\"Redacci\u00f3n\"},\"url\":\"https:\\\/\\\/fuentesfidedignas.com.mx\\\/index.php\\\/author\\\/redaccion\\\/\"}]}<\/script>\n<!-- \/ Yoast SEO plugin. -->","yoast_head_json":{"title":"Ayuntamiento de Culiac\u00e1n contin\u00faa rehabilitando espacios deportivos - Fuentes Fidedignas","robots":{"index":"index","follow":"follow","max-snippet":"max-snippet:-1","max-image-preview":"max-image-preview:large","max-video-preview":"max-video-preview:-1"},"canonical":"https:\/\/fuentesfidedignas.com.mx\/index.php\/2026\/03\/05\/ayuntamiento-de-culiacan-continua-rehabilitando-espacios-deportivos\/","og_locale":"es_MX","og_type":"article","og_title":"Ayuntamiento de Culiac\u00e1n contin\u00faa rehabilitando espacios deportivos - Fuentes Fidedignas","og_description":"Se acondicionaron canchas de usos m\u00faltiples de Loma de Redo y Ejido El Mel\u00f3n en la sindicatura de Quil\u00e1. Culiac\u00e1n, Sin.\u2013 El Ayuntamiento de Culiac\u00e1n, a trav\u00e9s del Instituto Municipal del Deporte y la Cultura F\u00edsica, contin\u00faa llevando a cabo trabajos de rehabilitaci\u00f3n en distintos espacios deportivos del municipio. Estas acciones se realizan con el [&hellip;]","og_url":"https:\/\/fuentesfidedignas.com.mx\/index.php\/2026\/03\/05\/ayuntamiento-de-culiacan-continua-rehabilitando-espacios-deportivos\/","og_site_name":"Fuentes Fidedignas","article_publisher":"https:\/\/www.facebook.com\/Fuentes-Fidedignas-368234489921644","article_published_time":"2026-03-05T18:28:09+00:00","article_modified_time":"2026-03-05T18:28:11+00:00","og_image":[{"width":500,"height":370,"url":"https:\/\/fuentesfidedignas.com.mx\/wp-content\/uploads\/2026\/03\/WhatsApp-Image-2026-03-05-at-10.23.47-AM.jpeg","type":"image\/jpeg"}],"author":"Redacci\u00f3n","twitter_card":"summary_large_image","twitter_creator":"@fidedignas","twitter_site":"@fidedignas","twitter_misc":{"Escrito por":"Redacci\u00f3n","Tiempo de lectura":"2 minutos"},"schema":{"@context":"https:\/\/schema.org","@graph":[{"@type":"Article","@id":"https:\/\/fuentesfidedignas.com.mx\/index.php\/2026\/03\/05\/ayuntamiento-de-culiacan-continua-rehabilitando-espacios-deportivos\/#article","isPartOf":{"@id":"https:\/\/fuentesfidedignas.com.mx\/index.php\/2026\/03\/05\/ayuntamiento-de-culiacan-continua-rehabilitando-espacios-deportivos\/"},"author":{"name":"Redacci\u00f3n","@id":"https:\/\/fuentesfidedignas.com.mx\/#\/schema\/person\/331be9283d37198e2acd5750279085b0"},"headline":"Ayuntamiento de Culiac\u00e1n contin\u00faa rehabilitando espacios deportivos","datePublished":"2026-03-05T18:28:09+00:00","dateModified":"2026-03-05T18:28:11+00:00","mainEntityOfPage":{"@id":"https:\/\/fuentesfidedignas.com.mx\/index.php\/2026\/03\/05\/ayuntamiento-de-culiacan-continua-rehabilitando-espacios-deportivos\/"},"wordCount":234,"commentCount":0,"publisher":{"@id":"https:\/\/fuentesfidedignas.com.mx\/#organization"},"image":{"@id":"https:\/\/fuentesfidedignas.com.mx\/index.php\/2026\/03\/05\/ayuntamiento-de-culiacan-continua-rehabilitando-espacios-deportivos\/#primaryimage"},"thumbnailUrl":"https:\/\/fuentesfidedignas.com.mx\/wp-content\/uploads\/2026\/03\/WhatsApp-Image-2026-03-05-at-10.23.47-AM.jpeg","inLanguage":"es","potentialAction":[{"@type":"CommentAction","name":"Comment","target":["https:\/\/fuentesfidedignas.com.mx\/index.php\/2026\/03\/05\/ayuntamiento-de-culiacan-continua-rehabilitando-espacios-deportivos\/#respond"]}]},{"@type":"WebPage","@id":"https:\/\/fuentesfidedignas.com.mx\/index.php\/2026\/03\/05\/ayuntamiento-de-culiacan-continua-rehabilitando-espacios-deportivos\/","url":"https:\/\/fuentesfidedignas.com.mx\/index.php\/2026\/03\/05\/ayuntamiento-de-culiacan-continua-rehabilitando-espacios-deportivos\/","name":"Ayuntamiento de Culiac\u00e1n contin\u00faa rehabilitando espacios deportivos - Fuentes Fidedignas","isPartOf":{"@id":"https:\/\/fuentesfidedignas.com.mx\/#website"},"primaryImageOfPage":{"@id":"https:\/\/fuentesfidedignas.com.mx\/index.php\/2026\/03\/05\/ayuntamiento-de-culiacan-continua-rehabilitando-espacios-deportivos\/#primaryimage"},"image":{"@id":"https:\/\/fuentesfidedignas.com.mx\/index.php\/2026\/03\/05\/ayuntamiento-de-culiacan-continua-rehabilitando-espacios-deportivos\/#primaryimage"},"thumbnailUrl":"https:\/\/fuentesfidedignas.com.mx\/wp-content\/uploads\/2026\/03\/WhatsApp-Image-2026-03-05-at-10.23.47-AM.jpeg","datePublished":"2026-03-05T18:28:09+00:00","dateModified":"2026-03-05T18:28:11+00:00","breadcrumb":{"@id":"https:\/\/fuentesfidedignas.com.mx\/index.php\/2026\/03\/05\/ayuntamiento-de-culiacan-continua-rehabilitando-espacios-deportivos\/#breadcrumb"},"inLanguage":"es","potentialAction":[{"@type":"ReadAction","target":["https:\/\/fuentesfidedignas.com.mx\/index.php\/2026\/03\/05\/ayuntamiento-de-culiacan-continua-rehabilitando-espacios-deportivos\/"]}]},{"@type":"ImageObject","inLanguage":"es","@id":"https:\/\/fuentesfidedignas.com.mx\/index.php\/2026\/03\/05\/ayuntamiento-de-culiacan-continua-rehabilitando-espacios-deportivos\/#primaryimage","url":"https:\/\/fuentesfidedignas.com.mx\/wp-content\/uploads\/2026\/03\/WhatsApp-Image-2026-03-05-at-10.23.47-AM.jpeg","contentUrl":"https:\/\/fuentesfidedignas.com.mx\/wp-content\/uploads\/2026\/03\/WhatsApp-Image-2026-03-05-at-10.23.47-AM.jpeg","width":500,"height":370},{"@type":"BreadcrumbList","@id":"https:\/\/fuentesfidedignas.com.mx\/index.php\/2026\/03\/05\/ayuntamiento-de-culiacan-continua-rehabilitando-espacios-deportivos\/#breadcrumb","itemListElement":[{"@type":"ListItem","position":1,"name":"Inicio","item":"https:\/\/fuentesfidedignas.com.mx\/"},{"@type":"ListItem","position":2,"name":"Ayuntamiento de Culiac\u00e1n contin\u00faa rehabilitando espacios deportivos"}]},{"@type":"WebSite","@id":"https:\/\/fuentesfidedignas.com.mx\/#website","url":"https:\/\/fuentesfidedignas.com.mx\/","name":"Fuentes Fidedignas","description":"Otro sitio realizado con WordPress","publisher":{"@id":"https:\/\/fuentesfidedignas.com.mx\/#organization"},"potentialAction":[{"@type":"SearchAction","target":{"@type":"EntryPoint","urlTemplate":"https:\/\/fuentesfidedignas.com.mx\/?s={search_term_string}"},"query-input":{"@type":"PropertyValueSpecification","valueRequired":true,"valueName":"search_term_string"}}],"inLanguage":"es"},{"@type":"Organization","@id":"https:\/\/fuentesfidedignas.com.mx\/#organization","name":"Fuentes Fidedignas","url":"https:\/\/fuentesfidedignas.com.mx\/","logo":{"@type":"ImageObject","inLanguage":"es","@id":"https:\/\/fuentesfidedignas.com.mx\/#\/schema\/logo\/image\/","url":"https:\/\/fuentesfidedignas.com.mx\/wp-content\/uploads\/2021\/04\/logo-retina.png","contentUrl":"https:\/\/fuentesfidedignas.com.mx\/wp-content\/uploads\/2021\/04\/logo-retina.png","width":280,"height":51,"caption":"Fuentes Fidedignas"},"image":{"@id":"https:\/\/fuentesfidedignas.com.mx\/#\/schema\/logo\/image\/"},"sameAs":["https:\/\/www.facebook.com\/Fuentes-Fidedignas-368234489921644","https:\/\/x.com\/fidedignas"]},{"@type":"Person","@id":"https:\/\/fuentesfidedignas.com.mx\/#\/schema\/person\/331be9283d37198e2acd5750279085b0","name":"Redacci\u00f3n","image":{"@type":"ImageObject","inLanguage":"es","@id":"https:\/\/secure.gravatar.com\/avatar\/f6d8782c11d12b2d4ad3fbb6931aeab5309937a4d6cd2fc9cfaa28a6396a5aec?s=96&d=mm&r=g","url":"https:\/\/secure.gravatar.com\/avatar\/f6d8782c11d12b2d4ad3fbb6931aeab5309937a4d6cd2fc9cfaa28a6396a5aec?s=96&d=mm&r=g","contentUrl":"https:\/\/secure.gravatar.com\/avatar\/f6d8782c11d12b2d4ad3fbb6931aeab5309937a4d6cd2fc9cfaa28a6396a5aec?s=96&d=mm&r=g","caption":"Redacci\u00f3n"},"url":"https:\/\/fuentesfidedignas.com.mx\/index.php\/author\/redaccion\/"}]}},"_links":{"self":[{"href":"https:\/\/fuentesfidedignas.com.mx\/index.php\/wp-json\/wp\/v2\/posts\/128628","targetHints":{"allow":["GET"]}}],"collection":[{"href":"https:\/\/fuentesfidedignas.com.mx\/index.php\/wp-json\/wp\/v2\/posts"}],"about":[{"href":"https:\/\/fuentesfidedignas.com.mx\/index.php\/wp-json\/wp\/v2\/types\/post"}],"author":[{"embeddable":true,"href":"https:\/\/fuentesfidedignas.com.mx\/index.php\/wp-json\/wp\/v2\/users\/4"}],"replies":[{"embeddable":true,"href":"https:\/\/fuentesfidedignas.com.mx\/index.php\/wp-json\/wp\/v2\/comments?post=128628"}],"version-history":[{"count":1,"href":"https:\/\/fuentesfidedignas.com.mx\/index.php\/wp-json\/wp\/v2\/posts\/128628\/revisions"}],"predecessor-version":[{"id":128630,"href":"https:\/\/fuentesfidedignas.com.mx\/index.php\/wp-json\/wp\/v2\/posts\/128628\/revisions\/128630"}],"wp:featuredmedia":[{"embeddable":true,"href":"https:\/\/fuentesfidedignas.com.mx\/index.php\/wp-json\/wp\/v2\/media\/128629"}],"wp:attachment":[{"href":"https:\/\/fuentesfidedignas.com.mx\/index.php\/wp-json\/wp\/v2\/media?parent=128628"}],"wp:term":[{"taxonomy":"category","embeddable":true,"href":"https:\/\/fuentesfidedignas.com.mx\/index.php\/wp-json\/wp\/v2\/categories?post=128628"},{"taxonomy":"post_tag","embeddable":true,"href":"https:\/\/fuentesfidedignas.com.mx\/index.php\/wp-json\/wp\/v2\/tags?post=128628"}],"curies":[{"name":"wp","href":"https:\/\/api.w.org\/{rel}","templated":true}]}}