{"id":128612,"date":"2026-03-05T09:37:08","date_gmt":"2026-03-05T16:37:08","guid":{"rendered":"https:\/\/fuentesfidedignas.com.mx\/?p=128612"},"modified":"2026-03-05T09:37:15","modified_gmt":"2026-03-05T16:37:15","slug":"eu-avisa-a-latinoamerica-que-esta-listo-para-lanzar-ofensiva-solo-contra-los-carteles","status":"publish","type":"post","link":"https:\/\/fuentesfidedignas.com.mx\/index.php\/2026\/03\/05\/eu-avisa-a-latinoamerica-que-esta-listo-para-lanzar-ofensiva-solo-contra-los-carteles\/","title":{"rendered":"EU avisa a Latinoam\u00e9rica que est\u00e1 listo para lanzar \u2018ofensiva solo\u2019 contra los c\u00e1rteles"},"content":{"rendered":"\n<p><strong><em>El funcionario lider\u00f3 la conferencia inaugural de las &#8216;Am\u00e9ricas contra los c\u00e1rteles&#8217; en la sede del Comando Sur de Estados Unidos (Southcom), en Florida, donde reafirm\u00f3 que la nueva Doctrina Monroe o &#8216;Donroe&#8217;, del presidente Donald Trump, justifica ataques militares a narcotraficantes en Latinoam\u00e9rica.<\/em><\/strong><\/p>\n\n\n\n<p>El secretario de Guerra de Estados Unidos, Pete Hegseth, avis\u00f3 este jueves a los gobiernos latinoamericanos que Washington est\u00e1 listo para lanzar en solitario una \u201cofensiva\u201d militar contra los c\u00e1rteles, por lo que les pidi\u00f3 combatir a los \u201cnarcoterroristas\u201d.<\/p>\n\n\n\n<p>\u201cEstados Unidos est\u00e1 preparado para abordar estas amenazas e ir solo a la ofensiva si es necesario. Sin embargo, es nuestra preferencia y es la meta de esta conferencia que, en el inter\u00e9s del vecindario, lo hagamos todo junto con ustedes, con nuestros vecinos y aliados\u201d, declar\u00f3 Hegseth en su discurso inaugural en Miami.<\/p>\n\n\n\n<p>El funcionario lider\u00f3 la conferencia inaugural de las \u2018Am\u00e9ricas contra los c\u00e1rteles\u2019 en la sede del Comando Sur de Estados Unidos (Southcom), en Florida, donde reafirm\u00f3 que la nueva Doctrina Monroe o \u2018Donroe\u2019, del presidente Donald Trump, justifica ataques militares a narcotraficantes en Latinoam\u00e9rica.<\/p>\n\n\n\n<p>Hegseth demand\u00f3 a los invitados, representantes militares y de seguridad de la mayor\u00eda de los pa\u00edses de la regi\u00f3n, con excepciones como M\u00e9xico, Colombia y Brasil, que deben \u201cir a la ofensiva contra los narcoterroristas\u201d.<\/p>\n\n\n\n<p>\u201cApenas hemos comenzado a trabajar con ustedes. Ustedes deben hacer m\u00e1s y nosotros debemos hacer m\u00e1s para atacar a los grupos narcoterroristas en todas las \u00e1reas. Desmantelaremos las redes de narcoterroristas en este hemisferio y negaremos el acceso a los adversarios estatales que los apoyen\u201d, expres\u00f3.<\/p>\n\n\n\n<p>La conferencia ocurre d\u00edas despu\u00e9s de la primera operaci\u00f3n militar conjunta de Estados Unidos y Ecuador contra organizaciones \u201cnarcoterroristas\u201d en el pa\u00eds suramericano, tras una visita esta semana de Francis Donovan, comandante del Southcom.<\/p>\n\n\n\n<p>Adem\u00e1s, la Administraci\u00f3n de Trump ha bombardeado 44 embarcaciones presuntamente ligadas al narcotr\u00e1fico en el Pac\u00edfico y el Caribe desde septiembre pasado, lo que ha dejado al menos 150 muertos, bajo la operaci\u00f3n \u2018Lanza del sur\u2019.<\/p>\n\n\n\n<p>\u201cSomos su socio principal para trabajar, junto y mediante sus naciones, para alcanzar objetivos compartidos, pero cuando sea necesario, no dudaremos en actuar\u201d, alert\u00f3 el comandante Donovan.<\/p>\n\n\n\n<p>Hegseth justific\u00f3 sus acciones al citar que \u201cm\u00e1s de 1 mill\u00f3n de estadounidenses\u201d murieron por sobredosis de fentanilo, coca\u00edna y otras drogas bajo la Administraci\u00f3n de Joe Biden (2021-2025), mientras que la industria del tr\u00e1fico humano \u201cexplot\u00f3\u201d en un 2,000% hasta un valor de 13,000 millones de d\u00f3lares en 2022.<\/p>\n\n\n\n<p>Aunque Am\u00e9rica tiene un octavo de la poblaci\u00f3n mundial, concentra un tercio de los cr\u00edmenes violentos, se\u00f1al\u00f3 Hegseth.<\/p>\n\n\n\n<p>Esta es una conferencia operativa para acercar m\u00e1s a nuestros pa\u00edses hacia un objetivo compartido y hacerlo de manera agresiva. No es una calle de una v\u00eda, cada socio en esta regi\u00f3n tiene que hacer m\u00e1s e invertir m\u00e1s en seguridad tambi\u00e9n\u201d, coment\u00f3 el secretario.<\/p>\n\n\n\n<p>Hegseth program\u00f3 otra conferencia la tarde del jueves en Tampa, en el centro de Florida, para hablar sobre Ir\u00e1n en el Comando Central (Centcom).<\/p>\n","protected":false},"excerpt":{"rendered":"<p>El funcionario lider\u00f3 la conferencia inaugural de las &#8216;Am\u00e9ricas contra los c\u00e1rteles&#8217; en la sede del Comando Sur de Estados Unidos (Southcom), en Florida, donde reafirm\u00f3 que la nueva Doctrina Monroe o &#8216;Donroe&#8217;, del presidente Donald Trump, justifica ataques militares a narcotraficantes en Latinoam\u00e9rica. El secretario de Guerra de Estados Unidos, Pete Hegseth, avis\u00f3 este [&hellip;]<\/p>\n","protected":false},"author":22,"featured_media":128613,"comment_status":"open","ping_status":"open","sticky":false,"template":"","format":"standard","meta":{"tdm_status":"","tdm_grid_status":"","footnotes":""},"categories":[39],"tags":[],"class_list":{"0":"post-128612","1":"post","2":"type-post","3":"status-publish","4":"format-standard","5":"has-post-thumbnail","7":"category-noticias-nacionales"},"yoast_head":"<!-- This site is optimized with the Yoast SEO plugin v27.5 - https:\/\/yoast.com\/product\/yoast-seo-wordpress\/ -->\n<title>EU avisa a Latinoam\u00e9rica que est\u00e1 listo para lanzar \u2018ofensiva solo\u2019 contra los c\u00e1rteles - Fuentes Fidedignas<\/title>\n<meta name=\"robots\" content=\"index, follow, max-snippet:-1, max-image-preview:large, max-video-preview:-1\" \/>\n<link rel=\"canonical\" href=\"https:\/\/fuentesfidedignas.com.mx\/index.php\/2026\/03\/05\/eu-avisa-a-latinoamerica-que-esta-listo-para-lanzar-ofensiva-solo-contra-los-carteles\/\" \/>\n<meta property=\"og:locale\" content=\"es_MX\" \/>\n<meta property=\"og:type\" content=\"article\" \/>\n<meta property=\"og:title\" content=\"EU avisa a Latinoam\u00e9rica que est\u00e1 listo para lanzar \u2018ofensiva solo\u2019 contra los c\u00e1rteles - Fuentes Fidedignas\" \/>\n<meta property=\"og:description\" content=\"El funcionario lider\u00f3 la conferencia inaugural de las &#8216;Am\u00e9ricas contra los c\u00e1rteles&#8217; en la sede del Comando Sur de Estados Unidos (Southcom), en Florida, donde reafirm\u00f3 que la nueva Doctrina Monroe o &#8216;Donroe&#8217;, del presidente Donald Trump, justifica ataques militares a narcotraficantes en Latinoam\u00e9rica. El secretario de Guerra de Estados Unidos, Pete Hegseth, avis\u00f3 este [&hellip;]\" \/>\n<meta property=\"og:url\" content=\"https:\/\/fuentesfidedignas.com.mx\/index.php\/2026\/03\/05\/eu-avisa-a-latinoamerica-que-esta-listo-para-lanzar-ofensiva-solo-contra-los-carteles\/\" \/>\n<meta property=\"og:site_name\" content=\"Fuentes Fidedignas\" \/>\n<meta property=\"article:publisher\" content=\"https:\/\/www.facebook.com\/Fuentes-Fidedignas-368234489921644\" \/>\n<meta property=\"article:published_time\" content=\"2026-03-05T16:37:08+00:00\" \/>\n<meta property=\"article:modified_time\" content=\"2026-03-05T16:37:15+00:00\" \/>\n<meta property=\"og:image\" content=\"https:\/\/fuentesfidedignas.com.mx\/wp-content\/uploads\/2026\/03\/ejercito-estados-unidos.jpg\" \/>\n\t<meta property=\"og:image:width\" content=\"500\" \/>\n\t<meta property=\"og:image:height\" content=\"281\" \/>\n\t<meta property=\"og:image:type\" content=\"image\/jpeg\" \/>\n<meta name=\"author\" content=\"EFE\" \/>\n<meta name=\"twitter:card\" content=\"summary_large_image\" \/>\n<meta name=\"twitter:creator\" content=\"@fidedignas\" \/>\n<meta name=\"twitter:site\" content=\"@fidedignas\" \/>\n<meta name=\"twitter:label1\" content=\"Escrito por\" \/>\n\t<meta name=\"twitter:data1\" content=\"EFE\" \/>\n\t<meta name=\"twitter:label2\" content=\"Tiempo de lectura\" \/>\n\t<meta name=\"twitter:data2\" content=\"3 minutos\" \/>\n<script type=\"application\/ld+json\" class=\"yoast-schema-graph\">{\"@context\":\"https:\\\/\\\/schema.org\",\"@graph\":[{\"@type\":\"Article\",\"@id\":\"https:\\\/\\\/fuentesfidedignas.com.mx\\\/index.php\\\/2026\\\/03\\\/05\\\/eu-avisa-a-latinoamerica-que-esta-listo-para-lanzar-ofensiva-solo-contra-los-carteles\\\/#article\",\"isPartOf\":{\"@id\":\"https:\\\/\\\/fuentesfidedignas.com.mx\\\/index.php\\\/2026\\\/03\\\/05\\\/eu-avisa-a-latinoamerica-que-esta-listo-para-lanzar-ofensiva-solo-contra-los-carteles\\\/\"},\"author\":{\"name\":\"EFE\",\"@id\":\"https:\\\/\\\/fuentesfidedignas.com.mx\\\/#\\\/schema\\\/person\\\/0d44615087b5a626d5d3f13afe31ac41\"},\"headline\":\"EU avisa a Latinoam\u00e9rica que est\u00e1 listo para lanzar \u2018ofensiva solo\u2019 contra los c\u00e1rteles\",\"datePublished\":\"2026-03-05T16:37:08+00:00\",\"dateModified\":\"2026-03-05T16:37:15+00:00\",\"mainEntityOfPage\":{\"@id\":\"https:\\\/\\\/fuentesfidedignas.com.mx\\\/index.php\\\/2026\\\/03\\\/05\\\/eu-avisa-a-latinoamerica-que-esta-listo-para-lanzar-ofensiva-solo-contra-los-carteles\\\/\"},\"wordCount\":547,\"commentCount\":0,\"publisher\":{\"@id\":\"https:\\\/\\\/fuentesfidedignas.com.mx\\\/#organization\"},\"image\":{\"@id\":\"https:\\\/\\\/fuentesfidedignas.com.mx\\\/index.php\\\/2026\\\/03\\\/05\\\/eu-avisa-a-latinoamerica-que-esta-listo-para-lanzar-ofensiva-solo-contra-los-carteles\\\/#primaryimage\"},\"thumbnailUrl\":\"https:\\\/\\\/fuentesfidedignas.com.mx\\\/wp-content\\\/uploads\\\/2026\\\/03\\\/ejercito-estados-unidos.jpg\",\"articleSection\":[\"NOTICIAS NACIONALES\"],\"inLanguage\":\"es\",\"potentialAction\":[{\"@type\":\"CommentAction\",\"name\":\"Comment\",\"target\":[\"https:\\\/\\\/fuentesfidedignas.com.mx\\\/index.php\\\/2026\\\/03\\\/05\\\/eu-avisa-a-latinoamerica-que-esta-listo-para-lanzar-ofensiva-solo-contra-los-carteles\\\/#respond\"]}]},{\"@type\":\"WebPage\",\"@id\":\"https:\\\/\\\/fuentesfidedignas.com.mx\\\/index.php\\\/2026\\\/03\\\/05\\\/eu-avisa-a-latinoamerica-que-esta-listo-para-lanzar-ofensiva-solo-contra-los-carteles\\\/\",\"url\":\"https:\\\/\\\/fuentesfidedignas.com.mx\\\/index.php\\\/2026\\\/03\\\/05\\\/eu-avisa-a-latinoamerica-que-esta-listo-para-lanzar-ofensiva-solo-contra-los-carteles\\\/\",\"name\":\"EU avisa a Latinoam\u00e9rica que est\u00e1 listo para lanzar \u2018ofensiva solo\u2019 contra los c\u00e1rteles - Fuentes Fidedignas\",\"isPartOf\":{\"@id\":\"https:\\\/\\\/fuentesfidedignas.com.mx\\\/#website\"},\"primaryImageOfPage\":{\"@id\":\"https:\\\/\\\/fuentesfidedignas.com.mx\\\/index.php\\\/2026\\\/03\\\/05\\\/eu-avisa-a-latinoamerica-que-esta-listo-para-lanzar-ofensiva-solo-contra-los-carteles\\\/#primaryimage\"},\"image\":{\"@id\":\"https:\\\/\\\/fuentesfidedignas.com.mx\\\/index.php\\\/2026\\\/03\\\/05\\\/eu-avisa-a-latinoamerica-que-esta-listo-para-lanzar-ofensiva-solo-contra-los-carteles\\\/#primaryimage\"},\"thumbnailUrl\":\"https:\\\/\\\/fuentesfidedignas.com.mx\\\/wp-content\\\/uploads\\\/2026\\\/03\\\/ejercito-estados-unidos.jpg\",\"datePublished\":\"2026-03-05T16:37:08+00:00\",\"dateModified\":\"2026-03-05T16:37:15+00:00\",\"breadcrumb\":{\"@id\":\"https:\\\/\\\/fuentesfidedignas.com.mx\\\/index.php\\\/2026\\\/03\\\/05\\\/eu-avisa-a-latinoamerica-que-esta-listo-para-lanzar-ofensiva-solo-contra-los-carteles\\\/#breadcrumb\"},\"inLanguage\":\"es\",\"potentialAction\":[{\"@type\":\"ReadAction\",\"target\":[\"https:\\\/\\\/fuentesfidedignas.com.mx\\\/index.php\\\/2026\\\/03\\\/05\\\/eu-avisa-a-latinoamerica-que-esta-listo-para-lanzar-ofensiva-solo-contra-los-carteles\\\/\"]}]},{\"@type\":\"ImageObject\",\"inLanguage\":\"es\",\"@id\":\"https:\\\/\\\/fuentesfidedignas.com.mx\\\/index.php\\\/2026\\\/03\\\/05\\\/eu-avisa-a-latinoamerica-que-esta-listo-para-lanzar-ofensiva-solo-contra-los-carteles\\\/#primaryimage\",\"url\":\"https:\\\/\\\/fuentesfidedignas.com.mx\\\/wp-content\\\/uploads\\\/2026\\\/03\\\/ejercito-estados-unidos.jpg\",\"contentUrl\":\"https:\\\/\\\/fuentesfidedignas.com.mx\\\/wp-content\\\/uploads\\\/2026\\\/03\\\/ejercito-estados-unidos.jpg\",\"width\":500,\"height\":281},{\"@type\":\"BreadcrumbList\",\"@id\":\"https:\\\/\\\/fuentesfidedignas.com.mx\\\/index.php\\\/2026\\\/03\\\/05\\\/eu-avisa-a-latinoamerica-que-esta-listo-para-lanzar-ofensiva-solo-contra-los-carteles\\\/#breadcrumb\",\"itemListElement\":[{\"@type\":\"ListItem\",\"position\":1,\"name\":\"Inicio\",\"item\":\"https:\\\/\\\/fuentesfidedignas.com.mx\\\/\"},{\"@type\":\"ListItem\",\"position\":2,\"name\":\"EU avisa a Latinoam\u00e9rica que est\u00e1 listo para lanzar \u2018ofensiva solo\u2019 contra los c\u00e1rteles\"}]},{\"@type\":\"WebSite\",\"@id\":\"https:\\\/\\\/fuentesfidedignas.com.mx\\\/#website\",\"url\":\"https:\\\/\\\/fuentesfidedignas.com.mx\\\/\",\"name\":\"Fuentes Fidedignas\",\"description\":\"Otro sitio realizado con WordPress\",\"publisher\":{\"@id\":\"https:\\\/\\\/fuentesfidedignas.com.mx\\\/#organization\"},\"potentialAction\":[{\"@type\":\"SearchAction\",\"target\":{\"@type\":\"EntryPoint\",\"urlTemplate\":\"https:\\\/\\\/fuentesfidedignas.com.mx\\\/?s={search_term_string}\"},\"query-input\":{\"@type\":\"PropertyValueSpecification\",\"valueRequired\":true,\"valueName\":\"search_term_string\"}}],\"inLanguage\":\"es\"},{\"@type\":\"Organization\",\"@id\":\"https:\\\/\\\/fuentesfidedignas.com.mx\\\/#organization\",\"name\":\"Fuentes Fidedignas\",\"url\":\"https:\\\/\\\/fuentesfidedignas.com.mx\\\/\",\"logo\":{\"@type\":\"ImageObject\",\"inLanguage\":\"es\",\"@id\":\"https:\\\/\\\/fuentesfidedignas.com.mx\\\/#\\\/schema\\\/logo\\\/image\\\/\",\"url\":\"https:\\\/\\\/fuentesfidedignas.com.mx\\\/wp-content\\\/uploads\\\/2021\\\/04\\\/logo-retina.png\",\"contentUrl\":\"https:\\\/\\\/fuentesfidedignas.com.mx\\\/wp-content\\\/uploads\\\/2021\\\/04\\\/logo-retina.png\",\"width\":280,\"height\":51,\"caption\":\"Fuentes Fidedignas\"},\"image\":{\"@id\":\"https:\\\/\\\/fuentesfidedignas.com.mx\\\/#\\\/schema\\\/logo\\\/image\\\/\"},\"sameAs\":[\"https:\\\/\\\/www.facebook.com\\\/Fuentes-Fidedignas-368234489921644\",\"https:\\\/\\\/x.com\\\/fidedignas\"]},{\"@type\":\"Person\",\"@id\":\"https:\\\/\\\/fuentesfidedignas.com.mx\\\/#\\\/schema\\\/person\\\/0d44615087b5a626d5d3f13afe31ac41\",\"name\":\"EFE\",\"image\":{\"@type\":\"ImageObject\",\"inLanguage\":\"es\",\"@id\":\"https:\\\/\\\/secure.gravatar.com\\\/avatar\\\/7048c2d9b569d9bed55bb53ad23821e6e047aa66338fb6ea9868627bbb9f54e8?s=96&d=mm&r=g\",\"url\":\"https:\\\/\\\/secure.gravatar.com\\\/avatar\\\/7048c2d9b569d9bed55bb53ad23821e6e047aa66338fb6ea9868627bbb9f54e8?s=96&d=mm&r=g\",\"contentUrl\":\"https:\\\/\\\/secure.gravatar.com\\\/avatar\\\/7048c2d9b569d9bed55bb53ad23821e6e047aa66338fb6ea9868627bbb9f54e8?s=96&d=mm&r=g\",\"caption\":\"EFE\"},\"url\":\"https:\\\/\\\/fuentesfidedignas.com.mx\\\/index.php\\\/author\\\/efe\\\/\"}]}<\/script>\n<!-- \/ Yoast SEO plugin. -->","yoast_head_json":{"title":"EU avisa a Latinoam\u00e9rica que est\u00e1 listo para lanzar \u2018ofensiva solo\u2019 contra los c\u00e1rteles - Fuentes Fidedignas","robots":{"index":"index","follow":"follow","max-snippet":"max-snippet:-1","max-image-preview":"max-image-preview:large","max-video-preview":"max-video-preview:-1"},"canonical":"https:\/\/fuentesfidedignas.com.mx\/index.php\/2026\/03\/05\/eu-avisa-a-latinoamerica-que-esta-listo-para-lanzar-ofensiva-solo-contra-los-carteles\/","og_locale":"es_MX","og_type":"article","og_title":"EU avisa a Latinoam\u00e9rica que est\u00e1 listo para lanzar \u2018ofensiva solo\u2019 contra los c\u00e1rteles - Fuentes Fidedignas","og_description":"El funcionario lider\u00f3 la conferencia inaugural de las &#8216;Am\u00e9ricas contra los c\u00e1rteles&#8217; en la sede del Comando Sur de Estados Unidos (Southcom), en Florida, donde reafirm\u00f3 que la nueva Doctrina Monroe o &#8216;Donroe&#8217;, del presidente Donald Trump, justifica ataques militares a narcotraficantes en Latinoam\u00e9rica. El secretario de Guerra de Estados Unidos, Pete Hegseth, avis\u00f3 este [&hellip;]","og_url":"https:\/\/fuentesfidedignas.com.mx\/index.php\/2026\/03\/05\/eu-avisa-a-latinoamerica-que-esta-listo-para-lanzar-ofensiva-solo-contra-los-carteles\/","og_site_name":"Fuentes Fidedignas","article_publisher":"https:\/\/www.facebook.com\/Fuentes-Fidedignas-368234489921644","article_published_time":"2026-03-05T16:37:08+00:00","article_modified_time":"2026-03-05T16:37:15+00:00","og_image":[{"width":500,"height":281,"url":"https:\/\/fuentesfidedignas.com.mx\/wp-content\/uploads\/2026\/03\/ejercito-estados-unidos.jpg","type":"image\/jpeg"}],"author":"EFE","twitter_card":"summary_large_image","twitter_creator":"@fidedignas","twitter_site":"@fidedignas","twitter_misc":{"Escrito por":"EFE","Tiempo de lectura":"3 minutos"},"schema":{"@context":"https:\/\/schema.org","@graph":[{"@type":"Article","@id":"https:\/\/fuentesfidedignas.com.mx\/index.php\/2026\/03\/05\/eu-avisa-a-latinoamerica-que-esta-listo-para-lanzar-ofensiva-solo-contra-los-carteles\/#article","isPartOf":{"@id":"https:\/\/fuentesfidedignas.com.mx\/index.php\/2026\/03\/05\/eu-avisa-a-latinoamerica-que-esta-listo-para-lanzar-ofensiva-solo-contra-los-carteles\/"},"author":{"name":"EFE","@id":"https:\/\/fuentesfidedignas.com.mx\/#\/schema\/person\/0d44615087b5a626d5d3f13afe31ac41"},"headline":"EU avisa a Latinoam\u00e9rica que est\u00e1 listo para lanzar \u2018ofensiva solo\u2019 contra los c\u00e1rteles","datePublished":"2026-03-05T16:37:08+00:00","dateModified":"2026-03-05T16:37:15+00:00","mainEntityOfPage":{"@id":"https:\/\/fuentesfidedignas.com.mx\/index.php\/2026\/03\/05\/eu-avisa-a-latinoamerica-que-esta-listo-para-lanzar-ofensiva-solo-contra-los-carteles\/"},"wordCount":547,"commentCount":0,"publisher":{"@id":"https:\/\/fuentesfidedignas.com.mx\/#organization"},"image":{"@id":"https:\/\/fuentesfidedignas.com.mx\/index.php\/2026\/03\/05\/eu-avisa-a-latinoamerica-que-esta-listo-para-lanzar-ofensiva-solo-contra-los-carteles\/#primaryimage"},"thumbnailUrl":"https:\/\/fuentesfidedignas.com.mx\/wp-content\/uploads\/2026\/03\/ejercito-estados-unidos.jpg","articleSection":["NOTICIAS NACIONALES"],"inLanguage":"es","potentialAction":[{"@type":"CommentAction","name":"Comment","target":["https:\/\/fuentesfidedignas.com.mx\/index.php\/2026\/03\/05\/eu-avisa-a-latinoamerica-que-esta-listo-para-lanzar-ofensiva-solo-contra-los-carteles\/#respond"]}]},{"@type":"WebPage","@id":"https:\/\/fuentesfidedignas.com.mx\/index.php\/2026\/03\/05\/eu-avisa-a-latinoamerica-que-esta-listo-para-lanzar-ofensiva-solo-contra-los-carteles\/","url":"https:\/\/fuentesfidedignas.com.mx\/index.php\/2026\/03\/05\/eu-avisa-a-latinoamerica-que-esta-listo-para-lanzar-ofensiva-solo-contra-los-carteles\/","name":"EU avisa a Latinoam\u00e9rica que est\u00e1 listo para lanzar \u2018ofensiva solo\u2019 contra los c\u00e1rteles - Fuentes Fidedignas","isPartOf":{"@id":"https:\/\/fuentesfidedignas.com.mx\/#website"},"primaryImageOfPage":{"@id":"https:\/\/fuentesfidedignas.com.mx\/index.php\/2026\/03\/05\/eu-avisa-a-latinoamerica-que-esta-listo-para-lanzar-ofensiva-solo-contra-los-carteles\/#primaryimage"},"image":{"@id":"https:\/\/fuentesfidedignas.com.mx\/index.php\/2026\/03\/05\/eu-avisa-a-latinoamerica-que-esta-listo-para-lanzar-ofensiva-solo-contra-los-carteles\/#primaryimage"},"thumbnailUrl":"https:\/\/fuentesfidedignas.com.mx\/wp-content\/uploads\/2026\/03\/ejercito-estados-unidos.jpg","datePublished":"2026-03-05T16:37:08+00:00","dateModified":"2026-03-05T16:37:15+00:00","breadcrumb":{"@id":"https:\/\/fuentesfidedignas.com.mx\/index.php\/2026\/03\/05\/eu-avisa-a-latinoamerica-que-esta-listo-para-lanzar-ofensiva-solo-contra-los-carteles\/#breadcrumb"},"inLanguage":"es","potentialAction":[{"@type":"ReadAction","target":["https:\/\/fuentesfidedignas.com.mx\/index.php\/2026\/03\/05\/eu-avisa-a-latinoamerica-que-esta-listo-para-lanzar-ofensiva-solo-contra-los-carteles\/"]}]},{"@type":"ImageObject","inLanguage":"es","@id":"https:\/\/fuentesfidedignas.com.mx\/index.php\/2026\/03\/05\/eu-avisa-a-latinoamerica-que-esta-listo-para-lanzar-ofensiva-solo-contra-los-carteles\/#primaryimage","url":"https:\/\/fuentesfidedignas.com.mx\/wp-content\/uploads\/2026\/03\/ejercito-estados-unidos.jpg","contentUrl":"https:\/\/fuentesfidedignas.com.mx\/wp-content\/uploads\/2026\/03\/ejercito-estados-unidos.jpg","width":500,"height":281},{"@type":"BreadcrumbList","@id":"https:\/\/fuentesfidedignas.com.mx\/index.php\/2026\/03\/05\/eu-avisa-a-latinoamerica-que-esta-listo-para-lanzar-ofensiva-solo-contra-los-carteles\/#breadcrumb","itemListElement":[{"@type":"ListItem","position":1,"name":"Inicio","item":"https:\/\/fuentesfidedignas.com.mx\/"},{"@type":"ListItem","position":2,"name":"EU avisa a Latinoam\u00e9rica que est\u00e1 listo para lanzar \u2018ofensiva solo\u2019 contra los c\u00e1rteles"}]},{"@type":"WebSite","@id":"https:\/\/fuentesfidedignas.com.mx\/#website","url":"https:\/\/fuentesfidedignas.com.mx\/","name":"Fuentes Fidedignas","description":"Otro sitio realizado con WordPress","publisher":{"@id":"https:\/\/fuentesfidedignas.com.mx\/#organization"},"potentialAction":[{"@type":"SearchAction","target":{"@type":"EntryPoint","urlTemplate":"https:\/\/fuentesfidedignas.com.mx\/?s={search_term_string}"},"query-input":{"@type":"PropertyValueSpecification","valueRequired":true,"valueName":"search_term_string"}}],"inLanguage":"es"},{"@type":"Organization","@id":"https:\/\/fuentesfidedignas.com.mx\/#organization","name":"Fuentes Fidedignas","url":"https:\/\/fuentesfidedignas.com.mx\/","logo":{"@type":"ImageObject","inLanguage":"es","@id":"https:\/\/fuentesfidedignas.com.mx\/#\/schema\/logo\/image\/","url":"https:\/\/fuentesfidedignas.com.mx\/wp-content\/uploads\/2021\/04\/logo-retina.png","contentUrl":"https:\/\/fuentesfidedignas.com.mx\/wp-content\/uploads\/2021\/04\/logo-retina.png","width":280,"height":51,"caption":"Fuentes Fidedignas"},"image":{"@id":"https:\/\/fuentesfidedignas.com.mx\/#\/schema\/logo\/image\/"},"sameAs":["https:\/\/www.facebook.com\/Fuentes-Fidedignas-368234489921644","https:\/\/x.com\/fidedignas"]},{"@type":"Person","@id":"https:\/\/fuentesfidedignas.com.mx\/#\/schema\/person\/0d44615087b5a626d5d3f13afe31ac41","name":"EFE","image":{"@type":"ImageObject","inLanguage":"es","@id":"https:\/\/secure.gravatar.com\/avatar\/7048c2d9b569d9bed55bb53ad23821e6e047aa66338fb6ea9868627bbb9f54e8?s=96&d=mm&r=g","url":"https:\/\/secure.gravatar.com\/avatar\/7048c2d9b569d9bed55bb53ad23821e6e047aa66338fb6ea9868627bbb9f54e8?s=96&d=mm&r=g","contentUrl":"https:\/\/secure.gravatar.com\/avatar\/7048c2d9b569d9bed55bb53ad23821e6e047aa66338fb6ea9868627bbb9f54e8?s=96&d=mm&r=g","caption":"EFE"},"url":"https:\/\/fuentesfidedignas.com.mx\/index.php\/author\/efe\/"}]}},"_links":{"self":[{"href":"https:\/\/fuentesfidedignas.com.mx\/index.php\/wp-json\/wp\/v2\/posts\/128612","targetHints":{"allow":["GET"]}}],"collection":[{"href":"https:\/\/fuentesfidedignas.com.mx\/index.php\/wp-json\/wp\/v2\/posts"}],"about":[{"href":"https:\/\/fuentesfidedignas.com.mx\/index.php\/wp-json\/wp\/v2\/types\/post"}],"author":[{"embeddable":true,"href":"https:\/\/fuentesfidedignas.com.mx\/index.php\/wp-json\/wp\/v2\/users\/22"}],"replies":[{"embeddable":true,"href":"https:\/\/fuentesfidedignas.com.mx\/index.php\/wp-json\/wp\/v2\/comments?post=128612"}],"version-history":[{"count":1,"href":"https:\/\/fuentesfidedignas.com.mx\/index.php\/wp-json\/wp\/v2\/posts\/128612\/revisions"}],"predecessor-version":[{"id":128614,"href":"https:\/\/fuentesfidedignas.com.mx\/index.php\/wp-json\/wp\/v2\/posts\/128612\/revisions\/128614"}],"wp:featuredmedia":[{"embeddable":true,"href":"https:\/\/fuentesfidedignas.com.mx\/index.php\/wp-json\/wp\/v2\/media\/128613"}],"wp:attachment":[{"href":"https:\/\/fuentesfidedignas.com.mx\/index.php\/wp-json\/wp\/v2\/media?parent=128612"}],"wp:term":[{"taxonomy":"category","embeddable":true,"href":"https:\/\/fuentesfidedignas.com.mx\/index.php\/wp-json\/wp\/v2\/categories?post=128612"},{"taxonomy":"post_tag","embeddable":true,"href":"https:\/\/fuentesfidedignas.com.mx\/index.php\/wp-json\/wp\/v2\/tags?post=128612"}],"curies":[{"name":"wp","href":"https:\/\/api.w.org\/{rel}","templated":true}]}}