{"id":128587,"date":"2026-03-05T06:58:37","date_gmt":"2026-03-05T13:58:37","guid":{"rendered":"https:\/\/fuentesfidedignas.com.mx\/?p=128587"},"modified":"2026-03-05T12:37:53","modified_gmt":"2026-03-05T19:37:53","slug":"identifican-a-dos-mineros-mas-hallados-en-fosas-en-concordia","status":"publish","type":"post","link":"https:\/\/fuentesfidedignas.com.mx\/index.php\/2026\/03\/05\/identifican-a-dos-mineros-mas-hallados-en-fosas-en-concordia\/","title":{"rendered":"Identifican a dos mineros m\u00e1s hallados en fosas en Concordia"},"content":{"rendered":"\n<p><strong><em>Las v\u00edctimas, empleados de la empresa minera canadiense Vizsla Silver, fueron localizadas en la comunidad de El Verde, en Concordia, tras haber sido privadas de la libertad junto con otros ocho compa\u00f1eros<\/em><\/strong><\/p>\n\n\n\n<p>Los nuevos cuerpos rescatados de fosas clandestinas, en la comunidad de el Verde, Concordia, fueron identificados como los elementos de seguridad de la empresa minera Vizsla Silver, Javier Emilio Valdez Valenzuela y Javier Guillermo Vargas Valles, los cuales fueron privados de su libertad con 8 trabajadores m\u00e1s.<\/p>\n\n\n\n<p>Con este hallazgo, suman siete, el n\u00famero de trabajadores de la empresa minera canadiense que han sido encontrados muertos e identificados mediante estudios de gen\u00e9tica forense, de acuerdo a informaciones divulgadas en redes sociales por sus familias y por las esquelas publicadas por el ayuntamiento de Concordia.<\/p>\n\n\n\n<p>La noche del 23 de enero, un grupo armado privo de la libertad, en la cabecera municipal de Concordia a 10 trabajadores de la mina canadiense, de los cuales, en febrero pasado, fueron encontrados los cuerpos de cinco de ellos en fosas clandestinas de la comunidad de el Verde.<\/p>\n\n\n\n<p>Fue a trav\u00e9s de las redes sociales, como inicialmente sus familiares y la C\u00e1mara Minera de M\u00e9xico dieron a conocer las identidades de los cinco trabajadores de la mina, encontrados en una fosa clandestina, son Jos\u00e9 \u00c1ngel Hern\u00e1ndez Velez, de 38 a\u00f1os e Ignacio Aurelio Salazar Flores, de 37 a\u00f1os, ambos originarios del estado de Zacatecas.<\/p>\n\n\n\n<p>Tambi\u00e9n, identificaron, Jos\u00e9 Antonio Jim\u00e9nez Nev\u00e1rez, de 34 a\u00f1os, el ingeniero, Jes\u00fas Antonio de la O Valdez, de 30 a\u00f1os, originario del estado de Chihuahua y Jos\u00e9 Casta\u00f1eda Hern\u00e1ndez, de 35 a\u00f1os, originario de Taxco, Guerrero.<\/p>\n\n\n\n<p><\/p>\n","protected":false},"excerpt":{"rendered":"<p>Las v\u00edctimas, empleados de la empresa minera canadiense Vizsla Silver, fueron localizadas en la comunidad de El Verde, en Concordia, tras haber sido privadas de la libertad junto con otros ocho compa\u00f1eros Los nuevos cuerpos rescatados de fosas clandestinas, en la comunidad de el Verde, Concordia, fueron identificados como los elementos de seguridad de la [&hellip;]<\/p>\n","protected":false},"author":39,"featured_media":128588,"comment_status":"open","ping_status":"open","sticky":false,"template":"","format":"standard","meta":{"tdm_status":"","tdm_grid_status":"","footnotes":""},"categories":[37],"tags":[],"class_list":{"0":"post-128587","1":"post","2":"type-post","3":"status-publish","4":"format-standard","5":"has-post-thumbnail","7":"category-nota-principal"},"yoast_head":"<!-- This site is optimized with the Yoast SEO plugin v27.5 - https:\/\/yoast.com\/product\/yoast-seo-wordpress\/ -->\n<title>Identifican a dos mineros m\u00e1s hallados en fosas en Concordia - Fuentes Fidedignas<\/title>\n<meta name=\"robots\" content=\"index, follow, max-snippet:-1, max-image-preview:large, max-video-preview:-1\" \/>\n<link rel=\"canonical\" href=\"https:\/\/fuentesfidedignas.com.mx\/index.php\/2026\/03\/05\/identifican-a-dos-mineros-mas-hallados-en-fosas-en-concordia\/\" \/>\n<meta property=\"og:locale\" content=\"es_MX\" \/>\n<meta property=\"og:type\" content=\"article\" \/>\n<meta property=\"og:title\" content=\"Identifican a dos mineros m\u00e1s hallados en fosas en Concordia - Fuentes Fidedignas\" \/>\n<meta property=\"og:description\" content=\"Las v\u00edctimas, empleados de la empresa minera canadiense Vizsla Silver, fueron localizadas en la comunidad de El Verde, en Concordia, tras haber sido privadas de la libertad junto con otros ocho compa\u00f1eros Los nuevos cuerpos rescatados de fosas clandestinas, en la comunidad de el Verde, Concordia, fueron identificados como los elementos de seguridad de la [&hellip;]\" \/>\n<meta property=\"og:url\" content=\"https:\/\/fuentesfidedignas.com.mx\/index.php\/2026\/03\/05\/identifican-a-dos-mineros-mas-hallados-en-fosas-en-concordia\/\" \/>\n<meta property=\"og:site_name\" content=\"Fuentes Fidedignas\" \/>\n<meta property=\"article:publisher\" content=\"https:\/\/www.facebook.com\/Fuentes-Fidedignas-368234489921644\" \/>\n<meta property=\"article:published_time\" content=\"2026-03-05T13:58:37+00:00\" \/>\n<meta property=\"article:modified_time\" content=\"2026-03-05T19:37:53+00:00\" \/>\n<meta property=\"og:image\" content=\"https:\/\/fuentesfidedignas.com.mx\/wp-content\/uploads\/2026\/03\/mineros_segundos.jpg\" \/>\n\t<meta property=\"og:image:width\" content=\"500\" \/>\n\t<meta property=\"og:image:height\" content=\"302\" \/>\n\t<meta property=\"og:image:type\" content=\"image\/jpeg\" \/>\n<meta name=\"author\" content=\"El Universal\" \/>\n<meta name=\"twitter:card\" content=\"summary_large_image\" \/>\n<meta name=\"twitter:creator\" content=\"@fidedignas\" \/>\n<meta name=\"twitter:site\" content=\"@fidedignas\" \/>\n<meta name=\"twitter:label1\" content=\"Escrito por\" \/>\n\t<meta name=\"twitter:data1\" content=\"El Universal\" \/>\n\t<meta name=\"twitter:label2\" content=\"Tiempo de lectura\" \/>\n\t<meta name=\"twitter:data2\" content=\"2 minutos\" \/>\n<script type=\"application\/ld+json\" class=\"yoast-schema-graph\">{\"@context\":\"https:\\\/\\\/schema.org\",\"@graph\":[{\"@type\":\"Article\",\"@id\":\"https:\\\/\\\/fuentesfidedignas.com.mx\\\/index.php\\\/2026\\\/03\\\/05\\\/identifican-a-dos-mineros-mas-hallados-en-fosas-en-concordia\\\/#article\",\"isPartOf\":{\"@id\":\"https:\\\/\\\/fuentesfidedignas.com.mx\\\/index.php\\\/2026\\\/03\\\/05\\\/identifican-a-dos-mineros-mas-hallados-en-fosas-en-concordia\\\/\"},\"author\":{\"name\":\"El Universal\",\"@id\":\"https:\\\/\\\/fuentesfidedignas.com.mx\\\/#\\\/schema\\\/person\\\/fee3882e65fd0510d292c43a346d35d7\"},\"headline\":\"Identifican a dos mineros m\u00e1s hallados en fosas en Concordia\",\"datePublished\":\"2026-03-05T13:58:37+00:00\",\"dateModified\":\"2026-03-05T19:37:53+00:00\",\"mainEntityOfPage\":{\"@id\":\"https:\\\/\\\/fuentesfidedignas.com.mx\\\/index.php\\\/2026\\\/03\\\/05\\\/identifican-a-dos-mineros-mas-hallados-en-fosas-en-concordia\\\/\"},\"wordCount\":290,\"commentCount\":0,\"publisher\":{\"@id\":\"https:\\\/\\\/fuentesfidedignas.com.mx\\\/#organization\"},\"image\":{\"@id\":\"https:\\\/\\\/fuentesfidedignas.com.mx\\\/index.php\\\/2026\\\/03\\\/05\\\/identifican-a-dos-mineros-mas-hallados-en-fosas-en-concordia\\\/#primaryimage\"},\"thumbnailUrl\":\"https:\\\/\\\/fuentesfidedignas.com.mx\\\/wp-content\\\/uploads\\\/2026\\\/03\\\/mineros_segundos.jpg\",\"articleSection\":[\"NOTA PRINCIPAL\"],\"inLanguage\":\"es\",\"potentialAction\":[{\"@type\":\"CommentAction\",\"name\":\"Comment\",\"target\":[\"https:\\\/\\\/fuentesfidedignas.com.mx\\\/index.php\\\/2026\\\/03\\\/05\\\/identifican-a-dos-mineros-mas-hallados-en-fosas-en-concordia\\\/#respond\"]}]},{\"@type\":\"WebPage\",\"@id\":\"https:\\\/\\\/fuentesfidedignas.com.mx\\\/index.php\\\/2026\\\/03\\\/05\\\/identifican-a-dos-mineros-mas-hallados-en-fosas-en-concordia\\\/\",\"url\":\"https:\\\/\\\/fuentesfidedignas.com.mx\\\/index.php\\\/2026\\\/03\\\/05\\\/identifican-a-dos-mineros-mas-hallados-en-fosas-en-concordia\\\/\",\"name\":\"Identifican a dos mineros m\u00e1s hallados en fosas en Concordia - Fuentes Fidedignas\",\"isPartOf\":{\"@id\":\"https:\\\/\\\/fuentesfidedignas.com.mx\\\/#website\"},\"primaryImageOfPage\":{\"@id\":\"https:\\\/\\\/fuentesfidedignas.com.mx\\\/index.php\\\/2026\\\/03\\\/05\\\/identifican-a-dos-mineros-mas-hallados-en-fosas-en-concordia\\\/#primaryimage\"},\"image\":{\"@id\":\"https:\\\/\\\/fuentesfidedignas.com.mx\\\/index.php\\\/2026\\\/03\\\/05\\\/identifican-a-dos-mineros-mas-hallados-en-fosas-en-concordia\\\/#primaryimage\"},\"thumbnailUrl\":\"https:\\\/\\\/fuentesfidedignas.com.mx\\\/wp-content\\\/uploads\\\/2026\\\/03\\\/mineros_segundos.jpg\",\"datePublished\":\"2026-03-05T13:58:37+00:00\",\"dateModified\":\"2026-03-05T19:37:53+00:00\",\"breadcrumb\":{\"@id\":\"https:\\\/\\\/fuentesfidedignas.com.mx\\\/index.php\\\/2026\\\/03\\\/05\\\/identifican-a-dos-mineros-mas-hallados-en-fosas-en-concordia\\\/#breadcrumb\"},\"inLanguage\":\"es\",\"potentialAction\":[{\"@type\":\"ReadAction\",\"target\":[\"https:\\\/\\\/fuentesfidedignas.com.mx\\\/index.php\\\/2026\\\/03\\\/05\\\/identifican-a-dos-mineros-mas-hallados-en-fosas-en-concordia\\\/\"]}]},{\"@type\":\"ImageObject\",\"inLanguage\":\"es\",\"@id\":\"https:\\\/\\\/fuentesfidedignas.com.mx\\\/index.php\\\/2026\\\/03\\\/05\\\/identifican-a-dos-mineros-mas-hallados-en-fosas-en-concordia\\\/#primaryimage\",\"url\":\"https:\\\/\\\/fuentesfidedignas.com.mx\\\/wp-content\\\/uploads\\\/2026\\\/03\\\/mineros_segundos.jpg\",\"contentUrl\":\"https:\\\/\\\/fuentesfidedignas.com.mx\\\/wp-content\\\/uploads\\\/2026\\\/03\\\/mineros_segundos.jpg\",\"width\":500,\"height\":302},{\"@type\":\"BreadcrumbList\",\"@id\":\"https:\\\/\\\/fuentesfidedignas.com.mx\\\/index.php\\\/2026\\\/03\\\/05\\\/identifican-a-dos-mineros-mas-hallados-en-fosas-en-concordia\\\/#breadcrumb\",\"itemListElement\":[{\"@type\":\"ListItem\",\"position\":1,\"name\":\"Inicio\",\"item\":\"https:\\\/\\\/fuentesfidedignas.com.mx\\\/\"},{\"@type\":\"ListItem\",\"position\":2,\"name\":\"Identifican a dos mineros m\u00e1s hallados en fosas en Concordia\"}]},{\"@type\":\"WebSite\",\"@id\":\"https:\\\/\\\/fuentesfidedignas.com.mx\\\/#website\",\"url\":\"https:\\\/\\\/fuentesfidedignas.com.mx\\\/\",\"name\":\"Fuentes Fidedignas\",\"description\":\"Otro sitio realizado con WordPress\",\"publisher\":{\"@id\":\"https:\\\/\\\/fuentesfidedignas.com.mx\\\/#organization\"},\"potentialAction\":[{\"@type\":\"SearchAction\",\"target\":{\"@type\":\"EntryPoint\",\"urlTemplate\":\"https:\\\/\\\/fuentesfidedignas.com.mx\\\/?s={search_term_string}\"},\"query-input\":{\"@type\":\"PropertyValueSpecification\",\"valueRequired\":true,\"valueName\":\"search_term_string\"}}],\"inLanguage\":\"es\"},{\"@type\":\"Organization\",\"@id\":\"https:\\\/\\\/fuentesfidedignas.com.mx\\\/#organization\",\"name\":\"Fuentes Fidedignas\",\"url\":\"https:\\\/\\\/fuentesfidedignas.com.mx\\\/\",\"logo\":{\"@type\":\"ImageObject\",\"inLanguage\":\"es\",\"@id\":\"https:\\\/\\\/fuentesfidedignas.com.mx\\\/#\\\/schema\\\/logo\\\/image\\\/\",\"url\":\"https:\\\/\\\/fuentesfidedignas.com.mx\\\/wp-content\\\/uploads\\\/2021\\\/04\\\/logo-retina.png\",\"contentUrl\":\"https:\\\/\\\/fuentesfidedignas.com.mx\\\/wp-content\\\/uploads\\\/2021\\\/04\\\/logo-retina.png\",\"width\":280,\"height\":51,\"caption\":\"Fuentes Fidedignas\"},\"image\":{\"@id\":\"https:\\\/\\\/fuentesfidedignas.com.mx\\\/#\\\/schema\\\/logo\\\/image\\\/\"},\"sameAs\":[\"https:\\\/\\\/www.facebook.com\\\/Fuentes-Fidedignas-368234489921644\",\"https:\\\/\\\/x.com\\\/fidedignas\"]},{\"@type\":\"Person\",\"@id\":\"https:\\\/\\\/fuentesfidedignas.com.mx\\\/#\\\/schema\\\/person\\\/fee3882e65fd0510d292c43a346d35d7\",\"name\":\"El Universal\",\"image\":{\"@type\":\"ImageObject\",\"inLanguage\":\"es\",\"@id\":\"https:\\\/\\\/secure.gravatar.com\\\/avatar\\\/1ebc94d82b6c3c081781f73e5b76a0d0c1ac7bf8e57426f18802246eeaa2747c?s=96&d=mm&r=g\",\"url\":\"https:\\\/\\\/secure.gravatar.com\\\/avatar\\\/1ebc94d82b6c3c081781f73e5b76a0d0c1ac7bf8e57426f18802246eeaa2747c?s=96&d=mm&r=g\",\"contentUrl\":\"https:\\\/\\\/secure.gravatar.com\\\/avatar\\\/1ebc94d82b6c3c081781f73e5b76a0d0c1ac7bf8e57426f18802246eeaa2747c?s=96&d=mm&r=g\",\"caption\":\"El Universal\"},\"url\":\"https:\\\/\\\/fuentesfidedignas.com.mx\\\/index.php\\\/author\\\/el-universal\\\/\"}]}<\/script>\n<!-- \/ Yoast SEO plugin. -->","yoast_head_json":{"title":"Identifican a dos mineros m\u00e1s hallados en fosas en Concordia - Fuentes Fidedignas","robots":{"index":"index","follow":"follow","max-snippet":"max-snippet:-1","max-image-preview":"max-image-preview:large","max-video-preview":"max-video-preview:-1"},"canonical":"https:\/\/fuentesfidedignas.com.mx\/index.php\/2026\/03\/05\/identifican-a-dos-mineros-mas-hallados-en-fosas-en-concordia\/","og_locale":"es_MX","og_type":"article","og_title":"Identifican a dos mineros m\u00e1s hallados en fosas en Concordia - Fuentes Fidedignas","og_description":"Las v\u00edctimas, empleados de la empresa minera canadiense Vizsla Silver, fueron localizadas en la comunidad de El Verde, en Concordia, tras haber sido privadas de la libertad junto con otros ocho compa\u00f1eros Los nuevos cuerpos rescatados de fosas clandestinas, en la comunidad de el Verde, Concordia, fueron identificados como los elementos de seguridad de la [&hellip;]","og_url":"https:\/\/fuentesfidedignas.com.mx\/index.php\/2026\/03\/05\/identifican-a-dos-mineros-mas-hallados-en-fosas-en-concordia\/","og_site_name":"Fuentes Fidedignas","article_publisher":"https:\/\/www.facebook.com\/Fuentes-Fidedignas-368234489921644","article_published_time":"2026-03-05T13:58:37+00:00","article_modified_time":"2026-03-05T19:37:53+00:00","og_image":[{"width":500,"height":302,"url":"https:\/\/fuentesfidedignas.com.mx\/wp-content\/uploads\/2026\/03\/mineros_segundos.jpg","type":"image\/jpeg"}],"author":"El Universal","twitter_card":"summary_large_image","twitter_creator":"@fidedignas","twitter_site":"@fidedignas","twitter_misc":{"Escrito por":"El Universal","Tiempo de lectura":"2 minutos"},"schema":{"@context":"https:\/\/schema.org","@graph":[{"@type":"Article","@id":"https:\/\/fuentesfidedignas.com.mx\/index.php\/2026\/03\/05\/identifican-a-dos-mineros-mas-hallados-en-fosas-en-concordia\/#article","isPartOf":{"@id":"https:\/\/fuentesfidedignas.com.mx\/index.php\/2026\/03\/05\/identifican-a-dos-mineros-mas-hallados-en-fosas-en-concordia\/"},"author":{"name":"El Universal","@id":"https:\/\/fuentesfidedignas.com.mx\/#\/schema\/person\/fee3882e65fd0510d292c43a346d35d7"},"headline":"Identifican a dos mineros m\u00e1s hallados en fosas en Concordia","datePublished":"2026-03-05T13:58:37+00:00","dateModified":"2026-03-05T19:37:53+00:00","mainEntityOfPage":{"@id":"https:\/\/fuentesfidedignas.com.mx\/index.php\/2026\/03\/05\/identifican-a-dos-mineros-mas-hallados-en-fosas-en-concordia\/"},"wordCount":290,"commentCount":0,"publisher":{"@id":"https:\/\/fuentesfidedignas.com.mx\/#organization"},"image":{"@id":"https:\/\/fuentesfidedignas.com.mx\/index.php\/2026\/03\/05\/identifican-a-dos-mineros-mas-hallados-en-fosas-en-concordia\/#primaryimage"},"thumbnailUrl":"https:\/\/fuentesfidedignas.com.mx\/wp-content\/uploads\/2026\/03\/mineros_segundos.jpg","articleSection":["NOTA PRINCIPAL"],"inLanguage":"es","potentialAction":[{"@type":"CommentAction","name":"Comment","target":["https:\/\/fuentesfidedignas.com.mx\/index.php\/2026\/03\/05\/identifican-a-dos-mineros-mas-hallados-en-fosas-en-concordia\/#respond"]}]},{"@type":"WebPage","@id":"https:\/\/fuentesfidedignas.com.mx\/index.php\/2026\/03\/05\/identifican-a-dos-mineros-mas-hallados-en-fosas-en-concordia\/","url":"https:\/\/fuentesfidedignas.com.mx\/index.php\/2026\/03\/05\/identifican-a-dos-mineros-mas-hallados-en-fosas-en-concordia\/","name":"Identifican a dos mineros m\u00e1s hallados en fosas en Concordia - Fuentes Fidedignas","isPartOf":{"@id":"https:\/\/fuentesfidedignas.com.mx\/#website"},"primaryImageOfPage":{"@id":"https:\/\/fuentesfidedignas.com.mx\/index.php\/2026\/03\/05\/identifican-a-dos-mineros-mas-hallados-en-fosas-en-concordia\/#primaryimage"},"image":{"@id":"https:\/\/fuentesfidedignas.com.mx\/index.php\/2026\/03\/05\/identifican-a-dos-mineros-mas-hallados-en-fosas-en-concordia\/#primaryimage"},"thumbnailUrl":"https:\/\/fuentesfidedignas.com.mx\/wp-content\/uploads\/2026\/03\/mineros_segundos.jpg","datePublished":"2026-03-05T13:58:37+00:00","dateModified":"2026-03-05T19:37:53+00:00","breadcrumb":{"@id":"https:\/\/fuentesfidedignas.com.mx\/index.php\/2026\/03\/05\/identifican-a-dos-mineros-mas-hallados-en-fosas-en-concordia\/#breadcrumb"},"inLanguage":"es","potentialAction":[{"@type":"ReadAction","target":["https:\/\/fuentesfidedignas.com.mx\/index.php\/2026\/03\/05\/identifican-a-dos-mineros-mas-hallados-en-fosas-en-concordia\/"]}]},{"@type":"ImageObject","inLanguage":"es","@id":"https:\/\/fuentesfidedignas.com.mx\/index.php\/2026\/03\/05\/identifican-a-dos-mineros-mas-hallados-en-fosas-en-concordia\/#primaryimage","url":"https:\/\/fuentesfidedignas.com.mx\/wp-content\/uploads\/2026\/03\/mineros_segundos.jpg","contentUrl":"https:\/\/fuentesfidedignas.com.mx\/wp-content\/uploads\/2026\/03\/mineros_segundos.jpg","width":500,"height":302},{"@type":"BreadcrumbList","@id":"https:\/\/fuentesfidedignas.com.mx\/index.php\/2026\/03\/05\/identifican-a-dos-mineros-mas-hallados-en-fosas-en-concordia\/#breadcrumb","itemListElement":[{"@type":"ListItem","position":1,"name":"Inicio","item":"https:\/\/fuentesfidedignas.com.mx\/"},{"@type":"ListItem","position":2,"name":"Identifican a dos mineros m\u00e1s hallados en fosas en Concordia"}]},{"@type":"WebSite","@id":"https:\/\/fuentesfidedignas.com.mx\/#website","url":"https:\/\/fuentesfidedignas.com.mx\/","name":"Fuentes Fidedignas","description":"Otro sitio realizado con WordPress","publisher":{"@id":"https:\/\/fuentesfidedignas.com.mx\/#organization"},"potentialAction":[{"@type":"SearchAction","target":{"@type":"EntryPoint","urlTemplate":"https:\/\/fuentesfidedignas.com.mx\/?s={search_term_string}"},"query-input":{"@type":"PropertyValueSpecification","valueRequired":true,"valueName":"search_term_string"}}],"inLanguage":"es"},{"@type":"Organization","@id":"https:\/\/fuentesfidedignas.com.mx\/#organization","name":"Fuentes Fidedignas","url":"https:\/\/fuentesfidedignas.com.mx\/","logo":{"@type":"ImageObject","inLanguage":"es","@id":"https:\/\/fuentesfidedignas.com.mx\/#\/schema\/logo\/image\/","url":"https:\/\/fuentesfidedignas.com.mx\/wp-content\/uploads\/2021\/04\/logo-retina.png","contentUrl":"https:\/\/fuentesfidedignas.com.mx\/wp-content\/uploads\/2021\/04\/logo-retina.png","width":280,"height":51,"caption":"Fuentes Fidedignas"},"image":{"@id":"https:\/\/fuentesfidedignas.com.mx\/#\/schema\/logo\/image\/"},"sameAs":["https:\/\/www.facebook.com\/Fuentes-Fidedignas-368234489921644","https:\/\/x.com\/fidedignas"]},{"@type":"Person","@id":"https:\/\/fuentesfidedignas.com.mx\/#\/schema\/person\/fee3882e65fd0510d292c43a346d35d7","name":"El Universal","image":{"@type":"ImageObject","inLanguage":"es","@id":"https:\/\/secure.gravatar.com\/avatar\/1ebc94d82b6c3c081781f73e5b76a0d0c1ac7bf8e57426f18802246eeaa2747c?s=96&d=mm&r=g","url":"https:\/\/secure.gravatar.com\/avatar\/1ebc94d82b6c3c081781f73e5b76a0d0c1ac7bf8e57426f18802246eeaa2747c?s=96&d=mm&r=g","contentUrl":"https:\/\/secure.gravatar.com\/avatar\/1ebc94d82b6c3c081781f73e5b76a0d0c1ac7bf8e57426f18802246eeaa2747c?s=96&d=mm&r=g","caption":"El Universal"},"url":"https:\/\/fuentesfidedignas.com.mx\/index.php\/author\/el-universal\/"}]}},"_links":{"self":[{"href":"https:\/\/fuentesfidedignas.com.mx\/index.php\/wp-json\/wp\/v2\/posts\/128587","targetHints":{"allow":["GET"]}}],"collection":[{"href":"https:\/\/fuentesfidedignas.com.mx\/index.php\/wp-json\/wp\/v2\/posts"}],"about":[{"href":"https:\/\/fuentesfidedignas.com.mx\/index.php\/wp-json\/wp\/v2\/types\/post"}],"author":[{"embeddable":true,"href":"https:\/\/fuentesfidedignas.com.mx\/index.php\/wp-json\/wp\/v2\/users\/39"}],"replies":[{"embeddable":true,"href":"https:\/\/fuentesfidedignas.com.mx\/index.php\/wp-json\/wp\/v2\/comments?post=128587"}],"version-history":[{"count":1,"href":"https:\/\/fuentesfidedignas.com.mx\/index.php\/wp-json\/wp\/v2\/posts\/128587\/revisions"}],"predecessor-version":[{"id":128589,"href":"https:\/\/fuentesfidedignas.com.mx\/index.php\/wp-json\/wp\/v2\/posts\/128587\/revisions\/128589"}],"wp:featuredmedia":[{"embeddable":true,"href":"https:\/\/fuentesfidedignas.com.mx\/index.php\/wp-json\/wp\/v2\/media\/128588"}],"wp:attachment":[{"href":"https:\/\/fuentesfidedignas.com.mx\/index.php\/wp-json\/wp\/v2\/media?parent=128587"}],"wp:term":[{"taxonomy":"category","embeddable":true,"href":"https:\/\/fuentesfidedignas.com.mx\/index.php\/wp-json\/wp\/v2\/categories?post=128587"},{"taxonomy":"post_tag","embeddable":true,"href":"https:\/\/fuentesfidedignas.com.mx\/index.php\/wp-json\/wp\/v2\/tags?post=128587"}],"curies":[{"name":"wp","href":"https:\/\/api.w.org\/{rel}","templated":true}]}}