{"id":12826,"date":"2021-09-17T13:40:34","date_gmt":"2021-09-17T20:40:34","guid":{"rendered":"https:\/\/fuentesfidedignas.com.mx\/?p=12826"},"modified":"2021-09-17T13:40:35","modified_gmt":"2021-09-17T20:40:35","slug":"salud-municipal-en-salvador-alvarado-lleva-el-programa-de-descacharrizacion-a-las-comunidades","status":"publish","type":"post","link":"https:\/\/fuentesfidedignas.com.mx\/index.php\/2021\/09\/17\/salud-municipal-en-salvador-alvarado-lleva-el-programa-de-descacharrizacion-a-las-comunidades\/","title":{"rendered":"Salud Municipal en Salvador Alvarado lleva el programa de descacharrizaci\u00f3n a las comunidades"},"content":{"rendered":"\n<p><strong><em>Por solicitud de los comisarios, el ayuntamiento realiz\u00f3 dos jornadas de recolecci\u00f3n de cacharros en seis comunidades; fueron m\u00e1s de 15 toneladas de desechos los que se juntaron<\/em><\/strong><\/p>\n\n\n\n<p>Guam\u00fachil, Salvador Alvarado, Sinaloa.- Despu\u00e9s de que el pasado martes, la presidenta Pier Angely Camacho de Ortiz, atendiera a un grupo de comisarios de la zona norte del municipio, gir\u00f3 instrucciones a la Coordinaci\u00f3n Municipal de Salud, para que se llevaran algunas jornadas de descacharrizaci\u00f3n a las comunidades.<\/p>\n\n\n\n<p>El m\u00e9dico municipal, Edgar Neftal\u00ed Cruz Mel\u00e9ndrez, dio a conocer que fueron dos jornadas de descacharrizaci\u00f3n las que se realizaron, la primera de ellas fue el pasado mi\u00e9rcoles, cuando se atendi\u00f3 a Lagunitas, Cruz Blanca y Las Golondrinas, en las que se recolectaron m\u00e1s de nueve toneladas de cacharros.<\/p>\n\n\n\n<p>Para dar seguimiento al programa, este jueves se atendieron las comunidades de Lucio Blanco, P\u00e9njamo y La Escalera, donde fueron alrededor de otras seis toneladas de cosas que estaban en los patios de las casas y eran propensos a ser criaderos del mosco transmisor del dengue, zika y chikungunya.<\/p>\n\n\n\n<p>El funcionario municipal agreg\u00f3 que dicha reuni\u00f3n se sostuvo con el jefe de la Jurisdicci\u00f3n Sanitaria n\u00famero 3, Luis V\u00edctor Velazco Zayas, con quien se establecieron varios compromisos, el primero de ellos fue el tema de la descacharrizaci\u00f3n, misma que ser\u00e1 seguida de la abatizaci\u00f3n casa por casa por parte del Sector Salud.<\/p>\n\n\n\n<p>A\u00f1adi\u00f3 que siguen muy al pendiente y trabajando de manera coordinada con la ciudadan\u00eda y las autoridades sanitarias, para evitar que se presenten m\u00e1s casos de las enfermedades antes mencionadas, por lo que hizo un llamado a que se acerquen a la Coordinaci\u00f3n Municipal de Salud, en caso de que requieran el retiro de cacharros de sus casas.<\/p>\n","protected":false},"excerpt":{"rendered":"<p>Por solicitud de los comisarios, el ayuntamiento realiz\u00f3 dos jornadas de recolecci\u00f3n de cacharros en seis comunidades; fueron m\u00e1s de 15 toneladas de desechos los que se juntaron Guam\u00fachil, Salvador Alvarado, Sinaloa.- Despu\u00e9s de que el pasado martes, la presidenta Pier Angely Camacho de Ortiz, atendiera a un grupo de comisarios de la zona norte [&hellip;]<\/p>\n","protected":false},"author":4,"featured_media":12827,"comment_status":"open","ping_status":"open","sticky":false,"template":"","format":"standard","meta":{"tdm_status":"","tdm_grid_status":"","footnotes":""},"categories":[1],"tags":[1209,723],"class_list":{"0":"post-12826","1":"post","2":"type-post","3":"status-publish","4":"format-standard","5":"has-post-thumbnail","7":"category-sin-categoria","8":"tag-descacharrizacion","9":"tag-salvador-alvarado"},"yoast_head":"<!-- This site is optimized with the Yoast SEO plugin v27.5 - https:\/\/yoast.com\/product\/yoast-seo-wordpress\/ -->\n<title>Salud Municipal en Salvador Alvarado lleva el programa de descacharrizaci\u00f3n a las comunidades - Fuentes Fidedignas<\/title>\n<meta name=\"robots\" content=\"index, follow, max-snippet:-1, max-image-preview:large, max-video-preview:-1\" \/>\n<link rel=\"canonical\" href=\"https:\/\/fuentesfidedignas.com.mx\/index.php\/2021\/09\/17\/salud-municipal-en-salvador-alvarado-lleva-el-programa-de-descacharrizacion-a-las-comunidades\/\" \/>\n<meta property=\"og:locale\" content=\"es_MX\" \/>\n<meta property=\"og:type\" content=\"article\" \/>\n<meta property=\"og:title\" content=\"Salud Municipal en Salvador Alvarado lleva el programa de descacharrizaci\u00f3n a las comunidades - Fuentes Fidedignas\" \/>\n<meta property=\"og:description\" content=\"Por solicitud de los comisarios, el ayuntamiento realiz\u00f3 dos jornadas de recolecci\u00f3n de cacharros en seis comunidades; fueron m\u00e1s de 15 toneladas de desechos los que se juntaron Guam\u00fachil, Salvador Alvarado, Sinaloa.- Despu\u00e9s de que el pasado martes, la presidenta Pier Angely Camacho de Ortiz, atendiera a un grupo de comisarios de la zona norte [&hellip;]\" \/>\n<meta property=\"og:url\" content=\"https:\/\/fuentesfidedignas.com.mx\/index.php\/2021\/09\/17\/salud-municipal-en-salvador-alvarado-lleva-el-programa-de-descacharrizacion-a-las-comunidades\/\" \/>\n<meta property=\"og:site_name\" content=\"Fuentes Fidedignas\" \/>\n<meta property=\"article:publisher\" content=\"https:\/\/www.facebook.com\/Fuentes-Fidedignas-368234489921644\" \/>\n<meta property=\"article:published_time\" content=\"2021-09-17T20:40:34+00:00\" \/>\n<meta property=\"article:modified_time\" content=\"2021-09-17T20:40:35+00:00\" \/>\n<meta property=\"og:image\" content=\"https:\/\/fuentesfidedignas.com.mx\/wp-content\/uploads\/2021\/09\/DESCACHARRIZACION_001.jpg\" \/>\n\t<meta property=\"og:image:width\" content=\"934\" \/>\n\t<meta property=\"og:image:height\" content=\"596\" \/>\n\t<meta property=\"og:image:type\" content=\"image\/jpeg\" \/>\n<meta name=\"author\" content=\"Redacci\u00f3n\" \/>\n<meta name=\"twitter:card\" content=\"summary_large_image\" \/>\n<meta name=\"twitter:creator\" content=\"@fidedignas\" \/>\n<meta name=\"twitter:site\" content=\"@fidedignas\" \/>\n<meta name=\"twitter:label1\" content=\"Escrito por\" \/>\n\t<meta name=\"twitter:data1\" content=\"Redacci\u00f3n\" \/>\n\t<meta name=\"twitter:label2\" content=\"Tiempo de lectura\" \/>\n\t<meta name=\"twitter:data2\" content=\"2 minutos\" \/>\n<script type=\"application\/ld+json\" class=\"yoast-schema-graph\">{\"@context\":\"https:\\\/\\\/schema.org\",\"@graph\":[{\"@type\":\"Article\",\"@id\":\"https:\\\/\\\/fuentesfidedignas.com.mx\\\/index.php\\\/2021\\\/09\\\/17\\\/salud-municipal-en-salvador-alvarado-lleva-el-programa-de-descacharrizacion-a-las-comunidades\\\/#article\",\"isPartOf\":{\"@id\":\"https:\\\/\\\/fuentesfidedignas.com.mx\\\/index.php\\\/2021\\\/09\\\/17\\\/salud-municipal-en-salvador-alvarado-lleva-el-programa-de-descacharrizacion-a-las-comunidades\\\/\"},\"author\":{\"name\":\"Redacci\u00f3n\",\"@id\":\"https:\\\/\\\/fuentesfidedignas.com.mx\\\/#\\\/schema\\\/person\\\/331be9283d37198e2acd5750279085b0\"},\"headline\":\"Salud Municipal en Salvador Alvarado lleva el programa de descacharrizaci\u00f3n a las comunidades\",\"datePublished\":\"2021-09-17T20:40:34+00:00\",\"dateModified\":\"2021-09-17T20:40:35+00:00\",\"mainEntityOfPage\":{\"@id\":\"https:\\\/\\\/fuentesfidedignas.com.mx\\\/index.php\\\/2021\\\/09\\\/17\\\/salud-municipal-en-salvador-alvarado-lleva-el-programa-de-descacharrizacion-a-las-comunidades\\\/\"},\"wordCount\":320,\"commentCount\":0,\"publisher\":{\"@id\":\"https:\\\/\\\/fuentesfidedignas.com.mx\\\/#organization\"},\"image\":{\"@id\":\"https:\\\/\\\/fuentesfidedignas.com.mx\\\/index.php\\\/2021\\\/09\\\/17\\\/salud-municipal-en-salvador-alvarado-lleva-el-programa-de-descacharrizacion-a-las-comunidades\\\/#primaryimage\"},\"thumbnailUrl\":\"https:\\\/\\\/fuentesfidedignas.com.mx\\\/wp-content\\\/uploads\\\/2021\\\/09\\\/DESCACHARRIZACION_001.jpg\",\"keywords\":[\"Descacharrizaci\u00f3n\",\"Salvador Alvarado\"],\"inLanguage\":\"es\",\"potentialAction\":[{\"@type\":\"CommentAction\",\"name\":\"Comment\",\"target\":[\"https:\\\/\\\/fuentesfidedignas.com.mx\\\/index.php\\\/2021\\\/09\\\/17\\\/salud-municipal-en-salvador-alvarado-lleva-el-programa-de-descacharrizacion-a-las-comunidades\\\/#respond\"]}]},{\"@type\":\"WebPage\",\"@id\":\"https:\\\/\\\/fuentesfidedignas.com.mx\\\/index.php\\\/2021\\\/09\\\/17\\\/salud-municipal-en-salvador-alvarado-lleva-el-programa-de-descacharrizacion-a-las-comunidades\\\/\",\"url\":\"https:\\\/\\\/fuentesfidedignas.com.mx\\\/index.php\\\/2021\\\/09\\\/17\\\/salud-municipal-en-salvador-alvarado-lleva-el-programa-de-descacharrizacion-a-las-comunidades\\\/\",\"name\":\"Salud Municipal en Salvador Alvarado lleva el programa de descacharrizaci\u00f3n a las comunidades - Fuentes Fidedignas\",\"isPartOf\":{\"@id\":\"https:\\\/\\\/fuentesfidedignas.com.mx\\\/#website\"},\"primaryImageOfPage\":{\"@id\":\"https:\\\/\\\/fuentesfidedignas.com.mx\\\/index.php\\\/2021\\\/09\\\/17\\\/salud-municipal-en-salvador-alvarado-lleva-el-programa-de-descacharrizacion-a-las-comunidades\\\/#primaryimage\"},\"image\":{\"@id\":\"https:\\\/\\\/fuentesfidedignas.com.mx\\\/index.php\\\/2021\\\/09\\\/17\\\/salud-municipal-en-salvador-alvarado-lleva-el-programa-de-descacharrizacion-a-las-comunidades\\\/#primaryimage\"},\"thumbnailUrl\":\"https:\\\/\\\/fuentesfidedignas.com.mx\\\/wp-content\\\/uploads\\\/2021\\\/09\\\/DESCACHARRIZACION_001.jpg\",\"datePublished\":\"2021-09-17T20:40:34+00:00\",\"dateModified\":\"2021-09-17T20:40:35+00:00\",\"breadcrumb\":{\"@id\":\"https:\\\/\\\/fuentesfidedignas.com.mx\\\/index.php\\\/2021\\\/09\\\/17\\\/salud-municipal-en-salvador-alvarado-lleva-el-programa-de-descacharrizacion-a-las-comunidades\\\/#breadcrumb\"},\"inLanguage\":\"es\",\"potentialAction\":[{\"@type\":\"ReadAction\",\"target\":[\"https:\\\/\\\/fuentesfidedignas.com.mx\\\/index.php\\\/2021\\\/09\\\/17\\\/salud-municipal-en-salvador-alvarado-lleva-el-programa-de-descacharrizacion-a-las-comunidades\\\/\"]}]},{\"@type\":\"ImageObject\",\"inLanguage\":\"es\",\"@id\":\"https:\\\/\\\/fuentesfidedignas.com.mx\\\/index.php\\\/2021\\\/09\\\/17\\\/salud-municipal-en-salvador-alvarado-lleva-el-programa-de-descacharrizacion-a-las-comunidades\\\/#primaryimage\",\"url\":\"https:\\\/\\\/fuentesfidedignas.com.mx\\\/wp-content\\\/uploads\\\/2021\\\/09\\\/DESCACHARRIZACION_001.jpg\",\"contentUrl\":\"https:\\\/\\\/fuentesfidedignas.com.mx\\\/wp-content\\\/uploads\\\/2021\\\/09\\\/DESCACHARRIZACION_001.jpg\",\"width\":934,\"height\":596},{\"@type\":\"BreadcrumbList\",\"@id\":\"https:\\\/\\\/fuentesfidedignas.com.mx\\\/index.php\\\/2021\\\/09\\\/17\\\/salud-municipal-en-salvador-alvarado-lleva-el-programa-de-descacharrizacion-a-las-comunidades\\\/#breadcrumb\",\"itemListElement\":[{\"@type\":\"ListItem\",\"position\":1,\"name\":\"Inicio\",\"item\":\"https:\\\/\\\/fuentesfidedignas.com.mx\\\/\"},{\"@type\":\"ListItem\",\"position\":2,\"name\":\"Salud Municipal en Salvador Alvarado lleva el programa de descacharrizaci\u00f3n a las comunidades\"}]},{\"@type\":\"WebSite\",\"@id\":\"https:\\\/\\\/fuentesfidedignas.com.mx\\\/#website\",\"url\":\"https:\\\/\\\/fuentesfidedignas.com.mx\\\/\",\"name\":\"Fuentes Fidedignas\",\"description\":\"Otro sitio realizado con WordPress\",\"publisher\":{\"@id\":\"https:\\\/\\\/fuentesfidedignas.com.mx\\\/#organization\"},\"potentialAction\":[{\"@type\":\"SearchAction\",\"target\":{\"@type\":\"EntryPoint\",\"urlTemplate\":\"https:\\\/\\\/fuentesfidedignas.com.mx\\\/?s={search_term_string}\"},\"query-input\":{\"@type\":\"PropertyValueSpecification\",\"valueRequired\":true,\"valueName\":\"search_term_string\"}}],\"inLanguage\":\"es\"},{\"@type\":\"Organization\",\"@id\":\"https:\\\/\\\/fuentesfidedignas.com.mx\\\/#organization\",\"name\":\"Fuentes Fidedignas\",\"url\":\"https:\\\/\\\/fuentesfidedignas.com.mx\\\/\",\"logo\":{\"@type\":\"ImageObject\",\"inLanguage\":\"es\",\"@id\":\"https:\\\/\\\/fuentesfidedignas.com.mx\\\/#\\\/schema\\\/logo\\\/image\\\/\",\"url\":\"https:\\\/\\\/fuentesfidedignas.com.mx\\\/wp-content\\\/uploads\\\/2021\\\/04\\\/logo-retina.png\",\"contentUrl\":\"https:\\\/\\\/fuentesfidedignas.com.mx\\\/wp-content\\\/uploads\\\/2021\\\/04\\\/logo-retina.png\",\"width\":280,\"height\":51,\"caption\":\"Fuentes Fidedignas\"},\"image\":{\"@id\":\"https:\\\/\\\/fuentesfidedignas.com.mx\\\/#\\\/schema\\\/logo\\\/image\\\/\"},\"sameAs\":[\"https:\\\/\\\/www.facebook.com\\\/Fuentes-Fidedignas-368234489921644\",\"https:\\\/\\\/x.com\\\/fidedignas\"]},{\"@type\":\"Person\",\"@id\":\"https:\\\/\\\/fuentesfidedignas.com.mx\\\/#\\\/schema\\\/person\\\/331be9283d37198e2acd5750279085b0\",\"name\":\"Redacci\u00f3n\",\"image\":{\"@type\":\"ImageObject\",\"inLanguage\":\"es\",\"@id\":\"https:\\\/\\\/secure.gravatar.com\\\/avatar\\\/f6d8782c11d12b2d4ad3fbb6931aeab5309937a4d6cd2fc9cfaa28a6396a5aec?s=96&d=mm&r=g\",\"url\":\"https:\\\/\\\/secure.gravatar.com\\\/avatar\\\/f6d8782c11d12b2d4ad3fbb6931aeab5309937a4d6cd2fc9cfaa28a6396a5aec?s=96&d=mm&r=g\",\"contentUrl\":\"https:\\\/\\\/secure.gravatar.com\\\/avatar\\\/f6d8782c11d12b2d4ad3fbb6931aeab5309937a4d6cd2fc9cfaa28a6396a5aec?s=96&d=mm&r=g\",\"caption\":\"Redacci\u00f3n\"},\"url\":\"https:\\\/\\\/fuentesfidedignas.com.mx\\\/index.php\\\/author\\\/redaccion\\\/\"}]}<\/script>\n<!-- \/ Yoast SEO plugin. -->","yoast_head_json":{"title":"Salud Municipal en Salvador Alvarado lleva el programa de descacharrizaci\u00f3n a las comunidades - Fuentes Fidedignas","robots":{"index":"index","follow":"follow","max-snippet":"max-snippet:-1","max-image-preview":"max-image-preview:large","max-video-preview":"max-video-preview:-1"},"canonical":"https:\/\/fuentesfidedignas.com.mx\/index.php\/2021\/09\/17\/salud-municipal-en-salvador-alvarado-lleva-el-programa-de-descacharrizacion-a-las-comunidades\/","og_locale":"es_MX","og_type":"article","og_title":"Salud Municipal en Salvador Alvarado lleva el programa de descacharrizaci\u00f3n a las comunidades - Fuentes Fidedignas","og_description":"Por solicitud de los comisarios, el ayuntamiento realiz\u00f3 dos jornadas de recolecci\u00f3n de cacharros en seis comunidades; fueron m\u00e1s de 15 toneladas de desechos los que se juntaron Guam\u00fachil, Salvador Alvarado, Sinaloa.- Despu\u00e9s de que el pasado martes, la presidenta Pier Angely Camacho de Ortiz, atendiera a un grupo de comisarios de la zona norte [&hellip;]","og_url":"https:\/\/fuentesfidedignas.com.mx\/index.php\/2021\/09\/17\/salud-municipal-en-salvador-alvarado-lleva-el-programa-de-descacharrizacion-a-las-comunidades\/","og_site_name":"Fuentes Fidedignas","article_publisher":"https:\/\/www.facebook.com\/Fuentes-Fidedignas-368234489921644","article_published_time":"2021-09-17T20:40:34+00:00","article_modified_time":"2021-09-17T20:40:35+00:00","og_image":[{"width":934,"height":596,"url":"https:\/\/fuentesfidedignas.com.mx\/wp-content\/uploads\/2021\/09\/DESCACHARRIZACION_001.jpg","type":"image\/jpeg"}],"author":"Redacci\u00f3n","twitter_card":"summary_large_image","twitter_creator":"@fidedignas","twitter_site":"@fidedignas","twitter_misc":{"Escrito por":"Redacci\u00f3n","Tiempo de lectura":"2 minutos"},"schema":{"@context":"https:\/\/schema.org","@graph":[{"@type":"Article","@id":"https:\/\/fuentesfidedignas.com.mx\/index.php\/2021\/09\/17\/salud-municipal-en-salvador-alvarado-lleva-el-programa-de-descacharrizacion-a-las-comunidades\/#article","isPartOf":{"@id":"https:\/\/fuentesfidedignas.com.mx\/index.php\/2021\/09\/17\/salud-municipal-en-salvador-alvarado-lleva-el-programa-de-descacharrizacion-a-las-comunidades\/"},"author":{"name":"Redacci\u00f3n","@id":"https:\/\/fuentesfidedignas.com.mx\/#\/schema\/person\/331be9283d37198e2acd5750279085b0"},"headline":"Salud Municipal en Salvador Alvarado lleva el programa de descacharrizaci\u00f3n a las comunidades","datePublished":"2021-09-17T20:40:34+00:00","dateModified":"2021-09-17T20:40:35+00:00","mainEntityOfPage":{"@id":"https:\/\/fuentesfidedignas.com.mx\/index.php\/2021\/09\/17\/salud-municipal-en-salvador-alvarado-lleva-el-programa-de-descacharrizacion-a-las-comunidades\/"},"wordCount":320,"commentCount":0,"publisher":{"@id":"https:\/\/fuentesfidedignas.com.mx\/#organization"},"image":{"@id":"https:\/\/fuentesfidedignas.com.mx\/index.php\/2021\/09\/17\/salud-municipal-en-salvador-alvarado-lleva-el-programa-de-descacharrizacion-a-las-comunidades\/#primaryimage"},"thumbnailUrl":"https:\/\/fuentesfidedignas.com.mx\/wp-content\/uploads\/2021\/09\/DESCACHARRIZACION_001.jpg","keywords":["Descacharrizaci\u00f3n","Salvador Alvarado"],"inLanguage":"es","potentialAction":[{"@type":"CommentAction","name":"Comment","target":["https:\/\/fuentesfidedignas.com.mx\/index.php\/2021\/09\/17\/salud-municipal-en-salvador-alvarado-lleva-el-programa-de-descacharrizacion-a-las-comunidades\/#respond"]}]},{"@type":"WebPage","@id":"https:\/\/fuentesfidedignas.com.mx\/index.php\/2021\/09\/17\/salud-municipal-en-salvador-alvarado-lleva-el-programa-de-descacharrizacion-a-las-comunidades\/","url":"https:\/\/fuentesfidedignas.com.mx\/index.php\/2021\/09\/17\/salud-municipal-en-salvador-alvarado-lleva-el-programa-de-descacharrizacion-a-las-comunidades\/","name":"Salud Municipal en Salvador Alvarado lleva el programa de descacharrizaci\u00f3n a las comunidades - Fuentes Fidedignas","isPartOf":{"@id":"https:\/\/fuentesfidedignas.com.mx\/#website"},"primaryImageOfPage":{"@id":"https:\/\/fuentesfidedignas.com.mx\/index.php\/2021\/09\/17\/salud-municipal-en-salvador-alvarado-lleva-el-programa-de-descacharrizacion-a-las-comunidades\/#primaryimage"},"image":{"@id":"https:\/\/fuentesfidedignas.com.mx\/index.php\/2021\/09\/17\/salud-municipal-en-salvador-alvarado-lleva-el-programa-de-descacharrizacion-a-las-comunidades\/#primaryimage"},"thumbnailUrl":"https:\/\/fuentesfidedignas.com.mx\/wp-content\/uploads\/2021\/09\/DESCACHARRIZACION_001.jpg","datePublished":"2021-09-17T20:40:34+00:00","dateModified":"2021-09-17T20:40:35+00:00","breadcrumb":{"@id":"https:\/\/fuentesfidedignas.com.mx\/index.php\/2021\/09\/17\/salud-municipal-en-salvador-alvarado-lleva-el-programa-de-descacharrizacion-a-las-comunidades\/#breadcrumb"},"inLanguage":"es","potentialAction":[{"@type":"ReadAction","target":["https:\/\/fuentesfidedignas.com.mx\/index.php\/2021\/09\/17\/salud-municipal-en-salvador-alvarado-lleva-el-programa-de-descacharrizacion-a-las-comunidades\/"]}]},{"@type":"ImageObject","inLanguage":"es","@id":"https:\/\/fuentesfidedignas.com.mx\/index.php\/2021\/09\/17\/salud-municipal-en-salvador-alvarado-lleva-el-programa-de-descacharrizacion-a-las-comunidades\/#primaryimage","url":"https:\/\/fuentesfidedignas.com.mx\/wp-content\/uploads\/2021\/09\/DESCACHARRIZACION_001.jpg","contentUrl":"https:\/\/fuentesfidedignas.com.mx\/wp-content\/uploads\/2021\/09\/DESCACHARRIZACION_001.jpg","width":934,"height":596},{"@type":"BreadcrumbList","@id":"https:\/\/fuentesfidedignas.com.mx\/index.php\/2021\/09\/17\/salud-municipal-en-salvador-alvarado-lleva-el-programa-de-descacharrizacion-a-las-comunidades\/#breadcrumb","itemListElement":[{"@type":"ListItem","position":1,"name":"Inicio","item":"https:\/\/fuentesfidedignas.com.mx\/"},{"@type":"ListItem","position":2,"name":"Salud Municipal en Salvador Alvarado lleva el programa de descacharrizaci\u00f3n a las comunidades"}]},{"@type":"WebSite","@id":"https:\/\/fuentesfidedignas.com.mx\/#website","url":"https:\/\/fuentesfidedignas.com.mx\/","name":"Fuentes Fidedignas","description":"Otro sitio realizado con WordPress","publisher":{"@id":"https:\/\/fuentesfidedignas.com.mx\/#organization"},"potentialAction":[{"@type":"SearchAction","target":{"@type":"EntryPoint","urlTemplate":"https:\/\/fuentesfidedignas.com.mx\/?s={search_term_string}"},"query-input":{"@type":"PropertyValueSpecification","valueRequired":true,"valueName":"search_term_string"}}],"inLanguage":"es"},{"@type":"Organization","@id":"https:\/\/fuentesfidedignas.com.mx\/#organization","name":"Fuentes Fidedignas","url":"https:\/\/fuentesfidedignas.com.mx\/","logo":{"@type":"ImageObject","inLanguage":"es","@id":"https:\/\/fuentesfidedignas.com.mx\/#\/schema\/logo\/image\/","url":"https:\/\/fuentesfidedignas.com.mx\/wp-content\/uploads\/2021\/04\/logo-retina.png","contentUrl":"https:\/\/fuentesfidedignas.com.mx\/wp-content\/uploads\/2021\/04\/logo-retina.png","width":280,"height":51,"caption":"Fuentes Fidedignas"},"image":{"@id":"https:\/\/fuentesfidedignas.com.mx\/#\/schema\/logo\/image\/"},"sameAs":["https:\/\/www.facebook.com\/Fuentes-Fidedignas-368234489921644","https:\/\/x.com\/fidedignas"]},{"@type":"Person","@id":"https:\/\/fuentesfidedignas.com.mx\/#\/schema\/person\/331be9283d37198e2acd5750279085b0","name":"Redacci\u00f3n","image":{"@type":"ImageObject","inLanguage":"es","@id":"https:\/\/secure.gravatar.com\/avatar\/f6d8782c11d12b2d4ad3fbb6931aeab5309937a4d6cd2fc9cfaa28a6396a5aec?s=96&d=mm&r=g","url":"https:\/\/secure.gravatar.com\/avatar\/f6d8782c11d12b2d4ad3fbb6931aeab5309937a4d6cd2fc9cfaa28a6396a5aec?s=96&d=mm&r=g","contentUrl":"https:\/\/secure.gravatar.com\/avatar\/f6d8782c11d12b2d4ad3fbb6931aeab5309937a4d6cd2fc9cfaa28a6396a5aec?s=96&d=mm&r=g","caption":"Redacci\u00f3n"},"url":"https:\/\/fuentesfidedignas.com.mx\/index.php\/author\/redaccion\/"}]}},"_links":{"self":[{"href":"https:\/\/fuentesfidedignas.com.mx\/index.php\/wp-json\/wp\/v2\/posts\/12826","targetHints":{"allow":["GET"]}}],"collection":[{"href":"https:\/\/fuentesfidedignas.com.mx\/index.php\/wp-json\/wp\/v2\/posts"}],"about":[{"href":"https:\/\/fuentesfidedignas.com.mx\/index.php\/wp-json\/wp\/v2\/types\/post"}],"author":[{"embeddable":true,"href":"https:\/\/fuentesfidedignas.com.mx\/index.php\/wp-json\/wp\/v2\/users\/4"}],"replies":[{"embeddable":true,"href":"https:\/\/fuentesfidedignas.com.mx\/index.php\/wp-json\/wp\/v2\/comments?post=12826"}],"version-history":[{"count":1,"href":"https:\/\/fuentesfidedignas.com.mx\/index.php\/wp-json\/wp\/v2\/posts\/12826\/revisions"}],"predecessor-version":[{"id":12828,"href":"https:\/\/fuentesfidedignas.com.mx\/index.php\/wp-json\/wp\/v2\/posts\/12826\/revisions\/12828"}],"wp:featuredmedia":[{"embeddable":true,"href":"https:\/\/fuentesfidedignas.com.mx\/index.php\/wp-json\/wp\/v2\/media\/12827"}],"wp:attachment":[{"href":"https:\/\/fuentesfidedignas.com.mx\/index.php\/wp-json\/wp\/v2\/media?parent=12826"}],"wp:term":[{"taxonomy":"category","embeddable":true,"href":"https:\/\/fuentesfidedignas.com.mx\/index.php\/wp-json\/wp\/v2\/categories?post=12826"},{"taxonomy":"post_tag","embeddable":true,"href":"https:\/\/fuentesfidedignas.com.mx\/index.php\/wp-json\/wp\/v2\/tags?post=12826"}],"curies":[{"name":"wp","href":"https:\/\/api.w.org\/{rel}","templated":true}]}}