{"id":128241,"date":"2026-02-28T14:26:48","date_gmt":"2026-02-28T21:26:48","guid":{"rendered":"https:\/\/fuentesfidedignas.com.mx\/?p=128241"},"modified":"2026-02-28T14:28:52","modified_gmt":"2026-02-28T21:28:52","slug":"hay-indicios-de-que-el-lider-de-iran-ali-khamenei-murio-netanyahu","status":"publish","type":"post","link":"https:\/\/fuentesfidedignas.com.mx\/index.php\/2026\/02\/28\/hay-indicios-de-que-el-lider-de-iran-ali-khamenei-murio-netanyahu\/","title":{"rendered":"&#8220;Hay indicios&#8221; de que el l\u00edder de Ir\u00e1n Al\u00ed Khamenei muri\u00f3: Netanyahu"},"content":{"rendered":"\n<p><strong><em>&#8220;Destruimos, en un ataque sorpresa, el complejo del tirano Khamenei en el coraz\u00f3n de Teher\u00e1n&#8221;, afirma<\/em><\/strong><\/p>\n\n\n\n<p>El primer ministro de Israel, Benjam\u00edn Netanyahu, afirm\u00f3 que &#8220;hay muchos indicios&#8221; de que el l\u00edder supremo de Ir\u00e1n, Al\u00ed Khamenei muri\u00f3 este s\u00e1bado en el ataque de Estados Unidos e Israel contra Ir\u00e1n.<\/p>\n\n\n\n<p>&#8220;Esta ma\u00f1ana destruimos, en un ataque sorpresa, el complejo del tirano Khamenei en el coraz\u00f3n de Teher\u00e1n&#8221; y &#8220;hay muchos indicios de que ese tirano ya no est\u00e1 vivo&#8221;, declar\u00f3 Netanyahu.<\/p>\n\n\n\n<p>Netanyahu se\u00f1al\u00f3 que Israel ha eliminado a comandantes del Cuerpo de la Guardia Revolucionaria Isl\u00e1mica, altos cargos del r\u00e9gimen iran\u00ed y altos cargos del programa nuclear, y dijo que en los pr\u00f3ximos d\u00edas &#8220;atacaremos miles de objetivos del r\u00e9gimen terrorista&#8221;.<\/p>\n\n\n\n<p>Afirm\u00f3 que Israel crear\u00e1 las condiciones para que el pueblo iran\u00ed &#8220;se libere de las cadenas de la dictadura&#8221;.<\/p>\n\n\n\n<p>Reuters, citando a un alto funcionario israel\u00ed, inform\u00f3 que se ha encontrado el cuerpo de Jamenei.<\/p>\n\n\n\n<p>Axios, citando una fuente, afirma que el embajador israel\u00ed en Estados Unidos, Yechiel Leiter, ha informado a funcionarios estadounidenses de que Jamenei muri\u00f3 en el ataque contra su complejo en Teher\u00e1n.<\/p>\n\n\n\n<p>Varios medios israel\u00edes, entre ellos News 12 y Times of Israel, citan a funcionarios israel\u00edes que tambi\u00e9n afirman que el l\u00edder supremo ha fallecido.<\/p>\n\n\n\n<p>Tambi\u00e9n indican que tanto Netanyahu como Trump han visto ya la foto del cad\u00e1ver de Jamenei.<\/p>\n\n\n\n<p>Netanyahu advirti\u00f3 que la operaci\u00f3n contra Ir\u00e1n &#8220;continuar\u00e1 mientras sea necesario&#8221;.<\/p>\n\n\n\n<p>El primer ministro agradeci\u00f3 al presidente estadounidense Donald Trump por su &#8220;liderazgo hist\u00f3rico&#8221;.<\/p>\n\n\n\n<p>Netanyahu tambi\u00e9n mand\u00f3 un mensaje a los iran\u00edes. &#8220;No pierdan esta oportunidad&#8221;, les dijo. &#8220;Es una oportunidad \u00fanica en una generaci\u00f3n&#8221;.<\/p>\n\n\n\n<p>&#8220;Pronto llegar\u00e1 su momento&#8221;, afirma, &#8220;el momento en el que deber\u00e1n salir a las calles en masa, salir a las calles para completar la tarea de derrocar al r\u00e9gimen de terror que amarga sus vidas&#8221;.<\/p>\n\n\n\n<p>En ingl\u00e9s, Netanyahu a\u00f1adi\u00f3 que &#8220;la ayuda ha llegado&#8221;.<\/p>\n\n\n\n<p><strong>Portavoz iran\u00ed dice no estar en condiciones de confirmar si Khamene\u00ed est\u00e1 vivo<\/strong><br>Un portavoz del gobierno iran\u00ed dijo este s\u00e1bado a la cadena brit\u00e1nica BBC que no puede confirmar si el l\u00edder supremo de Ir\u00e1n Ali Khamene\u00ed sigue con vida, ni su paradero.<\/p>\n\n\n\n<p>El portavoz del Ministerio de Exteriores, Esmail Baghaei, fue preguntado por una periodista de ese canal sobre si los ataques hab\u00edan costado la vida de Khamene\u00ed y de otros dirigentes, as\u00ed como sobre su paradero.<\/p>\n\n\n\n<p>&#8220;No puedo confirmar nada&#8221;, afirm\u00f3, para a\u00f1adir luego que el pa\u00eds y el pueblo entero est\u00e1n &#8220;concentrados en garantizar la soberan\u00eda de la naci\u00f3n y su integridad territorial&#8221;, as\u00ed como su defensa &#8220;de una agresi\u00f3n no provocada&#8221;.<\/p>\n\n\n\n<p>Khamene\u00ed, de 86 a\u00f1os, no ha sido visto con vida a lo largo del d\u00eda, aunque la agencia oficial Tasnim asegur\u00f3, citando a &#8220;una fuente informada&#8221;, que se encuentra al mando de las operaciones de defensa.<\/p>\n\n\n\n<p>Tampoco el presidente del Gobierno, Masud Pezeshkian, y el jefe del Poder Judicial iran\u00ed, Golamhosein Mohseni Eyei, han sido vistos hoy, pero los medios iran\u00edes sostienen que se encuentran con vida y en buen estado.<\/p>\n","protected":false},"excerpt":{"rendered":"<p>&#8220;Destruimos, en un ataque sorpresa, el complejo del tirano Khamenei en el coraz\u00f3n de Teher\u00e1n&#8221;, afirma El primer ministro de Israel, Benjam\u00edn Netanyahu, afirm\u00f3 que &#8220;hay muchos indicios&#8221; de que el l\u00edder supremo de Ir\u00e1n, Al\u00ed Khamenei muri\u00f3 este s\u00e1bado en el ataque de Estados Unidos e Israel contra Ir\u00e1n. &#8220;Esta ma\u00f1ana destruimos, en un [&hellip;]<\/p>\n","protected":false},"author":39,"featured_media":128242,"comment_status":"open","ping_status":"open","sticky":false,"template":"","format":"standard","meta":{"tdm_status":"","tdm_grid_status":"","footnotes":""},"categories":[39],"tags":[],"class_list":{"0":"post-128241","1":"post","2":"type-post","3":"status-publish","4":"format-standard","5":"has-post-thumbnail","7":"category-noticias-nacionales"},"yoast_head":"<!-- This site is optimized with the Yoast SEO plugin v27.4 - https:\/\/yoast.com\/product\/yoast-seo-wordpress\/ -->\n<title>&quot;Hay indicios&quot; de que el l\u00edder de Ir\u00e1n Al\u00ed Khamenei muri\u00f3: Netanyahu - Fuentes Fidedignas<\/title>\n<meta name=\"robots\" content=\"index, follow, max-snippet:-1, max-image-preview:large, max-video-preview:-1\" \/>\n<link rel=\"canonical\" href=\"https:\/\/fuentesfidedignas.com.mx\/index.php\/2026\/02\/28\/hay-indicios-de-que-el-lider-de-iran-ali-khamenei-murio-netanyahu\/\" \/>\n<meta property=\"og:locale\" content=\"es_MX\" \/>\n<meta property=\"og:type\" content=\"article\" \/>\n<meta property=\"og:title\" content=\"&quot;Hay indicios&quot; de que el l\u00edder de Ir\u00e1n Al\u00ed Khamenei muri\u00f3: Netanyahu - Fuentes Fidedignas\" \/>\n<meta property=\"og:description\" content=\"&#8220;Destruimos, en un ataque sorpresa, el complejo del tirano Khamenei en el coraz\u00f3n de Teher\u00e1n&#8221;, afirma El primer ministro de Israel, Benjam\u00edn Netanyahu, afirm\u00f3 que &#8220;hay muchos indicios&#8221; de que el l\u00edder supremo de Ir\u00e1n, Al\u00ed Khamenei muri\u00f3 este s\u00e1bado en el ataque de Estados Unidos e Israel contra Ir\u00e1n. &#8220;Esta ma\u00f1ana destruimos, en un [&hellip;]\" \/>\n<meta property=\"og:url\" content=\"https:\/\/fuentesfidedignas.com.mx\/index.php\/2026\/02\/28\/hay-indicios-de-que-el-lider-de-iran-ali-khamenei-murio-netanyahu\/\" \/>\n<meta property=\"og:site_name\" content=\"Fuentes Fidedignas\" \/>\n<meta property=\"article:publisher\" content=\"https:\/\/www.facebook.com\/Fuentes-Fidedignas-368234489921644\" \/>\n<meta property=\"article:published_time\" content=\"2026-02-28T21:26:48+00:00\" \/>\n<meta property=\"article:modified_time\" content=\"2026-02-28T21:28:52+00:00\" \/>\n<meta property=\"og:image\" content=\"https:\/\/fuentesfidedignas.com.mx\/wp-content\/uploads\/2026\/02\/ayatola-lider-supremo-iran.jpg\" \/>\n\t<meta property=\"og:image:width\" content=\"500\" \/>\n\t<meta property=\"og:image:height\" content=\"281\" \/>\n\t<meta property=\"og:image:type\" content=\"image\/jpeg\" \/>\n<meta name=\"author\" content=\"El Universal\" \/>\n<meta name=\"twitter:card\" content=\"summary_large_image\" \/>\n<meta name=\"twitter:creator\" content=\"@fidedignas\" \/>\n<meta name=\"twitter:site\" content=\"@fidedignas\" \/>\n<meta name=\"twitter:label1\" content=\"Escrito por\" \/>\n\t<meta name=\"twitter:data1\" content=\"El Universal\" \/>\n\t<meta name=\"twitter:label2\" content=\"Tiempo de lectura\" \/>\n\t<meta name=\"twitter:data2\" content=\"3 minutos\" \/>\n<script type=\"application\/ld+json\" class=\"yoast-schema-graph\">{\"@context\":\"https:\\\/\\\/schema.org\",\"@graph\":[{\"@type\":\"Article\",\"@id\":\"https:\\\/\\\/fuentesfidedignas.com.mx\\\/index.php\\\/2026\\\/02\\\/28\\\/hay-indicios-de-que-el-lider-de-iran-ali-khamenei-murio-netanyahu\\\/#article\",\"isPartOf\":{\"@id\":\"https:\\\/\\\/fuentesfidedignas.com.mx\\\/index.php\\\/2026\\\/02\\\/28\\\/hay-indicios-de-que-el-lider-de-iran-ali-khamenei-murio-netanyahu\\\/\"},\"author\":{\"name\":\"El Universal\",\"@id\":\"https:\\\/\\\/fuentesfidedignas.com.mx\\\/#\\\/schema\\\/person\\\/fee3882e65fd0510d292c43a346d35d7\"},\"headline\":\"&#8220;Hay indicios&#8221; de que el l\u00edder de Ir\u00e1n Al\u00ed Khamenei muri\u00f3: Netanyahu\",\"datePublished\":\"2026-02-28T21:26:48+00:00\",\"dateModified\":\"2026-02-28T21:28:52+00:00\",\"mainEntityOfPage\":{\"@id\":\"https:\\\/\\\/fuentesfidedignas.com.mx\\\/index.php\\\/2026\\\/02\\\/28\\\/hay-indicios-de-que-el-lider-de-iran-ali-khamenei-murio-netanyahu\\\/\"},\"wordCount\":562,\"commentCount\":0,\"publisher\":{\"@id\":\"https:\\\/\\\/fuentesfidedignas.com.mx\\\/#organization\"},\"image\":{\"@id\":\"https:\\\/\\\/fuentesfidedignas.com.mx\\\/index.php\\\/2026\\\/02\\\/28\\\/hay-indicios-de-que-el-lider-de-iran-ali-khamenei-murio-netanyahu\\\/#primaryimage\"},\"thumbnailUrl\":\"https:\\\/\\\/fuentesfidedignas.com.mx\\\/wp-content\\\/uploads\\\/2026\\\/02\\\/ayatola-lider-supremo-iran.jpg\",\"articleSection\":[\"NOTICIAS NACIONALES\"],\"inLanguage\":\"es\",\"potentialAction\":[{\"@type\":\"CommentAction\",\"name\":\"Comment\",\"target\":[\"https:\\\/\\\/fuentesfidedignas.com.mx\\\/index.php\\\/2026\\\/02\\\/28\\\/hay-indicios-de-que-el-lider-de-iran-ali-khamenei-murio-netanyahu\\\/#respond\"]}]},{\"@type\":\"WebPage\",\"@id\":\"https:\\\/\\\/fuentesfidedignas.com.mx\\\/index.php\\\/2026\\\/02\\\/28\\\/hay-indicios-de-que-el-lider-de-iran-ali-khamenei-murio-netanyahu\\\/\",\"url\":\"https:\\\/\\\/fuentesfidedignas.com.mx\\\/index.php\\\/2026\\\/02\\\/28\\\/hay-indicios-de-que-el-lider-de-iran-ali-khamenei-murio-netanyahu\\\/\",\"name\":\"\\\"Hay indicios\\\" de que el l\u00edder de Ir\u00e1n Al\u00ed Khamenei muri\u00f3: Netanyahu - Fuentes Fidedignas\",\"isPartOf\":{\"@id\":\"https:\\\/\\\/fuentesfidedignas.com.mx\\\/#website\"},\"primaryImageOfPage\":{\"@id\":\"https:\\\/\\\/fuentesfidedignas.com.mx\\\/index.php\\\/2026\\\/02\\\/28\\\/hay-indicios-de-que-el-lider-de-iran-ali-khamenei-murio-netanyahu\\\/#primaryimage\"},\"image\":{\"@id\":\"https:\\\/\\\/fuentesfidedignas.com.mx\\\/index.php\\\/2026\\\/02\\\/28\\\/hay-indicios-de-que-el-lider-de-iran-ali-khamenei-murio-netanyahu\\\/#primaryimage\"},\"thumbnailUrl\":\"https:\\\/\\\/fuentesfidedignas.com.mx\\\/wp-content\\\/uploads\\\/2026\\\/02\\\/ayatola-lider-supremo-iran.jpg\",\"datePublished\":\"2026-02-28T21:26:48+00:00\",\"dateModified\":\"2026-02-28T21:28:52+00:00\",\"breadcrumb\":{\"@id\":\"https:\\\/\\\/fuentesfidedignas.com.mx\\\/index.php\\\/2026\\\/02\\\/28\\\/hay-indicios-de-que-el-lider-de-iran-ali-khamenei-murio-netanyahu\\\/#breadcrumb\"},\"inLanguage\":\"es\",\"potentialAction\":[{\"@type\":\"ReadAction\",\"target\":[\"https:\\\/\\\/fuentesfidedignas.com.mx\\\/index.php\\\/2026\\\/02\\\/28\\\/hay-indicios-de-que-el-lider-de-iran-ali-khamenei-murio-netanyahu\\\/\"]}]},{\"@type\":\"ImageObject\",\"inLanguage\":\"es\",\"@id\":\"https:\\\/\\\/fuentesfidedignas.com.mx\\\/index.php\\\/2026\\\/02\\\/28\\\/hay-indicios-de-que-el-lider-de-iran-ali-khamenei-murio-netanyahu\\\/#primaryimage\",\"url\":\"https:\\\/\\\/fuentesfidedignas.com.mx\\\/wp-content\\\/uploads\\\/2026\\\/02\\\/ayatola-lider-supremo-iran.jpg\",\"contentUrl\":\"https:\\\/\\\/fuentesfidedignas.com.mx\\\/wp-content\\\/uploads\\\/2026\\\/02\\\/ayatola-lider-supremo-iran.jpg\",\"width\":500,\"height\":281},{\"@type\":\"BreadcrumbList\",\"@id\":\"https:\\\/\\\/fuentesfidedignas.com.mx\\\/index.php\\\/2026\\\/02\\\/28\\\/hay-indicios-de-que-el-lider-de-iran-ali-khamenei-murio-netanyahu\\\/#breadcrumb\",\"itemListElement\":[{\"@type\":\"ListItem\",\"position\":1,\"name\":\"Inicio\",\"item\":\"https:\\\/\\\/fuentesfidedignas.com.mx\\\/\"},{\"@type\":\"ListItem\",\"position\":2,\"name\":\"&#8220;Hay indicios&#8221; de que el l\u00edder de Ir\u00e1n Al\u00ed Khamenei muri\u00f3: Netanyahu\"}]},{\"@type\":\"WebSite\",\"@id\":\"https:\\\/\\\/fuentesfidedignas.com.mx\\\/#website\",\"url\":\"https:\\\/\\\/fuentesfidedignas.com.mx\\\/\",\"name\":\"Fuentes Fidedignas\",\"description\":\"Otro sitio realizado con WordPress\",\"publisher\":{\"@id\":\"https:\\\/\\\/fuentesfidedignas.com.mx\\\/#organization\"},\"potentialAction\":[{\"@type\":\"SearchAction\",\"target\":{\"@type\":\"EntryPoint\",\"urlTemplate\":\"https:\\\/\\\/fuentesfidedignas.com.mx\\\/?s={search_term_string}\"},\"query-input\":{\"@type\":\"PropertyValueSpecification\",\"valueRequired\":true,\"valueName\":\"search_term_string\"}}],\"inLanguage\":\"es\"},{\"@type\":\"Organization\",\"@id\":\"https:\\\/\\\/fuentesfidedignas.com.mx\\\/#organization\",\"name\":\"Fuentes Fidedignas\",\"url\":\"https:\\\/\\\/fuentesfidedignas.com.mx\\\/\",\"logo\":{\"@type\":\"ImageObject\",\"inLanguage\":\"es\",\"@id\":\"https:\\\/\\\/fuentesfidedignas.com.mx\\\/#\\\/schema\\\/logo\\\/image\\\/\",\"url\":\"https:\\\/\\\/fuentesfidedignas.com.mx\\\/wp-content\\\/uploads\\\/2021\\\/04\\\/logo-retina.png\",\"contentUrl\":\"https:\\\/\\\/fuentesfidedignas.com.mx\\\/wp-content\\\/uploads\\\/2021\\\/04\\\/logo-retina.png\",\"width\":280,\"height\":51,\"caption\":\"Fuentes Fidedignas\"},\"image\":{\"@id\":\"https:\\\/\\\/fuentesfidedignas.com.mx\\\/#\\\/schema\\\/logo\\\/image\\\/\"},\"sameAs\":[\"https:\\\/\\\/www.facebook.com\\\/Fuentes-Fidedignas-368234489921644\",\"https:\\\/\\\/x.com\\\/fidedignas\"]},{\"@type\":\"Person\",\"@id\":\"https:\\\/\\\/fuentesfidedignas.com.mx\\\/#\\\/schema\\\/person\\\/fee3882e65fd0510d292c43a346d35d7\",\"name\":\"El Universal\",\"image\":{\"@type\":\"ImageObject\",\"inLanguage\":\"es\",\"@id\":\"https:\\\/\\\/secure.gravatar.com\\\/avatar\\\/1ebc94d82b6c3c081781f73e5b76a0d0c1ac7bf8e57426f18802246eeaa2747c?s=96&d=mm&r=g\",\"url\":\"https:\\\/\\\/secure.gravatar.com\\\/avatar\\\/1ebc94d82b6c3c081781f73e5b76a0d0c1ac7bf8e57426f18802246eeaa2747c?s=96&d=mm&r=g\",\"contentUrl\":\"https:\\\/\\\/secure.gravatar.com\\\/avatar\\\/1ebc94d82b6c3c081781f73e5b76a0d0c1ac7bf8e57426f18802246eeaa2747c?s=96&d=mm&r=g\",\"caption\":\"El Universal\"},\"url\":\"https:\\\/\\\/fuentesfidedignas.com.mx\\\/index.php\\\/author\\\/el-universal\\\/\"}]}<\/script>\n<!-- \/ Yoast SEO plugin. -->","yoast_head_json":{"title":"\"Hay indicios\" de que el l\u00edder de Ir\u00e1n Al\u00ed Khamenei muri\u00f3: Netanyahu - Fuentes Fidedignas","robots":{"index":"index","follow":"follow","max-snippet":"max-snippet:-1","max-image-preview":"max-image-preview:large","max-video-preview":"max-video-preview:-1"},"canonical":"https:\/\/fuentesfidedignas.com.mx\/index.php\/2026\/02\/28\/hay-indicios-de-que-el-lider-de-iran-ali-khamenei-murio-netanyahu\/","og_locale":"es_MX","og_type":"article","og_title":"\"Hay indicios\" de que el l\u00edder de Ir\u00e1n Al\u00ed Khamenei muri\u00f3: Netanyahu - Fuentes Fidedignas","og_description":"&#8220;Destruimos, en un ataque sorpresa, el complejo del tirano Khamenei en el coraz\u00f3n de Teher\u00e1n&#8221;, afirma El primer ministro de Israel, Benjam\u00edn Netanyahu, afirm\u00f3 que &#8220;hay muchos indicios&#8221; de que el l\u00edder supremo de Ir\u00e1n, Al\u00ed Khamenei muri\u00f3 este s\u00e1bado en el ataque de Estados Unidos e Israel contra Ir\u00e1n. &#8220;Esta ma\u00f1ana destruimos, en un [&hellip;]","og_url":"https:\/\/fuentesfidedignas.com.mx\/index.php\/2026\/02\/28\/hay-indicios-de-que-el-lider-de-iran-ali-khamenei-murio-netanyahu\/","og_site_name":"Fuentes Fidedignas","article_publisher":"https:\/\/www.facebook.com\/Fuentes-Fidedignas-368234489921644","article_published_time":"2026-02-28T21:26:48+00:00","article_modified_time":"2026-02-28T21:28:52+00:00","og_image":[{"width":500,"height":281,"url":"https:\/\/fuentesfidedignas.com.mx\/wp-content\/uploads\/2026\/02\/ayatola-lider-supremo-iran.jpg","type":"image\/jpeg"}],"author":"El Universal","twitter_card":"summary_large_image","twitter_creator":"@fidedignas","twitter_site":"@fidedignas","twitter_misc":{"Escrito por":"El Universal","Tiempo de lectura":"3 minutos"},"schema":{"@context":"https:\/\/schema.org","@graph":[{"@type":"Article","@id":"https:\/\/fuentesfidedignas.com.mx\/index.php\/2026\/02\/28\/hay-indicios-de-que-el-lider-de-iran-ali-khamenei-murio-netanyahu\/#article","isPartOf":{"@id":"https:\/\/fuentesfidedignas.com.mx\/index.php\/2026\/02\/28\/hay-indicios-de-que-el-lider-de-iran-ali-khamenei-murio-netanyahu\/"},"author":{"name":"El Universal","@id":"https:\/\/fuentesfidedignas.com.mx\/#\/schema\/person\/fee3882e65fd0510d292c43a346d35d7"},"headline":"&#8220;Hay indicios&#8221; de que el l\u00edder de Ir\u00e1n Al\u00ed Khamenei muri\u00f3: Netanyahu","datePublished":"2026-02-28T21:26:48+00:00","dateModified":"2026-02-28T21:28:52+00:00","mainEntityOfPage":{"@id":"https:\/\/fuentesfidedignas.com.mx\/index.php\/2026\/02\/28\/hay-indicios-de-que-el-lider-de-iran-ali-khamenei-murio-netanyahu\/"},"wordCount":562,"commentCount":0,"publisher":{"@id":"https:\/\/fuentesfidedignas.com.mx\/#organization"},"image":{"@id":"https:\/\/fuentesfidedignas.com.mx\/index.php\/2026\/02\/28\/hay-indicios-de-que-el-lider-de-iran-ali-khamenei-murio-netanyahu\/#primaryimage"},"thumbnailUrl":"https:\/\/fuentesfidedignas.com.mx\/wp-content\/uploads\/2026\/02\/ayatola-lider-supremo-iran.jpg","articleSection":["NOTICIAS NACIONALES"],"inLanguage":"es","potentialAction":[{"@type":"CommentAction","name":"Comment","target":["https:\/\/fuentesfidedignas.com.mx\/index.php\/2026\/02\/28\/hay-indicios-de-que-el-lider-de-iran-ali-khamenei-murio-netanyahu\/#respond"]}]},{"@type":"WebPage","@id":"https:\/\/fuentesfidedignas.com.mx\/index.php\/2026\/02\/28\/hay-indicios-de-que-el-lider-de-iran-ali-khamenei-murio-netanyahu\/","url":"https:\/\/fuentesfidedignas.com.mx\/index.php\/2026\/02\/28\/hay-indicios-de-que-el-lider-de-iran-ali-khamenei-murio-netanyahu\/","name":"\"Hay indicios\" de que el l\u00edder de Ir\u00e1n Al\u00ed Khamenei muri\u00f3: Netanyahu - Fuentes Fidedignas","isPartOf":{"@id":"https:\/\/fuentesfidedignas.com.mx\/#website"},"primaryImageOfPage":{"@id":"https:\/\/fuentesfidedignas.com.mx\/index.php\/2026\/02\/28\/hay-indicios-de-que-el-lider-de-iran-ali-khamenei-murio-netanyahu\/#primaryimage"},"image":{"@id":"https:\/\/fuentesfidedignas.com.mx\/index.php\/2026\/02\/28\/hay-indicios-de-que-el-lider-de-iran-ali-khamenei-murio-netanyahu\/#primaryimage"},"thumbnailUrl":"https:\/\/fuentesfidedignas.com.mx\/wp-content\/uploads\/2026\/02\/ayatola-lider-supremo-iran.jpg","datePublished":"2026-02-28T21:26:48+00:00","dateModified":"2026-02-28T21:28:52+00:00","breadcrumb":{"@id":"https:\/\/fuentesfidedignas.com.mx\/index.php\/2026\/02\/28\/hay-indicios-de-que-el-lider-de-iran-ali-khamenei-murio-netanyahu\/#breadcrumb"},"inLanguage":"es","potentialAction":[{"@type":"ReadAction","target":["https:\/\/fuentesfidedignas.com.mx\/index.php\/2026\/02\/28\/hay-indicios-de-que-el-lider-de-iran-ali-khamenei-murio-netanyahu\/"]}]},{"@type":"ImageObject","inLanguage":"es","@id":"https:\/\/fuentesfidedignas.com.mx\/index.php\/2026\/02\/28\/hay-indicios-de-que-el-lider-de-iran-ali-khamenei-murio-netanyahu\/#primaryimage","url":"https:\/\/fuentesfidedignas.com.mx\/wp-content\/uploads\/2026\/02\/ayatola-lider-supremo-iran.jpg","contentUrl":"https:\/\/fuentesfidedignas.com.mx\/wp-content\/uploads\/2026\/02\/ayatola-lider-supremo-iran.jpg","width":500,"height":281},{"@type":"BreadcrumbList","@id":"https:\/\/fuentesfidedignas.com.mx\/index.php\/2026\/02\/28\/hay-indicios-de-que-el-lider-de-iran-ali-khamenei-murio-netanyahu\/#breadcrumb","itemListElement":[{"@type":"ListItem","position":1,"name":"Inicio","item":"https:\/\/fuentesfidedignas.com.mx\/"},{"@type":"ListItem","position":2,"name":"&#8220;Hay indicios&#8221; de que el l\u00edder de Ir\u00e1n Al\u00ed Khamenei muri\u00f3: Netanyahu"}]},{"@type":"WebSite","@id":"https:\/\/fuentesfidedignas.com.mx\/#website","url":"https:\/\/fuentesfidedignas.com.mx\/","name":"Fuentes Fidedignas","description":"Otro sitio realizado con WordPress","publisher":{"@id":"https:\/\/fuentesfidedignas.com.mx\/#organization"},"potentialAction":[{"@type":"SearchAction","target":{"@type":"EntryPoint","urlTemplate":"https:\/\/fuentesfidedignas.com.mx\/?s={search_term_string}"},"query-input":{"@type":"PropertyValueSpecification","valueRequired":true,"valueName":"search_term_string"}}],"inLanguage":"es"},{"@type":"Organization","@id":"https:\/\/fuentesfidedignas.com.mx\/#organization","name":"Fuentes Fidedignas","url":"https:\/\/fuentesfidedignas.com.mx\/","logo":{"@type":"ImageObject","inLanguage":"es","@id":"https:\/\/fuentesfidedignas.com.mx\/#\/schema\/logo\/image\/","url":"https:\/\/fuentesfidedignas.com.mx\/wp-content\/uploads\/2021\/04\/logo-retina.png","contentUrl":"https:\/\/fuentesfidedignas.com.mx\/wp-content\/uploads\/2021\/04\/logo-retina.png","width":280,"height":51,"caption":"Fuentes Fidedignas"},"image":{"@id":"https:\/\/fuentesfidedignas.com.mx\/#\/schema\/logo\/image\/"},"sameAs":["https:\/\/www.facebook.com\/Fuentes-Fidedignas-368234489921644","https:\/\/x.com\/fidedignas"]},{"@type":"Person","@id":"https:\/\/fuentesfidedignas.com.mx\/#\/schema\/person\/fee3882e65fd0510d292c43a346d35d7","name":"El Universal","image":{"@type":"ImageObject","inLanguage":"es","@id":"https:\/\/secure.gravatar.com\/avatar\/1ebc94d82b6c3c081781f73e5b76a0d0c1ac7bf8e57426f18802246eeaa2747c?s=96&d=mm&r=g","url":"https:\/\/secure.gravatar.com\/avatar\/1ebc94d82b6c3c081781f73e5b76a0d0c1ac7bf8e57426f18802246eeaa2747c?s=96&d=mm&r=g","contentUrl":"https:\/\/secure.gravatar.com\/avatar\/1ebc94d82b6c3c081781f73e5b76a0d0c1ac7bf8e57426f18802246eeaa2747c?s=96&d=mm&r=g","caption":"El Universal"},"url":"https:\/\/fuentesfidedignas.com.mx\/index.php\/author\/el-universal\/"}]}},"_links":{"self":[{"href":"https:\/\/fuentesfidedignas.com.mx\/index.php\/wp-json\/wp\/v2\/posts\/128241","targetHints":{"allow":["GET"]}}],"collection":[{"href":"https:\/\/fuentesfidedignas.com.mx\/index.php\/wp-json\/wp\/v2\/posts"}],"about":[{"href":"https:\/\/fuentesfidedignas.com.mx\/index.php\/wp-json\/wp\/v2\/types\/post"}],"author":[{"embeddable":true,"href":"https:\/\/fuentesfidedignas.com.mx\/index.php\/wp-json\/wp\/v2\/users\/39"}],"replies":[{"embeddable":true,"href":"https:\/\/fuentesfidedignas.com.mx\/index.php\/wp-json\/wp\/v2\/comments?post=128241"}],"version-history":[{"count":1,"href":"https:\/\/fuentesfidedignas.com.mx\/index.php\/wp-json\/wp\/v2\/posts\/128241\/revisions"}],"predecessor-version":[{"id":128243,"href":"https:\/\/fuentesfidedignas.com.mx\/index.php\/wp-json\/wp\/v2\/posts\/128241\/revisions\/128243"}],"wp:featuredmedia":[{"embeddable":true,"href":"https:\/\/fuentesfidedignas.com.mx\/index.php\/wp-json\/wp\/v2\/media\/128242"}],"wp:attachment":[{"href":"https:\/\/fuentesfidedignas.com.mx\/index.php\/wp-json\/wp\/v2\/media?parent=128241"}],"wp:term":[{"taxonomy":"category","embeddable":true,"href":"https:\/\/fuentesfidedignas.com.mx\/index.php\/wp-json\/wp\/v2\/categories?post=128241"},{"taxonomy":"post_tag","embeddable":true,"href":"https:\/\/fuentesfidedignas.com.mx\/index.php\/wp-json\/wp\/v2\/tags?post=128241"}],"curies":[{"name":"wp","href":"https:\/\/api.w.org\/{rel}","templated":true}]}}