{"id":128215,"date":"2026-02-28T11:40:18","date_gmt":"2026-02-28T18:40:18","guid":{"rendered":"https:\/\/fuentesfidedignas.com.mx\/?p=128215"},"modified":"2026-02-28T11:40:25","modified_gmt":"2026-02-28T18:40:25","slug":"ayuda-humanitaria-de-mexico-llega-a-cuba-es-el-segundo-cargamento","status":"publish","type":"post","link":"https:\/\/fuentesfidedignas.com.mx\/index.php\/2026\/02\/28\/ayuda-humanitaria-de-mexico-llega-a-cuba-es-el-segundo-cargamento\/","title":{"rendered":"Ayuda humanitaria de M\u00e9xico llega a Cuba; es el segundo cargamento"},"content":{"rendered":"\n<p><strong><em>Los buques Papaloapan y Huasteco, enviados el martes entraron al amanecer de este s\u00e1bado 28 de febrero al puerto de La Habana. <\/em><\/strong><\/p>\n\n\n\n<p>Dos buques de la Armada de M\u00e9xico con casi 1,200 toneladas de ayuda humanitaria arribaron este s\u00e1bado a Cuba, el segundo cargamento enviado en menos de un mes a la isla sumida en una profunda crisis econ\u00f3mica y sometida a fuertes presiones de Estados Unidos.<\/p>\n\n\n\n<p>Los buques Papaloapan y Huasteco, enviados el martes por el gobierno de la izquierdista Claudia Sheinbaum, entraron al puerto de La Habana al amanecer de este s\u00e1bado, constataron periodistas de la AFP.<\/p>\n\n\n\n<p><strong>23 toneladas de alimentos<\/strong><br>La Canciller\u00eda mexicana inform\u00f3 que los barcos transportan &#8220;1,193 toneladas de v\u00edveres destinados a la poblaci\u00f3n civil de la isla de Cuba&#8221;. La carga incluye 23 toneladas de alimentos donados por civiles mexicanos en el marco de una campa\u00f1a de apoyo a Cuba.<\/p>\n\n\n\n<p>Este es el segundo env\u00edo de ayuda material de M\u00e9xico tras el arribo a La Habana el 12 de febrero de unas 814 toneladas de leche l\u00edquida y en polvo, productos c\u00e1rnicos, galletas, frijol, arroz y art\u00edculos de higiene personal.<\/p>\n\n\n\n<p><strong>Trump intenta &#8220;asfixiar&#8221; a la isla<\/strong><br>La Habana acusa al presidente estadounidense Donald Trump de intentar &#8220;asfixiar&#8221; la econom\u00eda cubana mediante un bloqueo energ\u00e9tico de facto que amenaza a los pa\u00edses que suministren petr\u00f3leo al Estado cubano, aunque Washington autoriz\u00f3 la venta de combustibles a empresas privadas de la isla.<\/p>\n\n\n\n<p>Cuba enfrenta desde hace seis a\u00f1os una profunda crisis marcada por alta inflaci\u00f3n, prolongados apagones y escasez de alimentos y medicinas, atribuida al endurecimiento de las sanciones estadounidenses, la baja productividad de su econom\u00eda centralizada y el desplome del turismo.<\/p>\n\n\n\n<p>El coordinador de la ONU en Cuba, Francisco Pich\u00f3n, advirti\u00f3 que la crisis humanitaria en la isla &#8220;se agrava d\u00eda a d\u00eda&#8221; y se\u00f1al\u00f3 que la situaci\u00f3n no responde a una &#8220;escasez temporal&#8221;, sino a un &#8220;choque energ\u00e9tico m\u00e1s sist\u00e9mico&#8221; que es &#8220;el principal factor de multiplicaci\u00f3n de los riesgos humanitarios&#8221; para la poblaci\u00f3n.<\/p>\n","protected":false},"excerpt":{"rendered":"<p>Los buques Papaloapan y Huasteco, enviados el martes entraron al amanecer de este s\u00e1bado 28 de febrero al puerto de La Habana. Dos buques de la Armada de M\u00e9xico con casi 1,200 toneladas de ayuda humanitaria arribaron este s\u00e1bado a Cuba, el segundo cargamento enviado en menos de un mes a la isla sumida en [&hellip;]<\/p>\n","protected":false},"author":7,"featured_media":128216,"comment_status":"open","ping_status":"open","sticky":false,"template":"","format":"standard","meta":{"tdm_status":"","tdm_grid_status":"","footnotes":""},"categories":[39],"tags":[],"class_list":{"0":"post-128215","1":"post","2":"type-post","3":"status-publish","4":"format-standard","5":"has-post-thumbnail","7":"category-noticias-nacionales"},"yoast_head":"<!-- This site is optimized with the Yoast SEO plugin v27.5 - https:\/\/yoast.com\/product\/yoast-seo-wordpress\/ -->\n<title>Ayuda humanitaria de M\u00e9xico llega a Cuba; es el segundo cargamento - Fuentes Fidedignas<\/title>\n<meta name=\"robots\" content=\"index, follow, max-snippet:-1, max-image-preview:large, max-video-preview:-1\" \/>\n<link rel=\"canonical\" href=\"https:\/\/fuentesfidedignas.com.mx\/index.php\/2026\/02\/28\/ayuda-humanitaria-de-mexico-llega-a-cuba-es-el-segundo-cargamento\/\" \/>\n<meta property=\"og:locale\" content=\"es_MX\" \/>\n<meta property=\"og:type\" content=\"article\" \/>\n<meta property=\"og:title\" content=\"Ayuda humanitaria de M\u00e9xico llega a Cuba; es el segundo cargamento - Fuentes Fidedignas\" \/>\n<meta property=\"og:description\" content=\"Los buques Papaloapan y Huasteco, enviados el martes entraron al amanecer de este s\u00e1bado 28 de febrero al puerto de La Habana. Dos buques de la Armada de M\u00e9xico con casi 1,200 toneladas de ayuda humanitaria arribaron este s\u00e1bado a Cuba, el segundo cargamento enviado en menos de un mes a la isla sumida en [&hellip;]\" \/>\n<meta property=\"og:url\" content=\"https:\/\/fuentesfidedignas.com.mx\/index.php\/2026\/02\/28\/ayuda-humanitaria-de-mexico-llega-a-cuba-es-el-segundo-cargamento\/\" \/>\n<meta property=\"og:site_name\" content=\"Fuentes Fidedignas\" \/>\n<meta property=\"article:publisher\" content=\"https:\/\/www.facebook.com\/Fuentes-Fidedignas-368234489921644\" \/>\n<meta property=\"article:published_time\" content=\"2026-02-28T18:40:18+00:00\" \/>\n<meta property=\"article:modified_time\" content=\"2026-02-28T18:40:25+00:00\" \/>\n<meta property=\"og:image\" content=\"https:\/\/fuentesfidedignas.com.mx\/wp-content\/uploads\/2026\/02\/buque-con-viveres.jpg\" \/>\n\t<meta property=\"og:image:width\" content=\"500\" \/>\n\t<meta property=\"og:image:height\" content=\"333\" \/>\n\t<meta property=\"og:image:type\" content=\"image\/jpeg\" \/>\n<meta name=\"author\" content=\"Exc\u00e9lsior\" \/>\n<meta name=\"twitter:card\" content=\"summary_large_image\" \/>\n<meta name=\"twitter:creator\" content=\"@fidedignas\" \/>\n<meta name=\"twitter:site\" content=\"@fidedignas\" \/>\n<meta name=\"twitter:label1\" content=\"Escrito por\" \/>\n\t<meta name=\"twitter:data1\" content=\"Exc\u00e9lsior\" \/>\n\t<meta name=\"twitter:label2\" content=\"Tiempo de lectura\" \/>\n\t<meta name=\"twitter:data2\" content=\"2 minutos\" \/>\n<script type=\"application\/ld+json\" class=\"yoast-schema-graph\">{\"@context\":\"https:\\\/\\\/schema.org\",\"@graph\":[{\"@type\":\"Article\",\"@id\":\"https:\\\/\\\/fuentesfidedignas.com.mx\\\/index.php\\\/2026\\\/02\\\/28\\\/ayuda-humanitaria-de-mexico-llega-a-cuba-es-el-segundo-cargamento\\\/#article\",\"isPartOf\":{\"@id\":\"https:\\\/\\\/fuentesfidedignas.com.mx\\\/index.php\\\/2026\\\/02\\\/28\\\/ayuda-humanitaria-de-mexico-llega-a-cuba-es-el-segundo-cargamento\\\/\"},\"author\":{\"name\":\"Exc\u00e9lsior\",\"@id\":\"https:\\\/\\\/fuentesfidedignas.com.mx\\\/#\\\/schema\\\/person\\\/ec4edd1fbf5efa3e44fce34fe2787780\"},\"headline\":\"Ayuda humanitaria de M\u00e9xico llega a Cuba; es el segundo cargamento\",\"datePublished\":\"2026-02-28T18:40:18+00:00\",\"dateModified\":\"2026-02-28T18:40:25+00:00\",\"mainEntityOfPage\":{\"@id\":\"https:\\\/\\\/fuentesfidedignas.com.mx\\\/index.php\\\/2026\\\/02\\\/28\\\/ayuda-humanitaria-de-mexico-llega-a-cuba-es-el-segundo-cargamento\\\/\"},\"wordCount\":366,\"commentCount\":0,\"publisher\":{\"@id\":\"https:\\\/\\\/fuentesfidedignas.com.mx\\\/#organization\"},\"image\":{\"@id\":\"https:\\\/\\\/fuentesfidedignas.com.mx\\\/index.php\\\/2026\\\/02\\\/28\\\/ayuda-humanitaria-de-mexico-llega-a-cuba-es-el-segundo-cargamento\\\/#primaryimage\"},\"thumbnailUrl\":\"https:\\\/\\\/fuentesfidedignas.com.mx\\\/wp-content\\\/uploads\\\/2026\\\/02\\\/buque-con-viveres.jpg\",\"articleSection\":[\"NOTICIAS NACIONALES\"],\"inLanguage\":\"es\",\"potentialAction\":[{\"@type\":\"CommentAction\",\"name\":\"Comment\",\"target\":[\"https:\\\/\\\/fuentesfidedignas.com.mx\\\/index.php\\\/2026\\\/02\\\/28\\\/ayuda-humanitaria-de-mexico-llega-a-cuba-es-el-segundo-cargamento\\\/#respond\"]}]},{\"@type\":\"WebPage\",\"@id\":\"https:\\\/\\\/fuentesfidedignas.com.mx\\\/index.php\\\/2026\\\/02\\\/28\\\/ayuda-humanitaria-de-mexico-llega-a-cuba-es-el-segundo-cargamento\\\/\",\"url\":\"https:\\\/\\\/fuentesfidedignas.com.mx\\\/index.php\\\/2026\\\/02\\\/28\\\/ayuda-humanitaria-de-mexico-llega-a-cuba-es-el-segundo-cargamento\\\/\",\"name\":\"Ayuda humanitaria de M\u00e9xico llega a Cuba; es el segundo cargamento - Fuentes Fidedignas\",\"isPartOf\":{\"@id\":\"https:\\\/\\\/fuentesfidedignas.com.mx\\\/#website\"},\"primaryImageOfPage\":{\"@id\":\"https:\\\/\\\/fuentesfidedignas.com.mx\\\/index.php\\\/2026\\\/02\\\/28\\\/ayuda-humanitaria-de-mexico-llega-a-cuba-es-el-segundo-cargamento\\\/#primaryimage\"},\"image\":{\"@id\":\"https:\\\/\\\/fuentesfidedignas.com.mx\\\/index.php\\\/2026\\\/02\\\/28\\\/ayuda-humanitaria-de-mexico-llega-a-cuba-es-el-segundo-cargamento\\\/#primaryimage\"},\"thumbnailUrl\":\"https:\\\/\\\/fuentesfidedignas.com.mx\\\/wp-content\\\/uploads\\\/2026\\\/02\\\/buque-con-viveres.jpg\",\"datePublished\":\"2026-02-28T18:40:18+00:00\",\"dateModified\":\"2026-02-28T18:40:25+00:00\",\"breadcrumb\":{\"@id\":\"https:\\\/\\\/fuentesfidedignas.com.mx\\\/index.php\\\/2026\\\/02\\\/28\\\/ayuda-humanitaria-de-mexico-llega-a-cuba-es-el-segundo-cargamento\\\/#breadcrumb\"},\"inLanguage\":\"es\",\"potentialAction\":[{\"@type\":\"ReadAction\",\"target\":[\"https:\\\/\\\/fuentesfidedignas.com.mx\\\/index.php\\\/2026\\\/02\\\/28\\\/ayuda-humanitaria-de-mexico-llega-a-cuba-es-el-segundo-cargamento\\\/\"]}]},{\"@type\":\"ImageObject\",\"inLanguage\":\"es\",\"@id\":\"https:\\\/\\\/fuentesfidedignas.com.mx\\\/index.php\\\/2026\\\/02\\\/28\\\/ayuda-humanitaria-de-mexico-llega-a-cuba-es-el-segundo-cargamento\\\/#primaryimage\",\"url\":\"https:\\\/\\\/fuentesfidedignas.com.mx\\\/wp-content\\\/uploads\\\/2026\\\/02\\\/buque-con-viveres.jpg\",\"contentUrl\":\"https:\\\/\\\/fuentesfidedignas.com.mx\\\/wp-content\\\/uploads\\\/2026\\\/02\\\/buque-con-viveres.jpg\",\"width\":500,\"height\":333},{\"@type\":\"BreadcrumbList\",\"@id\":\"https:\\\/\\\/fuentesfidedignas.com.mx\\\/index.php\\\/2026\\\/02\\\/28\\\/ayuda-humanitaria-de-mexico-llega-a-cuba-es-el-segundo-cargamento\\\/#breadcrumb\",\"itemListElement\":[{\"@type\":\"ListItem\",\"position\":1,\"name\":\"Inicio\",\"item\":\"https:\\\/\\\/fuentesfidedignas.com.mx\\\/\"},{\"@type\":\"ListItem\",\"position\":2,\"name\":\"Ayuda humanitaria de M\u00e9xico llega a Cuba; es el segundo cargamento\"}]},{\"@type\":\"WebSite\",\"@id\":\"https:\\\/\\\/fuentesfidedignas.com.mx\\\/#website\",\"url\":\"https:\\\/\\\/fuentesfidedignas.com.mx\\\/\",\"name\":\"Fuentes Fidedignas\",\"description\":\"Otro sitio realizado con WordPress\",\"publisher\":{\"@id\":\"https:\\\/\\\/fuentesfidedignas.com.mx\\\/#organization\"},\"potentialAction\":[{\"@type\":\"SearchAction\",\"target\":{\"@type\":\"EntryPoint\",\"urlTemplate\":\"https:\\\/\\\/fuentesfidedignas.com.mx\\\/?s={search_term_string}\"},\"query-input\":{\"@type\":\"PropertyValueSpecification\",\"valueRequired\":true,\"valueName\":\"search_term_string\"}}],\"inLanguage\":\"es\"},{\"@type\":\"Organization\",\"@id\":\"https:\\\/\\\/fuentesfidedignas.com.mx\\\/#organization\",\"name\":\"Fuentes Fidedignas\",\"url\":\"https:\\\/\\\/fuentesfidedignas.com.mx\\\/\",\"logo\":{\"@type\":\"ImageObject\",\"inLanguage\":\"es\",\"@id\":\"https:\\\/\\\/fuentesfidedignas.com.mx\\\/#\\\/schema\\\/logo\\\/image\\\/\",\"url\":\"https:\\\/\\\/fuentesfidedignas.com.mx\\\/wp-content\\\/uploads\\\/2021\\\/04\\\/logo-retina.png\",\"contentUrl\":\"https:\\\/\\\/fuentesfidedignas.com.mx\\\/wp-content\\\/uploads\\\/2021\\\/04\\\/logo-retina.png\",\"width\":280,\"height\":51,\"caption\":\"Fuentes Fidedignas\"},\"image\":{\"@id\":\"https:\\\/\\\/fuentesfidedignas.com.mx\\\/#\\\/schema\\\/logo\\\/image\\\/\"},\"sameAs\":[\"https:\\\/\\\/www.facebook.com\\\/Fuentes-Fidedignas-368234489921644\",\"https:\\\/\\\/x.com\\\/fidedignas\"]},{\"@type\":\"Person\",\"@id\":\"https:\\\/\\\/fuentesfidedignas.com.mx\\\/#\\\/schema\\\/person\\\/ec4edd1fbf5efa3e44fce34fe2787780\",\"name\":\"Exc\u00e9lsior\",\"image\":{\"@type\":\"ImageObject\",\"inLanguage\":\"es\",\"@id\":\"https:\\\/\\\/secure.gravatar.com\\\/avatar\\\/4b7ee9206b48be08447852b3f0814dbc7c0f3b51541b164f1464a2725614020b?s=96&d=mm&r=g\",\"url\":\"https:\\\/\\\/secure.gravatar.com\\\/avatar\\\/4b7ee9206b48be08447852b3f0814dbc7c0f3b51541b164f1464a2725614020b?s=96&d=mm&r=g\",\"contentUrl\":\"https:\\\/\\\/secure.gravatar.com\\\/avatar\\\/4b7ee9206b48be08447852b3f0814dbc7c0f3b51541b164f1464a2725614020b?s=96&d=mm&r=g\",\"caption\":\"Exc\u00e9lsior\"},\"url\":\"https:\\\/\\\/fuentesfidedignas.com.mx\\\/index.php\\\/author\\\/excelsior\\\/\"}]}<\/script>\n<!-- \/ Yoast SEO plugin. -->","yoast_head_json":{"title":"Ayuda humanitaria de M\u00e9xico llega a Cuba; es el segundo cargamento - Fuentes Fidedignas","robots":{"index":"index","follow":"follow","max-snippet":"max-snippet:-1","max-image-preview":"max-image-preview:large","max-video-preview":"max-video-preview:-1"},"canonical":"https:\/\/fuentesfidedignas.com.mx\/index.php\/2026\/02\/28\/ayuda-humanitaria-de-mexico-llega-a-cuba-es-el-segundo-cargamento\/","og_locale":"es_MX","og_type":"article","og_title":"Ayuda humanitaria de M\u00e9xico llega a Cuba; es el segundo cargamento - Fuentes Fidedignas","og_description":"Los buques Papaloapan y Huasteco, enviados el martes entraron al amanecer de este s\u00e1bado 28 de febrero al puerto de La Habana. Dos buques de la Armada de M\u00e9xico con casi 1,200 toneladas de ayuda humanitaria arribaron este s\u00e1bado a Cuba, el segundo cargamento enviado en menos de un mes a la isla sumida en [&hellip;]","og_url":"https:\/\/fuentesfidedignas.com.mx\/index.php\/2026\/02\/28\/ayuda-humanitaria-de-mexico-llega-a-cuba-es-el-segundo-cargamento\/","og_site_name":"Fuentes Fidedignas","article_publisher":"https:\/\/www.facebook.com\/Fuentes-Fidedignas-368234489921644","article_published_time":"2026-02-28T18:40:18+00:00","article_modified_time":"2026-02-28T18:40:25+00:00","og_image":[{"width":500,"height":333,"url":"https:\/\/fuentesfidedignas.com.mx\/wp-content\/uploads\/2026\/02\/buque-con-viveres.jpg","type":"image\/jpeg"}],"author":"Exc\u00e9lsior","twitter_card":"summary_large_image","twitter_creator":"@fidedignas","twitter_site":"@fidedignas","twitter_misc":{"Escrito por":"Exc\u00e9lsior","Tiempo de lectura":"2 minutos"},"schema":{"@context":"https:\/\/schema.org","@graph":[{"@type":"Article","@id":"https:\/\/fuentesfidedignas.com.mx\/index.php\/2026\/02\/28\/ayuda-humanitaria-de-mexico-llega-a-cuba-es-el-segundo-cargamento\/#article","isPartOf":{"@id":"https:\/\/fuentesfidedignas.com.mx\/index.php\/2026\/02\/28\/ayuda-humanitaria-de-mexico-llega-a-cuba-es-el-segundo-cargamento\/"},"author":{"name":"Exc\u00e9lsior","@id":"https:\/\/fuentesfidedignas.com.mx\/#\/schema\/person\/ec4edd1fbf5efa3e44fce34fe2787780"},"headline":"Ayuda humanitaria de M\u00e9xico llega a Cuba; es el segundo cargamento","datePublished":"2026-02-28T18:40:18+00:00","dateModified":"2026-02-28T18:40:25+00:00","mainEntityOfPage":{"@id":"https:\/\/fuentesfidedignas.com.mx\/index.php\/2026\/02\/28\/ayuda-humanitaria-de-mexico-llega-a-cuba-es-el-segundo-cargamento\/"},"wordCount":366,"commentCount":0,"publisher":{"@id":"https:\/\/fuentesfidedignas.com.mx\/#organization"},"image":{"@id":"https:\/\/fuentesfidedignas.com.mx\/index.php\/2026\/02\/28\/ayuda-humanitaria-de-mexico-llega-a-cuba-es-el-segundo-cargamento\/#primaryimage"},"thumbnailUrl":"https:\/\/fuentesfidedignas.com.mx\/wp-content\/uploads\/2026\/02\/buque-con-viveres.jpg","articleSection":["NOTICIAS NACIONALES"],"inLanguage":"es","potentialAction":[{"@type":"CommentAction","name":"Comment","target":["https:\/\/fuentesfidedignas.com.mx\/index.php\/2026\/02\/28\/ayuda-humanitaria-de-mexico-llega-a-cuba-es-el-segundo-cargamento\/#respond"]}]},{"@type":"WebPage","@id":"https:\/\/fuentesfidedignas.com.mx\/index.php\/2026\/02\/28\/ayuda-humanitaria-de-mexico-llega-a-cuba-es-el-segundo-cargamento\/","url":"https:\/\/fuentesfidedignas.com.mx\/index.php\/2026\/02\/28\/ayuda-humanitaria-de-mexico-llega-a-cuba-es-el-segundo-cargamento\/","name":"Ayuda humanitaria de M\u00e9xico llega a Cuba; es el segundo cargamento - Fuentes Fidedignas","isPartOf":{"@id":"https:\/\/fuentesfidedignas.com.mx\/#website"},"primaryImageOfPage":{"@id":"https:\/\/fuentesfidedignas.com.mx\/index.php\/2026\/02\/28\/ayuda-humanitaria-de-mexico-llega-a-cuba-es-el-segundo-cargamento\/#primaryimage"},"image":{"@id":"https:\/\/fuentesfidedignas.com.mx\/index.php\/2026\/02\/28\/ayuda-humanitaria-de-mexico-llega-a-cuba-es-el-segundo-cargamento\/#primaryimage"},"thumbnailUrl":"https:\/\/fuentesfidedignas.com.mx\/wp-content\/uploads\/2026\/02\/buque-con-viveres.jpg","datePublished":"2026-02-28T18:40:18+00:00","dateModified":"2026-02-28T18:40:25+00:00","breadcrumb":{"@id":"https:\/\/fuentesfidedignas.com.mx\/index.php\/2026\/02\/28\/ayuda-humanitaria-de-mexico-llega-a-cuba-es-el-segundo-cargamento\/#breadcrumb"},"inLanguage":"es","potentialAction":[{"@type":"ReadAction","target":["https:\/\/fuentesfidedignas.com.mx\/index.php\/2026\/02\/28\/ayuda-humanitaria-de-mexico-llega-a-cuba-es-el-segundo-cargamento\/"]}]},{"@type":"ImageObject","inLanguage":"es","@id":"https:\/\/fuentesfidedignas.com.mx\/index.php\/2026\/02\/28\/ayuda-humanitaria-de-mexico-llega-a-cuba-es-el-segundo-cargamento\/#primaryimage","url":"https:\/\/fuentesfidedignas.com.mx\/wp-content\/uploads\/2026\/02\/buque-con-viveres.jpg","contentUrl":"https:\/\/fuentesfidedignas.com.mx\/wp-content\/uploads\/2026\/02\/buque-con-viveres.jpg","width":500,"height":333},{"@type":"BreadcrumbList","@id":"https:\/\/fuentesfidedignas.com.mx\/index.php\/2026\/02\/28\/ayuda-humanitaria-de-mexico-llega-a-cuba-es-el-segundo-cargamento\/#breadcrumb","itemListElement":[{"@type":"ListItem","position":1,"name":"Inicio","item":"https:\/\/fuentesfidedignas.com.mx\/"},{"@type":"ListItem","position":2,"name":"Ayuda humanitaria de M\u00e9xico llega a Cuba; es el segundo cargamento"}]},{"@type":"WebSite","@id":"https:\/\/fuentesfidedignas.com.mx\/#website","url":"https:\/\/fuentesfidedignas.com.mx\/","name":"Fuentes Fidedignas","description":"Otro sitio realizado con WordPress","publisher":{"@id":"https:\/\/fuentesfidedignas.com.mx\/#organization"},"potentialAction":[{"@type":"SearchAction","target":{"@type":"EntryPoint","urlTemplate":"https:\/\/fuentesfidedignas.com.mx\/?s={search_term_string}"},"query-input":{"@type":"PropertyValueSpecification","valueRequired":true,"valueName":"search_term_string"}}],"inLanguage":"es"},{"@type":"Organization","@id":"https:\/\/fuentesfidedignas.com.mx\/#organization","name":"Fuentes Fidedignas","url":"https:\/\/fuentesfidedignas.com.mx\/","logo":{"@type":"ImageObject","inLanguage":"es","@id":"https:\/\/fuentesfidedignas.com.mx\/#\/schema\/logo\/image\/","url":"https:\/\/fuentesfidedignas.com.mx\/wp-content\/uploads\/2021\/04\/logo-retina.png","contentUrl":"https:\/\/fuentesfidedignas.com.mx\/wp-content\/uploads\/2021\/04\/logo-retina.png","width":280,"height":51,"caption":"Fuentes Fidedignas"},"image":{"@id":"https:\/\/fuentesfidedignas.com.mx\/#\/schema\/logo\/image\/"},"sameAs":["https:\/\/www.facebook.com\/Fuentes-Fidedignas-368234489921644","https:\/\/x.com\/fidedignas"]},{"@type":"Person","@id":"https:\/\/fuentesfidedignas.com.mx\/#\/schema\/person\/ec4edd1fbf5efa3e44fce34fe2787780","name":"Exc\u00e9lsior","image":{"@type":"ImageObject","inLanguage":"es","@id":"https:\/\/secure.gravatar.com\/avatar\/4b7ee9206b48be08447852b3f0814dbc7c0f3b51541b164f1464a2725614020b?s=96&d=mm&r=g","url":"https:\/\/secure.gravatar.com\/avatar\/4b7ee9206b48be08447852b3f0814dbc7c0f3b51541b164f1464a2725614020b?s=96&d=mm&r=g","contentUrl":"https:\/\/secure.gravatar.com\/avatar\/4b7ee9206b48be08447852b3f0814dbc7c0f3b51541b164f1464a2725614020b?s=96&d=mm&r=g","caption":"Exc\u00e9lsior"},"url":"https:\/\/fuentesfidedignas.com.mx\/index.php\/author\/excelsior\/"}]}},"_links":{"self":[{"href":"https:\/\/fuentesfidedignas.com.mx\/index.php\/wp-json\/wp\/v2\/posts\/128215","targetHints":{"allow":["GET"]}}],"collection":[{"href":"https:\/\/fuentesfidedignas.com.mx\/index.php\/wp-json\/wp\/v2\/posts"}],"about":[{"href":"https:\/\/fuentesfidedignas.com.mx\/index.php\/wp-json\/wp\/v2\/types\/post"}],"author":[{"embeddable":true,"href":"https:\/\/fuentesfidedignas.com.mx\/index.php\/wp-json\/wp\/v2\/users\/7"}],"replies":[{"embeddable":true,"href":"https:\/\/fuentesfidedignas.com.mx\/index.php\/wp-json\/wp\/v2\/comments?post=128215"}],"version-history":[{"count":1,"href":"https:\/\/fuentesfidedignas.com.mx\/index.php\/wp-json\/wp\/v2\/posts\/128215\/revisions"}],"predecessor-version":[{"id":128217,"href":"https:\/\/fuentesfidedignas.com.mx\/index.php\/wp-json\/wp\/v2\/posts\/128215\/revisions\/128217"}],"wp:featuredmedia":[{"embeddable":true,"href":"https:\/\/fuentesfidedignas.com.mx\/index.php\/wp-json\/wp\/v2\/media\/128216"}],"wp:attachment":[{"href":"https:\/\/fuentesfidedignas.com.mx\/index.php\/wp-json\/wp\/v2\/media?parent=128215"}],"wp:term":[{"taxonomy":"category","embeddable":true,"href":"https:\/\/fuentesfidedignas.com.mx\/index.php\/wp-json\/wp\/v2\/categories?post=128215"},{"taxonomy":"post_tag","embeddable":true,"href":"https:\/\/fuentesfidedignas.com.mx\/index.php\/wp-json\/wp\/v2\/tags?post=128215"}],"curies":[{"name":"wp","href":"https:\/\/api.w.org\/{rel}","templated":true}]}}