{"id":128165,"date":"2026-02-27T14:55:04","date_gmt":"2026-02-27T21:55:04","guid":{"rendered":"https:\/\/fuentesfidedignas.com.mx\/?p=128165"},"modified":"2026-02-27T14:55:04","modified_gmt":"2026-02-27T21:55:04","slug":"revela-harfuch-que-ya-identificaron-a-posibles-relevos-de-el-mencho-en-el-cartel-jalisco","status":"publish","type":"post","link":"https:\/\/fuentesfidedignas.com.mx\/index.php\/2026\/02\/27\/revela-harfuch-que-ya-identificaron-a-posibles-relevos-de-el-mencho-en-el-cartel-jalisco\/","title":{"rendered":"Revela Harfuch que ya identificaron a posibles relevos de \u2018El Mencho\u2019 en el C\u00e1rtel Jalisco"},"content":{"rendered":"\n<p><strong>Omar Garc\u00eda Harfuch<\/strong>, secretario de Seguridad y Protecci\u00f3n Ciudadana de M\u00e9xico, inform\u00f3 este viernes 27 de febrero que ya identificaron a&nbsp;<strong>cuatro perfiles que podr\u00edan asumir el liderazgo del C\u00e1rtel Jalisco Nueva Generaci\u00f3n<\/strong>&nbsp;(CJNG), luego de que&nbsp;<strong>Nemesio Oseguera Cervantes<\/strong>, alias&nbsp;<strong>\u2018El Mencho\u2019<\/strong>, fuera abatido por elementos castrenses.<\/p>\n\n\n\n<p class=\"c-paragraph\">\u201cHay presencia de este C\u00e1rtel en varios estados y liderazgos regionales.&nbsp;<strong>Tenemos identificados a varios l\u00edderes, cuatro espec\u00edficamente<\/strong>, que est\u00e1n bajo investigaci\u00f3n y son&nbsp;<strong>los m\u00e1s fuertes dentro de este grupo delincuencial<\/strong>\u201d, se\u00f1al\u00f3.<\/p>\n\n\n\n<p class=\"c-paragraph\">Pero eso no fue todo, pues Garc\u00eda Harfuch explic\u00f3 que de estos cuatro perfiles<strong>&nbsp;dos son \u201cm\u00e1s probables\u201d para revelar a \u2018El Mencho\u2019<\/strong>&nbsp;y ya est\u00e1n siendo investigados.<\/p>\n\n\n\n<p>Desde la Ma\u00f1anera del Pueblo, el secretario tambi\u00e9n dijo que luego de la jornada violenta desatada el pasado domingo, tras el abatimiento de Nemesio Oseguera para el martes, mi\u00e9rcoles y hasta este viernes, las carreteras y v\u00edas federales, as\u00ed como locales, se encuentran<strong>&nbsp;abiertas y sin bloqueos.<\/strong><\/p>\n\n\n\n<p><\/p>\n","protected":false},"excerpt":{"rendered":"<p>Omar Garc\u00eda Harfuch, secretario de Seguridad y Protecci\u00f3n Ciudadana de M\u00e9xico, inform\u00f3 este viernes 27 de febrero que ya identificaron a&nbsp;cuatro perfiles que podr\u00edan asumir el liderazgo del C\u00e1rtel Jalisco Nueva Generaci\u00f3n&nbsp;(CJNG), luego de que&nbsp;Nemesio Oseguera Cervantes, alias&nbsp;\u2018El Mencho\u2019, fuera abatido por elementos castrenses. \u201cHay presencia de este C\u00e1rtel en varios estados y liderazgos regionales.&nbsp;Tenemos [&hellip;]<\/p>\n","protected":false},"author":175,"featured_media":128164,"comment_status":"closed","ping_status":"open","sticky":false,"template":"","format":"standard","meta":{"tdm_status":"","tdm_grid_status":"","footnotes":""},"categories":[39],"tags":[],"class_list":{"0":"post-128165","1":"post","2":"type-post","3":"status-publish","4":"format-standard","5":"has-post-thumbnail","7":"category-noticias-nacionales"},"yoast_head":"<!-- This site is optimized with the Yoast SEO plugin v27.5 - https:\/\/yoast.com\/product\/yoast-seo-wordpress\/ -->\n<title>Revela Harfuch que ya identificaron a posibles relevos de \u2018El Mencho\u2019 en el C\u00e1rtel Jalisco - Fuentes Fidedignas<\/title>\n<meta name=\"robots\" content=\"index, follow, max-snippet:-1, max-image-preview:large, max-video-preview:-1\" \/>\n<link rel=\"canonical\" href=\"https:\/\/fuentesfidedignas.com.mx\/index.php\/2026\/02\/27\/revela-harfuch-que-ya-identificaron-a-posibles-relevos-de-el-mencho-en-el-cartel-jalisco\/\" \/>\n<meta property=\"og:locale\" content=\"es_MX\" \/>\n<meta property=\"og:type\" content=\"article\" \/>\n<meta property=\"og:title\" content=\"Revela Harfuch que ya identificaron a posibles relevos de \u2018El Mencho\u2019 en el C\u00e1rtel Jalisco - Fuentes Fidedignas\" \/>\n<meta property=\"og:description\" content=\"Omar Garc\u00eda Harfuch, secretario de Seguridad y Protecci\u00f3n Ciudadana de M\u00e9xico, inform\u00f3 este viernes 27 de febrero que ya identificaron a&nbsp;cuatro perfiles que podr\u00edan asumir el liderazgo del C\u00e1rtel Jalisco Nueva Generaci\u00f3n&nbsp;(CJNG), luego de que&nbsp;Nemesio Oseguera Cervantes, alias&nbsp;\u2018El Mencho\u2019, fuera abatido por elementos castrenses. \u201cHay presencia de este C\u00e1rtel en varios estados y liderazgos regionales.&nbsp;Tenemos [&hellip;]\" \/>\n<meta property=\"og:url\" content=\"https:\/\/fuentesfidedignas.com.mx\/index.php\/2026\/02\/27\/revela-harfuch-que-ya-identificaron-a-posibles-relevos-de-el-mencho-en-el-cartel-jalisco\/\" \/>\n<meta property=\"og:site_name\" content=\"Fuentes Fidedignas\" \/>\n<meta property=\"article:publisher\" content=\"https:\/\/www.facebook.com\/Fuentes-Fidedignas-368234489921644\" \/>\n<meta property=\"article:published_time\" content=\"2026-02-27T21:55:04+00:00\" \/>\n<meta property=\"og:image\" content=\"https:\/\/fuentesfidedignas.com.mx\/wp-content\/uploads\/2026\/02\/img_3586.jpg\" \/>\n\t<meta property=\"og:image:width\" content=\"620\" \/>\n\t<meta property=\"og:image:height\" content=\"348\" \/>\n\t<meta property=\"og:image:type\" content=\"image\/jpeg\" \/>\n<meta name=\"author\" content=\"Naci\u00f3n 321\" \/>\n<meta name=\"twitter:card\" content=\"summary_large_image\" \/>\n<meta name=\"twitter:creator\" content=\"@fidedignas\" \/>\n<meta name=\"twitter:site\" content=\"@fidedignas\" \/>\n<meta name=\"twitter:label1\" content=\"Escrito por\" \/>\n\t<meta name=\"twitter:data1\" content=\"Naci\u00f3n 321\" \/>\n\t<meta name=\"twitter:label2\" content=\"Tiempo de lectura\" \/>\n\t<meta name=\"twitter:data2\" content=\"1 minuto\" \/>\n<script type=\"application\/ld+json\" class=\"yoast-schema-graph\">{\"@context\":\"https:\\\/\\\/schema.org\",\"@graph\":[{\"@type\":\"Article\",\"@id\":\"https:\\\/\\\/fuentesfidedignas.com.mx\\\/index.php\\\/2026\\\/02\\\/27\\\/revela-harfuch-que-ya-identificaron-a-posibles-relevos-de-el-mencho-en-el-cartel-jalisco\\\/#article\",\"isPartOf\":{\"@id\":\"https:\\\/\\\/fuentesfidedignas.com.mx\\\/index.php\\\/2026\\\/02\\\/27\\\/revela-harfuch-que-ya-identificaron-a-posibles-relevos-de-el-mencho-en-el-cartel-jalisco\\\/\"},\"author\":{\"name\":\"Naci\u00f3n 321\",\"@id\":\"https:\\\/\\\/fuentesfidedignas.com.mx\\\/#\\\/schema\\\/person\\\/f2513c09218531946d1dd1e6728fd543\"},\"headline\":\"Revela Harfuch que ya identificaron a posibles relevos de \u2018El Mencho\u2019 en el C\u00e1rtel Jalisco\",\"datePublished\":\"2026-02-27T21:55:04+00:00\",\"mainEntityOfPage\":{\"@id\":\"https:\\\/\\\/fuentesfidedignas.com.mx\\\/index.php\\\/2026\\\/02\\\/27\\\/revela-harfuch-que-ya-identificaron-a-posibles-relevos-de-el-mencho-en-el-cartel-jalisco\\\/\"},\"wordCount\":200,\"publisher\":{\"@id\":\"https:\\\/\\\/fuentesfidedignas.com.mx\\\/#organization\"},\"image\":{\"@id\":\"https:\\\/\\\/fuentesfidedignas.com.mx\\\/index.php\\\/2026\\\/02\\\/27\\\/revela-harfuch-que-ya-identificaron-a-posibles-relevos-de-el-mencho-en-el-cartel-jalisco\\\/#primaryimage\"},\"thumbnailUrl\":\"https:\\\/\\\/fuentesfidedignas.com.mx\\\/wp-content\\\/uploads\\\/2026\\\/02\\\/img_3586.jpg\",\"articleSection\":[\"NOTICIAS NACIONALES\"],\"inLanguage\":\"es\"},{\"@type\":\"WebPage\",\"@id\":\"https:\\\/\\\/fuentesfidedignas.com.mx\\\/index.php\\\/2026\\\/02\\\/27\\\/revela-harfuch-que-ya-identificaron-a-posibles-relevos-de-el-mencho-en-el-cartel-jalisco\\\/\",\"url\":\"https:\\\/\\\/fuentesfidedignas.com.mx\\\/index.php\\\/2026\\\/02\\\/27\\\/revela-harfuch-que-ya-identificaron-a-posibles-relevos-de-el-mencho-en-el-cartel-jalisco\\\/\",\"name\":\"Revela Harfuch que ya identificaron a posibles relevos de \u2018El Mencho\u2019 en el C\u00e1rtel Jalisco - Fuentes Fidedignas\",\"isPartOf\":{\"@id\":\"https:\\\/\\\/fuentesfidedignas.com.mx\\\/#website\"},\"primaryImageOfPage\":{\"@id\":\"https:\\\/\\\/fuentesfidedignas.com.mx\\\/index.php\\\/2026\\\/02\\\/27\\\/revela-harfuch-que-ya-identificaron-a-posibles-relevos-de-el-mencho-en-el-cartel-jalisco\\\/#primaryimage\"},\"image\":{\"@id\":\"https:\\\/\\\/fuentesfidedignas.com.mx\\\/index.php\\\/2026\\\/02\\\/27\\\/revela-harfuch-que-ya-identificaron-a-posibles-relevos-de-el-mencho-en-el-cartel-jalisco\\\/#primaryimage\"},\"thumbnailUrl\":\"https:\\\/\\\/fuentesfidedignas.com.mx\\\/wp-content\\\/uploads\\\/2026\\\/02\\\/img_3586.jpg\",\"datePublished\":\"2026-02-27T21:55:04+00:00\",\"breadcrumb\":{\"@id\":\"https:\\\/\\\/fuentesfidedignas.com.mx\\\/index.php\\\/2026\\\/02\\\/27\\\/revela-harfuch-que-ya-identificaron-a-posibles-relevos-de-el-mencho-en-el-cartel-jalisco\\\/#breadcrumb\"},\"inLanguage\":\"es\",\"potentialAction\":[{\"@type\":\"ReadAction\",\"target\":[\"https:\\\/\\\/fuentesfidedignas.com.mx\\\/index.php\\\/2026\\\/02\\\/27\\\/revela-harfuch-que-ya-identificaron-a-posibles-relevos-de-el-mencho-en-el-cartel-jalisco\\\/\"]}]},{\"@type\":\"ImageObject\",\"inLanguage\":\"es\",\"@id\":\"https:\\\/\\\/fuentesfidedignas.com.mx\\\/index.php\\\/2026\\\/02\\\/27\\\/revela-harfuch-que-ya-identificaron-a-posibles-relevos-de-el-mencho-en-el-cartel-jalisco\\\/#primaryimage\",\"url\":\"https:\\\/\\\/fuentesfidedignas.com.mx\\\/wp-content\\\/uploads\\\/2026\\\/02\\\/img_3586.jpg\",\"contentUrl\":\"https:\\\/\\\/fuentesfidedignas.com.mx\\\/wp-content\\\/uploads\\\/2026\\\/02\\\/img_3586.jpg\",\"width\":620,\"height\":348},{\"@type\":\"BreadcrumbList\",\"@id\":\"https:\\\/\\\/fuentesfidedignas.com.mx\\\/index.php\\\/2026\\\/02\\\/27\\\/revela-harfuch-que-ya-identificaron-a-posibles-relevos-de-el-mencho-en-el-cartel-jalisco\\\/#breadcrumb\",\"itemListElement\":[{\"@type\":\"ListItem\",\"position\":1,\"name\":\"Inicio\",\"item\":\"https:\\\/\\\/fuentesfidedignas.com.mx\\\/\"},{\"@type\":\"ListItem\",\"position\":2,\"name\":\"Revela Harfuch que ya identificaron a posibles relevos de \u2018El Mencho\u2019 en el C\u00e1rtel Jalisco\"}]},{\"@type\":\"WebSite\",\"@id\":\"https:\\\/\\\/fuentesfidedignas.com.mx\\\/#website\",\"url\":\"https:\\\/\\\/fuentesfidedignas.com.mx\\\/\",\"name\":\"Fuentes Fidedignas\",\"description\":\"Otro sitio realizado con WordPress\",\"publisher\":{\"@id\":\"https:\\\/\\\/fuentesfidedignas.com.mx\\\/#organization\"},\"potentialAction\":[{\"@type\":\"SearchAction\",\"target\":{\"@type\":\"EntryPoint\",\"urlTemplate\":\"https:\\\/\\\/fuentesfidedignas.com.mx\\\/?s={search_term_string}\"},\"query-input\":{\"@type\":\"PropertyValueSpecification\",\"valueRequired\":true,\"valueName\":\"search_term_string\"}}],\"inLanguage\":\"es\"},{\"@type\":\"Organization\",\"@id\":\"https:\\\/\\\/fuentesfidedignas.com.mx\\\/#organization\",\"name\":\"Fuentes Fidedignas\",\"url\":\"https:\\\/\\\/fuentesfidedignas.com.mx\\\/\",\"logo\":{\"@type\":\"ImageObject\",\"inLanguage\":\"es\",\"@id\":\"https:\\\/\\\/fuentesfidedignas.com.mx\\\/#\\\/schema\\\/logo\\\/image\\\/\",\"url\":\"https:\\\/\\\/fuentesfidedignas.com.mx\\\/wp-content\\\/uploads\\\/2021\\\/04\\\/logo-retina.png\",\"contentUrl\":\"https:\\\/\\\/fuentesfidedignas.com.mx\\\/wp-content\\\/uploads\\\/2021\\\/04\\\/logo-retina.png\",\"width\":280,\"height\":51,\"caption\":\"Fuentes Fidedignas\"},\"image\":{\"@id\":\"https:\\\/\\\/fuentesfidedignas.com.mx\\\/#\\\/schema\\\/logo\\\/image\\\/\"},\"sameAs\":[\"https:\\\/\\\/www.facebook.com\\\/Fuentes-Fidedignas-368234489921644\",\"https:\\\/\\\/x.com\\\/fidedignas\"]},{\"@type\":\"Person\",\"@id\":\"https:\\\/\\\/fuentesfidedignas.com.mx\\\/#\\\/schema\\\/person\\\/f2513c09218531946d1dd1e6728fd543\",\"name\":\"Naci\u00f3n 321\",\"image\":{\"@type\":\"ImageObject\",\"inLanguage\":\"es\",\"@id\":\"https:\\\/\\\/secure.gravatar.com\\\/avatar\\\/87d0747f909df0d39efee366a75c9f63077b86dffed78c72c34c072990f04e15?s=96&d=mm&r=g\",\"url\":\"https:\\\/\\\/secure.gravatar.com\\\/avatar\\\/87d0747f909df0d39efee366a75c9f63077b86dffed78c72c34c072990f04e15?s=96&d=mm&r=g\",\"contentUrl\":\"https:\\\/\\\/secure.gravatar.com\\\/avatar\\\/87d0747f909df0d39efee366a75c9f63077b86dffed78c72c34c072990f04e15?s=96&d=mm&r=g\",\"caption\":\"Naci\u00f3n 321\"},\"url\":\"https:\\\/\\\/fuentesfidedignas.com.mx\\\/index.php\\\/author\\\/nacion321\\\/\"}]}<\/script>\n<!-- \/ Yoast SEO plugin. -->","yoast_head_json":{"title":"Revela Harfuch que ya identificaron a posibles relevos de \u2018El Mencho\u2019 en el C\u00e1rtel Jalisco - Fuentes Fidedignas","robots":{"index":"index","follow":"follow","max-snippet":"max-snippet:-1","max-image-preview":"max-image-preview:large","max-video-preview":"max-video-preview:-1"},"canonical":"https:\/\/fuentesfidedignas.com.mx\/index.php\/2026\/02\/27\/revela-harfuch-que-ya-identificaron-a-posibles-relevos-de-el-mencho-en-el-cartel-jalisco\/","og_locale":"es_MX","og_type":"article","og_title":"Revela Harfuch que ya identificaron a posibles relevos de \u2018El Mencho\u2019 en el C\u00e1rtel Jalisco - Fuentes Fidedignas","og_description":"Omar Garc\u00eda Harfuch, secretario de Seguridad y Protecci\u00f3n Ciudadana de M\u00e9xico, inform\u00f3 este viernes 27 de febrero que ya identificaron a&nbsp;cuatro perfiles que podr\u00edan asumir el liderazgo del C\u00e1rtel Jalisco Nueva Generaci\u00f3n&nbsp;(CJNG), luego de que&nbsp;Nemesio Oseguera Cervantes, alias&nbsp;\u2018El Mencho\u2019, fuera abatido por elementos castrenses. \u201cHay presencia de este C\u00e1rtel en varios estados y liderazgos regionales.&nbsp;Tenemos [&hellip;]","og_url":"https:\/\/fuentesfidedignas.com.mx\/index.php\/2026\/02\/27\/revela-harfuch-que-ya-identificaron-a-posibles-relevos-de-el-mencho-en-el-cartel-jalisco\/","og_site_name":"Fuentes Fidedignas","article_publisher":"https:\/\/www.facebook.com\/Fuentes-Fidedignas-368234489921644","article_published_time":"2026-02-27T21:55:04+00:00","og_image":[{"width":620,"height":348,"url":"https:\/\/fuentesfidedignas.com.mx\/wp-content\/uploads\/2026\/02\/img_3586.jpg","type":"image\/jpeg"}],"author":"Naci\u00f3n 321","twitter_card":"summary_large_image","twitter_creator":"@fidedignas","twitter_site":"@fidedignas","twitter_misc":{"Escrito por":"Naci\u00f3n 321","Tiempo de lectura":"1 minuto"},"schema":{"@context":"https:\/\/schema.org","@graph":[{"@type":"Article","@id":"https:\/\/fuentesfidedignas.com.mx\/index.php\/2026\/02\/27\/revela-harfuch-que-ya-identificaron-a-posibles-relevos-de-el-mencho-en-el-cartel-jalisco\/#article","isPartOf":{"@id":"https:\/\/fuentesfidedignas.com.mx\/index.php\/2026\/02\/27\/revela-harfuch-que-ya-identificaron-a-posibles-relevos-de-el-mencho-en-el-cartel-jalisco\/"},"author":{"name":"Naci\u00f3n 321","@id":"https:\/\/fuentesfidedignas.com.mx\/#\/schema\/person\/f2513c09218531946d1dd1e6728fd543"},"headline":"Revela Harfuch que ya identificaron a posibles relevos de \u2018El Mencho\u2019 en el C\u00e1rtel Jalisco","datePublished":"2026-02-27T21:55:04+00:00","mainEntityOfPage":{"@id":"https:\/\/fuentesfidedignas.com.mx\/index.php\/2026\/02\/27\/revela-harfuch-que-ya-identificaron-a-posibles-relevos-de-el-mencho-en-el-cartel-jalisco\/"},"wordCount":200,"publisher":{"@id":"https:\/\/fuentesfidedignas.com.mx\/#organization"},"image":{"@id":"https:\/\/fuentesfidedignas.com.mx\/index.php\/2026\/02\/27\/revela-harfuch-que-ya-identificaron-a-posibles-relevos-de-el-mencho-en-el-cartel-jalisco\/#primaryimage"},"thumbnailUrl":"https:\/\/fuentesfidedignas.com.mx\/wp-content\/uploads\/2026\/02\/img_3586.jpg","articleSection":["NOTICIAS NACIONALES"],"inLanguage":"es"},{"@type":"WebPage","@id":"https:\/\/fuentesfidedignas.com.mx\/index.php\/2026\/02\/27\/revela-harfuch-que-ya-identificaron-a-posibles-relevos-de-el-mencho-en-el-cartel-jalisco\/","url":"https:\/\/fuentesfidedignas.com.mx\/index.php\/2026\/02\/27\/revela-harfuch-que-ya-identificaron-a-posibles-relevos-de-el-mencho-en-el-cartel-jalisco\/","name":"Revela Harfuch que ya identificaron a posibles relevos de \u2018El Mencho\u2019 en el C\u00e1rtel Jalisco - Fuentes Fidedignas","isPartOf":{"@id":"https:\/\/fuentesfidedignas.com.mx\/#website"},"primaryImageOfPage":{"@id":"https:\/\/fuentesfidedignas.com.mx\/index.php\/2026\/02\/27\/revela-harfuch-que-ya-identificaron-a-posibles-relevos-de-el-mencho-en-el-cartel-jalisco\/#primaryimage"},"image":{"@id":"https:\/\/fuentesfidedignas.com.mx\/index.php\/2026\/02\/27\/revela-harfuch-que-ya-identificaron-a-posibles-relevos-de-el-mencho-en-el-cartel-jalisco\/#primaryimage"},"thumbnailUrl":"https:\/\/fuentesfidedignas.com.mx\/wp-content\/uploads\/2026\/02\/img_3586.jpg","datePublished":"2026-02-27T21:55:04+00:00","breadcrumb":{"@id":"https:\/\/fuentesfidedignas.com.mx\/index.php\/2026\/02\/27\/revela-harfuch-que-ya-identificaron-a-posibles-relevos-de-el-mencho-en-el-cartel-jalisco\/#breadcrumb"},"inLanguage":"es","potentialAction":[{"@type":"ReadAction","target":["https:\/\/fuentesfidedignas.com.mx\/index.php\/2026\/02\/27\/revela-harfuch-que-ya-identificaron-a-posibles-relevos-de-el-mencho-en-el-cartel-jalisco\/"]}]},{"@type":"ImageObject","inLanguage":"es","@id":"https:\/\/fuentesfidedignas.com.mx\/index.php\/2026\/02\/27\/revela-harfuch-que-ya-identificaron-a-posibles-relevos-de-el-mencho-en-el-cartel-jalisco\/#primaryimage","url":"https:\/\/fuentesfidedignas.com.mx\/wp-content\/uploads\/2026\/02\/img_3586.jpg","contentUrl":"https:\/\/fuentesfidedignas.com.mx\/wp-content\/uploads\/2026\/02\/img_3586.jpg","width":620,"height":348},{"@type":"BreadcrumbList","@id":"https:\/\/fuentesfidedignas.com.mx\/index.php\/2026\/02\/27\/revela-harfuch-que-ya-identificaron-a-posibles-relevos-de-el-mencho-en-el-cartel-jalisco\/#breadcrumb","itemListElement":[{"@type":"ListItem","position":1,"name":"Inicio","item":"https:\/\/fuentesfidedignas.com.mx\/"},{"@type":"ListItem","position":2,"name":"Revela Harfuch que ya identificaron a posibles relevos de \u2018El Mencho\u2019 en el C\u00e1rtel Jalisco"}]},{"@type":"WebSite","@id":"https:\/\/fuentesfidedignas.com.mx\/#website","url":"https:\/\/fuentesfidedignas.com.mx\/","name":"Fuentes Fidedignas","description":"Otro sitio realizado con WordPress","publisher":{"@id":"https:\/\/fuentesfidedignas.com.mx\/#organization"},"potentialAction":[{"@type":"SearchAction","target":{"@type":"EntryPoint","urlTemplate":"https:\/\/fuentesfidedignas.com.mx\/?s={search_term_string}"},"query-input":{"@type":"PropertyValueSpecification","valueRequired":true,"valueName":"search_term_string"}}],"inLanguage":"es"},{"@type":"Organization","@id":"https:\/\/fuentesfidedignas.com.mx\/#organization","name":"Fuentes Fidedignas","url":"https:\/\/fuentesfidedignas.com.mx\/","logo":{"@type":"ImageObject","inLanguage":"es","@id":"https:\/\/fuentesfidedignas.com.mx\/#\/schema\/logo\/image\/","url":"https:\/\/fuentesfidedignas.com.mx\/wp-content\/uploads\/2021\/04\/logo-retina.png","contentUrl":"https:\/\/fuentesfidedignas.com.mx\/wp-content\/uploads\/2021\/04\/logo-retina.png","width":280,"height":51,"caption":"Fuentes Fidedignas"},"image":{"@id":"https:\/\/fuentesfidedignas.com.mx\/#\/schema\/logo\/image\/"},"sameAs":["https:\/\/www.facebook.com\/Fuentes-Fidedignas-368234489921644","https:\/\/x.com\/fidedignas"]},{"@type":"Person","@id":"https:\/\/fuentesfidedignas.com.mx\/#\/schema\/person\/f2513c09218531946d1dd1e6728fd543","name":"Naci\u00f3n 321","image":{"@type":"ImageObject","inLanguage":"es","@id":"https:\/\/secure.gravatar.com\/avatar\/87d0747f909df0d39efee366a75c9f63077b86dffed78c72c34c072990f04e15?s=96&d=mm&r=g","url":"https:\/\/secure.gravatar.com\/avatar\/87d0747f909df0d39efee366a75c9f63077b86dffed78c72c34c072990f04e15?s=96&d=mm&r=g","contentUrl":"https:\/\/secure.gravatar.com\/avatar\/87d0747f909df0d39efee366a75c9f63077b86dffed78c72c34c072990f04e15?s=96&d=mm&r=g","caption":"Naci\u00f3n 321"},"url":"https:\/\/fuentesfidedignas.com.mx\/index.php\/author\/nacion321\/"}]}},"_links":{"self":[{"href":"https:\/\/fuentesfidedignas.com.mx\/index.php\/wp-json\/wp\/v2\/posts\/128165","targetHints":{"allow":["GET"]}}],"collection":[{"href":"https:\/\/fuentesfidedignas.com.mx\/index.php\/wp-json\/wp\/v2\/posts"}],"about":[{"href":"https:\/\/fuentesfidedignas.com.mx\/index.php\/wp-json\/wp\/v2\/types\/post"}],"author":[{"embeddable":true,"href":"https:\/\/fuentesfidedignas.com.mx\/index.php\/wp-json\/wp\/v2\/users\/175"}],"replies":[{"embeddable":true,"href":"https:\/\/fuentesfidedignas.com.mx\/index.php\/wp-json\/wp\/v2\/comments?post=128165"}],"version-history":[{"count":1,"href":"https:\/\/fuentesfidedignas.com.mx\/index.php\/wp-json\/wp\/v2\/posts\/128165\/revisions"}],"predecessor-version":[{"id":128166,"href":"https:\/\/fuentesfidedignas.com.mx\/index.php\/wp-json\/wp\/v2\/posts\/128165\/revisions\/128166"}],"wp:featuredmedia":[{"embeddable":true,"href":"https:\/\/fuentesfidedignas.com.mx\/index.php\/wp-json\/wp\/v2\/media\/128164"}],"wp:attachment":[{"href":"https:\/\/fuentesfidedignas.com.mx\/index.php\/wp-json\/wp\/v2\/media?parent=128165"}],"wp:term":[{"taxonomy":"category","embeddable":true,"href":"https:\/\/fuentesfidedignas.com.mx\/index.php\/wp-json\/wp\/v2\/categories?post=128165"},{"taxonomy":"post_tag","embeddable":true,"href":"https:\/\/fuentesfidedignas.com.mx\/index.php\/wp-json\/wp\/v2\/tags?post=128165"}],"curies":[{"name":"wp","href":"https:\/\/api.w.org\/{rel}","templated":true}]}}