{"id":128061,"date":"2026-02-26T06:23:00","date_gmt":"2026-02-26T13:23:00","guid":{"rendered":"https:\/\/fuentesfidedignas.com.mx\/?p=128061"},"modified":"2026-02-26T07:26:43","modified_gmt":"2026-02-26T14:26:43","slug":"alcalde-de-tapalpa-asegura-que-municipio-se-encuentra-mas-tranquilo-y-critica-desinformacion","status":"publish","type":"post","link":"https:\/\/fuentesfidedignas.com.mx\/index.php\/2026\/02\/26\/alcalde-de-tapalpa-asegura-que-municipio-se-encuentra-mas-tranquilo-y-critica-desinformacion\/","title":{"rendered":"Alcalde de Tapalpa asegura que municipio se encuentra &#8216;m\u00e1s tranquilo&#8217; y critica desinformaci\u00f3n"},"content":{"rendered":"\n<p><strong><em>Antonio Morales neg\u00f3 haber estado al tanto del operativo militar del pasado domingo en el municipio y critic\u00f3 a los medios &#8216;amarillistas&#8217; que han publicado noticias falsas sobre la localidad.<\/em><\/strong><\/p>\n\n\n\n<p>El alcalde de Tapalpa, Antonio Morales, asegur\u00f3 que el municipio jalisciense se encuentra \u201cm\u00e1s tranquilo\u201d y con \u201cm\u00e1s calma\u201d, tras el operativo del pasado domingo que deriv\u00f3 en la muerte de Nemesio Rub\u00e9n Oseguera Cervantes \u201cEl Mencho\u201d, l\u00edder del Cartel Jalisco Nueva Generaci\u00f3n (CJNG).<\/p>\n\n\n\n<p>\u201cYa el pueblo lo observamos con mayor tranquilidad, con m\u00e1s calma, poco a poco volviendo a la normalidad y me da mucho gusto que nuestro pueblo, nuestro municipio est\u00e9 cobrando vida\u201d, dijo el funcionario en un video publicado en redes sociales el mi\u00e9rcoles.<\/p>\n\n\n\n<p>El alcalde tambi\u00e9n neg\u00f3 haber estado al tanto del operativo militar en el municipio, donde se encontraba el l\u00edder del CJNG en una de sus exclusivas zonas residenciales, y que desemboc\u00f3 en un violento enfrentamiento entre los militares y los miembros del cartel con armas largas y lanzacohetes.<\/p>\n\n\n\n<p>Adem\u00e1s, critic\u00f3 las informaciones difundidas por algunos medios que calific\u00f3 como \u201camarillistas\u201d y que, dijo, da\u00f1an la imagen del municipio.<\/p>\n\n\n\n<p>Morales remarc\u00f3 el atractivo de Tapalpa, con cerca de 20,000 habitantes, 130 kil\u00f3metros al sur de Guadalajara, capital de Jalisco, con cerca de 20,000 habitantes.<\/p>\n\n\n\n<figure class=\"wp-block-embed is-type-rich is-provider-twitter wp-block-embed-twitter\"><div class=\"wp-block-embed__wrapper\">\n<blockquote class=\"twitter-tweet\" data-width=\"550\" data-dnt=\"true\"><p lang=\"es\" dir=\"ltr\">Comunicado por parte del presidente Antonio Morales D\u00edaz<a href=\"https:\/\/twitter.com\/hashtag\/Tapalpa?src=hash&amp;ref_src=twsrc%5Etfw\">#Tapalpa<\/a>  <a href=\"https:\/\/twitter.com\/hashtag\/Jalisco?src=hash&amp;ref_src=twsrc%5Etfw\">#Jalisco<\/a> <a href=\"https:\/\/twitter.com\/hashtag\/ULTIMAHORA?src=hash&amp;ref_src=twsrc%5Etfw\">#ULTIMAHORA<\/a>  <a href=\"https:\/\/twitter.com\/hashtag\/Mexico?src=hash&amp;ref_src=twsrc%5Etfw\">#Mexico<\/a> <a href=\"https:\/\/t.co\/RFfE7YlYHO\">pic.twitter.com\/RFfE7YlYHO<\/a><\/p>&mdash; Gobierno De Tapalpa (@TapalpaGob2427) <a href=\"https:\/\/twitter.com\/TapalpaGob2427\/status\/2026798458271564010?ref_src=twsrc%5Etfw\">February 25, 2026<\/a><\/blockquote><script async src=\"https:\/\/platform.twitter.com\/widgets.js\" charset=\"utf-8\"><\/script>\n<\/div><\/figure>\n\n\n\n<p>\u201cLa gente que conoce nuestro destino saben perfectamente que nuestro destino es un lugar tranquilo, con calma, que estos hechos que se suscitaron son hechos aislados\u201d, asever\u00f3.<\/p>\n\n\n\n<p>Tapalpa, un destino tur\u00edstico muy conocido, es uno de los Pueblos M\u00e1gicos de M\u00e9xico, un programa del Gobierno federal para destacar la riqueza cultural de varias localidades.<\/p>\n\n\n\n<p>En el centro del pueblo y los alrededores se pudo constatar normalidad con los comercios abiertos.<\/p>\n\n\n\n<p>La carretera de acceso ya se encuentra totalmente despejada de los veh\u00edculos calcinados que obstaculizaban el paso en los d\u00edas anteriores tras los enfrentamientos.<\/p>\n\n\n\n<p>El gobernador de Jalisco, Pablo Lemus, anunci\u00f3 el martes el levantamiento del \u201cc\u00f3digo rojo\u201d que se prolong\u00f3 durante tres d\u00edas en el estado, epicentro de la ola de violencia que sacudi\u00f3 el pa\u00eds tras el operativo contra \u201cEl Mencho\u201d, y este mi\u00e9rcoles se retomaron las actividades educativas y las oficinas y negocios reabrieron sus puertas.<\/p>\n\n\n\n<p>El Gobierno mexicano inform\u00f3 que los enfrentamientos del domingo dejaron 25 integrantes de la Guardia Nacional y m\u00e1s de 30 miembros del CJNG fallecidos.<\/p>\n\n\n\n<p>Nemesio Oseguera Cervantes, alias \u201cEl Mencho\u201d, de 59 a\u00f1os, era uno de los criminales m\u00e1s buscados por autoridades mexicanas y estadounidenses, con una recompensa millonaria por informaci\u00f3n que condujera a su captura.<\/p>\n\n\n\n<p>Washington, que colabor\u00f3 en la operaci\u00f3n aportando informaci\u00f3n de inteligencia sobre su ubicaci\u00f3n a las fuerzas mexicanas, lo acusaba de encabezar un \u201creinado de terror\u201d en M\u00e9xico y de destruir \u201cinnumerables vidas\u201d con el tr\u00e1fico de fentanilo.<\/p>\n\n\n\n<p>Bajo su mando, el CJNG expandi\u00f3 su presencia en M\u00e9xico y fortaleci\u00f3 rutas de tr\u00e1fico de droga, incluido el fentanilo hacia Estados Unidos, lo que lo coloc\u00f3 entre los narcotraficantes m\u00e1s buscados por ambos pa\u00edses.<\/p>\n","protected":false},"excerpt":{"rendered":"<p>Antonio Morales neg\u00f3 haber estado al tanto del operativo militar del pasado domingo en el municipio y critic\u00f3 a los medios &#8216;amarillistas&#8217; que han publicado noticias falsas sobre la localidad. El alcalde de Tapalpa, Antonio Morales, asegur\u00f3 que el municipio jalisciense se encuentra \u201cm\u00e1s tranquilo\u201d y con \u201cm\u00e1s calma\u201d, tras el operativo del pasado domingo [&hellip;]<\/p>\n","protected":false},"author":22,"featured_media":128062,"comment_status":"open","ping_status":"open","sticky":false,"template":"","format":"standard","meta":{"tdm_status":"","tdm_grid_status":"","footnotes":""},"categories":[39],"tags":[],"class_list":{"0":"post-128061","1":"post","2":"type-post","3":"status-publish","4":"format-standard","5":"has-post-thumbnail","7":"category-noticias-nacionales"},"yoast_head":"<!-- This site is optimized with the Yoast SEO plugin v27.5 - https:\/\/yoast.com\/product\/yoast-seo-wordpress\/ -->\n<title>Alcalde de Tapalpa asegura que municipio se encuentra &#039;m\u00e1s tranquilo&#039; y critica desinformaci\u00f3n - Fuentes Fidedignas<\/title>\n<meta name=\"robots\" content=\"index, follow, max-snippet:-1, max-image-preview:large, max-video-preview:-1\" \/>\n<link rel=\"canonical\" href=\"https:\/\/fuentesfidedignas.com.mx\/index.php\/2026\/02\/26\/alcalde-de-tapalpa-asegura-que-municipio-se-encuentra-mas-tranquilo-y-critica-desinformacion\/\" \/>\n<meta property=\"og:locale\" content=\"es_MX\" \/>\n<meta property=\"og:type\" content=\"article\" \/>\n<meta property=\"og:title\" content=\"Alcalde de Tapalpa asegura que municipio se encuentra &#039;m\u00e1s tranquilo&#039; y critica desinformaci\u00f3n - Fuentes Fidedignas\" \/>\n<meta property=\"og:description\" content=\"Antonio Morales neg\u00f3 haber estado al tanto del operativo militar del pasado domingo en el municipio y critic\u00f3 a los medios &#8216;amarillistas&#8217; que han publicado noticias falsas sobre la localidad. El alcalde de Tapalpa, Antonio Morales, asegur\u00f3 que el municipio jalisciense se encuentra \u201cm\u00e1s tranquilo\u201d y con \u201cm\u00e1s calma\u201d, tras el operativo del pasado domingo [&hellip;]\" \/>\n<meta property=\"og:url\" content=\"https:\/\/fuentesfidedignas.com.mx\/index.php\/2026\/02\/26\/alcalde-de-tapalpa-asegura-que-municipio-se-encuentra-mas-tranquilo-y-critica-desinformacion\/\" \/>\n<meta property=\"og:site_name\" content=\"Fuentes Fidedignas\" \/>\n<meta property=\"article:publisher\" content=\"https:\/\/www.facebook.com\/Fuentes-Fidedignas-368234489921644\" \/>\n<meta property=\"article:published_time\" content=\"2026-02-26T13:23:00+00:00\" \/>\n<meta property=\"article:modified_time\" content=\"2026-02-26T14:26:43+00:00\" \/>\n<meta property=\"og:image\" content=\"https:\/\/fuentesfidedignas.com.mx\/wp-content\/uploads\/2026\/02\/tapalpa-jalisco-pueblo-magico.jpg\" \/>\n\t<meta property=\"og:image:width\" content=\"500\" \/>\n\t<meta property=\"og:image:height\" content=\"312\" \/>\n\t<meta property=\"og:image:type\" content=\"image\/jpeg\" \/>\n<meta name=\"author\" content=\"EFE\" \/>\n<meta name=\"twitter:card\" content=\"summary_large_image\" \/>\n<meta name=\"twitter:creator\" content=\"@fidedignas\" \/>\n<meta name=\"twitter:site\" content=\"@fidedignas\" \/>\n<meta name=\"twitter:label1\" content=\"Escrito por\" \/>\n\t<meta name=\"twitter:data1\" content=\"EFE\" \/>\n\t<meta name=\"twitter:label2\" content=\"Tiempo de lectura\" \/>\n\t<meta name=\"twitter:data2\" content=\"3 minutos\" \/>\n<script type=\"application\/ld+json\" class=\"yoast-schema-graph\">{\"@context\":\"https:\\\/\\\/schema.org\",\"@graph\":[{\"@type\":\"Article\",\"@id\":\"https:\\\/\\\/fuentesfidedignas.com.mx\\\/index.php\\\/2026\\\/02\\\/26\\\/alcalde-de-tapalpa-asegura-que-municipio-se-encuentra-mas-tranquilo-y-critica-desinformacion\\\/#article\",\"isPartOf\":{\"@id\":\"https:\\\/\\\/fuentesfidedignas.com.mx\\\/index.php\\\/2026\\\/02\\\/26\\\/alcalde-de-tapalpa-asegura-que-municipio-se-encuentra-mas-tranquilo-y-critica-desinformacion\\\/\"},\"author\":{\"name\":\"EFE\",\"@id\":\"https:\\\/\\\/fuentesfidedignas.com.mx\\\/#\\\/schema\\\/person\\\/0d44615087b5a626d5d3f13afe31ac41\"},\"headline\":\"Alcalde de Tapalpa asegura que municipio se encuentra &#8216;m\u00e1s tranquilo&#8217; y critica desinformaci\u00f3n\",\"datePublished\":\"2026-02-26T13:23:00+00:00\",\"dateModified\":\"2026-02-26T14:26:43+00:00\",\"mainEntityOfPage\":{\"@id\":\"https:\\\/\\\/fuentesfidedignas.com.mx\\\/index.php\\\/2026\\\/02\\\/26\\\/alcalde-de-tapalpa-asegura-que-municipio-se-encuentra-mas-tranquilo-y-critica-desinformacion\\\/\"},\"wordCount\":535,\"commentCount\":0,\"publisher\":{\"@id\":\"https:\\\/\\\/fuentesfidedignas.com.mx\\\/#organization\"},\"image\":{\"@id\":\"https:\\\/\\\/fuentesfidedignas.com.mx\\\/index.php\\\/2026\\\/02\\\/26\\\/alcalde-de-tapalpa-asegura-que-municipio-se-encuentra-mas-tranquilo-y-critica-desinformacion\\\/#primaryimage\"},\"thumbnailUrl\":\"https:\\\/\\\/fuentesfidedignas.com.mx\\\/wp-content\\\/uploads\\\/2026\\\/02\\\/tapalpa-jalisco-pueblo-magico.jpg\",\"articleSection\":[\"NOTICIAS NACIONALES\"],\"inLanguage\":\"es\",\"potentialAction\":[{\"@type\":\"CommentAction\",\"name\":\"Comment\",\"target\":[\"https:\\\/\\\/fuentesfidedignas.com.mx\\\/index.php\\\/2026\\\/02\\\/26\\\/alcalde-de-tapalpa-asegura-que-municipio-se-encuentra-mas-tranquilo-y-critica-desinformacion\\\/#respond\"]}]},{\"@type\":\"WebPage\",\"@id\":\"https:\\\/\\\/fuentesfidedignas.com.mx\\\/index.php\\\/2026\\\/02\\\/26\\\/alcalde-de-tapalpa-asegura-que-municipio-se-encuentra-mas-tranquilo-y-critica-desinformacion\\\/\",\"url\":\"https:\\\/\\\/fuentesfidedignas.com.mx\\\/index.php\\\/2026\\\/02\\\/26\\\/alcalde-de-tapalpa-asegura-que-municipio-se-encuentra-mas-tranquilo-y-critica-desinformacion\\\/\",\"name\":\"Alcalde de Tapalpa asegura que municipio se encuentra 'm\u00e1s tranquilo' y critica desinformaci\u00f3n - Fuentes Fidedignas\",\"isPartOf\":{\"@id\":\"https:\\\/\\\/fuentesfidedignas.com.mx\\\/#website\"},\"primaryImageOfPage\":{\"@id\":\"https:\\\/\\\/fuentesfidedignas.com.mx\\\/index.php\\\/2026\\\/02\\\/26\\\/alcalde-de-tapalpa-asegura-que-municipio-se-encuentra-mas-tranquilo-y-critica-desinformacion\\\/#primaryimage\"},\"image\":{\"@id\":\"https:\\\/\\\/fuentesfidedignas.com.mx\\\/index.php\\\/2026\\\/02\\\/26\\\/alcalde-de-tapalpa-asegura-que-municipio-se-encuentra-mas-tranquilo-y-critica-desinformacion\\\/#primaryimage\"},\"thumbnailUrl\":\"https:\\\/\\\/fuentesfidedignas.com.mx\\\/wp-content\\\/uploads\\\/2026\\\/02\\\/tapalpa-jalisco-pueblo-magico.jpg\",\"datePublished\":\"2026-02-26T13:23:00+00:00\",\"dateModified\":\"2026-02-26T14:26:43+00:00\",\"breadcrumb\":{\"@id\":\"https:\\\/\\\/fuentesfidedignas.com.mx\\\/index.php\\\/2026\\\/02\\\/26\\\/alcalde-de-tapalpa-asegura-que-municipio-se-encuentra-mas-tranquilo-y-critica-desinformacion\\\/#breadcrumb\"},\"inLanguage\":\"es\",\"potentialAction\":[{\"@type\":\"ReadAction\",\"target\":[\"https:\\\/\\\/fuentesfidedignas.com.mx\\\/index.php\\\/2026\\\/02\\\/26\\\/alcalde-de-tapalpa-asegura-que-municipio-se-encuentra-mas-tranquilo-y-critica-desinformacion\\\/\"]}]},{\"@type\":\"ImageObject\",\"inLanguage\":\"es\",\"@id\":\"https:\\\/\\\/fuentesfidedignas.com.mx\\\/index.php\\\/2026\\\/02\\\/26\\\/alcalde-de-tapalpa-asegura-que-municipio-se-encuentra-mas-tranquilo-y-critica-desinformacion\\\/#primaryimage\",\"url\":\"https:\\\/\\\/fuentesfidedignas.com.mx\\\/wp-content\\\/uploads\\\/2026\\\/02\\\/tapalpa-jalisco-pueblo-magico.jpg\",\"contentUrl\":\"https:\\\/\\\/fuentesfidedignas.com.mx\\\/wp-content\\\/uploads\\\/2026\\\/02\\\/tapalpa-jalisco-pueblo-magico.jpg\",\"width\":500,\"height\":312},{\"@type\":\"BreadcrumbList\",\"@id\":\"https:\\\/\\\/fuentesfidedignas.com.mx\\\/index.php\\\/2026\\\/02\\\/26\\\/alcalde-de-tapalpa-asegura-que-municipio-se-encuentra-mas-tranquilo-y-critica-desinformacion\\\/#breadcrumb\",\"itemListElement\":[{\"@type\":\"ListItem\",\"position\":1,\"name\":\"Inicio\",\"item\":\"https:\\\/\\\/fuentesfidedignas.com.mx\\\/\"},{\"@type\":\"ListItem\",\"position\":2,\"name\":\"Alcalde de Tapalpa asegura que municipio se encuentra &#8216;m\u00e1s tranquilo&#8217; y critica desinformaci\u00f3n\"}]},{\"@type\":\"WebSite\",\"@id\":\"https:\\\/\\\/fuentesfidedignas.com.mx\\\/#website\",\"url\":\"https:\\\/\\\/fuentesfidedignas.com.mx\\\/\",\"name\":\"Fuentes Fidedignas\",\"description\":\"Otro sitio realizado con WordPress\",\"publisher\":{\"@id\":\"https:\\\/\\\/fuentesfidedignas.com.mx\\\/#organization\"},\"potentialAction\":[{\"@type\":\"SearchAction\",\"target\":{\"@type\":\"EntryPoint\",\"urlTemplate\":\"https:\\\/\\\/fuentesfidedignas.com.mx\\\/?s={search_term_string}\"},\"query-input\":{\"@type\":\"PropertyValueSpecification\",\"valueRequired\":true,\"valueName\":\"search_term_string\"}}],\"inLanguage\":\"es\"},{\"@type\":\"Organization\",\"@id\":\"https:\\\/\\\/fuentesfidedignas.com.mx\\\/#organization\",\"name\":\"Fuentes Fidedignas\",\"url\":\"https:\\\/\\\/fuentesfidedignas.com.mx\\\/\",\"logo\":{\"@type\":\"ImageObject\",\"inLanguage\":\"es\",\"@id\":\"https:\\\/\\\/fuentesfidedignas.com.mx\\\/#\\\/schema\\\/logo\\\/image\\\/\",\"url\":\"https:\\\/\\\/fuentesfidedignas.com.mx\\\/wp-content\\\/uploads\\\/2021\\\/04\\\/logo-retina.png\",\"contentUrl\":\"https:\\\/\\\/fuentesfidedignas.com.mx\\\/wp-content\\\/uploads\\\/2021\\\/04\\\/logo-retina.png\",\"width\":280,\"height\":51,\"caption\":\"Fuentes Fidedignas\"},\"image\":{\"@id\":\"https:\\\/\\\/fuentesfidedignas.com.mx\\\/#\\\/schema\\\/logo\\\/image\\\/\"},\"sameAs\":[\"https:\\\/\\\/www.facebook.com\\\/Fuentes-Fidedignas-368234489921644\",\"https:\\\/\\\/x.com\\\/fidedignas\"]},{\"@type\":\"Person\",\"@id\":\"https:\\\/\\\/fuentesfidedignas.com.mx\\\/#\\\/schema\\\/person\\\/0d44615087b5a626d5d3f13afe31ac41\",\"name\":\"EFE\",\"image\":{\"@type\":\"ImageObject\",\"inLanguage\":\"es\",\"@id\":\"https:\\\/\\\/secure.gravatar.com\\\/avatar\\\/7048c2d9b569d9bed55bb53ad23821e6e047aa66338fb6ea9868627bbb9f54e8?s=96&d=mm&r=g\",\"url\":\"https:\\\/\\\/secure.gravatar.com\\\/avatar\\\/7048c2d9b569d9bed55bb53ad23821e6e047aa66338fb6ea9868627bbb9f54e8?s=96&d=mm&r=g\",\"contentUrl\":\"https:\\\/\\\/secure.gravatar.com\\\/avatar\\\/7048c2d9b569d9bed55bb53ad23821e6e047aa66338fb6ea9868627bbb9f54e8?s=96&d=mm&r=g\",\"caption\":\"EFE\"},\"url\":\"https:\\\/\\\/fuentesfidedignas.com.mx\\\/index.php\\\/author\\\/efe\\\/\"}]}<\/script>\n<!-- \/ Yoast SEO plugin. -->","yoast_head_json":{"title":"Alcalde de Tapalpa asegura que municipio se encuentra 'm\u00e1s tranquilo' y critica desinformaci\u00f3n - Fuentes Fidedignas","robots":{"index":"index","follow":"follow","max-snippet":"max-snippet:-1","max-image-preview":"max-image-preview:large","max-video-preview":"max-video-preview:-1"},"canonical":"https:\/\/fuentesfidedignas.com.mx\/index.php\/2026\/02\/26\/alcalde-de-tapalpa-asegura-que-municipio-se-encuentra-mas-tranquilo-y-critica-desinformacion\/","og_locale":"es_MX","og_type":"article","og_title":"Alcalde de Tapalpa asegura que municipio se encuentra 'm\u00e1s tranquilo' y critica desinformaci\u00f3n - Fuentes Fidedignas","og_description":"Antonio Morales neg\u00f3 haber estado al tanto del operativo militar del pasado domingo en el municipio y critic\u00f3 a los medios &#8216;amarillistas&#8217; que han publicado noticias falsas sobre la localidad. El alcalde de Tapalpa, Antonio Morales, asegur\u00f3 que el municipio jalisciense se encuentra \u201cm\u00e1s tranquilo\u201d y con \u201cm\u00e1s calma\u201d, tras el operativo del pasado domingo [&hellip;]","og_url":"https:\/\/fuentesfidedignas.com.mx\/index.php\/2026\/02\/26\/alcalde-de-tapalpa-asegura-que-municipio-se-encuentra-mas-tranquilo-y-critica-desinformacion\/","og_site_name":"Fuentes Fidedignas","article_publisher":"https:\/\/www.facebook.com\/Fuentes-Fidedignas-368234489921644","article_published_time":"2026-02-26T13:23:00+00:00","article_modified_time":"2026-02-26T14:26:43+00:00","og_image":[{"width":500,"height":312,"url":"https:\/\/fuentesfidedignas.com.mx\/wp-content\/uploads\/2026\/02\/tapalpa-jalisco-pueblo-magico.jpg","type":"image\/jpeg"}],"author":"EFE","twitter_card":"summary_large_image","twitter_creator":"@fidedignas","twitter_site":"@fidedignas","twitter_misc":{"Escrito por":"EFE","Tiempo de lectura":"3 minutos"},"schema":{"@context":"https:\/\/schema.org","@graph":[{"@type":"Article","@id":"https:\/\/fuentesfidedignas.com.mx\/index.php\/2026\/02\/26\/alcalde-de-tapalpa-asegura-que-municipio-se-encuentra-mas-tranquilo-y-critica-desinformacion\/#article","isPartOf":{"@id":"https:\/\/fuentesfidedignas.com.mx\/index.php\/2026\/02\/26\/alcalde-de-tapalpa-asegura-que-municipio-se-encuentra-mas-tranquilo-y-critica-desinformacion\/"},"author":{"name":"EFE","@id":"https:\/\/fuentesfidedignas.com.mx\/#\/schema\/person\/0d44615087b5a626d5d3f13afe31ac41"},"headline":"Alcalde de Tapalpa asegura que municipio se encuentra &#8216;m\u00e1s tranquilo&#8217; y critica desinformaci\u00f3n","datePublished":"2026-02-26T13:23:00+00:00","dateModified":"2026-02-26T14:26:43+00:00","mainEntityOfPage":{"@id":"https:\/\/fuentesfidedignas.com.mx\/index.php\/2026\/02\/26\/alcalde-de-tapalpa-asegura-que-municipio-se-encuentra-mas-tranquilo-y-critica-desinformacion\/"},"wordCount":535,"commentCount":0,"publisher":{"@id":"https:\/\/fuentesfidedignas.com.mx\/#organization"},"image":{"@id":"https:\/\/fuentesfidedignas.com.mx\/index.php\/2026\/02\/26\/alcalde-de-tapalpa-asegura-que-municipio-se-encuentra-mas-tranquilo-y-critica-desinformacion\/#primaryimage"},"thumbnailUrl":"https:\/\/fuentesfidedignas.com.mx\/wp-content\/uploads\/2026\/02\/tapalpa-jalisco-pueblo-magico.jpg","articleSection":["NOTICIAS NACIONALES"],"inLanguage":"es","potentialAction":[{"@type":"CommentAction","name":"Comment","target":["https:\/\/fuentesfidedignas.com.mx\/index.php\/2026\/02\/26\/alcalde-de-tapalpa-asegura-que-municipio-se-encuentra-mas-tranquilo-y-critica-desinformacion\/#respond"]}]},{"@type":"WebPage","@id":"https:\/\/fuentesfidedignas.com.mx\/index.php\/2026\/02\/26\/alcalde-de-tapalpa-asegura-que-municipio-se-encuentra-mas-tranquilo-y-critica-desinformacion\/","url":"https:\/\/fuentesfidedignas.com.mx\/index.php\/2026\/02\/26\/alcalde-de-tapalpa-asegura-que-municipio-se-encuentra-mas-tranquilo-y-critica-desinformacion\/","name":"Alcalde de Tapalpa asegura que municipio se encuentra 'm\u00e1s tranquilo' y critica desinformaci\u00f3n - Fuentes Fidedignas","isPartOf":{"@id":"https:\/\/fuentesfidedignas.com.mx\/#website"},"primaryImageOfPage":{"@id":"https:\/\/fuentesfidedignas.com.mx\/index.php\/2026\/02\/26\/alcalde-de-tapalpa-asegura-que-municipio-se-encuentra-mas-tranquilo-y-critica-desinformacion\/#primaryimage"},"image":{"@id":"https:\/\/fuentesfidedignas.com.mx\/index.php\/2026\/02\/26\/alcalde-de-tapalpa-asegura-que-municipio-se-encuentra-mas-tranquilo-y-critica-desinformacion\/#primaryimage"},"thumbnailUrl":"https:\/\/fuentesfidedignas.com.mx\/wp-content\/uploads\/2026\/02\/tapalpa-jalisco-pueblo-magico.jpg","datePublished":"2026-02-26T13:23:00+00:00","dateModified":"2026-02-26T14:26:43+00:00","breadcrumb":{"@id":"https:\/\/fuentesfidedignas.com.mx\/index.php\/2026\/02\/26\/alcalde-de-tapalpa-asegura-que-municipio-se-encuentra-mas-tranquilo-y-critica-desinformacion\/#breadcrumb"},"inLanguage":"es","potentialAction":[{"@type":"ReadAction","target":["https:\/\/fuentesfidedignas.com.mx\/index.php\/2026\/02\/26\/alcalde-de-tapalpa-asegura-que-municipio-se-encuentra-mas-tranquilo-y-critica-desinformacion\/"]}]},{"@type":"ImageObject","inLanguage":"es","@id":"https:\/\/fuentesfidedignas.com.mx\/index.php\/2026\/02\/26\/alcalde-de-tapalpa-asegura-que-municipio-se-encuentra-mas-tranquilo-y-critica-desinformacion\/#primaryimage","url":"https:\/\/fuentesfidedignas.com.mx\/wp-content\/uploads\/2026\/02\/tapalpa-jalisco-pueblo-magico.jpg","contentUrl":"https:\/\/fuentesfidedignas.com.mx\/wp-content\/uploads\/2026\/02\/tapalpa-jalisco-pueblo-magico.jpg","width":500,"height":312},{"@type":"BreadcrumbList","@id":"https:\/\/fuentesfidedignas.com.mx\/index.php\/2026\/02\/26\/alcalde-de-tapalpa-asegura-que-municipio-se-encuentra-mas-tranquilo-y-critica-desinformacion\/#breadcrumb","itemListElement":[{"@type":"ListItem","position":1,"name":"Inicio","item":"https:\/\/fuentesfidedignas.com.mx\/"},{"@type":"ListItem","position":2,"name":"Alcalde de Tapalpa asegura que municipio se encuentra &#8216;m\u00e1s tranquilo&#8217; y critica desinformaci\u00f3n"}]},{"@type":"WebSite","@id":"https:\/\/fuentesfidedignas.com.mx\/#website","url":"https:\/\/fuentesfidedignas.com.mx\/","name":"Fuentes Fidedignas","description":"Otro sitio realizado con WordPress","publisher":{"@id":"https:\/\/fuentesfidedignas.com.mx\/#organization"},"potentialAction":[{"@type":"SearchAction","target":{"@type":"EntryPoint","urlTemplate":"https:\/\/fuentesfidedignas.com.mx\/?s={search_term_string}"},"query-input":{"@type":"PropertyValueSpecification","valueRequired":true,"valueName":"search_term_string"}}],"inLanguage":"es"},{"@type":"Organization","@id":"https:\/\/fuentesfidedignas.com.mx\/#organization","name":"Fuentes Fidedignas","url":"https:\/\/fuentesfidedignas.com.mx\/","logo":{"@type":"ImageObject","inLanguage":"es","@id":"https:\/\/fuentesfidedignas.com.mx\/#\/schema\/logo\/image\/","url":"https:\/\/fuentesfidedignas.com.mx\/wp-content\/uploads\/2021\/04\/logo-retina.png","contentUrl":"https:\/\/fuentesfidedignas.com.mx\/wp-content\/uploads\/2021\/04\/logo-retina.png","width":280,"height":51,"caption":"Fuentes Fidedignas"},"image":{"@id":"https:\/\/fuentesfidedignas.com.mx\/#\/schema\/logo\/image\/"},"sameAs":["https:\/\/www.facebook.com\/Fuentes-Fidedignas-368234489921644","https:\/\/x.com\/fidedignas"]},{"@type":"Person","@id":"https:\/\/fuentesfidedignas.com.mx\/#\/schema\/person\/0d44615087b5a626d5d3f13afe31ac41","name":"EFE","image":{"@type":"ImageObject","inLanguage":"es","@id":"https:\/\/secure.gravatar.com\/avatar\/7048c2d9b569d9bed55bb53ad23821e6e047aa66338fb6ea9868627bbb9f54e8?s=96&d=mm&r=g","url":"https:\/\/secure.gravatar.com\/avatar\/7048c2d9b569d9bed55bb53ad23821e6e047aa66338fb6ea9868627bbb9f54e8?s=96&d=mm&r=g","contentUrl":"https:\/\/secure.gravatar.com\/avatar\/7048c2d9b569d9bed55bb53ad23821e6e047aa66338fb6ea9868627bbb9f54e8?s=96&d=mm&r=g","caption":"EFE"},"url":"https:\/\/fuentesfidedignas.com.mx\/index.php\/author\/efe\/"}]}},"_links":{"self":[{"href":"https:\/\/fuentesfidedignas.com.mx\/index.php\/wp-json\/wp\/v2\/posts\/128061","targetHints":{"allow":["GET"]}}],"collection":[{"href":"https:\/\/fuentesfidedignas.com.mx\/index.php\/wp-json\/wp\/v2\/posts"}],"about":[{"href":"https:\/\/fuentesfidedignas.com.mx\/index.php\/wp-json\/wp\/v2\/types\/post"}],"author":[{"embeddable":true,"href":"https:\/\/fuentesfidedignas.com.mx\/index.php\/wp-json\/wp\/v2\/users\/22"}],"replies":[{"embeddable":true,"href":"https:\/\/fuentesfidedignas.com.mx\/index.php\/wp-json\/wp\/v2\/comments?post=128061"}],"version-history":[{"count":1,"href":"https:\/\/fuentesfidedignas.com.mx\/index.php\/wp-json\/wp\/v2\/posts\/128061\/revisions"}],"predecessor-version":[{"id":128063,"href":"https:\/\/fuentesfidedignas.com.mx\/index.php\/wp-json\/wp\/v2\/posts\/128061\/revisions\/128063"}],"wp:featuredmedia":[{"embeddable":true,"href":"https:\/\/fuentesfidedignas.com.mx\/index.php\/wp-json\/wp\/v2\/media\/128062"}],"wp:attachment":[{"href":"https:\/\/fuentesfidedignas.com.mx\/index.php\/wp-json\/wp\/v2\/media?parent=128061"}],"wp:term":[{"taxonomy":"category","embeddable":true,"href":"https:\/\/fuentesfidedignas.com.mx\/index.php\/wp-json\/wp\/v2\/categories?post=128061"},{"taxonomy":"post_tag","embeddable":true,"href":"https:\/\/fuentesfidedignas.com.mx\/index.php\/wp-json\/wp\/v2\/tags?post=128061"}],"curies":[{"name":"wp","href":"https:\/\/api.w.org\/{rel}","templated":true}]}}