{"id":128019,"date":"2026-02-25T12:54:58","date_gmt":"2026-02-25T19:54:58","guid":{"rendered":"https:\/\/fuentesfidedignas.com.mx\/?p=128019"},"modified":"2026-02-25T12:55:04","modified_gmt":"2026-02-25T19:55:04","slug":"asesinan-a-bernardo-soriano-ex-subprocurador-de-delitos-de-alto-impacto-en-bcs","status":"publish","type":"post","link":"https:\/\/fuentesfidedignas.com.mx\/index.php\/2026\/02\/25\/asesinan-a-bernardo-soriano-ex-subprocurador-de-delitos-de-alto-impacto-en-bcs\/","title":{"rendered":"Asesinan a Bernardo Soriano, ex subprocurador de delitos de alto impacto, en BCS"},"content":{"rendered":"\n<p><strong><em>Soriano Castro viajaba en una camioneta cuando fue atacado.<\/em><\/strong><\/p>\n\n\n\n<p>La Paz. &#8211; El exsubprocurador de Atenci\u00f3n a Delitos de Alto Impacto en Baja California Sur, Bernardo Soriano Castro, fue asesinado la ma\u00f1ana de este mi\u00e9rcoles en un ataque a balazos registrado en La Paz, confirmaron fuentes del gabinete de seguridad estatal.<\/p>\n\n\n\n<p>De acuerdo con la informaci\u00f3n preliminar, la agresi\u00f3n ocurri\u00f3 en la zona del residencial Hispania, donde el exsubprocurador se desplazaba a bordo de su veh\u00edculo cuando fue atacado por sujetos armados.<\/p>\n\n\n\n<p>Autoridades de la Mesa de Seguridad confirmaron el fallecimiento y se\u00f1alaron que se despleg\u00f3 un operativo en la capital del estado para dar con los responsables.<\/p>\n\n\n\n<p>Hasta el momento no se han dado a conocer detalles sobre los agresores ni el m\u00f3vil del ataque.<\/p>\n\n\n\n<p>Un fuerte dispositivo de seguridad se ha desplegado en la zona sur de la ciudad.<\/p>\n\n\n\n<p>El exsubprocurador hab\u00eda informado ser v\u00edctima de amenazas de grupos criminales desde el a\u00f1o pasado.<\/p>\n\n\n\n<p>Apenas la semana pasada mantuvo tambi\u00e9n una confrontaci\u00f3n p\u00fablica con el procurador de Justicia, Antonio L\u00f3pez Rodr\u00edguez, luego de que expusiera en redes y medios omisiones y deficiencias en la investigaci\u00f3n de delitos, en particular el cobro de piso.<\/p>\n\n\n\n<p>Lo anterior deriv\u00f3 en su destituci\u00f3n como director del Centro Interdisciplinario de Ciencias Penales de la PGJE.<\/p>\n\n\n\n<p>El procurador neg\u00f3 las acusaciones que hiciera Soriano y argument\u00f3 para su despido la p\u00e9rdida de confianza.<\/p>\n","protected":false},"excerpt":{"rendered":"<p>Soriano Castro viajaba en una camioneta cuando fue atacado. La Paz. &#8211; El exsubprocurador de Atenci\u00f3n a Delitos de Alto Impacto en Baja California Sur, Bernardo Soriano Castro, fue asesinado la ma\u00f1ana de este mi\u00e9rcoles en un ataque a balazos registrado en La Paz, confirmaron fuentes del gabinete de seguridad estatal. De acuerdo con la [&hellip;]<\/p>\n","protected":false},"author":39,"featured_media":128020,"comment_status":"open","ping_status":"open","sticky":false,"template":"","format":"standard","meta":{"tdm_status":"","tdm_grid_status":"","footnotes":""},"categories":[39],"tags":[],"class_list":{"0":"post-128019","1":"post","2":"type-post","3":"status-publish","4":"format-standard","5":"has-post-thumbnail","7":"category-noticias-nacionales"},"yoast_head":"<!-- This site is optimized with the Yoast SEO plugin v27.5 - https:\/\/yoast.com\/product\/yoast-seo-wordpress\/ -->\n<title>Asesinan a Bernardo Soriano, ex subprocurador de delitos de alto impacto, en BCS - Fuentes Fidedignas<\/title>\n<meta name=\"robots\" content=\"index, follow, max-snippet:-1, max-image-preview:large, max-video-preview:-1\" \/>\n<link rel=\"canonical\" href=\"https:\/\/fuentesfidedignas.com.mx\/index.php\/2026\/02\/25\/asesinan-a-bernardo-soriano-ex-subprocurador-de-delitos-de-alto-impacto-en-bcs\/\" \/>\n<meta property=\"og:locale\" content=\"es_MX\" \/>\n<meta property=\"og:type\" content=\"article\" \/>\n<meta property=\"og:title\" content=\"Asesinan a Bernardo Soriano, ex subprocurador de delitos de alto impacto, en BCS - Fuentes Fidedignas\" \/>\n<meta property=\"og:description\" content=\"Soriano Castro viajaba en una camioneta cuando fue atacado. La Paz. &#8211; El exsubprocurador de Atenci\u00f3n a Delitos de Alto Impacto en Baja California Sur, Bernardo Soriano Castro, fue asesinado la ma\u00f1ana de este mi\u00e9rcoles en un ataque a balazos registrado en La Paz, confirmaron fuentes del gabinete de seguridad estatal. De acuerdo con la [&hellip;]\" \/>\n<meta property=\"og:url\" content=\"https:\/\/fuentesfidedignas.com.mx\/index.php\/2026\/02\/25\/asesinan-a-bernardo-soriano-ex-subprocurador-de-delitos-de-alto-impacto-en-bcs\/\" \/>\n<meta property=\"og:site_name\" content=\"Fuentes Fidedignas\" \/>\n<meta property=\"article:publisher\" content=\"https:\/\/www.facebook.com\/Fuentes-Fidedignas-368234489921644\" \/>\n<meta property=\"article:published_time\" content=\"2026-02-25T19:54:58+00:00\" \/>\n<meta property=\"article:modified_time\" content=\"2026-02-25T19:55:04+00:00\" \/>\n<meta property=\"og:image\" content=\"https:\/\/fuentesfidedignas.com.mx\/wp-content\/uploads\/2026\/02\/soriano-Bernardo.jpg\" \/>\n\t<meta property=\"og:image:width\" content=\"500\" \/>\n\t<meta property=\"og:image:height\" content=\"300\" \/>\n\t<meta property=\"og:image:type\" content=\"image\/jpeg\" \/>\n<meta name=\"author\" content=\"El Universal\" \/>\n<meta name=\"twitter:card\" content=\"summary_large_image\" \/>\n<meta name=\"twitter:creator\" content=\"@fidedignas\" \/>\n<meta name=\"twitter:site\" content=\"@fidedignas\" \/>\n<meta name=\"twitter:label1\" content=\"Escrito por\" \/>\n\t<meta name=\"twitter:data1\" content=\"El Universal\" \/>\n\t<meta name=\"twitter:label2\" content=\"Tiempo de lectura\" \/>\n\t<meta name=\"twitter:data2\" content=\"2 minutos\" \/>\n<script type=\"application\/ld+json\" class=\"yoast-schema-graph\">{\"@context\":\"https:\\\/\\\/schema.org\",\"@graph\":[{\"@type\":\"Article\",\"@id\":\"https:\\\/\\\/fuentesfidedignas.com.mx\\\/index.php\\\/2026\\\/02\\\/25\\\/asesinan-a-bernardo-soriano-ex-subprocurador-de-delitos-de-alto-impacto-en-bcs\\\/#article\",\"isPartOf\":{\"@id\":\"https:\\\/\\\/fuentesfidedignas.com.mx\\\/index.php\\\/2026\\\/02\\\/25\\\/asesinan-a-bernardo-soriano-ex-subprocurador-de-delitos-de-alto-impacto-en-bcs\\\/\"},\"author\":{\"name\":\"El Universal\",\"@id\":\"https:\\\/\\\/fuentesfidedignas.com.mx\\\/#\\\/schema\\\/person\\\/fee3882e65fd0510d292c43a346d35d7\"},\"headline\":\"Asesinan a Bernardo Soriano, ex subprocurador de delitos de alto impacto, en BCS\",\"datePublished\":\"2026-02-25T19:54:58+00:00\",\"dateModified\":\"2026-02-25T19:55:04+00:00\",\"mainEntityOfPage\":{\"@id\":\"https:\\\/\\\/fuentesfidedignas.com.mx\\\/index.php\\\/2026\\\/02\\\/25\\\/asesinan-a-bernardo-soriano-ex-subprocurador-de-delitos-de-alto-impacto-en-bcs\\\/\"},\"wordCount\":261,\"commentCount\":0,\"publisher\":{\"@id\":\"https:\\\/\\\/fuentesfidedignas.com.mx\\\/#organization\"},\"image\":{\"@id\":\"https:\\\/\\\/fuentesfidedignas.com.mx\\\/index.php\\\/2026\\\/02\\\/25\\\/asesinan-a-bernardo-soriano-ex-subprocurador-de-delitos-de-alto-impacto-en-bcs\\\/#primaryimage\"},\"thumbnailUrl\":\"https:\\\/\\\/fuentesfidedignas.com.mx\\\/wp-content\\\/uploads\\\/2026\\\/02\\\/soriano-Bernardo.jpg\",\"articleSection\":[\"NOTICIAS NACIONALES\"],\"inLanguage\":\"es\",\"potentialAction\":[{\"@type\":\"CommentAction\",\"name\":\"Comment\",\"target\":[\"https:\\\/\\\/fuentesfidedignas.com.mx\\\/index.php\\\/2026\\\/02\\\/25\\\/asesinan-a-bernardo-soriano-ex-subprocurador-de-delitos-de-alto-impacto-en-bcs\\\/#respond\"]}]},{\"@type\":\"WebPage\",\"@id\":\"https:\\\/\\\/fuentesfidedignas.com.mx\\\/index.php\\\/2026\\\/02\\\/25\\\/asesinan-a-bernardo-soriano-ex-subprocurador-de-delitos-de-alto-impacto-en-bcs\\\/\",\"url\":\"https:\\\/\\\/fuentesfidedignas.com.mx\\\/index.php\\\/2026\\\/02\\\/25\\\/asesinan-a-bernardo-soriano-ex-subprocurador-de-delitos-de-alto-impacto-en-bcs\\\/\",\"name\":\"Asesinan a Bernardo Soriano, ex subprocurador de delitos de alto impacto, en BCS - Fuentes Fidedignas\",\"isPartOf\":{\"@id\":\"https:\\\/\\\/fuentesfidedignas.com.mx\\\/#website\"},\"primaryImageOfPage\":{\"@id\":\"https:\\\/\\\/fuentesfidedignas.com.mx\\\/index.php\\\/2026\\\/02\\\/25\\\/asesinan-a-bernardo-soriano-ex-subprocurador-de-delitos-de-alto-impacto-en-bcs\\\/#primaryimage\"},\"image\":{\"@id\":\"https:\\\/\\\/fuentesfidedignas.com.mx\\\/index.php\\\/2026\\\/02\\\/25\\\/asesinan-a-bernardo-soriano-ex-subprocurador-de-delitos-de-alto-impacto-en-bcs\\\/#primaryimage\"},\"thumbnailUrl\":\"https:\\\/\\\/fuentesfidedignas.com.mx\\\/wp-content\\\/uploads\\\/2026\\\/02\\\/soriano-Bernardo.jpg\",\"datePublished\":\"2026-02-25T19:54:58+00:00\",\"dateModified\":\"2026-02-25T19:55:04+00:00\",\"breadcrumb\":{\"@id\":\"https:\\\/\\\/fuentesfidedignas.com.mx\\\/index.php\\\/2026\\\/02\\\/25\\\/asesinan-a-bernardo-soriano-ex-subprocurador-de-delitos-de-alto-impacto-en-bcs\\\/#breadcrumb\"},\"inLanguage\":\"es\",\"potentialAction\":[{\"@type\":\"ReadAction\",\"target\":[\"https:\\\/\\\/fuentesfidedignas.com.mx\\\/index.php\\\/2026\\\/02\\\/25\\\/asesinan-a-bernardo-soriano-ex-subprocurador-de-delitos-de-alto-impacto-en-bcs\\\/\"]}]},{\"@type\":\"ImageObject\",\"inLanguage\":\"es\",\"@id\":\"https:\\\/\\\/fuentesfidedignas.com.mx\\\/index.php\\\/2026\\\/02\\\/25\\\/asesinan-a-bernardo-soriano-ex-subprocurador-de-delitos-de-alto-impacto-en-bcs\\\/#primaryimage\",\"url\":\"https:\\\/\\\/fuentesfidedignas.com.mx\\\/wp-content\\\/uploads\\\/2026\\\/02\\\/soriano-Bernardo.jpg\",\"contentUrl\":\"https:\\\/\\\/fuentesfidedignas.com.mx\\\/wp-content\\\/uploads\\\/2026\\\/02\\\/soriano-Bernardo.jpg\",\"width\":500,\"height\":300},{\"@type\":\"BreadcrumbList\",\"@id\":\"https:\\\/\\\/fuentesfidedignas.com.mx\\\/index.php\\\/2026\\\/02\\\/25\\\/asesinan-a-bernardo-soriano-ex-subprocurador-de-delitos-de-alto-impacto-en-bcs\\\/#breadcrumb\",\"itemListElement\":[{\"@type\":\"ListItem\",\"position\":1,\"name\":\"Inicio\",\"item\":\"https:\\\/\\\/fuentesfidedignas.com.mx\\\/\"},{\"@type\":\"ListItem\",\"position\":2,\"name\":\"Asesinan a Bernardo Soriano, ex subprocurador de delitos de alto impacto, en BCS\"}]},{\"@type\":\"WebSite\",\"@id\":\"https:\\\/\\\/fuentesfidedignas.com.mx\\\/#website\",\"url\":\"https:\\\/\\\/fuentesfidedignas.com.mx\\\/\",\"name\":\"Fuentes Fidedignas\",\"description\":\"Otro sitio realizado con WordPress\",\"publisher\":{\"@id\":\"https:\\\/\\\/fuentesfidedignas.com.mx\\\/#organization\"},\"potentialAction\":[{\"@type\":\"SearchAction\",\"target\":{\"@type\":\"EntryPoint\",\"urlTemplate\":\"https:\\\/\\\/fuentesfidedignas.com.mx\\\/?s={search_term_string}\"},\"query-input\":{\"@type\":\"PropertyValueSpecification\",\"valueRequired\":true,\"valueName\":\"search_term_string\"}}],\"inLanguage\":\"es\"},{\"@type\":\"Organization\",\"@id\":\"https:\\\/\\\/fuentesfidedignas.com.mx\\\/#organization\",\"name\":\"Fuentes Fidedignas\",\"url\":\"https:\\\/\\\/fuentesfidedignas.com.mx\\\/\",\"logo\":{\"@type\":\"ImageObject\",\"inLanguage\":\"es\",\"@id\":\"https:\\\/\\\/fuentesfidedignas.com.mx\\\/#\\\/schema\\\/logo\\\/image\\\/\",\"url\":\"https:\\\/\\\/fuentesfidedignas.com.mx\\\/wp-content\\\/uploads\\\/2021\\\/04\\\/logo-retina.png\",\"contentUrl\":\"https:\\\/\\\/fuentesfidedignas.com.mx\\\/wp-content\\\/uploads\\\/2021\\\/04\\\/logo-retina.png\",\"width\":280,\"height\":51,\"caption\":\"Fuentes Fidedignas\"},\"image\":{\"@id\":\"https:\\\/\\\/fuentesfidedignas.com.mx\\\/#\\\/schema\\\/logo\\\/image\\\/\"},\"sameAs\":[\"https:\\\/\\\/www.facebook.com\\\/Fuentes-Fidedignas-368234489921644\",\"https:\\\/\\\/x.com\\\/fidedignas\"]},{\"@type\":\"Person\",\"@id\":\"https:\\\/\\\/fuentesfidedignas.com.mx\\\/#\\\/schema\\\/person\\\/fee3882e65fd0510d292c43a346d35d7\",\"name\":\"El Universal\",\"image\":{\"@type\":\"ImageObject\",\"inLanguage\":\"es\",\"@id\":\"https:\\\/\\\/secure.gravatar.com\\\/avatar\\\/1ebc94d82b6c3c081781f73e5b76a0d0c1ac7bf8e57426f18802246eeaa2747c?s=96&d=mm&r=g\",\"url\":\"https:\\\/\\\/secure.gravatar.com\\\/avatar\\\/1ebc94d82b6c3c081781f73e5b76a0d0c1ac7bf8e57426f18802246eeaa2747c?s=96&d=mm&r=g\",\"contentUrl\":\"https:\\\/\\\/secure.gravatar.com\\\/avatar\\\/1ebc94d82b6c3c081781f73e5b76a0d0c1ac7bf8e57426f18802246eeaa2747c?s=96&d=mm&r=g\",\"caption\":\"El Universal\"},\"url\":\"https:\\\/\\\/fuentesfidedignas.com.mx\\\/index.php\\\/author\\\/el-universal\\\/\"}]}<\/script>\n<!-- \/ Yoast SEO plugin. -->","yoast_head_json":{"title":"Asesinan a Bernardo Soriano, ex subprocurador de delitos de alto impacto, en BCS - Fuentes Fidedignas","robots":{"index":"index","follow":"follow","max-snippet":"max-snippet:-1","max-image-preview":"max-image-preview:large","max-video-preview":"max-video-preview:-1"},"canonical":"https:\/\/fuentesfidedignas.com.mx\/index.php\/2026\/02\/25\/asesinan-a-bernardo-soriano-ex-subprocurador-de-delitos-de-alto-impacto-en-bcs\/","og_locale":"es_MX","og_type":"article","og_title":"Asesinan a Bernardo Soriano, ex subprocurador de delitos de alto impacto, en BCS - Fuentes Fidedignas","og_description":"Soriano Castro viajaba en una camioneta cuando fue atacado. La Paz. &#8211; El exsubprocurador de Atenci\u00f3n a Delitos de Alto Impacto en Baja California Sur, Bernardo Soriano Castro, fue asesinado la ma\u00f1ana de este mi\u00e9rcoles en un ataque a balazos registrado en La Paz, confirmaron fuentes del gabinete de seguridad estatal. De acuerdo con la [&hellip;]","og_url":"https:\/\/fuentesfidedignas.com.mx\/index.php\/2026\/02\/25\/asesinan-a-bernardo-soriano-ex-subprocurador-de-delitos-de-alto-impacto-en-bcs\/","og_site_name":"Fuentes Fidedignas","article_publisher":"https:\/\/www.facebook.com\/Fuentes-Fidedignas-368234489921644","article_published_time":"2026-02-25T19:54:58+00:00","article_modified_time":"2026-02-25T19:55:04+00:00","og_image":[{"width":500,"height":300,"url":"https:\/\/fuentesfidedignas.com.mx\/wp-content\/uploads\/2026\/02\/soriano-Bernardo.jpg","type":"image\/jpeg"}],"author":"El Universal","twitter_card":"summary_large_image","twitter_creator":"@fidedignas","twitter_site":"@fidedignas","twitter_misc":{"Escrito por":"El Universal","Tiempo de lectura":"2 minutos"},"schema":{"@context":"https:\/\/schema.org","@graph":[{"@type":"Article","@id":"https:\/\/fuentesfidedignas.com.mx\/index.php\/2026\/02\/25\/asesinan-a-bernardo-soriano-ex-subprocurador-de-delitos-de-alto-impacto-en-bcs\/#article","isPartOf":{"@id":"https:\/\/fuentesfidedignas.com.mx\/index.php\/2026\/02\/25\/asesinan-a-bernardo-soriano-ex-subprocurador-de-delitos-de-alto-impacto-en-bcs\/"},"author":{"name":"El Universal","@id":"https:\/\/fuentesfidedignas.com.mx\/#\/schema\/person\/fee3882e65fd0510d292c43a346d35d7"},"headline":"Asesinan a Bernardo Soriano, ex subprocurador de delitos de alto impacto, en BCS","datePublished":"2026-02-25T19:54:58+00:00","dateModified":"2026-02-25T19:55:04+00:00","mainEntityOfPage":{"@id":"https:\/\/fuentesfidedignas.com.mx\/index.php\/2026\/02\/25\/asesinan-a-bernardo-soriano-ex-subprocurador-de-delitos-de-alto-impacto-en-bcs\/"},"wordCount":261,"commentCount":0,"publisher":{"@id":"https:\/\/fuentesfidedignas.com.mx\/#organization"},"image":{"@id":"https:\/\/fuentesfidedignas.com.mx\/index.php\/2026\/02\/25\/asesinan-a-bernardo-soriano-ex-subprocurador-de-delitos-de-alto-impacto-en-bcs\/#primaryimage"},"thumbnailUrl":"https:\/\/fuentesfidedignas.com.mx\/wp-content\/uploads\/2026\/02\/soriano-Bernardo.jpg","articleSection":["NOTICIAS NACIONALES"],"inLanguage":"es","potentialAction":[{"@type":"CommentAction","name":"Comment","target":["https:\/\/fuentesfidedignas.com.mx\/index.php\/2026\/02\/25\/asesinan-a-bernardo-soriano-ex-subprocurador-de-delitos-de-alto-impacto-en-bcs\/#respond"]}]},{"@type":"WebPage","@id":"https:\/\/fuentesfidedignas.com.mx\/index.php\/2026\/02\/25\/asesinan-a-bernardo-soriano-ex-subprocurador-de-delitos-de-alto-impacto-en-bcs\/","url":"https:\/\/fuentesfidedignas.com.mx\/index.php\/2026\/02\/25\/asesinan-a-bernardo-soriano-ex-subprocurador-de-delitos-de-alto-impacto-en-bcs\/","name":"Asesinan a Bernardo Soriano, ex subprocurador de delitos de alto impacto, en BCS - Fuentes Fidedignas","isPartOf":{"@id":"https:\/\/fuentesfidedignas.com.mx\/#website"},"primaryImageOfPage":{"@id":"https:\/\/fuentesfidedignas.com.mx\/index.php\/2026\/02\/25\/asesinan-a-bernardo-soriano-ex-subprocurador-de-delitos-de-alto-impacto-en-bcs\/#primaryimage"},"image":{"@id":"https:\/\/fuentesfidedignas.com.mx\/index.php\/2026\/02\/25\/asesinan-a-bernardo-soriano-ex-subprocurador-de-delitos-de-alto-impacto-en-bcs\/#primaryimage"},"thumbnailUrl":"https:\/\/fuentesfidedignas.com.mx\/wp-content\/uploads\/2026\/02\/soriano-Bernardo.jpg","datePublished":"2026-02-25T19:54:58+00:00","dateModified":"2026-02-25T19:55:04+00:00","breadcrumb":{"@id":"https:\/\/fuentesfidedignas.com.mx\/index.php\/2026\/02\/25\/asesinan-a-bernardo-soriano-ex-subprocurador-de-delitos-de-alto-impacto-en-bcs\/#breadcrumb"},"inLanguage":"es","potentialAction":[{"@type":"ReadAction","target":["https:\/\/fuentesfidedignas.com.mx\/index.php\/2026\/02\/25\/asesinan-a-bernardo-soriano-ex-subprocurador-de-delitos-de-alto-impacto-en-bcs\/"]}]},{"@type":"ImageObject","inLanguage":"es","@id":"https:\/\/fuentesfidedignas.com.mx\/index.php\/2026\/02\/25\/asesinan-a-bernardo-soriano-ex-subprocurador-de-delitos-de-alto-impacto-en-bcs\/#primaryimage","url":"https:\/\/fuentesfidedignas.com.mx\/wp-content\/uploads\/2026\/02\/soriano-Bernardo.jpg","contentUrl":"https:\/\/fuentesfidedignas.com.mx\/wp-content\/uploads\/2026\/02\/soriano-Bernardo.jpg","width":500,"height":300},{"@type":"BreadcrumbList","@id":"https:\/\/fuentesfidedignas.com.mx\/index.php\/2026\/02\/25\/asesinan-a-bernardo-soriano-ex-subprocurador-de-delitos-de-alto-impacto-en-bcs\/#breadcrumb","itemListElement":[{"@type":"ListItem","position":1,"name":"Inicio","item":"https:\/\/fuentesfidedignas.com.mx\/"},{"@type":"ListItem","position":2,"name":"Asesinan a Bernardo Soriano, ex subprocurador de delitos de alto impacto, en BCS"}]},{"@type":"WebSite","@id":"https:\/\/fuentesfidedignas.com.mx\/#website","url":"https:\/\/fuentesfidedignas.com.mx\/","name":"Fuentes Fidedignas","description":"Otro sitio realizado con WordPress","publisher":{"@id":"https:\/\/fuentesfidedignas.com.mx\/#organization"},"potentialAction":[{"@type":"SearchAction","target":{"@type":"EntryPoint","urlTemplate":"https:\/\/fuentesfidedignas.com.mx\/?s={search_term_string}"},"query-input":{"@type":"PropertyValueSpecification","valueRequired":true,"valueName":"search_term_string"}}],"inLanguage":"es"},{"@type":"Organization","@id":"https:\/\/fuentesfidedignas.com.mx\/#organization","name":"Fuentes Fidedignas","url":"https:\/\/fuentesfidedignas.com.mx\/","logo":{"@type":"ImageObject","inLanguage":"es","@id":"https:\/\/fuentesfidedignas.com.mx\/#\/schema\/logo\/image\/","url":"https:\/\/fuentesfidedignas.com.mx\/wp-content\/uploads\/2021\/04\/logo-retina.png","contentUrl":"https:\/\/fuentesfidedignas.com.mx\/wp-content\/uploads\/2021\/04\/logo-retina.png","width":280,"height":51,"caption":"Fuentes Fidedignas"},"image":{"@id":"https:\/\/fuentesfidedignas.com.mx\/#\/schema\/logo\/image\/"},"sameAs":["https:\/\/www.facebook.com\/Fuentes-Fidedignas-368234489921644","https:\/\/x.com\/fidedignas"]},{"@type":"Person","@id":"https:\/\/fuentesfidedignas.com.mx\/#\/schema\/person\/fee3882e65fd0510d292c43a346d35d7","name":"El Universal","image":{"@type":"ImageObject","inLanguage":"es","@id":"https:\/\/secure.gravatar.com\/avatar\/1ebc94d82b6c3c081781f73e5b76a0d0c1ac7bf8e57426f18802246eeaa2747c?s=96&d=mm&r=g","url":"https:\/\/secure.gravatar.com\/avatar\/1ebc94d82b6c3c081781f73e5b76a0d0c1ac7bf8e57426f18802246eeaa2747c?s=96&d=mm&r=g","contentUrl":"https:\/\/secure.gravatar.com\/avatar\/1ebc94d82b6c3c081781f73e5b76a0d0c1ac7bf8e57426f18802246eeaa2747c?s=96&d=mm&r=g","caption":"El Universal"},"url":"https:\/\/fuentesfidedignas.com.mx\/index.php\/author\/el-universal\/"}]}},"_links":{"self":[{"href":"https:\/\/fuentesfidedignas.com.mx\/index.php\/wp-json\/wp\/v2\/posts\/128019","targetHints":{"allow":["GET"]}}],"collection":[{"href":"https:\/\/fuentesfidedignas.com.mx\/index.php\/wp-json\/wp\/v2\/posts"}],"about":[{"href":"https:\/\/fuentesfidedignas.com.mx\/index.php\/wp-json\/wp\/v2\/types\/post"}],"author":[{"embeddable":true,"href":"https:\/\/fuentesfidedignas.com.mx\/index.php\/wp-json\/wp\/v2\/users\/39"}],"replies":[{"embeddable":true,"href":"https:\/\/fuentesfidedignas.com.mx\/index.php\/wp-json\/wp\/v2\/comments?post=128019"}],"version-history":[{"count":1,"href":"https:\/\/fuentesfidedignas.com.mx\/index.php\/wp-json\/wp\/v2\/posts\/128019\/revisions"}],"predecessor-version":[{"id":128021,"href":"https:\/\/fuentesfidedignas.com.mx\/index.php\/wp-json\/wp\/v2\/posts\/128019\/revisions\/128021"}],"wp:featuredmedia":[{"embeddable":true,"href":"https:\/\/fuentesfidedignas.com.mx\/index.php\/wp-json\/wp\/v2\/media\/128020"}],"wp:attachment":[{"href":"https:\/\/fuentesfidedignas.com.mx\/index.php\/wp-json\/wp\/v2\/media?parent=128019"}],"wp:term":[{"taxonomy":"category","embeddable":true,"href":"https:\/\/fuentesfidedignas.com.mx\/index.php\/wp-json\/wp\/v2\/categories?post=128019"},{"taxonomy":"post_tag","embeddable":true,"href":"https:\/\/fuentesfidedignas.com.mx\/index.php\/wp-json\/wp\/v2\/tags?post=128019"}],"curies":[{"name":"wp","href":"https:\/\/api.w.org\/{rel}","templated":true}]}}