{"id":12798,"date":"2021-09-17T08:04:23","date_gmt":"2021-09-17T15:04:23","guid":{"rendered":"https:\/\/fuentesfidedignas.com.mx\/?p=12798"},"modified":"2021-09-17T08:04:24","modified_gmt":"2021-09-17T15:04:24","slug":"no-se-forzara-a-aerolineas-para-operar-en-santa-lucia-asegura-lopez-obrador","status":"publish","type":"post","link":"https:\/\/fuentesfidedignas.com.mx\/index.php\/2021\/09\/17\/no-se-forzara-a-aerolineas-para-operar-en-santa-lucia-asegura-lopez-obrador\/","title":{"rendered":"No se forzar\u00e1 a aerol\u00edneas para operar en Santa Luc\u00eda, asegura L\u00f3pez Obrador"},"content":{"rendered":"\n<p><strong><em>Dej\u00f3 en claro que su Gobierno no obligar\u00e1 a que las aerol\u00edneas operen en el Aeropuerto de Santa Luc\u00eda<\/em><\/strong><\/p>\n\n\n\n<p>Ciudad de M\u00e9xico. El presiente Andr\u00e9s Manuel L\u00f3pez Obrador asegur\u00f3 que no se obligar\u00e1 a aerol\u00edneas a operar en el nuevo Aeropuerto Internacional Felipe \u00c1ngeles (AIFA), en la base de Santa Luc\u00eda, que ser\u00e1 inaugurado en marzo del pr\u00f3ximo a\u00f1o.<\/p>\n\n\n\n<p>Con respecto a la publicaci\u00f3n de que el Gobierno de M\u00e9xico limitar\u00eda las operaciones en el Aeropuerto Internacional de la Ciudad de M\u00e9xico (AICM) para trasladarlas al Felipe \u00c1ngeles, el mandatario mexicano apunt\u00f3 que eso es una mentira.<\/p>\n\n\n\n<p>\u201cA nadie se est\u00e1 obligando (a operar en Santa Luc\u00eda) esa es una gran mentira, nada por la fuerza, todo por la raz\u00f3n y el derecho\u201d, dijo. <\/p>\n\n\n\n<p>Nadie va a ser obligado a operar en Santa Luc\u00eda, ya hay solicitudes porque estamos hablando del aeropuerto m\u00e1s avanzado, m\u00e1s moderno, de M\u00e9xico, y uno de los mejores aeropuerto del mundo, van las l\u00edneas a\u00e9reas a buscar a operar en Santa Luc\u00eda\u201d, expres\u00f3.<\/p>\n\n\n\n<p>El pasado 7 de septiembre, el subsecretario de Transportes, Carlos Mor\u00e1n Moguel, apunt\u00f3 que se restringir\u00e1 a 61 operaciones por hora en el AICM, y las dem\u00e1s se planea llevarlas al Aeropuerto Felipe \u00c1ngeles.<\/p>\n\n\n\n<p>Afirm\u00f3 que la intenci\u00f3n del Gobierno Federal es que \u201c(las aerol\u00edneas) comprendieran las ventajas que estamos proyectando en Santa Luc\u00eda y como atracci\u00f3n natural les interese venir al aeropuerto\u201d.<\/p>\n\n\n\n<p>\u201cVamos a trabajar con las aerol\u00edneas para que definamos perfectamente c\u00f3mo le vamos a hacer para tener las 61 operaciones y no excederlas\u201d, argument\u00f3 en su momento.<\/p>\n\n\n\n<p>Ese mismo d\u00eda, la SCT se\u00f1al\u00f3, a manera de precisi\u00f3n, que el subsecretario \u201cen ning\u00fan momento inform\u00f3 que, si las aerol\u00edneas no vuelan en Santa Luc\u00eda, limitaremos al AICM\u201d.<\/p>\n\n\n\n<p>Refiri\u00f3 que en el Aeropuerto Internacional de la Ciudad de M\u00e9xico se va a respetar la capacidad de 61 operaciones por hora, de conformidad con la declaratoria de saturaci\u00f3n publicada en el DOF en 2014.<\/p>\n\n\n\n<p>\u201cEn la conferencia de prensa tambi\u00e9n se inform\u00f3 que todas las aerol\u00edneas mexicanas y un buen n\u00famero de extranjeras han tenido contacto con el operador del aeropuerto Internacional Felipe \u00c1ngeles y han manifestado su inter\u00e9s en realizar operaciones en este aeropuerto\u201d, asegur\u00f3.<\/p>\n\n\n\n<p><\/p>\n\n\n\n<p>El Aeropuerto Felipe \u00c1ngeles, es considerada cuna de sus obras m\u00e1s emblem\u00e1ticas del presidente Andr\u00e9s Manuel L\u00f3pez Obrador, que espera inaugurar en marzo de 2022 para que sirva a la capital del pa\u00eds.<\/p>\n\n\n\n<p>Actualmente, m\u00e1s de 30 mil personas trabajan d\u00eda y noche en la construcci\u00f3n del futuro Aeropuerto Internacional Felipe \u00c1ngeles, donde en menos de dos a\u00f1os ya han levantado la torre de control, han terminado las dos pistas y afinan el interior de la terminal.<\/p>\n","protected":false},"excerpt":{"rendered":"<p>Dej\u00f3 en claro que su Gobierno no obligar\u00e1 a que las aerol\u00edneas operen en el Aeropuerto de Santa Luc\u00eda Ciudad de M\u00e9xico. El presiente Andr\u00e9s Manuel L\u00f3pez Obrador asegur\u00f3 que no se obligar\u00e1 a aerol\u00edneas a operar en el nuevo Aeropuerto Internacional Felipe \u00c1ngeles (AIFA), en la base de Santa Luc\u00eda, que ser\u00e1 inaugurado en [&hellip;]<\/p>\n","protected":false},"author":47,"featured_media":12799,"comment_status":"open","ping_status":"open","sticky":false,"template":"","format":"standard","meta":{"tdm_status":"","tdm_grid_status":"","footnotes":""},"categories":[39],"tags":[],"class_list":{"0":"post-12798","1":"post","2":"type-post","3":"status-publish","4":"format-standard","5":"has-post-thumbnail","7":"category-noticias-nacionales"},"yoast_head":"<!-- This site is optimized with the Yoast SEO plugin v27.4 - https:\/\/yoast.com\/product\/yoast-seo-wordpress\/ -->\n<title>No se forzar\u00e1 a aerol\u00edneas para operar en Santa Luc\u00eda, asegura L\u00f3pez Obrador - Fuentes Fidedignas<\/title>\n<meta name=\"robots\" content=\"index, follow, max-snippet:-1, max-image-preview:large, max-video-preview:-1\" \/>\n<link rel=\"canonical\" href=\"https:\/\/fuentesfidedignas.com.mx\/index.php\/2021\/09\/17\/no-se-forzara-a-aerolineas-para-operar-en-santa-lucia-asegura-lopez-obrador\/\" \/>\n<meta property=\"og:locale\" content=\"es_MX\" \/>\n<meta property=\"og:type\" content=\"article\" \/>\n<meta property=\"og:title\" content=\"No se forzar\u00e1 a aerol\u00edneas para operar en Santa Luc\u00eda, asegura L\u00f3pez Obrador - Fuentes Fidedignas\" \/>\n<meta property=\"og:description\" content=\"Dej\u00f3 en claro que su Gobierno no obligar\u00e1 a que las aerol\u00edneas operen en el Aeropuerto de Santa Luc\u00eda Ciudad de M\u00e9xico. El presiente Andr\u00e9s Manuel L\u00f3pez Obrador asegur\u00f3 que no se obligar\u00e1 a aerol\u00edneas a operar en el nuevo Aeropuerto Internacional Felipe \u00c1ngeles (AIFA), en la base de Santa Luc\u00eda, que ser\u00e1 inaugurado en [&hellip;]\" \/>\n<meta property=\"og:url\" content=\"https:\/\/fuentesfidedignas.com.mx\/index.php\/2021\/09\/17\/no-se-forzara-a-aerolineas-para-operar-en-santa-lucia-asegura-lopez-obrador\/\" \/>\n<meta property=\"og:site_name\" content=\"Fuentes Fidedignas\" \/>\n<meta property=\"article:publisher\" content=\"https:\/\/www.facebook.com\/Fuentes-Fidedignas-368234489921644\" \/>\n<meta property=\"article:published_time\" content=\"2021-09-17T15:04:23+00:00\" \/>\n<meta property=\"article:modified_time\" content=\"2021-09-17T15:04:24+00:00\" \/>\n<meta property=\"og:image\" content=\"https:\/\/fuentesfidedignas.com.mx\/wp-content\/uploads\/2021\/09\/aeropuerto-santa-lucia-felipe-angeles.jpg\" \/>\n\t<meta property=\"og:image:width\" content=\"980\" \/>\n\t<meta property=\"og:image:height\" content=\"550\" \/>\n\t<meta property=\"og:image:type\" content=\"image\/jpeg\" \/>\n<meta name=\"author\" content=\"L\u00f3pez D\u00f3riga\" \/>\n<meta name=\"twitter:card\" content=\"summary_large_image\" \/>\n<meta name=\"twitter:creator\" content=\"@fidedignas\" \/>\n<meta name=\"twitter:site\" content=\"@fidedignas\" \/>\n<meta name=\"twitter:label1\" content=\"Escrito por\" \/>\n\t<meta name=\"twitter:data1\" content=\"L\u00f3pez D\u00f3riga\" \/>\n\t<meta name=\"twitter:label2\" content=\"Tiempo de lectura\" \/>\n\t<meta name=\"twitter:data2\" content=\"2 minutos\" \/>\n<script type=\"application\/ld+json\" class=\"yoast-schema-graph\">{\"@context\":\"https:\\\/\\\/schema.org\",\"@graph\":[{\"@type\":\"Article\",\"@id\":\"https:\\\/\\\/fuentesfidedignas.com.mx\\\/index.php\\\/2021\\\/09\\\/17\\\/no-se-forzara-a-aerolineas-para-operar-en-santa-lucia-asegura-lopez-obrador\\\/#article\",\"isPartOf\":{\"@id\":\"https:\\\/\\\/fuentesfidedignas.com.mx\\\/index.php\\\/2021\\\/09\\\/17\\\/no-se-forzara-a-aerolineas-para-operar-en-santa-lucia-asegura-lopez-obrador\\\/\"},\"author\":{\"name\":\"L\u00f3pez D\u00f3riga\",\"@id\":\"https:\\\/\\\/fuentesfidedignas.com.mx\\\/#\\\/schema\\\/person\\\/67d852f0557c8509146a4b9ddebd543a\"},\"headline\":\"No se forzar\u00e1 a aerol\u00edneas para operar en Santa Luc\u00eda, asegura L\u00f3pez Obrador\",\"datePublished\":\"2021-09-17T15:04:23+00:00\",\"dateModified\":\"2021-09-17T15:04:24+00:00\",\"mainEntityOfPage\":{\"@id\":\"https:\\\/\\\/fuentesfidedignas.com.mx\\\/index.php\\\/2021\\\/09\\\/17\\\/no-se-forzara-a-aerolineas-para-operar-en-santa-lucia-asegura-lopez-obrador\\\/\"},\"wordCount\":501,\"commentCount\":0,\"publisher\":{\"@id\":\"https:\\\/\\\/fuentesfidedignas.com.mx\\\/#organization\"},\"image\":{\"@id\":\"https:\\\/\\\/fuentesfidedignas.com.mx\\\/index.php\\\/2021\\\/09\\\/17\\\/no-se-forzara-a-aerolineas-para-operar-en-santa-lucia-asegura-lopez-obrador\\\/#primaryimage\"},\"thumbnailUrl\":\"https:\\\/\\\/fuentesfidedignas.com.mx\\\/wp-content\\\/uploads\\\/2021\\\/09\\\/aeropuerto-santa-lucia-felipe-angeles.jpg\",\"articleSection\":[\"NOTICIAS NACIONALES\"],\"inLanguage\":\"es\",\"potentialAction\":[{\"@type\":\"CommentAction\",\"name\":\"Comment\",\"target\":[\"https:\\\/\\\/fuentesfidedignas.com.mx\\\/index.php\\\/2021\\\/09\\\/17\\\/no-se-forzara-a-aerolineas-para-operar-en-santa-lucia-asegura-lopez-obrador\\\/#respond\"]}]},{\"@type\":\"WebPage\",\"@id\":\"https:\\\/\\\/fuentesfidedignas.com.mx\\\/index.php\\\/2021\\\/09\\\/17\\\/no-se-forzara-a-aerolineas-para-operar-en-santa-lucia-asegura-lopez-obrador\\\/\",\"url\":\"https:\\\/\\\/fuentesfidedignas.com.mx\\\/index.php\\\/2021\\\/09\\\/17\\\/no-se-forzara-a-aerolineas-para-operar-en-santa-lucia-asegura-lopez-obrador\\\/\",\"name\":\"No se forzar\u00e1 a aerol\u00edneas para operar en Santa Luc\u00eda, asegura L\u00f3pez Obrador - Fuentes Fidedignas\",\"isPartOf\":{\"@id\":\"https:\\\/\\\/fuentesfidedignas.com.mx\\\/#website\"},\"primaryImageOfPage\":{\"@id\":\"https:\\\/\\\/fuentesfidedignas.com.mx\\\/index.php\\\/2021\\\/09\\\/17\\\/no-se-forzara-a-aerolineas-para-operar-en-santa-lucia-asegura-lopez-obrador\\\/#primaryimage\"},\"image\":{\"@id\":\"https:\\\/\\\/fuentesfidedignas.com.mx\\\/index.php\\\/2021\\\/09\\\/17\\\/no-se-forzara-a-aerolineas-para-operar-en-santa-lucia-asegura-lopez-obrador\\\/#primaryimage\"},\"thumbnailUrl\":\"https:\\\/\\\/fuentesfidedignas.com.mx\\\/wp-content\\\/uploads\\\/2021\\\/09\\\/aeropuerto-santa-lucia-felipe-angeles.jpg\",\"datePublished\":\"2021-09-17T15:04:23+00:00\",\"dateModified\":\"2021-09-17T15:04:24+00:00\",\"breadcrumb\":{\"@id\":\"https:\\\/\\\/fuentesfidedignas.com.mx\\\/index.php\\\/2021\\\/09\\\/17\\\/no-se-forzara-a-aerolineas-para-operar-en-santa-lucia-asegura-lopez-obrador\\\/#breadcrumb\"},\"inLanguage\":\"es\",\"potentialAction\":[{\"@type\":\"ReadAction\",\"target\":[\"https:\\\/\\\/fuentesfidedignas.com.mx\\\/index.php\\\/2021\\\/09\\\/17\\\/no-se-forzara-a-aerolineas-para-operar-en-santa-lucia-asegura-lopez-obrador\\\/\"]}]},{\"@type\":\"ImageObject\",\"inLanguage\":\"es\",\"@id\":\"https:\\\/\\\/fuentesfidedignas.com.mx\\\/index.php\\\/2021\\\/09\\\/17\\\/no-se-forzara-a-aerolineas-para-operar-en-santa-lucia-asegura-lopez-obrador\\\/#primaryimage\",\"url\":\"https:\\\/\\\/fuentesfidedignas.com.mx\\\/wp-content\\\/uploads\\\/2021\\\/09\\\/aeropuerto-santa-lucia-felipe-angeles.jpg\",\"contentUrl\":\"https:\\\/\\\/fuentesfidedignas.com.mx\\\/wp-content\\\/uploads\\\/2021\\\/09\\\/aeropuerto-santa-lucia-felipe-angeles.jpg\",\"width\":980,\"height\":550},{\"@type\":\"BreadcrumbList\",\"@id\":\"https:\\\/\\\/fuentesfidedignas.com.mx\\\/index.php\\\/2021\\\/09\\\/17\\\/no-se-forzara-a-aerolineas-para-operar-en-santa-lucia-asegura-lopez-obrador\\\/#breadcrumb\",\"itemListElement\":[{\"@type\":\"ListItem\",\"position\":1,\"name\":\"Inicio\",\"item\":\"https:\\\/\\\/fuentesfidedignas.com.mx\\\/\"},{\"@type\":\"ListItem\",\"position\":2,\"name\":\"No se forzar\u00e1 a aerol\u00edneas para operar en Santa Luc\u00eda, asegura L\u00f3pez Obrador\"}]},{\"@type\":\"WebSite\",\"@id\":\"https:\\\/\\\/fuentesfidedignas.com.mx\\\/#website\",\"url\":\"https:\\\/\\\/fuentesfidedignas.com.mx\\\/\",\"name\":\"Fuentes Fidedignas\",\"description\":\"Otro sitio realizado con WordPress\",\"publisher\":{\"@id\":\"https:\\\/\\\/fuentesfidedignas.com.mx\\\/#organization\"},\"potentialAction\":[{\"@type\":\"SearchAction\",\"target\":{\"@type\":\"EntryPoint\",\"urlTemplate\":\"https:\\\/\\\/fuentesfidedignas.com.mx\\\/?s={search_term_string}\"},\"query-input\":{\"@type\":\"PropertyValueSpecification\",\"valueRequired\":true,\"valueName\":\"search_term_string\"}}],\"inLanguage\":\"es\"},{\"@type\":\"Organization\",\"@id\":\"https:\\\/\\\/fuentesfidedignas.com.mx\\\/#organization\",\"name\":\"Fuentes Fidedignas\",\"url\":\"https:\\\/\\\/fuentesfidedignas.com.mx\\\/\",\"logo\":{\"@type\":\"ImageObject\",\"inLanguage\":\"es\",\"@id\":\"https:\\\/\\\/fuentesfidedignas.com.mx\\\/#\\\/schema\\\/logo\\\/image\\\/\",\"url\":\"https:\\\/\\\/fuentesfidedignas.com.mx\\\/wp-content\\\/uploads\\\/2021\\\/04\\\/logo-retina.png\",\"contentUrl\":\"https:\\\/\\\/fuentesfidedignas.com.mx\\\/wp-content\\\/uploads\\\/2021\\\/04\\\/logo-retina.png\",\"width\":280,\"height\":51,\"caption\":\"Fuentes Fidedignas\"},\"image\":{\"@id\":\"https:\\\/\\\/fuentesfidedignas.com.mx\\\/#\\\/schema\\\/logo\\\/image\\\/\"},\"sameAs\":[\"https:\\\/\\\/www.facebook.com\\\/Fuentes-Fidedignas-368234489921644\",\"https:\\\/\\\/x.com\\\/fidedignas\"]},{\"@type\":\"Person\",\"@id\":\"https:\\\/\\\/fuentesfidedignas.com.mx\\\/#\\\/schema\\\/person\\\/67d852f0557c8509146a4b9ddebd543a\",\"name\":\"L\u00f3pez D\u00f3riga\",\"image\":{\"@type\":\"ImageObject\",\"inLanguage\":\"es\",\"@id\":\"https:\\\/\\\/secure.gravatar.com\\\/avatar\\\/e525b06574ca18b33cded59dfe5778d6c823b9513154eff47da551b0551bdd1e?s=96&d=mm&r=g\",\"url\":\"https:\\\/\\\/secure.gravatar.com\\\/avatar\\\/e525b06574ca18b33cded59dfe5778d6c823b9513154eff47da551b0551bdd1e?s=96&d=mm&r=g\",\"contentUrl\":\"https:\\\/\\\/secure.gravatar.com\\\/avatar\\\/e525b06574ca18b33cded59dfe5778d6c823b9513154eff47da551b0551bdd1e?s=96&d=mm&r=g\",\"caption\":\"L\u00f3pez D\u00f3riga\"},\"url\":\"https:\\\/\\\/fuentesfidedignas.com.mx\\\/index.php\\\/author\\\/doriga\\\/\"}]}<\/script>\n<!-- \/ Yoast SEO plugin. -->","yoast_head_json":{"title":"No se forzar\u00e1 a aerol\u00edneas para operar en Santa Luc\u00eda, asegura L\u00f3pez Obrador - Fuentes Fidedignas","robots":{"index":"index","follow":"follow","max-snippet":"max-snippet:-1","max-image-preview":"max-image-preview:large","max-video-preview":"max-video-preview:-1"},"canonical":"https:\/\/fuentesfidedignas.com.mx\/index.php\/2021\/09\/17\/no-se-forzara-a-aerolineas-para-operar-en-santa-lucia-asegura-lopez-obrador\/","og_locale":"es_MX","og_type":"article","og_title":"No se forzar\u00e1 a aerol\u00edneas para operar en Santa Luc\u00eda, asegura L\u00f3pez Obrador - Fuentes Fidedignas","og_description":"Dej\u00f3 en claro que su Gobierno no obligar\u00e1 a que las aerol\u00edneas operen en el Aeropuerto de Santa Luc\u00eda Ciudad de M\u00e9xico. El presiente Andr\u00e9s Manuel L\u00f3pez Obrador asegur\u00f3 que no se obligar\u00e1 a aerol\u00edneas a operar en el nuevo Aeropuerto Internacional Felipe \u00c1ngeles (AIFA), en la base de Santa Luc\u00eda, que ser\u00e1 inaugurado en [&hellip;]","og_url":"https:\/\/fuentesfidedignas.com.mx\/index.php\/2021\/09\/17\/no-se-forzara-a-aerolineas-para-operar-en-santa-lucia-asegura-lopez-obrador\/","og_site_name":"Fuentes Fidedignas","article_publisher":"https:\/\/www.facebook.com\/Fuentes-Fidedignas-368234489921644","article_published_time":"2021-09-17T15:04:23+00:00","article_modified_time":"2021-09-17T15:04:24+00:00","og_image":[{"width":980,"height":550,"url":"https:\/\/fuentesfidedignas.com.mx\/wp-content\/uploads\/2021\/09\/aeropuerto-santa-lucia-felipe-angeles.jpg","type":"image\/jpeg"}],"author":"L\u00f3pez D\u00f3riga","twitter_card":"summary_large_image","twitter_creator":"@fidedignas","twitter_site":"@fidedignas","twitter_misc":{"Escrito por":"L\u00f3pez D\u00f3riga","Tiempo de lectura":"2 minutos"},"schema":{"@context":"https:\/\/schema.org","@graph":[{"@type":"Article","@id":"https:\/\/fuentesfidedignas.com.mx\/index.php\/2021\/09\/17\/no-se-forzara-a-aerolineas-para-operar-en-santa-lucia-asegura-lopez-obrador\/#article","isPartOf":{"@id":"https:\/\/fuentesfidedignas.com.mx\/index.php\/2021\/09\/17\/no-se-forzara-a-aerolineas-para-operar-en-santa-lucia-asegura-lopez-obrador\/"},"author":{"name":"L\u00f3pez D\u00f3riga","@id":"https:\/\/fuentesfidedignas.com.mx\/#\/schema\/person\/67d852f0557c8509146a4b9ddebd543a"},"headline":"No se forzar\u00e1 a aerol\u00edneas para operar en Santa Luc\u00eda, asegura L\u00f3pez Obrador","datePublished":"2021-09-17T15:04:23+00:00","dateModified":"2021-09-17T15:04:24+00:00","mainEntityOfPage":{"@id":"https:\/\/fuentesfidedignas.com.mx\/index.php\/2021\/09\/17\/no-se-forzara-a-aerolineas-para-operar-en-santa-lucia-asegura-lopez-obrador\/"},"wordCount":501,"commentCount":0,"publisher":{"@id":"https:\/\/fuentesfidedignas.com.mx\/#organization"},"image":{"@id":"https:\/\/fuentesfidedignas.com.mx\/index.php\/2021\/09\/17\/no-se-forzara-a-aerolineas-para-operar-en-santa-lucia-asegura-lopez-obrador\/#primaryimage"},"thumbnailUrl":"https:\/\/fuentesfidedignas.com.mx\/wp-content\/uploads\/2021\/09\/aeropuerto-santa-lucia-felipe-angeles.jpg","articleSection":["NOTICIAS NACIONALES"],"inLanguage":"es","potentialAction":[{"@type":"CommentAction","name":"Comment","target":["https:\/\/fuentesfidedignas.com.mx\/index.php\/2021\/09\/17\/no-se-forzara-a-aerolineas-para-operar-en-santa-lucia-asegura-lopez-obrador\/#respond"]}]},{"@type":"WebPage","@id":"https:\/\/fuentesfidedignas.com.mx\/index.php\/2021\/09\/17\/no-se-forzara-a-aerolineas-para-operar-en-santa-lucia-asegura-lopez-obrador\/","url":"https:\/\/fuentesfidedignas.com.mx\/index.php\/2021\/09\/17\/no-se-forzara-a-aerolineas-para-operar-en-santa-lucia-asegura-lopez-obrador\/","name":"No se forzar\u00e1 a aerol\u00edneas para operar en Santa Luc\u00eda, asegura L\u00f3pez Obrador - Fuentes Fidedignas","isPartOf":{"@id":"https:\/\/fuentesfidedignas.com.mx\/#website"},"primaryImageOfPage":{"@id":"https:\/\/fuentesfidedignas.com.mx\/index.php\/2021\/09\/17\/no-se-forzara-a-aerolineas-para-operar-en-santa-lucia-asegura-lopez-obrador\/#primaryimage"},"image":{"@id":"https:\/\/fuentesfidedignas.com.mx\/index.php\/2021\/09\/17\/no-se-forzara-a-aerolineas-para-operar-en-santa-lucia-asegura-lopez-obrador\/#primaryimage"},"thumbnailUrl":"https:\/\/fuentesfidedignas.com.mx\/wp-content\/uploads\/2021\/09\/aeropuerto-santa-lucia-felipe-angeles.jpg","datePublished":"2021-09-17T15:04:23+00:00","dateModified":"2021-09-17T15:04:24+00:00","breadcrumb":{"@id":"https:\/\/fuentesfidedignas.com.mx\/index.php\/2021\/09\/17\/no-se-forzara-a-aerolineas-para-operar-en-santa-lucia-asegura-lopez-obrador\/#breadcrumb"},"inLanguage":"es","potentialAction":[{"@type":"ReadAction","target":["https:\/\/fuentesfidedignas.com.mx\/index.php\/2021\/09\/17\/no-se-forzara-a-aerolineas-para-operar-en-santa-lucia-asegura-lopez-obrador\/"]}]},{"@type":"ImageObject","inLanguage":"es","@id":"https:\/\/fuentesfidedignas.com.mx\/index.php\/2021\/09\/17\/no-se-forzara-a-aerolineas-para-operar-en-santa-lucia-asegura-lopez-obrador\/#primaryimage","url":"https:\/\/fuentesfidedignas.com.mx\/wp-content\/uploads\/2021\/09\/aeropuerto-santa-lucia-felipe-angeles.jpg","contentUrl":"https:\/\/fuentesfidedignas.com.mx\/wp-content\/uploads\/2021\/09\/aeropuerto-santa-lucia-felipe-angeles.jpg","width":980,"height":550},{"@type":"BreadcrumbList","@id":"https:\/\/fuentesfidedignas.com.mx\/index.php\/2021\/09\/17\/no-se-forzara-a-aerolineas-para-operar-en-santa-lucia-asegura-lopez-obrador\/#breadcrumb","itemListElement":[{"@type":"ListItem","position":1,"name":"Inicio","item":"https:\/\/fuentesfidedignas.com.mx\/"},{"@type":"ListItem","position":2,"name":"No se forzar\u00e1 a aerol\u00edneas para operar en Santa Luc\u00eda, asegura L\u00f3pez Obrador"}]},{"@type":"WebSite","@id":"https:\/\/fuentesfidedignas.com.mx\/#website","url":"https:\/\/fuentesfidedignas.com.mx\/","name":"Fuentes Fidedignas","description":"Otro sitio realizado con WordPress","publisher":{"@id":"https:\/\/fuentesfidedignas.com.mx\/#organization"},"potentialAction":[{"@type":"SearchAction","target":{"@type":"EntryPoint","urlTemplate":"https:\/\/fuentesfidedignas.com.mx\/?s={search_term_string}"},"query-input":{"@type":"PropertyValueSpecification","valueRequired":true,"valueName":"search_term_string"}}],"inLanguage":"es"},{"@type":"Organization","@id":"https:\/\/fuentesfidedignas.com.mx\/#organization","name":"Fuentes Fidedignas","url":"https:\/\/fuentesfidedignas.com.mx\/","logo":{"@type":"ImageObject","inLanguage":"es","@id":"https:\/\/fuentesfidedignas.com.mx\/#\/schema\/logo\/image\/","url":"https:\/\/fuentesfidedignas.com.mx\/wp-content\/uploads\/2021\/04\/logo-retina.png","contentUrl":"https:\/\/fuentesfidedignas.com.mx\/wp-content\/uploads\/2021\/04\/logo-retina.png","width":280,"height":51,"caption":"Fuentes Fidedignas"},"image":{"@id":"https:\/\/fuentesfidedignas.com.mx\/#\/schema\/logo\/image\/"},"sameAs":["https:\/\/www.facebook.com\/Fuentes-Fidedignas-368234489921644","https:\/\/x.com\/fidedignas"]},{"@type":"Person","@id":"https:\/\/fuentesfidedignas.com.mx\/#\/schema\/person\/67d852f0557c8509146a4b9ddebd543a","name":"L\u00f3pez D\u00f3riga","image":{"@type":"ImageObject","inLanguage":"es","@id":"https:\/\/secure.gravatar.com\/avatar\/e525b06574ca18b33cded59dfe5778d6c823b9513154eff47da551b0551bdd1e?s=96&d=mm&r=g","url":"https:\/\/secure.gravatar.com\/avatar\/e525b06574ca18b33cded59dfe5778d6c823b9513154eff47da551b0551bdd1e?s=96&d=mm&r=g","contentUrl":"https:\/\/secure.gravatar.com\/avatar\/e525b06574ca18b33cded59dfe5778d6c823b9513154eff47da551b0551bdd1e?s=96&d=mm&r=g","caption":"L\u00f3pez D\u00f3riga"},"url":"https:\/\/fuentesfidedignas.com.mx\/index.php\/author\/doriga\/"}]}},"_links":{"self":[{"href":"https:\/\/fuentesfidedignas.com.mx\/index.php\/wp-json\/wp\/v2\/posts\/12798","targetHints":{"allow":["GET"]}}],"collection":[{"href":"https:\/\/fuentesfidedignas.com.mx\/index.php\/wp-json\/wp\/v2\/posts"}],"about":[{"href":"https:\/\/fuentesfidedignas.com.mx\/index.php\/wp-json\/wp\/v2\/types\/post"}],"author":[{"embeddable":true,"href":"https:\/\/fuentesfidedignas.com.mx\/index.php\/wp-json\/wp\/v2\/users\/47"}],"replies":[{"embeddable":true,"href":"https:\/\/fuentesfidedignas.com.mx\/index.php\/wp-json\/wp\/v2\/comments?post=12798"}],"version-history":[{"count":1,"href":"https:\/\/fuentesfidedignas.com.mx\/index.php\/wp-json\/wp\/v2\/posts\/12798\/revisions"}],"predecessor-version":[{"id":12800,"href":"https:\/\/fuentesfidedignas.com.mx\/index.php\/wp-json\/wp\/v2\/posts\/12798\/revisions\/12800"}],"wp:featuredmedia":[{"embeddable":true,"href":"https:\/\/fuentesfidedignas.com.mx\/index.php\/wp-json\/wp\/v2\/media\/12799"}],"wp:attachment":[{"href":"https:\/\/fuentesfidedignas.com.mx\/index.php\/wp-json\/wp\/v2\/media?parent=12798"}],"wp:term":[{"taxonomy":"category","embeddable":true,"href":"https:\/\/fuentesfidedignas.com.mx\/index.php\/wp-json\/wp\/v2\/categories?post=12798"},{"taxonomy":"post_tag","embeddable":true,"href":"https:\/\/fuentesfidedignas.com.mx\/index.php\/wp-json\/wp\/v2\/tags?post=12798"}],"curies":[{"name":"wp","href":"https:\/\/api.w.org\/{rel}","templated":true}]}}